{"id":80184,"date":"2023-11-06T11:09:29","date_gmt":"2023-11-06T14:09:29","guid":{"rendered":"http:\/\/www.celttv.com.ar\/?p=80184"},"modified":"2023-11-06T11:09:29","modified_gmt":"2023-11-06T14:09:29","slug":"se-habilito-en-tornquist-el-punto-de-recarga-de-la-tarjeta-sube-con-efectivo","status":"publish","type":"post","link":"https:\/\/www.celttv.com.ar\/index.php\/2023\/11\/06\/se-habilito-en-tornquist-el-punto-de-recarga-de-la-tarjeta-sube-con-efectivo\/","title":{"rendered":"Se habilit\u00f3 en Tornquist el punto de recarga de la tarjeta SUBE con efectivo"},"content":{"rendered":"<p align=\"JUSTIFY\"><span style=\"font-family: Arial, serif;\">Los usuarios del servicio del transporte interurbano de pasajeros Tornquist \u2013 Saldungaray, ya pueden recargar la tarjeta del Sistema \u00danico de Boleto Electr\u00f3nico (SUBE) con dinero efectivo en la Unidad de Gesti\u00f3n (UGS) del Natatorio Climatizado Municipal, ubicado en Av. Moreno 99 de la localidad cabecera.<\/span><\/p>\n<p align=\"JUSTIFY\"><span style=\"font-family: Arial, serif;\">El sistema de la SUBE fue puesto en funcionamiento la semana pasada en el distrito y el pago en efectivo se incorporar\u00e1 en los pr\u00f3ximos d\u00edas en las otras dos UGS con las que cuenta el distrito, una en la Oficina de Turismo de Sierra de la Ventana (Av. Del Golf 1), y otra en la Delegaci\u00f3n Municipal de Saldungaray (La Plata y Pav\u00f3n), donde la tarjeta se puede cargar mediante billeteras virtuales.<\/span><\/p>\n<p align=\"JUSTIFY\"><span style=\"font-family: Arial, serif;\">\u00bfC\u00f3mo cargar la tarjeta SUBE?<\/span><\/p>\n<p align=\"JUSTIFY\"><span style=\"font-family: Arial, serif;\">Una vez obtenida la tarjeta SUBE puede cargarse de manera presencial o electr\u00f3nica a trav\u00e9s de la\u00a0<a href=\"https:\/\/play.google.com\/store\/apps\/details?id=com.sube.app\">app SUBE<\/a>, homebanking o billeteras virtuales. Si se realiza la carga de forma virtual, deber\u00e1 acreditarse el saldo en la app SUBE o una\u00a0<a href=\"https:\/\/tarjetasube.sube.gob.ar\/subeweb\/WebForms\/admin\/views\/mapa-sube.aspx?id=7\">Terminal Autom\u00e1tica<\/a>.<\/span><\/p>\n<p align=\"JUSTIFY\"><span style=\"font-family: Arial, serif;\">Para m\u00e1s informaci\u00f3n sobre SUBE se pueden contactar a trav\u00e9s de las redes sociales oficiales\u00a0<a href=\"https:\/\/www.facebook.com\/tarjetasube\/\">Facebook<\/a>\u00a0e\u00a0<a href=\"https:\/\/www.instagram.com\/tarjetasube\/\">Instagram<\/a>, el chatbot SUBi (+54 9 11 6677 7823) o la l\u00ednea gratuita 0800-777-SUBE (7823).<\/span><\/p>\n<p><img loading=\"lazy\" decoding=\"async\" class=\"alignnone wp-image-80185 size-large\" src=\"http:\/\/www.celttv.com.ar\/wp-content\/uploads\/2023\/11\/Sube-768x1024.jpeg\" alt=\"\" width=\"768\" height=\"1024\" srcset=\"https:\/\/www.celttv.com.ar\/wp-content\/uploads\/2023\/11\/Sube-768x1024.jpeg 768w, https:\/\/www.celttv.com.ar\/wp-content\/uploads\/2023\/11\/Sube-225x300.jpeg 225w, https:\/\/www.celttv.com.ar\/wp-content\/uploads\/2023\/11\/Sube-1152x1536.jpeg 1152w, https:\/\/www.celttv.com.ar\/wp-content\/uploads\/2023\/11\/Sube-750x1000.jpeg 750w, https:\/\/www.celttv.com.ar\/wp-content\/uploads\/2023\/11\/Sube-1140x1520.jpeg 1140w, https:\/\/www.celttv.com.ar\/wp-content\/uploads\/2023\/11\/Sube.jpeg 1200w\" sizes=\"auto, (max-width: 768px) 100vw, 768px\" \/><\/p>\n","protected":false},"excerpt":{"rendered":"<p>Los usuarios del servicio del transporte interurbano de pasajeros Tornquist \u2013 Saldungaray, ya pueden recargar la tarjeta del Sistema \u00danico de Boleto Electr\u00f3nico (SUBE) con dinero efectivo en la Unidad de Gesti\u00f3n (UGS) del Natatorio Climatizado Municipal, ubicado en Av. Moreno 99 de la localidad cabecera. El sistema de la SUBE fue puesto en funcionamiento [&hellip;]<\/p>\n","protected":false},"author":3,"featured_media":80185,"comment_status":"closed","ping_status":"closed","sticky":false,"template":"","format":"standard","meta":{"footnotes":""},"categories":[55],"tags":[],"class_list":["post-80184","post","type-post","status-publish","format-standard","has-post-thumbnail","hentry","category-celt-tv-noticias"],"yoast_head":"<!-- This site is optimized with the Yoast SEO plugin v19.7.1 - https:\/\/yoast.com\/wordpress\/plugins\/seo\/ -->\n<title>Se habilit\u00f3 en Tornquist el punto de recarga de la tarjeta SUBE con efectivo - CELTTV<\/title>\n<meta name=\"description\" content=\"Sitio web de noticias de la localidad de Tornquist, provincia de Buenos Aires, Rep\u00fablica Argentina. Contenido propio originado por periodistas de CELTTV, el canal de TV local de la Cooperativa El\u00e9ctrica de Tornquist. Turismo, Pol\u00edtica, Sociedad, Deporte, Cultura y todo el contenido de inter\u00e9s general que la gente del pueblo y la regi\u00f3n debe conocer.\" \/>\n<meta name=\"robots\" content=\"index, follow, max-snippet:-1, max-image-preview:large, max-video-preview:-1\" \/>\n<link rel=\"canonical\" href=\"https:\/\/www.celttv.com.ar\/index.php\/2023\/11\/06\/se-habilito-en-tornquist-el-punto-de-recarga-de-la-tarjeta-sube-con-efectivo\/\" \/>\n<meta property=\"og:locale\" content=\"es_ES\" \/>\n<meta property=\"og:type\" content=\"article\" \/>\n<meta property=\"og:title\" content=\"Se habilit\u00f3 en Tornquist el punto de recarga de la tarjeta SUBE con efectivo - CELTTV\" \/>\n<meta property=\"og:description\" content=\"Sitio web de noticias de la localidad de Tornquist, provincia de Buenos Aires, Rep\u00fablica Argentina. Contenido propio originado por periodistas de CELTTV, el canal de TV local de la Cooperativa El\u00e9ctrica de Tornquist. Turismo, Pol\u00edtica, Sociedad, Deporte, Cultura y todo el contenido de inter\u00e9s general que la gente del pueblo y la regi\u00f3n debe conocer.\" \/>\n<meta property=\"og:url\" content=\"https:\/\/www.celttv.com.ar\/index.php\/2023\/11\/06\/se-habilito-en-tornquist-el-punto-de-recarga-de-la-tarjeta-sube-con-efectivo\/\" \/>\n<meta property=\"og:site_name\" content=\"CELTTV\" \/>\n<meta property=\"article:publisher\" content=\"https:\/\/www.facebook.com\/celtTV\/\" \/>\n<meta property=\"article:published_time\" content=\"2023-11-06T14:09:29+00:00\" \/>\n<meta property=\"og:image\" content=\"https:\/\/www.celttv.com.ar\/wp-content\/uploads\/2023\/11\/Sube.jpeg\" \/>\n\t<meta property=\"og:image:width\" content=\"1200\" \/>\n\t<meta property=\"og:image:height\" content=\"1600\" \/>\n\t<meta property=\"og:image:type\" content=\"image\/jpeg\" \/>\n<meta name=\"author\" content=\"Rodrigo Sgammini\" \/>\n<meta name=\"twitter:card\" content=\"summary_large_image\" \/>\n<meta name=\"twitter:label1\" content=\"Escrito por\" \/>\n\t<meta name=\"twitter:data1\" content=\"Rodrigo Sgammini\" \/>\n\t<meta name=\"twitter:label2\" content=\"Tiempo de lectura\" \/>\n\t<meta name=\"twitter:data2\" content=\"1 minuto\" \/>\n<script type=\"application\/ld+json\" class=\"yoast-schema-graph\">{\"@context\":\"https:\/\/schema.org\",\"@graph\":[{\"@type\":\"NewsArticle\",\"@id\":\"https:\/\/www.celttv.com.ar\/index.php\/2023\/11\/06\/se-habilito-en-tornquist-el-punto-de-recarga-de-la-tarjeta-sube-con-efectivo\/#article\",\"isPartOf\":{\"@id\":\"https:\/\/www.celttv.com.ar\/index.php\/2023\/11\/06\/se-habilito-en-tornquist-el-punto-de-recarga-de-la-tarjeta-sube-con-efectivo\/\"},\"author\":{\"name\":\"Rodrigo Sgammini\",\"@id\":\"https:\/\/www.celttv.com.ar\/#\/schema\/person\/495be51d064edd971d8457f8f64eb172\"},\"headline\":\"Se habilit\u00f3 en Tornquist el punto de recarga de la tarjeta SUBE con efectivo\",\"datePublished\":\"2023-11-06T14:09:29+00:00\",\"dateModified\":\"2023-11-06T14:09:29+00:00\",\"mainEntityOfPage\":{\"@id\":\"https:\/\/www.celttv.com.ar\/index.php\/2023\/11\/06\/se-habilito-en-tornquist-el-punto-de-recarga-de-la-tarjeta-sube-con-efectivo\/\"},\"wordCount\":219,\"publisher\":{\"@id\":\"https:\/\/www.celttv.com.ar\/#organization\"},\"articleSection\":[\"Celt TV Noticias\"],\"inLanguage\":\"es\"},{\"@type\":\"WebPage\",\"@id\":\"https:\/\/www.celttv.com.ar\/index.php\/2023\/11\/06\/se-habilito-en-tornquist-el-punto-de-recarga-de-la-tarjeta-sube-con-efectivo\/\",\"url\":\"https:\/\/www.celttv.com.ar\/index.php\/2023\/11\/06\/se-habilito-en-tornquist-el-punto-de-recarga-de-la-tarjeta-sube-con-efectivo\/\",\"name\":\"Se habilit\u00f3 en Tornquist el punto de recarga de la tarjeta SUBE con efectivo - CELTTV\",\"isPartOf\":{\"@id\":\"https:\/\/www.celttv.com.ar\/#website\"},\"datePublished\":\"2023-11-06T14:09:29+00:00\",\"dateModified\":\"2023-11-06T14:09:29+00:00\",\"description\":\"Sitio web de noticias de la localidad de Tornquist, provincia de Buenos Aires, Rep\u00fablica Argentina. Contenido propio originado por periodistas de CELTTV, el canal de TV local de la Cooperativa El\u00e9ctrica de Tornquist. Turismo, Pol\u00edtica, Sociedad, Deporte, Cultura y todo el contenido de inter\u00e9s general que la gente del pueblo y la regi\u00f3n debe conocer.\",\"breadcrumb\":{\"@id\":\"https:\/\/www.celttv.com.ar\/index.php\/2023\/11\/06\/se-habilito-en-tornquist-el-punto-de-recarga-de-la-tarjeta-sube-con-efectivo\/#breadcrumb\"},\"inLanguage\":\"es\",\"potentialAction\":[{\"@type\":\"ReadAction\",\"target\":[\"https:\/\/www.celttv.com.ar\/index.php\/2023\/11\/06\/se-habilito-en-tornquist-el-punto-de-recarga-de-la-tarjeta-sube-con-efectivo\/\"]}]},{\"@type\":\"BreadcrumbList\",\"@id\":\"https:\/\/www.celttv.com.ar\/index.php\/2023\/11\/06\/se-habilito-en-tornquist-el-punto-de-recarga-de-la-tarjeta-sube-con-efectivo\/#breadcrumb\",\"itemListElement\":[{\"@type\":\"ListItem\",\"position\":1,\"name\":\"Inicio\",\"item\":\"https:\/\/www.celttv.com.ar\/\"},{\"@type\":\"ListItem\",\"position\":2,\"name\":\"Se habilit\u00f3 en Tornquist el punto de recarga de la tarjeta SUBE con efectivo\"}]},{\"@type\":\"WebSite\",\"@id\":\"https:\/\/www.celttv.com.ar\/#website\",\"url\":\"https:\/\/www.celttv.com.ar\/\",\"name\":\"CELTTV\",\"description\":\"Cooperativa El\u00e9ctrica de Tornquist\",\"publisher\":{\"@id\":\"https:\/\/www.celttv.com.ar\/#organization\"},\"potentialAction\":[{\"@type\":\"SearchAction\",\"target\":{\"@type\":\"EntryPoint\",\"urlTemplate\":\"https:\/\/www.celttv.com.ar\/?s={search_term_string}\"},\"query-input\":\"required name=search_term_string\"}],\"inLanguage\":\"es\"},{\"@type\":\"Organization\",\"@id\":\"https:\/\/www.celttv.com.ar\/#organization\",\"name\":\"CELTTV\",\"url\":\"https:\/\/www.celttv.com.ar\/\",\"sameAs\":[\"https:\/\/www.youtube.com\/channel\/UCz_oIt8Hig64Ub-EmcNPIhg\",\"https:\/\/www.facebook.com\/celtTV\/\"],\"logo\":{\"@type\":\"ImageObject\",\"inLanguage\":\"es\",\"@id\":\"https:\/\/www.celttv.com.ar\/#\/schema\/logo\/image\/\",\"url\":\"http:\/\/www.celttv.com.ar\/wp-content\/uploads\/2022\/08\/logo-1.png\",\"contentUrl\":\"http:\/\/www.celttv.com.ar\/wp-content\/uploads\/2022\/08\/logo-1.png\",\"width\":461,\"height\":159,\"caption\":\"CELTTV\"},\"image\":{\"@id\":\"https:\/\/www.celttv.com.ar\/#\/schema\/logo\/image\/\"}},{\"@type\":\"Person\",\"@id\":\"https:\/\/www.celttv.com.ar\/#\/schema\/person\/495be51d064edd971d8457f8f64eb172\",\"name\":\"Rodrigo Sgammini\",\"image\":{\"@type\":\"ImageObject\",\"inLanguage\":\"es\",\"@id\":\"https:\/\/www.celttv.com.ar\/#\/schema\/person\/image\/\",\"url\":\"https:\/\/secure.gravatar.com\/avatar\/68f7848d42735e7a9276b47cd6e606327d88f521c51ae39d88888b76902e2987?s=96&d=mm&r=g\",\"contentUrl\":\"https:\/\/secure.gravatar.com\/avatar\/68f7848d42735e7a9276b47cd6e606327d88f521c51ae39d88888b76902e2987?s=96&d=mm&r=g\",\"caption\":\"Rodrigo Sgammini\"}}]}<\/script>\n<!-- \/ Yoast SEO plugin. -->","yoast_head_json":{"title":"Se habilit\u00f3 en Tornquist el punto de recarga de la tarjeta SUBE con efectivo - CELTTV","description":"Sitio web de noticias de la localidad de Tornquist, provincia de Buenos Aires, Rep\u00fablica Argentina. Contenido propio originado por periodistas de CELTTV, el canal de TV local de la Cooperativa El\u00e9ctrica de Tornquist. Turismo, Pol\u00edtica, Sociedad, Deporte, Cultura y todo el contenido de inter\u00e9s general que la gente del pueblo y la regi\u00f3n debe conocer.","robots":{"index":"index","follow":"follow","max-snippet":"max-snippet:-1","max-image-preview":"max-image-preview:large","max-video-preview":"max-video-preview:-1"},"canonical":"https:\/\/www.celttv.com.ar\/index.php\/2023\/11\/06\/se-habilito-en-tornquist-el-punto-de-recarga-de-la-tarjeta-sube-con-efectivo\/","og_locale":"es_ES","og_type":"article","og_title":"Se habilit\u00f3 en Tornquist el punto de recarga de la tarjeta SUBE con efectivo - CELTTV","og_description":"Sitio web de noticias de la localidad de Tornquist, provincia de Buenos Aires, Rep\u00fablica Argentina. Contenido propio originado por periodistas de CELTTV, el canal de TV local de la Cooperativa El\u00e9ctrica de Tornquist. Turismo, Pol\u00edtica, Sociedad, Deporte, Cultura y todo el contenido de inter\u00e9s general que la gente del pueblo y la regi\u00f3n debe conocer.","og_url":"https:\/\/www.celttv.com.ar\/index.php\/2023\/11\/06\/se-habilito-en-tornquist-el-punto-de-recarga-de-la-tarjeta-sube-con-efectivo\/","og_site_name":"CELTTV","article_publisher":"https:\/\/www.facebook.com\/celtTV\/","article_published_time":"2023-11-06T14:09:29+00:00","og_image":[{"width":1200,"height":1600,"url":"https:\/\/www.celttv.com.ar\/wp-content\/uploads\/2023\/11\/Sube.jpeg","type":"image\/jpeg"}],"author":"Rodrigo Sgammini","twitter_card":"summary_large_image","twitter_misc":{"Escrito por":"Rodrigo Sgammini","Tiempo de lectura":"1 minuto"},"schema":{"@context":"https:\/\/schema.org","@graph":[{"@type":"NewsArticle","@id":"https:\/\/www.celttv.com.ar\/index.php\/2023\/11\/06\/se-habilito-en-tornquist-el-punto-de-recarga-de-la-tarjeta-sube-con-efectivo\/#article","isPartOf":{"@id":"https:\/\/www.celttv.com.ar\/index.php\/2023\/11\/06\/se-habilito-en-tornquist-el-punto-de-recarga-de-la-tarjeta-sube-con-efectivo\/"},"author":{"name":"Rodrigo Sgammini","@id":"https:\/\/www.celttv.com.ar\/#\/schema\/person\/495be51d064edd971d8457f8f64eb172"},"headline":"Se habilit\u00f3 en Tornquist el punto de recarga de la tarjeta SUBE con efectivo","datePublished":"2023-11-06T14:09:29+00:00","dateModified":"2023-11-06T14:09:29+00:00","mainEntityOfPage":{"@id":"https:\/\/www.celttv.com.ar\/index.php\/2023\/11\/06\/se-habilito-en-tornquist-el-punto-de-recarga-de-la-tarjeta-sube-con-efectivo\/"},"wordCount":219,"publisher":{"@id":"https:\/\/www.celttv.com.ar\/#organization"},"articleSection":["Celt TV Noticias"],"inLanguage":"es"},{"@type":"WebPage","@id":"https:\/\/www.celttv.com.ar\/index.php\/2023\/11\/06\/se-habilito-en-tornquist-el-punto-de-recarga-de-la-tarjeta-sube-con-efectivo\/","url":"https:\/\/www.celttv.com.ar\/index.php\/2023\/11\/06\/se-habilito-en-tornquist-el-punto-de-recarga-de-la-tarjeta-sube-con-efectivo\/","name":"Se habilit\u00f3 en Tornquist el punto de recarga de la tarjeta SUBE con efectivo - CELTTV","isPartOf":{"@id":"https:\/\/www.celttv.com.ar\/#website"},"datePublished":"2023-11-06T14:09:29+00:00","dateModified":"2023-11-06T14:09:29+00:00","description":"Sitio web de noticias de la localidad de Tornquist, provincia de Buenos Aires, Rep\u00fablica Argentina. Contenido propio originado por periodistas de CELTTV, el canal de TV local de la Cooperativa El\u00e9ctrica de Tornquist. Turismo, Pol\u00edtica, Sociedad, Deporte, Cultura y todo el contenido de inter\u00e9s general que la gente del pueblo y la regi\u00f3n debe conocer.","breadcrumb":{"@id":"https:\/\/www.celttv.com.ar\/index.php\/2023\/11\/06\/se-habilito-en-tornquist-el-punto-de-recarga-de-la-tarjeta-sube-con-efectivo\/#breadcrumb"},"inLanguage":"es","potentialAction":[{"@type":"ReadAction","target":["https:\/\/www.celttv.com.ar\/index.php\/2023\/11\/06\/se-habilito-en-tornquist-el-punto-de-recarga-de-la-tarjeta-sube-con-efectivo\/"]}]},{"@type":"BreadcrumbList","@id":"https:\/\/www.celttv.com.ar\/index.php\/2023\/11\/06\/se-habilito-en-tornquist-el-punto-de-recarga-de-la-tarjeta-sube-con-efectivo\/#breadcrumb","itemListElement":[{"@type":"ListItem","position":1,"name":"Inicio","item":"https:\/\/www.celttv.com.ar\/"},{"@type":"ListItem","position":2,"name":"Se habilit\u00f3 en Tornquist el punto de recarga de la tarjeta SUBE con efectivo"}]},{"@type":"WebSite","@id":"https:\/\/www.celttv.com.ar\/#website","url":"https:\/\/www.celttv.com.ar\/","name":"CELTTV","description":"Cooperativa El\u00e9ctrica de Tornquist","publisher":{"@id":"https:\/\/www.celttv.com.ar\/#organization"},"potentialAction":[{"@type":"SearchAction","target":{"@type":"EntryPoint","urlTemplate":"https:\/\/www.celttv.com.ar\/?s={search_term_string}"},"query-input":"required name=search_term_string"}],"inLanguage":"es"},{"@type":"Organization","@id":"https:\/\/www.celttv.com.ar\/#organization","name":"CELTTV","url":"https:\/\/www.celttv.com.ar\/","sameAs":["https:\/\/www.youtube.com\/channel\/UCz_oIt8Hig64Ub-EmcNPIhg","https:\/\/www.facebook.com\/celtTV\/"],"logo":{"@type":"ImageObject","inLanguage":"es","@id":"https:\/\/www.celttv.com.ar\/#\/schema\/logo\/image\/","url":"http:\/\/www.celttv.com.ar\/wp-content\/uploads\/2022\/08\/logo-1.png","contentUrl":"http:\/\/www.celttv.com.ar\/wp-content\/uploads\/2022\/08\/logo-1.png","width":461,"height":159,"caption":"CELTTV"},"image":{"@id":"https:\/\/www.celttv.com.ar\/#\/schema\/logo\/image\/"}},{"@type":"Person","@id":"https:\/\/www.celttv.com.ar\/#\/schema\/person\/495be51d064edd971d8457f8f64eb172","name":"Rodrigo Sgammini","image":{"@type":"ImageObject","inLanguage":"es","@id":"https:\/\/www.celttv.com.ar\/#\/schema\/person\/image\/","url":"https:\/\/secure.gravatar.com\/avatar\/68f7848d42735e7a9276b47cd6e606327d88f521c51ae39d88888b76902e2987?s=96&d=mm&r=g","contentUrl":"https:\/\/secure.gravatar.com\/avatar\/68f7848d42735e7a9276b47cd6e606327d88f521c51ae39d88888b76902e2987?s=96&d=mm&r=g","caption":"Rodrigo Sgammini"}}]}},"_links":{"self":[{"href":"https:\/\/www.celttv.com.ar\/index.php\/wp-json\/wp\/v2\/posts\/80184","targetHints":{"allow":["GET"]}}],"collection":[{"href":"https:\/\/www.celttv.com.ar\/index.php\/wp-json\/wp\/v2\/posts"}],"about":[{"href":"https:\/\/www.celttv.com.ar\/index.php\/wp-json\/wp\/v2\/types\/post"}],"author":[{"embeddable":true,"href":"https:\/\/www.celttv.com.ar\/index.php\/wp-json\/wp\/v2\/users\/3"}],"replies":[{"embeddable":true,"href":"https:\/\/www.celttv.com.ar\/index.php\/wp-json\/wp\/v2\/comments?post=80184"}],"version-history":[{"count":1,"href":"https:\/\/www.celttv.com.ar\/index.php\/wp-json\/wp\/v2\/posts\/80184\/revisions"}],"predecessor-version":[{"id":80186,"href":"https:\/\/www.celttv.com.ar\/index.php\/wp-json\/wp\/v2\/posts\/80184\/revisions\/80186"}],"wp:featuredmedia":[{"embeddable":true,"href":"https:\/\/www.celttv.com.ar\/index.php\/wp-json\/wp\/v2\/media\/80185"}],"wp:attachment":[{"href":"https:\/\/www.celttv.com.ar\/index.php\/wp-json\/wp\/v2\/media?parent=80184"}],"wp:term":[{"taxonomy":"category","embeddable":true,"href":"https:\/\/www.celttv.com.ar\/index.php\/wp-json\/wp\/v2\/categories?post=80184"},{"taxonomy":"post_tag","embeddable":true,"href":"https:\/\/www.celttv.com.ar\/index.php\/wp-json\/wp\/v2\/tags?post=80184"}],"curies":[{"name":"wp","href":"https:\/\/api.w.org\/{rel}","templated":true}]}}