{"id":80190,"date":"2023-11-06T17:18:04","date_gmt":"2023-11-06T20:18:04","guid":{"rendered":"http:\/\/www.celttv.com.ar\/?p=80190"},"modified":"2023-11-06T17:18:27","modified_gmt":"2023-11-06T20:18:27","slug":"informe-colsecor-migrantes-en-suelo-argentino","status":"publish","type":"post","link":"https:\/\/www.celttv.com.ar\/index.php\/2023\/11\/06\/informe-colsecor-migrantes-en-suelo-argentino\/","title":{"rendered":"Informe Colsecor: &#8220;Migrantes en suelo argentino&#8221;"},"content":{"rendered":"<h4 class=\"sufix-ficha\">Los extranjeros contribuyen al desarrollo productivo y laboral, a pesar de los prejuicios sociales y narrativas p\u00fablicas que los se\u00f1alan como &#8220;un gasto para el Estado&#8221;, sobre todo cuando llegan de pa\u00edses lim\u00edtrofes. El aporte va desde la producci\u00f3n hortifrut\u00edcola a la medicina y la ingenier\u00eda; de las grandes urbes a las zonas rurales<\/h4>\n<p>&nbsp;<\/p>\n<p>Las olas migratorias provenientes de cualquier pa\u00eds generan efectos positivos en las naciones receptoras ya que impulsan un aumento en el consumo, un aporte monetario en concepto de pago de impuestos y la diversificaci\u00f3n de mano de obra. \u00a0Es decir, un impacto en el desarrollo productivo y laboral, que se suma al<a href=\"https:\/\/www.fundacioncolsecor.org.ar\/\">\u00a0aporte cultural y social de las colectividades.\u00a0<\/a><\/p>\n<p>Las migraciones internacionales hacia la Argentina han sido numerosas desde anta\u00f1o y han generado que el vivir en Argentina implique vincularse con una variedad de identidades (multiculturalismo). Las redes migratorias, como las colectividades, los sindicatos, las redes de producci\u00f3n, entre otras, se constituyen en enclaves solidarios que nutren a la convivencia democr\u00e1tica, al mismo tiempo que al desarrollo demogr\u00e1fico y econ\u00f3mico. Sin embargo, esto \u00faltimo suele ponerse en duda, con discursos estigmatizantes y xen\u00f3fobos que ubican al migrante -sobre todo de pa\u00edses lim\u00edtrofes- como un subsidiario de servicios p\u00fablicos y de los puestos de trabajo.<\/p>\n<p>Prima la idea de que los migrantes son &#8220;un gasto para el pa\u00eds&#8221; y que llegan a la Argentina para hacer uso y abuso de los hospitales y escuelas p\u00fablicas, como de programas sociales que brinda el Estado. Las estad\u00edsticas y los estudios de campo muestran, justamente, lo contrario. Sobre ese escenario y sobre los efectos positivos de las migraciones en el desarrollo productivo y en sectores diversos de la econom\u00eda se asienta la agenda p\u00fablica de la Fundaci\u00f3n COLSECOR del mes de noviembre, con el objetivo de derribar prejuicios, fortalecer la solidaridad como factor esencial en las democracias y propiciar la equidad para las comunidades migratorias.<\/p>\n<h4>Es derecho, no exceso<\/h4>\n<p>En este 2023 se cumplen 20 a\u00f1os de la sanci\u00f3n de la Ley Nacional de Migraciones (25.871), que puso el foco en los compromisos internacionales en materia de derechos humanos de los migrantes, por ejemplo, la garant\u00eda expl\u00edcita del acceso a los servicios sociales de la salud, de la educaci\u00f3n y, en particular, el respeto de los derechos laborales, aun cuando los migrantes se encuentren en situaci\u00f3n irregular.<\/p>\n<p>Aunque la atenci\u00f3n en salud es un derecho contemplado en esta ley, la frase repetida es que los migrantes sobrecargan los hospitales p\u00fablicos, en detrimento de la calidad sanitaria para los argentinos. Pero las estad\u00edsticas muestran que los migrantes no constituyen un gasto significativo para el sistema de salud argentino, ni siquiera en las zonas de frontera,\u00a0<a href=\"https:\/\/www.eldiplo.org\/notas-web\/mito-2-los-migrantes-abusan-del-sistema-de-salud-argentino\/\">como revela un informe de la Organizaci\u00f3n Internacional de Migraciones (OIM)<\/a><a href=\"https:\/\/www.fundacioncolsecor.org.ar\/#_ftn1\">[1]<\/a>.<\/p>\n<p><a href=\"https:\/\/www.untref.edu.ar\/mundountref\/contribucion-personas-migrantes-economia-argentina\">Tampoco tienen prioridad en la recepci\u00f3n de subsidios o programas sociales<\/a>\u00a0<a href=\"https:\/\/www.fundacioncolsecor.org.ar\/#_ftn1\">[2]<\/a>. Solo el 1% del gasto social est\u00e1 destinado a migrantes, la proporci\u00f3n de pensiones no contributivas es de 8% para los argentinos contra un 4% de los migrantes, y las asignaciones familiares alcanzan a un 8% de nativos y a un 5% de migrantes<a href=\"https:\/\/www.fundacioncolsecor.org.ar\/#_ftn2\">[2]<\/a>. Otro mito es que los migrantes ocupan lugares en el sistema educativo que les corresponden a los argentinos. Es real que la universalidad, la gratuidad y la calidad de la educaci\u00f3n nacional, especialmente la universitaria, constituyen factores que atraen la migraci\u00f3n. De hecho, los n\u00fameros de la primera\u00a0<a href=\"https:\/\/redderechoshumanos.conicet.gov.ar\/encuesta-nacional-migrante-enma\/\">Encuesta Nacional de Migrantes de Argentina (ENMA)<\/a>\u00a0se\u00f1alan que el 59% de las personas consultadas declararon haber migrado por motivos de estudio, entre otros factores. Sin embargo, lejos est\u00e1n de sobrecargar el sistemas educativo, como se suele repetir: el \u00faltimo informe estad\u00edstico de la\u00a0<a href=\"https:\/\/www.argentina.gob.ar\/sites\/default\/files\/sintesis_2018-2019_sistema_universitario_argentino_-_ver_final_1_0.pdf\">Secretar\u00eda de Pol\u00edticas Universitarias<\/a><a href=\"https:\/\/www.fundacioncolsecor.org.ar\/#_ftn3\">[3]<\/a>\u00a0indica que\u00a0<strong>en el per\u00edodo 2018-2019 los estudiantes extranjeros representaban s\u00f3lo el 3,6% del total de los estudiantes<\/strong>. Vale destacar que en la educaci\u00f3n primaria y secundaria, aunque Argentina tiene una legislaci\u00f3n abierta e inclusiva, la desigualdad que atraviesa el universo educativo en nuestro pa\u00eds alcanza muy especialmente a las personas migrantes: as\u00ed, durante pandemia,\u00a0<a href=\"https:\/\/www.redaccionmayo.com.ar\/investigaciones\/en-busca-una-radiografia-mas-completa-sobre-migrantes-n876\">el 35% de los hogares de migrantes con ni\u00f1os en situaci\u00f3n escolar no cont\u00f3 con internet<\/a><a href=\"https:\/\/www.fundacioncolsecor.org.ar\/#_ftn4\">[4]<\/a>, acentuando las brechas educativas. Ahora bien, el aporte educativo tambi\u00e9n lo hacen las m\u00e1s de 5 mil instituciones pertenecientes a colectividades que\u00a0<a href=\"https:\/\/www.untref.edu.ar\/mundountref\/contribucion-personas-migrantes-economia-argentina\">cuentan con m\u00e1s de 400 escuelas, a las que asisten cerca de 200 mil chicos.<\/a><\/p>\n<p>&nbsp;<\/p>\n<h4>Migraci\u00f3n y trabajo<\/h4>\n<p>A nivel hist\u00f3rico, poco se visibiliz\u00f3 el aporte econ\u00f3mico que las personas migrantes generan en Argentina. En su mayor parte,\u00a0<strong>los textos de historia econ\u00f3mica y social cl\u00e1sicos no mencionan la participaci\u00f3n de los migrantes lim\u00edtrofes en los mercados de trabajo<\/strong>\u00a0en las oleada migratorias de la segunda mitad del siglo XIX y la d\u00e9cada de 1930, pero s\u00ed dan cuenta de la importancia de la corriente migratoria proveniente de Europa, como sostiene el investigador Roberto Benencia en un trabajo colectivo publicado por la\u00a0<a href=\"https:\/\/publications.iom.int\/es\/books\/los-inmigrantes-en-la-construccion-de-la-argentina\">OIM, en\u00a0el marco de la conmemoraci\u00f3n del Bicentenario de la Independencia Nacional<\/a><a href=\"https:\/\/www.fundacioncolsecor.org.ar\/#_ftn5\">[5]<\/a>.<\/p>\n<p>Si bien la migraci\u00f3n proveniente de pa\u00edses vecinos no presenta caracter\u00edsticas uniformes, los datos de la OIM-Argentina permiten trazar una radiograf\u00eda del binomio migrantes y trabajo. Como fuerza laboral, abarca el comercio, la construcci\u00f3n y el servicio dom\u00e9stico, sectores que representan el 53% de las ocupaciones, junto a la agricultura, la confecci\u00f3n textil y otros trabajos de cuidados. Se trata de lugares de vacancia en la poblaci\u00f3n nativa y ocupados por extranjeros, principalmente de Am\u00e9rica Latina. Es decir,\u00a0<strong>el trabajo migrante es complementario del nativo<\/strong>.<\/p>\n<p>En base a datos del libro &#8220;<a href=\"https:\/\/publications.iom.int\/es\/books\/los-inmigrantes-en-la-construccion-de-la-argentina\">Los inmigrantes en la construcci\u00f3n de la Argentina<\/a>&#8220;, se observa que en la actualidad los paraguayos se incorporan, b\u00e1sicamente, a dos tipos de actividades: la construcci\u00f3n, en el caso de los hombres, y el trabajo dom\u00e9stico, en el caso de las mujeres, b\u00e1sicamente en el AMBA y la provincia de Buenos Aires, y actividades agr\u00edcolas que se llevan a cabo, prioritariamente, en las \u00e1reas rurales de las provincias fronterizas a Paraguay.<\/p>\n<p>En el caso de los peruanos, la mayor parte de ellos realizan actividades relacionadas con el comercio, los hombres, y con el servicio dom\u00e9stico, las mujeres. Los uruguayos, por su parte, desarrollan en la Argentina actividades b\u00e1sicamente profesionales, docentes, comerciales, de ah\u00ed que su principal asiento son las \u00e1reas urbanas. Entre migrantes de Bolivia, su principal inserci\u00f3n es en el mercado frutihort\u00edcola, dispersos en varias regiones del pa\u00eds, pero con \u00e9nfasis en provincia de Buenos Aires donde generan el 80% de la producci\u00f3n.<\/p>\n<p>En el caso de los brasile\u00f1os, por ejemplo, los inmigrantes dedicados a la peque\u00f1a producci\u00f3n agr\u00edcola o a la producci\u00f3n arrocera muy tecnificada se ubican, preferentemente, en las provincias que lindan con su pa\u00eds (Misiones, Corrientes), en tanto que los que se dedican a aquellas actividades relacionadas con industrias especializadas o comercio, se insertan en ciudades capitales de provincias argentinas con mayor desarrollo econ\u00f3mico. Los chilenos desarrollan, por un lado, actividades agr\u00edcolas sobre todo relacionadas con la fruticultura (cosecha y empaque), de ah\u00ed su asentamiento en las provincias cercanas a su pa\u00eds, y por otro, actividades profesionales y comerciales.<\/p>\n<h4>Venezuela y el aporte al sector salud<\/h4>\n<p>Desde el Instituto de Pol\u00edticas de Migraciones y Asilo (UNTREF) se\u00f1alan que cerca del 50% de las personas venezolanas se mueven en servicios al cliente (entre los que se encuentran hoteles, restaurantes y comercios). Sin embargo, hay dos sectores econ\u00f3micos-profesionales que atraen a los migrantes de Venezuela: por un lado, la industria de la ingenier\u00eda, pues se estima que hay 14 mil ingenieros residentes que cubren una demanda insatisfecha en el mercado local<a href=\"https:\/\/www.fundacioncolsecor.org.ar\/#_ftn6\">[6]<\/a>\u00a0y, por otro lado, el sistema de salud, tanto p\u00fablico como privado.<\/p>\n<p>En Argentina hay m\u00e1s de 20 hospitales activos, fruto de instituciones de colectividades que marcan la fuerte impronta de los migrantes en el campo de la salud. &#8220;El 30% de las residencias que promociona el Estado argentino quedan vacantes, porque son lugares inh\u00f3spitos, pueblos rurales del Norte y el Sur de Argentina, y eso hoy se est\u00e1 cubriendo en gran parte por el aporte de los m\u00e9dicos venezolanos&#8221;,\u00a0<a href=\"https:\/\/www.untref.edu.ar\/mundountref\/contribucion-personas-migrantes-economia-argentina\">detall\u00f3 Julio Croci, director nacional de Pluralismo e Interculturalidad<\/a><a href=\"https:\/\/www.fundacioncolsecor.org.ar\/#_ftn7\">[7]<\/a>.<\/p>\n<p><strong>Fundaci\u00f3n COLSECOR dialog\u00f3 con Albert Contreras, presidente de\u00a0<\/strong><a href=\"https:\/\/asomevenar.org\/\"><strong>ASOMEVENAR<\/strong><\/a><a href=\"https:\/\/www.fundacioncolsecor.org.ar\/#_ftn8\">[8]<\/a>\u00a0, la asociaci\u00f3n que nuclea a m\u00e9dicos venezolanos en Argentina. Actualmente\u00a0<strong>hay cerca de 2.300 m\u00e9dicos venezolanos que participan del mercado laboral; la gran mayor\u00eda son mujeres<\/strong>, j\u00f3venes, pero con varios a\u00f1os de ejercicio en la medicina. &#8220;Un 20% de quienes migraron ya tienen hijos argentinos&#8221;, destaca Contreras, quien, junto a su mujer, tambi\u00e9n m\u00e9dica, lleg\u00f3 a La Plata desde Caracas, en el a\u00f1o 2017. Otro dato relevante: casi\u00a0<strong>el 60% son m\u00e9dicos especialistas<\/strong>, mayoritariamente pediatr\u00eda y medicina cl\u00ednica.<\/p>\n<p>\u00bfQu\u00e9 le ofrece Argentina? &#8220;Hay dos ventajas:\u00a0La primera, una posibilidad de regularizarse como migrante muy r\u00e1pido y sin tantos problemas como puede haber en otros pa\u00edses de Latinoam\u00e9rica. Y la segunda es un camino claro y r\u00e1pido de c\u00f3mo debes convalidar tu t\u00edtulo. En los \u00faltimos meses hubo demoras, pero en promedio entre que una persona llegaba al pa\u00eds y regularizaba su t\u00edtulo transcurr\u00edan s\u00f3lo ocho o nueve meses&#8221;, explica Contreras.<\/p>\n<p>\u00bfEn qu\u00e9 medida aportan los m\u00e9dicos migrantes? El presidente de ASOMEVENAR es contundente: &#8220;solemos ocupar tres o cuatro cargos en diferentes rubros, hospitales p\u00fablicos, privados, incluso el ejercicio particular. Entonces, creo que tenemos una influencia bastante grande en general en el mercado econ\u00f3mico del pa\u00eds y en ese mismo orden, al ser extranjeros, estamos m\u00e1s propensos a regularizar nuestra situaci\u00f3n laboral. Eso no me parece nada menor,\u00a0<strong>porque la mayor\u00eda de nosotros cuenta con monotributo y trabajo en blanco y aporta a los impuestos del pa\u00eds y con ello al desarrollo econ\u00f3mico<\/strong>&#8220;.<\/p>\n<p>Sin embargo, Contreras va m\u00e1s all\u00e1 y se anima a se\u00f1alar un plus, adem\u00e1s de la fuerza laboral. &#8220;Estamos aportando cada vez m\u00e1s como prestador de servicios directo. Creo que ah\u00ed es donde m\u00e1s vamos a tener val\u00eda,<i>\u00a0<\/i>porque nos gusta emprender, nos gusta atrevernos a invertir cuando vemos que el panorama comienza a estabilizarse.\u00a0<strong>Ya hay m\u00e9dicos venezolanos que pusieron su consultorio privado, por ejemplo<\/strong>&#8220;.<\/p>\n<p>Ante la pregunta de por qu\u00e9 emigra un profesional, el m\u00e9dico explica: &#8220;por varias razones. Lo que com\u00fanmente se piensa es que el m\u00e9dico est\u00e1 emigrando en busca de m\u00e1s dinero y la verdad es que lo que est\u00e1 buscando es sobrevivir. Otro factor es la violencia generalizada que hay en Venezuela&#8221;.<\/p>\n<p>Argentina es un pa\u00eds hist\u00f3ricamente receptivo. En palabras del m\u00e9dico venezolano, consultado por la Fundaci\u00f3n COLSECOR, &#8220;ha tenido un trato especial con los inmigrantes, no solo porque la Constituci\u00f3n y las leyes son protectoras, sino porque los argentinos en general son abiertos a los migrantes.\u00a0<strong>Quien logra integrarse socio-econ\u00f3micamente se queda<\/strong><i><strong>\u00a0<\/strong><\/i><strong>a vivir en Argentina<\/strong>&#8220;, finaliza el profesional.<\/p>\n<p>&nbsp;<\/p>\n<h4>Migraciones internas<\/h4>\n<p>La potencialidad migratoria no es solo externa. Las migraciones internas aceitan el desarrollo productivo y de trabajo de las diversas regiones, adem\u00e1s de la enorme contribuci\u00f3n cultural que generan las redes y colectividades. La reciente<a href=\"mailto:https:\/\/www.fundacioncolsecor.org.ar\/novedades\/en-grandes-urbes-5-cada-10-personas-mudaria-pueblo-n12720\">\u00a0Medici\u00f3n de Calidad de Vida en Pueblos y Ciudades de Argentina<\/a><a href=\"https:\/\/www.fundacioncolsecor.org.ar\/#_ftn9\">[9]<\/a>, realizada por la Fundaci\u00f3n COLSECOR, manifiesta ese panorama: 5 de cada 10 personas que viven en grandes urbes se mudar\u00eda a un pueblo.<\/p>\n<p>&#8220;Si tuviera la posibilidad de mudarse a un pueblo o ciudad peque\u00f1a \u00bfcu\u00e1n probable ser\u00eda que se mude?&#8221;, el 51,7% de las personas que viven en localidades de m\u00e1s de 100.000 habitantes respondi\u00f3 afirmativamente. De ese total, el 19% indic\u00f3 que seguro se ir\u00eda, mientras que el 32,7% que probablemente lo har\u00eda. En contraste, el porcentaje baj\u00f3 al 40,7% al preguntarle a quienes viven en localidades peque\u00f1as o medianas si se mudar\u00eda a una ciudad m\u00e1s grande.<\/p>\n<p>Adem\u00e1s,\u00a0<strong>a diferencia de la encuesta del a\u00f1o anterior, menos j\u00f3venes respondieron que se ir\u00edan del pa\u00eds<\/strong>. Ante la pregunta &#8220;Si tuviera la posibilidad de irse del pa\u00eds, \u00bfcu\u00e1n probable ser\u00eda que usted se vaya?&#8221;, quienes se encuentran entre los 16 y los 24 a\u00f1os alcanzaron este 2023 el 65,7% en respuestas afirmativas, frente al 78% de la Medici\u00f3n del 2022.<\/p>\n<p>Como nos marca el Pacto Mundial para una Migraci\u00f3n Segura, Ordenada y Regular del cual Argentina es parte (entre otros tratados internacionales de migraci\u00f3n), es necesario abordar a las personas migrantes dentro un proceso que puede potenciar el desarrollo, disminuyendo las desigualdades dentro del pa\u00eds, pero tambi\u00e9n entre los pa\u00edses, ya que las remesas que reciben las familias de los migrantes es un aporte esencial, muchas veces de subsistencia. En suma,\u00a0<strong>se trata de tender\u00a0una mano al migrante que toma la decisi\u00f3n (por la raz\u00f3n que fuera) de vivir en otro lugar distinto al que naci\u00f3<\/strong>. Al fin de cuentas, nuestro pa\u00eds se fortaleci\u00f3, hist\u00f3ricamente, de la fuerza migratoria, de quienes llegaron a la Argentina (migraciones de ultramar y lim\u00edtrofes) y de quienes migran de una regi\u00f3n a otra, en busca -siempre- de mejores oportunidades.<\/p>\n<p>&nbsp;<\/p>\n","protected":false},"excerpt":{"rendered":"<p>Los extranjeros contribuyen al desarrollo productivo y laboral, a pesar de los prejuicios sociales y narrativas p\u00fablicas que los se\u00f1alan como &#8220;un gasto para el Estado&#8221;, sobre todo cuando llegan de pa\u00edses lim\u00edtrofes. El aporte va desde la producci\u00f3n hortifrut\u00edcola a la medicina y la ingenier\u00eda; de las grandes urbes a las zonas rurales &nbsp; [&hellip;]<\/p>\n","protected":false},"author":5,"featured_media":80191,"comment_status":"closed","ping_status":"closed","sticky":false,"template":"","format":"standard","meta":{"footnotes":""},"categories":[51,26,52],"tags":[],"class_list":["post-80190","post","type-post","status-publish","format-standard","has-post-thumbnail","hentry","category-comunidad","category-culture","category-destacadas"],"yoast_head":"<!-- This site is optimized with the Yoast SEO plugin v19.7.1 - https:\/\/yoast.com\/wordpress\/plugins\/seo\/ -->\n<title>Informe Colsecor: &quot;Migrantes en suelo argentino&quot; - CELTTV<\/title>\n<meta name=\"description\" content=\"Sitio web de noticias de la localidad de Tornquist, provincia de Buenos Aires, Rep\u00fablica Argentina. Contenido propio originado por periodistas de CELTTV, el canal de TV local de la Cooperativa El\u00e9ctrica de Tornquist. Turismo, Pol\u00edtica, Sociedad, Deporte, Cultura y todo el contenido de inter\u00e9s general que la gente del pueblo y la regi\u00f3n debe conocer.\" \/>\n<meta name=\"robots\" content=\"index, follow, max-snippet:-1, max-image-preview:large, max-video-preview:-1\" \/>\n<link rel=\"canonical\" href=\"https:\/\/www.celttv.com.ar\/index.php\/2023\/11\/06\/informe-colsecor-migrantes-en-suelo-argentino\/\" \/>\n<meta property=\"og:locale\" content=\"es_ES\" \/>\n<meta property=\"og:type\" content=\"article\" \/>\n<meta property=\"og:title\" content=\"Informe Colsecor: &quot;Migrantes en suelo argentino&quot; - CELTTV\" \/>\n<meta property=\"og:description\" content=\"Sitio web de noticias de la localidad de Tornquist, provincia de Buenos Aires, Rep\u00fablica Argentina. Contenido propio originado por periodistas de CELTTV, el canal de TV local de la Cooperativa El\u00e9ctrica de Tornquist. Turismo, Pol\u00edtica, Sociedad, Deporte, Cultura y todo el contenido de inter\u00e9s general que la gente del pueblo y la regi\u00f3n debe conocer.\" \/>\n<meta property=\"og:url\" content=\"https:\/\/www.celttv.com.ar\/index.php\/2023\/11\/06\/informe-colsecor-migrantes-en-suelo-argentino\/\" \/>\n<meta property=\"og:site_name\" content=\"CELTTV\" \/>\n<meta property=\"article:publisher\" content=\"https:\/\/www.facebook.com\/celtTV\/\" \/>\n<meta property=\"article:published_time\" content=\"2023-11-06T20:18:04+00:00\" \/>\n<meta property=\"article:modified_time\" content=\"2023-11-06T20:18:27+00:00\" \/>\n<meta property=\"og:image\" content=\"https:\/\/www.celttv.com.ar\/wp-content\/uploads\/2023\/11\/Colsecor.jpg\" \/>\n\t<meta property=\"og:image:width\" content=\"778\" \/>\n\t<meta property=\"og:image:height\" content=\"420\" \/>\n\t<meta property=\"og:image:type\" content=\"image\/jpeg\" \/>\n<meta name=\"author\" content=\"Miguel Herrada\" \/>\n<meta name=\"twitter:card\" content=\"summary_large_image\" \/>\n<meta name=\"twitter:label1\" content=\"Escrito por\" \/>\n\t<meta name=\"twitter:data1\" content=\"Miguel Herrada\" \/>\n\t<meta name=\"twitter:label2\" content=\"Tiempo de lectura\" \/>\n\t<meta name=\"twitter:data2\" content=\"11 minutos\" \/>\n<script type=\"application\/ld+json\" class=\"yoast-schema-graph\">{\"@context\":\"https:\/\/schema.org\",\"@graph\":[{\"@type\":\"NewsArticle\",\"@id\":\"https:\/\/www.celttv.com.ar\/index.php\/2023\/11\/06\/informe-colsecor-migrantes-en-suelo-argentino\/#article\",\"isPartOf\":{\"@id\":\"https:\/\/www.celttv.com.ar\/index.php\/2023\/11\/06\/informe-colsecor-migrantes-en-suelo-argentino\/\"},\"author\":{\"name\":\"Miguel Herrada\",\"@id\":\"https:\/\/www.celttv.com.ar\/#\/schema\/person\/9059dc91dc7204ef4182cdb65225f07d\"},\"headline\":\"Informe Colsecor: &#8220;Migrantes en suelo argentino&#8221;\",\"datePublished\":\"2023-11-06T20:18:04+00:00\",\"dateModified\":\"2023-11-06T20:18:27+00:00\",\"mainEntityOfPage\":{\"@id\":\"https:\/\/www.celttv.com.ar\/index.php\/2023\/11\/06\/informe-colsecor-migrantes-en-suelo-argentino\/\"},\"wordCount\":2256,\"publisher\":{\"@id\":\"https:\/\/www.celttv.com.ar\/#organization\"},\"articleSection\":[\"Comunidad\",\"Culture\",\"Destacadas\"],\"inLanguage\":\"es\"},{\"@type\":\"WebPage\",\"@id\":\"https:\/\/www.celttv.com.ar\/index.php\/2023\/11\/06\/informe-colsecor-migrantes-en-suelo-argentino\/\",\"url\":\"https:\/\/www.celttv.com.ar\/index.php\/2023\/11\/06\/informe-colsecor-migrantes-en-suelo-argentino\/\",\"name\":\"Informe Colsecor: \\\"Migrantes en suelo argentino\\\" - CELTTV\",\"isPartOf\":{\"@id\":\"https:\/\/www.celttv.com.ar\/#website\"},\"datePublished\":\"2023-11-06T20:18:04+00:00\",\"dateModified\":\"2023-11-06T20:18:27+00:00\",\"description\":\"Sitio web de noticias de la localidad de Tornquist, provincia de Buenos Aires, Rep\u00fablica Argentina. Contenido propio originado por periodistas de CELTTV, el canal de TV local de la Cooperativa El\u00e9ctrica de Tornquist. Turismo, Pol\u00edtica, Sociedad, Deporte, Cultura y todo el contenido de inter\u00e9s general que la gente del pueblo y la regi\u00f3n debe conocer.\",\"breadcrumb\":{\"@id\":\"https:\/\/www.celttv.com.ar\/index.php\/2023\/11\/06\/informe-colsecor-migrantes-en-suelo-argentino\/#breadcrumb\"},\"inLanguage\":\"es\",\"potentialAction\":[{\"@type\":\"ReadAction\",\"target\":[\"https:\/\/www.celttv.com.ar\/index.php\/2023\/11\/06\/informe-colsecor-migrantes-en-suelo-argentino\/\"]}]},{\"@type\":\"BreadcrumbList\",\"@id\":\"https:\/\/www.celttv.com.ar\/index.php\/2023\/11\/06\/informe-colsecor-migrantes-en-suelo-argentino\/#breadcrumb\",\"itemListElement\":[{\"@type\":\"ListItem\",\"position\":1,\"name\":\"Inicio\",\"item\":\"https:\/\/www.celttv.com.ar\/\"},{\"@type\":\"ListItem\",\"position\":2,\"name\":\"Informe Colsecor: &#8220;Migrantes en suelo argentino&#8221;\"}]},{\"@type\":\"WebSite\",\"@id\":\"https:\/\/www.celttv.com.ar\/#website\",\"url\":\"https:\/\/www.celttv.com.ar\/\",\"name\":\"CELTTV\",\"description\":\"Cooperativa El\u00e9ctrica de Tornquist\",\"publisher\":{\"@id\":\"https:\/\/www.celttv.com.ar\/#organization\"},\"potentialAction\":[{\"@type\":\"SearchAction\",\"target\":{\"@type\":\"EntryPoint\",\"urlTemplate\":\"https:\/\/www.celttv.com.ar\/?s={search_term_string}\"},\"query-input\":\"required name=search_term_string\"}],\"inLanguage\":\"es\"},{\"@type\":\"Organization\",\"@id\":\"https:\/\/www.celttv.com.ar\/#organization\",\"name\":\"CELTTV\",\"url\":\"https:\/\/www.celttv.com.ar\/\",\"sameAs\":[\"https:\/\/www.youtube.com\/channel\/UCz_oIt8Hig64Ub-EmcNPIhg\",\"https:\/\/www.facebook.com\/celtTV\/\"],\"logo\":{\"@type\":\"ImageObject\",\"inLanguage\":\"es\",\"@id\":\"https:\/\/www.celttv.com.ar\/#\/schema\/logo\/image\/\",\"url\":\"http:\/\/www.celttv.com.ar\/wp-content\/uploads\/2022\/08\/logo-1.png\",\"contentUrl\":\"http:\/\/www.celttv.com.ar\/wp-content\/uploads\/2022\/08\/logo-1.png\",\"width\":461,\"height\":159,\"caption\":\"CELTTV\"},\"image\":{\"@id\":\"https:\/\/www.celttv.com.ar\/#\/schema\/logo\/image\/\"}},{\"@type\":\"Person\",\"@id\":\"https:\/\/www.celttv.com.ar\/#\/schema\/person\/9059dc91dc7204ef4182cdb65225f07d\",\"name\":\"Miguel Herrada\",\"image\":{\"@type\":\"ImageObject\",\"inLanguage\":\"es\",\"@id\":\"https:\/\/www.celttv.com.ar\/#\/schema\/person\/image\/\",\"url\":\"https:\/\/secure.gravatar.com\/avatar\/67724d5b3c716623ffd76bec7e45841a442ac3b456e914dbba90b0fad2b8e0b1?s=96&d=mm&r=g\",\"contentUrl\":\"https:\/\/secure.gravatar.com\/avatar\/67724d5b3c716623ffd76bec7e45841a442ac3b456e914dbba90b0fad2b8e0b1?s=96&d=mm&r=g\",\"caption\":\"Miguel Herrada\"}}]}<\/script>\n<!-- \/ Yoast SEO plugin. -->","yoast_head_json":{"title":"Informe Colsecor: \"Migrantes en suelo argentino\" - CELTTV","description":"Sitio web de noticias de la localidad de Tornquist, provincia de Buenos Aires, Rep\u00fablica Argentina. Contenido propio originado por periodistas de CELTTV, el canal de TV local de la Cooperativa El\u00e9ctrica de Tornquist. Turismo, Pol\u00edtica, Sociedad, Deporte, Cultura y todo el contenido de inter\u00e9s general que la gente del pueblo y la regi\u00f3n debe conocer.","robots":{"index":"index","follow":"follow","max-snippet":"max-snippet:-1","max-image-preview":"max-image-preview:large","max-video-preview":"max-video-preview:-1"},"canonical":"https:\/\/www.celttv.com.ar\/index.php\/2023\/11\/06\/informe-colsecor-migrantes-en-suelo-argentino\/","og_locale":"es_ES","og_type":"article","og_title":"Informe Colsecor: \"Migrantes en suelo argentino\" - CELTTV","og_description":"Sitio web de noticias de la localidad de Tornquist, provincia de Buenos Aires, Rep\u00fablica Argentina. Contenido propio originado por periodistas de CELTTV, el canal de TV local de la Cooperativa El\u00e9ctrica de Tornquist. Turismo, Pol\u00edtica, Sociedad, Deporte, Cultura y todo el contenido de inter\u00e9s general que la gente del pueblo y la regi\u00f3n debe conocer.","og_url":"https:\/\/www.celttv.com.ar\/index.php\/2023\/11\/06\/informe-colsecor-migrantes-en-suelo-argentino\/","og_site_name":"CELTTV","article_publisher":"https:\/\/www.facebook.com\/celtTV\/","article_published_time":"2023-11-06T20:18:04+00:00","article_modified_time":"2023-11-06T20:18:27+00:00","og_image":[{"width":778,"height":420,"url":"https:\/\/www.celttv.com.ar\/wp-content\/uploads\/2023\/11\/Colsecor.jpg","type":"image\/jpeg"}],"author":"Miguel Herrada","twitter_card":"summary_large_image","twitter_misc":{"Escrito por":"Miguel Herrada","Tiempo de lectura":"11 minutos"},"schema":{"@context":"https:\/\/schema.org","@graph":[{"@type":"NewsArticle","@id":"https:\/\/www.celttv.com.ar\/index.php\/2023\/11\/06\/informe-colsecor-migrantes-en-suelo-argentino\/#article","isPartOf":{"@id":"https:\/\/www.celttv.com.ar\/index.php\/2023\/11\/06\/informe-colsecor-migrantes-en-suelo-argentino\/"},"author":{"name":"Miguel Herrada","@id":"https:\/\/www.celttv.com.ar\/#\/schema\/person\/9059dc91dc7204ef4182cdb65225f07d"},"headline":"Informe Colsecor: &#8220;Migrantes en suelo argentino&#8221;","datePublished":"2023-11-06T20:18:04+00:00","dateModified":"2023-11-06T20:18:27+00:00","mainEntityOfPage":{"@id":"https:\/\/www.celttv.com.ar\/index.php\/2023\/11\/06\/informe-colsecor-migrantes-en-suelo-argentino\/"},"wordCount":2256,"publisher":{"@id":"https:\/\/www.celttv.com.ar\/#organization"},"articleSection":["Comunidad","Culture","Destacadas"],"inLanguage":"es"},{"@type":"WebPage","@id":"https:\/\/www.celttv.com.ar\/index.php\/2023\/11\/06\/informe-colsecor-migrantes-en-suelo-argentino\/","url":"https:\/\/www.celttv.com.ar\/index.php\/2023\/11\/06\/informe-colsecor-migrantes-en-suelo-argentino\/","name":"Informe Colsecor: \"Migrantes en suelo argentino\" - CELTTV","isPartOf":{"@id":"https:\/\/www.celttv.com.ar\/#website"},"datePublished":"2023-11-06T20:18:04+00:00","dateModified":"2023-11-06T20:18:27+00:00","description":"Sitio web de noticias de la localidad de Tornquist, provincia de Buenos Aires, Rep\u00fablica Argentina. Contenido propio originado por periodistas de CELTTV, el canal de TV local de la Cooperativa El\u00e9ctrica de Tornquist. Turismo, Pol\u00edtica, Sociedad, Deporte, Cultura y todo el contenido de inter\u00e9s general que la gente del pueblo y la regi\u00f3n debe conocer.","breadcrumb":{"@id":"https:\/\/www.celttv.com.ar\/index.php\/2023\/11\/06\/informe-colsecor-migrantes-en-suelo-argentino\/#breadcrumb"},"inLanguage":"es","potentialAction":[{"@type":"ReadAction","target":["https:\/\/www.celttv.com.ar\/index.php\/2023\/11\/06\/informe-colsecor-migrantes-en-suelo-argentino\/"]}]},{"@type":"BreadcrumbList","@id":"https:\/\/www.celttv.com.ar\/index.php\/2023\/11\/06\/informe-colsecor-migrantes-en-suelo-argentino\/#breadcrumb","itemListElement":[{"@type":"ListItem","position":1,"name":"Inicio","item":"https:\/\/www.celttv.com.ar\/"},{"@type":"ListItem","position":2,"name":"Informe Colsecor: &#8220;Migrantes en suelo argentino&#8221;"}]},{"@type":"WebSite","@id":"https:\/\/www.celttv.com.ar\/#website","url":"https:\/\/www.celttv.com.ar\/","name":"CELTTV","description":"Cooperativa El\u00e9ctrica de Tornquist","publisher":{"@id":"https:\/\/www.celttv.com.ar\/#organization"},"potentialAction":[{"@type":"SearchAction","target":{"@type":"EntryPoint","urlTemplate":"https:\/\/www.celttv.com.ar\/?s={search_term_string}"},"query-input":"required name=search_term_string"}],"inLanguage":"es"},{"@type":"Organization","@id":"https:\/\/www.celttv.com.ar\/#organization","name":"CELTTV","url":"https:\/\/www.celttv.com.ar\/","sameAs":["https:\/\/www.youtube.com\/channel\/UCz_oIt8Hig64Ub-EmcNPIhg","https:\/\/www.facebook.com\/celtTV\/"],"logo":{"@type":"ImageObject","inLanguage":"es","@id":"https:\/\/www.celttv.com.ar\/#\/schema\/logo\/image\/","url":"http:\/\/www.celttv.com.ar\/wp-content\/uploads\/2022\/08\/logo-1.png","contentUrl":"http:\/\/www.celttv.com.ar\/wp-content\/uploads\/2022\/08\/logo-1.png","width":461,"height":159,"caption":"CELTTV"},"image":{"@id":"https:\/\/www.celttv.com.ar\/#\/schema\/logo\/image\/"}},{"@type":"Person","@id":"https:\/\/www.celttv.com.ar\/#\/schema\/person\/9059dc91dc7204ef4182cdb65225f07d","name":"Miguel Herrada","image":{"@type":"ImageObject","inLanguage":"es","@id":"https:\/\/www.celttv.com.ar\/#\/schema\/person\/image\/","url":"https:\/\/secure.gravatar.com\/avatar\/67724d5b3c716623ffd76bec7e45841a442ac3b456e914dbba90b0fad2b8e0b1?s=96&d=mm&r=g","contentUrl":"https:\/\/secure.gravatar.com\/avatar\/67724d5b3c716623ffd76bec7e45841a442ac3b456e914dbba90b0fad2b8e0b1?s=96&d=mm&r=g","caption":"Miguel Herrada"}}]}},"_links":{"self":[{"href":"https:\/\/www.celttv.com.ar\/index.php\/wp-json\/wp\/v2\/posts\/80190","targetHints":{"allow":["GET"]}}],"collection":[{"href":"https:\/\/www.celttv.com.ar\/index.php\/wp-json\/wp\/v2\/posts"}],"about":[{"href":"https:\/\/www.celttv.com.ar\/index.php\/wp-json\/wp\/v2\/types\/post"}],"author":[{"embeddable":true,"href":"https:\/\/www.celttv.com.ar\/index.php\/wp-json\/wp\/v2\/users\/5"}],"replies":[{"embeddable":true,"href":"https:\/\/www.celttv.com.ar\/index.php\/wp-json\/wp\/v2\/comments?post=80190"}],"version-history":[{"count":1,"href":"https:\/\/www.celttv.com.ar\/index.php\/wp-json\/wp\/v2\/posts\/80190\/revisions"}],"predecessor-version":[{"id":80192,"href":"https:\/\/www.celttv.com.ar\/index.php\/wp-json\/wp\/v2\/posts\/80190\/revisions\/80192"}],"wp:featuredmedia":[{"embeddable":true,"href":"https:\/\/www.celttv.com.ar\/index.php\/wp-json\/wp\/v2\/media\/80191"}],"wp:attachment":[{"href":"https:\/\/www.celttv.com.ar\/index.php\/wp-json\/wp\/v2\/media?parent=80190"}],"wp:term":[{"taxonomy":"category","embeddable":true,"href":"https:\/\/www.celttv.com.ar\/index.php\/wp-json\/wp\/v2\/categories?post=80190"},{"taxonomy":"post_tag","embeddable":true,"href":"https:\/\/www.celttv.com.ar\/index.php\/wp-json\/wp\/v2\/tags?post=80190"}],"curies":[{"name":"wp","href":"https:\/\/api.w.org\/{rel}","templated":true}]}}