{"id":80195,"date":"2023-11-06T21:18:57","date_gmt":"2023-11-07T00:18:57","guid":{"rendered":"https:\/\/www.celttv.com.ar\/?p=80195"},"modified":"2023-11-06T21:20:31","modified_gmt":"2023-11-07T00:20:31","slug":"incendio-de-pastos-naturales-en-un-terreno-baldio-de-villa-serrana-la-gruta-video","status":"publish","type":"post","link":"https:\/\/www.celttv.com.ar\/index.php\/2023\/11\/06\/incendio-de-pastos-naturales-en-un-terreno-baldio-de-villa-serrana-la-gruta-video\/","title":{"rendered":"Incendio de pastos naturales en un terreno bald\u00edo de Villa Serrana La Gruta (Video)"},"content":{"rendered":"<p>Incendio de pastos naturales fue lo que gener\u00f3 el toque de sirena a las 20.05 hs de hoy (lunes 6), en un terreno ubicado en Villa Serrana La Gruta.<\/p>\n<p>Intervinieron en el siniestro dos dotaciones del cuartel de bomberos de Tornquist.<\/p>\n<p>El fuego se inici\u00f3 sobre la vereda ubicada frente a la plaza de La Gruta y, el fuerte viento, hizo que las llamas ganaran velocidad y cruzaran toda la manzana (bald\u00edo). Los vecinos del lugar estaban tratando de establecer el origen del siniestro. No se descartaba que haya sido una colilla de cigarrillo o chispas generadas en el roce entre cables del alumbrado p\u00fablico.<\/p>\n<p><iframe loading=\"lazy\" title=\"2023 11 06 INCENDIO DE PASTOS NATURALES EN VILLA SERRANA LA GRUTA\" width=\"500\" height=\"281\" src=\"https:\/\/www.youtube.com\/embed\/uj0IAGyVtMw?feature=oembed\" frameborder=\"0\" allow=\"accelerometer; autoplay; clipboard-write; encrypted-media; gyroscope; picture-in-picture; web-share\" referrerpolicy=\"strict-origin-when-cross-origin\" allowfullscreen><\/iframe><\/p>\n","protected":false},"excerpt":{"rendered":"<p>Incendio de pastos naturales fue lo que gener\u00f3 el toque de sirena a las 20.05 hs de hoy (lunes 6), en un terreno ubicado en Villa Serrana La Gruta. Intervinieron en el siniestro dos dotaciones del cuartel de bomberos de Tornquist. El fuego se inici\u00f3 sobre la vereda ubicada frente a la plaza de La [&hellip;]<\/p>\n","protected":false},"author":3,"featured_media":80200,"comment_status":"closed","ping_status":"closed","sticky":false,"template":"","format":"standard","meta":{"footnotes":""},"categories":[1],"tags":[],"class_list":["post-80195","post","type-post","status-publish","format-standard","has-post-thumbnail","hentry","category-sin-categoria"],"yoast_head":"<!-- This site is optimized with the Yoast SEO plugin v19.7.1 - https:\/\/yoast.com\/wordpress\/plugins\/seo\/ -->\n<title>Incendio de pastos naturales en un terreno bald\u00edo de Villa Serrana La Gruta (Video) - CELTTV<\/title>\n<meta name=\"description\" content=\"Sitio web de noticias de la localidad de Tornquist, provincia de Buenos Aires, Rep\u00fablica Argentina. Contenido propio originado por periodistas de CELTTV, el canal de TV local de la Cooperativa El\u00e9ctrica de Tornquist. Turismo, Pol\u00edtica, Sociedad, Deporte, Cultura y todo el contenido de inter\u00e9s general que la gente del pueblo y la regi\u00f3n debe conocer.\" \/>\n<meta name=\"robots\" content=\"index, follow, max-snippet:-1, max-image-preview:large, max-video-preview:-1\" \/>\n<link rel=\"canonical\" href=\"https:\/\/www.celttv.com.ar\/index.php\/2023\/11\/06\/incendio-de-pastos-naturales-en-un-terreno-baldio-de-villa-serrana-la-gruta-video\/\" \/>\n<meta property=\"og:locale\" content=\"es_ES\" \/>\n<meta property=\"og:type\" content=\"article\" \/>\n<meta property=\"og:title\" content=\"Incendio de pastos naturales en un terreno bald\u00edo de Villa Serrana La Gruta (Video) - CELTTV\" \/>\n<meta property=\"og:description\" content=\"Sitio web de noticias de la localidad de Tornquist, provincia de Buenos Aires, Rep\u00fablica Argentina. Contenido propio originado por periodistas de CELTTV, el canal de TV local de la Cooperativa El\u00e9ctrica de Tornquist. Turismo, Pol\u00edtica, Sociedad, Deporte, Cultura y todo el contenido de inter\u00e9s general que la gente del pueblo y la regi\u00f3n debe conocer.\" \/>\n<meta property=\"og:url\" content=\"https:\/\/www.celttv.com.ar\/index.php\/2023\/11\/06\/incendio-de-pastos-naturales-en-un-terreno-baldio-de-villa-serrana-la-gruta-video\/\" \/>\n<meta property=\"og:site_name\" content=\"CELTTV\" \/>\n<meta property=\"article:publisher\" content=\"https:\/\/www.facebook.com\/celtTV\/\" \/>\n<meta property=\"article:published_time\" content=\"2023-11-07T00:18:57+00:00\" \/>\n<meta property=\"article:modified_time\" content=\"2023-11-07T00:20:31+00:00\" \/>\n<meta property=\"og:image\" content=\"https:\/\/www.celttv.com.ar\/wp-content\/uploads\/2023\/11\/2-BOMBEROS-LA-GRUTA.jpg\" \/>\n\t<meta property=\"og:image:width\" content=\"781\" \/>\n\t<meta property=\"og:image:height\" content=\"614\" \/>\n\t<meta property=\"og:image:type\" content=\"image\/jpeg\" \/>\n<meta name=\"author\" content=\"Rodrigo Sgammini\" \/>\n<meta name=\"twitter:card\" content=\"summary_large_image\" \/>\n<meta name=\"twitter:label1\" content=\"Escrito por\" \/>\n\t<meta name=\"twitter:data1\" content=\"Rodrigo Sgammini\" \/>\n\t<meta name=\"twitter:label2\" content=\"Tiempo de lectura\" \/>\n\t<meta name=\"twitter:data2\" content=\"1 minuto\" \/>\n<script type=\"application\/ld+json\" class=\"yoast-schema-graph\">{\"@context\":\"https:\/\/schema.org\",\"@graph\":[{\"@type\":\"NewsArticle\",\"@id\":\"https:\/\/www.celttv.com.ar\/index.php\/2023\/11\/06\/incendio-de-pastos-naturales-en-un-terreno-baldio-de-villa-serrana-la-gruta-video\/#article\",\"isPartOf\":{\"@id\":\"https:\/\/www.celttv.com.ar\/index.php\/2023\/11\/06\/incendio-de-pastos-naturales-en-un-terreno-baldio-de-villa-serrana-la-gruta-video\/\"},\"author\":{\"name\":\"Rodrigo Sgammini\",\"@id\":\"https:\/\/www.celttv.com.ar\/#\/schema\/person\/495be51d064edd971d8457f8f64eb172\"},\"headline\":\"Incendio de pastos naturales en un terreno bald\u00edo de Villa Serrana La Gruta (Video)\",\"datePublished\":\"2023-11-07T00:18:57+00:00\",\"dateModified\":\"2023-11-07T00:20:31+00:00\",\"mainEntityOfPage\":{\"@id\":\"https:\/\/www.celttv.com.ar\/index.php\/2023\/11\/06\/incendio-de-pastos-naturales-en-un-terreno-baldio-de-villa-serrana-la-gruta-video\/\"},\"wordCount\":129,\"publisher\":{\"@id\":\"https:\/\/www.celttv.com.ar\/#organization\"},\"inLanguage\":\"es\"},{\"@type\":\"WebPage\",\"@id\":\"https:\/\/www.celttv.com.ar\/index.php\/2023\/11\/06\/incendio-de-pastos-naturales-en-un-terreno-baldio-de-villa-serrana-la-gruta-video\/\",\"url\":\"https:\/\/www.celttv.com.ar\/index.php\/2023\/11\/06\/incendio-de-pastos-naturales-en-un-terreno-baldio-de-villa-serrana-la-gruta-video\/\",\"name\":\"Incendio de pastos naturales en un terreno bald\u00edo de Villa Serrana La Gruta (Video) - CELTTV\",\"isPartOf\":{\"@id\":\"https:\/\/www.celttv.com.ar\/#website\"},\"datePublished\":\"2023-11-07T00:18:57+00:00\",\"dateModified\":\"2023-11-07T00:20:31+00:00\",\"description\":\"Sitio web de noticias de la localidad de Tornquist, provincia de Buenos Aires, Rep\u00fablica Argentina. Contenido propio originado por periodistas de CELTTV, el canal de TV local de la Cooperativa El\u00e9ctrica de Tornquist. Turismo, Pol\u00edtica, Sociedad, Deporte, Cultura y todo el contenido de inter\u00e9s general que la gente del pueblo y la regi\u00f3n debe conocer.\",\"breadcrumb\":{\"@id\":\"https:\/\/www.celttv.com.ar\/index.php\/2023\/11\/06\/incendio-de-pastos-naturales-en-un-terreno-baldio-de-villa-serrana-la-gruta-video\/#breadcrumb\"},\"inLanguage\":\"es\",\"potentialAction\":[{\"@type\":\"ReadAction\",\"target\":[\"https:\/\/www.celttv.com.ar\/index.php\/2023\/11\/06\/incendio-de-pastos-naturales-en-un-terreno-baldio-de-villa-serrana-la-gruta-video\/\"]}]},{\"@type\":\"BreadcrumbList\",\"@id\":\"https:\/\/www.celttv.com.ar\/index.php\/2023\/11\/06\/incendio-de-pastos-naturales-en-un-terreno-baldio-de-villa-serrana-la-gruta-video\/#breadcrumb\",\"itemListElement\":[{\"@type\":\"ListItem\",\"position\":1,\"name\":\"Inicio\",\"item\":\"https:\/\/www.celttv.com.ar\/\"},{\"@type\":\"ListItem\",\"position\":2,\"name\":\"Incendio de pastos naturales en un terreno bald\u00edo de Villa Serrana La Gruta (Video)\"}]},{\"@type\":\"WebSite\",\"@id\":\"https:\/\/www.celttv.com.ar\/#website\",\"url\":\"https:\/\/www.celttv.com.ar\/\",\"name\":\"CELTTV\",\"description\":\"Cooperativa El\u00e9ctrica de Tornquist\",\"publisher\":{\"@id\":\"https:\/\/www.celttv.com.ar\/#organization\"},\"potentialAction\":[{\"@type\":\"SearchAction\",\"target\":{\"@type\":\"EntryPoint\",\"urlTemplate\":\"https:\/\/www.celttv.com.ar\/?s={search_term_string}\"},\"query-input\":\"required name=search_term_string\"}],\"inLanguage\":\"es\"},{\"@type\":\"Organization\",\"@id\":\"https:\/\/www.celttv.com.ar\/#organization\",\"name\":\"CELTTV\",\"url\":\"https:\/\/www.celttv.com.ar\/\",\"sameAs\":[\"https:\/\/www.youtube.com\/channel\/UCz_oIt8Hig64Ub-EmcNPIhg\",\"https:\/\/www.facebook.com\/celtTV\/\"],\"logo\":{\"@type\":\"ImageObject\",\"inLanguage\":\"es\",\"@id\":\"https:\/\/www.celttv.com.ar\/#\/schema\/logo\/image\/\",\"url\":\"http:\/\/www.celttv.com.ar\/wp-content\/uploads\/2022\/08\/logo-1.png\",\"contentUrl\":\"http:\/\/www.celttv.com.ar\/wp-content\/uploads\/2022\/08\/logo-1.png\",\"width\":461,\"height\":159,\"caption\":\"CELTTV\"},\"image\":{\"@id\":\"https:\/\/www.celttv.com.ar\/#\/schema\/logo\/image\/\"}},{\"@type\":\"Person\",\"@id\":\"https:\/\/www.celttv.com.ar\/#\/schema\/person\/495be51d064edd971d8457f8f64eb172\",\"name\":\"Rodrigo Sgammini\",\"image\":{\"@type\":\"ImageObject\",\"inLanguage\":\"es\",\"@id\":\"https:\/\/www.celttv.com.ar\/#\/schema\/person\/image\/\",\"url\":\"https:\/\/secure.gravatar.com\/avatar\/68f7848d42735e7a9276b47cd6e606327d88f521c51ae39d88888b76902e2987?s=96&d=mm&r=g\",\"contentUrl\":\"https:\/\/secure.gravatar.com\/avatar\/68f7848d42735e7a9276b47cd6e606327d88f521c51ae39d88888b76902e2987?s=96&d=mm&r=g\",\"caption\":\"Rodrigo Sgammini\"}}]}<\/script>\n<!-- \/ Yoast SEO plugin. -->","yoast_head_json":{"title":"Incendio de pastos naturales en un terreno bald\u00edo de Villa Serrana La Gruta (Video) - CELTTV","description":"Sitio web de noticias de la localidad de Tornquist, provincia de Buenos Aires, Rep\u00fablica Argentina. Contenido propio originado por periodistas de CELTTV, el canal de TV local de la Cooperativa El\u00e9ctrica de Tornquist. Turismo, Pol\u00edtica, Sociedad, Deporte, Cultura y todo el contenido de inter\u00e9s general que la gente del pueblo y la regi\u00f3n debe conocer.","robots":{"index":"index","follow":"follow","max-snippet":"max-snippet:-1","max-image-preview":"max-image-preview:large","max-video-preview":"max-video-preview:-1"},"canonical":"https:\/\/www.celttv.com.ar\/index.php\/2023\/11\/06\/incendio-de-pastos-naturales-en-un-terreno-baldio-de-villa-serrana-la-gruta-video\/","og_locale":"es_ES","og_type":"article","og_title":"Incendio de pastos naturales en un terreno bald\u00edo de Villa Serrana La Gruta (Video) - CELTTV","og_description":"Sitio web de noticias de la localidad de Tornquist, provincia de Buenos Aires, Rep\u00fablica Argentina. Contenido propio originado por periodistas de CELTTV, el canal de TV local de la Cooperativa El\u00e9ctrica de Tornquist. Turismo, Pol\u00edtica, Sociedad, Deporte, Cultura y todo el contenido de inter\u00e9s general que la gente del pueblo y la regi\u00f3n debe conocer.","og_url":"https:\/\/www.celttv.com.ar\/index.php\/2023\/11\/06\/incendio-de-pastos-naturales-en-un-terreno-baldio-de-villa-serrana-la-gruta-video\/","og_site_name":"CELTTV","article_publisher":"https:\/\/www.facebook.com\/celtTV\/","article_published_time":"2023-11-07T00:18:57+00:00","article_modified_time":"2023-11-07T00:20:31+00:00","og_image":[{"width":781,"height":614,"url":"https:\/\/www.celttv.com.ar\/wp-content\/uploads\/2023\/11\/2-BOMBEROS-LA-GRUTA.jpg","type":"image\/jpeg"}],"author":"Rodrigo Sgammini","twitter_card":"summary_large_image","twitter_misc":{"Escrito por":"Rodrigo Sgammini","Tiempo de lectura":"1 minuto"},"schema":{"@context":"https:\/\/schema.org","@graph":[{"@type":"NewsArticle","@id":"https:\/\/www.celttv.com.ar\/index.php\/2023\/11\/06\/incendio-de-pastos-naturales-en-un-terreno-baldio-de-villa-serrana-la-gruta-video\/#article","isPartOf":{"@id":"https:\/\/www.celttv.com.ar\/index.php\/2023\/11\/06\/incendio-de-pastos-naturales-en-un-terreno-baldio-de-villa-serrana-la-gruta-video\/"},"author":{"name":"Rodrigo Sgammini","@id":"https:\/\/www.celttv.com.ar\/#\/schema\/person\/495be51d064edd971d8457f8f64eb172"},"headline":"Incendio de pastos naturales en un terreno bald\u00edo de Villa Serrana La Gruta (Video)","datePublished":"2023-11-07T00:18:57+00:00","dateModified":"2023-11-07T00:20:31+00:00","mainEntityOfPage":{"@id":"https:\/\/www.celttv.com.ar\/index.php\/2023\/11\/06\/incendio-de-pastos-naturales-en-un-terreno-baldio-de-villa-serrana-la-gruta-video\/"},"wordCount":129,"publisher":{"@id":"https:\/\/www.celttv.com.ar\/#organization"},"inLanguage":"es"},{"@type":"WebPage","@id":"https:\/\/www.celttv.com.ar\/index.php\/2023\/11\/06\/incendio-de-pastos-naturales-en-un-terreno-baldio-de-villa-serrana-la-gruta-video\/","url":"https:\/\/www.celttv.com.ar\/index.php\/2023\/11\/06\/incendio-de-pastos-naturales-en-un-terreno-baldio-de-villa-serrana-la-gruta-video\/","name":"Incendio de pastos naturales en un terreno bald\u00edo de Villa Serrana La Gruta (Video) - CELTTV","isPartOf":{"@id":"https:\/\/www.celttv.com.ar\/#website"},"datePublished":"2023-11-07T00:18:57+00:00","dateModified":"2023-11-07T00:20:31+00:00","description":"Sitio web de noticias de la localidad de Tornquist, provincia de Buenos Aires, Rep\u00fablica Argentina. Contenido propio originado por periodistas de CELTTV, el canal de TV local de la Cooperativa El\u00e9ctrica de Tornquist. Turismo, Pol\u00edtica, Sociedad, Deporte, Cultura y todo el contenido de inter\u00e9s general que la gente del pueblo y la regi\u00f3n debe conocer.","breadcrumb":{"@id":"https:\/\/www.celttv.com.ar\/index.php\/2023\/11\/06\/incendio-de-pastos-naturales-en-un-terreno-baldio-de-villa-serrana-la-gruta-video\/#breadcrumb"},"inLanguage":"es","potentialAction":[{"@type":"ReadAction","target":["https:\/\/www.celttv.com.ar\/index.php\/2023\/11\/06\/incendio-de-pastos-naturales-en-un-terreno-baldio-de-villa-serrana-la-gruta-video\/"]}]},{"@type":"BreadcrumbList","@id":"https:\/\/www.celttv.com.ar\/index.php\/2023\/11\/06\/incendio-de-pastos-naturales-en-un-terreno-baldio-de-villa-serrana-la-gruta-video\/#breadcrumb","itemListElement":[{"@type":"ListItem","position":1,"name":"Inicio","item":"https:\/\/www.celttv.com.ar\/"},{"@type":"ListItem","position":2,"name":"Incendio de pastos naturales en un terreno bald\u00edo de Villa Serrana La Gruta (Video)"}]},{"@type":"WebSite","@id":"https:\/\/www.celttv.com.ar\/#website","url":"https:\/\/www.celttv.com.ar\/","name":"CELTTV","description":"Cooperativa El\u00e9ctrica de Tornquist","publisher":{"@id":"https:\/\/www.celttv.com.ar\/#organization"},"potentialAction":[{"@type":"SearchAction","target":{"@type":"EntryPoint","urlTemplate":"https:\/\/www.celttv.com.ar\/?s={search_term_string}"},"query-input":"required name=search_term_string"}],"inLanguage":"es"},{"@type":"Organization","@id":"https:\/\/www.celttv.com.ar\/#organization","name":"CELTTV","url":"https:\/\/www.celttv.com.ar\/","sameAs":["https:\/\/www.youtube.com\/channel\/UCz_oIt8Hig64Ub-EmcNPIhg","https:\/\/www.facebook.com\/celtTV\/"],"logo":{"@type":"ImageObject","inLanguage":"es","@id":"https:\/\/www.celttv.com.ar\/#\/schema\/logo\/image\/","url":"http:\/\/www.celttv.com.ar\/wp-content\/uploads\/2022\/08\/logo-1.png","contentUrl":"http:\/\/www.celttv.com.ar\/wp-content\/uploads\/2022\/08\/logo-1.png","width":461,"height":159,"caption":"CELTTV"},"image":{"@id":"https:\/\/www.celttv.com.ar\/#\/schema\/logo\/image\/"}},{"@type":"Person","@id":"https:\/\/www.celttv.com.ar\/#\/schema\/person\/495be51d064edd971d8457f8f64eb172","name":"Rodrigo Sgammini","image":{"@type":"ImageObject","inLanguage":"es","@id":"https:\/\/www.celttv.com.ar\/#\/schema\/person\/image\/","url":"https:\/\/secure.gravatar.com\/avatar\/68f7848d42735e7a9276b47cd6e606327d88f521c51ae39d88888b76902e2987?s=96&d=mm&r=g","contentUrl":"https:\/\/secure.gravatar.com\/avatar\/68f7848d42735e7a9276b47cd6e606327d88f521c51ae39d88888b76902e2987?s=96&d=mm&r=g","caption":"Rodrigo Sgammini"}}]}},"_links":{"self":[{"href":"https:\/\/www.celttv.com.ar\/index.php\/wp-json\/wp\/v2\/posts\/80195","targetHints":{"allow":["GET"]}}],"collection":[{"href":"https:\/\/www.celttv.com.ar\/index.php\/wp-json\/wp\/v2\/posts"}],"about":[{"href":"https:\/\/www.celttv.com.ar\/index.php\/wp-json\/wp\/v2\/types\/post"}],"author":[{"embeddable":true,"href":"https:\/\/www.celttv.com.ar\/index.php\/wp-json\/wp\/v2\/users\/3"}],"replies":[{"embeddable":true,"href":"https:\/\/www.celttv.com.ar\/index.php\/wp-json\/wp\/v2\/comments?post=80195"}],"version-history":[{"count":3,"href":"https:\/\/www.celttv.com.ar\/index.php\/wp-json\/wp\/v2\/posts\/80195\/revisions"}],"predecessor-version":[{"id":80199,"href":"https:\/\/www.celttv.com.ar\/index.php\/wp-json\/wp\/v2\/posts\/80195\/revisions\/80199"}],"wp:featuredmedia":[{"embeddable":true,"href":"https:\/\/www.celttv.com.ar\/index.php\/wp-json\/wp\/v2\/media\/80200"}],"wp:attachment":[{"href":"https:\/\/www.celttv.com.ar\/index.php\/wp-json\/wp\/v2\/media?parent=80195"}],"wp:term":[{"taxonomy":"category","embeddable":true,"href":"https:\/\/www.celttv.com.ar\/index.php\/wp-json\/wp\/v2\/categories?post=80195"},{"taxonomy":"post_tag","embeddable":true,"href":"https:\/\/www.celttv.com.ar\/index.php\/wp-json\/wp\/v2\/tags?post=80195"}],"curies":[{"name":"wp","href":"https:\/\/api.w.org\/{rel}","templated":true}]}}