{"id":80279,"date":"2023-11-10T17:20:30","date_gmt":"2023-11-10T20:20:30","guid":{"rendered":"http:\/\/www.celttv.com.ar\/?p=80279"},"modified":"2023-11-10T17:20:30","modified_gmt":"2023-11-10T20:20:30","slug":"la-asociacion-cuerpo-bomberos-voluntarios-presentara-su-libro-bomberos-de-tornquist-60-anos-2","status":"publish","type":"post","link":"https:\/\/www.celttv.com.ar\/index.php\/2023\/11\/10\/la-asociacion-cuerpo-bomberos-voluntarios-presentara-su-libro-bomberos-de-tornquist-60-anos-2\/","title":{"rendered":"La Asociaci\u00f3n Cuerpo Bomberos Voluntarios presentar\u00e1 su libro \u201cBomberos de Tornquist \u2013 60 A\u00f1os\u201d"},"content":{"rendered":"<h5>La Asociaci\u00f3n Cuerpo Bomberos Voluntarios presentar\u00e1 su libro \u201cBomberos de Tornquist \u2013 60 A\u00f1os\u201d<\/h5>\n<p>La obra de la escritora Prof. Laura Gamero, ser\u00e1 presentada hoy viernes en la Biblioteca Popular Ernesto Tornquist a las 20:00 hs.<\/p>\n<p>En di\u00e1logo con CELTTV Noticias Laura Gamero adelant\u00f3 cual es el esp\u00edritu de la publicaci\u00f3n volcado en sus p\u00e1ginas, cuyo prologo fue escrito por el Ex Jefe del Cuerpo Activo Carlos Schaffner.<\/p>\n<p><iframe loading=\"lazy\" title=\"2023 11 10 LIBRO DE LOS 60 A\u00d1OS DE LOS BOMBEROS DE TORNQUIST   LAURA GAMERO\" width=\"500\" height=\"281\" src=\"https:\/\/www.youtube.com\/embed\/G15BBe1zX-w?feature=oembed\" frameborder=\"0\" allow=\"accelerometer; autoplay; clipboard-write; encrypted-media; gyroscope; picture-in-picture; web-share\" referrerpolicy=\"strict-origin-when-cross-origin\" allowfullscreen><\/iframe><\/p>\n<p>&nbsp;<\/p>\n","protected":false},"excerpt":{"rendered":"<p>La Asociaci\u00f3n Cuerpo Bomberos Voluntarios presentar\u00e1 su libro \u201cBomberos de Tornquist \u2013 60 A\u00f1os\u201d La obra de la escritora Prof. Laura Gamero, ser\u00e1 presentada hoy viernes en la Biblioteca Popular Ernesto Tornquist a las 20:00 hs. En di\u00e1logo con CELTTV Noticias Laura Gamero adelant\u00f3 cual es el esp\u00edritu de la publicaci\u00f3n volcado en sus p\u00e1ginas, [&hellip;]<\/p>\n","protected":false},"author":5,"featured_media":80221,"comment_status":"closed","ping_status":"closed","sticky":false,"template":"","format":"standard","meta":{"footnotes":""},"categories":[51,26,52],"tags":[],"class_list":["post-80279","post","type-post","status-publish","format-standard","has-post-thumbnail","hentry","category-comunidad","category-culture","category-destacadas"],"yoast_head":"<!-- This site is optimized with the Yoast SEO plugin v19.7.1 - https:\/\/yoast.com\/wordpress\/plugins\/seo\/ -->\n<title>La Asociaci\u00f3n Cuerpo Bomberos Voluntarios presentar\u00e1 su libro \u201cBomberos de Tornquist \u2013 60 A\u00f1os\u201d - CELTTV<\/title>\n<meta name=\"description\" content=\"Sitio web de noticias de la localidad de Tornquist, provincia de Buenos Aires, Rep\u00fablica Argentina. Contenido propio originado por periodistas de CELTTV, el canal de TV local de la Cooperativa El\u00e9ctrica de Tornquist. Turismo, Pol\u00edtica, Sociedad, Deporte, Cultura y todo el contenido de inter\u00e9s general que la gente del pueblo y la regi\u00f3n debe conocer.\" \/>\n<meta name=\"robots\" content=\"index, follow, max-snippet:-1, max-image-preview:large, max-video-preview:-1\" \/>\n<link rel=\"canonical\" href=\"https:\/\/www.celttv.com.ar\/index.php\/2023\/11\/10\/la-asociacion-cuerpo-bomberos-voluntarios-presentara-su-libro-bomberos-de-tornquist-60-anos-2\/\" \/>\n<meta property=\"og:locale\" content=\"es_ES\" \/>\n<meta property=\"og:type\" content=\"article\" \/>\n<meta property=\"og:title\" content=\"La Asociaci\u00f3n Cuerpo Bomberos Voluntarios presentar\u00e1 su libro \u201cBomberos de Tornquist \u2013 60 A\u00f1os\u201d - CELTTV\" \/>\n<meta property=\"og:description\" content=\"Sitio web de noticias de la localidad de Tornquist, provincia de Buenos Aires, Rep\u00fablica Argentina. Contenido propio originado por periodistas de CELTTV, el canal de TV local de la Cooperativa El\u00e9ctrica de Tornquist. Turismo, Pol\u00edtica, Sociedad, Deporte, Cultura y todo el contenido de inter\u00e9s general que la gente del pueblo y la regi\u00f3n debe conocer.\" \/>\n<meta property=\"og:url\" content=\"https:\/\/www.celttv.com.ar\/index.php\/2023\/11\/10\/la-asociacion-cuerpo-bomberos-voluntarios-presentara-su-libro-bomberos-de-tornquist-60-anos-2\/\" \/>\n<meta property=\"og:site_name\" content=\"CELTTV\" \/>\n<meta property=\"article:publisher\" content=\"https:\/\/www.facebook.com\/celtTV\/\" \/>\n<meta property=\"article:published_time\" content=\"2023-11-10T20:20:30+00:00\" \/>\n<meta property=\"og:image\" content=\"https:\/\/www.celttv.com.ar\/wp-content\/uploads\/2023\/11\/bomberos-voluntarios.jpg\" \/>\n\t<meta property=\"og:image:width\" content=\"1755\" \/>\n\t<meta property=\"og:image:height\" content=\"1241\" \/>\n\t<meta property=\"og:image:type\" content=\"image\/jpeg\" \/>\n<meta name=\"author\" content=\"Miguel Herrada\" \/>\n<meta name=\"twitter:card\" content=\"summary_large_image\" \/>\n<meta name=\"twitter:label1\" content=\"Escrito por\" \/>\n\t<meta name=\"twitter:data1\" content=\"Miguel Herrada\" \/>\n<script type=\"application\/ld+json\" class=\"yoast-schema-graph\">{\"@context\":\"https:\/\/schema.org\",\"@graph\":[{\"@type\":\"NewsArticle\",\"@id\":\"https:\/\/www.celttv.com.ar\/index.php\/2023\/11\/10\/la-asociacion-cuerpo-bomberos-voluntarios-presentara-su-libro-bomberos-de-tornquist-60-anos-2\/#article\",\"isPartOf\":{\"@id\":\"https:\/\/www.celttv.com.ar\/index.php\/2023\/11\/10\/la-asociacion-cuerpo-bomberos-voluntarios-presentara-su-libro-bomberos-de-tornquist-60-anos-2\/\"},\"author\":{\"name\":\"Miguel Herrada\",\"@id\":\"https:\/\/www.celttv.com.ar\/#\/schema\/person\/9059dc91dc7204ef4182cdb65225f07d\"},\"headline\":\"La Asociaci\u00f3n Cuerpo Bomberos Voluntarios presentar\u00e1 su libro \u201cBomberos de Tornquist \u2013 60 A\u00f1os\u201d\",\"datePublished\":\"2023-11-10T20:20:30+00:00\",\"dateModified\":\"2023-11-10T20:20:30+00:00\",\"mainEntityOfPage\":{\"@id\":\"https:\/\/www.celttv.com.ar\/index.php\/2023\/11\/10\/la-asociacion-cuerpo-bomberos-voluntarios-presentara-su-libro-bomberos-de-tornquist-60-anos-2\/\"},\"wordCount\":92,\"publisher\":{\"@id\":\"https:\/\/www.celttv.com.ar\/#organization\"},\"articleSection\":[\"Comunidad\",\"Culture\",\"Destacadas\"],\"inLanguage\":\"es\"},{\"@type\":\"WebPage\",\"@id\":\"https:\/\/www.celttv.com.ar\/index.php\/2023\/11\/10\/la-asociacion-cuerpo-bomberos-voluntarios-presentara-su-libro-bomberos-de-tornquist-60-anos-2\/\",\"url\":\"https:\/\/www.celttv.com.ar\/index.php\/2023\/11\/10\/la-asociacion-cuerpo-bomberos-voluntarios-presentara-su-libro-bomberos-de-tornquist-60-anos-2\/\",\"name\":\"La Asociaci\u00f3n Cuerpo Bomberos Voluntarios presentar\u00e1 su libro \u201cBomberos de Tornquist \u2013 60 A\u00f1os\u201d - CELTTV\",\"isPartOf\":{\"@id\":\"https:\/\/www.celttv.com.ar\/#website\"},\"datePublished\":\"2023-11-10T20:20:30+00:00\",\"dateModified\":\"2023-11-10T20:20:30+00:00\",\"description\":\"Sitio web de noticias de la localidad de Tornquist, provincia de Buenos Aires, Rep\u00fablica Argentina. Contenido propio originado por periodistas de CELTTV, el canal de TV local de la Cooperativa El\u00e9ctrica de Tornquist. Turismo, Pol\u00edtica, Sociedad, Deporte, Cultura y todo el contenido de inter\u00e9s general que la gente del pueblo y la regi\u00f3n debe conocer.\",\"breadcrumb\":{\"@id\":\"https:\/\/www.celttv.com.ar\/index.php\/2023\/11\/10\/la-asociacion-cuerpo-bomberos-voluntarios-presentara-su-libro-bomberos-de-tornquist-60-anos-2\/#breadcrumb\"},\"inLanguage\":\"es\",\"potentialAction\":[{\"@type\":\"ReadAction\",\"target\":[\"https:\/\/www.celttv.com.ar\/index.php\/2023\/11\/10\/la-asociacion-cuerpo-bomberos-voluntarios-presentara-su-libro-bomberos-de-tornquist-60-anos-2\/\"]}]},{\"@type\":\"BreadcrumbList\",\"@id\":\"https:\/\/www.celttv.com.ar\/index.php\/2023\/11\/10\/la-asociacion-cuerpo-bomberos-voluntarios-presentara-su-libro-bomberos-de-tornquist-60-anos-2\/#breadcrumb\",\"itemListElement\":[{\"@type\":\"ListItem\",\"position\":1,\"name\":\"Inicio\",\"item\":\"https:\/\/www.celttv.com.ar\/\"},{\"@type\":\"ListItem\",\"position\":2,\"name\":\"La Asociaci\u00f3n Cuerpo Bomberos Voluntarios presentar\u00e1 su libro \u201cBomberos de Tornquist \u2013 60 A\u00f1os\u201d\"}]},{\"@type\":\"WebSite\",\"@id\":\"https:\/\/www.celttv.com.ar\/#website\",\"url\":\"https:\/\/www.celttv.com.ar\/\",\"name\":\"CELTTV\",\"description\":\"Cooperativa El\u00e9ctrica de Tornquist\",\"publisher\":{\"@id\":\"https:\/\/www.celttv.com.ar\/#organization\"},\"potentialAction\":[{\"@type\":\"SearchAction\",\"target\":{\"@type\":\"EntryPoint\",\"urlTemplate\":\"https:\/\/www.celttv.com.ar\/?s={search_term_string}\"},\"query-input\":\"required name=search_term_string\"}],\"inLanguage\":\"es\"},{\"@type\":\"Organization\",\"@id\":\"https:\/\/www.celttv.com.ar\/#organization\",\"name\":\"CELTTV\",\"url\":\"https:\/\/www.celttv.com.ar\/\",\"sameAs\":[\"https:\/\/www.youtube.com\/channel\/UCz_oIt8Hig64Ub-EmcNPIhg\",\"https:\/\/www.facebook.com\/celtTV\/\"],\"logo\":{\"@type\":\"ImageObject\",\"inLanguage\":\"es\",\"@id\":\"https:\/\/www.celttv.com.ar\/#\/schema\/logo\/image\/\",\"url\":\"http:\/\/www.celttv.com.ar\/wp-content\/uploads\/2022\/08\/logo-1.png\",\"contentUrl\":\"http:\/\/www.celttv.com.ar\/wp-content\/uploads\/2022\/08\/logo-1.png\",\"width\":461,\"height\":159,\"caption\":\"CELTTV\"},\"image\":{\"@id\":\"https:\/\/www.celttv.com.ar\/#\/schema\/logo\/image\/\"}},{\"@type\":\"Person\",\"@id\":\"https:\/\/www.celttv.com.ar\/#\/schema\/person\/9059dc91dc7204ef4182cdb65225f07d\",\"name\":\"Miguel Herrada\",\"image\":{\"@type\":\"ImageObject\",\"inLanguage\":\"es\",\"@id\":\"https:\/\/www.celttv.com.ar\/#\/schema\/person\/image\/\",\"url\":\"https:\/\/secure.gravatar.com\/avatar\/67724d5b3c716623ffd76bec7e45841a442ac3b456e914dbba90b0fad2b8e0b1?s=96&d=mm&r=g\",\"contentUrl\":\"https:\/\/secure.gravatar.com\/avatar\/67724d5b3c716623ffd76bec7e45841a442ac3b456e914dbba90b0fad2b8e0b1?s=96&d=mm&r=g\",\"caption\":\"Miguel Herrada\"}}]}<\/script>\n<!-- \/ Yoast SEO plugin. -->","yoast_head_json":{"title":"La Asociaci\u00f3n Cuerpo Bomberos Voluntarios presentar\u00e1 su libro \u201cBomberos de Tornquist \u2013 60 A\u00f1os\u201d - CELTTV","description":"Sitio web de noticias de la localidad de Tornquist, provincia de Buenos Aires, Rep\u00fablica Argentina. Contenido propio originado por periodistas de CELTTV, el canal de TV local de la Cooperativa El\u00e9ctrica de Tornquist. Turismo, Pol\u00edtica, Sociedad, Deporte, Cultura y todo el contenido de inter\u00e9s general que la gente del pueblo y la regi\u00f3n debe conocer.","robots":{"index":"index","follow":"follow","max-snippet":"max-snippet:-1","max-image-preview":"max-image-preview:large","max-video-preview":"max-video-preview:-1"},"canonical":"https:\/\/www.celttv.com.ar\/index.php\/2023\/11\/10\/la-asociacion-cuerpo-bomberos-voluntarios-presentara-su-libro-bomberos-de-tornquist-60-anos-2\/","og_locale":"es_ES","og_type":"article","og_title":"La Asociaci\u00f3n Cuerpo Bomberos Voluntarios presentar\u00e1 su libro \u201cBomberos de Tornquist \u2013 60 A\u00f1os\u201d - CELTTV","og_description":"Sitio web de noticias de la localidad de Tornquist, provincia de Buenos Aires, Rep\u00fablica Argentina. Contenido propio originado por periodistas de CELTTV, el canal de TV local de la Cooperativa El\u00e9ctrica de Tornquist. Turismo, Pol\u00edtica, Sociedad, Deporte, Cultura y todo el contenido de inter\u00e9s general que la gente del pueblo y la regi\u00f3n debe conocer.","og_url":"https:\/\/www.celttv.com.ar\/index.php\/2023\/11\/10\/la-asociacion-cuerpo-bomberos-voluntarios-presentara-su-libro-bomberos-de-tornquist-60-anos-2\/","og_site_name":"CELTTV","article_publisher":"https:\/\/www.facebook.com\/celtTV\/","article_published_time":"2023-11-10T20:20:30+00:00","og_image":[{"width":1755,"height":1241,"url":"https:\/\/www.celttv.com.ar\/wp-content\/uploads\/2023\/11\/bomberos-voluntarios.jpg","type":"image\/jpeg"}],"author":"Miguel Herrada","twitter_card":"summary_large_image","twitter_misc":{"Escrito por":"Miguel Herrada"},"schema":{"@context":"https:\/\/schema.org","@graph":[{"@type":"NewsArticle","@id":"https:\/\/www.celttv.com.ar\/index.php\/2023\/11\/10\/la-asociacion-cuerpo-bomberos-voluntarios-presentara-su-libro-bomberos-de-tornquist-60-anos-2\/#article","isPartOf":{"@id":"https:\/\/www.celttv.com.ar\/index.php\/2023\/11\/10\/la-asociacion-cuerpo-bomberos-voluntarios-presentara-su-libro-bomberos-de-tornquist-60-anos-2\/"},"author":{"name":"Miguel Herrada","@id":"https:\/\/www.celttv.com.ar\/#\/schema\/person\/9059dc91dc7204ef4182cdb65225f07d"},"headline":"La Asociaci\u00f3n Cuerpo Bomberos Voluntarios presentar\u00e1 su libro \u201cBomberos de Tornquist \u2013 60 A\u00f1os\u201d","datePublished":"2023-11-10T20:20:30+00:00","dateModified":"2023-11-10T20:20:30+00:00","mainEntityOfPage":{"@id":"https:\/\/www.celttv.com.ar\/index.php\/2023\/11\/10\/la-asociacion-cuerpo-bomberos-voluntarios-presentara-su-libro-bomberos-de-tornquist-60-anos-2\/"},"wordCount":92,"publisher":{"@id":"https:\/\/www.celttv.com.ar\/#organization"},"articleSection":["Comunidad","Culture","Destacadas"],"inLanguage":"es"},{"@type":"WebPage","@id":"https:\/\/www.celttv.com.ar\/index.php\/2023\/11\/10\/la-asociacion-cuerpo-bomberos-voluntarios-presentara-su-libro-bomberos-de-tornquist-60-anos-2\/","url":"https:\/\/www.celttv.com.ar\/index.php\/2023\/11\/10\/la-asociacion-cuerpo-bomberos-voluntarios-presentara-su-libro-bomberos-de-tornquist-60-anos-2\/","name":"La Asociaci\u00f3n Cuerpo Bomberos Voluntarios presentar\u00e1 su libro \u201cBomberos de Tornquist \u2013 60 A\u00f1os\u201d - CELTTV","isPartOf":{"@id":"https:\/\/www.celttv.com.ar\/#website"},"datePublished":"2023-11-10T20:20:30+00:00","dateModified":"2023-11-10T20:20:30+00:00","description":"Sitio web de noticias de la localidad de Tornquist, provincia de Buenos Aires, Rep\u00fablica Argentina. Contenido propio originado por periodistas de CELTTV, el canal de TV local de la Cooperativa El\u00e9ctrica de Tornquist. Turismo, Pol\u00edtica, Sociedad, Deporte, Cultura y todo el contenido de inter\u00e9s general que la gente del pueblo y la regi\u00f3n debe conocer.","breadcrumb":{"@id":"https:\/\/www.celttv.com.ar\/index.php\/2023\/11\/10\/la-asociacion-cuerpo-bomberos-voluntarios-presentara-su-libro-bomberos-de-tornquist-60-anos-2\/#breadcrumb"},"inLanguage":"es","potentialAction":[{"@type":"ReadAction","target":["https:\/\/www.celttv.com.ar\/index.php\/2023\/11\/10\/la-asociacion-cuerpo-bomberos-voluntarios-presentara-su-libro-bomberos-de-tornquist-60-anos-2\/"]}]},{"@type":"BreadcrumbList","@id":"https:\/\/www.celttv.com.ar\/index.php\/2023\/11\/10\/la-asociacion-cuerpo-bomberos-voluntarios-presentara-su-libro-bomberos-de-tornquist-60-anos-2\/#breadcrumb","itemListElement":[{"@type":"ListItem","position":1,"name":"Inicio","item":"https:\/\/www.celttv.com.ar\/"},{"@type":"ListItem","position":2,"name":"La Asociaci\u00f3n Cuerpo Bomberos Voluntarios presentar\u00e1 su libro \u201cBomberos de Tornquist \u2013 60 A\u00f1os\u201d"}]},{"@type":"WebSite","@id":"https:\/\/www.celttv.com.ar\/#website","url":"https:\/\/www.celttv.com.ar\/","name":"CELTTV","description":"Cooperativa El\u00e9ctrica de Tornquist","publisher":{"@id":"https:\/\/www.celttv.com.ar\/#organization"},"potentialAction":[{"@type":"SearchAction","target":{"@type":"EntryPoint","urlTemplate":"https:\/\/www.celttv.com.ar\/?s={search_term_string}"},"query-input":"required name=search_term_string"}],"inLanguage":"es"},{"@type":"Organization","@id":"https:\/\/www.celttv.com.ar\/#organization","name":"CELTTV","url":"https:\/\/www.celttv.com.ar\/","sameAs":["https:\/\/www.youtube.com\/channel\/UCz_oIt8Hig64Ub-EmcNPIhg","https:\/\/www.facebook.com\/celtTV\/"],"logo":{"@type":"ImageObject","inLanguage":"es","@id":"https:\/\/www.celttv.com.ar\/#\/schema\/logo\/image\/","url":"http:\/\/www.celttv.com.ar\/wp-content\/uploads\/2022\/08\/logo-1.png","contentUrl":"http:\/\/www.celttv.com.ar\/wp-content\/uploads\/2022\/08\/logo-1.png","width":461,"height":159,"caption":"CELTTV"},"image":{"@id":"https:\/\/www.celttv.com.ar\/#\/schema\/logo\/image\/"}},{"@type":"Person","@id":"https:\/\/www.celttv.com.ar\/#\/schema\/person\/9059dc91dc7204ef4182cdb65225f07d","name":"Miguel Herrada","image":{"@type":"ImageObject","inLanguage":"es","@id":"https:\/\/www.celttv.com.ar\/#\/schema\/person\/image\/","url":"https:\/\/secure.gravatar.com\/avatar\/67724d5b3c716623ffd76bec7e45841a442ac3b456e914dbba90b0fad2b8e0b1?s=96&d=mm&r=g","contentUrl":"https:\/\/secure.gravatar.com\/avatar\/67724d5b3c716623ffd76bec7e45841a442ac3b456e914dbba90b0fad2b8e0b1?s=96&d=mm&r=g","caption":"Miguel Herrada"}}]}},"_links":{"self":[{"href":"https:\/\/www.celttv.com.ar\/index.php\/wp-json\/wp\/v2\/posts\/80279","targetHints":{"allow":["GET"]}}],"collection":[{"href":"https:\/\/www.celttv.com.ar\/index.php\/wp-json\/wp\/v2\/posts"}],"about":[{"href":"https:\/\/www.celttv.com.ar\/index.php\/wp-json\/wp\/v2\/types\/post"}],"author":[{"embeddable":true,"href":"https:\/\/www.celttv.com.ar\/index.php\/wp-json\/wp\/v2\/users\/5"}],"replies":[{"embeddable":true,"href":"https:\/\/www.celttv.com.ar\/index.php\/wp-json\/wp\/v2\/comments?post=80279"}],"version-history":[{"count":1,"href":"https:\/\/www.celttv.com.ar\/index.php\/wp-json\/wp\/v2\/posts\/80279\/revisions"}],"predecessor-version":[{"id":80280,"href":"https:\/\/www.celttv.com.ar\/index.php\/wp-json\/wp\/v2\/posts\/80279\/revisions\/80280"}],"wp:featuredmedia":[{"embeddable":true,"href":"https:\/\/www.celttv.com.ar\/index.php\/wp-json\/wp\/v2\/media\/80221"}],"wp:attachment":[{"href":"https:\/\/www.celttv.com.ar\/index.php\/wp-json\/wp\/v2\/media?parent=80279"}],"wp:term":[{"taxonomy":"category","embeddable":true,"href":"https:\/\/www.celttv.com.ar\/index.php\/wp-json\/wp\/v2\/categories?post=80279"},{"taxonomy":"post_tag","embeddable":true,"href":"https:\/\/www.celttv.com.ar\/index.php\/wp-json\/wp\/v2\/tags?post=80279"}],"curies":[{"name":"wp","href":"https:\/\/api.w.org\/{rel}","templated":true}]}}