{"id":80313,"date":"2023-11-12T23:04:54","date_gmt":"2023-11-13T02:04:54","guid":{"rendered":"http:\/\/www.celttv.com.ar\/?p=80313"},"modified":"2023-11-12T23:04:54","modified_gmt":"2023-11-13T02:04:54","slug":"comunicado-del-consejo-de-las-mujeres-tornquist-democracia-si-milei-no","status":"publish","type":"post","link":"https:\/\/www.celttv.com.ar\/index.php\/2023\/11\/12\/comunicado-del-consejo-de-las-mujeres-tornquist-democracia-si-milei-no\/","title":{"rendered":"Comunicado del Consejo de las Mujeres Tornquist: \u00a1DEMOCRACIA S\u00cd\u2026 MILEI NO!!!"},"content":{"rendered":"<p><span lang=\"ES\">El Consejo de las Mujeres Tornquist es, desde su creaci\u00f3n en 2018, \u00a0una colectiva de mujeres voluntarias comprometidas con los derechos adquiridos en los cuarenta a\u00f1os de democracia y movilizadas por lo que a\u00fan nos falta lograr.<\/span><\/p>\n<p><span lang=\"ES\">Porque somos parte de esta comunidad y porque es nuestra \u00a0raz\u00f3n de ser aportar a la construcci\u00f3n de una sociedad m\u00e1s emp\u00e1tica, mejor informada, m\u00e1s sensible y m\u00e1s inclusiva queremos, en este momento en que transitamos la \u00faltima etapa del proceso electoral 2023, manifestar enf\u00e1ticamente que queremos vivir en un pa\u00eds donde:<\/span><\/p>\n<p><span lang=\"ES\">\u00fc\u00a0\u00a0<\/span><span lang=\"ES\">Se respeten las diferencias, se rechacen la discriminaci\u00f3n y \u00a0la violencia contra las mujeres y diversidades en todas sus formas, se consolide \u00a0la equidad de g\u00e9nero,\u00a0 se optimice la igualdad de oportunidades, se proteja a las ni\u00f1eces y se cuide a la ancianidad.<\/span><\/p>\n<p><span lang=\"ES\">\u00fc\u00a0\u00a0<\/span><span lang=\"ES\">Se fortalezca el estado de derecho, la independencia de los poderes,\u00a0 el respeto por las libertades de los ciudadanos, la defensa de la soberan\u00eda de Malvinas y del territorio nacional.<\/span><\/p>\n<p><span lang=\"ES\">\u00fc\u00a0\u00a0<\/span><span lang=\"ES\">Se garantice a todxs sus ciudadanxs el acceso a derechos tales como un medio ambiente saludable con crecimiento y desarrollo, la\u00a0 salud y la educaci\u00f3n p\u00fablica y gratuita y tantos otros establecidos en la Constituci\u00f3n Nacional.<\/span><\/p>\n<p><span lang=\"ES\">\u00fc\u00a0\u00a0<\/span><span lang=\"ES\">Se propicie y se celebre \u00a0la democracia todos los d\u00edas reafirmando la convicci\u00f3n de Memoria, Verdad y Justicia para que NUNCA M\u00c1S se imprima en nuestro suelo la huella de la exclusi\u00f3n, el endeudamiento, la desocupaci\u00f3n, la par\u00e1lisis de la producci\u00f3n, la demonizaci\u00f3n de la pol\u00edtica, la persecuci\u00f3n y la represi\u00f3n; el aislamiento,<\/span><span lang=\"ES\">\u00a0<\/span><span lang=\"ES\">la intolerancia, \u00a0la prohibici\u00f3n, el silencio\u2026<\/span><\/p>\n<p><span lang=\"ES\">Nos merecemos vivir en un pa\u00eds m\u00e1s justo, m\u00e1s inclusivo, m\u00e1s esperanzado sin insultos, sin odio, sin amenazas, sin apremios, sin ayunos&#8230;\u00a0<\/span><\/p>\n<p><img loading=\"lazy\" decoding=\"async\" class=\"alignnone wp-image-80314 size-full\" src=\"http:\/\/www.celttv.com.ar\/wp-content\/uploads\/2023\/11\/Colectiva-feminista.jpg\" alt=\"\" width=\"404\" height=\"397\" srcset=\"https:\/\/www.celttv.com.ar\/wp-content\/uploads\/2023\/11\/Colectiva-feminista.jpg 404w, https:\/\/www.celttv.com.ar\/wp-content\/uploads\/2023\/11\/Colectiva-feminista-300x295.jpg 300w, https:\/\/www.celttv.com.ar\/wp-content\/uploads\/2023\/11\/Colectiva-feminista-75x75.jpg 75w\" sizes=\"auto, (max-width: 404px) 100vw, 404px\" \/><\/p>\n","protected":false},"excerpt":{"rendered":"<p>El Consejo de las Mujeres Tornquist es, desde su creaci\u00f3n en 2018, \u00a0una colectiva de mujeres voluntarias comprometidas con los derechos adquiridos en los cuarenta a\u00f1os de democracia y movilizadas por lo que a\u00fan nos falta lograr. Porque somos parte de esta comunidad y porque es nuestra \u00a0raz\u00f3n de ser aportar a la construcci\u00f3n de [&hellip;]<\/p>\n","protected":false},"author":5,"featured_media":80314,"comment_status":"closed","ping_status":"closed","sticky":false,"template":"","format":"standard","meta":{"footnotes":""},"categories":[51,52,53],"tags":[],"class_list":["post-80313","post","type-post","status-publish","format-standard","has-post-thumbnail","hentry","category-comunidad","category-destacadas","category-politica"],"yoast_head":"<!-- This site is optimized with the Yoast SEO plugin v19.7.1 - https:\/\/yoast.com\/wordpress\/plugins\/seo\/ -->\n<title>Comunicado del Consejo de las Mujeres Tornquist: \u00a1DEMOCRACIA S\u00cd\u2026 MILEI NO!!! - CELTTV<\/title>\n<meta name=\"description\" content=\"Sitio web de noticias de la localidad de Tornquist, provincia de Buenos Aires, Rep\u00fablica Argentina. Contenido propio originado por periodistas de CELTTV, el canal de TV local de la Cooperativa El\u00e9ctrica de Tornquist. Turismo, Pol\u00edtica, Sociedad, Deporte, Cultura y todo el contenido de inter\u00e9s general que la gente del pueblo y la regi\u00f3n debe conocer.\" \/>\n<meta name=\"robots\" content=\"index, follow, max-snippet:-1, max-image-preview:large, max-video-preview:-1\" \/>\n<link rel=\"canonical\" href=\"https:\/\/www.celttv.com.ar\/index.php\/2023\/11\/12\/comunicado-del-consejo-de-las-mujeres-tornquist-democracia-si-milei-no\/\" \/>\n<meta property=\"og:locale\" content=\"es_ES\" \/>\n<meta property=\"og:type\" content=\"article\" \/>\n<meta property=\"og:title\" content=\"Comunicado del Consejo de las Mujeres Tornquist: \u00a1DEMOCRACIA S\u00cd\u2026 MILEI NO!!! - CELTTV\" \/>\n<meta property=\"og:description\" content=\"Sitio web de noticias de la localidad de Tornquist, provincia de Buenos Aires, Rep\u00fablica Argentina. Contenido propio originado por periodistas de CELTTV, el canal de TV local de la Cooperativa El\u00e9ctrica de Tornquist. Turismo, Pol\u00edtica, Sociedad, Deporte, Cultura y todo el contenido de inter\u00e9s general que la gente del pueblo y la regi\u00f3n debe conocer.\" \/>\n<meta property=\"og:url\" content=\"https:\/\/www.celttv.com.ar\/index.php\/2023\/11\/12\/comunicado-del-consejo-de-las-mujeres-tornquist-democracia-si-milei-no\/\" \/>\n<meta property=\"og:site_name\" content=\"CELTTV\" \/>\n<meta property=\"article:publisher\" content=\"https:\/\/www.facebook.com\/celtTV\/\" \/>\n<meta property=\"article:published_time\" content=\"2023-11-13T02:04:54+00:00\" \/>\n<meta property=\"og:image\" content=\"https:\/\/www.celttv.com.ar\/wp-content\/uploads\/2023\/11\/Colectiva-feminista.jpg\" \/>\n\t<meta property=\"og:image:width\" content=\"404\" \/>\n\t<meta property=\"og:image:height\" content=\"397\" \/>\n\t<meta property=\"og:image:type\" content=\"image\/jpeg\" \/>\n<meta name=\"author\" content=\"Miguel Herrada\" \/>\n<meta name=\"twitter:card\" content=\"summary_large_image\" \/>\n<meta name=\"twitter:label1\" content=\"Escrito por\" \/>\n\t<meta name=\"twitter:data1\" content=\"Miguel Herrada\" \/>\n\t<meta name=\"twitter:label2\" content=\"Tiempo de lectura\" \/>\n\t<meta name=\"twitter:data2\" content=\"2 minutos\" \/>\n<script type=\"application\/ld+json\" class=\"yoast-schema-graph\">{\"@context\":\"https:\/\/schema.org\",\"@graph\":[{\"@type\":\"NewsArticle\",\"@id\":\"https:\/\/www.celttv.com.ar\/index.php\/2023\/11\/12\/comunicado-del-consejo-de-las-mujeres-tornquist-democracia-si-milei-no\/#article\",\"isPartOf\":{\"@id\":\"https:\/\/www.celttv.com.ar\/index.php\/2023\/11\/12\/comunicado-del-consejo-de-las-mujeres-tornquist-democracia-si-milei-no\/\"},\"author\":{\"name\":\"Miguel Herrada\",\"@id\":\"https:\/\/www.celttv.com.ar\/#\/schema\/person\/9059dc91dc7204ef4182cdb65225f07d\"},\"headline\":\"Comunicado del Consejo de las Mujeres Tornquist: \u00a1DEMOCRACIA S\u00cd\u2026 MILEI NO!!!\",\"datePublished\":\"2023-11-13T02:04:54+00:00\",\"dateModified\":\"2023-11-13T02:04:54+00:00\",\"mainEntityOfPage\":{\"@id\":\"https:\/\/www.celttv.com.ar\/index.php\/2023\/11\/12\/comunicado-del-consejo-de-las-mujeres-tornquist-democracia-si-milei-no\/\"},\"wordCount\":322,\"publisher\":{\"@id\":\"https:\/\/www.celttv.com.ar\/#organization\"},\"articleSection\":[\"Comunidad\",\"Destacadas\",\"Pol\u00edtica\"],\"inLanguage\":\"es\"},{\"@type\":\"WebPage\",\"@id\":\"https:\/\/www.celttv.com.ar\/index.php\/2023\/11\/12\/comunicado-del-consejo-de-las-mujeres-tornquist-democracia-si-milei-no\/\",\"url\":\"https:\/\/www.celttv.com.ar\/index.php\/2023\/11\/12\/comunicado-del-consejo-de-las-mujeres-tornquist-democracia-si-milei-no\/\",\"name\":\"Comunicado del Consejo de las Mujeres Tornquist: \u00a1DEMOCRACIA S\u00cd\u2026 MILEI NO!!! - CELTTV\",\"isPartOf\":{\"@id\":\"https:\/\/www.celttv.com.ar\/#website\"},\"datePublished\":\"2023-11-13T02:04:54+00:00\",\"dateModified\":\"2023-11-13T02:04:54+00:00\",\"description\":\"Sitio web de noticias de la localidad de Tornquist, provincia de Buenos Aires, Rep\u00fablica Argentina. Contenido propio originado por periodistas de CELTTV, el canal de TV local de la Cooperativa El\u00e9ctrica de Tornquist. Turismo, Pol\u00edtica, Sociedad, Deporte, Cultura y todo el contenido de inter\u00e9s general que la gente del pueblo y la regi\u00f3n debe conocer.\",\"breadcrumb\":{\"@id\":\"https:\/\/www.celttv.com.ar\/index.php\/2023\/11\/12\/comunicado-del-consejo-de-las-mujeres-tornquist-democracia-si-milei-no\/#breadcrumb\"},\"inLanguage\":\"es\",\"potentialAction\":[{\"@type\":\"ReadAction\",\"target\":[\"https:\/\/www.celttv.com.ar\/index.php\/2023\/11\/12\/comunicado-del-consejo-de-las-mujeres-tornquist-democracia-si-milei-no\/\"]}]},{\"@type\":\"BreadcrumbList\",\"@id\":\"https:\/\/www.celttv.com.ar\/index.php\/2023\/11\/12\/comunicado-del-consejo-de-las-mujeres-tornquist-democracia-si-milei-no\/#breadcrumb\",\"itemListElement\":[{\"@type\":\"ListItem\",\"position\":1,\"name\":\"Inicio\",\"item\":\"https:\/\/www.celttv.com.ar\/\"},{\"@type\":\"ListItem\",\"position\":2,\"name\":\"Comunicado del Consejo de las Mujeres Tornquist: \u00a1DEMOCRACIA S\u00cd\u2026 MILEI NO!!!\"}]},{\"@type\":\"WebSite\",\"@id\":\"https:\/\/www.celttv.com.ar\/#website\",\"url\":\"https:\/\/www.celttv.com.ar\/\",\"name\":\"CELTTV\",\"description\":\"Cooperativa El\u00e9ctrica de Tornquist\",\"publisher\":{\"@id\":\"https:\/\/www.celttv.com.ar\/#organization\"},\"potentialAction\":[{\"@type\":\"SearchAction\",\"target\":{\"@type\":\"EntryPoint\",\"urlTemplate\":\"https:\/\/www.celttv.com.ar\/?s={search_term_string}\"},\"query-input\":\"required name=search_term_string\"}],\"inLanguage\":\"es\"},{\"@type\":\"Organization\",\"@id\":\"https:\/\/www.celttv.com.ar\/#organization\",\"name\":\"CELTTV\",\"url\":\"https:\/\/www.celttv.com.ar\/\",\"sameAs\":[\"https:\/\/www.youtube.com\/channel\/UCz_oIt8Hig64Ub-EmcNPIhg\",\"https:\/\/www.facebook.com\/celtTV\/\"],\"logo\":{\"@type\":\"ImageObject\",\"inLanguage\":\"es\",\"@id\":\"https:\/\/www.celttv.com.ar\/#\/schema\/logo\/image\/\",\"url\":\"http:\/\/www.celttv.com.ar\/wp-content\/uploads\/2022\/08\/logo-1.png\",\"contentUrl\":\"http:\/\/www.celttv.com.ar\/wp-content\/uploads\/2022\/08\/logo-1.png\",\"width\":461,\"height\":159,\"caption\":\"CELTTV\"},\"image\":{\"@id\":\"https:\/\/www.celttv.com.ar\/#\/schema\/logo\/image\/\"}},{\"@type\":\"Person\",\"@id\":\"https:\/\/www.celttv.com.ar\/#\/schema\/person\/9059dc91dc7204ef4182cdb65225f07d\",\"name\":\"Miguel Herrada\",\"image\":{\"@type\":\"ImageObject\",\"inLanguage\":\"es\",\"@id\":\"https:\/\/www.celttv.com.ar\/#\/schema\/person\/image\/\",\"url\":\"https:\/\/secure.gravatar.com\/avatar\/67724d5b3c716623ffd76bec7e45841a442ac3b456e914dbba90b0fad2b8e0b1?s=96&d=mm&r=g\",\"contentUrl\":\"https:\/\/secure.gravatar.com\/avatar\/67724d5b3c716623ffd76bec7e45841a442ac3b456e914dbba90b0fad2b8e0b1?s=96&d=mm&r=g\",\"caption\":\"Miguel Herrada\"}}]}<\/script>\n<!-- \/ Yoast SEO plugin. -->","yoast_head_json":{"title":"Comunicado del Consejo de las Mujeres Tornquist: \u00a1DEMOCRACIA S\u00cd\u2026 MILEI NO!!! - CELTTV","description":"Sitio web de noticias de la localidad de Tornquist, provincia de Buenos Aires, Rep\u00fablica Argentina. Contenido propio originado por periodistas de CELTTV, el canal de TV local de la Cooperativa El\u00e9ctrica de Tornquist. Turismo, Pol\u00edtica, Sociedad, Deporte, Cultura y todo el contenido de inter\u00e9s general que la gente del pueblo y la regi\u00f3n debe conocer.","robots":{"index":"index","follow":"follow","max-snippet":"max-snippet:-1","max-image-preview":"max-image-preview:large","max-video-preview":"max-video-preview:-1"},"canonical":"https:\/\/www.celttv.com.ar\/index.php\/2023\/11\/12\/comunicado-del-consejo-de-las-mujeres-tornquist-democracia-si-milei-no\/","og_locale":"es_ES","og_type":"article","og_title":"Comunicado del Consejo de las Mujeres Tornquist: \u00a1DEMOCRACIA S\u00cd\u2026 MILEI NO!!! - CELTTV","og_description":"Sitio web de noticias de la localidad de Tornquist, provincia de Buenos Aires, Rep\u00fablica Argentina. Contenido propio originado por periodistas de CELTTV, el canal de TV local de la Cooperativa El\u00e9ctrica de Tornquist. Turismo, Pol\u00edtica, Sociedad, Deporte, Cultura y todo el contenido de inter\u00e9s general que la gente del pueblo y la regi\u00f3n debe conocer.","og_url":"https:\/\/www.celttv.com.ar\/index.php\/2023\/11\/12\/comunicado-del-consejo-de-las-mujeres-tornquist-democracia-si-milei-no\/","og_site_name":"CELTTV","article_publisher":"https:\/\/www.facebook.com\/celtTV\/","article_published_time":"2023-11-13T02:04:54+00:00","og_image":[{"width":404,"height":397,"url":"https:\/\/www.celttv.com.ar\/wp-content\/uploads\/2023\/11\/Colectiva-feminista.jpg","type":"image\/jpeg"}],"author":"Miguel Herrada","twitter_card":"summary_large_image","twitter_misc":{"Escrito por":"Miguel Herrada","Tiempo de lectura":"2 minutos"},"schema":{"@context":"https:\/\/schema.org","@graph":[{"@type":"NewsArticle","@id":"https:\/\/www.celttv.com.ar\/index.php\/2023\/11\/12\/comunicado-del-consejo-de-las-mujeres-tornquist-democracia-si-milei-no\/#article","isPartOf":{"@id":"https:\/\/www.celttv.com.ar\/index.php\/2023\/11\/12\/comunicado-del-consejo-de-las-mujeres-tornquist-democracia-si-milei-no\/"},"author":{"name":"Miguel Herrada","@id":"https:\/\/www.celttv.com.ar\/#\/schema\/person\/9059dc91dc7204ef4182cdb65225f07d"},"headline":"Comunicado del Consejo de las Mujeres Tornquist: \u00a1DEMOCRACIA S\u00cd\u2026 MILEI NO!!!","datePublished":"2023-11-13T02:04:54+00:00","dateModified":"2023-11-13T02:04:54+00:00","mainEntityOfPage":{"@id":"https:\/\/www.celttv.com.ar\/index.php\/2023\/11\/12\/comunicado-del-consejo-de-las-mujeres-tornquist-democracia-si-milei-no\/"},"wordCount":322,"publisher":{"@id":"https:\/\/www.celttv.com.ar\/#organization"},"articleSection":["Comunidad","Destacadas","Pol\u00edtica"],"inLanguage":"es"},{"@type":"WebPage","@id":"https:\/\/www.celttv.com.ar\/index.php\/2023\/11\/12\/comunicado-del-consejo-de-las-mujeres-tornquist-democracia-si-milei-no\/","url":"https:\/\/www.celttv.com.ar\/index.php\/2023\/11\/12\/comunicado-del-consejo-de-las-mujeres-tornquist-democracia-si-milei-no\/","name":"Comunicado del Consejo de las Mujeres Tornquist: \u00a1DEMOCRACIA S\u00cd\u2026 MILEI NO!!! - CELTTV","isPartOf":{"@id":"https:\/\/www.celttv.com.ar\/#website"},"datePublished":"2023-11-13T02:04:54+00:00","dateModified":"2023-11-13T02:04:54+00:00","description":"Sitio web de noticias de la localidad de Tornquist, provincia de Buenos Aires, Rep\u00fablica Argentina. Contenido propio originado por periodistas de CELTTV, el canal de TV local de la Cooperativa El\u00e9ctrica de Tornquist. Turismo, Pol\u00edtica, Sociedad, Deporte, Cultura y todo el contenido de inter\u00e9s general que la gente del pueblo y la regi\u00f3n debe conocer.","breadcrumb":{"@id":"https:\/\/www.celttv.com.ar\/index.php\/2023\/11\/12\/comunicado-del-consejo-de-las-mujeres-tornquist-democracia-si-milei-no\/#breadcrumb"},"inLanguage":"es","potentialAction":[{"@type":"ReadAction","target":["https:\/\/www.celttv.com.ar\/index.php\/2023\/11\/12\/comunicado-del-consejo-de-las-mujeres-tornquist-democracia-si-milei-no\/"]}]},{"@type":"BreadcrumbList","@id":"https:\/\/www.celttv.com.ar\/index.php\/2023\/11\/12\/comunicado-del-consejo-de-las-mujeres-tornquist-democracia-si-milei-no\/#breadcrumb","itemListElement":[{"@type":"ListItem","position":1,"name":"Inicio","item":"https:\/\/www.celttv.com.ar\/"},{"@type":"ListItem","position":2,"name":"Comunicado del Consejo de las Mujeres Tornquist: \u00a1DEMOCRACIA S\u00cd\u2026 MILEI NO!!!"}]},{"@type":"WebSite","@id":"https:\/\/www.celttv.com.ar\/#website","url":"https:\/\/www.celttv.com.ar\/","name":"CELTTV","description":"Cooperativa El\u00e9ctrica de Tornquist","publisher":{"@id":"https:\/\/www.celttv.com.ar\/#organization"},"potentialAction":[{"@type":"SearchAction","target":{"@type":"EntryPoint","urlTemplate":"https:\/\/www.celttv.com.ar\/?s={search_term_string}"},"query-input":"required name=search_term_string"}],"inLanguage":"es"},{"@type":"Organization","@id":"https:\/\/www.celttv.com.ar\/#organization","name":"CELTTV","url":"https:\/\/www.celttv.com.ar\/","sameAs":["https:\/\/www.youtube.com\/channel\/UCz_oIt8Hig64Ub-EmcNPIhg","https:\/\/www.facebook.com\/celtTV\/"],"logo":{"@type":"ImageObject","inLanguage":"es","@id":"https:\/\/www.celttv.com.ar\/#\/schema\/logo\/image\/","url":"http:\/\/www.celttv.com.ar\/wp-content\/uploads\/2022\/08\/logo-1.png","contentUrl":"http:\/\/www.celttv.com.ar\/wp-content\/uploads\/2022\/08\/logo-1.png","width":461,"height":159,"caption":"CELTTV"},"image":{"@id":"https:\/\/www.celttv.com.ar\/#\/schema\/logo\/image\/"}},{"@type":"Person","@id":"https:\/\/www.celttv.com.ar\/#\/schema\/person\/9059dc91dc7204ef4182cdb65225f07d","name":"Miguel Herrada","image":{"@type":"ImageObject","inLanguage":"es","@id":"https:\/\/www.celttv.com.ar\/#\/schema\/person\/image\/","url":"https:\/\/secure.gravatar.com\/avatar\/67724d5b3c716623ffd76bec7e45841a442ac3b456e914dbba90b0fad2b8e0b1?s=96&d=mm&r=g","contentUrl":"https:\/\/secure.gravatar.com\/avatar\/67724d5b3c716623ffd76bec7e45841a442ac3b456e914dbba90b0fad2b8e0b1?s=96&d=mm&r=g","caption":"Miguel Herrada"}}]}},"_links":{"self":[{"href":"https:\/\/www.celttv.com.ar\/index.php\/wp-json\/wp\/v2\/posts\/80313","targetHints":{"allow":["GET"]}}],"collection":[{"href":"https:\/\/www.celttv.com.ar\/index.php\/wp-json\/wp\/v2\/posts"}],"about":[{"href":"https:\/\/www.celttv.com.ar\/index.php\/wp-json\/wp\/v2\/types\/post"}],"author":[{"embeddable":true,"href":"https:\/\/www.celttv.com.ar\/index.php\/wp-json\/wp\/v2\/users\/5"}],"replies":[{"embeddable":true,"href":"https:\/\/www.celttv.com.ar\/index.php\/wp-json\/wp\/v2\/comments?post=80313"}],"version-history":[{"count":1,"href":"https:\/\/www.celttv.com.ar\/index.php\/wp-json\/wp\/v2\/posts\/80313\/revisions"}],"predecessor-version":[{"id":80315,"href":"https:\/\/www.celttv.com.ar\/index.php\/wp-json\/wp\/v2\/posts\/80313\/revisions\/80315"}],"wp:featuredmedia":[{"embeddable":true,"href":"https:\/\/www.celttv.com.ar\/index.php\/wp-json\/wp\/v2\/media\/80314"}],"wp:attachment":[{"href":"https:\/\/www.celttv.com.ar\/index.php\/wp-json\/wp\/v2\/media?parent=80313"}],"wp:term":[{"taxonomy":"category","embeddable":true,"href":"https:\/\/www.celttv.com.ar\/index.php\/wp-json\/wp\/v2\/categories?post=80313"},{"taxonomy":"post_tag","embeddable":true,"href":"https:\/\/www.celttv.com.ar\/index.php\/wp-json\/wp\/v2\/tags?post=80313"}],"curies":[{"name":"wp","href":"https:\/\/api.w.org\/{rel}","templated":true}]}}