{"id":80341,"date":"2023-11-13T11:45:02","date_gmt":"2023-11-13T14:45:02","guid":{"rendered":"http:\/\/www.celttv.com.ar\/?p=80341"},"modified":"2023-11-13T11:45:02","modified_gmt":"2023-11-13T14:45:02","slug":"hildo-ruben-meder-qepd-fallecio-en-tornquist-el-13-de-noviembre-de-2023-a-los-84-anos-de-edad","status":"publish","type":"post","link":"https:\/\/www.celttv.com.ar\/index.php\/2023\/11\/13\/hildo-ruben-meder-qepd-fallecio-en-tornquist-el-13-de-noviembre-de-2023-a-los-84-anos-de-edad\/","title":{"rendered":"Hildo Rub\u00e9n MEDER (qepd) Falleci\u00f3 en Tornquist el 13 de Noviembre de 2023 a los 84 a\u00f1os de edad."},"content":{"rendered":"<h4>Hildo Rub\u00e9n MEDER (qepd) Falleci\u00f3 en Tornquist el 13 de Noviembre de 2023 a los 84 a\u00f1os de edad. Su esposa Silvia GRIBALDO. Sus hijos Claudia, Mar\u00eda de los \u00c1ngeles, Diego y Rub\u00e9n MEDER. Sus hijos pol\u00edticos, nietos, nietos pol\u00edticos y bisnieto. Sus amistades y dem\u00e1s familiares participan su deceso y comunican que sus restos ser\u00e1n inhumados hoy (lunes 13\/11\/2023) a las 17.30 horas en la necr\u00f3polis de nuestra localidad. Casa velatoria G\u00fcemes 236, Tornquist. Casa de duelo Florentino Ameghino 155, Tornquist. Servicio a cargo de la Cooperativa El\u00e9ctrica Limitada de Tornquist.<\/h4>\n","protected":false},"excerpt":{"rendered":"<p>Hildo Rub\u00e9n MEDER (qepd) Falleci\u00f3 en Tornquist el 13 de Noviembre de 2023 a los 84 a\u00f1os de edad. Su esposa Silvia GRIBALDO. Sus hijos Claudia, Mar\u00eda de los \u00c1ngeles, Diego y Rub\u00e9n MEDER. Sus hijos pol\u00edticos, nietos, nietos pol\u00edticos y bisnieto. Sus amistades y dem\u00e1s familiares participan su deceso y comunican que sus restos [&hellip;]<\/p>\n","protected":false},"author":3,"featured_media":0,"comment_status":"closed","ping_status":"closed","sticky":false,"template":"","format":"standard","meta":{"footnotes":""},"categories":[50],"tags":[],"class_list":["post-80341","post","type-post","status-publish","format-standard","hentry","category-necrologicas"],"yoast_head":"<!-- This site is optimized with the Yoast SEO plugin v19.7.1 - https:\/\/yoast.com\/wordpress\/plugins\/seo\/ -->\n<title>Hildo Rub\u00e9n MEDER (qepd) Falleci\u00f3 en Tornquist el 13 de Noviembre de 2023 a los 84 a\u00f1os de edad. - CELTTV<\/title>\n<meta name=\"description\" content=\"Sitio web de noticias de la localidad de Tornquist, provincia de Buenos Aires, Rep\u00fablica Argentina. Contenido propio originado por periodistas de CELTTV, el canal de TV local de la Cooperativa El\u00e9ctrica de Tornquist. Turismo, Pol\u00edtica, Sociedad, Deporte, Cultura y todo el contenido de inter\u00e9s general que la gente del pueblo y la regi\u00f3n debe conocer.\" \/>\n<meta name=\"robots\" content=\"index, follow, max-snippet:-1, max-image-preview:large, max-video-preview:-1\" \/>\n<link rel=\"canonical\" href=\"https:\/\/www.celttv.com.ar\/index.php\/2023\/11\/13\/hildo-ruben-meder-qepd-fallecio-en-tornquist-el-13-de-noviembre-de-2023-a-los-84-anos-de-edad\/\" \/>\n<meta property=\"og:locale\" content=\"es_ES\" \/>\n<meta property=\"og:type\" content=\"article\" \/>\n<meta property=\"og:title\" content=\"Hildo Rub\u00e9n MEDER (qepd) Falleci\u00f3 en Tornquist el 13 de Noviembre de 2023 a los 84 a\u00f1os de edad. - CELTTV\" \/>\n<meta property=\"og:description\" content=\"Sitio web de noticias de la localidad de Tornquist, provincia de Buenos Aires, Rep\u00fablica Argentina. Contenido propio originado por periodistas de CELTTV, el canal de TV local de la Cooperativa El\u00e9ctrica de Tornquist. Turismo, Pol\u00edtica, Sociedad, Deporte, Cultura y todo el contenido de inter\u00e9s general que la gente del pueblo y la regi\u00f3n debe conocer.\" \/>\n<meta property=\"og:url\" content=\"https:\/\/www.celttv.com.ar\/index.php\/2023\/11\/13\/hildo-ruben-meder-qepd-fallecio-en-tornquist-el-13-de-noviembre-de-2023-a-los-84-anos-de-edad\/\" \/>\n<meta property=\"og:site_name\" content=\"CELTTV\" \/>\n<meta property=\"article:publisher\" content=\"https:\/\/www.facebook.com\/celtTV\/\" \/>\n<meta property=\"article:published_time\" content=\"2023-11-13T14:45:02+00:00\" \/>\n<meta name=\"author\" content=\"Rodrigo Sgammini\" \/>\n<meta name=\"twitter:card\" content=\"summary_large_image\" \/>\n<meta name=\"twitter:label1\" content=\"Escrito por\" \/>\n\t<meta name=\"twitter:data1\" content=\"Rodrigo Sgammini\" \/>\n<script type=\"application\/ld+json\" class=\"yoast-schema-graph\">{\"@context\":\"https:\/\/schema.org\",\"@graph\":[{\"@type\":\"NewsArticle\",\"@id\":\"https:\/\/www.celttv.com.ar\/index.php\/2023\/11\/13\/hildo-ruben-meder-qepd-fallecio-en-tornquist-el-13-de-noviembre-de-2023-a-los-84-anos-de-edad\/#article\",\"isPartOf\":{\"@id\":\"https:\/\/www.celttv.com.ar\/index.php\/2023\/11\/13\/hildo-ruben-meder-qepd-fallecio-en-tornquist-el-13-de-noviembre-de-2023-a-los-84-anos-de-edad\/\"},\"author\":{\"name\":\"Rodrigo Sgammini\",\"@id\":\"https:\/\/www.celttv.com.ar\/#\/schema\/person\/495be51d064edd971d8457f8f64eb172\"},\"headline\":\"Hildo Rub\u00e9n MEDER (qepd) Falleci\u00f3 en Tornquist el 13 de Noviembre de 2023 a los 84 a\u00f1os de edad.\",\"datePublished\":\"2023-11-13T14:45:02+00:00\",\"dateModified\":\"2023-11-13T14:45:02+00:00\",\"mainEntityOfPage\":{\"@id\":\"https:\/\/www.celttv.com.ar\/index.php\/2023\/11\/13\/hildo-ruben-meder-qepd-fallecio-en-tornquist-el-13-de-noviembre-de-2023-a-los-84-anos-de-edad\/\"},\"wordCount\":114,\"publisher\":{\"@id\":\"https:\/\/www.celttv.com.ar\/#organization\"},\"articleSection\":[\"Necrol\u00f3gicas\"],\"inLanguage\":\"es\"},{\"@type\":\"WebPage\",\"@id\":\"https:\/\/www.celttv.com.ar\/index.php\/2023\/11\/13\/hildo-ruben-meder-qepd-fallecio-en-tornquist-el-13-de-noviembre-de-2023-a-los-84-anos-de-edad\/\",\"url\":\"https:\/\/www.celttv.com.ar\/index.php\/2023\/11\/13\/hildo-ruben-meder-qepd-fallecio-en-tornquist-el-13-de-noviembre-de-2023-a-los-84-anos-de-edad\/\",\"name\":\"Hildo Rub\u00e9n MEDER (qepd) Falleci\u00f3 en Tornquist el 13 de Noviembre de 2023 a los 84 a\u00f1os de edad. - CELTTV\",\"isPartOf\":{\"@id\":\"https:\/\/www.celttv.com.ar\/#website\"},\"datePublished\":\"2023-11-13T14:45:02+00:00\",\"dateModified\":\"2023-11-13T14:45:02+00:00\",\"description\":\"Sitio web de noticias de la localidad de Tornquist, provincia de Buenos Aires, Rep\u00fablica Argentina. Contenido propio originado por periodistas de CELTTV, el canal de TV local de la Cooperativa El\u00e9ctrica de Tornquist. Turismo, Pol\u00edtica, Sociedad, Deporte, Cultura y todo el contenido de inter\u00e9s general que la gente del pueblo y la regi\u00f3n debe conocer.\",\"breadcrumb\":{\"@id\":\"https:\/\/www.celttv.com.ar\/index.php\/2023\/11\/13\/hildo-ruben-meder-qepd-fallecio-en-tornquist-el-13-de-noviembre-de-2023-a-los-84-anos-de-edad\/#breadcrumb\"},\"inLanguage\":\"es\",\"potentialAction\":[{\"@type\":\"ReadAction\",\"target\":[\"https:\/\/www.celttv.com.ar\/index.php\/2023\/11\/13\/hildo-ruben-meder-qepd-fallecio-en-tornquist-el-13-de-noviembre-de-2023-a-los-84-anos-de-edad\/\"]}]},{\"@type\":\"BreadcrumbList\",\"@id\":\"https:\/\/www.celttv.com.ar\/index.php\/2023\/11\/13\/hildo-ruben-meder-qepd-fallecio-en-tornquist-el-13-de-noviembre-de-2023-a-los-84-anos-de-edad\/#breadcrumb\",\"itemListElement\":[{\"@type\":\"ListItem\",\"position\":1,\"name\":\"Inicio\",\"item\":\"https:\/\/www.celttv.com.ar\/\"},{\"@type\":\"ListItem\",\"position\":2,\"name\":\"Hildo Rub\u00e9n MEDER (qepd) Falleci\u00f3 en Tornquist el 13 de Noviembre de 2023 a los 84 a\u00f1os de edad.\"}]},{\"@type\":\"WebSite\",\"@id\":\"https:\/\/www.celttv.com.ar\/#website\",\"url\":\"https:\/\/www.celttv.com.ar\/\",\"name\":\"CELTTV\",\"description\":\"Cooperativa El\u00e9ctrica de Tornquist\",\"publisher\":{\"@id\":\"https:\/\/www.celttv.com.ar\/#organization\"},\"potentialAction\":[{\"@type\":\"SearchAction\",\"target\":{\"@type\":\"EntryPoint\",\"urlTemplate\":\"https:\/\/www.celttv.com.ar\/?s={search_term_string}\"},\"query-input\":\"required name=search_term_string\"}],\"inLanguage\":\"es\"},{\"@type\":\"Organization\",\"@id\":\"https:\/\/www.celttv.com.ar\/#organization\",\"name\":\"CELTTV\",\"url\":\"https:\/\/www.celttv.com.ar\/\",\"sameAs\":[\"https:\/\/www.youtube.com\/channel\/UCz_oIt8Hig64Ub-EmcNPIhg\",\"https:\/\/www.facebook.com\/celtTV\/\"],\"logo\":{\"@type\":\"ImageObject\",\"inLanguage\":\"es\",\"@id\":\"https:\/\/www.celttv.com.ar\/#\/schema\/logo\/image\/\",\"url\":\"http:\/\/www.celttv.com.ar\/wp-content\/uploads\/2022\/08\/logo-1.png\",\"contentUrl\":\"http:\/\/www.celttv.com.ar\/wp-content\/uploads\/2022\/08\/logo-1.png\",\"width\":461,\"height\":159,\"caption\":\"CELTTV\"},\"image\":{\"@id\":\"https:\/\/www.celttv.com.ar\/#\/schema\/logo\/image\/\"}},{\"@type\":\"Person\",\"@id\":\"https:\/\/www.celttv.com.ar\/#\/schema\/person\/495be51d064edd971d8457f8f64eb172\",\"name\":\"Rodrigo Sgammini\",\"image\":{\"@type\":\"ImageObject\",\"inLanguage\":\"es\",\"@id\":\"https:\/\/www.celttv.com.ar\/#\/schema\/person\/image\/\",\"url\":\"https:\/\/secure.gravatar.com\/avatar\/68f7848d42735e7a9276b47cd6e606327d88f521c51ae39d88888b76902e2987?s=96&d=mm&r=g\",\"contentUrl\":\"https:\/\/secure.gravatar.com\/avatar\/68f7848d42735e7a9276b47cd6e606327d88f521c51ae39d88888b76902e2987?s=96&d=mm&r=g\",\"caption\":\"Rodrigo Sgammini\"}}]}<\/script>\n<!-- \/ Yoast SEO plugin. -->","yoast_head_json":{"title":"Hildo Rub\u00e9n MEDER (qepd) Falleci\u00f3 en Tornquist el 13 de Noviembre de 2023 a los 84 a\u00f1os de edad. - CELTTV","description":"Sitio web de noticias de la localidad de Tornquist, provincia de Buenos Aires, Rep\u00fablica Argentina. Contenido propio originado por periodistas de CELTTV, el canal de TV local de la Cooperativa El\u00e9ctrica de Tornquist. Turismo, Pol\u00edtica, Sociedad, Deporte, Cultura y todo el contenido de inter\u00e9s general que la gente del pueblo y la regi\u00f3n debe conocer.","robots":{"index":"index","follow":"follow","max-snippet":"max-snippet:-1","max-image-preview":"max-image-preview:large","max-video-preview":"max-video-preview:-1"},"canonical":"https:\/\/www.celttv.com.ar\/index.php\/2023\/11\/13\/hildo-ruben-meder-qepd-fallecio-en-tornquist-el-13-de-noviembre-de-2023-a-los-84-anos-de-edad\/","og_locale":"es_ES","og_type":"article","og_title":"Hildo Rub\u00e9n MEDER (qepd) Falleci\u00f3 en Tornquist el 13 de Noviembre de 2023 a los 84 a\u00f1os de edad. - CELTTV","og_description":"Sitio web de noticias de la localidad de Tornquist, provincia de Buenos Aires, Rep\u00fablica Argentina. Contenido propio originado por periodistas de CELTTV, el canal de TV local de la Cooperativa El\u00e9ctrica de Tornquist. Turismo, Pol\u00edtica, Sociedad, Deporte, Cultura y todo el contenido de inter\u00e9s general que la gente del pueblo y la regi\u00f3n debe conocer.","og_url":"https:\/\/www.celttv.com.ar\/index.php\/2023\/11\/13\/hildo-ruben-meder-qepd-fallecio-en-tornquist-el-13-de-noviembre-de-2023-a-los-84-anos-de-edad\/","og_site_name":"CELTTV","article_publisher":"https:\/\/www.facebook.com\/celtTV\/","article_published_time":"2023-11-13T14:45:02+00:00","author":"Rodrigo Sgammini","twitter_card":"summary_large_image","twitter_misc":{"Escrito por":"Rodrigo Sgammini"},"schema":{"@context":"https:\/\/schema.org","@graph":[{"@type":"NewsArticle","@id":"https:\/\/www.celttv.com.ar\/index.php\/2023\/11\/13\/hildo-ruben-meder-qepd-fallecio-en-tornquist-el-13-de-noviembre-de-2023-a-los-84-anos-de-edad\/#article","isPartOf":{"@id":"https:\/\/www.celttv.com.ar\/index.php\/2023\/11\/13\/hildo-ruben-meder-qepd-fallecio-en-tornquist-el-13-de-noviembre-de-2023-a-los-84-anos-de-edad\/"},"author":{"name":"Rodrigo Sgammini","@id":"https:\/\/www.celttv.com.ar\/#\/schema\/person\/495be51d064edd971d8457f8f64eb172"},"headline":"Hildo Rub\u00e9n MEDER (qepd) Falleci\u00f3 en Tornquist el 13 de Noviembre de 2023 a los 84 a\u00f1os de edad.","datePublished":"2023-11-13T14:45:02+00:00","dateModified":"2023-11-13T14:45:02+00:00","mainEntityOfPage":{"@id":"https:\/\/www.celttv.com.ar\/index.php\/2023\/11\/13\/hildo-ruben-meder-qepd-fallecio-en-tornquist-el-13-de-noviembre-de-2023-a-los-84-anos-de-edad\/"},"wordCount":114,"publisher":{"@id":"https:\/\/www.celttv.com.ar\/#organization"},"articleSection":["Necrol\u00f3gicas"],"inLanguage":"es"},{"@type":"WebPage","@id":"https:\/\/www.celttv.com.ar\/index.php\/2023\/11\/13\/hildo-ruben-meder-qepd-fallecio-en-tornquist-el-13-de-noviembre-de-2023-a-los-84-anos-de-edad\/","url":"https:\/\/www.celttv.com.ar\/index.php\/2023\/11\/13\/hildo-ruben-meder-qepd-fallecio-en-tornquist-el-13-de-noviembre-de-2023-a-los-84-anos-de-edad\/","name":"Hildo Rub\u00e9n MEDER (qepd) Falleci\u00f3 en Tornquist el 13 de Noviembre de 2023 a los 84 a\u00f1os de edad. - CELTTV","isPartOf":{"@id":"https:\/\/www.celttv.com.ar\/#website"},"datePublished":"2023-11-13T14:45:02+00:00","dateModified":"2023-11-13T14:45:02+00:00","description":"Sitio web de noticias de la localidad de Tornquist, provincia de Buenos Aires, Rep\u00fablica Argentina. Contenido propio originado por periodistas de CELTTV, el canal de TV local de la Cooperativa El\u00e9ctrica de Tornquist. Turismo, Pol\u00edtica, Sociedad, Deporte, Cultura y todo el contenido de inter\u00e9s general que la gente del pueblo y la regi\u00f3n debe conocer.","breadcrumb":{"@id":"https:\/\/www.celttv.com.ar\/index.php\/2023\/11\/13\/hildo-ruben-meder-qepd-fallecio-en-tornquist-el-13-de-noviembre-de-2023-a-los-84-anos-de-edad\/#breadcrumb"},"inLanguage":"es","potentialAction":[{"@type":"ReadAction","target":["https:\/\/www.celttv.com.ar\/index.php\/2023\/11\/13\/hildo-ruben-meder-qepd-fallecio-en-tornquist-el-13-de-noviembre-de-2023-a-los-84-anos-de-edad\/"]}]},{"@type":"BreadcrumbList","@id":"https:\/\/www.celttv.com.ar\/index.php\/2023\/11\/13\/hildo-ruben-meder-qepd-fallecio-en-tornquist-el-13-de-noviembre-de-2023-a-los-84-anos-de-edad\/#breadcrumb","itemListElement":[{"@type":"ListItem","position":1,"name":"Inicio","item":"https:\/\/www.celttv.com.ar\/"},{"@type":"ListItem","position":2,"name":"Hildo Rub\u00e9n MEDER (qepd) Falleci\u00f3 en Tornquist el 13 de Noviembre de 2023 a los 84 a\u00f1os de edad."}]},{"@type":"WebSite","@id":"https:\/\/www.celttv.com.ar\/#website","url":"https:\/\/www.celttv.com.ar\/","name":"CELTTV","description":"Cooperativa El\u00e9ctrica de Tornquist","publisher":{"@id":"https:\/\/www.celttv.com.ar\/#organization"},"potentialAction":[{"@type":"SearchAction","target":{"@type":"EntryPoint","urlTemplate":"https:\/\/www.celttv.com.ar\/?s={search_term_string}"},"query-input":"required name=search_term_string"}],"inLanguage":"es"},{"@type":"Organization","@id":"https:\/\/www.celttv.com.ar\/#organization","name":"CELTTV","url":"https:\/\/www.celttv.com.ar\/","sameAs":["https:\/\/www.youtube.com\/channel\/UCz_oIt8Hig64Ub-EmcNPIhg","https:\/\/www.facebook.com\/celtTV\/"],"logo":{"@type":"ImageObject","inLanguage":"es","@id":"https:\/\/www.celttv.com.ar\/#\/schema\/logo\/image\/","url":"http:\/\/www.celttv.com.ar\/wp-content\/uploads\/2022\/08\/logo-1.png","contentUrl":"http:\/\/www.celttv.com.ar\/wp-content\/uploads\/2022\/08\/logo-1.png","width":461,"height":159,"caption":"CELTTV"},"image":{"@id":"https:\/\/www.celttv.com.ar\/#\/schema\/logo\/image\/"}},{"@type":"Person","@id":"https:\/\/www.celttv.com.ar\/#\/schema\/person\/495be51d064edd971d8457f8f64eb172","name":"Rodrigo Sgammini","image":{"@type":"ImageObject","inLanguage":"es","@id":"https:\/\/www.celttv.com.ar\/#\/schema\/person\/image\/","url":"https:\/\/secure.gravatar.com\/avatar\/68f7848d42735e7a9276b47cd6e606327d88f521c51ae39d88888b76902e2987?s=96&d=mm&r=g","contentUrl":"https:\/\/secure.gravatar.com\/avatar\/68f7848d42735e7a9276b47cd6e606327d88f521c51ae39d88888b76902e2987?s=96&d=mm&r=g","caption":"Rodrigo Sgammini"}}]}},"_links":{"self":[{"href":"https:\/\/www.celttv.com.ar\/index.php\/wp-json\/wp\/v2\/posts\/80341","targetHints":{"allow":["GET"]}}],"collection":[{"href":"https:\/\/www.celttv.com.ar\/index.php\/wp-json\/wp\/v2\/posts"}],"about":[{"href":"https:\/\/www.celttv.com.ar\/index.php\/wp-json\/wp\/v2\/types\/post"}],"author":[{"embeddable":true,"href":"https:\/\/www.celttv.com.ar\/index.php\/wp-json\/wp\/v2\/users\/3"}],"replies":[{"embeddable":true,"href":"https:\/\/www.celttv.com.ar\/index.php\/wp-json\/wp\/v2\/comments?post=80341"}],"version-history":[{"count":1,"href":"https:\/\/www.celttv.com.ar\/index.php\/wp-json\/wp\/v2\/posts\/80341\/revisions"}],"predecessor-version":[{"id":80342,"href":"https:\/\/www.celttv.com.ar\/index.php\/wp-json\/wp\/v2\/posts\/80341\/revisions\/80342"}],"wp:attachment":[{"href":"https:\/\/www.celttv.com.ar\/index.php\/wp-json\/wp\/v2\/media?parent=80341"}],"wp:term":[{"taxonomy":"category","embeddable":true,"href":"https:\/\/www.celttv.com.ar\/index.php\/wp-json\/wp\/v2\/categories?post=80341"},{"taxonomy":"post_tag","embeddable":true,"href":"https:\/\/www.celttv.com.ar\/index.php\/wp-json\/wp\/v2\/tags?post=80341"}],"curies":[{"name":"wp","href":"https:\/\/api.w.org\/{rel}","templated":true}]}}