{"id":80427,"date":"2023-11-16T11:14:42","date_gmt":"2023-11-16T14:14:42","guid":{"rendered":"http:\/\/www.celttv.com.ar\/?p=80427"},"modified":"2023-11-16T11:14:42","modified_gmt":"2023-11-16T14:14:42","slug":"el-38-encuentro-anual-de-profesionales-de-ciencias-economicas-en-el-ambito-municipal-se-desarrolla-en-sierra-de-la-ventana","status":"publish","type":"post","link":"https:\/\/www.celttv.com.ar\/index.php\/2023\/11\/16\/el-38-encuentro-anual-de-profesionales-de-ciencias-economicas-en-el-ambito-municipal-se-desarrolla-en-sierra-de-la-ventana\/","title":{"rendered":"El 38\u00b0 Encuentro Anual de Profesionales de Ciencias Econ\u00f3micas en el \u00c1mbito Municipal se desarrolla en Sierra de la Ventana"},"content":{"rendered":"<p>El intendente Sergio Bordoni encabez\u00f3 la apertura del 38\u00b0 Encuentro Anual de Profesionales de Ciencias Econ\u00f3micas en el \u00c1mbito Municipal, que se desarrolla desde este jueves al viernes en el Hotel Provincial de Sierra de la Ventana, con Tornquist Municipio como anfitri\u00f3n.<\/p>\n<p>Junto a Bordoni, estuvieron en la mesa de inicio del encuentro el Presidente del CPCE, Dr. Hugo Gimenez; el presidente de la delegaci\u00f3n del CPCE de Bah\u00eda Blanca, Hugo Albano; el Presidente Honorario, Dr. Oliver Benvenuto; y el Presidente de la Comisi\u00f3n del CPCE, Dr. Christian Potenza.<\/p>\n<p><img loading=\"lazy\" decoding=\"async\" class=\"alignnone wp-image-80432 size-large\" src=\"http:\/\/www.celttv.com.ar\/wp-content\/uploads\/2023\/11\/WhatsApp-Image-2023-11-16-at-10.36.53-AM-1024x682.jpeg\" alt=\"\" width=\"1024\" height=\"682\" srcset=\"https:\/\/www.celttv.com.ar\/wp-content\/uploads\/2023\/11\/WhatsApp-Image-2023-11-16-at-10.36.53-AM-1024x682.jpeg 1024w, https:\/\/www.celttv.com.ar\/wp-content\/uploads\/2023\/11\/WhatsApp-Image-2023-11-16-at-10.36.53-AM-300x200.jpeg 300w, https:\/\/www.celttv.com.ar\/wp-content\/uploads\/2023\/11\/WhatsApp-Image-2023-11-16-at-10.36.53-AM-768x512.jpeg 768w, https:\/\/www.celttv.com.ar\/wp-content\/uploads\/2023\/11\/WhatsApp-Image-2023-11-16-at-10.36.53-AM-1536x1023.jpeg 1536w, https:\/\/www.celttv.com.ar\/wp-content\/uploads\/2023\/11\/WhatsApp-Image-2023-11-16-at-10.36.53-AM-750x500.jpeg 750w, https:\/\/www.celttv.com.ar\/wp-content\/uploads\/2023\/11\/WhatsApp-Image-2023-11-16-at-10.36.53-AM-1140x760.jpeg 1140w, https:\/\/www.celttv.com.ar\/wp-content\/uploads\/2023\/11\/WhatsApp-Image-2023-11-16-at-10.36.53-AM.jpeg 1600w\" sizes=\"auto, (max-width: 1024px) 100vw, 1024px\" \/><\/p>\n<p>Por el municipio de Tornquist, participan la Secretaria de Hacienda, Estefania Bordoni; el Contador Municipal, Gaston M\u00e1rquez; la Sub contadora Patricia Pellizza; la Tesorera municipal, Mar\u00eda de lo \u00c1ngeles Elizalde; la su tesorera, Pamela Nazon; la Jefa de Compras, Griselda Franco; y la contadora del \u00e1rea de Ingresos y Sistemas, Andrea Gonzalez.<\/p>\n<p><img loading=\"lazy\" decoding=\"async\" class=\"alignnone wp-image-80428 size-large\" src=\"http:\/\/www.celttv.com.ar\/wp-content\/uploads\/2023\/11\/5c08733e-b04e-449d-9eef-3d7ac9172bbe-1024x682.jpg\" alt=\"\" width=\"1024\" height=\"682\" srcset=\"https:\/\/www.celttv.com.ar\/wp-content\/uploads\/2023\/11\/5c08733e-b04e-449d-9eef-3d7ac9172bbe-1024x682.jpg 1024w, https:\/\/www.celttv.com.ar\/wp-content\/uploads\/2023\/11\/5c08733e-b04e-449d-9eef-3d7ac9172bbe-300x200.jpg 300w, https:\/\/www.celttv.com.ar\/wp-content\/uploads\/2023\/11\/5c08733e-b04e-449d-9eef-3d7ac9172bbe-768x512.jpg 768w, https:\/\/www.celttv.com.ar\/wp-content\/uploads\/2023\/11\/5c08733e-b04e-449d-9eef-3d7ac9172bbe-1536x1023.jpg 1536w, https:\/\/www.celttv.com.ar\/wp-content\/uploads\/2023\/11\/5c08733e-b04e-449d-9eef-3d7ac9172bbe-750x500.jpg 750w, https:\/\/www.celttv.com.ar\/wp-content\/uploads\/2023\/11\/5c08733e-b04e-449d-9eef-3d7ac9172bbe-1140x760.jpg 1140w, https:\/\/www.celttv.com.ar\/wp-content\/uploads\/2023\/11\/5c08733e-b04e-449d-9eef-3d7ac9172bbe.jpg 1600w\" sizes=\"auto, (max-width: 1024px) 100vw, 1024px\" \/> <img loading=\"lazy\" decoding=\"async\" class=\"alignnone wp-image-80429 size-large\" src=\"http:\/\/www.celttv.com.ar\/wp-content\/uploads\/2023\/11\/841e553a-147e-4e44-b066-2948de976808-1024x682.jpg\" alt=\"\" width=\"1024\" height=\"682\" srcset=\"https:\/\/www.celttv.com.ar\/wp-content\/uploads\/2023\/11\/841e553a-147e-4e44-b066-2948de976808-1024x682.jpg 1024w, https:\/\/www.celttv.com.ar\/wp-content\/uploads\/2023\/11\/841e553a-147e-4e44-b066-2948de976808-300x200.jpg 300w, https:\/\/www.celttv.com.ar\/wp-content\/uploads\/2023\/11\/841e553a-147e-4e44-b066-2948de976808-768x512.jpg 768w, https:\/\/www.celttv.com.ar\/wp-content\/uploads\/2023\/11\/841e553a-147e-4e44-b066-2948de976808-1536x1023.jpg 1536w, https:\/\/www.celttv.com.ar\/wp-content\/uploads\/2023\/11\/841e553a-147e-4e44-b066-2948de976808-750x500.jpg 750w, https:\/\/www.celttv.com.ar\/wp-content\/uploads\/2023\/11\/841e553a-147e-4e44-b066-2948de976808-1140x760.jpg 1140w, https:\/\/www.celttv.com.ar\/wp-content\/uploads\/2023\/11\/841e553a-147e-4e44-b066-2948de976808.jpg 1600w\" sizes=\"auto, (max-width: 1024px) 100vw, 1024px\" \/> <img loading=\"lazy\" decoding=\"async\" class=\"alignnone wp-image-80430 size-large\" src=\"http:\/\/www.celttv.com.ar\/wp-content\/uploads\/2023\/11\/f1994fda-9e29-4d86-9a47-f1920c5cf72c-1024x682.jpg\" alt=\"\" width=\"1024\" height=\"682\" srcset=\"https:\/\/www.celttv.com.ar\/wp-content\/uploads\/2023\/11\/f1994fda-9e29-4d86-9a47-f1920c5cf72c-1024x682.jpg 1024w, https:\/\/www.celttv.com.ar\/wp-content\/uploads\/2023\/11\/f1994fda-9e29-4d86-9a47-f1920c5cf72c-300x200.jpg 300w, https:\/\/www.celttv.com.ar\/wp-content\/uploads\/2023\/11\/f1994fda-9e29-4d86-9a47-f1920c5cf72c-768x512.jpg 768w, https:\/\/www.celttv.com.ar\/wp-content\/uploads\/2023\/11\/f1994fda-9e29-4d86-9a47-f1920c5cf72c-1536x1023.jpg 1536w, https:\/\/www.celttv.com.ar\/wp-content\/uploads\/2023\/11\/f1994fda-9e29-4d86-9a47-f1920c5cf72c-750x500.jpg 750w, https:\/\/www.celttv.com.ar\/wp-content\/uploads\/2023\/11\/f1994fda-9e29-4d86-9a47-f1920c5cf72c-1140x760.jpg 1140w, https:\/\/www.celttv.com.ar\/wp-content\/uploads\/2023\/11\/f1994fda-9e29-4d86-9a47-f1920c5cf72c.jpg 1600w\" sizes=\"auto, (max-width: 1024px) 100vw, 1024px\" \/> <img loading=\"lazy\" decoding=\"async\" class=\"alignnone wp-image-80431 size-large\" src=\"http:\/\/www.celttv.com.ar\/wp-content\/uploads\/2023\/11\/ff8e7b42-4563-4ba1-a740-ec825f1ac5b1-1024x682.jpg\" alt=\"\" width=\"1024\" height=\"682\" srcset=\"https:\/\/www.celttv.com.ar\/wp-content\/uploads\/2023\/11\/ff8e7b42-4563-4ba1-a740-ec825f1ac5b1-1024x682.jpg 1024w, https:\/\/www.celttv.com.ar\/wp-content\/uploads\/2023\/11\/ff8e7b42-4563-4ba1-a740-ec825f1ac5b1-300x200.jpg 300w, https:\/\/www.celttv.com.ar\/wp-content\/uploads\/2023\/11\/ff8e7b42-4563-4ba1-a740-ec825f1ac5b1-768x512.jpg 768w, https:\/\/www.celttv.com.ar\/wp-content\/uploads\/2023\/11\/ff8e7b42-4563-4ba1-a740-ec825f1ac5b1-1536x1023.jpg 1536w, https:\/\/www.celttv.com.ar\/wp-content\/uploads\/2023\/11\/ff8e7b42-4563-4ba1-a740-ec825f1ac5b1-750x500.jpg 750w, https:\/\/www.celttv.com.ar\/wp-content\/uploads\/2023\/11\/ff8e7b42-4563-4ba1-a740-ec825f1ac5b1-1140x760.jpg 1140w, https:\/\/www.celttv.com.ar\/wp-content\/uploads\/2023\/11\/ff8e7b42-4563-4ba1-a740-ec825f1ac5b1.jpg 1600w\" sizes=\"auto, (max-width: 1024px) 100vw, 1024px\" \/><\/p>\n","protected":false},"excerpt":{"rendered":"<p>El intendente Sergio Bordoni encabez\u00f3 la apertura del 38\u00b0 Encuentro Anual de Profesionales de Ciencias Econ\u00f3micas en el \u00c1mbito Municipal, que se desarrolla desde este jueves al viernes en el Hotel Provincial de Sierra de la Ventana, con Tornquist Municipio como anfitri\u00f3n. Junto a Bordoni, estuvieron en la mesa de inicio del encuentro el Presidente [&hellip;]<\/p>\n","protected":false},"author":3,"featured_media":80432,"comment_status":"closed","ping_status":"closed","sticky":false,"template":"","format":"standard","meta":{"footnotes":""},"categories":[55],"tags":[],"class_list":["post-80427","post","type-post","status-publish","format-standard","has-post-thumbnail","hentry","category-celt-tv-noticias"],"yoast_head":"<!-- This site is optimized with the Yoast SEO plugin v19.7.1 - https:\/\/yoast.com\/wordpress\/plugins\/seo\/ -->\n<title>El 38\u00b0 Encuentro Anual de Profesionales de Ciencias Econ\u00f3micas en el \u00c1mbito Municipal se desarrolla en Sierra de la Ventana - CELTTV<\/title>\n<meta name=\"description\" content=\"Sitio web de noticias de la localidad de Tornquist, provincia de Buenos Aires, Rep\u00fablica Argentina. Contenido propio originado por periodistas de CELTTV, el canal de TV local de la Cooperativa El\u00e9ctrica de Tornquist. Turismo, Pol\u00edtica, Sociedad, Deporte, Cultura y todo el contenido de inter\u00e9s general que la gente del pueblo y la regi\u00f3n debe conocer.\" \/>\n<meta name=\"robots\" content=\"index, follow, max-snippet:-1, max-image-preview:large, max-video-preview:-1\" \/>\n<link rel=\"canonical\" href=\"https:\/\/www.celttv.com.ar\/index.php\/2023\/11\/16\/el-38-encuentro-anual-de-profesionales-de-ciencias-economicas-en-el-ambito-municipal-se-desarrolla-en-sierra-de-la-ventana\/\" \/>\n<meta property=\"og:locale\" content=\"es_ES\" \/>\n<meta property=\"og:type\" content=\"article\" \/>\n<meta property=\"og:title\" content=\"El 38\u00b0 Encuentro Anual de Profesionales de Ciencias Econ\u00f3micas en el \u00c1mbito Municipal se desarrolla en Sierra de la Ventana - CELTTV\" \/>\n<meta property=\"og:description\" content=\"Sitio web de noticias de la localidad de Tornquist, provincia de Buenos Aires, Rep\u00fablica Argentina. Contenido propio originado por periodistas de CELTTV, el canal de TV local de la Cooperativa El\u00e9ctrica de Tornquist. Turismo, Pol\u00edtica, Sociedad, Deporte, Cultura y todo el contenido de inter\u00e9s general que la gente del pueblo y la regi\u00f3n debe conocer.\" \/>\n<meta property=\"og:url\" content=\"https:\/\/www.celttv.com.ar\/index.php\/2023\/11\/16\/el-38-encuentro-anual-de-profesionales-de-ciencias-economicas-en-el-ambito-municipal-se-desarrolla-en-sierra-de-la-ventana\/\" \/>\n<meta property=\"og:site_name\" content=\"CELTTV\" \/>\n<meta property=\"article:publisher\" content=\"https:\/\/www.facebook.com\/celtTV\/\" \/>\n<meta property=\"article:published_time\" content=\"2023-11-16T14:14:42+00:00\" \/>\n<meta property=\"og:image\" content=\"https:\/\/www.celttv.com.ar\/wp-content\/uploads\/2023\/11\/WhatsApp-Image-2023-11-16-at-10.36.53-AM.jpeg\" \/>\n\t<meta property=\"og:image:width\" content=\"1600\" \/>\n\t<meta property=\"og:image:height\" content=\"1066\" \/>\n\t<meta property=\"og:image:type\" content=\"image\/jpeg\" \/>\n<meta name=\"author\" content=\"Rodrigo Sgammini\" \/>\n<meta name=\"twitter:card\" content=\"summary_large_image\" \/>\n<meta name=\"twitter:label1\" content=\"Escrito por\" \/>\n\t<meta name=\"twitter:data1\" content=\"Rodrigo Sgammini\" \/>\n\t<meta name=\"twitter:label2\" content=\"Tiempo de lectura\" \/>\n\t<meta name=\"twitter:data2\" content=\"1 minuto\" \/>\n<script type=\"application\/ld+json\" class=\"yoast-schema-graph\">{\"@context\":\"https:\/\/schema.org\",\"@graph\":[{\"@type\":\"NewsArticle\",\"@id\":\"https:\/\/www.celttv.com.ar\/index.php\/2023\/11\/16\/el-38-encuentro-anual-de-profesionales-de-ciencias-economicas-en-el-ambito-municipal-se-desarrolla-en-sierra-de-la-ventana\/#article\",\"isPartOf\":{\"@id\":\"https:\/\/www.celttv.com.ar\/index.php\/2023\/11\/16\/el-38-encuentro-anual-de-profesionales-de-ciencias-economicas-en-el-ambito-municipal-se-desarrolla-en-sierra-de-la-ventana\/\"},\"author\":{\"name\":\"Rodrigo Sgammini\",\"@id\":\"https:\/\/www.celttv.com.ar\/#\/schema\/person\/495be51d064edd971d8457f8f64eb172\"},\"headline\":\"El 38\u00b0 Encuentro Anual de Profesionales de Ciencias Econ\u00f3micas en el \u00c1mbito Municipal se desarrolla en Sierra de la Ventana\",\"datePublished\":\"2023-11-16T14:14:42+00:00\",\"dateModified\":\"2023-11-16T14:14:42+00:00\",\"mainEntityOfPage\":{\"@id\":\"https:\/\/www.celttv.com.ar\/index.php\/2023\/11\/16\/el-38-encuentro-anual-de-profesionales-de-ciencias-economicas-en-el-ambito-municipal-se-desarrolla-en-sierra-de-la-ventana\/\"},\"wordCount\":167,\"publisher\":{\"@id\":\"https:\/\/www.celttv.com.ar\/#organization\"},\"articleSection\":[\"Celt TV Noticias\"],\"inLanguage\":\"es\"},{\"@type\":\"WebPage\",\"@id\":\"https:\/\/www.celttv.com.ar\/index.php\/2023\/11\/16\/el-38-encuentro-anual-de-profesionales-de-ciencias-economicas-en-el-ambito-municipal-se-desarrolla-en-sierra-de-la-ventana\/\",\"url\":\"https:\/\/www.celttv.com.ar\/index.php\/2023\/11\/16\/el-38-encuentro-anual-de-profesionales-de-ciencias-economicas-en-el-ambito-municipal-se-desarrolla-en-sierra-de-la-ventana\/\",\"name\":\"El 38\u00b0 Encuentro Anual de Profesionales de Ciencias Econ\u00f3micas en el \u00c1mbito Municipal se desarrolla en Sierra de la Ventana - CELTTV\",\"isPartOf\":{\"@id\":\"https:\/\/www.celttv.com.ar\/#website\"},\"datePublished\":\"2023-11-16T14:14:42+00:00\",\"dateModified\":\"2023-11-16T14:14:42+00:00\",\"description\":\"Sitio web de noticias de la localidad de Tornquist, provincia de Buenos Aires, Rep\u00fablica Argentina. Contenido propio originado por periodistas de CELTTV, el canal de TV local de la Cooperativa El\u00e9ctrica de Tornquist. Turismo, Pol\u00edtica, Sociedad, Deporte, Cultura y todo el contenido de inter\u00e9s general que la gente del pueblo y la regi\u00f3n debe conocer.\",\"breadcrumb\":{\"@id\":\"https:\/\/www.celttv.com.ar\/index.php\/2023\/11\/16\/el-38-encuentro-anual-de-profesionales-de-ciencias-economicas-en-el-ambito-municipal-se-desarrolla-en-sierra-de-la-ventana\/#breadcrumb\"},\"inLanguage\":\"es\",\"potentialAction\":[{\"@type\":\"ReadAction\",\"target\":[\"https:\/\/www.celttv.com.ar\/index.php\/2023\/11\/16\/el-38-encuentro-anual-de-profesionales-de-ciencias-economicas-en-el-ambito-municipal-se-desarrolla-en-sierra-de-la-ventana\/\"]}]},{\"@type\":\"BreadcrumbList\",\"@id\":\"https:\/\/www.celttv.com.ar\/index.php\/2023\/11\/16\/el-38-encuentro-anual-de-profesionales-de-ciencias-economicas-en-el-ambito-municipal-se-desarrolla-en-sierra-de-la-ventana\/#breadcrumb\",\"itemListElement\":[{\"@type\":\"ListItem\",\"position\":1,\"name\":\"Inicio\",\"item\":\"https:\/\/www.celttv.com.ar\/\"},{\"@type\":\"ListItem\",\"position\":2,\"name\":\"El 38\u00b0 Encuentro Anual de Profesionales de Ciencias Econ\u00f3micas en el \u00c1mbito Municipal se desarrolla en Sierra de la Ventana\"}]},{\"@type\":\"WebSite\",\"@id\":\"https:\/\/www.celttv.com.ar\/#website\",\"url\":\"https:\/\/www.celttv.com.ar\/\",\"name\":\"CELTTV\",\"description\":\"Cooperativa El\u00e9ctrica de Tornquist\",\"publisher\":{\"@id\":\"https:\/\/www.celttv.com.ar\/#organization\"},\"potentialAction\":[{\"@type\":\"SearchAction\",\"target\":{\"@type\":\"EntryPoint\",\"urlTemplate\":\"https:\/\/www.celttv.com.ar\/?s={search_term_string}\"},\"query-input\":\"required name=search_term_string\"}],\"inLanguage\":\"es\"},{\"@type\":\"Organization\",\"@id\":\"https:\/\/www.celttv.com.ar\/#organization\",\"name\":\"CELTTV\",\"url\":\"https:\/\/www.celttv.com.ar\/\",\"sameAs\":[\"https:\/\/www.youtube.com\/channel\/UCz_oIt8Hig64Ub-EmcNPIhg\",\"https:\/\/www.facebook.com\/celtTV\/\"],\"logo\":{\"@type\":\"ImageObject\",\"inLanguage\":\"es\",\"@id\":\"https:\/\/www.celttv.com.ar\/#\/schema\/logo\/image\/\",\"url\":\"http:\/\/www.celttv.com.ar\/wp-content\/uploads\/2022\/08\/logo-1.png\",\"contentUrl\":\"http:\/\/www.celttv.com.ar\/wp-content\/uploads\/2022\/08\/logo-1.png\",\"width\":461,\"height\":159,\"caption\":\"CELTTV\"},\"image\":{\"@id\":\"https:\/\/www.celttv.com.ar\/#\/schema\/logo\/image\/\"}},{\"@type\":\"Person\",\"@id\":\"https:\/\/www.celttv.com.ar\/#\/schema\/person\/495be51d064edd971d8457f8f64eb172\",\"name\":\"Rodrigo Sgammini\",\"image\":{\"@type\":\"ImageObject\",\"inLanguage\":\"es\",\"@id\":\"https:\/\/www.celttv.com.ar\/#\/schema\/person\/image\/\",\"url\":\"https:\/\/secure.gravatar.com\/avatar\/68f7848d42735e7a9276b47cd6e606327d88f521c51ae39d88888b76902e2987?s=96&d=mm&r=g\",\"contentUrl\":\"https:\/\/secure.gravatar.com\/avatar\/68f7848d42735e7a9276b47cd6e606327d88f521c51ae39d88888b76902e2987?s=96&d=mm&r=g\",\"caption\":\"Rodrigo Sgammini\"}}]}<\/script>\n<!-- \/ Yoast SEO plugin. -->","yoast_head_json":{"title":"El 38\u00b0 Encuentro Anual de Profesionales de Ciencias Econ\u00f3micas en el \u00c1mbito Municipal se desarrolla en Sierra de la Ventana - CELTTV","description":"Sitio web de noticias de la localidad de Tornquist, provincia de Buenos Aires, Rep\u00fablica Argentina. Contenido propio originado por periodistas de CELTTV, el canal de TV local de la Cooperativa El\u00e9ctrica de Tornquist. Turismo, Pol\u00edtica, Sociedad, Deporte, Cultura y todo el contenido de inter\u00e9s general que la gente del pueblo y la regi\u00f3n debe conocer.","robots":{"index":"index","follow":"follow","max-snippet":"max-snippet:-1","max-image-preview":"max-image-preview:large","max-video-preview":"max-video-preview:-1"},"canonical":"https:\/\/www.celttv.com.ar\/index.php\/2023\/11\/16\/el-38-encuentro-anual-de-profesionales-de-ciencias-economicas-en-el-ambito-municipal-se-desarrolla-en-sierra-de-la-ventana\/","og_locale":"es_ES","og_type":"article","og_title":"El 38\u00b0 Encuentro Anual de Profesionales de Ciencias Econ\u00f3micas en el \u00c1mbito Municipal se desarrolla en Sierra de la Ventana - CELTTV","og_description":"Sitio web de noticias de la localidad de Tornquist, provincia de Buenos Aires, Rep\u00fablica Argentina. Contenido propio originado por periodistas de CELTTV, el canal de TV local de la Cooperativa El\u00e9ctrica de Tornquist. Turismo, Pol\u00edtica, Sociedad, Deporte, Cultura y todo el contenido de inter\u00e9s general que la gente del pueblo y la regi\u00f3n debe conocer.","og_url":"https:\/\/www.celttv.com.ar\/index.php\/2023\/11\/16\/el-38-encuentro-anual-de-profesionales-de-ciencias-economicas-en-el-ambito-municipal-se-desarrolla-en-sierra-de-la-ventana\/","og_site_name":"CELTTV","article_publisher":"https:\/\/www.facebook.com\/celtTV\/","article_published_time":"2023-11-16T14:14:42+00:00","og_image":[{"width":1600,"height":1066,"url":"https:\/\/www.celttv.com.ar\/wp-content\/uploads\/2023\/11\/WhatsApp-Image-2023-11-16-at-10.36.53-AM.jpeg","type":"image\/jpeg"}],"author":"Rodrigo Sgammini","twitter_card":"summary_large_image","twitter_misc":{"Escrito por":"Rodrigo Sgammini","Tiempo de lectura":"1 minuto"},"schema":{"@context":"https:\/\/schema.org","@graph":[{"@type":"NewsArticle","@id":"https:\/\/www.celttv.com.ar\/index.php\/2023\/11\/16\/el-38-encuentro-anual-de-profesionales-de-ciencias-economicas-en-el-ambito-municipal-se-desarrolla-en-sierra-de-la-ventana\/#article","isPartOf":{"@id":"https:\/\/www.celttv.com.ar\/index.php\/2023\/11\/16\/el-38-encuentro-anual-de-profesionales-de-ciencias-economicas-en-el-ambito-municipal-se-desarrolla-en-sierra-de-la-ventana\/"},"author":{"name":"Rodrigo Sgammini","@id":"https:\/\/www.celttv.com.ar\/#\/schema\/person\/495be51d064edd971d8457f8f64eb172"},"headline":"El 38\u00b0 Encuentro Anual de Profesionales de Ciencias Econ\u00f3micas en el \u00c1mbito Municipal se desarrolla en Sierra de la Ventana","datePublished":"2023-11-16T14:14:42+00:00","dateModified":"2023-11-16T14:14:42+00:00","mainEntityOfPage":{"@id":"https:\/\/www.celttv.com.ar\/index.php\/2023\/11\/16\/el-38-encuentro-anual-de-profesionales-de-ciencias-economicas-en-el-ambito-municipal-se-desarrolla-en-sierra-de-la-ventana\/"},"wordCount":167,"publisher":{"@id":"https:\/\/www.celttv.com.ar\/#organization"},"articleSection":["Celt TV Noticias"],"inLanguage":"es"},{"@type":"WebPage","@id":"https:\/\/www.celttv.com.ar\/index.php\/2023\/11\/16\/el-38-encuentro-anual-de-profesionales-de-ciencias-economicas-en-el-ambito-municipal-se-desarrolla-en-sierra-de-la-ventana\/","url":"https:\/\/www.celttv.com.ar\/index.php\/2023\/11\/16\/el-38-encuentro-anual-de-profesionales-de-ciencias-economicas-en-el-ambito-municipal-se-desarrolla-en-sierra-de-la-ventana\/","name":"El 38\u00b0 Encuentro Anual de Profesionales de Ciencias Econ\u00f3micas en el \u00c1mbito Municipal se desarrolla en Sierra de la Ventana - CELTTV","isPartOf":{"@id":"https:\/\/www.celttv.com.ar\/#website"},"datePublished":"2023-11-16T14:14:42+00:00","dateModified":"2023-11-16T14:14:42+00:00","description":"Sitio web de noticias de la localidad de Tornquist, provincia de Buenos Aires, Rep\u00fablica Argentina. Contenido propio originado por periodistas de CELTTV, el canal de TV local de la Cooperativa El\u00e9ctrica de Tornquist. Turismo, Pol\u00edtica, Sociedad, Deporte, Cultura y todo el contenido de inter\u00e9s general que la gente del pueblo y la regi\u00f3n debe conocer.","breadcrumb":{"@id":"https:\/\/www.celttv.com.ar\/index.php\/2023\/11\/16\/el-38-encuentro-anual-de-profesionales-de-ciencias-economicas-en-el-ambito-municipal-se-desarrolla-en-sierra-de-la-ventana\/#breadcrumb"},"inLanguage":"es","potentialAction":[{"@type":"ReadAction","target":["https:\/\/www.celttv.com.ar\/index.php\/2023\/11\/16\/el-38-encuentro-anual-de-profesionales-de-ciencias-economicas-en-el-ambito-municipal-se-desarrolla-en-sierra-de-la-ventana\/"]}]},{"@type":"BreadcrumbList","@id":"https:\/\/www.celttv.com.ar\/index.php\/2023\/11\/16\/el-38-encuentro-anual-de-profesionales-de-ciencias-economicas-en-el-ambito-municipal-se-desarrolla-en-sierra-de-la-ventana\/#breadcrumb","itemListElement":[{"@type":"ListItem","position":1,"name":"Inicio","item":"https:\/\/www.celttv.com.ar\/"},{"@type":"ListItem","position":2,"name":"El 38\u00b0 Encuentro Anual de Profesionales de Ciencias Econ\u00f3micas en el \u00c1mbito Municipal se desarrolla en Sierra de la Ventana"}]},{"@type":"WebSite","@id":"https:\/\/www.celttv.com.ar\/#website","url":"https:\/\/www.celttv.com.ar\/","name":"CELTTV","description":"Cooperativa El\u00e9ctrica de Tornquist","publisher":{"@id":"https:\/\/www.celttv.com.ar\/#organization"},"potentialAction":[{"@type":"SearchAction","target":{"@type":"EntryPoint","urlTemplate":"https:\/\/www.celttv.com.ar\/?s={search_term_string}"},"query-input":"required name=search_term_string"}],"inLanguage":"es"},{"@type":"Organization","@id":"https:\/\/www.celttv.com.ar\/#organization","name":"CELTTV","url":"https:\/\/www.celttv.com.ar\/","sameAs":["https:\/\/www.youtube.com\/channel\/UCz_oIt8Hig64Ub-EmcNPIhg","https:\/\/www.facebook.com\/celtTV\/"],"logo":{"@type":"ImageObject","inLanguage":"es","@id":"https:\/\/www.celttv.com.ar\/#\/schema\/logo\/image\/","url":"http:\/\/www.celttv.com.ar\/wp-content\/uploads\/2022\/08\/logo-1.png","contentUrl":"http:\/\/www.celttv.com.ar\/wp-content\/uploads\/2022\/08\/logo-1.png","width":461,"height":159,"caption":"CELTTV"},"image":{"@id":"https:\/\/www.celttv.com.ar\/#\/schema\/logo\/image\/"}},{"@type":"Person","@id":"https:\/\/www.celttv.com.ar\/#\/schema\/person\/495be51d064edd971d8457f8f64eb172","name":"Rodrigo Sgammini","image":{"@type":"ImageObject","inLanguage":"es","@id":"https:\/\/www.celttv.com.ar\/#\/schema\/person\/image\/","url":"https:\/\/secure.gravatar.com\/avatar\/68f7848d42735e7a9276b47cd6e606327d88f521c51ae39d88888b76902e2987?s=96&d=mm&r=g","contentUrl":"https:\/\/secure.gravatar.com\/avatar\/68f7848d42735e7a9276b47cd6e606327d88f521c51ae39d88888b76902e2987?s=96&d=mm&r=g","caption":"Rodrigo Sgammini"}}]}},"_links":{"self":[{"href":"https:\/\/www.celttv.com.ar\/index.php\/wp-json\/wp\/v2\/posts\/80427","targetHints":{"allow":["GET"]}}],"collection":[{"href":"https:\/\/www.celttv.com.ar\/index.php\/wp-json\/wp\/v2\/posts"}],"about":[{"href":"https:\/\/www.celttv.com.ar\/index.php\/wp-json\/wp\/v2\/types\/post"}],"author":[{"embeddable":true,"href":"https:\/\/www.celttv.com.ar\/index.php\/wp-json\/wp\/v2\/users\/3"}],"replies":[{"embeddable":true,"href":"https:\/\/www.celttv.com.ar\/index.php\/wp-json\/wp\/v2\/comments?post=80427"}],"version-history":[{"count":1,"href":"https:\/\/www.celttv.com.ar\/index.php\/wp-json\/wp\/v2\/posts\/80427\/revisions"}],"predecessor-version":[{"id":80433,"href":"https:\/\/www.celttv.com.ar\/index.php\/wp-json\/wp\/v2\/posts\/80427\/revisions\/80433"}],"wp:featuredmedia":[{"embeddable":true,"href":"https:\/\/www.celttv.com.ar\/index.php\/wp-json\/wp\/v2\/media\/80432"}],"wp:attachment":[{"href":"https:\/\/www.celttv.com.ar\/index.php\/wp-json\/wp\/v2\/media?parent=80427"}],"wp:term":[{"taxonomy":"category","embeddable":true,"href":"https:\/\/www.celttv.com.ar\/index.php\/wp-json\/wp\/v2\/categories?post=80427"},{"taxonomy":"post_tag","embeddable":true,"href":"https:\/\/www.celttv.com.ar\/index.php\/wp-json\/wp\/v2\/tags?post=80427"}],"curies":[{"name":"wp","href":"https:\/\/api.w.org\/{rel}","templated":true}]}}