{"id":80457,"date":"2023-11-19T12:02:32","date_gmt":"2023-11-19T15:02:32","guid":{"rendered":"https:\/\/www.celttv.com.ar\/?p=80457"},"modified":"2023-11-19T12:02:32","modified_gmt":"2023-11-19T15:02:32","slug":"tornquist-basquet-gano-y-ahora-jugara-la-copa-de-plata","status":"publish","type":"post","link":"https:\/\/www.celttv.com.ar\/index.php\/2023\/11\/19\/tornquist-basquet-gano-y-ahora-jugara-la-copa-de-plata\/","title":{"rendered":"Tornquist B\u00e1squet gan\u00f3 y ahora jugar\u00e1 la Copa de Plata"},"content":{"rendered":"<p>Se jug\u00f3 la fecha 7, pendiente de la primera ronda del TRF, frente a Independiente de Cnel Dorrego en el Gimnasio Municipal.<\/p>\n<p>El equipo local arranc\u00f3 algo dubitativo, perdiendo el primer cuarto y y\u00e9ndose al descanso 30 a 27.<\/p>\n<p>Pero gracias a una gran segunda mitad, realizando varios ajustes en defensa y en ataque, con un tremendo \u00faltimo cuarto donde ganaron 21 a 8, el equipo se pudo alzar con la victoria<br \/>\n63 a 51.<\/p>\n<p>El equipo cont\u00f3 con una gran noche de sus tiradores, se destacaron Leo Robledo con 19 puntos, Lea Silva con 17 y Joaquin Serafin con 13 en el equipo local, mientras que para el equipo visitante encontr\u00f3 entre sus jugadores m\u00e1s importantes a Javier Dell\u2019 Arciprete con 15 y Dami\u00e1n Ibarra con 14.<\/p>\n<p>De esta manera, se cierra la fase regular, finalizando Tornquist B\u00e1squet 3\u00b0 en la Tabla General. Con este triunfo y gracias a la posici\u00f3n lograda, el equipo local accedi\u00f3 a jugar la Copa de Plata que ser\u00e1 a un partido frente a Independiente de Cnel Dorrego en nuestra ciudad.<\/p>\n<p>Prensa Tornquist\u00a0 B\u00e1squet<\/p>\n<p>Pr\u00f3ximamente Video.<\/p>\n<p><img loading=\"lazy\" decoding=\"async\" class=\"alignnone wp-image-80458 size-large\" src=\"http:\/\/www.celttv.com.ar\/wp-content\/uploads\/2023\/11\/019af4e5-73a3-4f8e-9efe-f9806b0ef87f-1024x769.jpg\" alt=\"\" width=\"1024\" height=\"769\" srcset=\"https:\/\/www.celttv.com.ar\/wp-content\/uploads\/2023\/11\/019af4e5-73a3-4f8e-9efe-f9806b0ef87f-1024x769.jpg 1024w, https:\/\/www.celttv.com.ar\/wp-content\/uploads\/2023\/11\/019af4e5-73a3-4f8e-9efe-f9806b0ef87f-300x225.jpg 300w, https:\/\/www.celttv.com.ar\/wp-content\/uploads\/2023\/11\/019af4e5-73a3-4f8e-9efe-f9806b0ef87f-768x577.jpg 768w, https:\/\/www.celttv.com.ar\/wp-content\/uploads\/2023\/11\/019af4e5-73a3-4f8e-9efe-f9806b0ef87f-750x563.jpg 750w, https:\/\/www.celttv.com.ar\/wp-content\/uploads\/2023\/11\/019af4e5-73a3-4f8e-9efe-f9806b0ef87f-1140x856.jpg 1140w, https:\/\/www.celttv.com.ar\/wp-content\/uploads\/2023\/11\/019af4e5-73a3-4f8e-9efe-f9806b0ef87f.jpg 1156w\" sizes=\"auto, (max-width: 1024px) 100vw, 1024px\" \/><\/p>\n","protected":false},"excerpt":{"rendered":"<p>Se jug\u00f3 la fecha 7, pendiente de la primera ronda del TRF, frente a Independiente de Cnel Dorrego en el Gimnasio Municipal. El equipo local arranc\u00f3 algo dubitativo, perdiendo el primer cuarto y y\u00e9ndose al descanso 30 a 27. Pero gracias a una gran segunda mitad, realizando varios ajustes en defensa y en ataque, con [&hellip;]<\/p>\n","protected":false},"author":5,"featured_media":80459,"comment_status":"closed","ping_status":"closed","sticky":false,"template":"","format":"standard","meta":{"footnotes":""},"categories":[63],"tags":[],"class_list":["post-80457","post","type-post","status-publish","format-standard","has-post-thumbnail","hentry","category-magazine-sport"],"yoast_head":"<!-- This site is optimized with the Yoast SEO plugin v19.7.1 - https:\/\/yoast.com\/wordpress\/plugins\/seo\/ -->\n<title>Tornquist B\u00e1squet gan\u00f3 y ahora jugar\u00e1 la Copa de Plata - CELTTV<\/title>\n<meta name=\"description\" content=\"Sitio web de noticias de la localidad de Tornquist, provincia de Buenos Aires, Rep\u00fablica Argentina. Contenido propio originado por periodistas de CELTTV, el canal de TV local de la Cooperativa El\u00e9ctrica de Tornquist. Turismo, Pol\u00edtica, Sociedad, Deporte, Cultura y todo el contenido de inter\u00e9s general que la gente del pueblo y la regi\u00f3n debe conocer.\" \/>\n<meta name=\"robots\" content=\"index, follow, max-snippet:-1, max-image-preview:large, max-video-preview:-1\" \/>\n<link rel=\"canonical\" href=\"https:\/\/www.celttv.com.ar\/index.php\/2023\/11\/19\/tornquist-basquet-gano-y-ahora-jugara-la-copa-de-plata\/\" \/>\n<meta property=\"og:locale\" content=\"es_ES\" \/>\n<meta property=\"og:type\" content=\"article\" \/>\n<meta property=\"og:title\" content=\"Tornquist B\u00e1squet gan\u00f3 y ahora jugar\u00e1 la Copa de Plata - CELTTV\" \/>\n<meta property=\"og:description\" content=\"Sitio web de noticias de la localidad de Tornquist, provincia de Buenos Aires, Rep\u00fablica Argentina. Contenido propio originado por periodistas de CELTTV, el canal de TV local de la Cooperativa El\u00e9ctrica de Tornquist. Turismo, Pol\u00edtica, Sociedad, Deporte, Cultura y todo el contenido de inter\u00e9s general que la gente del pueblo y la regi\u00f3n debe conocer.\" \/>\n<meta property=\"og:url\" content=\"https:\/\/www.celttv.com.ar\/index.php\/2023\/11\/19\/tornquist-basquet-gano-y-ahora-jugara-la-copa-de-plata\/\" \/>\n<meta property=\"og:site_name\" content=\"CELTTV\" \/>\n<meta property=\"article:publisher\" content=\"https:\/\/www.facebook.com\/celtTV\/\" \/>\n<meta property=\"article:published_time\" content=\"2023-11-19T15:02:32+00:00\" \/>\n<meta property=\"og:image\" content=\"https:\/\/www.celttv.com.ar\/wp-content\/uploads\/2023\/11\/20cc7bb0-50c5-4313-8f95-ce71afcaa3ce.jpg\" \/>\n\t<meta property=\"og:image:width\" content=\"1600\" \/>\n\t<meta property=\"og:image:height\" content=\"900\" \/>\n\t<meta property=\"og:image:type\" content=\"image\/jpeg\" \/>\n<meta name=\"author\" content=\"Miguel Herrada\" \/>\n<meta name=\"twitter:card\" content=\"summary_large_image\" \/>\n<meta name=\"twitter:label1\" content=\"Escrito por\" \/>\n\t<meta name=\"twitter:data1\" content=\"Miguel Herrada\" \/>\n\t<meta name=\"twitter:label2\" content=\"Tiempo de lectura\" \/>\n\t<meta name=\"twitter:data2\" content=\"1 minuto\" \/>\n<script type=\"application\/ld+json\" class=\"yoast-schema-graph\">{\"@context\":\"https:\/\/schema.org\",\"@graph\":[{\"@type\":\"NewsArticle\",\"@id\":\"https:\/\/www.celttv.com.ar\/index.php\/2023\/11\/19\/tornquist-basquet-gano-y-ahora-jugara-la-copa-de-plata\/#article\",\"isPartOf\":{\"@id\":\"https:\/\/www.celttv.com.ar\/index.php\/2023\/11\/19\/tornquist-basquet-gano-y-ahora-jugara-la-copa-de-plata\/\"},\"author\":{\"name\":\"Miguel Herrada\",\"@id\":\"https:\/\/www.celttv.com.ar\/#\/schema\/person\/9059dc91dc7204ef4182cdb65225f07d\"},\"headline\":\"Tornquist B\u00e1squet gan\u00f3 y ahora jugar\u00e1 la Copa de Plata\",\"datePublished\":\"2023-11-19T15:02:32+00:00\",\"dateModified\":\"2023-11-19T15:02:32+00:00\",\"mainEntityOfPage\":{\"@id\":\"https:\/\/www.celttv.com.ar\/index.php\/2023\/11\/19\/tornquist-basquet-gano-y-ahora-jugara-la-copa-de-plata\/\"},\"wordCount\":187,\"publisher\":{\"@id\":\"https:\/\/www.celttv.com.ar\/#organization\"},\"articleSection\":[\"Magazine Sport\"],\"inLanguage\":\"es\"},{\"@type\":\"WebPage\",\"@id\":\"https:\/\/www.celttv.com.ar\/index.php\/2023\/11\/19\/tornquist-basquet-gano-y-ahora-jugara-la-copa-de-plata\/\",\"url\":\"https:\/\/www.celttv.com.ar\/index.php\/2023\/11\/19\/tornquist-basquet-gano-y-ahora-jugara-la-copa-de-plata\/\",\"name\":\"Tornquist B\u00e1squet gan\u00f3 y ahora jugar\u00e1 la Copa de Plata - CELTTV\",\"isPartOf\":{\"@id\":\"https:\/\/www.celttv.com.ar\/#website\"},\"datePublished\":\"2023-11-19T15:02:32+00:00\",\"dateModified\":\"2023-11-19T15:02:32+00:00\",\"description\":\"Sitio web de noticias de la localidad de Tornquist, provincia de Buenos Aires, Rep\u00fablica Argentina. Contenido propio originado por periodistas de CELTTV, el canal de TV local de la Cooperativa El\u00e9ctrica de Tornquist. Turismo, Pol\u00edtica, Sociedad, Deporte, Cultura y todo el contenido de inter\u00e9s general que la gente del pueblo y la regi\u00f3n debe conocer.\",\"breadcrumb\":{\"@id\":\"https:\/\/www.celttv.com.ar\/index.php\/2023\/11\/19\/tornquist-basquet-gano-y-ahora-jugara-la-copa-de-plata\/#breadcrumb\"},\"inLanguage\":\"es\",\"potentialAction\":[{\"@type\":\"ReadAction\",\"target\":[\"https:\/\/www.celttv.com.ar\/index.php\/2023\/11\/19\/tornquist-basquet-gano-y-ahora-jugara-la-copa-de-plata\/\"]}]},{\"@type\":\"BreadcrumbList\",\"@id\":\"https:\/\/www.celttv.com.ar\/index.php\/2023\/11\/19\/tornquist-basquet-gano-y-ahora-jugara-la-copa-de-plata\/#breadcrumb\",\"itemListElement\":[{\"@type\":\"ListItem\",\"position\":1,\"name\":\"Inicio\",\"item\":\"https:\/\/www.celttv.com.ar\/\"},{\"@type\":\"ListItem\",\"position\":2,\"name\":\"Tornquist B\u00e1squet gan\u00f3 y ahora jugar\u00e1 la Copa de Plata\"}]},{\"@type\":\"WebSite\",\"@id\":\"https:\/\/www.celttv.com.ar\/#website\",\"url\":\"https:\/\/www.celttv.com.ar\/\",\"name\":\"CELTTV\",\"description\":\"Cooperativa El\u00e9ctrica de Tornquist\",\"publisher\":{\"@id\":\"https:\/\/www.celttv.com.ar\/#organization\"},\"potentialAction\":[{\"@type\":\"SearchAction\",\"target\":{\"@type\":\"EntryPoint\",\"urlTemplate\":\"https:\/\/www.celttv.com.ar\/?s={search_term_string}\"},\"query-input\":\"required name=search_term_string\"}],\"inLanguage\":\"es\"},{\"@type\":\"Organization\",\"@id\":\"https:\/\/www.celttv.com.ar\/#organization\",\"name\":\"CELTTV\",\"url\":\"https:\/\/www.celttv.com.ar\/\",\"sameAs\":[\"https:\/\/www.youtube.com\/channel\/UCz_oIt8Hig64Ub-EmcNPIhg\",\"https:\/\/www.facebook.com\/celtTV\/\"],\"logo\":{\"@type\":\"ImageObject\",\"inLanguage\":\"es\",\"@id\":\"https:\/\/www.celttv.com.ar\/#\/schema\/logo\/image\/\",\"url\":\"http:\/\/www.celttv.com.ar\/wp-content\/uploads\/2022\/08\/logo-1.png\",\"contentUrl\":\"http:\/\/www.celttv.com.ar\/wp-content\/uploads\/2022\/08\/logo-1.png\",\"width\":461,\"height\":159,\"caption\":\"CELTTV\"},\"image\":{\"@id\":\"https:\/\/www.celttv.com.ar\/#\/schema\/logo\/image\/\"}},{\"@type\":\"Person\",\"@id\":\"https:\/\/www.celttv.com.ar\/#\/schema\/person\/9059dc91dc7204ef4182cdb65225f07d\",\"name\":\"Miguel Herrada\",\"image\":{\"@type\":\"ImageObject\",\"inLanguage\":\"es\",\"@id\":\"https:\/\/www.celttv.com.ar\/#\/schema\/person\/image\/\",\"url\":\"https:\/\/secure.gravatar.com\/avatar\/67724d5b3c716623ffd76bec7e45841a442ac3b456e914dbba90b0fad2b8e0b1?s=96&d=mm&r=g\",\"contentUrl\":\"https:\/\/secure.gravatar.com\/avatar\/67724d5b3c716623ffd76bec7e45841a442ac3b456e914dbba90b0fad2b8e0b1?s=96&d=mm&r=g\",\"caption\":\"Miguel Herrada\"}}]}<\/script>\n<!-- \/ Yoast SEO plugin. -->","yoast_head_json":{"title":"Tornquist B\u00e1squet gan\u00f3 y ahora jugar\u00e1 la Copa de Plata - CELTTV","description":"Sitio web de noticias de la localidad de Tornquist, provincia de Buenos Aires, Rep\u00fablica Argentina. Contenido propio originado por periodistas de CELTTV, el canal de TV local de la Cooperativa El\u00e9ctrica de Tornquist. Turismo, Pol\u00edtica, Sociedad, Deporte, Cultura y todo el contenido de inter\u00e9s general que la gente del pueblo y la regi\u00f3n debe conocer.","robots":{"index":"index","follow":"follow","max-snippet":"max-snippet:-1","max-image-preview":"max-image-preview:large","max-video-preview":"max-video-preview:-1"},"canonical":"https:\/\/www.celttv.com.ar\/index.php\/2023\/11\/19\/tornquist-basquet-gano-y-ahora-jugara-la-copa-de-plata\/","og_locale":"es_ES","og_type":"article","og_title":"Tornquist B\u00e1squet gan\u00f3 y ahora jugar\u00e1 la Copa de Plata - CELTTV","og_description":"Sitio web de noticias de la localidad de Tornquist, provincia de Buenos Aires, Rep\u00fablica Argentina. Contenido propio originado por periodistas de CELTTV, el canal de TV local de la Cooperativa El\u00e9ctrica de Tornquist. Turismo, Pol\u00edtica, Sociedad, Deporte, Cultura y todo el contenido de inter\u00e9s general que la gente del pueblo y la regi\u00f3n debe conocer.","og_url":"https:\/\/www.celttv.com.ar\/index.php\/2023\/11\/19\/tornquist-basquet-gano-y-ahora-jugara-la-copa-de-plata\/","og_site_name":"CELTTV","article_publisher":"https:\/\/www.facebook.com\/celtTV\/","article_published_time":"2023-11-19T15:02:32+00:00","og_image":[{"width":1600,"height":900,"url":"https:\/\/www.celttv.com.ar\/wp-content\/uploads\/2023\/11\/20cc7bb0-50c5-4313-8f95-ce71afcaa3ce.jpg","type":"image\/jpeg"}],"author":"Miguel Herrada","twitter_card":"summary_large_image","twitter_misc":{"Escrito por":"Miguel Herrada","Tiempo de lectura":"1 minuto"},"schema":{"@context":"https:\/\/schema.org","@graph":[{"@type":"NewsArticle","@id":"https:\/\/www.celttv.com.ar\/index.php\/2023\/11\/19\/tornquist-basquet-gano-y-ahora-jugara-la-copa-de-plata\/#article","isPartOf":{"@id":"https:\/\/www.celttv.com.ar\/index.php\/2023\/11\/19\/tornquist-basquet-gano-y-ahora-jugara-la-copa-de-plata\/"},"author":{"name":"Miguel Herrada","@id":"https:\/\/www.celttv.com.ar\/#\/schema\/person\/9059dc91dc7204ef4182cdb65225f07d"},"headline":"Tornquist B\u00e1squet gan\u00f3 y ahora jugar\u00e1 la Copa de Plata","datePublished":"2023-11-19T15:02:32+00:00","dateModified":"2023-11-19T15:02:32+00:00","mainEntityOfPage":{"@id":"https:\/\/www.celttv.com.ar\/index.php\/2023\/11\/19\/tornquist-basquet-gano-y-ahora-jugara-la-copa-de-plata\/"},"wordCount":187,"publisher":{"@id":"https:\/\/www.celttv.com.ar\/#organization"},"articleSection":["Magazine Sport"],"inLanguage":"es"},{"@type":"WebPage","@id":"https:\/\/www.celttv.com.ar\/index.php\/2023\/11\/19\/tornquist-basquet-gano-y-ahora-jugara-la-copa-de-plata\/","url":"https:\/\/www.celttv.com.ar\/index.php\/2023\/11\/19\/tornquist-basquet-gano-y-ahora-jugara-la-copa-de-plata\/","name":"Tornquist B\u00e1squet gan\u00f3 y ahora jugar\u00e1 la Copa de Plata - CELTTV","isPartOf":{"@id":"https:\/\/www.celttv.com.ar\/#website"},"datePublished":"2023-11-19T15:02:32+00:00","dateModified":"2023-11-19T15:02:32+00:00","description":"Sitio web de noticias de la localidad de Tornquist, provincia de Buenos Aires, Rep\u00fablica Argentina. Contenido propio originado por periodistas de CELTTV, el canal de TV local de la Cooperativa El\u00e9ctrica de Tornquist. Turismo, Pol\u00edtica, Sociedad, Deporte, Cultura y todo el contenido de inter\u00e9s general que la gente del pueblo y la regi\u00f3n debe conocer.","breadcrumb":{"@id":"https:\/\/www.celttv.com.ar\/index.php\/2023\/11\/19\/tornquist-basquet-gano-y-ahora-jugara-la-copa-de-plata\/#breadcrumb"},"inLanguage":"es","potentialAction":[{"@type":"ReadAction","target":["https:\/\/www.celttv.com.ar\/index.php\/2023\/11\/19\/tornquist-basquet-gano-y-ahora-jugara-la-copa-de-plata\/"]}]},{"@type":"BreadcrumbList","@id":"https:\/\/www.celttv.com.ar\/index.php\/2023\/11\/19\/tornquist-basquet-gano-y-ahora-jugara-la-copa-de-plata\/#breadcrumb","itemListElement":[{"@type":"ListItem","position":1,"name":"Inicio","item":"https:\/\/www.celttv.com.ar\/"},{"@type":"ListItem","position":2,"name":"Tornquist B\u00e1squet gan\u00f3 y ahora jugar\u00e1 la Copa de Plata"}]},{"@type":"WebSite","@id":"https:\/\/www.celttv.com.ar\/#website","url":"https:\/\/www.celttv.com.ar\/","name":"CELTTV","description":"Cooperativa El\u00e9ctrica de Tornquist","publisher":{"@id":"https:\/\/www.celttv.com.ar\/#organization"},"potentialAction":[{"@type":"SearchAction","target":{"@type":"EntryPoint","urlTemplate":"https:\/\/www.celttv.com.ar\/?s={search_term_string}"},"query-input":"required name=search_term_string"}],"inLanguage":"es"},{"@type":"Organization","@id":"https:\/\/www.celttv.com.ar\/#organization","name":"CELTTV","url":"https:\/\/www.celttv.com.ar\/","sameAs":["https:\/\/www.youtube.com\/channel\/UCz_oIt8Hig64Ub-EmcNPIhg","https:\/\/www.facebook.com\/celtTV\/"],"logo":{"@type":"ImageObject","inLanguage":"es","@id":"https:\/\/www.celttv.com.ar\/#\/schema\/logo\/image\/","url":"http:\/\/www.celttv.com.ar\/wp-content\/uploads\/2022\/08\/logo-1.png","contentUrl":"http:\/\/www.celttv.com.ar\/wp-content\/uploads\/2022\/08\/logo-1.png","width":461,"height":159,"caption":"CELTTV"},"image":{"@id":"https:\/\/www.celttv.com.ar\/#\/schema\/logo\/image\/"}},{"@type":"Person","@id":"https:\/\/www.celttv.com.ar\/#\/schema\/person\/9059dc91dc7204ef4182cdb65225f07d","name":"Miguel Herrada","image":{"@type":"ImageObject","inLanguage":"es","@id":"https:\/\/www.celttv.com.ar\/#\/schema\/person\/image\/","url":"https:\/\/secure.gravatar.com\/avatar\/67724d5b3c716623ffd76bec7e45841a442ac3b456e914dbba90b0fad2b8e0b1?s=96&d=mm&r=g","contentUrl":"https:\/\/secure.gravatar.com\/avatar\/67724d5b3c716623ffd76bec7e45841a442ac3b456e914dbba90b0fad2b8e0b1?s=96&d=mm&r=g","caption":"Miguel Herrada"}}]}},"_links":{"self":[{"href":"https:\/\/www.celttv.com.ar\/index.php\/wp-json\/wp\/v2\/posts\/80457","targetHints":{"allow":["GET"]}}],"collection":[{"href":"https:\/\/www.celttv.com.ar\/index.php\/wp-json\/wp\/v2\/posts"}],"about":[{"href":"https:\/\/www.celttv.com.ar\/index.php\/wp-json\/wp\/v2\/types\/post"}],"author":[{"embeddable":true,"href":"https:\/\/www.celttv.com.ar\/index.php\/wp-json\/wp\/v2\/users\/5"}],"replies":[{"embeddable":true,"href":"https:\/\/www.celttv.com.ar\/index.php\/wp-json\/wp\/v2\/comments?post=80457"}],"version-history":[{"count":1,"href":"https:\/\/www.celttv.com.ar\/index.php\/wp-json\/wp\/v2\/posts\/80457\/revisions"}],"predecessor-version":[{"id":80460,"href":"https:\/\/www.celttv.com.ar\/index.php\/wp-json\/wp\/v2\/posts\/80457\/revisions\/80460"}],"wp:featuredmedia":[{"embeddable":true,"href":"https:\/\/www.celttv.com.ar\/index.php\/wp-json\/wp\/v2\/media\/80459"}],"wp:attachment":[{"href":"https:\/\/www.celttv.com.ar\/index.php\/wp-json\/wp\/v2\/media?parent=80457"}],"wp:term":[{"taxonomy":"category","embeddable":true,"href":"https:\/\/www.celttv.com.ar\/index.php\/wp-json\/wp\/v2\/categories?post=80457"},{"taxonomy":"post_tag","embeddable":true,"href":"https:\/\/www.celttv.com.ar\/index.php\/wp-json\/wp\/v2\/tags?post=80457"}],"curies":[{"name":"wp","href":"https:\/\/api.w.org\/{rel}","templated":true}]}}