{"id":80474,"date":"2023-11-19T12:38:10","date_gmt":"2023-11-19T15:38:10","guid":{"rendered":"http:\/\/www.celttv.com.ar\/?p=80474"},"modified":"2023-11-19T12:38:10","modified_gmt":"2023-11-19T15:38:10","slug":"automoto-y-union-metieron-inferiores-en-semifinales","status":"publish","type":"post","link":"https:\/\/www.celttv.com.ar\/index.php\/2023\/11\/19\/automoto-y-union-metieron-inferiores-en-semifinales\/","title":{"rendered":"Automoto y Uni\u00f3n metieron inferiores en semifinales"},"content":{"rendered":"<p>Tras la disputa de los cruces de cuartos de final, este s\u00e1bado en las canchas de los cuatro clubes de Pig\u00fc\u00e9, quedaron clasificados los clubes que protagonizar\u00e1n las semifinales del torneo Clausura de divisiones inferiores de la Liga Regional de F\u00fatbol de Coronel Su\u00e1rez.<\/p>\n<p>Cabe acotar que uno de los partidos, el de 6\u00aa entre Empleados de Comercio y Tiro Federal de Puan, fue suspendido por el \u00e1rbitro Jos\u00e9 Luis Herlein por falta de garant\u00edas y tras haber sido agredido por el padre de uno de los jugadores del equipo puanense al t\u00e9rmino del primer tiempo, con el resultado 2 a 1 a favor del de Guamin\u00ed.<\/p>\n<p>En consecuencia, habr\u00e1 que aguardar la determinaci\u00f3n que adoptar\u00e1 el Tribunal de Penas una vez que reciba el informe correspondiente sobre esta situaci\u00f3n lamentable, que merece un absoluto repudio y debe entristecer a todos aquellos que entienden que solamente se trata de una contienda deportiva.<br \/>\nLos resultados registrados son los siguientes:<\/p>\n<p><strong>Quinta:<\/strong>\u00a0Blanco y Negro 4 vs. Club Sarmiento 2; Deportivo Sarmiento 1 vs. Racing Club 3;\u00a0<strong>Uni\u00f3n de Tornquist 2 (4) vs. Deportivo Argentino 2 (2)<\/strong>\u00a0y Boca Juniors 1 (3) vs. Tiro Federal de Puan 1 (1).<br \/>\nSexta: Blanco y Negro 2 vs. Pe\u00f1arol de Pig\u00fc\u00e9 1; Deportivo Sarmiento 1 vs. Racing Club 2; Uni\u00f3n de Tornquist 1 (2) vs. Deportivo Rivera 1 (4) y Empleados de Comercio 2 vs. Tiro Federal de Puan 1 (suspendido al finalizar el primer tiempo).<\/p>\n<p><strong>S\u00e9ptima:<\/strong>\u00a0Blanco y Negro 1 (4) vs. Club Sarmiento 1 (2); Deportivo Sarmiento 0 (3) vs. Atl\u00e9tico Huanguel\u00e9n 0 (4);\u00a0<strong>Uni\u00f3n de Tornquist 0 vs. Deportivo Argentino 3\u00a0<\/strong>y San Mart\u00edn de Santa Trinidad 2 vs. Deportivo Rivera 1.<\/p>\n<p><strong>Octava:\u00a0<\/strong>Blanco y Negro 0 (2) vs. Pe\u00f1arol de Pig\u00fc\u00e9 0 (3); Deportivo Sarmiento 2 vs. San Mart\u00edn de Carhu\u00e9 0;<strong>\u00a0Automoto 2 vs. Deportivo Argentino 0<\/strong>\u00a0y Empleados de Comercio 1 vs. Deportivo Rivera 2.<\/p>\n<p>En la reuni\u00f3n que llevar\u00e1 a cabo el pr\u00f3ximo lunes el consejo directivo de la LRF, que preside Ernesto Manuel \u00a0Palenzona, quedar\u00e1n diagramados los cruces semifinales y se determinar\u00e1 los escenarios que albergar\u00e1n los mismos.<\/p>\n<p>Claudio Meier<\/p>\n<p><img loading=\"lazy\" decoding=\"async\" class=\"alignnone wp-image-80475 size-full\" src=\"http:\/\/www.celttv.com.ar\/wp-content\/uploads\/2023\/11\/PELOTA-Y-RED.jpg\" alt=\"\" width=\"755\" height=\"649\" srcset=\"https:\/\/www.celttv.com.ar\/wp-content\/uploads\/2023\/11\/PELOTA-Y-RED.jpg 755w, https:\/\/www.celttv.com.ar\/wp-content\/uploads\/2023\/11\/PELOTA-Y-RED-300x258.jpg 300w, https:\/\/www.celttv.com.ar\/wp-content\/uploads\/2023\/11\/PELOTA-Y-RED-750x645.jpg 750w\" sizes=\"auto, (max-width: 755px) 100vw, 755px\" \/><\/p>\n","protected":false},"excerpt":{"rendered":"<p>Tras la disputa de los cruces de cuartos de final, este s\u00e1bado en las canchas de los cuatro clubes de Pig\u00fc\u00e9, quedaron clasificados los clubes que protagonizar\u00e1n las semifinales del torneo Clausura de divisiones inferiores de la Liga Regional de F\u00fatbol de Coronel Su\u00e1rez. Cabe acotar que uno de los partidos, el de 6\u00aa entre [&hellip;]<\/p>\n","protected":false},"author":5,"featured_media":80475,"comment_status":"closed","ping_status":"closed","sticky":false,"template":"","format":"standard","meta":{"footnotes":""},"categories":[60,52],"tags":[],"class_list":["post-80474","post","type-post","status-publish","format-standard","has-post-thumbnail","hentry","category-deporte","category-destacadas"],"yoast_head":"<!-- This site is optimized with the Yoast SEO plugin v19.7.1 - https:\/\/yoast.com\/wordpress\/plugins\/seo\/ -->\n<title>Automoto y Uni\u00f3n metieron inferiores en semifinales - CELTTV<\/title>\n<meta name=\"description\" content=\"Sitio web de noticias de la localidad de Tornquist, provincia de Buenos Aires, Rep\u00fablica Argentina. Contenido propio originado por periodistas de CELTTV, el canal de TV local de la Cooperativa El\u00e9ctrica de Tornquist. Turismo, Pol\u00edtica, Sociedad, Deporte, Cultura y todo el contenido de inter\u00e9s general que la gente del pueblo y la regi\u00f3n debe conocer.\" \/>\n<meta name=\"robots\" content=\"index, follow, max-snippet:-1, max-image-preview:large, max-video-preview:-1\" \/>\n<link rel=\"canonical\" href=\"https:\/\/www.celttv.com.ar\/index.php\/2023\/11\/19\/automoto-y-union-metieron-inferiores-en-semifinales\/\" \/>\n<meta property=\"og:locale\" content=\"es_ES\" \/>\n<meta property=\"og:type\" content=\"article\" \/>\n<meta property=\"og:title\" content=\"Automoto y Uni\u00f3n metieron inferiores en semifinales - CELTTV\" \/>\n<meta property=\"og:description\" content=\"Sitio web de noticias de la localidad de Tornquist, provincia de Buenos Aires, Rep\u00fablica Argentina. Contenido propio originado por periodistas de CELTTV, el canal de TV local de la Cooperativa El\u00e9ctrica de Tornquist. Turismo, Pol\u00edtica, Sociedad, Deporte, Cultura y todo el contenido de inter\u00e9s general que la gente del pueblo y la regi\u00f3n debe conocer.\" \/>\n<meta property=\"og:url\" content=\"https:\/\/www.celttv.com.ar\/index.php\/2023\/11\/19\/automoto-y-union-metieron-inferiores-en-semifinales\/\" \/>\n<meta property=\"og:site_name\" content=\"CELTTV\" \/>\n<meta property=\"article:publisher\" content=\"https:\/\/www.facebook.com\/celtTV\/\" \/>\n<meta property=\"article:published_time\" content=\"2023-11-19T15:38:10+00:00\" \/>\n<meta property=\"og:image\" content=\"https:\/\/www.celttv.com.ar\/wp-content\/uploads\/2023\/11\/PELOTA-Y-RED.jpg\" \/>\n\t<meta property=\"og:image:width\" content=\"755\" \/>\n\t<meta property=\"og:image:height\" content=\"649\" \/>\n\t<meta property=\"og:image:type\" content=\"image\/jpeg\" \/>\n<meta name=\"author\" content=\"Miguel Herrada\" \/>\n<meta name=\"twitter:card\" content=\"summary_large_image\" \/>\n<meta name=\"twitter:label1\" content=\"Escrito por\" \/>\n\t<meta name=\"twitter:data1\" content=\"Miguel Herrada\" \/>\n\t<meta name=\"twitter:label2\" content=\"Tiempo de lectura\" \/>\n\t<meta name=\"twitter:data2\" content=\"2 minutos\" \/>\n<script type=\"application\/ld+json\" class=\"yoast-schema-graph\">{\"@context\":\"https:\/\/schema.org\",\"@graph\":[{\"@type\":\"NewsArticle\",\"@id\":\"https:\/\/www.celttv.com.ar\/index.php\/2023\/11\/19\/automoto-y-union-metieron-inferiores-en-semifinales\/#article\",\"isPartOf\":{\"@id\":\"https:\/\/www.celttv.com.ar\/index.php\/2023\/11\/19\/automoto-y-union-metieron-inferiores-en-semifinales\/\"},\"author\":{\"name\":\"Miguel Herrada\",\"@id\":\"https:\/\/www.celttv.com.ar\/#\/schema\/person\/9059dc91dc7204ef4182cdb65225f07d\"},\"headline\":\"Automoto y Uni\u00f3n metieron inferiores en semifinales\",\"datePublished\":\"2023-11-19T15:38:10+00:00\",\"dateModified\":\"2023-11-19T15:38:10+00:00\",\"mainEntityOfPage\":{\"@id\":\"https:\/\/www.celttv.com.ar\/index.php\/2023\/11\/19\/automoto-y-union-metieron-inferiores-en-semifinales\/\"},\"wordCount\":335,\"publisher\":{\"@id\":\"https:\/\/www.celttv.com.ar\/#organization\"},\"articleSection\":[\"Deporte\",\"Destacadas\"],\"inLanguage\":\"es\"},{\"@type\":\"WebPage\",\"@id\":\"https:\/\/www.celttv.com.ar\/index.php\/2023\/11\/19\/automoto-y-union-metieron-inferiores-en-semifinales\/\",\"url\":\"https:\/\/www.celttv.com.ar\/index.php\/2023\/11\/19\/automoto-y-union-metieron-inferiores-en-semifinales\/\",\"name\":\"Automoto y Uni\u00f3n metieron inferiores en semifinales - CELTTV\",\"isPartOf\":{\"@id\":\"https:\/\/www.celttv.com.ar\/#website\"},\"datePublished\":\"2023-11-19T15:38:10+00:00\",\"dateModified\":\"2023-11-19T15:38:10+00:00\",\"description\":\"Sitio web de noticias de la localidad de Tornquist, provincia de Buenos Aires, Rep\u00fablica Argentina. Contenido propio originado por periodistas de CELTTV, el canal de TV local de la Cooperativa El\u00e9ctrica de Tornquist. Turismo, Pol\u00edtica, Sociedad, Deporte, Cultura y todo el contenido de inter\u00e9s general que la gente del pueblo y la regi\u00f3n debe conocer.\",\"breadcrumb\":{\"@id\":\"https:\/\/www.celttv.com.ar\/index.php\/2023\/11\/19\/automoto-y-union-metieron-inferiores-en-semifinales\/#breadcrumb\"},\"inLanguage\":\"es\",\"potentialAction\":[{\"@type\":\"ReadAction\",\"target\":[\"https:\/\/www.celttv.com.ar\/index.php\/2023\/11\/19\/automoto-y-union-metieron-inferiores-en-semifinales\/\"]}]},{\"@type\":\"BreadcrumbList\",\"@id\":\"https:\/\/www.celttv.com.ar\/index.php\/2023\/11\/19\/automoto-y-union-metieron-inferiores-en-semifinales\/#breadcrumb\",\"itemListElement\":[{\"@type\":\"ListItem\",\"position\":1,\"name\":\"Inicio\",\"item\":\"https:\/\/www.celttv.com.ar\/\"},{\"@type\":\"ListItem\",\"position\":2,\"name\":\"Automoto y Uni\u00f3n metieron inferiores en semifinales\"}]},{\"@type\":\"WebSite\",\"@id\":\"https:\/\/www.celttv.com.ar\/#website\",\"url\":\"https:\/\/www.celttv.com.ar\/\",\"name\":\"CELTTV\",\"description\":\"Cooperativa El\u00e9ctrica de Tornquist\",\"publisher\":{\"@id\":\"https:\/\/www.celttv.com.ar\/#organization\"},\"potentialAction\":[{\"@type\":\"SearchAction\",\"target\":{\"@type\":\"EntryPoint\",\"urlTemplate\":\"https:\/\/www.celttv.com.ar\/?s={search_term_string}\"},\"query-input\":\"required name=search_term_string\"}],\"inLanguage\":\"es\"},{\"@type\":\"Organization\",\"@id\":\"https:\/\/www.celttv.com.ar\/#organization\",\"name\":\"CELTTV\",\"url\":\"https:\/\/www.celttv.com.ar\/\",\"sameAs\":[\"https:\/\/www.youtube.com\/channel\/UCz_oIt8Hig64Ub-EmcNPIhg\",\"https:\/\/www.facebook.com\/celtTV\/\"],\"logo\":{\"@type\":\"ImageObject\",\"inLanguage\":\"es\",\"@id\":\"https:\/\/www.celttv.com.ar\/#\/schema\/logo\/image\/\",\"url\":\"http:\/\/www.celttv.com.ar\/wp-content\/uploads\/2022\/08\/logo-1.png\",\"contentUrl\":\"http:\/\/www.celttv.com.ar\/wp-content\/uploads\/2022\/08\/logo-1.png\",\"width\":461,\"height\":159,\"caption\":\"CELTTV\"},\"image\":{\"@id\":\"https:\/\/www.celttv.com.ar\/#\/schema\/logo\/image\/\"}},{\"@type\":\"Person\",\"@id\":\"https:\/\/www.celttv.com.ar\/#\/schema\/person\/9059dc91dc7204ef4182cdb65225f07d\",\"name\":\"Miguel Herrada\",\"image\":{\"@type\":\"ImageObject\",\"inLanguage\":\"es\",\"@id\":\"https:\/\/www.celttv.com.ar\/#\/schema\/person\/image\/\",\"url\":\"https:\/\/secure.gravatar.com\/avatar\/67724d5b3c716623ffd76bec7e45841a442ac3b456e914dbba90b0fad2b8e0b1?s=96&d=mm&r=g\",\"contentUrl\":\"https:\/\/secure.gravatar.com\/avatar\/67724d5b3c716623ffd76bec7e45841a442ac3b456e914dbba90b0fad2b8e0b1?s=96&d=mm&r=g\",\"caption\":\"Miguel Herrada\"}}]}<\/script>\n<!-- \/ Yoast SEO plugin. -->","yoast_head_json":{"title":"Automoto y Uni\u00f3n metieron inferiores en semifinales - CELTTV","description":"Sitio web de noticias de la localidad de Tornquist, provincia de Buenos Aires, Rep\u00fablica Argentina. Contenido propio originado por periodistas de CELTTV, el canal de TV local de la Cooperativa El\u00e9ctrica de Tornquist. Turismo, Pol\u00edtica, Sociedad, Deporte, Cultura y todo el contenido de inter\u00e9s general que la gente del pueblo y la regi\u00f3n debe conocer.","robots":{"index":"index","follow":"follow","max-snippet":"max-snippet:-1","max-image-preview":"max-image-preview:large","max-video-preview":"max-video-preview:-1"},"canonical":"https:\/\/www.celttv.com.ar\/index.php\/2023\/11\/19\/automoto-y-union-metieron-inferiores-en-semifinales\/","og_locale":"es_ES","og_type":"article","og_title":"Automoto y Uni\u00f3n metieron inferiores en semifinales - CELTTV","og_description":"Sitio web de noticias de la localidad de Tornquist, provincia de Buenos Aires, Rep\u00fablica Argentina. Contenido propio originado por periodistas de CELTTV, el canal de TV local de la Cooperativa El\u00e9ctrica de Tornquist. Turismo, Pol\u00edtica, Sociedad, Deporte, Cultura y todo el contenido de inter\u00e9s general que la gente del pueblo y la regi\u00f3n debe conocer.","og_url":"https:\/\/www.celttv.com.ar\/index.php\/2023\/11\/19\/automoto-y-union-metieron-inferiores-en-semifinales\/","og_site_name":"CELTTV","article_publisher":"https:\/\/www.facebook.com\/celtTV\/","article_published_time":"2023-11-19T15:38:10+00:00","og_image":[{"width":755,"height":649,"url":"https:\/\/www.celttv.com.ar\/wp-content\/uploads\/2023\/11\/PELOTA-Y-RED.jpg","type":"image\/jpeg"}],"author":"Miguel Herrada","twitter_card":"summary_large_image","twitter_misc":{"Escrito por":"Miguel Herrada","Tiempo de lectura":"2 minutos"},"schema":{"@context":"https:\/\/schema.org","@graph":[{"@type":"NewsArticle","@id":"https:\/\/www.celttv.com.ar\/index.php\/2023\/11\/19\/automoto-y-union-metieron-inferiores-en-semifinales\/#article","isPartOf":{"@id":"https:\/\/www.celttv.com.ar\/index.php\/2023\/11\/19\/automoto-y-union-metieron-inferiores-en-semifinales\/"},"author":{"name":"Miguel Herrada","@id":"https:\/\/www.celttv.com.ar\/#\/schema\/person\/9059dc91dc7204ef4182cdb65225f07d"},"headline":"Automoto y Uni\u00f3n metieron inferiores en semifinales","datePublished":"2023-11-19T15:38:10+00:00","dateModified":"2023-11-19T15:38:10+00:00","mainEntityOfPage":{"@id":"https:\/\/www.celttv.com.ar\/index.php\/2023\/11\/19\/automoto-y-union-metieron-inferiores-en-semifinales\/"},"wordCount":335,"publisher":{"@id":"https:\/\/www.celttv.com.ar\/#organization"},"articleSection":["Deporte","Destacadas"],"inLanguage":"es"},{"@type":"WebPage","@id":"https:\/\/www.celttv.com.ar\/index.php\/2023\/11\/19\/automoto-y-union-metieron-inferiores-en-semifinales\/","url":"https:\/\/www.celttv.com.ar\/index.php\/2023\/11\/19\/automoto-y-union-metieron-inferiores-en-semifinales\/","name":"Automoto y Uni\u00f3n metieron inferiores en semifinales - CELTTV","isPartOf":{"@id":"https:\/\/www.celttv.com.ar\/#website"},"datePublished":"2023-11-19T15:38:10+00:00","dateModified":"2023-11-19T15:38:10+00:00","description":"Sitio web de noticias de la localidad de Tornquist, provincia de Buenos Aires, Rep\u00fablica Argentina. Contenido propio originado por periodistas de CELTTV, el canal de TV local de la Cooperativa El\u00e9ctrica de Tornquist. Turismo, Pol\u00edtica, Sociedad, Deporte, Cultura y todo el contenido de inter\u00e9s general que la gente del pueblo y la regi\u00f3n debe conocer.","breadcrumb":{"@id":"https:\/\/www.celttv.com.ar\/index.php\/2023\/11\/19\/automoto-y-union-metieron-inferiores-en-semifinales\/#breadcrumb"},"inLanguage":"es","potentialAction":[{"@type":"ReadAction","target":["https:\/\/www.celttv.com.ar\/index.php\/2023\/11\/19\/automoto-y-union-metieron-inferiores-en-semifinales\/"]}]},{"@type":"BreadcrumbList","@id":"https:\/\/www.celttv.com.ar\/index.php\/2023\/11\/19\/automoto-y-union-metieron-inferiores-en-semifinales\/#breadcrumb","itemListElement":[{"@type":"ListItem","position":1,"name":"Inicio","item":"https:\/\/www.celttv.com.ar\/"},{"@type":"ListItem","position":2,"name":"Automoto y Uni\u00f3n metieron inferiores en semifinales"}]},{"@type":"WebSite","@id":"https:\/\/www.celttv.com.ar\/#website","url":"https:\/\/www.celttv.com.ar\/","name":"CELTTV","description":"Cooperativa El\u00e9ctrica de Tornquist","publisher":{"@id":"https:\/\/www.celttv.com.ar\/#organization"},"potentialAction":[{"@type":"SearchAction","target":{"@type":"EntryPoint","urlTemplate":"https:\/\/www.celttv.com.ar\/?s={search_term_string}"},"query-input":"required name=search_term_string"}],"inLanguage":"es"},{"@type":"Organization","@id":"https:\/\/www.celttv.com.ar\/#organization","name":"CELTTV","url":"https:\/\/www.celttv.com.ar\/","sameAs":["https:\/\/www.youtube.com\/channel\/UCz_oIt8Hig64Ub-EmcNPIhg","https:\/\/www.facebook.com\/celtTV\/"],"logo":{"@type":"ImageObject","inLanguage":"es","@id":"https:\/\/www.celttv.com.ar\/#\/schema\/logo\/image\/","url":"http:\/\/www.celttv.com.ar\/wp-content\/uploads\/2022\/08\/logo-1.png","contentUrl":"http:\/\/www.celttv.com.ar\/wp-content\/uploads\/2022\/08\/logo-1.png","width":461,"height":159,"caption":"CELTTV"},"image":{"@id":"https:\/\/www.celttv.com.ar\/#\/schema\/logo\/image\/"}},{"@type":"Person","@id":"https:\/\/www.celttv.com.ar\/#\/schema\/person\/9059dc91dc7204ef4182cdb65225f07d","name":"Miguel Herrada","image":{"@type":"ImageObject","inLanguage":"es","@id":"https:\/\/www.celttv.com.ar\/#\/schema\/person\/image\/","url":"https:\/\/secure.gravatar.com\/avatar\/67724d5b3c716623ffd76bec7e45841a442ac3b456e914dbba90b0fad2b8e0b1?s=96&d=mm&r=g","contentUrl":"https:\/\/secure.gravatar.com\/avatar\/67724d5b3c716623ffd76bec7e45841a442ac3b456e914dbba90b0fad2b8e0b1?s=96&d=mm&r=g","caption":"Miguel Herrada"}}]}},"_links":{"self":[{"href":"https:\/\/www.celttv.com.ar\/index.php\/wp-json\/wp\/v2\/posts\/80474","targetHints":{"allow":["GET"]}}],"collection":[{"href":"https:\/\/www.celttv.com.ar\/index.php\/wp-json\/wp\/v2\/posts"}],"about":[{"href":"https:\/\/www.celttv.com.ar\/index.php\/wp-json\/wp\/v2\/types\/post"}],"author":[{"embeddable":true,"href":"https:\/\/www.celttv.com.ar\/index.php\/wp-json\/wp\/v2\/users\/5"}],"replies":[{"embeddable":true,"href":"https:\/\/www.celttv.com.ar\/index.php\/wp-json\/wp\/v2\/comments?post=80474"}],"version-history":[{"count":1,"href":"https:\/\/www.celttv.com.ar\/index.php\/wp-json\/wp\/v2\/posts\/80474\/revisions"}],"predecessor-version":[{"id":80476,"href":"https:\/\/www.celttv.com.ar\/index.php\/wp-json\/wp\/v2\/posts\/80474\/revisions\/80476"}],"wp:featuredmedia":[{"embeddable":true,"href":"https:\/\/www.celttv.com.ar\/index.php\/wp-json\/wp\/v2\/media\/80475"}],"wp:attachment":[{"href":"https:\/\/www.celttv.com.ar\/index.php\/wp-json\/wp\/v2\/media?parent=80474"}],"wp:term":[{"taxonomy":"category","embeddable":true,"href":"https:\/\/www.celttv.com.ar\/index.php\/wp-json\/wp\/v2\/categories?post=80474"},{"taxonomy":"post_tag","embeddable":true,"href":"https:\/\/www.celttv.com.ar\/index.php\/wp-json\/wp\/v2\/tags?post=80474"}],"curies":[{"name":"wp","href":"https:\/\/api.w.org\/{rel}","templated":true}]}}