{"id":80480,"date":"2023-11-19T22:26:33","date_gmt":"2023-11-20T01:26:33","guid":{"rendered":"https:\/\/www.celttv.com.ar\/?p=80480"},"modified":"2023-11-19T22:28:13","modified_gmt":"2023-11-20T01:28:13","slug":"testimonios-de-referentes-de-la-libertad-avanza-y-union-por-la-patria-tras-la-victoria-de-milei-videos","status":"publish","type":"post","link":"https:\/\/www.celttv.com.ar\/index.php\/2023\/11\/19\/testimonios-de-referentes-de-la-libertad-avanza-y-union-por-la-patria-tras-la-victoria-de-milei-videos\/","title":{"rendered":"Testimonios de referentes de La Libertad Avanza y Uni\u00f3n por la Patria tras la victoria de Milei (Videos)"},"content":{"rendered":"<p>Con una extensa caravana recorriendo todas las calles de la ciudad, encabezada por la camioneta ploteada con la cara del &#8220;Le\u00f3n&#8221;, al mando de Mario Rodriguez, referente de la Libertad Avanza en el distrito, varios vecinos salieron a festejar el triunfo de Javier Milei.<\/p>\n<p><img loading=\"lazy\" decoding=\"async\" class=\"alignnone wp-image-80481 size-large\" src=\"http:\/\/www.celttv.com.ar\/wp-content\/uploads\/2023\/11\/MARIOMILEI-1024x576.jpg\" alt=\"\" width=\"1024\" height=\"576\" srcset=\"https:\/\/www.celttv.com.ar\/wp-content\/uploads\/2023\/11\/MARIOMILEI-1024x576.jpg 1024w, https:\/\/www.celttv.com.ar\/wp-content\/uploads\/2023\/11\/MARIOMILEI-300x169.jpg 300w, https:\/\/www.celttv.com.ar\/wp-content\/uploads\/2023\/11\/MARIOMILEI-768x432.jpg 768w, https:\/\/www.celttv.com.ar\/wp-content\/uploads\/2023\/11\/MARIOMILEI-750x422.jpg 750w, https:\/\/www.celttv.com.ar\/wp-content\/uploads\/2023\/11\/MARIOMILEI-1140x641.jpg 1140w, https:\/\/www.celttv.com.ar\/wp-content\/uploads\/2023\/11\/MARIOMILEI.jpg 1280w\" sizes=\"auto, (max-width: 1024px) 100vw, 1024px\" \/><\/p>\n<p>Banderas argentinas o con la cara del &#8220;Le\u00f3n&#8221;, acompa\u00f1ados de diferentes c\u00e1nticos, varios vecinos dieron rienda suelta a una alegr\u00eda que termin\u00f3 con m\u00fasica y bengalas de colores en &#8220;La Cueva del Le\u00f3n&#8221;.<\/p>\n<p><img loading=\"lazy\" decoding=\"async\" class=\"alignnone wp-image-80482 size-large\" src=\"http:\/\/www.celttv.com.ar\/wp-content\/uploads\/2023\/11\/MARIOMILEI2-1024x576.jpg\" alt=\"\" width=\"1024\" height=\"576\" srcset=\"https:\/\/www.celttv.com.ar\/wp-content\/uploads\/2023\/11\/MARIOMILEI2-1024x576.jpg 1024w, https:\/\/www.celttv.com.ar\/wp-content\/uploads\/2023\/11\/MARIOMILEI2-300x169.jpg 300w, https:\/\/www.celttv.com.ar\/wp-content\/uploads\/2023\/11\/MARIOMILEI2-768x432.jpg 768w, https:\/\/www.celttv.com.ar\/wp-content\/uploads\/2023\/11\/MARIOMILEI2-750x422.jpg 750w, https:\/\/www.celttv.com.ar\/wp-content\/uploads\/2023\/11\/MARIOMILEI2-1140x641.jpg 1140w, https:\/\/www.celttv.com.ar\/wp-content\/uploads\/2023\/11\/MARIOMILEI2.jpg 1280w\" sizes=\"auto, (max-width: 1024px) 100vw, 1024px\" \/><\/p>\n<p>&nbsp;<\/p>\n<p>Mario Rodriguez, entre l\u00e1grimas, agradeci\u00f3 el acompa\u00f1amiento de la gente sosteniendo que &#8220;para hacer realidad el cambio era necesario comprometerse con el voto y, ahora, acompa\u00f1ar la gesti\u00f3n del futuro presidente&#8221;.<\/p>\n<p>&#8220;La gente estaba cansada y dijo basta, pero ahora es cuando todos los argentinos tenemos que unirnos m\u00e1s que nunca para empezar a sacar adelante el pa\u00eds&#8221;, afirm\u00f3 Rodriguez.<\/p>\n<p><iframe loading=\"lazy\" title=\"2023 11 19 TRIUNFO DE MILEI EN TORNQUIST   MARIO RODRIGUEZ\" width=\"500\" height=\"281\" src=\"https:\/\/www.youtube.com\/embed\/2GzOu_1dLEI?feature=oembed\" frameborder=\"0\" allow=\"accelerometer; autoplay; clipboard-write; encrypted-media; gyroscope; picture-in-picture; web-share\" referrerpolicy=\"strict-origin-when-cross-origin\" allowfullscreen><\/iframe><\/p>\n<p><iframe loading=\"lazy\" title=\"2023 11 19 TRIUNFO DE MILEI EN TORNQUIST   AYL\u00c9N VIGIL Y CECILIA QUIROGA\" width=\"500\" height=\"281\" src=\"https:\/\/www.youtube.com\/embed\/AUWqSRuUZCQ?feature=oembed\" frameborder=\"0\" allow=\"accelerometer; autoplay; clipboard-write; encrypted-media; gyroscope; picture-in-picture; web-share\" referrerpolicy=\"strict-origin-when-cross-origin\" allowfullscreen><\/iframe><\/p>\n<p>Por su parte, el intendente Sergio Bordoni junto a Carlos Quir\u00f3z, dejaron su impresi\u00f3n el triunfo de Javier Milei, quien asumir\u00e1 como presidente de la Naci\u00f3n a partir del 10 de diciembre.<\/p>\n<p><iframe loading=\"lazy\" title=\"2023 11 19 TRIUNFO DE MILEI EN TORNQUIST   SERGIO BORDONI   INTENDENTE\" width=\"500\" height=\"281\" src=\"https:\/\/www.youtube.com\/embed\/eBD_IPXay_4?feature=oembed\" frameborder=\"0\" allow=\"accelerometer; autoplay; clipboard-write; encrypted-media; gyroscope; picture-in-picture; web-share\" referrerpolicy=\"strict-origin-when-cross-origin\" allowfullscreen><\/iframe><\/p>\n<p><iframe loading=\"lazy\" title=\"2023 11 19 TRIUNFO DE MILEI EN TORNQUIST   CARLOS QUIROZ\" width=\"500\" height=\"281\" src=\"https:\/\/www.youtube.com\/embed\/cTR6qiEyf_M?feature=oembed\" frameborder=\"0\" allow=\"accelerometer; autoplay; clipboard-write; encrypted-media; gyroscope; picture-in-picture; web-share\" referrerpolicy=\"strict-origin-when-cross-origin\" allowfullscreen><\/iframe><\/p>\n","protected":false},"excerpt":{"rendered":"<p>Con una extensa caravana recorriendo todas las calles de la ciudad, encabezada por la camioneta ploteada con la cara del &#8220;Le\u00f3n&#8221;, al mando de Mario Rodriguez, referente de la Libertad Avanza en el distrito, varios vecinos salieron a festejar el triunfo de Javier Milei. Banderas argentinas o con la cara del &#8220;Le\u00f3n&#8221;, acompa\u00f1ados de diferentes [&hellip;]<\/p>\n","protected":false},"author":5,"featured_media":80482,"comment_status":"closed","ping_status":"closed","sticky":false,"template":"","format":"standard","meta":{"footnotes":""},"categories":[55],"tags":[],"class_list":["post-80480","post","type-post","status-publish","format-standard","has-post-thumbnail","hentry","category-celt-tv-noticias"],"yoast_head":"<!-- This site is optimized with the Yoast SEO plugin v19.7.1 - https:\/\/yoast.com\/wordpress\/plugins\/seo\/ -->\n<title>Testimonios de referentes de La Libertad Avanza y Uni\u00f3n por la Patria tras la victoria de Milei (Videos) - CELTTV<\/title>\n<meta name=\"description\" content=\"Sitio web de noticias de la localidad de Tornquist, provincia de Buenos Aires, Rep\u00fablica Argentina. Contenido propio originado por periodistas de CELTTV, el canal de TV local de la Cooperativa El\u00e9ctrica de Tornquist. Turismo, Pol\u00edtica, Sociedad, Deporte, Cultura y todo el contenido de inter\u00e9s general que la gente del pueblo y la regi\u00f3n debe conocer.\" \/>\n<meta name=\"robots\" content=\"index, follow, max-snippet:-1, max-image-preview:large, max-video-preview:-1\" \/>\n<link rel=\"canonical\" href=\"https:\/\/www.celttv.com.ar\/index.php\/2023\/11\/19\/testimonios-de-referentes-de-la-libertad-avanza-y-union-por-la-patria-tras-la-victoria-de-milei-videos\/\" \/>\n<meta property=\"og:locale\" content=\"es_ES\" \/>\n<meta property=\"og:type\" content=\"article\" \/>\n<meta property=\"og:title\" content=\"Testimonios de referentes de La Libertad Avanza y Uni\u00f3n por la Patria tras la victoria de Milei (Videos) - CELTTV\" \/>\n<meta property=\"og:description\" content=\"Sitio web de noticias de la localidad de Tornquist, provincia de Buenos Aires, Rep\u00fablica Argentina. Contenido propio originado por periodistas de CELTTV, el canal de TV local de la Cooperativa El\u00e9ctrica de Tornquist. Turismo, Pol\u00edtica, Sociedad, Deporte, Cultura y todo el contenido de inter\u00e9s general que la gente del pueblo y la regi\u00f3n debe conocer.\" \/>\n<meta property=\"og:url\" content=\"https:\/\/www.celttv.com.ar\/index.php\/2023\/11\/19\/testimonios-de-referentes-de-la-libertad-avanza-y-union-por-la-patria-tras-la-victoria-de-milei-videos\/\" \/>\n<meta property=\"og:site_name\" content=\"CELTTV\" \/>\n<meta property=\"article:publisher\" content=\"https:\/\/www.facebook.com\/celtTV\/\" \/>\n<meta property=\"article:published_time\" content=\"2023-11-20T01:26:33+00:00\" \/>\n<meta property=\"article:modified_time\" content=\"2023-11-20T01:28:13+00:00\" \/>\n<meta property=\"og:image\" content=\"https:\/\/www.celttv.com.ar\/wp-content\/uploads\/2023\/11\/MARIOMILEI2.jpg\" \/>\n\t<meta property=\"og:image:width\" content=\"1280\" \/>\n\t<meta property=\"og:image:height\" content=\"720\" \/>\n\t<meta property=\"og:image:type\" content=\"image\/jpeg\" \/>\n<meta name=\"author\" content=\"Miguel Herrada\" \/>\n<meta name=\"twitter:card\" content=\"summary_large_image\" \/>\n<meta name=\"twitter:label1\" content=\"Escrito por\" \/>\n\t<meta name=\"twitter:data1\" content=\"Miguel Herrada\" \/>\n\t<meta name=\"twitter:label2\" content=\"Tiempo de lectura\" \/>\n\t<meta name=\"twitter:data2\" content=\"1 minuto\" \/>\n<script type=\"application\/ld+json\" class=\"yoast-schema-graph\">{\"@context\":\"https:\/\/schema.org\",\"@graph\":[{\"@type\":\"NewsArticle\",\"@id\":\"https:\/\/www.celttv.com.ar\/index.php\/2023\/11\/19\/testimonios-de-referentes-de-la-libertad-avanza-y-union-por-la-patria-tras-la-victoria-de-milei-videos\/#article\",\"isPartOf\":{\"@id\":\"https:\/\/www.celttv.com.ar\/index.php\/2023\/11\/19\/testimonios-de-referentes-de-la-libertad-avanza-y-union-por-la-patria-tras-la-victoria-de-milei-videos\/\"},\"author\":{\"name\":\"Miguel Herrada\",\"@id\":\"https:\/\/www.celttv.com.ar\/#\/schema\/person\/9059dc91dc7204ef4182cdb65225f07d\"},\"headline\":\"Testimonios de referentes de La Libertad Avanza y Uni\u00f3n por la Patria tras la victoria de Milei (Videos)\",\"datePublished\":\"2023-11-20T01:26:33+00:00\",\"dateModified\":\"2023-11-20T01:28:13+00:00\",\"mainEntityOfPage\":{\"@id\":\"https:\/\/www.celttv.com.ar\/index.php\/2023\/11\/19\/testimonios-de-referentes-de-la-libertad-avanza-y-union-por-la-patria-tras-la-victoria-de-milei-videos\/\"},\"wordCount\":237,\"publisher\":{\"@id\":\"https:\/\/www.celttv.com.ar\/#organization\"},\"articleSection\":[\"Celt TV Noticias\"],\"inLanguage\":\"es\"},{\"@type\":\"WebPage\",\"@id\":\"https:\/\/www.celttv.com.ar\/index.php\/2023\/11\/19\/testimonios-de-referentes-de-la-libertad-avanza-y-union-por-la-patria-tras-la-victoria-de-milei-videos\/\",\"url\":\"https:\/\/www.celttv.com.ar\/index.php\/2023\/11\/19\/testimonios-de-referentes-de-la-libertad-avanza-y-union-por-la-patria-tras-la-victoria-de-milei-videos\/\",\"name\":\"Testimonios de referentes de La Libertad Avanza y Uni\u00f3n por la Patria tras la victoria de Milei (Videos) - CELTTV\",\"isPartOf\":{\"@id\":\"https:\/\/www.celttv.com.ar\/#website\"},\"datePublished\":\"2023-11-20T01:26:33+00:00\",\"dateModified\":\"2023-11-20T01:28:13+00:00\",\"description\":\"Sitio web de noticias de la localidad de Tornquist, provincia de Buenos Aires, Rep\u00fablica Argentina. Contenido propio originado por periodistas de CELTTV, el canal de TV local de la Cooperativa El\u00e9ctrica de Tornquist. Turismo, Pol\u00edtica, Sociedad, Deporte, Cultura y todo el contenido de inter\u00e9s general que la gente del pueblo y la regi\u00f3n debe conocer.\",\"breadcrumb\":{\"@id\":\"https:\/\/www.celttv.com.ar\/index.php\/2023\/11\/19\/testimonios-de-referentes-de-la-libertad-avanza-y-union-por-la-patria-tras-la-victoria-de-milei-videos\/#breadcrumb\"},\"inLanguage\":\"es\",\"potentialAction\":[{\"@type\":\"ReadAction\",\"target\":[\"https:\/\/www.celttv.com.ar\/index.php\/2023\/11\/19\/testimonios-de-referentes-de-la-libertad-avanza-y-union-por-la-patria-tras-la-victoria-de-milei-videos\/\"]}]},{\"@type\":\"BreadcrumbList\",\"@id\":\"https:\/\/www.celttv.com.ar\/index.php\/2023\/11\/19\/testimonios-de-referentes-de-la-libertad-avanza-y-union-por-la-patria-tras-la-victoria-de-milei-videos\/#breadcrumb\",\"itemListElement\":[{\"@type\":\"ListItem\",\"position\":1,\"name\":\"Inicio\",\"item\":\"https:\/\/www.celttv.com.ar\/\"},{\"@type\":\"ListItem\",\"position\":2,\"name\":\"Testimonios de referentes de La Libertad Avanza y Uni\u00f3n por la Patria tras la victoria de Milei (Videos)\"}]},{\"@type\":\"WebSite\",\"@id\":\"https:\/\/www.celttv.com.ar\/#website\",\"url\":\"https:\/\/www.celttv.com.ar\/\",\"name\":\"CELTTV\",\"description\":\"Cooperativa El\u00e9ctrica de Tornquist\",\"publisher\":{\"@id\":\"https:\/\/www.celttv.com.ar\/#organization\"},\"potentialAction\":[{\"@type\":\"SearchAction\",\"target\":{\"@type\":\"EntryPoint\",\"urlTemplate\":\"https:\/\/www.celttv.com.ar\/?s={search_term_string}\"},\"query-input\":\"required name=search_term_string\"}],\"inLanguage\":\"es\"},{\"@type\":\"Organization\",\"@id\":\"https:\/\/www.celttv.com.ar\/#organization\",\"name\":\"CELTTV\",\"url\":\"https:\/\/www.celttv.com.ar\/\",\"sameAs\":[\"https:\/\/www.youtube.com\/channel\/UCz_oIt8Hig64Ub-EmcNPIhg\",\"https:\/\/www.facebook.com\/celtTV\/\"],\"logo\":{\"@type\":\"ImageObject\",\"inLanguage\":\"es\",\"@id\":\"https:\/\/www.celttv.com.ar\/#\/schema\/logo\/image\/\",\"url\":\"http:\/\/www.celttv.com.ar\/wp-content\/uploads\/2022\/08\/logo-1.png\",\"contentUrl\":\"http:\/\/www.celttv.com.ar\/wp-content\/uploads\/2022\/08\/logo-1.png\",\"width\":461,\"height\":159,\"caption\":\"CELTTV\"},\"image\":{\"@id\":\"https:\/\/www.celttv.com.ar\/#\/schema\/logo\/image\/\"}},{\"@type\":\"Person\",\"@id\":\"https:\/\/www.celttv.com.ar\/#\/schema\/person\/9059dc91dc7204ef4182cdb65225f07d\",\"name\":\"Miguel Herrada\",\"image\":{\"@type\":\"ImageObject\",\"inLanguage\":\"es\",\"@id\":\"https:\/\/www.celttv.com.ar\/#\/schema\/person\/image\/\",\"url\":\"https:\/\/secure.gravatar.com\/avatar\/67724d5b3c716623ffd76bec7e45841a442ac3b456e914dbba90b0fad2b8e0b1?s=96&d=mm&r=g\",\"contentUrl\":\"https:\/\/secure.gravatar.com\/avatar\/67724d5b3c716623ffd76bec7e45841a442ac3b456e914dbba90b0fad2b8e0b1?s=96&d=mm&r=g\",\"caption\":\"Miguel Herrada\"}}]}<\/script>\n<!-- \/ Yoast SEO plugin. -->","yoast_head_json":{"title":"Testimonios de referentes de La Libertad Avanza y Uni\u00f3n por la Patria tras la victoria de Milei (Videos) - CELTTV","description":"Sitio web de noticias de la localidad de Tornquist, provincia de Buenos Aires, Rep\u00fablica Argentina. Contenido propio originado por periodistas de CELTTV, el canal de TV local de la Cooperativa El\u00e9ctrica de Tornquist. Turismo, Pol\u00edtica, Sociedad, Deporte, Cultura y todo el contenido de inter\u00e9s general que la gente del pueblo y la regi\u00f3n debe conocer.","robots":{"index":"index","follow":"follow","max-snippet":"max-snippet:-1","max-image-preview":"max-image-preview:large","max-video-preview":"max-video-preview:-1"},"canonical":"https:\/\/www.celttv.com.ar\/index.php\/2023\/11\/19\/testimonios-de-referentes-de-la-libertad-avanza-y-union-por-la-patria-tras-la-victoria-de-milei-videos\/","og_locale":"es_ES","og_type":"article","og_title":"Testimonios de referentes de La Libertad Avanza y Uni\u00f3n por la Patria tras la victoria de Milei (Videos) - CELTTV","og_description":"Sitio web de noticias de la localidad de Tornquist, provincia de Buenos Aires, Rep\u00fablica Argentina. Contenido propio originado por periodistas de CELTTV, el canal de TV local de la Cooperativa El\u00e9ctrica de Tornquist. Turismo, Pol\u00edtica, Sociedad, Deporte, Cultura y todo el contenido de inter\u00e9s general que la gente del pueblo y la regi\u00f3n debe conocer.","og_url":"https:\/\/www.celttv.com.ar\/index.php\/2023\/11\/19\/testimonios-de-referentes-de-la-libertad-avanza-y-union-por-la-patria-tras-la-victoria-de-milei-videos\/","og_site_name":"CELTTV","article_publisher":"https:\/\/www.facebook.com\/celtTV\/","article_published_time":"2023-11-20T01:26:33+00:00","article_modified_time":"2023-11-20T01:28:13+00:00","og_image":[{"width":1280,"height":720,"url":"https:\/\/www.celttv.com.ar\/wp-content\/uploads\/2023\/11\/MARIOMILEI2.jpg","type":"image\/jpeg"}],"author":"Miguel Herrada","twitter_card":"summary_large_image","twitter_misc":{"Escrito por":"Miguel Herrada","Tiempo de lectura":"1 minuto"},"schema":{"@context":"https:\/\/schema.org","@graph":[{"@type":"NewsArticle","@id":"https:\/\/www.celttv.com.ar\/index.php\/2023\/11\/19\/testimonios-de-referentes-de-la-libertad-avanza-y-union-por-la-patria-tras-la-victoria-de-milei-videos\/#article","isPartOf":{"@id":"https:\/\/www.celttv.com.ar\/index.php\/2023\/11\/19\/testimonios-de-referentes-de-la-libertad-avanza-y-union-por-la-patria-tras-la-victoria-de-milei-videos\/"},"author":{"name":"Miguel Herrada","@id":"https:\/\/www.celttv.com.ar\/#\/schema\/person\/9059dc91dc7204ef4182cdb65225f07d"},"headline":"Testimonios de referentes de La Libertad Avanza y Uni\u00f3n por la Patria tras la victoria de Milei (Videos)","datePublished":"2023-11-20T01:26:33+00:00","dateModified":"2023-11-20T01:28:13+00:00","mainEntityOfPage":{"@id":"https:\/\/www.celttv.com.ar\/index.php\/2023\/11\/19\/testimonios-de-referentes-de-la-libertad-avanza-y-union-por-la-patria-tras-la-victoria-de-milei-videos\/"},"wordCount":237,"publisher":{"@id":"https:\/\/www.celttv.com.ar\/#organization"},"articleSection":["Celt TV Noticias"],"inLanguage":"es"},{"@type":"WebPage","@id":"https:\/\/www.celttv.com.ar\/index.php\/2023\/11\/19\/testimonios-de-referentes-de-la-libertad-avanza-y-union-por-la-patria-tras-la-victoria-de-milei-videos\/","url":"https:\/\/www.celttv.com.ar\/index.php\/2023\/11\/19\/testimonios-de-referentes-de-la-libertad-avanza-y-union-por-la-patria-tras-la-victoria-de-milei-videos\/","name":"Testimonios de referentes de La Libertad Avanza y Uni\u00f3n por la Patria tras la victoria de Milei (Videos) - CELTTV","isPartOf":{"@id":"https:\/\/www.celttv.com.ar\/#website"},"datePublished":"2023-11-20T01:26:33+00:00","dateModified":"2023-11-20T01:28:13+00:00","description":"Sitio web de noticias de la localidad de Tornquist, provincia de Buenos Aires, Rep\u00fablica Argentina. Contenido propio originado por periodistas de CELTTV, el canal de TV local de la Cooperativa El\u00e9ctrica de Tornquist. Turismo, Pol\u00edtica, Sociedad, Deporte, Cultura y todo el contenido de inter\u00e9s general que la gente del pueblo y la regi\u00f3n debe conocer.","breadcrumb":{"@id":"https:\/\/www.celttv.com.ar\/index.php\/2023\/11\/19\/testimonios-de-referentes-de-la-libertad-avanza-y-union-por-la-patria-tras-la-victoria-de-milei-videos\/#breadcrumb"},"inLanguage":"es","potentialAction":[{"@type":"ReadAction","target":["https:\/\/www.celttv.com.ar\/index.php\/2023\/11\/19\/testimonios-de-referentes-de-la-libertad-avanza-y-union-por-la-patria-tras-la-victoria-de-milei-videos\/"]}]},{"@type":"BreadcrumbList","@id":"https:\/\/www.celttv.com.ar\/index.php\/2023\/11\/19\/testimonios-de-referentes-de-la-libertad-avanza-y-union-por-la-patria-tras-la-victoria-de-milei-videos\/#breadcrumb","itemListElement":[{"@type":"ListItem","position":1,"name":"Inicio","item":"https:\/\/www.celttv.com.ar\/"},{"@type":"ListItem","position":2,"name":"Testimonios de referentes de La Libertad Avanza y Uni\u00f3n por la Patria tras la victoria de Milei (Videos)"}]},{"@type":"WebSite","@id":"https:\/\/www.celttv.com.ar\/#website","url":"https:\/\/www.celttv.com.ar\/","name":"CELTTV","description":"Cooperativa El\u00e9ctrica de Tornquist","publisher":{"@id":"https:\/\/www.celttv.com.ar\/#organization"},"potentialAction":[{"@type":"SearchAction","target":{"@type":"EntryPoint","urlTemplate":"https:\/\/www.celttv.com.ar\/?s={search_term_string}"},"query-input":"required name=search_term_string"}],"inLanguage":"es"},{"@type":"Organization","@id":"https:\/\/www.celttv.com.ar\/#organization","name":"CELTTV","url":"https:\/\/www.celttv.com.ar\/","sameAs":["https:\/\/www.youtube.com\/channel\/UCz_oIt8Hig64Ub-EmcNPIhg","https:\/\/www.facebook.com\/celtTV\/"],"logo":{"@type":"ImageObject","inLanguage":"es","@id":"https:\/\/www.celttv.com.ar\/#\/schema\/logo\/image\/","url":"http:\/\/www.celttv.com.ar\/wp-content\/uploads\/2022\/08\/logo-1.png","contentUrl":"http:\/\/www.celttv.com.ar\/wp-content\/uploads\/2022\/08\/logo-1.png","width":461,"height":159,"caption":"CELTTV"},"image":{"@id":"https:\/\/www.celttv.com.ar\/#\/schema\/logo\/image\/"}},{"@type":"Person","@id":"https:\/\/www.celttv.com.ar\/#\/schema\/person\/9059dc91dc7204ef4182cdb65225f07d","name":"Miguel Herrada","image":{"@type":"ImageObject","inLanguage":"es","@id":"https:\/\/www.celttv.com.ar\/#\/schema\/person\/image\/","url":"https:\/\/secure.gravatar.com\/avatar\/67724d5b3c716623ffd76bec7e45841a442ac3b456e914dbba90b0fad2b8e0b1?s=96&d=mm&r=g","contentUrl":"https:\/\/secure.gravatar.com\/avatar\/67724d5b3c716623ffd76bec7e45841a442ac3b456e914dbba90b0fad2b8e0b1?s=96&d=mm&r=g","caption":"Miguel Herrada"}}]}},"_links":{"self":[{"href":"https:\/\/www.celttv.com.ar\/index.php\/wp-json\/wp\/v2\/posts\/80480","targetHints":{"allow":["GET"]}}],"collection":[{"href":"https:\/\/www.celttv.com.ar\/index.php\/wp-json\/wp\/v2\/posts"}],"about":[{"href":"https:\/\/www.celttv.com.ar\/index.php\/wp-json\/wp\/v2\/types\/post"}],"author":[{"embeddable":true,"href":"https:\/\/www.celttv.com.ar\/index.php\/wp-json\/wp\/v2\/users\/5"}],"replies":[{"embeddable":true,"href":"https:\/\/www.celttv.com.ar\/index.php\/wp-json\/wp\/v2\/comments?post=80480"}],"version-history":[{"count":1,"href":"https:\/\/www.celttv.com.ar\/index.php\/wp-json\/wp\/v2\/posts\/80480\/revisions"}],"predecessor-version":[{"id":80483,"href":"https:\/\/www.celttv.com.ar\/index.php\/wp-json\/wp\/v2\/posts\/80480\/revisions\/80483"}],"wp:featuredmedia":[{"embeddable":true,"href":"https:\/\/www.celttv.com.ar\/index.php\/wp-json\/wp\/v2\/media\/80482"}],"wp:attachment":[{"href":"https:\/\/www.celttv.com.ar\/index.php\/wp-json\/wp\/v2\/media?parent=80480"}],"wp:term":[{"taxonomy":"category","embeddable":true,"href":"https:\/\/www.celttv.com.ar\/index.php\/wp-json\/wp\/v2\/categories?post=80480"},{"taxonomy":"post_tag","embeddable":true,"href":"https:\/\/www.celttv.com.ar\/index.php\/wp-json\/wp\/v2\/tags?post=80480"}],"curies":[{"name":"wp","href":"https:\/\/api.w.org\/{rel}","templated":true}]}}