{"id":80553,"date":"2023-11-25T11:03:10","date_gmt":"2023-11-25T14:03:10","guid":{"rendered":"http:\/\/www.celttv.com.ar\/?p=80553"},"modified":"2023-11-25T11:03:10","modified_gmt":"2023-11-25T14:03:10","slug":"silvano-santo-verolo-santi-q-e-p-d-fallecio-en-tornquist-el-24-de-noviembre-de-2023-a-los-98-anos-de-edad","status":"publish","type":"post","link":"https:\/\/www.celttv.com.ar\/index.php\/2023\/11\/25\/silvano-santo-verolo-santi-q-e-p-d-fallecio-en-tornquist-el-24-de-noviembre-de-2023-a-los-98-anos-de-edad\/","title":{"rendered":"Silvano Santo VEROLO (\u201cSANTI\u201d)&#8212;Q.E.P.D.&#8211;: Falleci\u00f3 en Tornquist, el 24 de Noviembre de 2023 a los 98 a\u00f1os de edad."},"content":{"rendered":"<p><b>Silvano Santo VEROLO (\u201cSANTI\u201d)<\/b>&#8212;Q.E.P.D.&#8211;: Falleci\u00f3 en Tornquist, el 24 de Noviembre de 2023 a los 98 a\u00f1os de edad. Sus sobrinos Carlos, Ra\u00fal, Guillermo, Roci\u00f3, Stella y Martin VEROLO. Sus sobrinos pol\u00edticos, sobrinos nietos, amistades y dem\u00e1s deudos, participan su deceso y comunican que sus restos, ser\u00e1n inhumados el d\u00eda S\u00e1bado 25 de Noviembre a las 13:00hs. en la necr\u00f3polis de nuestra localidad. Casa velatoria calle G\u00fcemes N\u00b0 236. Casa de duelo Avenida Belgrano N\u00b0 498 \u201cHogar Adela Frizza\u201d, Tornquist. Servicio a cargo de la Cooperativa El\u00e9ctrica Limitada de Tornquist.<\/p>\n","protected":false},"excerpt":{"rendered":"<p>Silvano Santo VEROLO (\u201cSANTI\u201d)&#8212;Q.E.P.D.&#8211;: Falleci\u00f3 en Tornquist, el 24 de Noviembre de 2023 a los 98 a\u00f1os de edad. Sus sobrinos Carlos, Ra\u00fal, Guillermo, Roci\u00f3, Stella y Martin VEROLO. Sus sobrinos pol\u00edticos, sobrinos nietos, amistades y dem\u00e1s deudos, participan su deceso y comunican que sus restos, ser\u00e1n inhumados el d\u00eda S\u00e1bado 25 de Noviembre a [&hellip;]<\/p>\n","protected":false},"author":5,"featured_media":75717,"comment_status":"closed","ping_status":"closed","sticky":false,"template":"","format":"standard","meta":{"footnotes":""},"categories":[52,50],"tags":[],"class_list":["post-80553","post","type-post","status-publish","format-standard","has-post-thumbnail","hentry","category-destacadas","category-necrologicas"],"yoast_head":"<!-- This site is optimized with the Yoast SEO plugin v19.7.1 - https:\/\/yoast.com\/wordpress\/plugins\/seo\/ -->\n<title>Silvano Santo VEROLO (\u201cSANTI\u201d)-Q.E.P.D.-: Falleci\u00f3 en Tornquist, el 24 de Noviembre de 2023 a los 98 a\u00f1os de edad. - CELTTV<\/title>\n<meta name=\"description\" content=\"Sitio web de noticias de la localidad de Tornquist, provincia de Buenos Aires, Rep\u00fablica Argentina. Contenido propio originado por periodistas de CELTTV, el canal de TV local de la Cooperativa El\u00e9ctrica de Tornquist. Turismo, Pol\u00edtica, Sociedad, Deporte, Cultura y todo el contenido de inter\u00e9s general que la gente del pueblo y la regi\u00f3n debe conocer.\" \/>\n<meta name=\"robots\" content=\"index, follow, max-snippet:-1, max-image-preview:large, max-video-preview:-1\" \/>\n<link rel=\"canonical\" href=\"https:\/\/www.celttv.com.ar\/index.php\/2023\/11\/25\/silvano-santo-verolo-santi-q-e-p-d-fallecio-en-tornquist-el-24-de-noviembre-de-2023-a-los-98-anos-de-edad\/\" \/>\n<meta property=\"og:locale\" content=\"es_ES\" \/>\n<meta property=\"og:type\" content=\"article\" \/>\n<meta property=\"og:title\" content=\"Silvano Santo VEROLO (\u201cSANTI\u201d)-Q.E.P.D.-: Falleci\u00f3 en Tornquist, el 24 de Noviembre de 2023 a los 98 a\u00f1os de edad. - CELTTV\" \/>\n<meta property=\"og:description\" content=\"Sitio web de noticias de la localidad de Tornquist, provincia de Buenos Aires, Rep\u00fablica Argentina. Contenido propio originado por periodistas de CELTTV, el canal de TV local de la Cooperativa El\u00e9ctrica de Tornquist. Turismo, Pol\u00edtica, Sociedad, Deporte, Cultura y todo el contenido de inter\u00e9s general que la gente del pueblo y la regi\u00f3n debe conocer.\" \/>\n<meta property=\"og:url\" content=\"https:\/\/www.celttv.com.ar\/index.php\/2023\/11\/25\/silvano-santo-verolo-santi-q-e-p-d-fallecio-en-tornquist-el-24-de-noviembre-de-2023-a-los-98-anos-de-edad\/\" \/>\n<meta property=\"og:site_name\" content=\"CELTTV\" \/>\n<meta property=\"article:publisher\" content=\"https:\/\/www.facebook.com\/celtTV\/\" \/>\n<meta property=\"article:published_time\" content=\"2023-11-25T14:03:10+00:00\" \/>\n<meta property=\"og:image\" content=\"https:\/\/www.celttv.com.ar\/wp-content\/uploads\/2023\/05\/crespon-gris.jpeg\" \/>\n\t<meta property=\"og:image:width\" content=\"756\" \/>\n\t<meta property=\"og:image:height\" content=\"945\" \/>\n\t<meta property=\"og:image:type\" content=\"image\/jpeg\" \/>\n<meta name=\"author\" content=\"Miguel Herrada\" \/>\n<meta name=\"twitter:card\" content=\"summary_large_image\" \/>\n<meta name=\"twitter:label1\" content=\"Escrito por\" \/>\n\t<meta name=\"twitter:data1\" content=\"Miguel Herrada\" \/>\n<script type=\"application\/ld+json\" class=\"yoast-schema-graph\">{\"@context\":\"https:\/\/schema.org\",\"@graph\":[{\"@type\":\"NewsArticle\",\"@id\":\"https:\/\/www.celttv.com.ar\/index.php\/2023\/11\/25\/silvano-santo-verolo-santi-q-e-p-d-fallecio-en-tornquist-el-24-de-noviembre-de-2023-a-los-98-anos-de-edad\/#article\",\"isPartOf\":{\"@id\":\"https:\/\/www.celttv.com.ar\/index.php\/2023\/11\/25\/silvano-santo-verolo-santi-q-e-p-d-fallecio-en-tornquist-el-24-de-noviembre-de-2023-a-los-98-anos-de-edad\/\"},\"author\":{\"name\":\"Miguel Herrada\",\"@id\":\"https:\/\/www.celttv.com.ar\/#\/schema\/person\/9059dc91dc7204ef4182cdb65225f07d\"},\"headline\":\"Silvano Santo VEROLO (\u201cSANTI\u201d)&#8212;Q.E.P.D.&#8211;: Falleci\u00f3 en Tornquist, el 24 de Noviembre de 2023 a los 98 a\u00f1os de edad.\",\"datePublished\":\"2023-11-25T14:03:10+00:00\",\"dateModified\":\"2023-11-25T14:03:10+00:00\",\"mainEntityOfPage\":{\"@id\":\"https:\/\/www.celttv.com.ar\/index.php\/2023\/11\/25\/silvano-santo-verolo-santi-q-e-p-d-fallecio-en-tornquist-el-24-de-noviembre-de-2023-a-los-98-anos-de-edad\/\"},\"wordCount\":121,\"publisher\":{\"@id\":\"https:\/\/www.celttv.com.ar\/#organization\"},\"articleSection\":[\"Destacadas\",\"Necrol\u00f3gicas\"],\"inLanguage\":\"es\"},{\"@type\":\"WebPage\",\"@id\":\"https:\/\/www.celttv.com.ar\/index.php\/2023\/11\/25\/silvano-santo-verolo-santi-q-e-p-d-fallecio-en-tornquist-el-24-de-noviembre-de-2023-a-los-98-anos-de-edad\/\",\"url\":\"https:\/\/www.celttv.com.ar\/index.php\/2023\/11\/25\/silvano-santo-verolo-santi-q-e-p-d-fallecio-en-tornquist-el-24-de-noviembre-de-2023-a-los-98-anos-de-edad\/\",\"name\":\"Silvano Santo VEROLO (\u201cSANTI\u201d)-Q.E.P.D.-: Falleci\u00f3 en Tornquist, el 24 de Noviembre de 2023 a los 98 a\u00f1os de edad. - CELTTV\",\"isPartOf\":{\"@id\":\"https:\/\/www.celttv.com.ar\/#website\"},\"datePublished\":\"2023-11-25T14:03:10+00:00\",\"dateModified\":\"2023-11-25T14:03:10+00:00\",\"description\":\"Sitio web de noticias de la localidad de Tornquist, provincia de Buenos Aires, Rep\u00fablica Argentina. Contenido propio originado por periodistas de CELTTV, el canal de TV local de la Cooperativa El\u00e9ctrica de Tornquist. Turismo, Pol\u00edtica, Sociedad, Deporte, Cultura y todo el contenido de inter\u00e9s general que la gente del pueblo y la regi\u00f3n debe conocer.\",\"breadcrumb\":{\"@id\":\"https:\/\/www.celttv.com.ar\/index.php\/2023\/11\/25\/silvano-santo-verolo-santi-q-e-p-d-fallecio-en-tornquist-el-24-de-noviembre-de-2023-a-los-98-anos-de-edad\/#breadcrumb\"},\"inLanguage\":\"es\",\"potentialAction\":[{\"@type\":\"ReadAction\",\"target\":[\"https:\/\/www.celttv.com.ar\/index.php\/2023\/11\/25\/silvano-santo-verolo-santi-q-e-p-d-fallecio-en-tornquist-el-24-de-noviembre-de-2023-a-los-98-anos-de-edad\/\"]}]},{\"@type\":\"BreadcrumbList\",\"@id\":\"https:\/\/www.celttv.com.ar\/index.php\/2023\/11\/25\/silvano-santo-verolo-santi-q-e-p-d-fallecio-en-tornquist-el-24-de-noviembre-de-2023-a-los-98-anos-de-edad\/#breadcrumb\",\"itemListElement\":[{\"@type\":\"ListItem\",\"position\":1,\"name\":\"Inicio\",\"item\":\"https:\/\/www.celttv.com.ar\/\"},{\"@type\":\"ListItem\",\"position\":2,\"name\":\"Silvano Santo VEROLO (\u201cSANTI\u201d)&#8212;Q.E.P.D.&#8211;: Falleci\u00f3 en Tornquist, el 24 de Noviembre de 2023 a los 98 a\u00f1os de edad.\"}]},{\"@type\":\"WebSite\",\"@id\":\"https:\/\/www.celttv.com.ar\/#website\",\"url\":\"https:\/\/www.celttv.com.ar\/\",\"name\":\"CELTTV\",\"description\":\"Cooperativa El\u00e9ctrica de Tornquist\",\"publisher\":{\"@id\":\"https:\/\/www.celttv.com.ar\/#organization\"},\"potentialAction\":[{\"@type\":\"SearchAction\",\"target\":{\"@type\":\"EntryPoint\",\"urlTemplate\":\"https:\/\/www.celttv.com.ar\/?s={search_term_string}\"},\"query-input\":\"required name=search_term_string\"}],\"inLanguage\":\"es\"},{\"@type\":\"Organization\",\"@id\":\"https:\/\/www.celttv.com.ar\/#organization\",\"name\":\"CELTTV\",\"url\":\"https:\/\/www.celttv.com.ar\/\",\"sameAs\":[\"https:\/\/www.youtube.com\/channel\/UCz_oIt8Hig64Ub-EmcNPIhg\",\"https:\/\/www.facebook.com\/celtTV\/\"],\"logo\":{\"@type\":\"ImageObject\",\"inLanguage\":\"es\",\"@id\":\"https:\/\/www.celttv.com.ar\/#\/schema\/logo\/image\/\",\"url\":\"http:\/\/www.celttv.com.ar\/wp-content\/uploads\/2022\/08\/logo-1.png\",\"contentUrl\":\"http:\/\/www.celttv.com.ar\/wp-content\/uploads\/2022\/08\/logo-1.png\",\"width\":461,\"height\":159,\"caption\":\"CELTTV\"},\"image\":{\"@id\":\"https:\/\/www.celttv.com.ar\/#\/schema\/logo\/image\/\"}},{\"@type\":\"Person\",\"@id\":\"https:\/\/www.celttv.com.ar\/#\/schema\/person\/9059dc91dc7204ef4182cdb65225f07d\",\"name\":\"Miguel Herrada\",\"image\":{\"@type\":\"ImageObject\",\"inLanguage\":\"es\",\"@id\":\"https:\/\/www.celttv.com.ar\/#\/schema\/person\/image\/\",\"url\":\"https:\/\/secure.gravatar.com\/avatar\/67724d5b3c716623ffd76bec7e45841a442ac3b456e914dbba90b0fad2b8e0b1?s=96&d=mm&r=g\",\"contentUrl\":\"https:\/\/secure.gravatar.com\/avatar\/67724d5b3c716623ffd76bec7e45841a442ac3b456e914dbba90b0fad2b8e0b1?s=96&d=mm&r=g\",\"caption\":\"Miguel Herrada\"}}]}<\/script>\n<!-- \/ Yoast SEO plugin. -->","yoast_head_json":{"title":"Silvano Santo VEROLO (\u201cSANTI\u201d)-Q.E.P.D.-: Falleci\u00f3 en Tornquist, el 24 de Noviembre de 2023 a los 98 a\u00f1os de edad. - CELTTV","description":"Sitio web de noticias de la localidad de Tornquist, provincia de Buenos Aires, Rep\u00fablica Argentina. Contenido propio originado por periodistas de CELTTV, el canal de TV local de la Cooperativa El\u00e9ctrica de Tornquist. Turismo, Pol\u00edtica, Sociedad, Deporte, Cultura y todo el contenido de inter\u00e9s general que la gente del pueblo y la regi\u00f3n debe conocer.","robots":{"index":"index","follow":"follow","max-snippet":"max-snippet:-1","max-image-preview":"max-image-preview:large","max-video-preview":"max-video-preview:-1"},"canonical":"https:\/\/www.celttv.com.ar\/index.php\/2023\/11\/25\/silvano-santo-verolo-santi-q-e-p-d-fallecio-en-tornquist-el-24-de-noviembre-de-2023-a-los-98-anos-de-edad\/","og_locale":"es_ES","og_type":"article","og_title":"Silvano Santo VEROLO (\u201cSANTI\u201d)-Q.E.P.D.-: Falleci\u00f3 en Tornquist, el 24 de Noviembre de 2023 a los 98 a\u00f1os de edad. - CELTTV","og_description":"Sitio web de noticias de la localidad de Tornquist, provincia de Buenos Aires, Rep\u00fablica Argentina. Contenido propio originado por periodistas de CELTTV, el canal de TV local de la Cooperativa El\u00e9ctrica de Tornquist. Turismo, Pol\u00edtica, Sociedad, Deporte, Cultura y todo el contenido de inter\u00e9s general que la gente del pueblo y la regi\u00f3n debe conocer.","og_url":"https:\/\/www.celttv.com.ar\/index.php\/2023\/11\/25\/silvano-santo-verolo-santi-q-e-p-d-fallecio-en-tornquist-el-24-de-noviembre-de-2023-a-los-98-anos-de-edad\/","og_site_name":"CELTTV","article_publisher":"https:\/\/www.facebook.com\/celtTV\/","article_published_time":"2023-11-25T14:03:10+00:00","og_image":[{"width":756,"height":945,"url":"https:\/\/www.celttv.com.ar\/wp-content\/uploads\/2023\/05\/crespon-gris.jpeg","type":"image\/jpeg"}],"author":"Miguel Herrada","twitter_card":"summary_large_image","twitter_misc":{"Escrito por":"Miguel Herrada"},"schema":{"@context":"https:\/\/schema.org","@graph":[{"@type":"NewsArticle","@id":"https:\/\/www.celttv.com.ar\/index.php\/2023\/11\/25\/silvano-santo-verolo-santi-q-e-p-d-fallecio-en-tornquist-el-24-de-noviembre-de-2023-a-los-98-anos-de-edad\/#article","isPartOf":{"@id":"https:\/\/www.celttv.com.ar\/index.php\/2023\/11\/25\/silvano-santo-verolo-santi-q-e-p-d-fallecio-en-tornquist-el-24-de-noviembre-de-2023-a-los-98-anos-de-edad\/"},"author":{"name":"Miguel Herrada","@id":"https:\/\/www.celttv.com.ar\/#\/schema\/person\/9059dc91dc7204ef4182cdb65225f07d"},"headline":"Silvano Santo VEROLO (\u201cSANTI\u201d)&#8212;Q.E.P.D.&#8211;: Falleci\u00f3 en Tornquist, el 24 de Noviembre de 2023 a los 98 a\u00f1os de edad.","datePublished":"2023-11-25T14:03:10+00:00","dateModified":"2023-11-25T14:03:10+00:00","mainEntityOfPage":{"@id":"https:\/\/www.celttv.com.ar\/index.php\/2023\/11\/25\/silvano-santo-verolo-santi-q-e-p-d-fallecio-en-tornquist-el-24-de-noviembre-de-2023-a-los-98-anos-de-edad\/"},"wordCount":121,"publisher":{"@id":"https:\/\/www.celttv.com.ar\/#organization"},"articleSection":["Destacadas","Necrol\u00f3gicas"],"inLanguage":"es"},{"@type":"WebPage","@id":"https:\/\/www.celttv.com.ar\/index.php\/2023\/11\/25\/silvano-santo-verolo-santi-q-e-p-d-fallecio-en-tornquist-el-24-de-noviembre-de-2023-a-los-98-anos-de-edad\/","url":"https:\/\/www.celttv.com.ar\/index.php\/2023\/11\/25\/silvano-santo-verolo-santi-q-e-p-d-fallecio-en-tornquist-el-24-de-noviembre-de-2023-a-los-98-anos-de-edad\/","name":"Silvano Santo VEROLO (\u201cSANTI\u201d)-Q.E.P.D.-: Falleci\u00f3 en Tornquist, el 24 de Noviembre de 2023 a los 98 a\u00f1os de edad. - CELTTV","isPartOf":{"@id":"https:\/\/www.celttv.com.ar\/#website"},"datePublished":"2023-11-25T14:03:10+00:00","dateModified":"2023-11-25T14:03:10+00:00","description":"Sitio web de noticias de la localidad de Tornquist, provincia de Buenos Aires, Rep\u00fablica Argentina. Contenido propio originado por periodistas de CELTTV, el canal de TV local de la Cooperativa El\u00e9ctrica de Tornquist. Turismo, Pol\u00edtica, Sociedad, Deporte, Cultura y todo el contenido de inter\u00e9s general que la gente del pueblo y la regi\u00f3n debe conocer.","breadcrumb":{"@id":"https:\/\/www.celttv.com.ar\/index.php\/2023\/11\/25\/silvano-santo-verolo-santi-q-e-p-d-fallecio-en-tornquist-el-24-de-noviembre-de-2023-a-los-98-anos-de-edad\/#breadcrumb"},"inLanguage":"es","potentialAction":[{"@type":"ReadAction","target":["https:\/\/www.celttv.com.ar\/index.php\/2023\/11\/25\/silvano-santo-verolo-santi-q-e-p-d-fallecio-en-tornquist-el-24-de-noviembre-de-2023-a-los-98-anos-de-edad\/"]}]},{"@type":"BreadcrumbList","@id":"https:\/\/www.celttv.com.ar\/index.php\/2023\/11\/25\/silvano-santo-verolo-santi-q-e-p-d-fallecio-en-tornquist-el-24-de-noviembre-de-2023-a-los-98-anos-de-edad\/#breadcrumb","itemListElement":[{"@type":"ListItem","position":1,"name":"Inicio","item":"https:\/\/www.celttv.com.ar\/"},{"@type":"ListItem","position":2,"name":"Silvano Santo VEROLO (\u201cSANTI\u201d)&#8212;Q.E.P.D.&#8211;: Falleci\u00f3 en Tornquist, el 24 de Noviembre de 2023 a los 98 a\u00f1os de edad."}]},{"@type":"WebSite","@id":"https:\/\/www.celttv.com.ar\/#website","url":"https:\/\/www.celttv.com.ar\/","name":"CELTTV","description":"Cooperativa El\u00e9ctrica de Tornquist","publisher":{"@id":"https:\/\/www.celttv.com.ar\/#organization"},"potentialAction":[{"@type":"SearchAction","target":{"@type":"EntryPoint","urlTemplate":"https:\/\/www.celttv.com.ar\/?s={search_term_string}"},"query-input":"required name=search_term_string"}],"inLanguage":"es"},{"@type":"Organization","@id":"https:\/\/www.celttv.com.ar\/#organization","name":"CELTTV","url":"https:\/\/www.celttv.com.ar\/","sameAs":["https:\/\/www.youtube.com\/channel\/UCz_oIt8Hig64Ub-EmcNPIhg","https:\/\/www.facebook.com\/celtTV\/"],"logo":{"@type":"ImageObject","inLanguage":"es","@id":"https:\/\/www.celttv.com.ar\/#\/schema\/logo\/image\/","url":"http:\/\/www.celttv.com.ar\/wp-content\/uploads\/2022\/08\/logo-1.png","contentUrl":"http:\/\/www.celttv.com.ar\/wp-content\/uploads\/2022\/08\/logo-1.png","width":461,"height":159,"caption":"CELTTV"},"image":{"@id":"https:\/\/www.celttv.com.ar\/#\/schema\/logo\/image\/"}},{"@type":"Person","@id":"https:\/\/www.celttv.com.ar\/#\/schema\/person\/9059dc91dc7204ef4182cdb65225f07d","name":"Miguel Herrada","image":{"@type":"ImageObject","inLanguage":"es","@id":"https:\/\/www.celttv.com.ar\/#\/schema\/person\/image\/","url":"https:\/\/secure.gravatar.com\/avatar\/67724d5b3c716623ffd76bec7e45841a442ac3b456e914dbba90b0fad2b8e0b1?s=96&d=mm&r=g","contentUrl":"https:\/\/secure.gravatar.com\/avatar\/67724d5b3c716623ffd76bec7e45841a442ac3b456e914dbba90b0fad2b8e0b1?s=96&d=mm&r=g","caption":"Miguel Herrada"}}]}},"_links":{"self":[{"href":"https:\/\/www.celttv.com.ar\/index.php\/wp-json\/wp\/v2\/posts\/80553","targetHints":{"allow":["GET"]}}],"collection":[{"href":"https:\/\/www.celttv.com.ar\/index.php\/wp-json\/wp\/v2\/posts"}],"about":[{"href":"https:\/\/www.celttv.com.ar\/index.php\/wp-json\/wp\/v2\/types\/post"}],"author":[{"embeddable":true,"href":"https:\/\/www.celttv.com.ar\/index.php\/wp-json\/wp\/v2\/users\/5"}],"replies":[{"embeddable":true,"href":"https:\/\/www.celttv.com.ar\/index.php\/wp-json\/wp\/v2\/comments?post=80553"}],"version-history":[{"count":1,"href":"https:\/\/www.celttv.com.ar\/index.php\/wp-json\/wp\/v2\/posts\/80553\/revisions"}],"predecessor-version":[{"id":80554,"href":"https:\/\/www.celttv.com.ar\/index.php\/wp-json\/wp\/v2\/posts\/80553\/revisions\/80554"}],"wp:featuredmedia":[{"embeddable":true,"href":"https:\/\/www.celttv.com.ar\/index.php\/wp-json\/wp\/v2\/media\/75717"}],"wp:attachment":[{"href":"https:\/\/www.celttv.com.ar\/index.php\/wp-json\/wp\/v2\/media?parent=80553"}],"wp:term":[{"taxonomy":"category","embeddable":true,"href":"https:\/\/www.celttv.com.ar\/index.php\/wp-json\/wp\/v2\/categories?post=80553"},{"taxonomy":"post_tag","embeddable":true,"href":"https:\/\/www.celttv.com.ar\/index.php\/wp-json\/wp\/v2\/tags?post=80553"}],"curies":[{"name":"wp","href":"https:\/\/api.w.org\/{rel}","templated":true}]}}