{"id":80572,"date":"2023-11-27T21:46:05","date_gmt":"2023-11-28T00:46:05","guid":{"rendered":"http:\/\/www.celttv.com.ar\/?p=80572"},"modified":"2023-11-27T22:58:31","modified_gmt":"2023-11-28T01:58:31","slug":"cayo-un-poste-de-telefonica-sobre-la-red-de-baja-tension-en-mitre-320-de-nuestra-ciudad","status":"publish","type":"post","link":"https:\/\/www.celttv.com.ar\/index.php\/2023\/11\/27\/cayo-un-poste-de-telefonica-sobre-la-red-de-baja-tension-en-mitre-320-de-nuestra-ciudad\/","title":{"rendered":"Cay\u00f3 un poste de telef\u00f3nica y de milagro no caus\u00f3 lesionados ni da\u00f1os materiales"},"content":{"rendered":"<p>Una fuerte r\u00e1faga que sopl\u00f3 en la tarde noche de \u00e9ste lunes provoc\u00f3 la ca\u00edda de un poste del servicio de Telef\u00f3nica, que, afortunadamente, termin\u00f3 apoyado en la l\u00ednea de baja tensi\u00f3n.<\/p>\n<p>Ocurri\u00f3 en Mitre 320 de nuestra ciudad y, por milagro, no ocasion\u00f3 da\u00f1os mayores ni lesionados.<\/p>\n<p>Personal de guardia de la Cooperativa El\u00e9ctrica de Tornquist, con la colaboraci\u00f3n de operarios de CELTTV concurrieron de inmediato para retirar el poste de las l\u00edneas de la CELT y evitar da\u00f1os mayores.<\/p>\n<p><img loading=\"lazy\" decoding=\"async\" class=\"alignnone wp-image-80573 size-full\" src=\"http:\/\/www.celttv.com.ar\/wp-content\/uploads\/2023\/11\/1-2.jpg\" alt=\"\" width=\"1280\" height=\"720\" srcset=\"https:\/\/www.celttv.com.ar\/wp-content\/uploads\/2023\/11\/1-2.jpg 1280w, https:\/\/www.celttv.com.ar\/wp-content\/uploads\/2023\/11\/1-2-300x169.jpg 300w, https:\/\/www.celttv.com.ar\/wp-content\/uploads\/2023\/11\/1-2-1024x576.jpg 1024w, https:\/\/www.celttv.com.ar\/wp-content\/uploads\/2023\/11\/1-2-768x432.jpg 768w, https:\/\/www.celttv.com.ar\/wp-content\/uploads\/2023\/11\/1-2-750x422.jpg 750w, https:\/\/www.celttv.com.ar\/wp-content\/uploads\/2023\/11\/1-2-1140x641.jpg 1140w\" sizes=\"auto, (max-width: 1280px) 100vw, 1280px\" \/> <img loading=\"lazy\" decoding=\"async\" class=\"alignnone wp-image-80574 size-full\" src=\"http:\/\/www.celttv.com.ar\/wp-content\/uploads\/2023\/11\/3-1.jpg\" alt=\"\" width=\"720\" height=\"1280\" srcset=\"https:\/\/www.celttv.com.ar\/wp-content\/uploads\/2023\/11\/3-1.jpg 720w, https:\/\/www.celttv.com.ar\/wp-content\/uploads\/2023\/11\/3-1-169x300.jpg 169w, https:\/\/www.celttv.com.ar\/wp-content\/uploads\/2023\/11\/3-1-576x1024.jpg 576w\" sizes=\"auto, (max-width: 720px) 100vw, 720px\" \/> <img loading=\"lazy\" decoding=\"async\" class=\"alignnone wp-image-80575 size-full\" src=\"http:\/\/www.celttv.com.ar\/wp-content\/uploads\/2023\/11\/970bc00f-2b6b-4c74-91ef-bfdd5a036eb6.jpg\" alt=\"\" width=\"720\" height=\"1280\" srcset=\"https:\/\/www.celttv.com.ar\/wp-content\/uploads\/2023\/11\/970bc00f-2b6b-4c74-91ef-bfdd5a036eb6.jpg 720w, https:\/\/www.celttv.com.ar\/wp-content\/uploads\/2023\/11\/970bc00f-2b6b-4c74-91ef-bfdd5a036eb6-169x300.jpg 169w, https:\/\/www.celttv.com.ar\/wp-content\/uploads\/2023\/11\/970bc00f-2b6b-4c74-91ef-bfdd5a036eb6-576x1024.jpg 576w\" sizes=\"auto, (max-width: 720px) 100vw, 720px\" \/><\/p>\n","protected":false},"excerpt":{"rendered":"<p>Una fuerte r\u00e1faga que sopl\u00f3 en la tarde noche de \u00e9ste lunes provoc\u00f3 la ca\u00edda de un poste del servicio de Telef\u00f3nica, que, afortunadamente, termin\u00f3 apoyado en la l\u00ednea de baja tensi\u00f3n. Ocurri\u00f3 en Mitre 320 de nuestra ciudad y, por milagro, no ocasion\u00f3 da\u00f1os mayores ni lesionados. Personal de guardia de la Cooperativa El\u00e9ctrica [&hellip;]<\/p>\n","protected":false},"author":5,"featured_media":80573,"comment_status":"closed","ping_status":"closed","sticky":false,"template":"","format":"standard","meta":{"footnotes":""},"categories":[55,51,52],"tags":[],"class_list":["post-80572","post","type-post","status-publish","format-standard","has-post-thumbnail","hentry","category-celt-tv-noticias","category-comunidad","category-destacadas"],"yoast_head":"<!-- This site is optimized with the Yoast SEO plugin v19.7.1 - https:\/\/yoast.com\/wordpress\/plugins\/seo\/ -->\n<title>Cay\u00f3 un poste de telef\u00f3nica y de milagro no caus\u00f3 lesionados ni da\u00f1os materiales - CELTTV<\/title>\n<meta name=\"description\" content=\"Sitio web de noticias de la localidad de Tornquist, provincia de Buenos Aires, Rep\u00fablica Argentina. Contenido propio originado por periodistas de CELTTV, el canal de TV local de la Cooperativa El\u00e9ctrica de Tornquist. Turismo, Pol\u00edtica, Sociedad, Deporte, Cultura y todo el contenido de inter\u00e9s general que la gente del pueblo y la regi\u00f3n debe conocer.\" \/>\n<meta name=\"robots\" content=\"index, follow, max-snippet:-1, max-image-preview:large, max-video-preview:-1\" \/>\n<link rel=\"canonical\" href=\"https:\/\/www.celttv.com.ar\/index.php\/2023\/11\/27\/cayo-un-poste-de-telefonica-sobre-la-red-de-baja-tension-en-mitre-320-de-nuestra-ciudad\/\" \/>\n<meta property=\"og:locale\" content=\"es_ES\" \/>\n<meta property=\"og:type\" content=\"article\" \/>\n<meta property=\"og:title\" content=\"Cay\u00f3 un poste de telef\u00f3nica y de milagro no caus\u00f3 lesionados ni da\u00f1os materiales - CELTTV\" \/>\n<meta property=\"og:description\" content=\"Sitio web de noticias de la localidad de Tornquist, provincia de Buenos Aires, Rep\u00fablica Argentina. Contenido propio originado por periodistas de CELTTV, el canal de TV local de la Cooperativa El\u00e9ctrica de Tornquist. Turismo, Pol\u00edtica, Sociedad, Deporte, Cultura y todo el contenido de inter\u00e9s general que la gente del pueblo y la regi\u00f3n debe conocer.\" \/>\n<meta property=\"og:url\" content=\"https:\/\/www.celttv.com.ar\/index.php\/2023\/11\/27\/cayo-un-poste-de-telefonica-sobre-la-red-de-baja-tension-en-mitre-320-de-nuestra-ciudad\/\" \/>\n<meta property=\"og:site_name\" content=\"CELTTV\" \/>\n<meta property=\"article:publisher\" content=\"https:\/\/www.facebook.com\/celtTV\/\" \/>\n<meta property=\"article:published_time\" content=\"2023-11-28T00:46:05+00:00\" \/>\n<meta property=\"article:modified_time\" content=\"2023-11-28T01:58:31+00:00\" \/>\n<meta property=\"og:image\" content=\"https:\/\/www.celttv.com.ar\/wp-content\/uploads\/2023\/11\/1-2.jpg\" \/>\n\t<meta property=\"og:image:width\" content=\"1280\" \/>\n\t<meta property=\"og:image:height\" content=\"720\" \/>\n\t<meta property=\"og:image:type\" content=\"image\/jpeg\" \/>\n<meta name=\"author\" content=\"Miguel Herrada\" \/>\n<meta name=\"twitter:card\" content=\"summary_large_image\" \/>\n<meta name=\"twitter:label1\" content=\"Escrito por\" \/>\n\t<meta name=\"twitter:data1\" content=\"Miguel Herrada\" \/>\n<script type=\"application\/ld+json\" class=\"yoast-schema-graph\">{\"@context\":\"https:\/\/schema.org\",\"@graph\":[{\"@type\":\"NewsArticle\",\"@id\":\"https:\/\/www.celttv.com.ar\/index.php\/2023\/11\/27\/cayo-un-poste-de-telefonica-sobre-la-red-de-baja-tension-en-mitre-320-de-nuestra-ciudad\/#article\",\"isPartOf\":{\"@id\":\"https:\/\/www.celttv.com.ar\/index.php\/2023\/11\/27\/cayo-un-poste-de-telefonica-sobre-la-red-de-baja-tension-en-mitre-320-de-nuestra-ciudad\/\"},\"author\":{\"name\":\"Miguel Herrada\",\"@id\":\"https:\/\/www.celttv.com.ar\/#\/schema\/person\/9059dc91dc7204ef4182cdb65225f07d\"},\"headline\":\"Cay\u00f3 un poste de telef\u00f3nica y de milagro no caus\u00f3 lesionados ni da\u00f1os materiales\",\"datePublished\":\"2023-11-28T00:46:05+00:00\",\"dateModified\":\"2023-11-28T01:58:31+00:00\",\"mainEntityOfPage\":{\"@id\":\"https:\/\/www.celttv.com.ar\/index.php\/2023\/11\/27\/cayo-un-poste-de-telefonica-sobre-la-red-de-baja-tension-en-mitre-320-de-nuestra-ciudad\/\"},\"wordCount\":106,\"publisher\":{\"@id\":\"https:\/\/www.celttv.com.ar\/#organization\"},\"articleSection\":[\"Celt TV Noticias\",\"Comunidad\",\"Destacadas\"],\"inLanguage\":\"es\"},{\"@type\":\"WebPage\",\"@id\":\"https:\/\/www.celttv.com.ar\/index.php\/2023\/11\/27\/cayo-un-poste-de-telefonica-sobre-la-red-de-baja-tension-en-mitre-320-de-nuestra-ciudad\/\",\"url\":\"https:\/\/www.celttv.com.ar\/index.php\/2023\/11\/27\/cayo-un-poste-de-telefonica-sobre-la-red-de-baja-tension-en-mitre-320-de-nuestra-ciudad\/\",\"name\":\"Cay\u00f3 un poste de telef\u00f3nica y de milagro no caus\u00f3 lesionados ni da\u00f1os materiales - CELTTV\",\"isPartOf\":{\"@id\":\"https:\/\/www.celttv.com.ar\/#website\"},\"datePublished\":\"2023-11-28T00:46:05+00:00\",\"dateModified\":\"2023-11-28T01:58:31+00:00\",\"description\":\"Sitio web de noticias de la localidad de Tornquist, provincia de Buenos Aires, Rep\u00fablica Argentina. Contenido propio originado por periodistas de CELTTV, el canal de TV local de la Cooperativa El\u00e9ctrica de Tornquist. Turismo, Pol\u00edtica, Sociedad, Deporte, Cultura y todo el contenido de inter\u00e9s general que la gente del pueblo y la regi\u00f3n debe conocer.\",\"breadcrumb\":{\"@id\":\"https:\/\/www.celttv.com.ar\/index.php\/2023\/11\/27\/cayo-un-poste-de-telefonica-sobre-la-red-de-baja-tension-en-mitre-320-de-nuestra-ciudad\/#breadcrumb\"},\"inLanguage\":\"es\",\"potentialAction\":[{\"@type\":\"ReadAction\",\"target\":[\"https:\/\/www.celttv.com.ar\/index.php\/2023\/11\/27\/cayo-un-poste-de-telefonica-sobre-la-red-de-baja-tension-en-mitre-320-de-nuestra-ciudad\/\"]}]},{\"@type\":\"BreadcrumbList\",\"@id\":\"https:\/\/www.celttv.com.ar\/index.php\/2023\/11\/27\/cayo-un-poste-de-telefonica-sobre-la-red-de-baja-tension-en-mitre-320-de-nuestra-ciudad\/#breadcrumb\",\"itemListElement\":[{\"@type\":\"ListItem\",\"position\":1,\"name\":\"Inicio\",\"item\":\"https:\/\/www.celttv.com.ar\/\"},{\"@type\":\"ListItem\",\"position\":2,\"name\":\"Cay\u00f3 un poste de telef\u00f3nica y de milagro no caus\u00f3 lesionados ni da\u00f1os materiales\"}]},{\"@type\":\"WebSite\",\"@id\":\"https:\/\/www.celttv.com.ar\/#website\",\"url\":\"https:\/\/www.celttv.com.ar\/\",\"name\":\"CELTTV\",\"description\":\"Cooperativa El\u00e9ctrica de Tornquist\",\"publisher\":{\"@id\":\"https:\/\/www.celttv.com.ar\/#organization\"},\"potentialAction\":[{\"@type\":\"SearchAction\",\"target\":{\"@type\":\"EntryPoint\",\"urlTemplate\":\"https:\/\/www.celttv.com.ar\/?s={search_term_string}\"},\"query-input\":\"required name=search_term_string\"}],\"inLanguage\":\"es\"},{\"@type\":\"Organization\",\"@id\":\"https:\/\/www.celttv.com.ar\/#organization\",\"name\":\"CELTTV\",\"url\":\"https:\/\/www.celttv.com.ar\/\",\"sameAs\":[\"https:\/\/www.youtube.com\/channel\/UCz_oIt8Hig64Ub-EmcNPIhg\",\"https:\/\/www.facebook.com\/celtTV\/\"],\"logo\":{\"@type\":\"ImageObject\",\"inLanguage\":\"es\",\"@id\":\"https:\/\/www.celttv.com.ar\/#\/schema\/logo\/image\/\",\"url\":\"http:\/\/www.celttv.com.ar\/wp-content\/uploads\/2022\/08\/logo-1.png\",\"contentUrl\":\"http:\/\/www.celttv.com.ar\/wp-content\/uploads\/2022\/08\/logo-1.png\",\"width\":461,\"height\":159,\"caption\":\"CELTTV\"},\"image\":{\"@id\":\"https:\/\/www.celttv.com.ar\/#\/schema\/logo\/image\/\"}},{\"@type\":\"Person\",\"@id\":\"https:\/\/www.celttv.com.ar\/#\/schema\/person\/9059dc91dc7204ef4182cdb65225f07d\",\"name\":\"Miguel Herrada\",\"image\":{\"@type\":\"ImageObject\",\"inLanguage\":\"es\",\"@id\":\"https:\/\/www.celttv.com.ar\/#\/schema\/person\/image\/\",\"url\":\"https:\/\/secure.gravatar.com\/avatar\/67724d5b3c716623ffd76bec7e45841a442ac3b456e914dbba90b0fad2b8e0b1?s=96&d=mm&r=g\",\"contentUrl\":\"https:\/\/secure.gravatar.com\/avatar\/67724d5b3c716623ffd76bec7e45841a442ac3b456e914dbba90b0fad2b8e0b1?s=96&d=mm&r=g\",\"caption\":\"Miguel Herrada\"}}]}<\/script>\n<!-- \/ Yoast SEO plugin. -->","yoast_head_json":{"title":"Cay\u00f3 un poste de telef\u00f3nica y de milagro no caus\u00f3 lesionados ni da\u00f1os materiales - CELTTV","description":"Sitio web de noticias de la localidad de Tornquist, provincia de Buenos Aires, Rep\u00fablica Argentina. Contenido propio originado por periodistas de CELTTV, el canal de TV local de la Cooperativa El\u00e9ctrica de Tornquist. Turismo, Pol\u00edtica, Sociedad, Deporte, Cultura y todo el contenido de inter\u00e9s general que la gente del pueblo y la regi\u00f3n debe conocer.","robots":{"index":"index","follow":"follow","max-snippet":"max-snippet:-1","max-image-preview":"max-image-preview:large","max-video-preview":"max-video-preview:-1"},"canonical":"https:\/\/www.celttv.com.ar\/index.php\/2023\/11\/27\/cayo-un-poste-de-telefonica-sobre-la-red-de-baja-tension-en-mitre-320-de-nuestra-ciudad\/","og_locale":"es_ES","og_type":"article","og_title":"Cay\u00f3 un poste de telef\u00f3nica y de milagro no caus\u00f3 lesionados ni da\u00f1os materiales - CELTTV","og_description":"Sitio web de noticias de la localidad de Tornquist, provincia de Buenos Aires, Rep\u00fablica Argentina. Contenido propio originado por periodistas de CELTTV, el canal de TV local de la Cooperativa El\u00e9ctrica de Tornquist. Turismo, Pol\u00edtica, Sociedad, Deporte, Cultura y todo el contenido de inter\u00e9s general que la gente del pueblo y la regi\u00f3n debe conocer.","og_url":"https:\/\/www.celttv.com.ar\/index.php\/2023\/11\/27\/cayo-un-poste-de-telefonica-sobre-la-red-de-baja-tension-en-mitre-320-de-nuestra-ciudad\/","og_site_name":"CELTTV","article_publisher":"https:\/\/www.facebook.com\/celtTV\/","article_published_time":"2023-11-28T00:46:05+00:00","article_modified_time":"2023-11-28T01:58:31+00:00","og_image":[{"width":1280,"height":720,"url":"https:\/\/www.celttv.com.ar\/wp-content\/uploads\/2023\/11\/1-2.jpg","type":"image\/jpeg"}],"author":"Miguel Herrada","twitter_card":"summary_large_image","twitter_misc":{"Escrito por":"Miguel Herrada"},"schema":{"@context":"https:\/\/schema.org","@graph":[{"@type":"NewsArticle","@id":"https:\/\/www.celttv.com.ar\/index.php\/2023\/11\/27\/cayo-un-poste-de-telefonica-sobre-la-red-de-baja-tension-en-mitre-320-de-nuestra-ciudad\/#article","isPartOf":{"@id":"https:\/\/www.celttv.com.ar\/index.php\/2023\/11\/27\/cayo-un-poste-de-telefonica-sobre-la-red-de-baja-tension-en-mitre-320-de-nuestra-ciudad\/"},"author":{"name":"Miguel Herrada","@id":"https:\/\/www.celttv.com.ar\/#\/schema\/person\/9059dc91dc7204ef4182cdb65225f07d"},"headline":"Cay\u00f3 un poste de telef\u00f3nica y de milagro no caus\u00f3 lesionados ni da\u00f1os materiales","datePublished":"2023-11-28T00:46:05+00:00","dateModified":"2023-11-28T01:58:31+00:00","mainEntityOfPage":{"@id":"https:\/\/www.celttv.com.ar\/index.php\/2023\/11\/27\/cayo-un-poste-de-telefonica-sobre-la-red-de-baja-tension-en-mitre-320-de-nuestra-ciudad\/"},"wordCount":106,"publisher":{"@id":"https:\/\/www.celttv.com.ar\/#organization"},"articleSection":["Celt TV Noticias","Comunidad","Destacadas"],"inLanguage":"es"},{"@type":"WebPage","@id":"https:\/\/www.celttv.com.ar\/index.php\/2023\/11\/27\/cayo-un-poste-de-telefonica-sobre-la-red-de-baja-tension-en-mitre-320-de-nuestra-ciudad\/","url":"https:\/\/www.celttv.com.ar\/index.php\/2023\/11\/27\/cayo-un-poste-de-telefonica-sobre-la-red-de-baja-tension-en-mitre-320-de-nuestra-ciudad\/","name":"Cay\u00f3 un poste de telef\u00f3nica y de milagro no caus\u00f3 lesionados ni da\u00f1os materiales - CELTTV","isPartOf":{"@id":"https:\/\/www.celttv.com.ar\/#website"},"datePublished":"2023-11-28T00:46:05+00:00","dateModified":"2023-11-28T01:58:31+00:00","description":"Sitio web de noticias de la localidad de Tornquist, provincia de Buenos Aires, Rep\u00fablica Argentina. Contenido propio originado por periodistas de CELTTV, el canal de TV local de la Cooperativa El\u00e9ctrica de Tornquist. Turismo, Pol\u00edtica, Sociedad, Deporte, Cultura y todo el contenido de inter\u00e9s general que la gente del pueblo y la regi\u00f3n debe conocer.","breadcrumb":{"@id":"https:\/\/www.celttv.com.ar\/index.php\/2023\/11\/27\/cayo-un-poste-de-telefonica-sobre-la-red-de-baja-tension-en-mitre-320-de-nuestra-ciudad\/#breadcrumb"},"inLanguage":"es","potentialAction":[{"@type":"ReadAction","target":["https:\/\/www.celttv.com.ar\/index.php\/2023\/11\/27\/cayo-un-poste-de-telefonica-sobre-la-red-de-baja-tension-en-mitre-320-de-nuestra-ciudad\/"]}]},{"@type":"BreadcrumbList","@id":"https:\/\/www.celttv.com.ar\/index.php\/2023\/11\/27\/cayo-un-poste-de-telefonica-sobre-la-red-de-baja-tension-en-mitre-320-de-nuestra-ciudad\/#breadcrumb","itemListElement":[{"@type":"ListItem","position":1,"name":"Inicio","item":"https:\/\/www.celttv.com.ar\/"},{"@type":"ListItem","position":2,"name":"Cay\u00f3 un poste de telef\u00f3nica y de milagro no caus\u00f3 lesionados ni da\u00f1os materiales"}]},{"@type":"WebSite","@id":"https:\/\/www.celttv.com.ar\/#website","url":"https:\/\/www.celttv.com.ar\/","name":"CELTTV","description":"Cooperativa El\u00e9ctrica de Tornquist","publisher":{"@id":"https:\/\/www.celttv.com.ar\/#organization"},"potentialAction":[{"@type":"SearchAction","target":{"@type":"EntryPoint","urlTemplate":"https:\/\/www.celttv.com.ar\/?s={search_term_string}"},"query-input":"required name=search_term_string"}],"inLanguage":"es"},{"@type":"Organization","@id":"https:\/\/www.celttv.com.ar\/#organization","name":"CELTTV","url":"https:\/\/www.celttv.com.ar\/","sameAs":["https:\/\/www.youtube.com\/channel\/UCz_oIt8Hig64Ub-EmcNPIhg","https:\/\/www.facebook.com\/celtTV\/"],"logo":{"@type":"ImageObject","inLanguage":"es","@id":"https:\/\/www.celttv.com.ar\/#\/schema\/logo\/image\/","url":"http:\/\/www.celttv.com.ar\/wp-content\/uploads\/2022\/08\/logo-1.png","contentUrl":"http:\/\/www.celttv.com.ar\/wp-content\/uploads\/2022\/08\/logo-1.png","width":461,"height":159,"caption":"CELTTV"},"image":{"@id":"https:\/\/www.celttv.com.ar\/#\/schema\/logo\/image\/"}},{"@type":"Person","@id":"https:\/\/www.celttv.com.ar\/#\/schema\/person\/9059dc91dc7204ef4182cdb65225f07d","name":"Miguel Herrada","image":{"@type":"ImageObject","inLanguage":"es","@id":"https:\/\/www.celttv.com.ar\/#\/schema\/person\/image\/","url":"https:\/\/secure.gravatar.com\/avatar\/67724d5b3c716623ffd76bec7e45841a442ac3b456e914dbba90b0fad2b8e0b1?s=96&d=mm&r=g","contentUrl":"https:\/\/secure.gravatar.com\/avatar\/67724d5b3c716623ffd76bec7e45841a442ac3b456e914dbba90b0fad2b8e0b1?s=96&d=mm&r=g","caption":"Miguel Herrada"}}]}},"_links":{"self":[{"href":"https:\/\/www.celttv.com.ar\/index.php\/wp-json\/wp\/v2\/posts\/80572","targetHints":{"allow":["GET"]}}],"collection":[{"href":"https:\/\/www.celttv.com.ar\/index.php\/wp-json\/wp\/v2\/posts"}],"about":[{"href":"https:\/\/www.celttv.com.ar\/index.php\/wp-json\/wp\/v2\/types\/post"}],"author":[{"embeddable":true,"href":"https:\/\/www.celttv.com.ar\/index.php\/wp-json\/wp\/v2\/users\/5"}],"replies":[{"embeddable":true,"href":"https:\/\/www.celttv.com.ar\/index.php\/wp-json\/wp\/v2\/comments?post=80572"}],"version-history":[{"count":5,"href":"https:\/\/www.celttv.com.ar\/index.php\/wp-json\/wp\/v2\/posts\/80572\/revisions"}],"predecessor-version":[{"id":80583,"href":"https:\/\/www.celttv.com.ar\/index.php\/wp-json\/wp\/v2\/posts\/80572\/revisions\/80583"}],"wp:featuredmedia":[{"embeddable":true,"href":"https:\/\/www.celttv.com.ar\/index.php\/wp-json\/wp\/v2\/media\/80573"}],"wp:attachment":[{"href":"https:\/\/www.celttv.com.ar\/index.php\/wp-json\/wp\/v2\/media?parent=80572"}],"wp:term":[{"taxonomy":"category","embeddable":true,"href":"https:\/\/www.celttv.com.ar\/index.php\/wp-json\/wp\/v2\/categories?post=80572"},{"taxonomy":"post_tag","embeddable":true,"href":"https:\/\/www.celttv.com.ar\/index.php\/wp-json\/wp\/v2\/tags?post=80572"}],"curies":[{"name":"wp","href":"https:\/\/api.w.org\/{rel}","templated":true}]}}