{"id":80594,"date":"2023-11-28T17:37:31","date_gmt":"2023-11-28T20:37:31","guid":{"rendered":"http:\/\/www.celttv.com.ar\/?p=80594"},"modified":"2023-11-29T10:58:52","modified_gmt":"2023-11-29T13:58:52","slug":"27-de-noviembre-sesion-extraordinaria-de-entrega-de-diplomas-a-abanderados-y-escoltas-del-distrito-tornquist","status":"publish","type":"post","link":"https:\/\/www.celttv.com.ar\/index.php\/2023\/11\/28\/27-de-noviembre-sesion-extraordinaria-de-entrega-de-diplomas-a-abanderados-y-escoltas-del-distrito-tornquist\/","title":{"rendered":"27 DE NOVIEMBRE- SESION EXTRAORDINARIA DE ENTREGA DE DIPLOMAS A ABANDERADOS Y ESCOLTAS\u00a0 DEL DISTRITO- TORNQUIST (VIDEOS)"},"content":{"rendered":"<p>Este lunes 27 de noviembre a partir de las 19 hs. se realiz\u00f3 la primer Sesi\u00f3n Extraordinaria de entrega de Diplomas a Abanderados y Escoltas de algunas de las Escuelas del Distrito de Tornquist, convocadas por el Decreto N\u00ba 15\/23 del Honorable Concejo Deliberante, seg\u00fan la Resoluci\u00f3n N\u00ba 32\/23, en el SUM del Colegio Nuestra Se\u00f1ora de Luj\u00e1n.<\/p>\n<p>Se hicieron presentes en esta oportunidad autoridades educativas, municipales, docentes de las instituciones educativas,\u00a0 familiares y amigos de los agasajados.<\/p>\n<p><iframe loading=\"lazy\" title=\"2023 11 28 RECONOCIMIENTOS A ABANDERADOS 1 ABANDERADOS Y ESCOLTAS\" width=\"500\" height=\"281\" src=\"https:\/\/www.youtube.com\/embed\/cEXOvywaoxI?feature=oembed\" frameborder=\"0\" allow=\"accelerometer; autoplay; clipboard-write; encrypted-media; gyroscope; picture-in-picture; web-share\" referrerpolicy=\"strict-origin-when-cross-origin\" allowfullscreen><\/iframe><\/p>\n<p>Recibieron su distinci\u00f3n:<\/p>\n<p>&nbsp;<\/p>\n<p><strong><u>ABANDERADOS Y ESCOLTAS 2023:<\/u><\/strong><\/p>\n<p>&nbsp;<\/p>\n<p><strong><u>ESCUELA N\u00ba 1 (TORNQUIST): <\/u><\/strong><\/p>\n<p><strong><u>\u00a0<\/u><\/strong><\/p>\n<p><strong><u>BANDERA NACIONAL:<\/u><\/strong><\/p>\n<p><strong><u>ABANDERADA:<\/u><\/strong> URBAN RENATA<\/p>\n<p><strong><u>1\u00ba ESCOLTA:<\/u><\/strong> MARCOLINI ALMA<\/p>\n<p><strong><u>2\u00ba ESCOLTA:<\/u><\/strong> PELIZA AGUSTINA<\/p>\n<p><strong><u>BANDERA BONAERENSE:<\/u><\/strong><strong>\u00a0 <\/strong><\/p>\n<p><strong><u>ABANDERADA:<\/u><\/strong> DUARTE CAMILA (Turno tarde)<\/p>\n<p>MORALES BAUTISTA (Turno ma\u00f1ana)<\/p>\n<p><strong><u>1\u00ba ESCOLTA:<\/u><\/strong> KHUN IVONE<\/p>\n<p><strong><u>2\u00ba ESCOLTA:<\/u><\/strong> BANEGAS RENZO<\/p>\n<p><strong>\u00a0<\/strong><\/p>\n<p><strong><u>ESCUELA N\u00ba 3 (TRES PICOS):<\/u><\/strong><\/p>\n<p><strong><u>\u00a0<\/u><\/strong><\/p>\n<p><strong><u>BANDERA NACIONAL: <\/u><\/strong><\/p>\n<p><strong><u>ABANDERADO:<\/u><\/strong> URBAN BENJAM\u00cdN<\/p>\n<p><strong><u>1\u00ba ESCOLTA:<\/u><\/strong> \u00c1VILA DELFINA<\/p>\n<p><strong><u>2\u00ba ESCOLTA:<\/u><\/strong> BERNAT JAZM\u00cdN<\/p>\n<p><strong><u>BANDERA BONAERENSE:<\/u><\/strong><\/p>\n<p><strong><u>ABANDERADO:<\/u><\/strong> SEQUEIRO SANTINO<\/p>\n<p><strong><u>1\u00ba ESCOLTA:<\/u><\/strong> SANCHEZ LE\u00d3N<\/p>\n<p><strong><u>2\u00ba ESCOLTA:<\/u><\/strong> BACCI KATALINA<\/p>\n<p><strong>\u00a0<\/strong><\/p>\n<p><strong><u>ESCUELA N\u00ba 7 (PARAJE FUNKE):<\/u><\/strong><\/p>\n<p><strong><u>\u00a0<\/u><\/strong><\/p>\n<p><strong><u>BANDERA NACIONAL: <\/u><\/strong><\/p>\n<p><strong><u>ABANDERADA:<\/u><\/strong> FISCHER ROC\u00cdO<\/p>\n<p><strong><u>1\u00ba ESCOLTA:<\/u><\/strong> VIDELA THIAN<\/p>\n<p><strong><u>BANDERA BONAERENSE:<\/u><\/strong><\/p>\n<p><strong><u>ABANDERADA:<\/u><\/strong> ORTIZ ISABELLA<\/p>\n<p><strong><u>\u00a0<\/u><\/strong><\/p>\n<p><strong><u>ESCUELA N\u00ba 10 (ESTANCIA CHICA):<\/u><\/strong><\/p>\n<p><strong><u>\u00a0<\/u><\/strong><\/p>\n<p><strong><u>BANDERA NACIONAL: <\/u><\/strong><\/p>\n<p><strong><u>ABANDERADA:<\/u><\/strong> MART\u00cdN LARA<\/p>\n<p><strong><u>1\u00ba ESCOLTA:<\/u><\/strong> BOTTINI EVA<\/p>\n<p><strong><u>2\u00ba ESCOLTA:<\/u><\/strong> CASANOVA TEO<\/p>\n<p><strong><u>BANDERA BONAERENSE:<\/u><\/strong><\/p>\n<p><strong><u>ABANDERADA:<\/u><\/strong> STORM CANDELA<\/p>\n<p><strong><u>1\u00ba ESCOLTA:<\/u><\/strong> D\u00b4ONOFRIO TAHIEL<\/p>\n<p><strong><u>2\u00ba ESCOLTA:<\/u><\/strong> ALDAYA KIARA<\/p>\n<p><strong>\u00a0<\/strong><\/p>\n<p><strong><u>ESCUELA N\u00ba 12 (FUERTE ARGENTINO)<\/u><\/strong><\/p>\n<p><strong><u>\u00a0<\/u><\/strong><\/p>\n<p><strong><u>BANDERA NACIONAL: <\/u><\/strong><\/p>\n<p><strong><u>ABANDERADA:<\/u><\/strong> CASTRO JUANA EMMA<\/p>\n<p><strong><u>1\u00ba ESCOLTA:<\/u><\/strong> SCHILL NAILA DE LOS \u00c1NGELES<\/p>\n<p><strong><u>2\u00ba ESCOLTA:<\/u><\/strong> MORAGA WALKIRIA QUIMEY<\/p>\n<p><strong><u>BANDERA BONAERENSE:<\/u><\/strong><\/p>\n<p><strong><u>ABANDERADO:<\/u><\/strong> CASTRO JUAN CRUZ<\/p>\n<p><strong><u>1\u00ba ESCOLTA:<\/u><\/strong> SCHILL JAVIER THIAGO<\/p>\n<p><strong><u>2\u00ba ESCOLTA:<\/u><\/strong> MONTES ANTONELLA JAZM\u00cdN<\/p>\n<p><strong>\u00a0<\/strong><\/p>\n<p><strong><u>ESCUELA N\u00ba 17 (PARAJE EL CHACO)<\/u><\/strong><\/p>\n<p><strong><u>\u00a0<\/u><\/strong><\/p>\n<p><strong><u>BANDERA NACIONAL: <\/u><\/strong><\/p>\n<p><strong><u>ABANDERADO:<\/u><\/strong> GONZALEZ THIAN BENJAMIN<\/p>\n<p><strong><u>BANDERA BONAERENSE:<\/u><\/strong><\/p>\n<p><strong><u>ABANDERADO:<\/u><\/strong> RODRIGUEZ LAUTARO<\/p>\n<p>&nbsp;<\/p>\n<p><strong><u>ESCUELA N\u00ba 28 (TORNQUIST) <\/u><\/strong><\/p>\n<p><strong><u>\u00a0<\/u><\/strong><\/p>\n<p><strong><u>BANDERA NACIONAL: <\/u><\/strong><\/p>\n<p><strong><u>ABANDERADA:<\/u><\/strong> FUHR ORIANA<\/p>\n<p><strong><u>1\u00ba ESCOLTA:<\/u><\/strong> SCHNEIDER ANA SOF\u00cdA<\/p>\n<p><strong><u>2\u00ba ESCOLTA:<\/u><\/strong> SCHWAB MAIA ZOE<\/p>\n<p><strong><u>BANDERA BONAERENSE:<\/u><\/strong><\/p>\n<p><strong><u>ABANDERADA:<\/u><\/strong> SANDOVAL DANIELA<\/p>\n<p><strong><u>1\u00ba ESCOLTA:<\/u><\/strong> GALV\u00c1N MAR\u00cdA SOL<\/p>\n<p><strong><u>2\u00ba ESCOLTA:<\/u><\/strong> MONTIEL LEONARDO<\/p>\n<p><strong>\u00a0<\/strong><\/p>\n<p><strong><u>COLEGIO NUESTRA SE\u00d1ORA DE LUJAN &#8211; PRIMARIA (TORNQUIST) <\/u><\/strong><\/p>\n<p><strong><u>\u00a0<\/u><\/strong><\/p>\n<p><strong><u>BANDERA NACIONAL: <\/u><\/strong><\/p>\n<p><strong><u>ABANDERADA:<\/u><\/strong> STREMEL JOSEFINA<\/p>\n<p><strong><u>1\u00ba ESCOLTA:<\/u><\/strong> MANFREDI MAR\u00cdA PAZ<\/p>\n<p><strong><u>1\u00ba ESCOLTA:<\/u><\/strong> CAMPAYA VICTORIA<\/p>\n<p><strong><u>2\u00ba ESCOLTA:<\/u><\/strong> P\u00c9REZ ECHEGU\u00cdA IRINA<\/p>\n<p><strong><u>BANDERA BONAERENSE:<\/u><\/strong><\/p>\n<p><strong><u>ABANDERADA:<\/u><\/strong> VILLALBA AMPARO<\/p>\n<p><strong><u>1\u00ba ESCOLTA:<\/u><\/strong> ESQUIVEL LAUREANO NAZARENO<\/p>\n<p><strong><u>2\u00ba ESCOLTA:<\/u><\/strong> URQUIZA LUDMILA MACARENA<\/p>\n<p><strong>\u00a0<\/strong><\/p>\n<p><strong><u>ESCUELA DE EDUCACI\u00d3N ESPECIAL N\u00ba 501 (TORNQUIST)<\/u><\/strong><\/p>\n<p><strong><u>\u00a0<\/u><\/strong><\/p>\n<p><strong><u>BANDERA NACIONAL: <\/u><\/strong><\/p>\n<p><strong><u>ABANDERADO:<\/u><\/strong> D\u00cdAZ RUB\u00c9N DAR\u00cdO<\/p>\n<p><strong><u>1\u00ba ESCOLTA:<\/u><\/strong> TISERA ALEXIS MART\u00cdN ANDR\u00c9S<\/p>\n<p><strong><u>2\u00ba ESCOLTA:<\/u><\/strong> BRAUN LAUTARO DAVID<\/p>\n<p><strong><u>BANDERA BONAERENSE:<\/u><\/strong><\/p>\n<p><strong><u>ABANDERADO:<\/u><\/strong> MINICH BELEN BAUTISTA<\/p>\n<p><strong><u>1\u00ba ESCOLTA:<\/u><\/strong> CABRERA DIEGO OMAR<\/p>\n<p><strong><u>2\u00ba ESCOLTA:<\/u><\/strong> PERUGINI KATERINA ABRIL<\/p>\n<p><strong>\u00a0<\/strong><\/p>\n<p><strong><u>CENTRO EDUCACI\u00d3N DE ADULTOS N\u00ba 701 (TORNQUIST)<\/u><\/strong><\/p>\n<p><strong><u>\u00a0<\/u><\/strong><\/p>\n<p><strong><u>BANDERA NACIONAL: <\/u><\/strong><\/p>\n<p><strong><u>ABANDERADA:<\/u><\/strong> V\u00c1ZQUEZ MAR\u00cdA SUSANA<\/p>\n<p><strong><u>1\u00ba ESCOLTA:<\/u><\/strong> SEP\u00daLVEDA NILDA<\/p>\n<p><strong><u>2\u00ba ESCOLTA:<\/u><\/strong> GALV\u00c1N TERESA<\/p>\n<p><strong><u>BANDERA BONAERENSE:<\/u><\/strong><\/p>\n<p><strong><u>ABANDERADA:<\/u><\/strong> DI\u00d3CARES BERTA<\/p>\n<p><strong><u>1\u00ba ESCOLTA:<\/u><\/strong> SANDOVAL MAURICIO NATALIO<\/p>\n<p><strong><u>2\u00ba ESCOLTA:<\/u><\/strong> AGUIRRE YAMILA ELIANA<\/p>\n<p><strong>\u00a0<\/strong><\/p>\n<p><strong><u>ESCUELA DE EDUCACI\u00d3N SECUNDARIA N\u00ba 1 (TORNQUIST) <\/u><\/strong><\/p>\n<p><strong><u>\u00a0<\/u><\/strong><\/p>\n<p><strong><u>BANDERA NACIONAL: <\/u><\/strong><\/p>\n<p><strong><u>ABANDERADA:<\/u><\/strong> CANLE ABRIL<\/p>\n<p><strong><u>1\u00ba ESCOLTA:<\/u><\/strong> RINC\u00d3N CLARA<\/p>\n<p><strong><u>2\u00ba ESCOLTA:<\/u><\/strong> PRESCHER ANABEL<\/p>\n<p><strong><u>BANDERA BONAERENSE:<\/u><\/strong><\/p>\n<p><strong><u>ABANDERADA:<\/u><\/strong> MAR\u00cdN MELINA<\/p>\n<p><strong><u>1\u00ba ESCOLTA:<\/u><\/strong> BIOLATO GIULIANA<\/p>\n<p><strong><u>2\u00ba ESCOLTA:<\/u><\/strong> IPUCHE ZAIRA<\/p>\n<p><strong>\u00a0<\/strong><\/p>\n<p><strong><u>ESCUELA DE EDUCACI\u00d3N SECUNDARIA N\u00ba 3 (TORNQUIST)\u00a0 <\/u><\/strong><\/p>\n<p><strong><u>\u00a0<\/u><\/strong><\/p>\n<p><strong><u>BANDERA NACIONAL: <\/u><\/strong><\/p>\n<p><strong><u>ABANDERADA:<\/u><\/strong> ECHEGUIA AINARA<\/p>\n<p><strong><u>1\u00ba ESCOLTA:<\/u><\/strong> MART\u00cdN BIANCA<\/p>\n<p><strong><u>2\u00ba ESCOLTA:<\/u><\/strong> GRISCHINSKY MERIGGI AGOSTINA CHIARA<\/p>\n<p><strong><u>BANDERA BONAERENSE:<\/u><\/strong><\/p>\n<p><strong><u>ABANDERADA:<\/u><\/strong> MIRAS NEYRA VICTORIA<\/p>\n<p><strong><u>1\u00ba ESCOLTA:<\/u><\/strong> BARRERA JULIANA AGOSTINA<\/p>\n<p><strong><u>2\u00ba ESCOLTA:<\/u><\/strong> MENGUI JOSEFINA<\/p>\n<p><strong><u>\u00a0<\/u><\/strong><\/p>\n<p><strong><u>\u00a0<\/u><\/strong><\/p>\n<p><strong><u>\u00a0COLEGIO NUESTRA SE\u00d1ORA DE LUJ\u00c1N SECUNDARIA (TORNQUIST)<\/u><\/strong><\/p>\n<p><strong><u>\u00a0<\/u><\/strong><\/p>\n<p><strong><u>BANDERA NACIONAL:<\/u><\/strong><\/p>\n<p><strong><u>ABANDERADA:<\/u><\/strong> L\u00d3PEZ TOURN MARTINA<\/p>\n<p><strong><u>1\u00ba ESCOLTA:<\/u><\/strong> MARCOLINI GIOVANNA<\/p>\n<p><strong><u>2\u00ba ESCOLTA:<\/u><\/strong> CONTE V\u00c1ZQUEZ RENATTA<\/p>\n<p><strong><u>BANDERA BONAERENSE:<\/u><\/strong><\/p>\n<p><strong><u>ABANDERADA:<\/u><\/strong> PUENTE SOFIA<\/p>\n<p><strong><u>1\u00ba ESCOLTA:<\/u><\/strong> BUCCHI JUANITA<\/p>\n<p><strong><u>2\u00ba ESCOLTA:<\/u><\/strong> LAVALLE M\u00cdA<\/p>\n<p><strong>\u00a0<\/strong><\/p>\n<p><strong><u>ESCUELA DE EDUCACI\u00d3N AGRARIA N\u00ba 1<\/u><\/strong><\/p>\n<p><strong><u>\u00a0<\/u><\/strong><\/p>\n<p><strong><u>BANDERA NACIONAL:<\/u><\/strong><\/p>\n<p><strong><u>ABANDERADA:<\/u><\/strong> BROCARDO GRAVAGNO FIORELLA<\/p>\n<p><strong><u>1\u00ba ESCOLTA:<\/u><\/strong> GETINO AZCONA FRANCISCO ANDR\u00c9S<\/p>\n<p><strong><u>2\u00ba ESCOLTA:<\/u><\/strong> GARC\u00cdA VENTURA MATEO JOAQU\u00cdN<\/p>\n<p><strong><u>BANDERA BONAERENSE:<\/u><\/strong><\/p>\n<p><strong><u>ABANDERADA:<\/u><\/strong> VILCHES ARAG\u00d3N ANA ELOISA<\/p>\n<p><strong><u>1\u00ba ESCOLTA:<\/u><\/strong> PEREYRA MAJER MAR\u00cdA DELFINA<\/p>\n<p><strong><u>2\u00ba ESCOLTA:<\/u><\/strong> HEREDIA MATILDA<\/p>\n<p><strong><u>\u00a0<\/u><\/strong><\/p>\n<p><strong><u>ESCUELA DE EDUCACI\u00d3N SECUNDARIA T\u00c9CNICA N\u00ba 1 (TORNQUIST) <\/u><\/strong><\/p>\n<p><strong><u>\u00a0<\/u><\/strong><\/p>\n<p><strong><u>BANDERA NACIONAL:<\/u><\/strong><\/p>\n<p><strong><u>ABANDERADO:<\/u><\/strong> PIAZZA GONZALO<\/p>\n<p><strong><u>1\u00ba ESCOLTA:<\/u><\/strong> SCHWINDT BLAS<\/p>\n<p><strong><u>2\u00ba ESCOLTA:<\/u><\/strong> MARTINS ALEXANDRO<\/p>\n<p><strong><u>BANDERA BONAERENSE:<\/u><\/strong><\/p>\n<p><strong><u>ABANDERADO:<\/u><\/strong> FERRER JOAQU\u00cdN<\/p>\n<p><strong><u>1\u00ba ESCOLTA:<\/u><\/strong> SABELLA FACUNDO<\/p>\n<p><strong><u>2\u00ba ESCOLTA:<\/u><\/strong> BAUMANN SANTIAGO<\/p>\n<p>&nbsp;<\/p>\n<p><strong><u>C.E.N.S. N\u00ba 451 \u2013 PLAN FINES (SEDE TORNQUIST)<\/u><\/strong><\/p>\n<p><strong><u>\u00a0<\/u><\/strong><\/p>\n<p><strong><u>BANDERA NACIONAL:<\/u><\/strong><\/p>\n<p><strong><u>ABANDERADO:<\/u><\/strong> NEYRA V\u00cdCTOR FABI\u00c1N<\/p>\n<p><strong><u>1\u00ba ESCOLTA:<\/u><\/strong> URETA JUAN MANUEL<\/p>\n<p><strong><u>2\u00ba ESCOLTA:<\/u><\/strong> LAMBRECHT LUC\u00cdA BEL\u00c9N<\/p>\n<p><strong><u>BANDERA BONAERENSE:<\/u><\/strong><\/p>\n<p><strong><u>ABANDERADA:<\/u><\/strong> BRAUN MARIANA SOLEDAD<\/p>\n<p><strong><u>1\u00ba ESCOLTA:<\/u><\/strong> LACASTA JEREM\u00cdAS ALBERTO<\/p>\n<p><strong><u>2\u00ba ESCOLTA:<\/u><\/strong> CHULIVER CINTIA VANESA<\/p>\n<p><strong>\u00a0<\/strong><\/p>\n<p>Alocuciones de los Concejales:<\/p>\n<p>&nbsp;<\/p>\n<p>Concejal Elisabet Nori:<\/p>\n<p>\u201cAnte todo buenas tardes a todos. Hoy es un d\u00eda de celebraci\u00f3n, hoy celebramos la educaci\u00f3n, y qu\u00e9 importante que es eso. Y tambi\u00e9n celebramos las cosas de todos los d\u00edas, aquellas peque\u00f1as cosas que hacen grande a nuestra realidad, por ejemplo en d\u00edas como hoy. Por eso hoy m\u00e1s que felicitar, que obviamente es entendido que felicitamos a todos los alumnos y alumnas que han obtenido este reconocimiento en virtud de su dedicaci\u00f3n, de su esfuerzo, y de su participaci\u00f3n, y compromiso, m\u00e1s que eso hoy quiero agradecer. Agradecer profundamente porque estos logros son el fruto de toda una comunidad educativa, de docentes, directivos, de personal auxiliar de las escuelas, de las familias, de los cooperadores de las escuelas, de toda la comunidad. Por eso es un d\u00eda de profundo agradecimiento. Tambi\u00e9n hay que agradecer las escuelas que tenemos, que est\u00e1n tan bien cuidadas y valoradas por el personal que all\u00ed habitan, por los alumnos que habitan, y tambi\u00e9n por toda la comunidad educativa que est\u00e1 a su alrededor. Eso es un orgullo para todo el Distrito. Tambi\u00e9n agradecer el compromiso que se tiene desde las autoridades educativas como de las autoridades gubernamentales, en cuanto a la continuidad en el desarrollo de los aprendizajes de nuestros alumnos y alumnas. Eso tambi\u00e9n hay que agradecerlo profundamente, porque es un trabajo diario, es un trabajo consecuente que se hace, es un esfuerzo permanente y una decisi\u00f3n de permanentemente innovar y llevar nuevas estrategias de ense\u00f1anza a los alumnos y alumnas, y eso hay que destacarlo. Porque en este, en el transcurso de estos \u00faltimos a\u00f1os alumnos y alumnas de nuestro Distrito han tenido galardones en diferentes instancias educativas, tanto a nivel regional, provincial, como nacional y eso no en todos los lugares se logra. As\u00ed que bueno, agradecer profundamente y felicitar. Por eso, bueno, a todos, a todos les digo sigan as\u00ed, sigan con este esfuerzo, sigan con esta dedicaci\u00f3n. Y vaya este saludo y este reconocimiento a los alumnos y alumnas que est\u00e1n ac\u00e1, y a los alumnos y alumnas que no est\u00e1n ac\u00e1, pero que tambi\u00e9n d\u00eda a d\u00eda cada uno entrega de s\u00ed todo lo que m\u00e1s puede. Nada m\u00e1s se\u00f1ora Presidente\u201d.<\/p>\n<p><iframe loading=\"lazy\" title=\"2023 11 28 RECONOCIMIENTOS A ABANDERADOS 2 ELISABET NORI\" width=\"500\" height=\"281\" src=\"https:\/\/www.youtube.com\/embed\/CglsgHE-TMY?feature=oembed\" frameborder=\"0\" allow=\"accelerometer; autoplay; clipboard-write; encrypted-media; gyroscope; picture-in-picture; web-share\" referrerpolicy=\"strict-origin-when-cross-origin\" allowfullscreen><\/iframe><\/p>\n<p>Concejal Marcela Gimenez:<\/p>\n<p>\u201cBueno, buenas tardes a quienes hoy est\u00e1n presentes aqu\u00ed para recibir este reconocimiento que muy merecido seguramente se lo tienen. Chicos y chicas que se esfuerzan cada d\u00eda para hacer grande la educaci\u00f3n de nuestro Distrito. Familias que acompa\u00f1an, que est\u00e1n cerca, profesores, profesoras,, preceptores, equipos de orientaci\u00f3n, auxiliares y equipos de conducci\u00f3n que tambi\u00e9n est\u00e1n ah\u00ed, en cada momento, en cada instante y en cada trayectoria de cada uno de sus alumnos y alumnas. Hoy para ustedes seguramente es un d\u00eda especial, se llevan un reconocimiento que es de ustedes, que se lo ganaron por el esfuerzo, por el compromiso, por la dedicaci\u00f3n, no solo con el estudio que es sumamente importante, sino tambi\u00e9n con los v\u00ednculos que establecen con sus compa\u00f1eros y compa\u00f1eras. La verdad, que me queda felicitarlos, agradecerles por hacer grande la educaci\u00f3n del Distrito. Y quiero saludarlos con una frase que voy a leer porque es larga y no me la voy a acordar toda, para que cierre esta alocuci\u00f3n pudiendo dejar un poquito, o \u00a0un granito de arena a todo lo que ustedes realizan d\u00eda a d\u00eda. La frase es de Eduardo Galeano:<\/p>\n<p>\u201cUn mar de fueguitos\u201d.<\/p>\n<p>&#8220;Un hombre del pueblo de Negu\u00e1, en la costa de Colombia, pudo subir al alto cielo.<\/p>\n<p>A la vuelta cont\u00f3. Dijo que hab\u00eda contemplado desde arriba, la vida humana.<\/p>\n<p>Y dijo que somos un mar de fueguitos.<\/p>\n<p>-El mundo es eso -revel\u00f3- un mont\u00f3n de gente, un mar de fueguitos.<\/p>\n<p>Cada persona brilla con luz propia entre todas las dem\u00e1s.<\/p>\n<p>No hay dos fuegos iguales. Hay fuegos grandes y fuegos chicos y fuegos de todos los colores. Hay gente de fuego sereno, que ni se entera del viento, y gente de fuego loco que llena el aire de chispas. Algunos fuegos,\u00a0 no alumbran ni queman; pero otros arden con tantas ganas \u00a0que no se puede ni mirarlos sin parpadear, y quien se acerca se enciende&#8221;.<\/p>\n<p>Y la verdad que quer\u00eda dejar esta reflexi\u00f3n, porque hoy, todos y todas ustedes son eso, fuegos que arden de manera diferente, que est\u00e1n aqu\u00ed presentes, que tienen un reconocimiento y que han marcado una trayectoria en su escuela, y sus profes y sus equipos directivos, quienes los acompa\u00f1an han marcado sin duda una huella en ustedes. Y no quiero dejar de mencionar a los adultos y adultas que culminan sus estudios y que seguramente han hecho un esfuerzo enorme, porque por alguna raz\u00f3n vieron interrumpida su trayectoria, pero la vida siempre da segundas oportunidades. Muchas gracias a todos ustedes\u201d.<\/p>\n<p><iframe loading=\"lazy\" title=\"2023 11 28 RECONOCIMIENTOS A ABANDERADOS 3 MARCELA GIMENEZ\" width=\"500\" height=\"281\" src=\"https:\/\/www.youtube.com\/embed\/eNO4btXNeUc?feature=oembed\" frameborder=\"0\" allow=\"accelerometer; autoplay; clipboard-write; encrypted-media; gyroscope; picture-in-picture; web-share\" referrerpolicy=\"strict-origin-when-cross-origin\" allowfullscreen><\/iframe><\/p>\n<p>Concejal Roc\u00edo V\u00e1zquez:<\/p>\n<p>\u201cBueno, yo quiero, primero buenas tardes a todos y todas, darles mis felicitaciones y la de todo el Bloque. La verdad es que ac\u00e1 vemos los que egresan de primaria y los que egresan de secundaria. Aquellos ni\u00f1os\u00a0 y ni\u00f1as de primaria que van a disfrutar el a\u00f1o que viene de una nueva experiencia en secundaria, con las cuales ya articularon y m\u00e1s o menos entre las familias tienen definido a qu\u00e9 secundaria van a asistir. A los alumnos de secundaria que el pasito es un poco m\u00e1s grande, porque terminan una etapa donde va a cambiar bastante sus vidas, sus trayectorias, algunos van a trabajar, algunos van a estudiar, algunos m\u00e1s cerca, \u00a0otros m\u00e1s lejos.\u00a0 As\u00ed que a todos los mayores de los \u00e9xitos y como dijo Marce, una menci\u00f3n especial para los adultos. Hoy justo 27 de noviembre es d\u00eda de la educaci\u00f3n para adultos as\u00ed que quiero saludar a toda la modalidad, a la primaria de adultos a FINES, al semipresencial, \u00a0al CENS de Saldungaray, a todos esos alumnos que como dijo Marcela vieron interrumpida su trayectoria y hoy tienen su segunda oportunidad, espero que puedan alcanzar una de las metas, porque s\u00e9 que esta es la primera y que van a seguir continuando, buscando nuevos desaf\u00edos. Muchas felicitaciones para todos. Muchas gracias\u201d.<\/p>\n<p><iframe loading=\"lazy\" title=\"2023 11 28 RECONOCIMIENTOS A ABANDERADOS 4 ROCIO VAZQUEZ\" width=\"500\" height=\"281\" src=\"https:\/\/www.youtube.com\/embed\/c7rHyoxOaGc?feature=oembed\" frameborder=\"0\" allow=\"accelerometer; autoplay; clipboard-write; encrypted-media; gyroscope; picture-in-picture; web-share\" referrerpolicy=\"strict-origin-when-cross-origin\" allowfullscreen><\/iframe><\/p>\n<p>Concejal Mar\u00eda Romero:<\/p>\n<p>\u201cBueno, muy buenas tardes para todas y todos. Realmente es una emoci\u00f3n enorme. Me quiero sumar a las\u00a0 palabras de los que me antecedieron en la palabra, a la Concejal Nori, \u00a0Marcela, Roc\u00edo, que ellas son docentes y saben de lo que se est\u00e1 hablando y la verdad que me siento orgullosa de ellas por haber formado a chicos y chicas. Y felicitarlos a ustedes, j\u00f3venes, adultos, que siguen estudiando, no bajan los brazos. Y la verdad que el estudio es una herramienta para toda la vida, \u00a0una herramienta que los forma y es fundamental para lo que vayan a decidir el d\u00eda de ma\u00f1ana, la carrera que vayan a seguir cursando. As\u00ed que la verdad que me siento sumamente orgullosa y emocionada de ver peque\u00f1os y grandes recibiendo hoy este certificado que bien merecido lo tienen, por el esfuerzo que han hecho durante todos estos a\u00f1os. Fundamentalmente felicitar y agradecer a la familia de cada uno de los alumnos porque sin el acompa\u00f1amiento de ellos ser\u00eda dif\u00edcil, as\u00ed que mis felicitaciones para cada una de ustedes. Muchas gracias\u201d.<\/p>\n<p><iframe loading=\"lazy\" title=\"2023 11 28 RECONOCIMIENTOS A ABANDERADOS 5 MARIA ROMERO\" width=\"500\" height=\"281\" src=\"https:\/\/www.youtube.com\/embed\/-Vo1WTfP5-M?feature=oembed\" frameborder=\"0\" allow=\"accelerometer; autoplay; clipboard-write; encrypted-media; gyroscope; picture-in-picture; web-share\" referrerpolicy=\"strict-origin-when-cross-origin\" allowfullscreen><\/iframe><\/p>\n<p>Presidente del H.C.D. Concejal Sandra Kifer:<\/p>\n<p>\u201cBueno, antes que nada quiero agradecer al Ejecutivo Municipal porque puso a disposici\u00f3n el sonido, impecable, muchas gracias. Agradecer a las autoridades de esta hermosa escuela que nos pusieron a disposici\u00f3n este maravilloso sal\u00f3n para que podamos estar c\u00f3modos y frescos en un d\u00eda tan caluroso como el de hoy. Y bueno, qu\u00e9\u00a0 decirles que no se haya dicho hasta ahora. Hay felicitaciones, agradecimientos a todos, a todos \u00a0los alumnos que portan tanto la Bandera Nacional como la Bandera Provincial. Es un orgullo, un orgullo portar esas banderas. Felicitarlos por la trayectoria educativa, felicitar a las familias, felicitar a los docentes por el acompa\u00f1amiento incondicional, \u00a0y decirles que ese es el camino, que sigan por el camino del esfuerzo, por el camino del trabajo, por el camino del estudio, por el camino del compa\u00f1erismo, que es la \u00fanica verdad que nos va a hacer el d\u00eda de ma\u00f1ana una sociedad mejor. As\u00ed que nuevamente muchas felicitaciones\u201d.<\/p>\n<p>HONORABLE CONCEJO DELIBERANTE<\/p>\n<p><img loading=\"lazy\" decoding=\"async\" class=\"alignnone wp-image-80595 size-full\" src=\"http:\/\/www.celttv.com.ar\/wp-content\/uploads\/2023\/11\/WhatsApp-Image-2023-11-27-at-19.56.29.jpeg\" alt=\"\" width=\"1600\" height=\"1201\" srcset=\"https:\/\/www.celttv.com.ar\/wp-content\/uploads\/2023\/11\/WhatsApp-Image-2023-11-27-at-19.56.29.jpeg 1600w, https:\/\/www.celttv.com.ar\/wp-content\/uploads\/2023\/11\/WhatsApp-Image-2023-11-27-at-19.56.29-300x225.jpeg 300w, https:\/\/www.celttv.com.ar\/wp-content\/uploads\/2023\/11\/WhatsApp-Image-2023-11-27-at-19.56.29-1024x769.jpeg 1024w, https:\/\/www.celttv.com.ar\/wp-content\/uploads\/2023\/11\/WhatsApp-Image-2023-11-27-at-19.56.29-768x576.jpeg 768w, https:\/\/www.celttv.com.ar\/wp-content\/uploads\/2023\/11\/WhatsApp-Image-2023-11-27-at-19.56.29-1536x1153.jpeg 1536w, https:\/\/www.celttv.com.ar\/wp-content\/uploads\/2023\/11\/WhatsApp-Image-2023-11-27-at-19.56.29-750x563.jpeg 750w, https:\/\/www.celttv.com.ar\/wp-content\/uploads\/2023\/11\/WhatsApp-Image-2023-11-27-at-19.56.29-1140x856.jpeg 1140w\" sizes=\"auto, (max-width: 1600px) 100vw, 1600px\" \/> <img loading=\"lazy\" decoding=\"async\" class=\"alignnone wp-image-80596 size-full\" src=\"http:\/\/www.celttv.com.ar\/wp-content\/uploads\/2023\/11\/WhatsApp-Image-2023-11-27-at-19.56.32.jpeg\" alt=\"\" width=\"1600\" height=\"1201\" srcset=\"https:\/\/www.celttv.com.ar\/wp-content\/uploads\/2023\/11\/WhatsApp-Image-2023-11-27-at-19.56.32.jpeg 1600w, https:\/\/www.celttv.com.ar\/wp-content\/uploads\/2023\/11\/WhatsApp-Image-2023-11-27-at-19.56.32-300x225.jpeg 300w, https:\/\/www.celttv.com.ar\/wp-content\/uploads\/2023\/11\/WhatsApp-Image-2023-11-27-at-19.56.32-1024x769.jpeg 1024w, https:\/\/www.celttv.com.ar\/wp-content\/uploads\/2023\/11\/WhatsApp-Image-2023-11-27-at-19.56.32-768x576.jpeg 768w, https:\/\/www.celttv.com.ar\/wp-content\/uploads\/2023\/11\/WhatsApp-Image-2023-11-27-at-19.56.32-1536x1153.jpeg 1536w, https:\/\/www.celttv.com.ar\/wp-content\/uploads\/2023\/11\/WhatsApp-Image-2023-11-27-at-19.56.32-750x563.jpeg 750w, https:\/\/www.celttv.com.ar\/wp-content\/uploads\/2023\/11\/WhatsApp-Image-2023-11-27-at-19.56.32-1140x856.jpeg 1140w\" sizes=\"auto, (max-width: 1600px) 100vw, 1600px\" \/> <img loading=\"lazy\" decoding=\"async\" class=\"alignnone wp-image-80597 size-full\" src=\"http:\/\/www.celttv.com.ar\/wp-content\/uploads\/2023\/11\/WhatsApp-Image-2023-11-27-at-19.56.33-1.jpeg\" alt=\"\" width=\"1201\" height=\"1600\" srcset=\"https:\/\/www.celttv.com.ar\/wp-content\/uploads\/2023\/11\/WhatsApp-Image-2023-11-27-at-19.56.33-1.jpeg 1201w, https:\/\/www.celttv.com.ar\/wp-content\/uploads\/2023\/11\/WhatsApp-Image-2023-11-27-at-19.56.33-1-225x300.jpeg 225w, https:\/\/www.celttv.com.ar\/wp-content\/uploads\/2023\/11\/WhatsApp-Image-2023-11-27-at-19.56.33-1-769x1024.jpeg 769w, https:\/\/www.celttv.com.ar\/wp-content\/uploads\/2023\/11\/WhatsApp-Image-2023-11-27-at-19.56.33-1-768x1023.jpeg 768w, https:\/\/www.celttv.com.ar\/wp-content\/uploads\/2023\/11\/WhatsApp-Image-2023-11-27-at-19.56.33-1-1153x1536.jpeg 1153w, https:\/\/www.celttv.com.ar\/wp-content\/uploads\/2023\/11\/WhatsApp-Image-2023-11-27-at-19.56.33-1-750x999.jpeg 750w, https:\/\/www.celttv.com.ar\/wp-content\/uploads\/2023\/11\/WhatsApp-Image-2023-11-27-at-19.56.33-1-1140x1519.jpeg 1140w\" sizes=\"auto, (max-width: 1201px) 100vw, 1201px\" \/> <img loading=\"lazy\" decoding=\"async\" class=\"alignnone wp-image-80598 size-full\" src=\"http:\/\/www.celttv.com.ar\/wp-content\/uploads\/2023\/11\/WhatsApp-Image-2023-11-27-at-19.56.33.jpeg\" alt=\"\" width=\"1600\" height=\"1201\" srcset=\"https:\/\/www.celttv.com.ar\/wp-content\/uploads\/2023\/11\/WhatsApp-Image-2023-11-27-at-19.56.33.jpeg 1600w, https:\/\/www.celttv.com.ar\/wp-content\/uploads\/2023\/11\/WhatsApp-Image-2023-11-27-at-19.56.33-300x225.jpeg 300w, https:\/\/www.celttv.com.ar\/wp-content\/uploads\/2023\/11\/WhatsApp-Image-2023-11-27-at-19.56.33-1024x769.jpeg 1024w, https:\/\/www.celttv.com.ar\/wp-content\/uploads\/2023\/11\/WhatsApp-Image-2023-11-27-at-19.56.33-768x576.jpeg 768w, https:\/\/www.celttv.com.ar\/wp-content\/uploads\/2023\/11\/WhatsApp-Image-2023-11-27-at-19.56.33-1536x1153.jpeg 1536w, https:\/\/www.celttv.com.ar\/wp-content\/uploads\/2023\/11\/WhatsApp-Image-2023-11-27-at-19.56.33-750x563.jpeg 750w, https:\/\/www.celttv.com.ar\/wp-content\/uploads\/2023\/11\/WhatsApp-Image-2023-11-27-at-19.56.33-1140x856.jpeg 1140w\" sizes=\"auto, (max-width: 1600px) 100vw, 1600px\" \/><\/p>\n<p>&nbsp;<\/p>\n<p>&nbsp;<\/p>\n","protected":false},"excerpt":{"rendered":"<p>Este lunes 27 de noviembre a partir de las 19 hs. se realiz\u00f3 la primer Sesi\u00f3n Extraordinaria de entrega de Diplomas a Abanderados y Escoltas de algunas de las Escuelas del Distrito de Tornquist, convocadas por el Decreto N\u00ba 15\/23 del Honorable Concejo Deliberante, seg\u00fan la Resoluci\u00f3n N\u00ba 32\/23, en el SUM del Colegio Nuestra [&hellip;]<\/p>\n","protected":false},"author":5,"featured_media":80597,"comment_status":"closed","ping_status":"closed","sticky":false,"template":"","format":"standard","meta":{"footnotes":""},"categories":[51,52,59],"tags":[],"class_list":["post-80594","post","type-post","status-publish","format-standard","has-post-thumbnail","hentry","category-comunidad","category-destacadas","category-municipales"],"yoast_head":"<!-- This site is optimized with the Yoast SEO plugin v19.7.1 - https:\/\/yoast.com\/wordpress\/plugins\/seo\/ -->\n<title>27 DE NOVIEMBRE- SESION EXTRAORDINARIA DE ENTREGA DE DIPLOMAS A ABANDERADOS Y ESCOLTAS\u00a0 DEL DISTRITO- TORNQUIST (VIDEOS) - CELTTV<\/title>\n<meta name=\"description\" content=\"Sitio web de noticias de la localidad de Tornquist, provincia de Buenos Aires, Rep\u00fablica Argentina. Contenido propio originado por periodistas de CELTTV, el canal de TV local de la Cooperativa El\u00e9ctrica de Tornquist. Turismo, Pol\u00edtica, Sociedad, Deporte, Cultura y todo el contenido de inter\u00e9s general que la gente del pueblo y la regi\u00f3n debe conocer.\" \/>\n<meta name=\"robots\" content=\"index, follow, max-snippet:-1, max-image-preview:large, max-video-preview:-1\" \/>\n<link rel=\"canonical\" href=\"https:\/\/www.celttv.com.ar\/index.php\/2023\/11\/28\/27-de-noviembre-sesion-extraordinaria-de-entrega-de-diplomas-a-abanderados-y-escoltas-del-distrito-tornquist\/\" \/>\n<meta property=\"og:locale\" content=\"es_ES\" \/>\n<meta property=\"og:type\" content=\"article\" \/>\n<meta property=\"og:title\" content=\"27 DE NOVIEMBRE- SESION EXTRAORDINARIA DE ENTREGA DE DIPLOMAS A ABANDERADOS Y ESCOLTAS\u00a0 DEL DISTRITO- TORNQUIST (VIDEOS) - CELTTV\" \/>\n<meta property=\"og:description\" content=\"Sitio web de noticias de la localidad de Tornquist, provincia de Buenos Aires, Rep\u00fablica Argentina. Contenido propio originado por periodistas de CELTTV, el canal de TV local de la Cooperativa El\u00e9ctrica de Tornquist. Turismo, Pol\u00edtica, Sociedad, Deporte, Cultura y todo el contenido de inter\u00e9s general que la gente del pueblo y la regi\u00f3n debe conocer.\" \/>\n<meta property=\"og:url\" content=\"https:\/\/www.celttv.com.ar\/index.php\/2023\/11\/28\/27-de-noviembre-sesion-extraordinaria-de-entrega-de-diplomas-a-abanderados-y-escoltas-del-distrito-tornquist\/\" \/>\n<meta property=\"og:site_name\" content=\"CELTTV\" \/>\n<meta property=\"article:publisher\" content=\"https:\/\/www.facebook.com\/celtTV\/\" \/>\n<meta property=\"article:published_time\" content=\"2023-11-28T20:37:31+00:00\" \/>\n<meta property=\"article:modified_time\" content=\"2023-11-29T13:58:52+00:00\" \/>\n<meta property=\"og:image\" content=\"https:\/\/www.celttv.com.ar\/wp-content\/uploads\/2023\/11\/WhatsApp-Image-2023-11-27-at-19.56.33-1.jpeg\" \/>\n\t<meta property=\"og:image:width\" content=\"1201\" \/>\n\t<meta property=\"og:image:height\" content=\"1600\" \/>\n\t<meta property=\"og:image:type\" content=\"image\/jpeg\" \/>\n<meta name=\"author\" content=\"Miguel Herrada\" \/>\n<meta name=\"twitter:card\" content=\"summary_large_image\" \/>\n<meta name=\"twitter:label1\" content=\"Escrito por\" \/>\n\t<meta name=\"twitter:data1\" content=\"Miguel Herrada\" \/>\n\t<meta name=\"twitter:label2\" content=\"Tiempo de lectura\" \/>\n\t<meta name=\"twitter:data2\" content=\"11 minutos\" \/>\n<script type=\"application\/ld+json\" class=\"yoast-schema-graph\">{\"@context\":\"https:\/\/schema.org\",\"@graph\":[{\"@type\":\"NewsArticle\",\"@id\":\"https:\/\/www.celttv.com.ar\/index.php\/2023\/11\/28\/27-de-noviembre-sesion-extraordinaria-de-entrega-de-diplomas-a-abanderados-y-escoltas-del-distrito-tornquist\/#article\",\"isPartOf\":{\"@id\":\"https:\/\/www.celttv.com.ar\/index.php\/2023\/11\/28\/27-de-noviembre-sesion-extraordinaria-de-entrega-de-diplomas-a-abanderados-y-escoltas-del-distrito-tornquist\/\"},\"author\":{\"name\":\"Miguel Herrada\",\"@id\":\"https:\/\/www.celttv.com.ar\/#\/schema\/person\/9059dc91dc7204ef4182cdb65225f07d\"},\"headline\":\"27 DE NOVIEMBRE- SESION EXTRAORDINARIA DE ENTREGA DE DIPLOMAS A ABANDERADOS Y ESCOLTAS\u00a0 DEL DISTRITO- TORNQUIST (VIDEOS)\",\"datePublished\":\"2023-11-28T20:37:31+00:00\",\"dateModified\":\"2023-11-29T13:58:52+00:00\",\"mainEntityOfPage\":{\"@id\":\"https:\/\/www.celttv.com.ar\/index.php\/2023\/11\/28\/27-de-noviembre-sesion-extraordinaria-de-entrega-de-diplomas-a-abanderados-y-escoltas-del-distrito-tornquist\/\"},\"wordCount\":2126,\"publisher\":{\"@id\":\"https:\/\/www.celttv.com.ar\/#organization\"},\"articleSection\":[\"Comunidad\",\"Destacadas\",\"Municipales\"],\"inLanguage\":\"es\"},{\"@type\":\"WebPage\",\"@id\":\"https:\/\/www.celttv.com.ar\/index.php\/2023\/11\/28\/27-de-noviembre-sesion-extraordinaria-de-entrega-de-diplomas-a-abanderados-y-escoltas-del-distrito-tornquist\/\",\"url\":\"https:\/\/www.celttv.com.ar\/index.php\/2023\/11\/28\/27-de-noviembre-sesion-extraordinaria-de-entrega-de-diplomas-a-abanderados-y-escoltas-del-distrito-tornquist\/\",\"name\":\"27 DE NOVIEMBRE- SESION EXTRAORDINARIA DE ENTREGA DE DIPLOMAS A ABANDERADOS Y ESCOLTAS\u00a0 DEL DISTRITO- TORNQUIST (VIDEOS) - CELTTV\",\"isPartOf\":{\"@id\":\"https:\/\/www.celttv.com.ar\/#website\"},\"datePublished\":\"2023-11-28T20:37:31+00:00\",\"dateModified\":\"2023-11-29T13:58:52+00:00\",\"description\":\"Sitio web de noticias de la localidad de Tornquist, provincia de Buenos Aires, Rep\u00fablica Argentina. Contenido propio originado por periodistas de CELTTV, el canal de TV local de la Cooperativa El\u00e9ctrica de Tornquist. Turismo, Pol\u00edtica, Sociedad, Deporte, Cultura y todo el contenido de inter\u00e9s general que la gente del pueblo y la regi\u00f3n debe conocer.\",\"breadcrumb\":{\"@id\":\"https:\/\/www.celttv.com.ar\/index.php\/2023\/11\/28\/27-de-noviembre-sesion-extraordinaria-de-entrega-de-diplomas-a-abanderados-y-escoltas-del-distrito-tornquist\/#breadcrumb\"},\"inLanguage\":\"es\",\"potentialAction\":[{\"@type\":\"ReadAction\",\"target\":[\"https:\/\/www.celttv.com.ar\/index.php\/2023\/11\/28\/27-de-noviembre-sesion-extraordinaria-de-entrega-de-diplomas-a-abanderados-y-escoltas-del-distrito-tornquist\/\"]}]},{\"@type\":\"BreadcrumbList\",\"@id\":\"https:\/\/www.celttv.com.ar\/index.php\/2023\/11\/28\/27-de-noviembre-sesion-extraordinaria-de-entrega-de-diplomas-a-abanderados-y-escoltas-del-distrito-tornquist\/#breadcrumb\",\"itemListElement\":[{\"@type\":\"ListItem\",\"position\":1,\"name\":\"Inicio\",\"item\":\"https:\/\/www.celttv.com.ar\/\"},{\"@type\":\"ListItem\",\"position\":2,\"name\":\"27 DE NOVIEMBRE- SESION EXTRAORDINARIA DE ENTREGA DE DIPLOMAS A ABANDERADOS Y ESCOLTAS\u00a0 DEL DISTRITO- TORNQUIST (VIDEOS)\"}]},{\"@type\":\"WebSite\",\"@id\":\"https:\/\/www.celttv.com.ar\/#website\",\"url\":\"https:\/\/www.celttv.com.ar\/\",\"name\":\"CELTTV\",\"description\":\"Cooperativa El\u00e9ctrica de Tornquist\",\"publisher\":{\"@id\":\"https:\/\/www.celttv.com.ar\/#organization\"},\"potentialAction\":[{\"@type\":\"SearchAction\",\"target\":{\"@type\":\"EntryPoint\",\"urlTemplate\":\"https:\/\/www.celttv.com.ar\/?s={search_term_string}\"},\"query-input\":\"required name=search_term_string\"}],\"inLanguage\":\"es\"},{\"@type\":\"Organization\",\"@id\":\"https:\/\/www.celttv.com.ar\/#organization\",\"name\":\"CELTTV\",\"url\":\"https:\/\/www.celttv.com.ar\/\",\"sameAs\":[\"https:\/\/www.youtube.com\/channel\/UCz_oIt8Hig64Ub-EmcNPIhg\",\"https:\/\/www.facebook.com\/celtTV\/\"],\"logo\":{\"@type\":\"ImageObject\",\"inLanguage\":\"es\",\"@id\":\"https:\/\/www.celttv.com.ar\/#\/schema\/logo\/image\/\",\"url\":\"http:\/\/www.celttv.com.ar\/wp-content\/uploads\/2022\/08\/logo-1.png\",\"contentUrl\":\"http:\/\/www.celttv.com.ar\/wp-content\/uploads\/2022\/08\/logo-1.png\",\"width\":461,\"height\":159,\"caption\":\"CELTTV\"},\"image\":{\"@id\":\"https:\/\/www.celttv.com.ar\/#\/schema\/logo\/image\/\"}},{\"@type\":\"Person\",\"@id\":\"https:\/\/www.celttv.com.ar\/#\/schema\/person\/9059dc91dc7204ef4182cdb65225f07d\",\"name\":\"Miguel Herrada\",\"image\":{\"@type\":\"ImageObject\",\"inLanguage\":\"es\",\"@id\":\"https:\/\/www.celttv.com.ar\/#\/schema\/person\/image\/\",\"url\":\"https:\/\/secure.gravatar.com\/avatar\/67724d5b3c716623ffd76bec7e45841a442ac3b456e914dbba90b0fad2b8e0b1?s=96&d=mm&r=g\",\"contentUrl\":\"https:\/\/secure.gravatar.com\/avatar\/67724d5b3c716623ffd76bec7e45841a442ac3b456e914dbba90b0fad2b8e0b1?s=96&d=mm&r=g\",\"caption\":\"Miguel Herrada\"}}]}<\/script>\n<!-- \/ Yoast SEO plugin. -->","yoast_head_json":{"title":"27 DE NOVIEMBRE- SESION EXTRAORDINARIA DE ENTREGA DE DIPLOMAS A ABANDERADOS Y ESCOLTAS\u00a0 DEL DISTRITO- TORNQUIST (VIDEOS) - CELTTV","description":"Sitio web de noticias de la localidad de Tornquist, provincia de Buenos Aires, Rep\u00fablica Argentina. Contenido propio originado por periodistas de CELTTV, el canal de TV local de la Cooperativa El\u00e9ctrica de Tornquist. Turismo, Pol\u00edtica, Sociedad, Deporte, Cultura y todo el contenido de inter\u00e9s general que la gente del pueblo y la regi\u00f3n debe conocer.","robots":{"index":"index","follow":"follow","max-snippet":"max-snippet:-1","max-image-preview":"max-image-preview:large","max-video-preview":"max-video-preview:-1"},"canonical":"https:\/\/www.celttv.com.ar\/index.php\/2023\/11\/28\/27-de-noviembre-sesion-extraordinaria-de-entrega-de-diplomas-a-abanderados-y-escoltas-del-distrito-tornquist\/","og_locale":"es_ES","og_type":"article","og_title":"27 DE NOVIEMBRE- SESION EXTRAORDINARIA DE ENTREGA DE DIPLOMAS A ABANDERADOS Y ESCOLTAS\u00a0 DEL DISTRITO- TORNQUIST (VIDEOS) - CELTTV","og_description":"Sitio web de noticias de la localidad de Tornquist, provincia de Buenos Aires, Rep\u00fablica Argentina. Contenido propio originado por periodistas de CELTTV, el canal de TV local de la Cooperativa El\u00e9ctrica de Tornquist. Turismo, Pol\u00edtica, Sociedad, Deporte, Cultura y todo el contenido de inter\u00e9s general que la gente del pueblo y la regi\u00f3n debe conocer.","og_url":"https:\/\/www.celttv.com.ar\/index.php\/2023\/11\/28\/27-de-noviembre-sesion-extraordinaria-de-entrega-de-diplomas-a-abanderados-y-escoltas-del-distrito-tornquist\/","og_site_name":"CELTTV","article_publisher":"https:\/\/www.facebook.com\/celtTV\/","article_published_time":"2023-11-28T20:37:31+00:00","article_modified_time":"2023-11-29T13:58:52+00:00","og_image":[{"width":1201,"height":1600,"url":"https:\/\/www.celttv.com.ar\/wp-content\/uploads\/2023\/11\/WhatsApp-Image-2023-11-27-at-19.56.33-1.jpeg","type":"image\/jpeg"}],"author":"Miguel Herrada","twitter_card":"summary_large_image","twitter_misc":{"Escrito por":"Miguel Herrada","Tiempo de lectura":"11 minutos"},"schema":{"@context":"https:\/\/schema.org","@graph":[{"@type":"NewsArticle","@id":"https:\/\/www.celttv.com.ar\/index.php\/2023\/11\/28\/27-de-noviembre-sesion-extraordinaria-de-entrega-de-diplomas-a-abanderados-y-escoltas-del-distrito-tornquist\/#article","isPartOf":{"@id":"https:\/\/www.celttv.com.ar\/index.php\/2023\/11\/28\/27-de-noviembre-sesion-extraordinaria-de-entrega-de-diplomas-a-abanderados-y-escoltas-del-distrito-tornquist\/"},"author":{"name":"Miguel Herrada","@id":"https:\/\/www.celttv.com.ar\/#\/schema\/person\/9059dc91dc7204ef4182cdb65225f07d"},"headline":"27 DE NOVIEMBRE- SESION EXTRAORDINARIA DE ENTREGA DE DIPLOMAS A ABANDERADOS Y ESCOLTAS\u00a0 DEL DISTRITO- TORNQUIST (VIDEOS)","datePublished":"2023-11-28T20:37:31+00:00","dateModified":"2023-11-29T13:58:52+00:00","mainEntityOfPage":{"@id":"https:\/\/www.celttv.com.ar\/index.php\/2023\/11\/28\/27-de-noviembre-sesion-extraordinaria-de-entrega-de-diplomas-a-abanderados-y-escoltas-del-distrito-tornquist\/"},"wordCount":2126,"publisher":{"@id":"https:\/\/www.celttv.com.ar\/#organization"},"articleSection":["Comunidad","Destacadas","Municipales"],"inLanguage":"es"},{"@type":"WebPage","@id":"https:\/\/www.celttv.com.ar\/index.php\/2023\/11\/28\/27-de-noviembre-sesion-extraordinaria-de-entrega-de-diplomas-a-abanderados-y-escoltas-del-distrito-tornquist\/","url":"https:\/\/www.celttv.com.ar\/index.php\/2023\/11\/28\/27-de-noviembre-sesion-extraordinaria-de-entrega-de-diplomas-a-abanderados-y-escoltas-del-distrito-tornquist\/","name":"27 DE NOVIEMBRE- SESION EXTRAORDINARIA DE ENTREGA DE DIPLOMAS A ABANDERADOS Y ESCOLTAS\u00a0 DEL DISTRITO- TORNQUIST (VIDEOS) - CELTTV","isPartOf":{"@id":"https:\/\/www.celttv.com.ar\/#website"},"datePublished":"2023-11-28T20:37:31+00:00","dateModified":"2023-11-29T13:58:52+00:00","description":"Sitio web de noticias de la localidad de Tornquist, provincia de Buenos Aires, Rep\u00fablica Argentina. Contenido propio originado por periodistas de CELTTV, el canal de TV local de la Cooperativa El\u00e9ctrica de Tornquist. Turismo, Pol\u00edtica, Sociedad, Deporte, Cultura y todo el contenido de inter\u00e9s general que la gente del pueblo y la regi\u00f3n debe conocer.","breadcrumb":{"@id":"https:\/\/www.celttv.com.ar\/index.php\/2023\/11\/28\/27-de-noviembre-sesion-extraordinaria-de-entrega-de-diplomas-a-abanderados-y-escoltas-del-distrito-tornquist\/#breadcrumb"},"inLanguage":"es","potentialAction":[{"@type":"ReadAction","target":["https:\/\/www.celttv.com.ar\/index.php\/2023\/11\/28\/27-de-noviembre-sesion-extraordinaria-de-entrega-de-diplomas-a-abanderados-y-escoltas-del-distrito-tornquist\/"]}]},{"@type":"BreadcrumbList","@id":"https:\/\/www.celttv.com.ar\/index.php\/2023\/11\/28\/27-de-noviembre-sesion-extraordinaria-de-entrega-de-diplomas-a-abanderados-y-escoltas-del-distrito-tornquist\/#breadcrumb","itemListElement":[{"@type":"ListItem","position":1,"name":"Inicio","item":"https:\/\/www.celttv.com.ar\/"},{"@type":"ListItem","position":2,"name":"27 DE NOVIEMBRE- SESION EXTRAORDINARIA DE ENTREGA DE DIPLOMAS A ABANDERADOS Y ESCOLTAS\u00a0 DEL DISTRITO- TORNQUIST (VIDEOS)"}]},{"@type":"WebSite","@id":"https:\/\/www.celttv.com.ar\/#website","url":"https:\/\/www.celttv.com.ar\/","name":"CELTTV","description":"Cooperativa El\u00e9ctrica de Tornquist","publisher":{"@id":"https:\/\/www.celttv.com.ar\/#organization"},"potentialAction":[{"@type":"SearchAction","target":{"@type":"EntryPoint","urlTemplate":"https:\/\/www.celttv.com.ar\/?s={search_term_string}"},"query-input":"required name=search_term_string"}],"inLanguage":"es"},{"@type":"Organization","@id":"https:\/\/www.celttv.com.ar\/#organization","name":"CELTTV","url":"https:\/\/www.celttv.com.ar\/","sameAs":["https:\/\/www.youtube.com\/channel\/UCz_oIt8Hig64Ub-EmcNPIhg","https:\/\/www.facebook.com\/celtTV\/"],"logo":{"@type":"ImageObject","inLanguage":"es","@id":"https:\/\/www.celttv.com.ar\/#\/schema\/logo\/image\/","url":"http:\/\/www.celttv.com.ar\/wp-content\/uploads\/2022\/08\/logo-1.png","contentUrl":"http:\/\/www.celttv.com.ar\/wp-content\/uploads\/2022\/08\/logo-1.png","width":461,"height":159,"caption":"CELTTV"},"image":{"@id":"https:\/\/www.celttv.com.ar\/#\/schema\/logo\/image\/"}},{"@type":"Person","@id":"https:\/\/www.celttv.com.ar\/#\/schema\/person\/9059dc91dc7204ef4182cdb65225f07d","name":"Miguel Herrada","image":{"@type":"ImageObject","inLanguage":"es","@id":"https:\/\/www.celttv.com.ar\/#\/schema\/person\/image\/","url":"https:\/\/secure.gravatar.com\/avatar\/67724d5b3c716623ffd76bec7e45841a442ac3b456e914dbba90b0fad2b8e0b1?s=96&d=mm&r=g","contentUrl":"https:\/\/secure.gravatar.com\/avatar\/67724d5b3c716623ffd76bec7e45841a442ac3b456e914dbba90b0fad2b8e0b1?s=96&d=mm&r=g","caption":"Miguel Herrada"}}]}},"_links":{"self":[{"href":"https:\/\/www.celttv.com.ar\/index.php\/wp-json\/wp\/v2\/posts\/80594","targetHints":{"allow":["GET"]}}],"collection":[{"href":"https:\/\/www.celttv.com.ar\/index.php\/wp-json\/wp\/v2\/posts"}],"about":[{"href":"https:\/\/www.celttv.com.ar\/index.php\/wp-json\/wp\/v2\/types\/post"}],"author":[{"embeddable":true,"href":"https:\/\/www.celttv.com.ar\/index.php\/wp-json\/wp\/v2\/users\/5"}],"replies":[{"embeddable":true,"href":"https:\/\/www.celttv.com.ar\/index.php\/wp-json\/wp\/v2\/comments?post=80594"}],"version-history":[{"count":3,"href":"https:\/\/www.celttv.com.ar\/index.php\/wp-json\/wp\/v2\/posts\/80594\/revisions"}],"predecessor-version":[{"id":80604,"href":"https:\/\/www.celttv.com.ar\/index.php\/wp-json\/wp\/v2\/posts\/80594\/revisions\/80604"}],"wp:featuredmedia":[{"embeddable":true,"href":"https:\/\/www.celttv.com.ar\/index.php\/wp-json\/wp\/v2\/media\/80597"}],"wp:attachment":[{"href":"https:\/\/www.celttv.com.ar\/index.php\/wp-json\/wp\/v2\/media?parent=80594"}],"wp:term":[{"taxonomy":"category","embeddable":true,"href":"https:\/\/www.celttv.com.ar\/index.php\/wp-json\/wp\/v2\/categories?post=80594"},{"taxonomy":"post_tag","embeddable":true,"href":"https:\/\/www.celttv.com.ar\/index.php\/wp-json\/wp\/v2\/tags?post=80594"}],"curies":[{"name":"wp","href":"https:\/\/api.w.org\/{rel}","templated":true}]}}