{"id":80614,"date":"2023-11-29T12:10:55","date_gmt":"2023-11-29T15:10:55","guid":{"rendered":"http:\/\/www.celttv.com.ar\/?p=80614"},"modified":"2023-11-29T12:10:55","modified_gmt":"2023-11-29T15:10:55","slug":"28-de-noviembre-sesion-extraordinaria-de-entrega-de-diplomas-a-abanderados-y-escoltas-del-distrito-saldungaray","status":"publish","type":"post","link":"https:\/\/www.celttv.com.ar\/index.php\/2023\/11\/29\/28-de-noviembre-sesion-extraordinaria-de-entrega-de-diplomas-a-abanderados-y-escoltas-del-distrito-saldungaray\/","title":{"rendered":"28 DE NOVIEMBRE- SESION EXTRAORDINARIA DE ENTREGA DE DIPLOMAS A ABANDERADOS Y ESCOLTAS  DEL DISTRITO- SALDUNGARAY"},"content":{"rendered":"<p align=\"JUSTIFY\"><span style=\"font-family: Arial, sans-serif;\"><span style=\"font-size: medium;\"><span lang=\"es-AR\">El lunes 28 de noviembre a partir de las 19 hs. se realiz\u00f3 la segunda Sesi\u00f3n Extraordinaria de entrega de Diplomas a Abanderados y Escoltas de algunas de las Escuelas del Distrito de Tornquist, convocadas por el Decreto N\u00ba 15\/23 del Honorable Concejo Deliberante, seg\u00fan la Resoluci\u00f3n N\u00ba 32\/23, en la Escuela N\u00ba 2 de Saldungaray. <\/span><\/span><\/span><\/p>\n<p lang=\"es-AR\" align=\"JUSTIFY\"><span style=\"font-family: Arial, sans-serif;\"><span style=\"font-size: medium;\">Se hicieron presentes en esta oportunidad autoridades educativas, municipales, docentes de las instituciones educativas, familiares y amigos de los agasajados.<\/span><\/span><\/p>\n<p lang=\"es-AR\" align=\"JUSTIFY\"><span style=\"font-family: Arial, sans-serif;\"><span style=\"font-size: medium;\">Recibieron su distinci\u00f3n:<\/span><\/span><\/p>\n<p lang=\"es-AR\" align=\"JUSTIFY\"><span style=\"font-family: Arial, sans-serif;\"><span style=\"font-size: medium;\"><u><b>ABANDERADOS Y ESCOLTAS 2023:<\/b><\/u><\/span><\/span><\/p>\n<p align=\"JUSTIFY\"><span style=\"font-family: Arial, sans-serif;\"><span style=\"font-size: medium;\"><span lang=\"es-AR\"><u><b>ESCUELA N\u00ba 2 \u2013 SALDUNGARAY<\/b><\/u><\/span><\/span><\/span><b> <\/b><\/p>\n<p align=\"JUSTIFY\"><span style=\"font-family: Arial, sans-serif;\"><span style=\"font-size: medium;\"><span lang=\"es-AR\"><u><b>BANDERA NACIONAL:<\/b><\/u><\/span><\/span><\/span><b> <\/b><\/p>\n<p align=\"JUSTIFY\"><span style=\"font-family: Arial, sans-serif;\"><span style=\"font-size: medium;\"><span lang=\"es-AR\"><u><b>ABANDERADA:<\/b><\/u><\/span><\/span><\/span><span style=\"font-family: Arial, sans-serif;\"><span style=\"font-size: medium;\"><span lang=\"es-AR\"> Alchao Luna <\/span><\/span><\/span><\/p>\n<p align=\"JUSTIFY\"><span style=\"font-family: Arial, sans-serif;\"><span style=\"font-size: medium;\"><span lang=\"es-AR\"><u><b>1\u00ba ESCOLTA:<\/b><\/u><\/span><\/span><\/span><span style=\"font-family: Arial, sans-serif;\"><span style=\"font-size: medium;\"><span lang=\"es-AR\"> Lioi Alejo<\/span><\/span><\/span><\/p>\n<p align=\"JUSTIFY\"><span style=\"font-family: Arial, sans-serif;\"><span style=\"font-size: medium;\"><span lang=\"es-AR\"><u><b>2\u00ba ESCOLTA:<\/b><\/u><\/span><\/span><\/span><span style=\"font-family: Arial, sans-serif;\"><span style=\"font-size: medium;\"><span lang=\"es-AR\"> Romero Dylan<\/span><\/span><\/span><u><b> <\/b><\/u><\/p>\n<p align=\"JUSTIFY\"><span style=\"font-family: Arial, sans-serif;\"><span style=\"font-size: medium;\"><span lang=\"es-AR\"><u><b>BANDERA BONAERENSE:<\/b><\/u><\/span><\/span><\/span><b> <\/b><\/p>\n<p align=\"JUSTIFY\"><span style=\"font-family: Arial, sans-serif;\"><span style=\"font-size: medium;\"><span lang=\"es-AR\"><u><b>ABANDERADO:<\/b><\/u><\/span><\/span><\/span><span style=\"font-family: Arial, sans-serif;\"><span style=\"font-size: medium;\"><span lang=\"es-AR\"> Salgado Ezequiel <\/span><\/span><\/span><\/p>\n<p align=\"JUSTIFY\"><span style=\"font-family: Arial, sans-serif;\"><span style=\"font-size: medium;\"><span lang=\"es-AR\"><u><b>1\u00ba ESCOLTA:<\/b><\/u><\/span><\/span><\/span><span style=\"font-family: Arial, sans-serif;\"><span style=\"font-size: medium;\"><span lang=\"es-AR\"> Descalzo Nicole <\/span><\/span><\/span><\/p>\n<p align=\"JUSTIFY\"><span style=\"font-family: Arial, sans-serif;\"><span style=\"font-size: medium;\"><span lang=\"es-AR\"><u><b>2\u00ba ESCOLTA:<\/b><\/u><\/span><\/span><\/span><span style=\"font-family: Arial, sans-serif;\"><span style=\"font-size: medium;\"><span lang=\"es-AR\"> Railaf Luna <\/span><\/span><\/span><\/p>\n<p align=\"JUSTIFY\"><span style=\"font-family: Arial, sans-serif;\"><span style=\"font-size: medium;\"><span lang=\"es-AR\"><u><b>ESCUELA N\u00ba 6 (SIERRA DE LA VENTANA)<\/b><\/u><\/span><\/span><\/span><\/p>\n<p align=\"JUSTIFY\"><span style=\"font-family: Arial, sans-serif;\"><span style=\"font-size: medium;\"><span lang=\"es-AR\"><u><b>BANDERA NACIONAL:<\/b><\/u><\/span><\/span><\/span><b> <\/b><\/p>\n<p align=\"JUSTIFY\"><span style=\"font-family: Arial, sans-serif;\"><span style=\"font-size: medium;\"><span lang=\"es-AR\"><u><b>ABANDERADA:<\/b><\/u><\/span><\/span><\/span><\/p>\n<p align=\"JUSTIFY\"><span style=\"font-family: Arial, sans-serif;\"><span style=\"font-size: medium;\"><span lang=\"es-AR\">Detzal Ana Clara <\/span><\/span><\/span><\/p>\n<p align=\"JUSTIFY\"><span style=\"font-family: Arial, sans-serif;\"><span style=\"font-size: medium;\"><span lang=\"es-AR\"><u><b>1\u00ba ESCOLTA:<\/b><\/u><\/span><\/span><\/span><span style=\"font-family: Arial, sans-serif;\"><span style=\"font-size: medium;\"><span lang=\"es-AR\"> Schonfelt Wendy <\/span><\/span><\/span><\/p>\n<p align=\"JUSTIFY\"><span style=\"font-family: Arial, sans-serif;\"><span style=\"font-size: medium;\"><span lang=\"es-AR\"><u><b>2\u00ba ESCOLTA:<\/b><\/u><\/span><\/span><\/span><span style=\"font-family: Arial, sans-serif;\"><span style=\"font-size: medium;\"><span lang=\"es-AR\"> Valdivia Muriel<\/span><\/span><\/span><b> <\/b><\/p>\n<p align=\"JUSTIFY\"><span style=\"font-family: Arial, sans-serif;\"><span style=\"font-size: medium;\"><span lang=\"es-AR\"><u><b>BANDERA BONAERENSE:<\/b><\/u><\/span><\/span><\/span><b> <\/b><\/p>\n<p align=\"JUSTIFY\"><span style=\"font-family: Arial, sans-serif;\"><span style=\"font-size: medium;\"><span lang=\"es-AR\"><u><b>ABANDERADA:<\/b><\/u><\/span><\/span><\/span><span style=\"font-family: Arial, sans-serif;\"><span style=\"font-size: medium;\"><span lang=\"es-AR\"> D\u00edaz Daiana <\/span><\/span><\/span><\/p>\n<p align=\"JUSTIFY\"><span style=\"font-family: Arial, sans-serif;\"><span style=\"font-size: medium;\"><span lang=\"es-AR\"><u><b>1\u00ba ESCOLTA:<\/b><\/u><\/span><\/span><\/span><span style=\"font-family: Arial, sans-serif;\"><span style=\"font-size: medium;\"><span lang=\"es-AR\"> Fern\u00e1ndez Esmeralda <\/span><\/span><\/span><\/p>\n<p align=\"JUSTIFY\"><span style=\"font-family: Arial, sans-serif;\"><span style=\"font-size: medium;\"><span lang=\"es-AR\"><u><b>2\u00ba ESCOLTA:<\/b><\/u><\/span><\/span><\/span><span style=\"font-family: Arial, sans-serif;\"><span style=\"font-size: medium;\"><span lang=\"es-AR\"> Morales Milagros <\/span><\/span><\/span><\/p>\n<p lang=\"es-AR\" align=\"JUSTIFY\"><span style=\"font-family: Arial, sans-serif;\"><span style=\"font-size: medium;\"><u><b>INSTITUTO FORT\u00cdN PAV\u00d3N PRIMARIA (SALDUNGARAY)<\/b><\/u><\/span><\/span><\/p>\n<p align=\"JUSTIFY\"><span style=\"font-family: Arial, sans-serif;\"><span style=\"font-size: medium;\"><span lang=\"es-AR\"><u><b>BANDERA NACIONAL:<\/b><\/u><\/span><\/span><\/span><b> <\/b><\/p>\n<p align=\"JUSTIFY\"><span style=\"font-family: Arial, sans-serif;\"><span style=\"font-size: medium;\"><span lang=\"es-AR\"><u><b>ABANDERADO:<\/b><\/u><\/span><\/span><\/span><span style=\"font-family: Arial, sans-serif;\"><span style=\"font-size: medium;\"><span lang=\"es-AR\"> Becq Valentino <\/span><\/span><\/span><\/p>\n<p align=\"JUSTIFY\"><span style=\"font-family: Arial, sans-serif;\"><span style=\"font-size: medium;\"><span lang=\"es-AR\"><u><b>1\u00ba ESCOLTA:<\/b><\/u><\/span><\/span><\/span><span style=\"font-family: Arial, sans-serif;\"><span style=\"font-size: medium;\"><span lang=\"es-AR\"> Marrafini M\u00e1rquez Angelina <\/span><\/span><\/span><\/p>\n<p align=\"JUSTIFY\"><span style=\"font-family: Arial, sans-serif;\"><span style=\"font-size: medium;\"><span lang=\"es-AR\"><u><b>2\u00ba ESCOLTA:<\/b><\/u><\/span><\/span><\/span><span style=\"font-family: Arial, sans-serif;\"><span style=\"font-size: medium;\"><span lang=\"es-AR\"> Buscaglia Jazm\u00edn<\/span><\/span><\/span><u><b> <\/b><\/u><\/p>\n<p align=\"JUSTIFY\"><span style=\"font-family: Arial, sans-serif;\"><span style=\"font-size: medium;\"><span lang=\"es-AR\"><u><b>BANDERA BONAERENSE:<\/b><\/u><\/span><\/span><\/span><b> <\/b><\/p>\n<p align=\"JUSTIFY\"><span style=\"font-family: Arial, sans-serif;\"><span style=\"font-size: medium;\"><span lang=\"es-AR\"><u><b>ABANDERADO:<\/b><\/u><\/span><\/span><\/span><span style=\"font-family: Arial, sans-serif;\"><span style=\"font-size: medium;\"><span lang=\"es-AR\"> Franco Tom\u00e1s <\/span><\/span><\/span><\/p>\n<p align=\"JUSTIFY\"><span style=\"font-family: Arial, sans-serif;\"><span style=\"font-size: medium;\"><span lang=\"es-AR\"><u><b>1\u00ba ESCOLTA:<\/b><\/u><\/span><\/span><\/span><span style=\"font-family: Arial, sans-serif;\"><span style=\"font-size: medium;\"><span lang=\"es-AR\"> Mar\u00edn Llado Bautista <\/span><\/span><\/span><\/p>\n<p align=\"JUSTIFY\"><span style=\"font-family: Arial, sans-serif;\"><span style=\"font-size: medium;\"><span lang=\"es-AR\"><u><b>2\u00ba ESCOLTA:<\/b><\/u><\/span><\/span><\/span><span style=\"font-family: Arial, sans-serif;\"><span style=\"font-size: medium;\"><span lang=\"es-AR\"> Vanzillotta Suldais Sof\u00eda <\/span><\/span><\/span><\/p>\n<p lang=\"es-AR\" align=\"JUSTIFY\"><span style=\"font-family: Arial, sans-serif;\"><span style=\"font-size: medium;\"><u><b>ESCUELA DE EDUCACI\u00d3N ESPECIAL N\u00ba 502 \u2013 SALDUNGARAY<\/b><\/u><\/span><\/span><\/p>\n<p align=\"JUSTIFY\"><span style=\"font-family: Arial, sans-serif;\"><span style=\"font-size: medium;\"><span lang=\"es-AR\"><u><b>BANDERA<\/b><\/u><\/span><\/span><\/span><b> <\/b><span style=\"font-family: Arial, sans-serif;\"><span style=\"font-size: medium;\"><span lang=\"es-AR\"><u><b>NACIONAL:<\/b><\/u><\/span><\/span><\/span><b> <\/b><\/p>\n<p align=\"JUSTIFY\"><span style=\"font-family: Arial, sans-serif;\"><span style=\"font-size: medium;\"><span lang=\"es-AR\"><u><b>ABANDERADO:<\/b><\/u><\/span><\/span><\/span><span style=\"font-family: Arial, sans-serif;\"><span style=\"font-size: medium;\"><span lang=\"es-AR\"> Arismendi Rodrigo Alejandro <\/span><\/span><\/span><\/p>\n<p align=\"JUSTIFY\"><span style=\"font-family: Arial, sans-serif;\"><span style=\"font-size: medium;\"><span lang=\"es-AR\"><u><b>1\u00ba ESCOLTA:<\/b><\/u><\/span><\/span><\/span><span style=\"font-family: Arial, sans-serif;\"><span style=\"font-size: medium;\"><span lang=\"es-AR\"> Mazzieri Bruno Maximiliano<\/span><\/span><\/span><\/p>\n<p align=\"JUSTIFY\"><span style=\"font-family: Arial, sans-serif;\"><span style=\"font-size: medium;\"><span lang=\"es-AR\"><u><b>2\u00ba ESCOLTA:<\/b><\/u><\/span><\/span><\/span><span style=\"font-family: Arial, sans-serif;\"><span style=\"font-size: medium;\"><span lang=\"es-AR\"> Arismendi Tatiana Roc\u00edo Bel\u00e9n <\/span><\/span><\/span><\/p>\n<p align=\"JUSTIFY\"><span style=\"font-family: Arial, sans-serif;\"><span style=\"font-size: medium;\"><span lang=\"es-AR\"><u><b>BANDERA BONAERENSE:<\/b><\/u><\/span><\/span><\/span><b> <\/b><\/p>\n<p align=\"JUSTIFY\"><span style=\"font-family: Arial, sans-serif;\"><span style=\"font-size: medium;\"><span lang=\"es-AR\"><u><b>ABANDERADA:<\/b><\/u><\/span><\/span><\/span><span style=\"font-family: Arial, sans-serif;\"><span style=\"font-size: medium;\"><span lang=\"es-AR\"> Sandoval Dalila Aylen <\/span><\/span><\/span><\/p>\n<p align=\"JUSTIFY\"><span style=\"font-family: Arial, sans-serif;\"><span style=\"font-size: medium;\"><span lang=\"es-AR\"><u><b>1\u00ba ESCOLTA:<\/b><\/u><\/span><\/span><\/span><span style=\"font-family: Arial, sans-serif;\"><span style=\"font-size: medium;\"><span lang=\"es-AR\"> Bonifacini Ariel Eitan <\/span><\/span><\/span><\/p>\n<p align=\"JUSTIFY\"><span style=\"font-family: Arial, sans-serif;\"><span style=\"font-size: medium;\"><span lang=\"es-AR\"><u><b>2\u00ba ESCOLTA:<\/b><\/u><\/span><\/span><\/span><span style=\"font-family: Arial, sans-serif;\"><span style=\"font-size: medium;\"><span lang=\"es-AR\"> Davis Kiara<\/span><\/span><\/span><\/p>\n<p align=\"JUSTIFY\"><span style=\"font-family: Arial, sans-serif;\"><span style=\"font-size: medium;\"><span lang=\"es-AR\"><u><b>ESCUELA DE EDUCACI\u00d3N SECUNDARIA N\u00ba 2 \u2013 SIERRA DE LA VENTANA<\/b><\/u><\/span><\/span><\/span><b> <\/b><\/p>\n<p align=\"JUSTIFY\"><span style=\"font-family: Arial, sans-serif;\"><span style=\"font-size: medium;\"><span lang=\"es-AR\"><u><b>BANDERA NACIONAL:<\/b><\/u><\/span><\/span><\/span><b> <\/b><\/p>\n<p align=\"JUSTIFY\"><span style=\"font-family: Arial, sans-serif;\"><span style=\"font-size: medium;\"><span lang=\"es-AR\"><u><b>ABANDERADA:<\/b><\/u><\/span><\/span><\/span><span style=\"font-family: Arial, sans-serif;\"><span style=\"font-size: medium;\"><span lang=\"es-AR\"> Schwerdt Cleary Tomasa<\/span><\/span><\/span><\/p>\n<p align=\"JUSTIFY\"><span style=\"font-family: Arial, sans-serif;\"><span style=\"font-size: medium;\"><span lang=\"es-AR\"><u><b>1\u00ba ESCOLTA:<\/b><\/u><\/span><\/span><\/span><span style=\"font-family: Arial, sans-serif;\"><span style=\"font-size: medium;\"><span lang=\"es-AR\"> Andes Tiago Germ\u00e1n <\/span><\/span><\/span><\/p>\n<p align=\"JUSTIFY\"><span style=\"font-family: Arial, sans-serif;\"><span style=\"font-size: medium;\"><span lang=\"es-AR\"><u><b>2\u00ba ESCOLTA:<\/b><\/u><\/span><\/span><\/span><span style=\"font-family: Arial, sans-serif;\"><span style=\"font-size: medium;\"><span lang=\"es-AR\"> Cueto Martina Liliana <\/span><\/span><\/span><\/p>\n<p align=\"JUSTIFY\"><span style=\"font-family: Arial, sans-serif;\"><span style=\"font-size: medium;\"><span lang=\"es-AR\"><u><b>BANDERA BONAERENSE:<\/b><\/u><\/span><\/span><\/span><b> <\/b><\/p>\n<p align=\"JUSTIFY\"><span style=\"font-family: Arial, sans-serif;\"><span style=\"font-size: medium;\"><span lang=\"es-AR\"><u><b>ABANDERADO:<\/b><\/u><\/span><\/span><\/span><span style=\"font-family: Arial, sans-serif;\"><span style=\"font-size: medium;\"><span lang=\"es-AR\"> Schumacher Artola Lautaro <\/span><\/span><\/span><\/p>\n<p align=\"JUSTIFY\"><span style=\"font-family: Arial, sans-serif;\"><span style=\"font-size: medium;\"><span lang=\"es-AR\"><u><b>1\u00ba ESCOLTA:<\/b><\/u><\/span><\/span><\/span><span style=\"font-family: Arial, sans-serif;\"><span style=\"font-size: medium;\"><span lang=\"es-AR\"> Kuhn Priscila <\/span><\/span><\/span><\/p>\n<p align=\"JUSTIFY\"><span style=\"font-family: Arial, sans-serif;\"><span style=\"font-size: medium;\"><span lang=\"es-AR\"><u><b>2\u00ba ESCOLTA:<\/b><\/u><\/span><\/span><\/span><span style=\"font-family: Arial, sans-serif;\"><span style=\"font-size: medium;\"><span lang=\"es-AR\"> Su\u00e1rez Valentino Le\u00f3n<\/span><\/span><\/span><\/p>\n<p lang=\"es-AR\" align=\"JUSTIFY\"><span style=\"font-family: Arial, sans-serif;\"><span style=\"font-size: medium;\"><u><b>ESCUELA DE EDUCACI\u00d3N SECUNDARIA N\u00ba 4 (SALDUNGARAY)<\/b><\/u><\/span><\/span><\/p>\n<p align=\"JUSTIFY\"><span style=\"font-family: Arial, sans-serif;\"><span style=\"font-size: medium;\"><span lang=\"es-AR\"><u><b>BANDERA<\/b><\/u><\/span><\/span><\/span><b> <\/b><span style=\"font-family: Arial, sans-serif;\"><span style=\"font-size: medium;\"><span lang=\"es-AR\"><u><b>NACIONAL:<\/b><\/u><\/span><\/span><\/span><b> <\/b><\/p>\n<p align=\"JUSTIFY\"><span style=\"font-family: Arial, sans-serif;\"><span style=\"font-size: medium;\"><span lang=\"es-AR\"><u><b>ABANDERADA:<\/b><\/u><\/span><\/span><\/span><b> <\/b><span style=\"font-family: Arial, sans-serif;\"><span style=\"font-size: medium;\"><span lang=\"es-AR\">Heinrich Valentina<\/span><\/span><\/span><\/p>\n<p align=\"JUSTIFY\"><span style=\"font-family: Arial, sans-serif;\"><span style=\"font-size: medium;\"><span lang=\"es-AR\"><u><b>1\u00ba ESCOLTA:<\/b><\/u><\/span><\/span><\/span><span style=\"font-family: Arial, sans-serif;\"><span style=\"font-size: medium;\"><span lang=\"es-AR\"> Ferrarini Gonzalo <\/span><\/span><\/span><\/p>\n<p align=\"JUSTIFY\"><span style=\"font-family: Arial, sans-serif;\"><span style=\"font-size: medium;\"><span lang=\"es-AR\"><u><b>2\u00ba ESCOLTA:<\/b><\/u><\/span><\/span><\/span><span style=\"font-family: Arial, sans-serif;\"><span style=\"font-size: medium;\"><span lang=\"es-AR\"> Leguizam\u00f3n Luisana<\/span><\/span><\/span><b> <\/b><\/p>\n<p align=\"JUSTIFY\"><span style=\"font-family: Arial, sans-serif;\"><span style=\"font-size: medium;\"><span lang=\"es-AR\"><u><b>BANDERA BONAERENSE:<\/b><\/u><\/span><\/span><\/span><b> <\/b><\/p>\n<p align=\"JUSTIFY\"><span style=\"font-family: Arial, sans-serif;\"><span style=\"font-size: medium;\"><span lang=\"es-AR\"><u><b>ABANDERADO:<\/b><\/u><\/span><\/span><\/span><span style=\"font-family: Arial, sans-serif;\"><span style=\"font-size: medium;\"><span lang=\"es-AR\"> Esmoli Mauricio <\/span><\/span><\/span><\/p>\n<p align=\"JUSTIFY\"><span style=\"font-family: Arial, sans-serif;\"><span style=\"font-size: medium;\"><span lang=\"es-AR\"><u><b>1\u00ba ESCOLTA:<\/b><\/u><\/span><\/span><\/span><span style=\"font-family: Arial, sans-serif;\"><span style=\"font-size: medium;\"><span lang=\"es-AR\"> Plaza Liz <\/span><\/span><\/span><\/p>\n<p align=\"JUSTIFY\"><span style=\"font-family: Arial, sans-serif;\"><span style=\"font-size: medium;\"><span lang=\"es-AR\"><u><b>2\u00ba ESCOLTA:<\/b><\/u><\/span><\/span><\/span><span style=\"font-family: Arial, sans-serif;\"><span style=\"font-size: medium;\"><span lang=\"es-AR\"> Arias Miqueas <\/span><\/span><\/span><\/p>\n<p lang=\"es-AR\" align=\"JUSTIFY\"><span style=\"font-family: Arial, sans-serif;\"><span style=\"font-size: medium;\"><u><b>ESCUELA DE EDUCACI\u00d3N SECUNDARIA N\u00ba 5 (VILLA VENTANA) <\/b><\/u><\/span><\/span><\/p>\n<p align=\"JUSTIFY\"><span style=\"font-family: Arial, sans-serif;\"><span style=\"font-size: medium;\"><span lang=\"es-AR\"><u><b>BANDERA NACIONAL:<\/b><\/u><\/span><\/span><\/span><b> <\/b><\/p>\n<p align=\"JUSTIFY\"><span style=\"font-family: Arial, sans-serif;\"><span style=\"font-size: medium;\"><span lang=\"es-AR\"><u><b>ABANDERADA:<\/b><\/u><\/span><\/span><\/span><span style=\"font-family: Arial, sans-serif;\"><span style=\"font-size: medium;\"><span lang=\"es-AR\"> Morales Oriana <\/span><\/span><\/span><\/p>\n<p align=\"JUSTIFY\"><span style=\"font-family: Arial, sans-serif;\"><span style=\"font-size: medium;\"><span lang=\"es-AR\"><u><b>1\u00ba ESCOLTA:<\/b><\/u><\/span><\/span><\/span><span style=\"font-family: Arial, sans-serif;\"><span style=\"font-size: medium;\"><span lang=\"es-AR\"> Bravo Alanis <\/span><\/span><\/span><\/p>\n<p align=\"JUSTIFY\"><span style=\"font-family: Arial, sans-serif;\"><span style=\"font-size: medium;\"><span lang=\"es-AR\"><u><b>2\u00ba ESCOLTA:<\/b><\/u><\/span><\/span><\/span><span style=\"font-family: Arial, sans-serif;\"><span style=\"font-size: medium;\"><span lang=\"es-AR\"> Orrego Valentina<\/span><\/span><\/span><u><b> <\/b><\/u><\/p>\n<p align=\"JUSTIFY\"><span style=\"font-family: Arial, sans-serif;\"><span style=\"font-size: medium;\"><span lang=\"es-AR\"><u><b>BANDERA BONAERENSE:<\/b><\/u><\/span><\/span><\/span><b> <\/b><\/p>\n<p align=\"JUSTIFY\"><span style=\"font-family: Arial, sans-serif;\"><span style=\"font-size: medium;\"><span lang=\"es-AR\"><u><b>ABANDERADO:<\/b><\/u><\/span><\/span><\/span><span style=\"font-family: Arial, sans-serif;\"><span style=\"font-size: medium;\"><span lang=\"es-AR\"> Coppolocchia Amadeo <\/span><\/span><\/span><\/p>\n<p align=\"JUSTIFY\"><span style=\"font-family: Arial, sans-serif;\"><span style=\"font-size: medium;\"><span lang=\"es-AR\"><u><b>1\u00ba ESCOLTA:<\/b><\/u><\/span><\/span><\/span><span style=\"font-family: Arial, sans-serif;\"><span style=\"font-size: medium;\"><span lang=\"es-AR\"> Coronil Leila <\/span><\/span><\/span><\/p>\n<p align=\"JUSTIFY\"><span style=\"font-family: Arial, sans-serif;\"><span style=\"font-size: medium;\"><span lang=\"es-AR\"><u><b>2\u00ba ESCOLTA:<\/b><\/u><\/span><\/span><\/span><span style=\"font-family: Arial, sans-serif;\"><span style=\"font-size: medium;\"><span lang=\"es-AR\"> Rodr\u00edguez Martina<\/span><\/span><\/span><\/p>\n<p align=\"JUSTIFY\"><span style=\"font-family: Arial, sans-serif;\"><span style=\"font-size: medium;\"><span lang=\"es-AR\"><u><b>C.E.P.T. N\u00ba 12 \u2013 VILLA VENTANA <\/b><\/u><\/span><\/span><\/span><\/p>\n<p align=\"JUSTIFY\"><span style=\"font-family: Arial, sans-serif;\"><span style=\"font-size: medium;\"><span lang=\"es-AR\"><u><b>BANDERA NACIONAL:<\/b><\/u><\/span><\/span><\/span><b> <\/b><\/p>\n<p align=\"JUSTIFY\"><span style=\"font-family: Arial, sans-serif;\"><span style=\"font-size: medium;\"><span lang=\"es-AR\"><u><b>ABANDERADA:<\/b><\/u><\/span><\/span><\/span><span style=\"font-family: Arial, sans-serif;\"><span style=\"font-size: medium;\"><span lang=\"es-AR\"> Ort\u00edz Julieta <\/span><\/span><\/span><\/p>\n<p align=\"JUSTIFY\"><span style=\"font-family: Arial, sans-serif;\"><span style=\"font-size: medium;\"><span lang=\"es-AR\"><u><b>1\u00ba ESCOLTA:<\/b><\/u><\/span><\/span><\/span><span style=\"font-family: Arial, sans-serif;\"><span style=\"font-size: medium;\"><span lang=\"es-AR\"> Kees Milagros <\/span><\/span><\/span><\/p>\n<p align=\"JUSTIFY\"><span style=\"font-family: Arial, sans-serif;\"><span style=\"font-size: medium;\"><span lang=\"es-AR\"><u><b>2\u00ba ESCOLTA:<\/b><\/u><\/span><\/span><\/span><span style=\"font-family: Arial, sans-serif;\"><span style=\"font-size: medium;\"><span lang=\"es-AR\"> Parotti Iara<\/span><\/span><\/span><u> <\/u><\/p>\n<p align=\"JUSTIFY\"><span style=\"font-family: Arial, sans-serif;\"><span style=\"font-size: medium;\"><span lang=\"es-AR\"><u><b>BANDERA BONAERENSE:<\/b><\/u><\/span><\/span><\/span><b> <\/b><\/p>\n<p align=\"JUSTIFY\"><span style=\"font-family: Arial, sans-serif;\"><span style=\"font-size: medium;\"><span lang=\"es-AR\"><u><b>ABANDERADO:<\/b><\/u><\/span><\/span><\/span><span style=\"font-family: Arial, sans-serif;\"><span style=\"font-size: medium;\"><span lang=\"es-AR\"> Coronel Genaro <\/span><\/span><\/span><\/p>\n<p align=\"JUSTIFY\"><span style=\"font-family: Arial, sans-serif;\"><span style=\"font-size: medium;\"><span lang=\"es-AR\"><u><b>1\u00ba ESCOLTA:<\/b><\/u><\/span><\/span><\/span><span style=\"font-family: Arial, sans-serif;\"><span style=\"font-size: medium;\"><span lang=\"es-AR\"> Di Meglio Santiago <\/span><\/span><\/span><\/p>\n<p align=\"JUSTIFY\"><span style=\"font-family: Arial, sans-serif;\"><span style=\"font-size: medium;\"><span lang=\"es-AR\"><u><b>2\u00ba ESCOLTA:<\/b><\/u><\/span><\/span><\/span><span style=\"font-family: Arial, sans-serif;\"><span style=\"font-size: medium;\"><span lang=\"es-AR\"> Lagos Marcos<\/span><\/span><\/span><\/p>\n<p lang=\"es-AR\" align=\"JUSTIFY\"><span style=\"font-family: Arial, sans-serif;\"><span style=\"font-size: medium;\"><u><b>INSTITUTO FORT\u00cdN PAV\u00d3N SECUNDARIA (SALDUNGARAY)<\/b><\/u><\/span><\/span><\/p>\n<p align=\"JUSTIFY\"><span style=\"font-family: Arial, sans-serif;\"><span style=\"font-size: medium;\"><span lang=\"es-AR\"><u><b>BANDERA<\/b><\/u><\/span><\/span><\/span><b> <\/b><span style=\"font-family: Arial, sans-serif;\"><span style=\"font-size: medium;\"><span lang=\"es-AR\"><u><b>NACIONAL:<\/b><\/u><\/span><\/span><\/span><b> <\/b><\/p>\n<p align=\"JUSTIFY\"><span style=\"font-family: Arial, sans-serif;\"><span style=\"font-size: medium;\"><span lang=\"es-AR\"><u><b>ABANDERADO:<\/b><\/u><\/span><\/span><\/span><span style=\"font-family: Arial, sans-serif;\"><span style=\"font-size: medium;\"><span lang=\"es-AR\"> Dana Gonz\u00e1lez Bautista <\/span><\/span><\/span><\/p>\n<p align=\"JUSTIFY\"><span style=\"font-family: Arial, sans-serif;\"><span style=\"font-size: medium;\"><span lang=\"es-AR\"><u><b>1\u00ba ESCOLTA:<\/b><\/u><\/span><\/span><\/span><span style=\"font-family: Arial, sans-serif;\"><span style=\"font-size: medium;\"><span lang=\"es-AR\"> Trujillo Iglesias Martina <\/span><\/span><\/span><\/p>\n<p align=\"JUSTIFY\"><span style=\"font-family: Arial, sans-serif;\"><span style=\"font-size: medium;\"><span lang=\"es-AR\">Belate Morena (Suplente) <\/span><\/span><\/span><\/p>\n<p align=\"JUSTIFY\"><span style=\"font-family: Arial, sans-serif;\"><span style=\"font-size: medium;\"><span lang=\"es-AR\"><u><b>2\u00ba ESCOLTA:<\/b><\/u><\/span><\/span><\/span><span style=\"font-family: Arial, sans-serif;\"><span style=\"font-size: medium;\"><span lang=\"es-AR\"> Medrano Benjam\u00edn<\/span><\/span><\/span><b> <\/b><\/p>\n<p align=\"JUSTIFY\"><span style=\"font-family: Arial, sans-serif;\"><span style=\"font-size: medium;\"><span lang=\"es-AR\"><u><b>BONAERENSE:<\/b><\/u><\/span><\/span><\/span><b> <\/b><\/p>\n<p align=\"JUSTIFY\"><span style=\"font-family: Arial, sans-serif;\"><span style=\"font-size: medium;\"><span lang=\"es-AR\"><u><b>ABANDERADO:<\/b><\/u><\/span><\/span><\/span><span style=\"font-family: Arial, sans-serif;\"><span style=\"font-size: medium;\"><span lang=\"es-AR\"> Ibarra Morales Fabricio <\/span><\/span><\/span><\/p>\n<p align=\"JUSTIFY\"><span style=\"font-family: Arial, sans-serif;\"><span style=\"font-size: medium;\"><span lang=\"es-AR\"><u><b>1\u00ba ESCOLTA:<\/b><\/u><\/span><\/span><\/span><span style=\"font-family: Arial, sans-serif;\"><span style=\"font-size: medium;\"><span lang=\"es-AR\"> Micheletto Santino; Luna Cueto Joaqu\u00edn <\/span><\/span><\/span><\/p>\n<p align=\"JUSTIFY\"><span style=\"font-family: Arial, sans-serif;\"><span style=\"font-size: medium;\"><span lang=\"es-AR\"><u><b>2\u00ba ESCOLTA:<\/b><\/u><\/span><\/span><\/span><span style=\"font-family: Arial, sans-serif;\"><span style=\"font-size: medium;\"><span lang=\"es-AR\"> Cardoso Gala; <\/span><\/span><\/span><span style=\"font-family: Arial, sans-serif;\"><span style=\"font-size: medium;\"><span lang=\"es-AR\">Springer Valentina Abril<\/span><\/span><\/span><\/p>\n<p align=\"JUSTIFY\"><span style=\"font-family: Arial, sans-serif;\"><span style=\"font-size: medium;\"><span lang=\"es-AR\"><u><b>CENTRO DE EDUCACI\u00d3N NIVEL SECUNDARIO N\u00ba 451 (SALDUNGARAY) <\/b><\/u><\/span><\/span><\/span><\/p>\n<p align=\"JUSTIFY\"><span style=\"font-family: Arial, sans-serif;\"><span style=\"font-size: medium;\"><span lang=\"es-AR\"><u><b>BANDERA NACIONAL:<\/b><\/u><\/span><\/span><\/span><b> <\/b><\/p>\n<p align=\"JUSTIFY\"><span style=\"font-family: Arial, sans-serif;\"><span style=\"font-size: medium;\"><span lang=\"es-AR\"><u><b>ABANDERADA:<\/b><\/u><\/span><\/span><\/span><span style=\"font-family: Arial, sans-serif;\"><span style=\"font-size: medium;\"><span lang=\"es-AR\"> Esmoli Yanela<\/span><\/span><\/span><\/p>\n<p align=\"JUSTIFY\"><span style=\"font-family: Arial, sans-serif;\"><span style=\"font-size: medium;\"><span lang=\"es-AR\"><u><b>1\u00ba ESCOLTA:<\/b><\/u><\/span><\/span><\/span><span style=\"font-family: Arial, sans-serif;\"><span style=\"font-size: medium;\"><span lang=\"es-AR\"> Coronel Walter <\/span><\/span><\/span><\/p>\n<p align=\"JUSTIFY\"><span style=\"font-family: Arial, sans-serif;\"><span style=\"font-size: medium;\"><span lang=\"es-AR\"><u><b>2\u00ba ESCOLTA:<\/b><\/u><\/span><\/span><\/span><span style=\"font-family: Arial, sans-serif;\"><span style=\"font-size: medium;\"><span lang=\"es-AR\"> Ebertz Eduardo <\/span><\/span><\/span><\/p>\n<p align=\"JUSTIFY\"><span style=\"font-family: Arial, sans-serif;\"><span style=\"font-size: medium;\"><span lang=\"es-AR\"><u><b>BANDERA BONAERENSE:<\/b><\/u><\/span><\/span><\/span><b> <\/b><\/p>\n<p align=\"JUSTIFY\"><span style=\"font-family: Arial, sans-serif;\"><span style=\"font-size: medium;\"><span lang=\"es-AR\"><u><b>ABANDERADA:<\/b><\/u><\/span><\/span><\/span><span style=\"font-family: Arial, sans-serif;\"><span style=\"font-size: medium;\"><span lang=\"es-AR\"> Morales Luciana <\/span><\/span><\/span><\/p>\n<p align=\"JUSTIFY\"><span style=\"font-family: Arial, sans-serif;\"><span style=\"font-size: medium;\"><span lang=\"es-AR\"><u><b>1\u00ba ESCOLTA:<\/b><\/u><\/span><\/span><\/span><span style=\"font-family: Arial, sans-serif;\"><span style=\"font-size: medium;\"><span lang=\"es-AR\"> Morales Diego <\/span><\/span><\/span><\/p>\n<p align=\"JUSTIFY\"><span style=\"font-family: Arial, sans-serif;\"><span style=\"font-size: medium;\"><span lang=\"es-AR\"><u><b>2\u00ba ESCOLTA:<\/b><\/u><\/span><\/span><\/span><span style=\"font-family: Arial, sans-serif;\"><span style=\"font-size: medium;\"><span lang=\"es-AR\"> Mart\u00ednez Celia <\/span><\/span><\/span><\/p>\n<p align=\"JUSTIFY\"><span style=\"font-family: Arial, sans-serif;\"><span style=\"font-size: medium;\"><span lang=\"es-AR\"><u><b>C.E.N.S. N\u00ba 451 \u2013 PLAN FINES (SEDE SIERRA DE LA VENTANA<\/b><\/u><\/span><\/span><\/span><span style=\"font-family: Arial, sans-serif;\"><span style=\"font-size: medium;\"><span lang=\"es-AR\"><b>) <\/b><\/span><\/span><\/span><\/p>\n<p align=\"JUSTIFY\"><span style=\"font-family: Arial, sans-serif;\"><span style=\"font-size: medium;\"><span lang=\"es-AR\"><u><b>BANDERA NACIONAL:<\/b><\/u><\/span><\/span><\/span><b> <\/b><\/p>\n<p align=\"JUSTIFY\"><span style=\"font-family: Arial, sans-serif;\"><span style=\"font-size: medium;\"><span lang=\"es-AR\"><u><b>ABANDERADA:<\/b><\/u><\/span><\/span><\/span><span style=\"font-family: Arial, sans-serif;\"><span style=\"font-size: medium;\"><span lang=\"es-AR\"> Cort\u00e9s Mar\u00eda Jes\u00fas <\/span><\/span><\/span><\/p>\n<p align=\"JUSTIFY\"><span style=\"font-family: Arial, sans-serif;\"><span style=\"font-size: medium;\"><span lang=\"es-AR\"><u><b>1\u00ba ESCOLTA:<\/b><\/u><\/span><\/span><\/span><span style=\"font-family: Arial, sans-serif;\"><span style=\"font-size: medium;\"><span lang=\"es-AR\"> Woelke Irene Luj\u00e1n <\/span><\/span><\/span><\/p>\n<p align=\"JUSTIFY\"><span style=\"font-family: Arial, sans-serif;\"><span style=\"font-size: medium;\"><span lang=\"es-AR\"><u><b>2\u00ba ESCOLTA:<\/b><\/u><\/span><\/span><\/span><span style=\"font-family: Arial, sans-serif;\"><span style=\"font-size: medium;\"><span lang=\"es-AR\"> Caballero Gisela Edith<\/span><\/span><\/span><u> <\/u><\/p>\n<p align=\"JUSTIFY\"><span style=\"font-family: Arial, sans-serif;\"><span style=\"font-size: medium;\"><span lang=\"es-AR\"><u><b>BANDERA BONAERENSE:<\/b><\/u><\/span><\/span><\/span><b> <\/b><\/p>\n<p align=\"JUSTIFY\"><span style=\"font-family: Arial, sans-serif;\"><span style=\"font-size: medium;\"><span lang=\"es-AR\"><u><b>ABANDERADO:<\/b><\/u><\/span><\/span><\/span><span style=\"font-family: Arial, sans-serif;\"><span style=\"font-size: medium;\"><span lang=\"es-AR\"> Mart\u00ednez V\u00edctor Ariel <\/span><\/span><\/span><\/p>\n<p align=\"JUSTIFY\"><span style=\"font-family: Arial, sans-serif;\"><span style=\"font-size: medium;\"><span lang=\"es-AR\"><u><b>1\u00ba ESCOLTA:<\/b><\/u><\/span><\/span><\/span><span style=\"font-family: Arial, sans-serif;\"><span style=\"font-size: medium;\"><span lang=\"es-AR\"> Compagnucci Sergio Mat\u00edas <\/span><\/span><\/span><\/p>\n<p align=\"JUSTIFY\"><span style=\"font-family: Arial, sans-serif;\"><span style=\"font-size: medium;\"><span lang=\"es-AR\"><u><b>2\u00ba ESCOLTA:<\/b><\/u><\/span><\/span><\/span><span style=\"font-family: Arial, sans-serif;\"><span style=\"font-size: medium;\"><span lang=\"es-AR\"> Mart\u00edn Castillo Nahuel <\/span><\/span><\/span><\/p>\n<p align=\"JUSTIFY\"><span style=\"font-family: Arial, sans-serif;\"><span style=\"font-size: medium;\"><span lang=\"es-AR\">Los Concejales Beatriz D\u00edaz, Roc\u00edo V\u00e1zquez, Mar\u00eda Romero, Luis Castro, y la Presidente del H.C.D. Sandra Kifer, hicieron alocuciones alusivas al evento, las cuales no se pueden transcribir por problemas t\u00e9cnicos. <\/span><\/span><\/span><\/p>\n<p lang=\"es-AR\" align=\"JUSTIFY\"><span style=\"color: #000000;\"><span style=\"font-family: Arial, sans-serif;\"><span style=\"font-size: medium;\">HONORABLE CONCEJO DELIBERANTE<\/span><\/span><\/span><\/p>\n<p lang=\"es-AR\" align=\"JUSTIFY\"><img loading=\"lazy\" decoding=\"async\" class=\"alignnone wp-image-80615 size-large\" src=\"http:\/\/www.celttv.com.ar\/wp-content\/uploads\/2023\/11\/WhatsApp-Image-2023-11-28-at-20.00.38-1024x769.jpeg\" alt=\"\" width=\"1024\" height=\"769\" srcset=\"https:\/\/www.celttv.com.ar\/wp-content\/uploads\/2023\/11\/WhatsApp-Image-2023-11-28-at-20.00.38-1024x769.jpeg 1024w, https:\/\/www.celttv.com.ar\/wp-content\/uploads\/2023\/11\/WhatsApp-Image-2023-11-28-at-20.00.38-300x225.jpeg 300w, https:\/\/www.celttv.com.ar\/wp-content\/uploads\/2023\/11\/WhatsApp-Image-2023-11-28-at-20.00.38-768x576.jpeg 768w, https:\/\/www.celttv.com.ar\/wp-content\/uploads\/2023\/11\/WhatsApp-Image-2023-11-28-at-20.00.38-1536x1153.jpeg 1536w, https:\/\/www.celttv.com.ar\/wp-content\/uploads\/2023\/11\/WhatsApp-Image-2023-11-28-at-20.00.38-750x563.jpeg 750w, https:\/\/www.celttv.com.ar\/wp-content\/uploads\/2023\/11\/WhatsApp-Image-2023-11-28-at-20.00.38-1140x856.jpeg 1140w, https:\/\/www.celttv.com.ar\/wp-content\/uploads\/2023\/11\/WhatsApp-Image-2023-11-28-at-20.00.38.jpeg 1600w\" sizes=\"auto, (max-width: 1024px) 100vw, 1024px\" \/> <img loading=\"lazy\" decoding=\"async\" class=\"alignnone wp-image-80616 size-large\" src=\"http:\/\/www.celttv.com.ar\/wp-content\/uploads\/2023\/11\/WhatsApp-Image-2023-11-28-at-21.26.55-1-1024x461.jpeg\" alt=\"\" width=\"1024\" height=\"461\" srcset=\"https:\/\/www.celttv.com.ar\/wp-content\/uploads\/2023\/11\/WhatsApp-Image-2023-11-28-at-21.26.55-1-1024x461.jpeg 1024w, https:\/\/www.celttv.com.ar\/wp-content\/uploads\/2023\/11\/WhatsApp-Image-2023-11-28-at-21.26.55-1-300x135.jpeg 300w, https:\/\/www.celttv.com.ar\/wp-content\/uploads\/2023\/11\/WhatsApp-Image-2023-11-28-at-21.26.55-1-768x346.jpeg 768w, https:\/\/www.celttv.com.ar\/wp-content\/uploads\/2023\/11\/WhatsApp-Image-2023-11-28-at-21.26.55-1-1536x691.jpeg 1536w, https:\/\/www.celttv.com.ar\/wp-content\/uploads\/2023\/11\/WhatsApp-Image-2023-11-28-at-21.26.55-1-750x338.jpeg 750w, https:\/\/www.celttv.com.ar\/wp-content\/uploads\/2023\/11\/WhatsApp-Image-2023-11-28-at-21.26.55-1-1140x513.jpeg 1140w, https:\/\/www.celttv.com.ar\/wp-content\/uploads\/2023\/11\/WhatsApp-Image-2023-11-28-at-21.26.55-1.jpeg 1600w\" sizes=\"auto, (max-width: 1024px) 100vw, 1024px\" \/> <img loading=\"lazy\" decoding=\"async\" class=\"alignnone wp-image-80617 size-large\" src=\"http:\/\/www.celttv.com.ar\/wp-content\/uploads\/2023\/11\/WhatsApp-Image-2023-11-28-at-21.26.58-1-1024x461.jpeg\" alt=\"\" width=\"1024\" height=\"461\" srcset=\"https:\/\/www.celttv.com.ar\/wp-content\/uploads\/2023\/11\/WhatsApp-Image-2023-11-28-at-21.26.58-1-1024x461.jpeg 1024w, https:\/\/www.celttv.com.ar\/wp-content\/uploads\/2023\/11\/WhatsApp-Image-2023-11-28-at-21.26.58-1-300x135.jpeg 300w, https:\/\/www.celttv.com.ar\/wp-content\/uploads\/2023\/11\/WhatsApp-Image-2023-11-28-at-21.26.58-1-768x346.jpeg 768w, https:\/\/www.celttv.com.ar\/wp-content\/uploads\/2023\/11\/WhatsApp-Image-2023-11-28-at-21.26.58-1-1536x691.jpeg 1536w, https:\/\/www.celttv.com.ar\/wp-content\/uploads\/2023\/11\/WhatsApp-Image-2023-11-28-at-21.26.58-1-750x338.jpeg 750w, https:\/\/www.celttv.com.ar\/wp-content\/uploads\/2023\/11\/WhatsApp-Image-2023-11-28-at-21.26.58-1-1140x513.jpeg 1140w, https:\/\/www.celttv.com.ar\/wp-content\/uploads\/2023\/11\/WhatsApp-Image-2023-11-28-at-21.26.58-1.jpeg 1600w\" sizes=\"auto, (max-width: 1024px) 100vw, 1024px\" \/> <img loading=\"lazy\" decoding=\"async\" class=\"alignnone wp-image-80618 size-large\" src=\"http:\/\/www.celttv.com.ar\/wp-content\/uploads\/2023\/11\/WhatsApp-Image-2023-11-28-at-21.29.18-1-1024x461.jpeg\" alt=\"\" width=\"1024\" height=\"461\" srcset=\"https:\/\/www.celttv.com.ar\/wp-content\/uploads\/2023\/11\/WhatsApp-Image-2023-11-28-at-21.29.18-1-1024x461.jpeg 1024w, https:\/\/www.celttv.com.ar\/wp-content\/uploads\/2023\/11\/WhatsApp-Image-2023-11-28-at-21.29.18-1-300x135.jpeg 300w, https:\/\/www.celttv.com.ar\/wp-content\/uploads\/2023\/11\/WhatsApp-Image-2023-11-28-at-21.29.18-1-768x346.jpeg 768w, https:\/\/www.celttv.com.ar\/wp-content\/uploads\/2023\/11\/WhatsApp-Image-2023-11-28-at-21.29.18-1-1536x691.jpeg 1536w, https:\/\/www.celttv.com.ar\/wp-content\/uploads\/2023\/11\/WhatsApp-Image-2023-11-28-at-21.29.18-1-750x338.jpeg 750w, https:\/\/www.celttv.com.ar\/wp-content\/uploads\/2023\/11\/WhatsApp-Image-2023-11-28-at-21.29.18-1-1140x513.jpeg 1140w, https:\/\/www.celttv.com.ar\/wp-content\/uploads\/2023\/11\/WhatsApp-Image-2023-11-28-at-21.29.18-1.jpeg 1600w\" sizes=\"auto, (max-width: 1024px) 100vw, 1024px\" \/> <img loading=\"lazy\" decoding=\"async\" class=\"alignnone wp-image-80619 size-large\" src=\"http:\/\/www.celttv.com.ar\/wp-content\/uploads\/2023\/11\/WhatsApp-Image-2023-11-28-at-21.29.18-1024x461.jpeg\" alt=\"\" width=\"1024\" height=\"461\" srcset=\"https:\/\/www.celttv.com.ar\/wp-content\/uploads\/2023\/11\/WhatsApp-Image-2023-11-28-at-21.29.18-1024x461.jpeg 1024w, https:\/\/www.celttv.com.ar\/wp-content\/uploads\/2023\/11\/WhatsApp-Image-2023-11-28-at-21.29.18-300x135.jpeg 300w, https:\/\/www.celttv.com.ar\/wp-content\/uploads\/2023\/11\/WhatsApp-Image-2023-11-28-at-21.29.18-768x346.jpeg 768w, https:\/\/www.celttv.com.ar\/wp-content\/uploads\/2023\/11\/WhatsApp-Image-2023-11-28-at-21.29.18-1536x691.jpeg 1536w, https:\/\/www.celttv.com.ar\/wp-content\/uploads\/2023\/11\/WhatsApp-Image-2023-11-28-at-21.29.18-750x338.jpeg 750w, https:\/\/www.celttv.com.ar\/wp-content\/uploads\/2023\/11\/WhatsApp-Image-2023-11-28-at-21.29.18-1140x513.jpeg 1140w, https:\/\/www.celttv.com.ar\/wp-content\/uploads\/2023\/11\/WhatsApp-Image-2023-11-28-at-21.29.18.jpeg 1600w\" sizes=\"auto, (max-width: 1024px) 100vw, 1024px\" \/><\/p>\n","protected":false},"excerpt":{"rendered":"<p>El lunes 28 de noviembre a partir de las 19 hs. se realiz\u00f3 la segunda Sesi\u00f3n Extraordinaria de entrega de Diplomas a Abanderados y Escoltas de algunas de las Escuelas del Distrito de Tornquist, convocadas por el Decreto N\u00ba 15\/23 del Honorable Concejo Deliberante, seg\u00fan la Resoluci\u00f3n N\u00ba 32\/23, en la Escuela N\u00ba 2 de [&hellip;]<\/p>\n","protected":false},"author":5,"featured_media":80618,"comment_status":"closed","ping_status":"closed","sticky":false,"template":"","format":"standard","meta":{"footnotes":""},"categories":[55],"tags":[],"class_list":["post-80614","post","type-post","status-publish","format-standard","has-post-thumbnail","hentry","category-celt-tv-noticias"],"yoast_head":"<!-- This site is optimized with the Yoast SEO plugin v19.7.1 - https:\/\/yoast.com\/wordpress\/plugins\/seo\/ -->\n<title>28 DE NOVIEMBRE- SESION EXTRAORDINARIA DE ENTREGA DE DIPLOMAS A ABANDERADOS Y ESCOLTAS DEL DISTRITO- SALDUNGARAY - CELTTV<\/title>\n<meta name=\"description\" content=\"Sitio web de noticias de la localidad de Tornquist, provincia de Buenos Aires, Rep\u00fablica Argentina. Contenido propio originado por periodistas de CELTTV, el canal de TV local de la Cooperativa El\u00e9ctrica de Tornquist. Turismo, Pol\u00edtica, Sociedad, Deporte, Cultura y todo el contenido de inter\u00e9s general que la gente del pueblo y la regi\u00f3n debe conocer.\" \/>\n<meta name=\"robots\" content=\"index, follow, max-snippet:-1, max-image-preview:large, max-video-preview:-1\" \/>\n<link rel=\"canonical\" href=\"https:\/\/www.celttv.com.ar\/index.php\/2023\/11\/29\/28-de-noviembre-sesion-extraordinaria-de-entrega-de-diplomas-a-abanderados-y-escoltas-del-distrito-saldungaray\/\" \/>\n<meta property=\"og:locale\" content=\"es_ES\" \/>\n<meta property=\"og:type\" content=\"article\" \/>\n<meta property=\"og:title\" content=\"28 DE NOVIEMBRE- SESION EXTRAORDINARIA DE ENTREGA DE DIPLOMAS A ABANDERADOS Y ESCOLTAS DEL DISTRITO- SALDUNGARAY - CELTTV\" \/>\n<meta property=\"og:description\" content=\"Sitio web de noticias de la localidad de Tornquist, provincia de Buenos Aires, Rep\u00fablica Argentina. Contenido propio originado por periodistas de CELTTV, el canal de TV local de la Cooperativa El\u00e9ctrica de Tornquist. Turismo, Pol\u00edtica, Sociedad, Deporte, Cultura y todo el contenido de inter\u00e9s general que la gente del pueblo y la regi\u00f3n debe conocer.\" \/>\n<meta property=\"og:url\" content=\"https:\/\/www.celttv.com.ar\/index.php\/2023\/11\/29\/28-de-noviembre-sesion-extraordinaria-de-entrega-de-diplomas-a-abanderados-y-escoltas-del-distrito-saldungaray\/\" \/>\n<meta property=\"og:site_name\" content=\"CELTTV\" \/>\n<meta property=\"article:publisher\" content=\"https:\/\/www.facebook.com\/celtTV\/\" \/>\n<meta property=\"article:published_time\" content=\"2023-11-29T15:10:55+00:00\" \/>\n<meta property=\"og:image\" content=\"https:\/\/www.celttv.com.ar\/wp-content\/uploads\/2023\/11\/WhatsApp-Image-2023-11-28-at-21.29.18-1.jpeg\" \/>\n\t<meta property=\"og:image:width\" content=\"1600\" \/>\n\t<meta property=\"og:image:height\" content=\"720\" \/>\n\t<meta property=\"og:image:type\" content=\"image\/jpeg\" \/>\n<meta name=\"author\" content=\"Miguel Herrada\" \/>\n<meta name=\"twitter:card\" content=\"summary_large_image\" \/>\n<meta name=\"twitter:label1\" content=\"Escrito por\" \/>\n\t<meta name=\"twitter:data1\" content=\"Miguel Herrada\" \/>\n\t<meta name=\"twitter:label2\" content=\"Tiempo de lectura\" \/>\n\t<meta name=\"twitter:data2\" content=\"3 minutos\" \/>\n<script type=\"application\/ld+json\" class=\"yoast-schema-graph\">{\"@context\":\"https:\/\/schema.org\",\"@graph\":[{\"@type\":\"NewsArticle\",\"@id\":\"https:\/\/www.celttv.com.ar\/index.php\/2023\/11\/29\/28-de-noviembre-sesion-extraordinaria-de-entrega-de-diplomas-a-abanderados-y-escoltas-del-distrito-saldungaray\/#article\",\"isPartOf\":{\"@id\":\"https:\/\/www.celttv.com.ar\/index.php\/2023\/11\/29\/28-de-noviembre-sesion-extraordinaria-de-entrega-de-diplomas-a-abanderados-y-escoltas-del-distrito-saldungaray\/\"},\"author\":{\"name\":\"Miguel Herrada\",\"@id\":\"https:\/\/www.celttv.com.ar\/#\/schema\/person\/9059dc91dc7204ef4182cdb65225f07d\"},\"headline\":\"28 DE NOVIEMBRE- SESION EXTRAORDINARIA DE ENTREGA DE DIPLOMAS A ABANDERADOS Y ESCOLTAS DEL DISTRITO- SALDUNGARAY\",\"datePublished\":\"2023-11-29T15:10:55+00:00\",\"dateModified\":\"2023-11-29T15:10:55+00:00\",\"mainEntityOfPage\":{\"@id\":\"https:\/\/www.celttv.com.ar\/index.php\/2023\/11\/29\/28-de-noviembre-sesion-extraordinaria-de-entrega-de-diplomas-a-abanderados-y-escoltas-del-distrito-saldungaray\/\"},\"wordCount\":521,\"publisher\":{\"@id\":\"https:\/\/www.celttv.com.ar\/#organization\"},\"articleSection\":[\"Celt TV Noticias\"],\"inLanguage\":\"es\"},{\"@type\":\"WebPage\",\"@id\":\"https:\/\/www.celttv.com.ar\/index.php\/2023\/11\/29\/28-de-noviembre-sesion-extraordinaria-de-entrega-de-diplomas-a-abanderados-y-escoltas-del-distrito-saldungaray\/\",\"url\":\"https:\/\/www.celttv.com.ar\/index.php\/2023\/11\/29\/28-de-noviembre-sesion-extraordinaria-de-entrega-de-diplomas-a-abanderados-y-escoltas-del-distrito-saldungaray\/\",\"name\":\"28 DE NOVIEMBRE- SESION EXTRAORDINARIA DE ENTREGA DE DIPLOMAS A ABANDERADOS Y ESCOLTAS DEL DISTRITO- SALDUNGARAY - CELTTV\",\"isPartOf\":{\"@id\":\"https:\/\/www.celttv.com.ar\/#website\"},\"datePublished\":\"2023-11-29T15:10:55+00:00\",\"dateModified\":\"2023-11-29T15:10:55+00:00\",\"description\":\"Sitio web de noticias de la localidad de Tornquist, provincia de Buenos Aires, Rep\u00fablica Argentina. Contenido propio originado por periodistas de CELTTV, el canal de TV local de la Cooperativa El\u00e9ctrica de Tornquist. Turismo, Pol\u00edtica, Sociedad, Deporte, Cultura y todo el contenido de inter\u00e9s general que la gente del pueblo y la regi\u00f3n debe conocer.\",\"breadcrumb\":{\"@id\":\"https:\/\/www.celttv.com.ar\/index.php\/2023\/11\/29\/28-de-noviembre-sesion-extraordinaria-de-entrega-de-diplomas-a-abanderados-y-escoltas-del-distrito-saldungaray\/#breadcrumb\"},\"inLanguage\":\"es\",\"potentialAction\":[{\"@type\":\"ReadAction\",\"target\":[\"https:\/\/www.celttv.com.ar\/index.php\/2023\/11\/29\/28-de-noviembre-sesion-extraordinaria-de-entrega-de-diplomas-a-abanderados-y-escoltas-del-distrito-saldungaray\/\"]}]},{\"@type\":\"BreadcrumbList\",\"@id\":\"https:\/\/www.celttv.com.ar\/index.php\/2023\/11\/29\/28-de-noviembre-sesion-extraordinaria-de-entrega-de-diplomas-a-abanderados-y-escoltas-del-distrito-saldungaray\/#breadcrumb\",\"itemListElement\":[{\"@type\":\"ListItem\",\"position\":1,\"name\":\"Inicio\",\"item\":\"https:\/\/www.celttv.com.ar\/\"},{\"@type\":\"ListItem\",\"position\":2,\"name\":\"28 DE NOVIEMBRE- SESION EXTRAORDINARIA DE ENTREGA DE DIPLOMAS A ABANDERADOS Y ESCOLTAS DEL DISTRITO- SALDUNGARAY\"}]},{\"@type\":\"WebSite\",\"@id\":\"https:\/\/www.celttv.com.ar\/#website\",\"url\":\"https:\/\/www.celttv.com.ar\/\",\"name\":\"CELTTV\",\"description\":\"Cooperativa El\u00e9ctrica de Tornquist\",\"publisher\":{\"@id\":\"https:\/\/www.celttv.com.ar\/#organization\"},\"potentialAction\":[{\"@type\":\"SearchAction\",\"target\":{\"@type\":\"EntryPoint\",\"urlTemplate\":\"https:\/\/www.celttv.com.ar\/?s={search_term_string}\"},\"query-input\":\"required name=search_term_string\"}],\"inLanguage\":\"es\"},{\"@type\":\"Organization\",\"@id\":\"https:\/\/www.celttv.com.ar\/#organization\",\"name\":\"CELTTV\",\"url\":\"https:\/\/www.celttv.com.ar\/\",\"sameAs\":[\"https:\/\/www.youtube.com\/channel\/UCz_oIt8Hig64Ub-EmcNPIhg\",\"https:\/\/www.facebook.com\/celtTV\/\"],\"logo\":{\"@type\":\"ImageObject\",\"inLanguage\":\"es\",\"@id\":\"https:\/\/www.celttv.com.ar\/#\/schema\/logo\/image\/\",\"url\":\"http:\/\/www.celttv.com.ar\/wp-content\/uploads\/2022\/08\/logo-1.png\",\"contentUrl\":\"http:\/\/www.celttv.com.ar\/wp-content\/uploads\/2022\/08\/logo-1.png\",\"width\":461,\"height\":159,\"caption\":\"CELTTV\"},\"image\":{\"@id\":\"https:\/\/www.celttv.com.ar\/#\/schema\/logo\/image\/\"}},{\"@type\":\"Person\",\"@id\":\"https:\/\/www.celttv.com.ar\/#\/schema\/person\/9059dc91dc7204ef4182cdb65225f07d\",\"name\":\"Miguel Herrada\",\"image\":{\"@type\":\"ImageObject\",\"inLanguage\":\"es\",\"@id\":\"https:\/\/www.celttv.com.ar\/#\/schema\/person\/image\/\",\"url\":\"https:\/\/secure.gravatar.com\/avatar\/67724d5b3c716623ffd76bec7e45841a442ac3b456e914dbba90b0fad2b8e0b1?s=96&d=mm&r=g\",\"contentUrl\":\"https:\/\/secure.gravatar.com\/avatar\/67724d5b3c716623ffd76bec7e45841a442ac3b456e914dbba90b0fad2b8e0b1?s=96&d=mm&r=g\",\"caption\":\"Miguel Herrada\"}}]}<\/script>\n<!-- \/ Yoast SEO plugin. -->","yoast_head_json":{"title":"28 DE NOVIEMBRE- SESION EXTRAORDINARIA DE ENTREGA DE DIPLOMAS A ABANDERADOS Y ESCOLTAS DEL DISTRITO- SALDUNGARAY - CELTTV","description":"Sitio web de noticias de la localidad de Tornquist, provincia de Buenos Aires, Rep\u00fablica Argentina. Contenido propio originado por periodistas de CELTTV, el canal de TV local de la Cooperativa El\u00e9ctrica de Tornquist. Turismo, Pol\u00edtica, Sociedad, Deporte, Cultura y todo el contenido de inter\u00e9s general que la gente del pueblo y la regi\u00f3n debe conocer.","robots":{"index":"index","follow":"follow","max-snippet":"max-snippet:-1","max-image-preview":"max-image-preview:large","max-video-preview":"max-video-preview:-1"},"canonical":"https:\/\/www.celttv.com.ar\/index.php\/2023\/11\/29\/28-de-noviembre-sesion-extraordinaria-de-entrega-de-diplomas-a-abanderados-y-escoltas-del-distrito-saldungaray\/","og_locale":"es_ES","og_type":"article","og_title":"28 DE NOVIEMBRE- SESION EXTRAORDINARIA DE ENTREGA DE DIPLOMAS A ABANDERADOS Y ESCOLTAS DEL DISTRITO- SALDUNGARAY - CELTTV","og_description":"Sitio web de noticias de la localidad de Tornquist, provincia de Buenos Aires, Rep\u00fablica Argentina. Contenido propio originado por periodistas de CELTTV, el canal de TV local de la Cooperativa El\u00e9ctrica de Tornquist. Turismo, Pol\u00edtica, Sociedad, Deporte, Cultura y todo el contenido de inter\u00e9s general que la gente del pueblo y la regi\u00f3n debe conocer.","og_url":"https:\/\/www.celttv.com.ar\/index.php\/2023\/11\/29\/28-de-noviembre-sesion-extraordinaria-de-entrega-de-diplomas-a-abanderados-y-escoltas-del-distrito-saldungaray\/","og_site_name":"CELTTV","article_publisher":"https:\/\/www.facebook.com\/celtTV\/","article_published_time":"2023-11-29T15:10:55+00:00","og_image":[{"width":1600,"height":720,"url":"https:\/\/www.celttv.com.ar\/wp-content\/uploads\/2023\/11\/WhatsApp-Image-2023-11-28-at-21.29.18-1.jpeg","type":"image\/jpeg"}],"author":"Miguel Herrada","twitter_card":"summary_large_image","twitter_misc":{"Escrito por":"Miguel Herrada","Tiempo de lectura":"3 minutos"},"schema":{"@context":"https:\/\/schema.org","@graph":[{"@type":"NewsArticle","@id":"https:\/\/www.celttv.com.ar\/index.php\/2023\/11\/29\/28-de-noviembre-sesion-extraordinaria-de-entrega-de-diplomas-a-abanderados-y-escoltas-del-distrito-saldungaray\/#article","isPartOf":{"@id":"https:\/\/www.celttv.com.ar\/index.php\/2023\/11\/29\/28-de-noviembre-sesion-extraordinaria-de-entrega-de-diplomas-a-abanderados-y-escoltas-del-distrito-saldungaray\/"},"author":{"name":"Miguel Herrada","@id":"https:\/\/www.celttv.com.ar\/#\/schema\/person\/9059dc91dc7204ef4182cdb65225f07d"},"headline":"28 DE NOVIEMBRE- SESION EXTRAORDINARIA DE ENTREGA DE DIPLOMAS A ABANDERADOS Y ESCOLTAS DEL DISTRITO- SALDUNGARAY","datePublished":"2023-11-29T15:10:55+00:00","dateModified":"2023-11-29T15:10:55+00:00","mainEntityOfPage":{"@id":"https:\/\/www.celttv.com.ar\/index.php\/2023\/11\/29\/28-de-noviembre-sesion-extraordinaria-de-entrega-de-diplomas-a-abanderados-y-escoltas-del-distrito-saldungaray\/"},"wordCount":521,"publisher":{"@id":"https:\/\/www.celttv.com.ar\/#organization"},"articleSection":["Celt TV Noticias"],"inLanguage":"es"},{"@type":"WebPage","@id":"https:\/\/www.celttv.com.ar\/index.php\/2023\/11\/29\/28-de-noviembre-sesion-extraordinaria-de-entrega-de-diplomas-a-abanderados-y-escoltas-del-distrito-saldungaray\/","url":"https:\/\/www.celttv.com.ar\/index.php\/2023\/11\/29\/28-de-noviembre-sesion-extraordinaria-de-entrega-de-diplomas-a-abanderados-y-escoltas-del-distrito-saldungaray\/","name":"28 DE NOVIEMBRE- SESION EXTRAORDINARIA DE ENTREGA DE DIPLOMAS A ABANDERADOS Y ESCOLTAS DEL DISTRITO- SALDUNGARAY - CELTTV","isPartOf":{"@id":"https:\/\/www.celttv.com.ar\/#website"},"datePublished":"2023-11-29T15:10:55+00:00","dateModified":"2023-11-29T15:10:55+00:00","description":"Sitio web de noticias de la localidad de Tornquist, provincia de Buenos Aires, Rep\u00fablica Argentina. Contenido propio originado por periodistas de CELTTV, el canal de TV local de la Cooperativa El\u00e9ctrica de Tornquist. Turismo, Pol\u00edtica, Sociedad, Deporte, Cultura y todo el contenido de inter\u00e9s general que la gente del pueblo y la regi\u00f3n debe conocer.","breadcrumb":{"@id":"https:\/\/www.celttv.com.ar\/index.php\/2023\/11\/29\/28-de-noviembre-sesion-extraordinaria-de-entrega-de-diplomas-a-abanderados-y-escoltas-del-distrito-saldungaray\/#breadcrumb"},"inLanguage":"es","potentialAction":[{"@type":"ReadAction","target":["https:\/\/www.celttv.com.ar\/index.php\/2023\/11\/29\/28-de-noviembre-sesion-extraordinaria-de-entrega-de-diplomas-a-abanderados-y-escoltas-del-distrito-saldungaray\/"]}]},{"@type":"BreadcrumbList","@id":"https:\/\/www.celttv.com.ar\/index.php\/2023\/11\/29\/28-de-noviembre-sesion-extraordinaria-de-entrega-de-diplomas-a-abanderados-y-escoltas-del-distrito-saldungaray\/#breadcrumb","itemListElement":[{"@type":"ListItem","position":1,"name":"Inicio","item":"https:\/\/www.celttv.com.ar\/"},{"@type":"ListItem","position":2,"name":"28 DE NOVIEMBRE- SESION EXTRAORDINARIA DE ENTREGA DE DIPLOMAS A ABANDERADOS Y ESCOLTAS DEL DISTRITO- SALDUNGARAY"}]},{"@type":"WebSite","@id":"https:\/\/www.celttv.com.ar\/#website","url":"https:\/\/www.celttv.com.ar\/","name":"CELTTV","description":"Cooperativa El\u00e9ctrica de Tornquist","publisher":{"@id":"https:\/\/www.celttv.com.ar\/#organization"},"potentialAction":[{"@type":"SearchAction","target":{"@type":"EntryPoint","urlTemplate":"https:\/\/www.celttv.com.ar\/?s={search_term_string}"},"query-input":"required name=search_term_string"}],"inLanguage":"es"},{"@type":"Organization","@id":"https:\/\/www.celttv.com.ar\/#organization","name":"CELTTV","url":"https:\/\/www.celttv.com.ar\/","sameAs":["https:\/\/www.youtube.com\/channel\/UCz_oIt8Hig64Ub-EmcNPIhg","https:\/\/www.facebook.com\/celtTV\/"],"logo":{"@type":"ImageObject","inLanguage":"es","@id":"https:\/\/www.celttv.com.ar\/#\/schema\/logo\/image\/","url":"http:\/\/www.celttv.com.ar\/wp-content\/uploads\/2022\/08\/logo-1.png","contentUrl":"http:\/\/www.celttv.com.ar\/wp-content\/uploads\/2022\/08\/logo-1.png","width":461,"height":159,"caption":"CELTTV"},"image":{"@id":"https:\/\/www.celttv.com.ar\/#\/schema\/logo\/image\/"}},{"@type":"Person","@id":"https:\/\/www.celttv.com.ar\/#\/schema\/person\/9059dc91dc7204ef4182cdb65225f07d","name":"Miguel Herrada","image":{"@type":"ImageObject","inLanguage":"es","@id":"https:\/\/www.celttv.com.ar\/#\/schema\/person\/image\/","url":"https:\/\/secure.gravatar.com\/avatar\/67724d5b3c716623ffd76bec7e45841a442ac3b456e914dbba90b0fad2b8e0b1?s=96&d=mm&r=g","contentUrl":"https:\/\/secure.gravatar.com\/avatar\/67724d5b3c716623ffd76bec7e45841a442ac3b456e914dbba90b0fad2b8e0b1?s=96&d=mm&r=g","caption":"Miguel Herrada"}}]}},"_links":{"self":[{"href":"https:\/\/www.celttv.com.ar\/index.php\/wp-json\/wp\/v2\/posts\/80614","targetHints":{"allow":["GET"]}}],"collection":[{"href":"https:\/\/www.celttv.com.ar\/index.php\/wp-json\/wp\/v2\/posts"}],"about":[{"href":"https:\/\/www.celttv.com.ar\/index.php\/wp-json\/wp\/v2\/types\/post"}],"author":[{"embeddable":true,"href":"https:\/\/www.celttv.com.ar\/index.php\/wp-json\/wp\/v2\/users\/5"}],"replies":[{"embeddable":true,"href":"https:\/\/www.celttv.com.ar\/index.php\/wp-json\/wp\/v2\/comments?post=80614"}],"version-history":[{"count":1,"href":"https:\/\/www.celttv.com.ar\/index.php\/wp-json\/wp\/v2\/posts\/80614\/revisions"}],"predecessor-version":[{"id":80620,"href":"https:\/\/www.celttv.com.ar\/index.php\/wp-json\/wp\/v2\/posts\/80614\/revisions\/80620"}],"wp:featuredmedia":[{"embeddable":true,"href":"https:\/\/www.celttv.com.ar\/index.php\/wp-json\/wp\/v2\/media\/80618"}],"wp:attachment":[{"href":"https:\/\/www.celttv.com.ar\/index.php\/wp-json\/wp\/v2\/media?parent=80614"}],"wp:term":[{"taxonomy":"category","embeddable":true,"href":"https:\/\/www.celttv.com.ar\/index.php\/wp-json\/wp\/v2\/categories?post=80614"},{"taxonomy":"post_tag","embeddable":true,"href":"https:\/\/www.celttv.com.ar\/index.php\/wp-json\/wp\/v2\/tags?post=80614"}],"curies":[{"name":"wp","href":"https:\/\/api.w.org\/{rel}","templated":true}]}}