{"id":80661,"date":"2023-12-01T17:27:22","date_gmt":"2023-12-01T20:27:22","guid":{"rendered":"http:\/\/www.celttv.com.ar\/?p=80661"},"modified":"2023-12-01T17:27:22","modified_gmt":"2023-12-01T20:27:22","slug":"bordoni-y-la-interpelacion-voy-a-hablar-porque-no-tengo-nada-que-ocultar-pero-me-parece-que-no-tiene-sentido","status":"publish","type":"post","link":"https:\/\/www.celttv.com.ar\/index.php\/2023\/12\/01\/bordoni-y-la-interpelacion-voy-a-hablar-porque-no-tengo-nada-que-ocultar-pero-me-parece-que-no-tiene-sentido\/","title":{"rendered":"Bordoni y la interpelaci\u00f3n: &#8220;Voy a hablar porque no tengo nada que ocultar, pero me\u00a0parece que no tiene sentido&#8221;"},"content":{"rendered":"<h5 id=\"result-es\" class=\"text-justify py-5\"><span style=\"color: #000000;\"><a id=\"i-0\" class=\"frase_link\" style=\"color: #000000;\" title=\"Hac\u00e9 click para ver esta frase en el video\" href=\"https:\/\/youtube.com\/watch?v=YyBjHsCZNx8&amp;feature=youtu.be&amp;t=0\" target=\"_blank\" rel=\"noopener\" data-toggle=\"tooltip\">El Intendente Sergio Bordoni concurrir\u00e1 esta tarde al recinto del HCD. para brindar informaci\u00f3n en la interpelaci\u00f3n presentada por el Bloque de Juntos relacionado a la &#8220;Causa Camioneta&#8221; y la denuncia penal presentada por vecinos y vecinas de Sierra de la Ventana y Villa Ventana por la presencia de\u00a0 Julio Baamonde como delegado de Sierra de la Ventana.<\/a><\/span><\/h5>\n<h5 class=\"text-justify py-5\"><span style=\"color: #000000;\"><a id=\"i-0\" class=\"frase_link\" style=\"color: #000000;\" title=\"Hac\u00e9 click para ver esta frase en el video\" href=\"https:\/\/youtube.com\/watch?v=YyBjHsCZNx8&amp;feature=youtu.be&amp;t=0\" target=\"_blank\" rel=\"noopener\" data-toggle=\"tooltip\">Consultado sobre el particular por CELTTV Noticias, Bordoni explic\u00f3 &#8221; No nos olvidemos que, cuando hicimos <\/a><a id=\"i-1\" class=\"frase_link\" style=\"color: #000000;\" title=\"Hac\u00e9 click para ver esta frase en el video\" href=\"https:\/\/youtube.com\/watch?v=YyBjHsCZNx8&amp;feature=youtu.be&amp;t=2\" target=\"_blank\" rel=\"noopener\" data-toggle=\"tooltip\">el debate a causa de que se habl\u00f3 de m\u00e1s\u00a0<\/a><a id=\"i-2\" class=\"frase_link\" style=\"color: #000000;\" title=\"Hac\u00e9 click para ver esta frase en el video\" href=\"https:\/\/youtube.com\/watch?v=YyBjHsCZNx8&amp;feature=youtu.be&amp;t=5\" target=\"_blank\" rel=\"noopener\" data-toggle=\"tooltip\">en el canal hay una causa judicial; <\/a><a id=\"i-3\" class=\"frase_link\" style=\"color: #000000;\" title=\"Hac\u00e9 click para ver esta frase en el video\" href=\"https:\/\/youtube.com\/watch?v=YyBjHsCZNx8&amp;feature=youtu.be&amp;t=8\" target=\"_blank\" rel=\"noopener\" data-toggle=\"tooltip\">entonces me parece a m\u00ed que hay que ser\u00a0<\/a><a id=\"i-4\" class=\"frase_link\" style=\"color: #000000;\" title=\"Hac\u00e9 click para ver esta frase en el video\" href=\"https:\/\/youtube.com\/watch?v=YyBjHsCZNx8&amp;feature=youtu.be&amp;t=11\" target=\"_blank\" rel=\"noopener\" data-toggle=\"tooltip\">cauto, no se puede tirar nombres por tirar <\/a><a id=\"i-5\" class=\"frase_link\" style=\"color: #000000;\" title=\"Hac\u00e9 click para ver esta frase en el video\" href=\"https:\/\/youtube.com\/watch?v=YyBjHsCZNx8&amp;feature=youtu.be&amp;t=13\" target=\"_blank\" rel=\"noopener\" data-toggle=\"tooltip\">nombres y esperar que la justicia act\u00fae&#8221;<\/a><\/span><\/h5>\n<h5 class=\"text-justify py-5\"><span style=\"color: #000000;\"><a id=\"i-6\" class=\"frase_link\" style=\"color: #000000;\" title=\"Hac\u00e9 click para ver esta frase en el video\" href=\"https:\/\/youtube.com\/watch?v=YyBjHsCZNx8&amp;feature=youtu.be&amp;t=16\" target=\"_blank\" rel=\"noopener\" data-toggle=\"tooltip\">Sobre la &#8220;causa Camioneta&#8221; Bordoni explic\u00f3 &#8220;Lo que tuve que hacer,<\/a><a id=\"i-7\" class=\"frase_link\" style=\"color: #000000;\" title=\"Hac\u00e9 click para ver esta frase en el video\" href=\"https:\/\/youtube.com\/watch?v=YyBjHsCZNx8&amp;feature=youtu.be&amp;t=19\" target=\"_blank\" rel=\"noopener\" data-toggle=\"tooltip\"> en el momento que me entero de la <\/a><a id=\"i-8\" class=\"frase_link\" style=\"color: #000000;\" title=\"Hac\u00e9 click para ver esta frase en el video\" href=\"https:\/\/youtube.com\/watch?v=YyBjHsCZNx8&amp;feature=youtu.be&amp;t=21\" target=\"_blank\" rel=\"noopener\" data-toggle=\"tooltip\">causa, fue separar a las tres personas que <\/a><a id=\"i-9\" class=\"frase_link\" style=\"color: #000000;\" title=\"Hac\u00e9 click para ver esta frase en el video\" href=\"https:\/\/youtube.com\/watch?v=YyBjHsCZNx8&amp;feature=youtu.be&amp;t=23\" target=\"_blank\" rel=\"noopener\" data-toggle=\"tooltip\">estaban involucradas en<\/a><a id=\"i-10\" class=\"frase_link\" style=\"color: #000000;\" title=\"Hac\u00e9 click para ver esta frase en el video\" href=\"https:\/\/youtube.com\/watch?v=YyBjHsCZNx8&amp;feature=youtu.be&amp;t=26\" target=\"_blank\" rel=\"noopener\" data-toggle=\"tooltip\">\u00a0el expediente administrativo <\/a>y<a id=\"i-11\" class=\"frase_link\" style=\"color: #000000;\" title=\"Hac\u00e9 click para ver esta frase en el video\" href=\"https:\/\/youtube.com\/watch?v=YyBjHsCZNx8&amp;feature=youtu.be&amp;t=29\" target=\"_blank\" rel=\"noopener\" data-toggle=\"tooltip\">\u00a0son las tres personas que est\u00e1n\u00a0<\/a><a id=\"i-12\" class=\"frase_link\" style=\"color: #000000;\" title=\"Hac\u00e9 click para ver esta frase en el video\" href=\"https:\/\/youtube.com\/watch?v=YyBjHsCZNx8&amp;feature=youtu.be&amp;t=31\" target=\"_blank\" rel=\"noopener\" data-toggle=\"tooltip\">separadas de mi ejecutivo. Lo <\/a><a id=\"i-13\" class=\"frase_link\" style=\"color: #000000;\" title=\"Hac\u00e9 click para ver esta frase en el video\" href=\"https:\/\/youtube.com\/watch?v=YyBjHsCZNx8&amp;feature=youtu.be&amp;t=34\" target=\"_blank\" rel=\"noopener\" data-toggle=\"tooltip\">dem\u00e1s est\u00e1 a cargo de la justicia. No <\/a><a id=\"i-14\" class=\"frase_link\" style=\"color: #000000;\" title=\"Hac\u00e9 click para ver esta frase en el video\" href=\"https:\/\/youtube.com\/watch?v=YyBjHsCZNx8&amp;feature=youtu.be&amp;t=36\" target=\"_blank\" rel=\"noopener\" data-toggle=\"tooltip\">tengo ning\u00fan problema, voy a ir a hablar <\/a><a id=\"i-15\" class=\"frase_link\" style=\"color: #000000;\" title=\"Hac\u00e9 click para ver esta frase en el video\" href=\"https:\/\/youtube.com\/watch?v=YyBjHsCZNx8&amp;feature=youtu.be&amp;t=38\" target=\"_blank\" rel=\"noopener\" data-toggle=\"tooltip\">porque no tengo nada que ocultar pero me\u00a0<\/a><a id=\"i-16\" class=\"frase_link\" style=\"color: #000000;\" title=\"Hac\u00e9 click para ver esta frase en el video\" href=\"https:\/\/youtube.com\/watch?v=YyBjHsCZNx8&amp;feature=youtu.be&amp;t=42\" target=\"_blank\" rel=\"noopener\" data-toggle=\"tooltip\">parece que no tiene sentido porque como\u00a0<\/a><a id=\"i-17\" class=\"frase_link\" style=\"color: #000000;\" title=\"Hac\u00e9 click para ver esta frase en el video\" href=\"https:\/\/youtube.com\/watch?v=YyBjHsCZNx8&amp;feature=youtu.be&amp;t=44\" target=\"_blank\" rel=\"noopener\" data-toggle=\"tooltip\">ustedes saben las puertas de mi despacho\u00a0<\/a><a id=\"i-18\" class=\"frase_link\" style=\"color: #000000;\" title=\"Hac\u00e9 click para ver esta frase en el video\" href=\"https:\/\/youtube.com\/watch?v=YyBjHsCZNx8&amp;feature=youtu.be&amp;t=46\" target=\"_blank\" rel=\"noopener\" data-toggle=\"tooltip\">siempre estuvo abierta para todos los\u00a0<\/a><a id=\"i-19\" class=\"frase_link\" style=\"color: #000000;\" title=\"Hac\u00e9 click para ver esta frase en el video\" href=\"https:\/\/youtube.com\/watch?v=YyBjHsCZNx8&amp;feature=youtu.be&amp;t=47\" target=\"_blank\" rel=\"noopener\" data-toggle=\"tooltip\">concejales y no tuve ning\u00fan problema en <\/a><a id=\"i-20\" class=\"frase_link\" style=\"color: #000000;\" title=\"Hac\u00e9 click para ver esta frase en el video\" href=\"https:\/\/youtube.com\/watch?v=YyBjHsCZNx8&amp;feature=youtu.be&amp;t=50\" target=\"_blank\" rel=\"noopener\" data-toggle=\"tooltip\">\u00a0hablar con ellos, pero bueno quieren <\/a><a id=\"i-21\" class=\"frase_link\" style=\"color: #000000;\" title=\"Hac\u00e9 click para ver esta frase en el video\" href=\"https:\/\/youtube.com\/watch?v=YyBjHsCZNx8&amp;feature=youtu.be&amp;t=52\" target=\"_blank\" rel=\"noopener\" data-toggle=\"tooltip\">que yo vaya a hablar no tengo problema a\u00a0<\/a><a id=\"i-22\" class=\"frase_link\" style=\"color: #000000;\" title=\"Hac\u00e9 click para ver esta frase en el video\" href=\"https:\/\/youtube.com\/watch?v=YyBjHsCZNx8&amp;feature=youtu.be&amp;t=53\" target=\"_blank\" rel=\"noopener\" data-toggle=\"tooltip\">las 7 de la tarde voy a estar ah\u00ed&#8221; sostuvo el Intendente Bordoni.<\/a><\/span><\/h5>\n<h5 class=\"text-justify py-5\"><span style=\"color: #000000;\"><a id=\"i-22\" class=\"frase_link\" style=\"color: #000000;\" title=\"Hac\u00e9 click para ver esta frase en el video\" href=\"https:\/\/youtube.com\/watch?v=YyBjHsCZNx8&amp;feature=youtu.be&amp;t=53\" target=\"_blank\" rel=\"noopener\" data-toggle=\"tooltip\"> &#8220;Voy a <\/a><a id=\"i-23\" class=\"frase_link\" style=\"color: #000000;\" title=\"Hac\u00e9 click para ver esta frase en el video\" href=\"https:\/\/youtube.com\/watch?v=YyBjHsCZNx8&amp;feature=youtu.be&amp;t=55\" target=\"_blank\" rel=\"noopener\" data-toggle=\"tooltip\">ir a hablar pero mucho no va a durar, les <\/a><a id=\"i-24\" class=\"frase_link\" style=\"color: #000000;\" title=\"Hac\u00e9 click para ver esta frase en el video\" href=\"https:\/\/youtube.com\/watch?v=YyBjHsCZNx8&amp;feature=youtu.be&amp;t=57\" target=\"_blank\" rel=\"noopener\" data-toggle=\"tooltip\">puedo asegurar, porque no hay mucho para <\/a><a id=\"i-25\" class=\"frase_link\" style=\"color: #000000;\" title=\"Hac\u00e9 click para ver esta frase en el video\" href=\"https:\/\/youtube.com\/watch?v=YyBjHsCZNx8&amp;feature=youtu.be&amp;t=58\" target=\"_blank\" rel=\"noopener\" data-toggle=\"tooltip\">hablar&#8221;<\/a><\/span><\/h5>\n<h5 class=\"text-justify py-5\"><span style=\"color: #000000;\"><a id=\"i-25\" class=\"frase_link\" style=\"color: #000000;\" title=\"Hac\u00e9 click para ver esta frase en el video\" href=\"https:\/\/youtube.com\/watch?v=YyBjHsCZNx8&amp;feature=youtu.be&amp;t=58\" target=\"_blank\" rel=\"noopener\" data-toggle=\"tooltip\">Respecto a la denuncia penal contra Julio Baamonde aclar\u00f3 que\u00a0 &#8220;Ya <\/a><a id=\"i-26\" class=\"frase_link\" style=\"color: #000000;\" title=\"Hac\u00e9 click para ver esta frase en el video\" href=\"https:\/\/youtube.com\/watch?v=YyBjHsCZNx8&amp;feature=youtu.be&amp;t=62\" target=\"_blank\" rel=\"noopener\" data-toggle=\"tooltip\">est\u00e1 resuelto, pero no est\u00e1 resuelto por <\/a><a id=\"i-27\" class=\"frase_link\" style=\"color: #000000;\" title=\"Hac\u00e9 click para ver esta frase en el video\" href=\"https:\/\/youtube.com\/watch?v=YyBjHsCZNx8&amp;feature=youtu.be&amp;t=64\" target=\"_blank\" rel=\"noopener\" data-toggle=\"tooltip\">la causa que ellos dicen que tiene que\u00a0<\/a><a id=\"i-28\" class=\"frase_link\" style=\"color: #000000;\" title=\"Hac\u00e9 click para ver esta frase en el video\" href=\"https:\/\/youtube.com\/watch?v=YyBjHsCZNx8&amp;feature=youtu.be&amp;t=65\" target=\"_blank\" rel=\"noopener\" data-toggle=\"tooltip\">estar resuelto. La verdad que Baamonde <\/a><a id=\"i-29\" class=\"frase_link\" style=\"color: #000000;\" title=\"Hac\u00e9 click para ver esta frase en el video\" href=\"https:\/\/youtube.com\/watch?v=YyBjHsCZNx8&amp;feature=youtu.be&amp;t=67\" target=\"_blank\" rel=\"noopener\" data-toggle=\"tooltip\">as\u00ed como Adriana Nielsen, es directora de <\/a><a id=\"i-30\" class=\"frase_link\" style=\"color: #000000;\" title=\"Hac\u00e9 click para ver esta frase en el video\" href=\"https:\/\/youtube.com\/watch?v=YyBjHsCZNx8&amp;feature=youtu.be&amp;t=70\" target=\"_blank\" rel=\"noopener\" data-toggle=\"tooltip\">gobierno; <\/a><a id=\"i-31\" class=\"frase_link\" style=\"color: #000000;\" title=\"Hac\u00e9 click para ver esta frase en el video\" href=\"https:\/\/youtube.com\/watch?v=YyBjHsCZNx8&amp;feature=youtu.be&amp;t=71\" target=\"_blank\" rel=\"noopener\" data-toggle=\"tooltip\">Baamonde no era delegado en los papeles <\/a><a id=\"i-32\" class=\"frase_link\" style=\"color: #000000;\" title=\"Hac\u00e9 click para ver esta frase en el video\" href=\"https:\/\/youtube.com\/watch?v=YyBjHsCZNx8&amp;feature=youtu.be&amp;t=75\" target=\"_blank\" rel=\"noopener\" data-toggle=\"tooltip\">porque no ten\u00eda firma como Adriana no <\/a><a id=\"i-33\" class=\"frase_link\" style=\"color: #000000;\" title=\"Hac\u00e9 click para ver esta frase en el video\" href=\"https:\/\/youtube.com\/watch?v=YyBjHsCZNx8&amp;feature=youtu.be&amp;t=76\" target=\"_blank\" rel=\"noopener\" data-toggle=\"tooltip\">tiene firma por ser jubilado y es <\/a><a id=\"i-34\" class=\"frase_link\" style=\"color: #000000;\" title=\"Hac\u00e9 click para ver esta frase en el video\" href=\"https:\/\/youtube.com\/watch?v=YyBjHsCZNx8&amp;feature=youtu.be&amp;t=79\" target=\"_blank\" rel=\"noopener\" data-toggle=\"tooltip\">monotributista y nos\u00a0 facturan y eso <\/a><a id=\"i-35\" class=\"frase_link\" style=\"color: #000000;\" title=\"Hac\u00e9 click para ver esta frase en el video\" href=\"https:\/\/youtube.com\/watch?v=YyBjHsCZNx8&amp;feature=youtu.be&amp;t=83\" target=\"_blank\" rel=\"noopener\" data-toggle=\"tooltip\">ya lo ten\u00edamos con Noeli Kloster o con <\/a><a id=\"i-36\" class=\"frase_link\" style=\"color: #000000;\" title=\"Hac\u00e9 click para ver esta frase en el video\" href=\"https:\/\/youtube.com\/watch?v=YyBjHsCZNx8&amp;feature=youtu.be&amp;t=86\" target=\"_blank\" rel=\"noopener\" data-toggle=\"tooltip\">Mart\u00edn Cenizo y el\u00a0 <\/a><a id=\"i-37\" class=\"frase_link\" style=\"color: #000000;\" title=\"Hac\u00e9 click para ver esta frase en el video\" href=\"https:\/\/youtube.com\/watch?v=YyBjHsCZNx8&amp;feature=youtu.be&amp;t=88\" target=\"_blank\" rel=\"noopener\" data-toggle=\"tooltip\">tribunal nunca lo objet\u00f3&#8221;<\/a><\/span><\/h5>\n<h5 class=\"text-justify py-5\"><span style=\"color: #000000;\"><a id=\"i-39\" class=\"frase_link\" style=\"color: #000000;\" title=\"Hac\u00e9 click para ver esta frase en el video\" href=\"https:\/\/youtube.com\/watch?v=YyBjHsCZNx8&amp;feature=youtu.be&amp;t=94\" target=\"_blank\" rel=\"noopener\" data-toggle=\"tooltip\">&#8220;No tengo nada <\/a><a id=\"i-40\" class=\"frase_link\" style=\"color: #000000;\" title=\"Hac\u00e9 click para ver esta frase en el video\" href=\"https:\/\/youtube.com\/watch?v=YyBjHsCZNx8&amp;feature=youtu.be&amp;t=97\" target=\"_blank\" rel=\"noopener\" data-toggle=\"tooltip\">para ocultar pero no creo que dure mucho\u00a0<\/a><a id=\"i-41\" class=\"frase_link\" style=\"color: #000000;\" title=\"Hac\u00e9 click para ver esta frase en el video\" href=\"https:\/\/youtube.com\/watch?v=YyBjHsCZNx8&amp;feature=youtu.be&amp;t=99\" target=\"_blank\" rel=\"noopener\" data-toggle=\"tooltip\">sinceramente porque no tengo mucho m\u00e1s\u00a0<\/a><a id=\"i-42\" class=\"frase_link\" style=\"color: #000000;\" title=\"Hac\u00e9 click para ver esta frase en el video\" href=\"https:\/\/youtube.com\/watch?v=YyBjHsCZNx8&amp;feature=youtu.be&amp;t=100\" target=\"_blank\" rel=\"noopener\" data-toggle=\"tooltip\">para decir mas all\u00e1 de lo que\u00a0 estoy\u00a0<\/a>comentando&#8221; cerr\u00f3 Bordoni.<\/span><\/h5>\n<p><iframe loading=\"lazy\" title=\"2023 12 01 INTERPELACI\u00d3N DEL HCD AL INTENDENTE MUNICIPAL SERGIO BORDONI\" width=\"500\" height=\"281\" src=\"https:\/\/www.youtube.com\/embed\/YyBjHsCZNx8?feature=oembed\" frameborder=\"0\" allow=\"accelerometer; autoplay; clipboard-write; encrypted-media; gyroscope; picture-in-picture; web-share\" referrerpolicy=\"strict-origin-when-cross-origin\" allowfullscreen><\/iframe><\/p>\n","protected":false},"excerpt":{"rendered":"<p>El Intendente Sergio Bordoni concurrir\u00e1 esta tarde al recinto del HCD. para brindar informaci\u00f3n en la interpelaci\u00f3n presentada por el Bloque de Juntos relacionado a la &#8220;Causa Camioneta&#8221; y la denuncia penal presentada por vecinos y vecinas de Sierra de la Ventana y Villa Ventana por la presencia de\u00a0 Julio Baamonde como delegado de Sierra [&hellip;]<\/p>\n","protected":false},"author":5,"featured_media":80662,"comment_status":"closed","ping_status":"closed","sticky":false,"template":"","format":"standard","meta":{"footnotes":""},"categories":[51,52,59],"tags":[],"class_list":["post-80661","post","type-post","status-publish","format-standard","has-post-thumbnail","hentry","category-comunidad","category-destacadas","category-municipales"],"yoast_head":"<!-- This site is optimized with the Yoast SEO plugin v19.7.1 - https:\/\/yoast.com\/wordpress\/plugins\/seo\/ -->\n<title>Bordoni y la interpelaci\u00f3n: &quot;Voy a hablar porque no tengo nada que ocultar, pero me\u00a0parece que no tiene sentido&quot; - CELTTV<\/title>\n<meta name=\"description\" content=\"Sitio web de noticias de la localidad de Tornquist, provincia de Buenos Aires, Rep\u00fablica Argentina. Contenido propio originado por periodistas de CELTTV, el canal de TV local de la Cooperativa El\u00e9ctrica de Tornquist. Turismo, Pol\u00edtica, Sociedad, Deporte, Cultura y todo el contenido de inter\u00e9s general que la gente del pueblo y la regi\u00f3n debe conocer.\" \/>\n<meta name=\"robots\" content=\"index, follow, max-snippet:-1, max-image-preview:large, max-video-preview:-1\" \/>\n<link rel=\"canonical\" href=\"https:\/\/www.celttv.com.ar\/index.php\/2023\/12\/01\/bordoni-y-la-interpelacion-voy-a-hablar-porque-no-tengo-nada-que-ocultar-pero-me-parece-que-no-tiene-sentido\/\" \/>\n<meta property=\"og:locale\" content=\"es_ES\" \/>\n<meta property=\"og:type\" content=\"article\" \/>\n<meta property=\"og:title\" content=\"Bordoni y la interpelaci\u00f3n: &quot;Voy a hablar porque no tengo nada que ocultar, pero me\u00a0parece que no tiene sentido&quot; - CELTTV\" \/>\n<meta property=\"og:description\" content=\"Sitio web de noticias de la localidad de Tornquist, provincia de Buenos Aires, Rep\u00fablica Argentina. Contenido propio originado por periodistas de CELTTV, el canal de TV local de la Cooperativa El\u00e9ctrica de Tornquist. Turismo, Pol\u00edtica, Sociedad, Deporte, Cultura y todo el contenido de inter\u00e9s general que la gente del pueblo y la regi\u00f3n debe conocer.\" \/>\n<meta property=\"og:url\" content=\"https:\/\/www.celttv.com.ar\/index.php\/2023\/12\/01\/bordoni-y-la-interpelacion-voy-a-hablar-porque-no-tengo-nada-que-ocultar-pero-me-parece-que-no-tiene-sentido\/\" \/>\n<meta property=\"og:site_name\" content=\"CELTTV\" \/>\n<meta property=\"article:publisher\" content=\"https:\/\/www.facebook.com\/celtTV\/\" \/>\n<meta property=\"article:published_time\" content=\"2023-12-01T20:27:22+00:00\" \/>\n<meta property=\"og:image\" content=\"https:\/\/www.celttv.com.ar\/wp-content\/uploads\/2023\/12\/bORDONI-HOY.jpg\" \/>\n\t<meta property=\"og:image:width\" content=\"756\" \/>\n\t<meta property=\"og:image:height\" content=\"564\" \/>\n\t<meta property=\"og:image:type\" content=\"image\/jpeg\" \/>\n<meta name=\"author\" content=\"Miguel Herrada\" \/>\n<meta name=\"twitter:card\" content=\"summary_large_image\" \/>\n<meta name=\"twitter:label1\" content=\"Escrito por\" \/>\n\t<meta name=\"twitter:data1\" content=\"Miguel Herrada\" \/>\n\t<meta name=\"twitter:label2\" content=\"Tiempo de lectura\" \/>\n\t<meta name=\"twitter:data2\" content=\"2 minutos\" \/>\n<script type=\"application\/ld+json\" class=\"yoast-schema-graph\">{\"@context\":\"https:\/\/schema.org\",\"@graph\":[{\"@type\":\"NewsArticle\",\"@id\":\"https:\/\/www.celttv.com.ar\/index.php\/2023\/12\/01\/bordoni-y-la-interpelacion-voy-a-hablar-porque-no-tengo-nada-que-ocultar-pero-me-parece-que-no-tiene-sentido\/#article\",\"isPartOf\":{\"@id\":\"https:\/\/www.celttv.com.ar\/index.php\/2023\/12\/01\/bordoni-y-la-interpelacion-voy-a-hablar-porque-no-tengo-nada-que-ocultar-pero-me-parece-que-no-tiene-sentido\/\"},\"author\":{\"name\":\"Miguel Herrada\",\"@id\":\"https:\/\/www.celttv.com.ar\/#\/schema\/person\/9059dc91dc7204ef4182cdb65225f07d\"},\"headline\":\"Bordoni y la interpelaci\u00f3n: &#8220;Voy a hablar porque no tengo nada que ocultar, pero me\u00a0parece que no tiene sentido&#8221;\",\"datePublished\":\"2023-12-01T20:27:22+00:00\",\"dateModified\":\"2023-12-01T20:27:22+00:00\",\"mainEntityOfPage\":{\"@id\":\"https:\/\/www.celttv.com.ar\/index.php\/2023\/12\/01\/bordoni-y-la-interpelacion-voy-a-hablar-porque-no-tengo-nada-que-ocultar-pero-me-parece-que-no-tiene-sentido\/\"},\"wordCount\":405,\"publisher\":{\"@id\":\"https:\/\/www.celttv.com.ar\/#organization\"},\"articleSection\":[\"Comunidad\",\"Destacadas\",\"Municipales\"],\"inLanguage\":\"es\"},{\"@type\":\"WebPage\",\"@id\":\"https:\/\/www.celttv.com.ar\/index.php\/2023\/12\/01\/bordoni-y-la-interpelacion-voy-a-hablar-porque-no-tengo-nada-que-ocultar-pero-me-parece-que-no-tiene-sentido\/\",\"url\":\"https:\/\/www.celttv.com.ar\/index.php\/2023\/12\/01\/bordoni-y-la-interpelacion-voy-a-hablar-porque-no-tengo-nada-que-ocultar-pero-me-parece-que-no-tiene-sentido\/\",\"name\":\"Bordoni y la interpelaci\u00f3n: \\\"Voy a hablar porque no tengo nada que ocultar, pero me\u00a0parece que no tiene sentido\\\" - CELTTV\",\"isPartOf\":{\"@id\":\"https:\/\/www.celttv.com.ar\/#website\"},\"datePublished\":\"2023-12-01T20:27:22+00:00\",\"dateModified\":\"2023-12-01T20:27:22+00:00\",\"description\":\"Sitio web de noticias de la localidad de Tornquist, provincia de Buenos Aires, Rep\u00fablica Argentina. Contenido propio originado por periodistas de CELTTV, el canal de TV local de la Cooperativa El\u00e9ctrica de Tornquist. Turismo, Pol\u00edtica, Sociedad, Deporte, Cultura y todo el contenido de inter\u00e9s general que la gente del pueblo y la regi\u00f3n debe conocer.\",\"breadcrumb\":{\"@id\":\"https:\/\/www.celttv.com.ar\/index.php\/2023\/12\/01\/bordoni-y-la-interpelacion-voy-a-hablar-porque-no-tengo-nada-que-ocultar-pero-me-parece-que-no-tiene-sentido\/#breadcrumb\"},\"inLanguage\":\"es\",\"potentialAction\":[{\"@type\":\"ReadAction\",\"target\":[\"https:\/\/www.celttv.com.ar\/index.php\/2023\/12\/01\/bordoni-y-la-interpelacion-voy-a-hablar-porque-no-tengo-nada-que-ocultar-pero-me-parece-que-no-tiene-sentido\/\"]}]},{\"@type\":\"BreadcrumbList\",\"@id\":\"https:\/\/www.celttv.com.ar\/index.php\/2023\/12\/01\/bordoni-y-la-interpelacion-voy-a-hablar-porque-no-tengo-nada-que-ocultar-pero-me-parece-que-no-tiene-sentido\/#breadcrumb\",\"itemListElement\":[{\"@type\":\"ListItem\",\"position\":1,\"name\":\"Inicio\",\"item\":\"https:\/\/www.celttv.com.ar\/\"},{\"@type\":\"ListItem\",\"position\":2,\"name\":\"Bordoni y la interpelaci\u00f3n: &#8220;Voy a hablar porque no tengo nada que ocultar, pero me\u00a0parece que no tiene sentido&#8221;\"}]},{\"@type\":\"WebSite\",\"@id\":\"https:\/\/www.celttv.com.ar\/#website\",\"url\":\"https:\/\/www.celttv.com.ar\/\",\"name\":\"CELTTV\",\"description\":\"Cooperativa El\u00e9ctrica de Tornquist\",\"publisher\":{\"@id\":\"https:\/\/www.celttv.com.ar\/#organization\"},\"potentialAction\":[{\"@type\":\"SearchAction\",\"target\":{\"@type\":\"EntryPoint\",\"urlTemplate\":\"https:\/\/www.celttv.com.ar\/?s={search_term_string}\"},\"query-input\":\"required name=search_term_string\"}],\"inLanguage\":\"es\"},{\"@type\":\"Organization\",\"@id\":\"https:\/\/www.celttv.com.ar\/#organization\",\"name\":\"CELTTV\",\"url\":\"https:\/\/www.celttv.com.ar\/\",\"sameAs\":[\"https:\/\/www.youtube.com\/channel\/UCz_oIt8Hig64Ub-EmcNPIhg\",\"https:\/\/www.facebook.com\/celtTV\/\"],\"logo\":{\"@type\":\"ImageObject\",\"inLanguage\":\"es\",\"@id\":\"https:\/\/www.celttv.com.ar\/#\/schema\/logo\/image\/\",\"url\":\"http:\/\/www.celttv.com.ar\/wp-content\/uploads\/2022\/08\/logo-1.png\",\"contentUrl\":\"http:\/\/www.celttv.com.ar\/wp-content\/uploads\/2022\/08\/logo-1.png\",\"width\":461,\"height\":159,\"caption\":\"CELTTV\"},\"image\":{\"@id\":\"https:\/\/www.celttv.com.ar\/#\/schema\/logo\/image\/\"}},{\"@type\":\"Person\",\"@id\":\"https:\/\/www.celttv.com.ar\/#\/schema\/person\/9059dc91dc7204ef4182cdb65225f07d\",\"name\":\"Miguel Herrada\",\"image\":{\"@type\":\"ImageObject\",\"inLanguage\":\"es\",\"@id\":\"https:\/\/www.celttv.com.ar\/#\/schema\/person\/image\/\",\"url\":\"https:\/\/secure.gravatar.com\/avatar\/67724d5b3c716623ffd76bec7e45841a442ac3b456e914dbba90b0fad2b8e0b1?s=96&d=mm&r=g\",\"contentUrl\":\"https:\/\/secure.gravatar.com\/avatar\/67724d5b3c716623ffd76bec7e45841a442ac3b456e914dbba90b0fad2b8e0b1?s=96&d=mm&r=g\",\"caption\":\"Miguel Herrada\"}}]}<\/script>\n<!-- \/ Yoast SEO plugin. -->","yoast_head_json":{"title":"Bordoni y la interpelaci\u00f3n: \"Voy a hablar porque no tengo nada que ocultar, pero me\u00a0parece que no tiene sentido\" - CELTTV","description":"Sitio web de noticias de la localidad de Tornquist, provincia de Buenos Aires, Rep\u00fablica Argentina. Contenido propio originado por periodistas de CELTTV, el canal de TV local de la Cooperativa El\u00e9ctrica de Tornquist. Turismo, Pol\u00edtica, Sociedad, Deporte, Cultura y todo el contenido de inter\u00e9s general que la gente del pueblo y la regi\u00f3n debe conocer.","robots":{"index":"index","follow":"follow","max-snippet":"max-snippet:-1","max-image-preview":"max-image-preview:large","max-video-preview":"max-video-preview:-1"},"canonical":"https:\/\/www.celttv.com.ar\/index.php\/2023\/12\/01\/bordoni-y-la-interpelacion-voy-a-hablar-porque-no-tengo-nada-que-ocultar-pero-me-parece-que-no-tiene-sentido\/","og_locale":"es_ES","og_type":"article","og_title":"Bordoni y la interpelaci\u00f3n: \"Voy a hablar porque no tengo nada que ocultar, pero me\u00a0parece que no tiene sentido\" - CELTTV","og_description":"Sitio web de noticias de la localidad de Tornquist, provincia de Buenos Aires, Rep\u00fablica Argentina. Contenido propio originado por periodistas de CELTTV, el canal de TV local de la Cooperativa El\u00e9ctrica de Tornquist. Turismo, Pol\u00edtica, Sociedad, Deporte, Cultura y todo el contenido de inter\u00e9s general que la gente del pueblo y la regi\u00f3n debe conocer.","og_url":"https:\/\/www.celttv.com.ar\/index.php\/2023\/12\/01\/bordoni-y-la-interpelacion-voy-a-hablar-porque-no-tengo-nada-que-ocultar-pero-me-parece-que-no-tiene-sentido\/","og_site_name":"CELTTV","article_publisher":"https:\/\/www.facebook.com\/celtTV\/","article_published_time":"2023-12-01T20:27:22+00:00","og_image":[{"width":756,"height":564,"url":"https:\/\/www.celttv.com.ar\/wp-content\/uploads\/2023\/12\/bORDONI-HOY.jpg","type":"image\/jpeg"}],"author":"Miguel Herrada","twitter_card":"summary_large_image","twitter_misc":{"Escrito por":"Miguel Herrada","Tiempo de lectura":"2 minutos"},"schema":{"@context":"https:\/\/schema.org","@graph":[{"@type":"NewsArticle","@id":"https:\/\/www.celttv.com.ar\/index.php\/2023\/12\/01\/bordoni-y-la-interpelacion-voy-a-hablar-porque-no-tengo-nada-que-ocultar-pero-me-parece-que-no-tiene-sentido\/#article","isPartOf":{"@id":"https:\/\/www.celttv.com.ar\/index.php\/2023\/12\/01\/bordoni-y-la-interpelacion-voy-a-hablar-porque-no-tengo-nada-que-ocultar-pero-me-parece-que-no-tiene-sentido\/"},"author":{"name":"Miguel Herrada","@id":"https:\/\/www.celttv.com.ar\/#\/schema\/person\/9059dc91dc7204ef4182cdb65225f07d"},"headline":"Bordoni y la interpelaci\u00f3n: &#8220;Voy a hablar porque no tengo nada que ocultar, pero me\u00a0parece que no tiene sentido&#8221;","datePublished":"2023-12-01T20:27:22+00:00","dateModified":"2023-12-01T20:27:22+00:00","mainEntityOfPage":{"@id":"https:\/\/www.celttv.com.ar\/index.php\/2023\/12\/01\/bordoni-y-la-interpelacion-voy-a-hablar-porque-no-tengo-nada-que-ocultar-pero-me-parece-que-no-tiene-sentido\/"},"wordCount":405,"publisher":{"@id":"https:\/\/www.celttv.com.ar\/#organization"},"articleSection":["Comunidad","Destacadas","Municipales"],"inLanguage":"es"},{"@type":"WebPage","@id":"https:\/\/www.celttv.com.ar\/index.php\/2023\/12\/01\/bordoni-y-la-interpelacion-voy-a-hablar-porque-no-tengo-nada-que-ocultar-pero-me-parece-que-no-tiene-sentido\/","url":"https:\/\/www.celttv.com.ar\/index.php\/2023\/12\/01\/bordoni-y-la-interpelacion-voy-a-hablar-porque-no-tengo-nada-que-ocultar-pero-me-parece-que-no-tiene-sentido\/","name":"Bordoni y la interpelaci\u00f3n: \"Voy a hablar porque no tengo nada que ocultar, pero me\u00a0parece que no tiene sentido\" - CELTTV","isPartOf":{"@id":"https:\/\/www.celttv.com.ar\/#website"},"datePublished":"2023-12-01T20:27:22+00:00","dateModified":"2023-12-01T20:27:22+00:00","description":"Sitio web de noticias de la localidad de Tornquist, provincia de Buenos Aires, Rep\u00fablica Argentina. Contenido propio originado por periodistas de CELTTV, el canal de TV local de la Cooperativa El\u00e9ctrica de Tornquist. Turismo, Pol\u00edtica, Sociedad, Deporte, Cultura y todo el contenido de inter\u00e9s general que la gente del pueblo y la regi\u00f3n debe conocer.","breadcrumb":{"@id":"https:\/\/www.celttv.com.ar\/index.php\/2023\/12\/01\/bordoni-y-la-interpelacion-voy-a-hablar-porque-no-tengo-nada-que-ocultar-pero-me-parece-que-no-tiene-sentido\/#breadcrumb"},"inLanguage":"es","potentialAction":[{"@type":"ReadAction","target":["https:\/\/www.celttv.com.ar\/index.php\/2023\/12\/01\/bordoni-y-la-interpelacion-voy-a-hablar-porque-no-tengo-nada-que-ocultar-pero-me-parece-que-no-tiene-sentido\/"]}]},{"@type":"BreadcrumbList","@id":"https:\/\/www.celttv.com.ar\/index.php\/2023\/12\/01\/bordoni-y-la-interpelacion-voy-a-hablar-porque-no-tengo-nada-que-ocultar-pero-me-parece-que-no-tiene-sentido\/#breadcrumb","itemListElement":[{"@type":"ListItem","position":1,"name":"Inicio","item":"https:\/\/www.celttv.com.ar\/"},{"@type":"ListItem","position":2,"name":"Bordoni y la interpelaci\u00f3n: &#8220;Voy a hablar porque no tengo nada que ocultar, pero me\u00a0parece que no tiene sentido&#8221;"}]},{"@type":"WebSite","@id":"https:\/\/www.celttv.com.ar\/#website","url":"https:\/\/www.celttv.com.ar\/","name":"CELTTV","description":"Cooperativa El\u00e9ctrica de Tornquist","publisher":{"@id":"https:\/\/www.celttv.com.ar\/#organization"},"potentialAction":[{"@type":"SearchAction","target":{"@type":"EntryPoint","urlTemplate":"https:\/\/www.celttv.com.ar\/?s={search_term_string}"},"query-input":"required name=search_term_string"}],"inLanguage":"es"},{"@type":"Organization","@id":"https:\/\/www.celttv.com.ar\/#organization","name":"CELTTV","url":"https:\/\/www.celttv.com.ar\/","sameAs":["https:\/\/www.youtube.com\/channel\/UCz_oIt8Hig64Ub-EmcNPIhg","https:\/\/www.facebook.com\/celtTV\/"],"logo":{"@type":"ImageObject","inLanguage":"es","@id":"https:\/\/www.celttv.com.ar\/#\/schema\/logo\/image\/","url":"http:\/\/www.celttv.com.ar\/wp-content\/uploads\/2022\/08\/logo-1.png","contentUrl":"http:\/\/www.celttv.com.ar\/wp-content\/uploads\/2022\/08\/logo-1.png","width":461,"height":159,"caption":"CELTTV"},"image":{"@id":"https:\/\/www.celttv.com.ar\/#\/schema\/logo\/image\/"}},{"@type":"Person","@id":"https:\/\/www.celttv.com.ar\/#\/schema\/person\/9059dc91dc7204ef4182cdb65225f07d","name":"Miguel Herrada","image":{"@type":"ImageObject","inLanguage":"es","@id":"https:\/\/www.celttv.com.ar\/#\/schema\/person\/image\/","url":"https:\/\/secure.gravatar.com\/avatar\/67724d5b3c716623ffd76bec7e45841a442ac3b456e914dbba90b0fad2b8e0b1?s=96&d=mm&r=g","contentUrl":"https:\/\/secure.gravatar.com\/avatar\/67724d5b3c716623ffd76bec7e45841a442ac3b456e914dbba90b0fad2b8e0b1?s=96&d=mm&r=g","caption":"Miguel Herrada"}}]}},"_links":{"self":[{"href":"https:\/\/www.celttv.com.ar\/index.php\/wp-json\/wp\/v2\/posts\/80661","targetHints":{"allow":["GET"]}}],"collection":[{"href":"https:\/\/www.celttv.com.ar\/index.php\/wp-json\/wp\/v2\/posts"}],"about":[{"href":"https:\/\/www.celttv.com.ar\/index.php\/wp-json\/wp\/v2\/types\/post"}],"author":[{"embeddable":true,"href":"https:\/\/www.celttv.com.ar\/index.php\/wp-json\/wp\/v2\/users\/5"}],"replies":[{"embeddable":true,"href":"https:\/\/www.celttv.com.ar\/index.php\/wp-json\/wp\/v2\/comments?post=80661"}],"version-history":[{"count":2,"href":"https:\/\/www.celttv.com.ar\/index.php\/wp-json\/wp\/v2\/posts\/80661\/revisions"}],"predecessor-version":[{"id":80664,"href":"https:\/\/www.celttv.com.ar\/index.php\/wp-json\/wp\/v2\/posts\/80661\/revisions\/80664"}],"wp:featuredmedia":[{"embeddable":true,"href":"https:\/\/www.celttv.com.ar\/index.php\/wp-json\/wp\/v2\/media\/80662"}],"wp:attachment":[{"href":"https:\/\/www.celttv.com.ar\/index.php\/wp-json\/wp\/v2\/media?parent=80661"}],"wp:term":[{"taxonomy":"category","embeddable":true,"href":"https:\/\/www.celttv.com.ar\/index.php\/wp-json\/wp\/v2\/categories?post=80661"},{"taxonomy":"post_tag","embeddable":true,"href":"https:\/\/www.celttv.com.ar\/index.php\/wp-json\/wp\/v2\/tags?post=80661"}],"curies":[{"name":"wp","href":"https:\/\/api.w.org\/{rel}","templated":true}]}}