{"id":80677,"date":"2023-12-02T12:10:23","date_gmt":"2023-12-02T15:10:23","guid":{"rendered":"http:\/\/www.celttv.com.ar\/?p=80677"},"modified":"2023-12-02T12:10:23","modified_gmt":"2023-12-02T15:10:23","slug":"la-escuela-folklorica-municipal-cerrara-el-ano-este-sabado-en-el-teatro-municipal","status":"publish","type":"post","link":"https:\/\/www.celttv.com.ar\/index.php\/2023\/12\/02\/la-escuela-folklorica-municipal-cerrara-el-ano-este-sabado-en-el-teatro-municipal\/","title":{"rendered":"La Escuela Folkl\u00f3rica Municipal cerrar\u00e1 el a\u00f1o \u00e9ste s\u00e1bado en el Teatro Municipal"},"content":{"rendered":"<h4 id=\"result-es\" class=\"text-justify py-5\"><span style=\"color: #000000;\"><a id=\"i-0\" class=\"frase_link\" style=\"color: #000000;\" title=\"Hac\u00e9 click para ver esta frase en el video\" href=\"https:\/\/youtube.com\/watch?v=MVvA3GG6phI&amp;feature=youtu.be&amp;t=0\" target=\"_blank\" rel=\"noopener\" data-toggle=\"tooltip\">La Escuela Folkl\u00f3rica Municipal de Tornquist cerrar\u00e0 el a\u00f1o con un espect\u00e1culo a realizarse \u00e9ste s\u00e1bado en el Teatro Municipal Rodolfo Funke.<\/a><\/span><\/h4>\n<h4 class=\"text-justify py-5\"><span style=\"color: #000000;\"><a id=\"i-0\" class=\"frase_link\" style=\"color: #000000;\" title=\"Hac\u00e9 click para ver esta frase en el video\" href=\"https:\/\/youtube.com\/watch?v=MVvA3GG6phI&amp;feature=youtu.be&amp;t=0\" target=\"_blank\" rel=\"noopener\" data-toggle=\"tooltip\">En di\u00e1logo con CELTTV Noticias Mariela Montero, Directora de la Escuela, coment\u00f3 que &#8220;este festival es el coronar un a\u00f1o <\/a><a id=\"i-1\" class=\"frase_link\" style=\"color: #000000;\" title=\"Hac\u00e9 click para ver esta frase en el video\" href=\"https:\/\/youtube.com\/watch?v=MVvA3GG6phI&amp;feature=youtu.be&amp;t=3\" target=\"_blank\" rel=\"noopener\" data-toggle=\"tooltip\">de\u00a0<\/a><a id=\"i-2\" class=\"frase_link\" style=\"color: #000000;\" title=\"Hac\u00e9 click para ver esta frase en el video\" href=\"https:\/\/youtube.com\/watch?v=MVvA3GG6phI&amp;feature=youtu.be&amp;t=5\" target=\"_blank\" rel=\"noopener\" data-toggle=\"tooltip\">trabajo donde vamos a estar con todos\u00a0<\/a><a id=\"i-3\" class=\"frase_link\" style=\"color: #000000;\" title=\"Hac\u00e9 click para ver esta frase en el video\" href=\"https:\/\/youtube.com\/watch?v=MVvA3GG6phI&amp;feature=youtu.be&amp;t=8\" target=\"_blank\" rel=\"noopener\" data-toggle=\"tooltip\">los cuerpos de baile sobre el <\/a><a id=\"i-4\" class=\"frase_link\" style=\"color: #000000;\" title=\"Hac\u00e9 click para ver esta frase en el video\" href=\"https:\/\/youtube.com\/watch?v=MVvA3GG6phI&amp;feature=youtu.be&amp;t=11\" target=\"_blank\" rel=\"noopener\" data-toggle=\"tooltip\">escenario mostrando el trabajo que se\u00a0<\/a><a id=\"i-5\" class=\"frase_link\" style=\"color: #000000;\" title=\"Hac\u00e9 click para ver esta frase en el video\" href=\"https:\/\/youtube.com\/watch?v=MVvA3GG6phI&amp;feature=youtu.be&amp;t=13\" target=\"_blank\" rel=\"noopener\" data-toggle=\"tooltip\">hizo y el que se est\u00e1 haciendo, porque en <\/a><a id=\"i-6\" class=\"frase_link\" style=\"color: #000000;\" title=\"Hac\u00e9 click para ver esta frase en el video\" href=\"https:\/\/youtube.com\/watch?v=MVvA3GG6phI&amp;feature=youtu.be&amp;t=16\" target=\"_blank\" rel=\"noopener\" data-toggle=\"tooltip\">realidad hasta una semana atr\u00e1s se\u00a0<\/a><a id=\"i-7\" class=\"frase_link\" style=\"color: #000000;\" title=\"Hac\u00e9 click para ver esta frase en el video\" href=\"https:\/\/youtube.com\/watch?v=MVvA3GG6phI&amp;feature=youtu.be&amp;t=20\" target=\"_blank\" rel=\"noopener\" data-toggle=\"tooltip\">estuvo aprendiendo y trabajando sobre\u00a0<\/a><a id=\"i-8\" class=\"frase_link\" style=\"color: #000000;\" title=\"Hac\u00e9 click para ver esta frase en el video\" href=\"https:\/\/youtube.com\/watch?v=MVvA3GG6phI&amp;feature=youtu.be&amp;t=23\" target=\"_blank\" rel=\"noopener\" data-toggle=\"tooltip\">todo lo que se va a mostrar. Por eso <\/a><a id=\"i-9\" class=\"frase_link\" style=\"color: #000000;\" title=\"Hac\u00e9 click para ver esta frase en el video\" href=\"https:\/\/youtube.com\/watch?v=MVvA3GG6phI&amp;feature=youtu.be&amp;t=25\" target=\"_blank\" rel=\"noopener\" data-toggle=\"tooltip\">nosotros siempre decimos que somos\u00a0<\/a><a id=\"i-10\" class=\"frase_link\" style=\"color: #000000;\" title=\"Hac\u00e9 click para ver esta frase en el video\" href=\"https:\/\/youtube.com\/watch?v=MVvA3GG6phI&amp;feature=youtu.be&amp;t=27\" target=\"_blank\" rel=\"noopener\" data-toggle=\"tooltip\">escuela porque\u00a0 por ah\u00ed para <\/a><a id=\"i-11\" class=\"frase_link\" style=\"color: #000000;\" title=\"Hac\u00e9 click para ver esta frase en el video\" href=\"https:\/\/youtube.com\/watch?v=MVvA3GG6phI&amp;feature=youtu.be&amp;t=30\" target=\"_blank\" rel=\"noopener\" data-toggle=\"tooltip\">lo que ustedes ven sobre el escenario\u00a0<\/a><a id=\"i-12\" class=\"frase_link\" style=\"color: #000000;\" title=\"Hac\u00e9 click para ver esta frase en el video\" href=\"https:\/\/youtube.com\/watch?v=MVvA3GG6phI&amp;feature=youtu.be&amp;t=33\" target=\"_blank\" rel=\"noopener\" data-toggle=\"tooltip\">lleva un trabajo previo con los <\/a><a id=\"i-13\" class=\"frase_link\" style=\"color: #000000;\" title=\"Hac\u00e9 click para ver esta frase en el video\" href=\"https:\/\/youtube.com\/watch?v=MVvA3GG6phI&amp;feature=youtu.be&amp;t=36\" target=\"_blank\" rel=\"noopener\" data-toggle=\"tooltip\">alumnos desde los m\u00e1s chiquitos hasta <\/a><a id=\"i-14\" class=\"frase_link\" style=\"color: #000000;\" title=\"Hac\u00e9 click para ver esta frase en el video\" href=\"https:\/\/youtube.com\/watch?v=MVvA3GG6phI&amp;feature=youtu.be&amp;t=38\" target=\"_blank\" rel=\"noopener\" data-toggle=\"tooltip\">los m\u00e1s grandes&#8221; destac\u00f3 Mariela.<\/a><\/span><\/h4>\n<h4 class=\"text-justify py-5\"><span style=\"color: #000000;\"><a id=\"i-21\" class=\"frase_link\" style=\"color: #000000;\" title=\"Hac\u00e9 click para ver esta frase en el video\" href=\"https:\/\/youtube.com\/watch?v=MVvA3GG6phI&amp;feature=youtu.be&amp;t=56\" target=\"_blank\" rel=\"noopener\" data-toggle=\"tooltip\">&#8220;Somos 60 <\/a><a id=\"i-22\" class=\"frase_link\" style=\"color: #000000;\" title=\"Hac\u00e9 click para ver esta frase en el video\" href=\"https:\/\/youtube.com\/watch?v=MVvA3GG6phI&amp;feature=youtu.be&amp;t=60\" target=\"_blank\" rel=\"noopener\" data-toggle=\"tooltip\">bailarines en total pero sabemos que <\/a><a id=\"i-23\" class=\"frase_link\" style=\"color: #000000;\" title=\"Hac\u00e9 click para ver esta frase en el video\" href=\"https:\/\/youtube.com\/watch?v=MVvA3GG6phI&amp;feature=youtu.be&amp;t=64\" target=\"_blank\" rel=\"noopener\" data-toggle=\"tooltip\">llegamos a fechas bastante complicadas, <\/a><a id=\"i-24\" class=\"frase_link\" style=\"color: #000000;\" title=\"Hac\u00e9 click para ver esta frase en el video\" href=\"https:\/\/youtube.com\/watch?v=MVvA3GG6phI&amp;feature=youtu.be&amp;t=67\" target=\"_blank\" rel=\"noopener\" data-toggle=\"tooltip\">tenemos alumnas compartidas con la <\/a><a id=\"i-25\" class=\"frase_link\" style=\"color: #000000;\" title=\"Hac\u00e9 click para ver esta frase en el video\" href=\"https:\/\/youtube.com\/watch?v=MVvA3GG6phI&amp;feature=youtu.be&amp;t=70\" target=\"_blank\" rel=\"noopener\" data-toggle=\"tooltip\">profe de Abre Tus Alas, as\u00ed <\/a><a id=\"i-26\" class=\"frase_link\" style=\"color: #000000;\" title=\"Hac\u00e9 click para ver esta frase en el video\" href=\"https:\/\/youtube.com\/watch?v=MVvA3GG6phI&amp;feature=youtu.be&amp;t=74\" target=\"_blank\" rel=\"noopener\" data-toggle=\"tooltip\">que habr\u00e1 chicas que no van a <\/a><a id=\"i-27\" class=\"frase_link\" style=\"color: #000000;\" title=\"Hac\u00e9 click para ver esta frase en el video\" href=\"https:\/\/youtube.com\/watch?v=MVvA3GG6phI&amp;feature=youtu.be&amp;t=75\" target=\"_blank\" rel=\"noopener\" data-toggle=\"tooltip\">estar y otros por <\/a><a id=\"i-28\" class=\"frase_link\" style=\"color: #000000;\" title=\"Hac\u00e9 click para ver esta frase en el video\" href=\"https:\/\/youtube.com\/watch?v=MVvA3GG6phI&amp;feature=youtu.be&amp;t=79\" target=\"_blank\" rel=\"noopener\" data-toggle=\"tooltip\">\u00a0agenda personal o por compromisos <\/a><a id=\"i-29\" class=\"frase_link\" style=\"color: #000000;\" title=\"Hac\u00e9 click para ver esta frase en el video\" href=\"https:\/\/youtube.com\/watch?v=MVvA3GG6phI&amp;feature=youtu.be&amp;t=83\" target=\"_blank\" rel=\"noopener\" data-toggle=\"tooltip\">familiares&#8221;<\/a><\/span><\/h4>\n<h4 class=\"text-justify py-5\"><span style=\"color: #000000;\">&#8220;L<a id=\"i-33\" class=\"frase_link\" style=\"color: #000000;\" title=\"Hac\u00e9 click para ver esta frase en el video\" href=\"https:\/\/youtube.com\/watch?v=MVvA3GG6phI&amp;feature=youtu.be&amp;t=92\" target=\"_blank\" rel=\"noopener\" data-toggle=\"tooltip\">o bueno\u00a0 que <\/a><a id=\"i-34\" class=\"frase_link\" style=\"color: #000000;\" title=\"Hac\u00e9 click para ver esta frase en el video\" href=\"https:\/\/youtube.com\/watch?v=MVvA3GG6phI&amp;feature=youtu.be&amp;t=94\" target=\"_blank\" rel=\"noopener\" data-toggle=\"tooltip\">se cierra un a\u00f1o dentro de lo lo que fue\u00a0<\/a><a id=\"i-35\" class=\"frase_link\" style=\"color: #000000;\" title=\"Hac\u00e9 click para ver esta frase en el video\" href=\"https:\/\/youtube.com\/watch?v=MVvA3GG6phI&amp;feature=youtu.be&amp;t=96\" target=\"_blank\" rel=\"noopener\" data-toggle=\"tooltip\">un a\u00f1o duro y es un a\u00f1o duro, complejo <\/a><a id=\"i-36\" class=\"frase_link\" style=\"color: #000000;\" title=\"Hac\u00e9 click para ver esta frase en el video\" href=\"https:\/\/youtube.com\/watch?v=MVvA3GG6phI&amp;feature=youtu.be&amp;t=98\" target=\"_blank\" rel=\"noopener\" data-toggle=\"tooltip\">desde todo punto de vista. La <\/a><a id=\"i-37\" class=\"frase_link\" style=\"color: #000000;\" title=\"Hac\u00e9 click para ver esta frase en el video\" href=\"https:\/\/youtube.com\/watch?v=MVvA3GG6phI&amp;feature=youtu.be&amp;t=100\" target=\"_blank\" rel=\"noopener\" data-toggle=\"tooltip\">escuela ha estado presente en todos los <\/a><a id=\"i-38\" class=\"frase_link\" style=\"color: #000000;\" title=\"Hac\u00e9 click para ver esta frase en el video\" href=\"https:\/\/youtube.com\/watch?v=MVvA3GG6phI&amp;feature=youtu.be&amp;t=101\" target=\"_blank\" rel=\"noopener\" data-toggle=\"tooltip\">lugares y\u00a0 ha seguido creciendo, <\/a><a id=\"i-39\" class=\"frase_link\" style=\"color: #000000;\" title=\"Hac\u00e9 click para ver esta frase en el video\" href=\"https:\/\/youtube.com\/watch?v=MVvA3GG6phI&amp;feature=youtu.be&amp;t=103\" target=\"_blank\" rel=\"noopener\" data-toggle=\"tooltip\">que ese es el gran objetivo. <\/a>L<a id=\"i-40\" class=\"frase_link\" style=\"color: #000000;\" title=\"Hac\u00e9 click para ver esta frase en el video\" href=\"https:\/\/youtube.com\/watch?v=MVvA3GG6phI&amp;feature=youtu.be&amp;t=106\" target=\"_blank\" rel=\"noopener\" data-toggle=\"tooltip\">a verdad que nosotros siempre t<\/a><a id=\"i-41\" class=\"frase_link\" style=\"color: #000000;\" title=\"Hac\u00e9 click para ver esta frase en el video\" href=\"https:\/\/youtube.com\/watch?v=MVvA3GG6phI&amp;feature=youtu.be&amp;t=109\" target=\"_blank\" rel=\"noopener\" data-toggle=\"tooltip\">ratamos de estar&#8221;<\/a><\/span><\/h4>\n<h4 class=\"text-justify py-5\"><span style=\"color: #000000;\">&#8220;H<a id=\"i-46\" class=\"frase_link\" style=\"color: #000000;\" title=\"Hac\u00e9 click para ver esta frase en el video\" href=\"https:\/\/youtube.com\/watch?v=MVvA3GG6phI&amp;feature=youtu.be&amp;t=120\" target=\"_blank\" rel=\"noopener\" data-toggle=\"tooltip\">ace 8\u00a0<\/a><a id=\"i-47\" class=\"frase_link\" style=\"color: #000000;\" title=\"Hac\u00e9 click para ver esta frase en el video\" href=\"https:\/\/youtube.com\/watch?v=MVvA3GG6phI&amp;feature=youtu.be&amp;t=124\" target=\"_blank\" rel=\"noopener\" data-toggle=\"tooltip\">a\u00f1os , quien hoy es el intendente <\/a><a id=\"i-48\" class=\"frase_link\" style=\"color: #000000;\" title=\"Hac\u00e9 click para ver esta frase en el video\" href=\"https:\/\/youtube.com\/watch?v=MVvA3GG6phI&amp;feature=youtu.be&amp;t=126\" target=\"_blank\" rel=\"noopener\" data-toggle=\"tooltip\">electo dijo &#8220;quiero que la escuela sea <\/a><a id=\"i-49\" class=\"frase_link\" style=\"color: #000000;\" title=\"Hac\u00e9 click para ver esta frase en el video\" href=\"https:\/\/youtube.com\/watch?v=MVvA3GG6phI&amp;feature=youtu.be&amp;t=128\" target=\"_blank\" rel=\"noopener\" data-toggle=\"tooltip\">federal&#8221; y bueno ah\u00ed estamos siendo <\/a><a id=\"i-50\" class=\"frase_link\" style=\"color: #000000;\" title=\"Hac\u00e9 click para ver esta frase en el video\" href=\"https:\/\/youtube.com\/watch?v=MVvA3GG6phI&amp;feature=youtu.be&amp;t=131\" target=\"_blank\" rel=\"noopener\" data-toggle=\"tooltip\">federales y con un trabajo duro&#8221;<\/a><\/span><\/h4>\n<h4 class=\"text-justify py-5\"><span style=\"color: #000000;\">Mariela destac\u00f3 la colaboraci\u00f3n recibida para poder mejorar e incorporar nuevo vestuario y la permanente respuesta del nutrido grupo de bailarines y de toda la gran familia de la Escuela Folkl\u00f3rica Municipal.<\/span><\/h4>\n<p><iframe loading=\"lazy\" title=\"2023 11 30 ESCUELA FOLKLORICA   MARIELA MONTERO 1   PRESENTACION EN EL TEATRO\" width=\"500\" height=\"281\" src=\"https:\/\/www.youtube.com\/embed\/MVvA3GG6phI?feature=oembed\" frameborder=\"0\" allow=\"accelerometer; autoplay; clipboard-write; encrypted-media; gyroscope; picture-in-picture; web-share\" referrerpolicy=\"strict-origin-when-cross-origin\" allowfullscreen><\/iframe><\/p>\n<p>&nbsp;<\/p>\n","protected":false},"excerpt":{"rendered":"<p>La Escuela Folkl\u00f3rica Municipal de Tornquist cerrar\u00e0 el a\u00f1o con un espect\u00e1culo a realizarse \u00e9ste s\u00e1bado en el Teatro Municipal Rodolfo Funke. En di\u00e1logo con CELTTV Noticias Mariela Montero, Directora de la Escuela, coment\u00f3 que &#8220;este festival es el coronar un a\u00f1o de\u00a0trabajo donde vamos a estar con todos\u00a0los cuerpos de baile sobre el escenario [&hellip;]<\/p>\n","protected":false},"author":5,"featured_media":80678,"comment_status":"closed","ping_status":"closed","sticky":false,"template":"","format":"standard","meta":{"footnotes":""},"categories":[51,26,52],"tags":[],"class_list":["post-80677","post","type-post","status-publish","format-standard","has-post-thumbnail","hentry","category-comunidad","category-culture","category-destacadas"],"yoast_head":"<!-- This site is optimized with the Yoast SEO plugin v19.7.1 - https:\/\/yoast.com\/wordpress\/plugins\/seo\/ -->\n<title>La Escuela Folkl\u00f3rica Municipal cerrar\u00e1 el a\u00f1o \u00e9ste s\u00e1bado en el Teatro Municipal - CELTTV<\/title>\n<meta name=\"description\" content=\"Sitio web de noticias de la localidad de Tornquist, provincia de Buenos Aires, Rep\u00fablica Argentina. Contenido propio originado por periodistas de CELTTV, el canal de TV local de la Cooperativa El\u00e9ctrica de Tornquist. Turismo, Pol\u00edtica, Sociedad, Deporte, Cultura y todo el contenido de inter\u00e9s general que la gente del pueblo y la regi\u00f3n debe conocer.\" \/>\n<meta name=\"robots\" content=\"index, follow, max-snippet:-1, max-image-preview:large, max-video-preview:-1\" \/>\n<link rel=\"canonical\" href=\"https:\/\/www.celttv.com.ar\/index.php\/2023\/12\/02\/la-escuela-folklorica-municipal-cerrara-el-ano-este-sabado-en-el-teatro-municipal\/\" \/>\n<meta property=\"og:locale\" content=\"es_ES\" \/>\n<meta property=\"og:type\" content=\"article\" \/>\n<meta property=\"og:title\" content=\"La Escuela Folkl\u00f3rica Municipal cerrar\u00e1 el a\u00f1o \u00e9ste s\u00e1bado en el Teatro Municipal - CELTTV\" \/>\n<meta property=\"og:description\" content=\"Sitio web de noticias de la localidad de Tornquist, provincia de Buenos Aires, Rep\u00fablica Argentina. Contenido propio originado por periodistas de CELTTV, el canal de TV local de la Cooperativa El\u00e9ctrica de Tornquist. Turismo, Pol\u00edtica, Sociedad, Deporte, Cultura y todo el contenido de inter\u00e9s general que la gente del pueblo y la regi\u00f3n debe conocer.\" \/>\n<meta property=\"og:url\" content=\"https:\/\/www.celttv.com.ar\/index.php\/2023\/12\/02\/la-escuela-folklorica-municipal-cerrara-el-ano-este-sabado-en-el-teatro-municipal\/\" \/>\n<meta property=\"og:site_name\" content=\"CELTTV\" \/>\n<meta property=\"article:publisher\" content=\"https:\/\/www.facebook.com\/celtTV\/\" \/>\n<meta property=\"article:published_time\" content=\"2023-12-02T15:10:23+00:00\" \/>\n<meta property=\"og:image\" content=\"https:\/\/www.celttv.com.ar\/wp-content\/uploads\/2023\/12\/mariela-Montero.jpg\" \/>\n\t<meta property=\"og:image:width\" content=\"952\" \/>\n\t<meta property=\"og:image:height\" content=\"656\" \/>\n\t<meta property=\"og:image:type\" content=\"image\/jpeg\" \/>\n<meta name=\"author\" content=\"Miguel Herrada\" \/>\n<meta name=\"twitter:card\" content=\"summary_large_image\" \/>\n<meta name=\"twitter:label1\" content=\"Escrito por\" \/>\n\t<meta name=\"twitter:data1\" content=\"Miguel Herrada\" \/>\n\t<meta name=\"twitter:label2\" content=\"Tiempo de lectura\" \/>\n\t<meta name=\"twitter:data2\" content=\"1 minuto\" \/>\n<script type=\"application\/ld+json\" class=\"yoast-schema-graph\">{\"@context\":\"https:\/\/schema.org\",\"@graph\":[{\"@type\":\"NewsArticle\",\"@id\":\"https:\/\/www.celttv.com.ar\/index.php\/2023\/12\/02\/la-escuela-folklorica-municipal-cerrara-el-ano-este-sabado-en-el-teatro-municipal\/#article\",\"isPartOf\":{\"@id\":\"https:\/\/www.celttv.com.ar\/index.php\/2023\/12\/02\/la-escuela-folklorica-municipal-cerrara-el-ano-este-sabado-en-el-teatro-municipal\/\"},\"author\":{\"name\":\"Miguel Herrada\",\"@id\":\"https:\/\/www.celttv.com.ar\/#\/schema\/person\/9059dc91dc7204ef4182cdb65225f07d\"},\"headline\":\"La Escuela Folkl\u00f3rica Municipal cerrar\u00e1 el a\u00f1o \u00e9ste s\u00e1bado en el Teatro Municipal\",\"datePublished\":\"2023-12-02T15:10:23+00:00\",\"dateModified\":\"2023-12-02T15:10:23+00:00\",\"mainEntityOfPage\":{\"@id\":\"https:\/\/www.celttv.com.ar\/index.php\/2023\/12\/02\/la-escuela-folklorica-municipal-cerrara-el-ano-este-sabado-en-el-teatro-municipal\/\"},\"wordCount\":315,\"publisher\":{\"@id\":\"https:\/\/www.celttv.com.ar\/#organization\"},\"articleSection\":[\"Comunidad\",\"Culture\",\"Destacadas\"],\"inLanguage\":\"es\"},{\"@type\":\"WebPage\",\"@id\":\"https:\/\/www.celttv.com.ar\/index.php\/2023\/12\/02\/la-escuela-folklorica-municipal-cerrara-el-ano-este-sabado-en-el-teatro-municipal\/\",\"url\":\"https:\/\/www.celttv.com.ar\/index.php\/2023\/12\/02\/la-escuela-folklorica-municipal-cerrara-el-ano-este-sabado-en-el-teatro-municipal\/\",\"name\":\"La Escuela Folkl\u00f3rica Municipal cerrar\u00e1 el a\u00f1o \u00e9ste s\u00e1bado en el Teatro Municipal - CELTTV\",\"isPartOf\":{\"@id\":\"https:\/\/www.celttv.com.ar\/#website\"},\"datePublished\":\"2023-12-02T15:10:23+00:00\",\"dateModified\":\"2023-12-02T15:10:23+00:00\",\"description\":\"Sitio web de noticias de la localidad de Tornquist, provincia de Buenos Aires, Rep\u00fablica Argentina. Contenido propio originado por periodistas de CELTTV, el canal de TV local de la Cooperativa El\u00e9ctrica de Tornquist. Turismo, Pol\u00edtica, Sociedad, Deporte, Cultura y todo el contenido de inter\u00e9s general que la gente del pueblo y la regi\u00f3n debe conocer.\",\"breadcrumb\":{\"@id\":\"https:\/\/www.celttv.com.ar\/index.php\/2023\/12\/02\/la-escuela-folklorica-municipal-cerrara-el-ano-este-sabado-en-el-teatro-municipal\/#breadcrumb\"},\"inLanguage\":\"es\",\"potentialAction\":[{\"@type\":\"ReadAction\",\"target\":[\"https:\/\/www.celttv.com.ar\/index.php\/2023\/12\/02\/la-escuela-folklorica-municipal-cerrara-el-ano-este-sabado-en-el-teatro-municipal\/\"]}]},{\"@type\":\"BreadcrumbList\",\"@id\":\"https:\/\/www.celttv.com.ar\/index.php\/2023\/12\/02\/la-escuela-folklorica-municipal-cerrara-el-ano-este-sabado-en-el-teatro-municipal\/#breadcrumb\",\"itemListElement\":[{\"@type\":\"ListItem\",\"position\":1,\"name\":\"Inicio\",\"item\":\"https:\/\/www.celttv.com.ar\/\"},{\"@type\":\"ListItem\",\"position\":2,\"name\":\"La Escuela Folkl\u00f3rica Municipal cerrar\u00e1 el a\u00f1o \u00e9ste s\u00e1bado en el Teatro Municipal\"}]},{\"@type\":\"WebSite\",\"@id\":\"https:\/\/www.celttv.com.ar\/#website\",\"url\":\"https:\/\/www.celttv.com.ar\/\",\"name\":\"CELTTV\",\"description\":\"Cooperativa El\u00e9ctrica de Tornquist\",\"publisher\":{\"@id\":\"https:\/\/www.celttv.com.ar\/#organization\"},\"potentialAction\":[{\"@type\":\"SearchAction\",\"target\":{\"@type\":\"EntryPoint\",\"urlTemplate\":\"https:\/\/www.celttv.com.ar\/?s={search_term_string}\"},\"query-input\":\"required name=search_term_string\"}],\"inLanguage\":\"es\"},{\"@type\":\"Organization\",\"@id\":\"https:\/\/www.celttv.com.ar\/#organization\",\"name\":\"CELTTV\",\"url\":\"https:\/\/www.celttv.com.ar\/\",\"sameAs\":[\"https:\/\/www.youtube.com\/channel\/UCz_oIt8Hig64Ub-EmcNPIhg\",\"https:\/\/www.facebook.com\/celtTV\/\"],\"logo\":{\"@type\":\"ImageObject\",\"inLanguage\":\"es\",\"@id\":\"https:\/\/www.celttv.com.ar\/#\/schema\/logo\/image\/\",\"url\":\"http:\/\/www.celttv.com.ar\/wp-content\/uploads\/2022\/08\/logo-1.png\",\"contentUrl\":\"http:\/\/www.celttv.com.ar\/wp-content\/uploads\/2022\/08\/logo-1.png\",\"width\":461,\"height\":159,\"caption\":\"CELTTV\"},\"image\":{\"@id\":\"https:\/\/www.celttv.com.ar\/#\/schema\/logo\/image\/\"}},{\"@type\":\"Person\",\"@id\":\"https:\/\/www.celttv.com.ar\/#\/schema\/person\/9059dc91dc7204ef4182cdb65225f07d\",\"name\":\"Miguel Herrada\",\"image\":{\"@type\":\"ImageObject\",\"inLanguage\":\"es\",\"@id\":\"https:\/\/www.celttv.com.ar\/#\/schema\/person\/image\/\",\"url\":\"https:\/\/secure.gravatar.com\/avatar\/67724d5b3c716623ffd76bec7e45841a442ac3b456e914dbba90b0fad2b8e0b1?s=96&d=mm&r=g\",\"contentUrl\":\"https:\/\/secure.gravatar.com\/avatar\/67724d5b3c716623ffd76bec7e45841a442ac3b456e914dbba90b0fad2b8e0b1?s=96&d=mm&r=g\",\"caption\":\"Miguel Herrada\"}}]}<\/script>\n<!-- \/ Yoast SEO plugin. -->","yoast_head_json":{"title":"La Escuela Folkl\u00f3rica Municipal cerrar\u00e1 el a\u00f1o \u00e9ste s\u00e1bado en el Teatro Municipal - CELTTV","description":"Sitio web de noticias de la localidad de Tornquist, provincia de Buenos Aires, Rep\u00fablica Argentina. Contenido propio originado por periodistas de CELTTV, el canal de TV local de la Cooperativa El\u00e9ctrica de Tornquist. Turismo, Pol\u00edtica, Sociedad, Deporte, Cultura y todo el contenido de inter\u00e9s general que la gente del pueblo y la regi\u00f3n debe conocer.","robots":{"index":"index","follow":"follow","max-snippet":"max-snippet:-1","max-image-preview":"max-image-preview:large","max-video-preview":"max-video-preview:-1"},"canonical":"https:\/\/www.celttv.com.ar\/index.php\/2023\/12\/02\/la-escuela-folklorica-municipal-cerrara-el-ano-este-sabado-en-el-teatro-municipal\/","og_locale":"es_ES","og_type":"article","og_title":"La Escuela Folkl\u00f3rica Municipal cerrar\u00e1 el a\u00f1o \u00e9ste s\u00e1bado en el Teatro Municipal - CELTTV","og_description":"Sitio web de noticias de la localidad de Tornquist, provincia de Buenos Aires, Rep\u00fablica Argentina. Contenido propio originado por periodistas de CELTTV, el canal de TV local de la Cooperativa El\u00e9ctrica de Tornquist. Turismo, Pol\u00edtica, Sociedad, Deporte, Cultura y todo el contenido de inter\u00e9s general que la gente del pueblo y la regi\u00f3n debe conocer.","og_url":"https:\/\/www.celttv.com.ar\/index.php\/2023\/12\/02\/la-escuela-folklorica-municipal-cerrara-el-ano-este-sabado-en-el-teatro-municipal\/","og_site_name":"CELTTV","article_publisher":"https:\/\/www.facebook.com\/celtTV\/","article_published_time":"2023-12-02T15:10:23+00:00","og_image":[{"width":952,"height":656,"url":"https:\/\/www.celttv.com.ar\/wp-content\/uploads\/2023\/12\/mariela-Montero.jpg","type":"image\/jpeg"}],"author":"Miguel Herrada","twitter_card":"summary_large_image","twitter_misc":{"Escrito por":"Miguel Herrada","Tiempo de lectura":"1 minuto"},"schema":{"@context":"https:\/\/schema.org","@graph":[{"@type":"NewsArticle","@id":"https:\/\/www.celttv.com.ar\/index.php\/2023\/12\/02\/la-escuela-folklorica-municipal-cerrara-el-ano-este-sabado-en-el-teatro-municipal\/#article","isPartOf":{"@id":"https:\/\/www.celttv.com.ar\/index.php\/2023\/12\/02\/la-escuela-folklorica-municipal-cerrara-el-ano-este-sabado-en-el-teatro-municipal\/"},"author":{"name":"Miguel Herrada","@id":"https:\/\/www.celttv.com.ar\/#\/schema\/person\/9059dc91dc7204ef4182cdb65225f07d"},"headline":"La Escuela Folkl\u00f3rica Municipal cerrar\u00e1 el a\u00f1o \u00e9ste s\u00e1bado en el Teatro Municipal","datePublished":"2023-12-02T15:10:23+00:00","dateModified":"2023-12-02T15:10:23+00:00","mainEntityOfPage":{"@id":"https:\/\/www.celttv.com.ar\/index.php\/2023\/12\/02\/la-escuela-folklorica-municipal-cerrara-el-ano-este-sabado-en-el-teatro-municipal\/"},"wordCount":315,"publisher":{"@id":"https:\/\/www.celttv.com.ar\/#organization"},"articleSection":["Comunidad","Culture","Destacadas"],"inLanguage":"es"},{"@type":"WebPage","@id":"https:\/\/www.celttv.com.ar\/index.php\/2023\/12\/02\/la-escuela-folklorica-municipal-cerrara-el-ano-este-sabado-en-el-teatro-municipal\/","url":"https:\/\/www.celttv.com.ar\/index.php\/2023\/12\/02\/la-escuela-folklorica-municipal-cerrara-el-ano-este-sabado-en-el-teatro-municipal\/","name":"La Escuela Folkl\u00f3rica Municipal cerrar\u00e1 el a\u00f1o \u00e9ste s\u00e1bado en el Teatro Municipal - CELTTV","isPartOf":{"@id":"https:\/\/www.celttv.com.ar\/#website"},"datePublished":"2023-12-02T15:10:23+00:00","dateModified":"2023-12-02T15:10:23+00:00","description":"Sitio web de noticias de la localidad de Tornquist, provincia de Buenos Aires, Rep\u00fablica Argentina. Contenido propio originado por periodistas de CELTTV, el canal de TV local de la Cooperativa El\u00e9ctrica de Tornquist. Turismo, Pol\u00edtica, Sociedad, Deporte, Cultura y todo el contenido de inter\u00e9s general que la gente del pueblo y la regi\u00f3n debe conocer.","breadcrumb":{"@id":"https:\/\/www.celttv.com.ar\/index.php\/2023\/12\/02\/la-escuela-folklorica-municipal-cerrara-el-ano-este-sabado-en-el-teatro-municipal\/#breadcrumb"},"inLanguage":"es","potentialAction":[{"@type":"ReadAction","target":["https:\/\/www.celttv.com.ar\/index.php\/2023\/12\/02\/la-escuela-folklorica-municipal-cerrara-el-ano-este-sabado-en-el-teatro-municipal\/"]}]},{"@type":"BreadcrumbList","@id":"https:\/\/www.celttv.com.ar\/index.php\/2023\/12\/02\/la-escuela-folklorica-municipal-cerrara-el-ano-este-sabado-en-el-teatro-municipal\/#breadcrumb","itemListElement":[{"@type":"ListItem","position":1,"name":"Inicio","item":"https:\/\/www.celttv.com.ar\/"},{"@type":"ListItem","position":2,"name":"La Escuela Folkl\u00f3rica Municipal cerrar\u00e1 el a\u00f1o \u00e9ste s\u00e1bado en el Teatro Municipal"}]},{"@type":"WebSite","@id":"https:\/\/www.celttv.com.ar\/#website","url":"https:\/\/www.celttv.com.ar\/","name":"CELTTV","description":"Cooperativa El\u00e9ctrica de Tornquist","publisher":{"@id":"https:\/\/www.celttv.com.ar\/#organization"},"potentialAction":[{"@type":"SearchAction","target":{"@type":"EntryPoint","urlTemplate":"https:\/\/www.celttv.com.ar\/?s={search_term_string}"},"query-input":"required name=search_term_string"}],"inLanguage":"es"},{"@type":"Organization","@id":"https:\/\/www.celttv.com.ar\/#organization","name":"CELTTV","url":"https:\/\/www.celttv.com.ar\/","sameAs":["https:\/\/www.youtube.com\/channel\/UCz_oIt8Hig64Ub-EmcNPIhg","https:\/\/www.facebook.com\/celtTV\/"],"logo":{"@type":"ImageObject","inLanguage":"es","@id":"https:\/\/www.celttv.com.ar\/#\/schema\/logo\/image\/","url":"http:\/\/www.celttv.com.ar\/wp-content\/uploads\/2022\/08\/logo-1.png","contentUrl":"http:\/\/www.celttv.com.ar\/wp-content\/uploads\/2022\/08\/logo-1.png","width":461,"height":159,"caption":"CELTTV"},"image":{"@id":"https:\/\/www.celttv.com.ar\/#\/schema\/logo\/image\/"}},{"@type":"Person","@id":"https:\/\/www.celttv.com.ar\/#\/schema\/person\/9059dc91dc7204ef4182cdb65225f07d","name":"Miguel Herrada","image":{"@type":"ImageObject","inLanguage":"es","@id":"https:\/\/www.celttv.com.ar\/#\/schema\/person\/image\/","url":"https:\/\/secure.gravatar.com\/avatar\/67724d5b3c716623ffd76bec7e45841a442ac3b456e914dbba90b0fad2b8e0b1?s=96&d=mm&r=g","contentUrl":"https:\/\/secure.gravatar.com\/avatar\/67724d5b3c716623ffd76bec7e45841a442ac3b456e914dbba90b0fad2b8e0b1?s=96&d=mm&r=g","caption":"Miguel Herrada"}}]}},"_links":{"self":[{"href":"https:\/\/www.celttv.com.ar\/index.php\/wp-json\/wp\/v2\/posts\/80677","targetHints":{"allow":["GET"]}}],"collection":[{"href":"https:\/\/www.celttv.com.ar\/index.php\/wp-json\/wp\/v2\/posts"}],"about":[{"href":"https:\/\/www.celttv.com.ar\/index.php\/wp-json\/wp\/v2\/types\/post"}],"author":[{"embeddable":true,"href":"https:\/\/www.celttv.com.ar\/index.php\/wp-json\/wp\/v2\/users\/5"}],"replies":[{"embeddable":true,"href":"https:\/\/www.celttv.com.ar\/index.php\/wp-json\/wp\/v2\/comments?post=80677"}],"version-history":[{"count":2,"href":"https:\/\/www.celttv.com.ar\/index.php\/wp-json\/wp\/v2\/posts\/80677\/revisions"}],"predecessor-version":[{"id":80680,"href":"https:\/\/www.celttv.com.ar\/index.php\/wp-json\/wp\/v2\/posts\/80677\/revisions\/80680"}],"wp:featuredmedia":[{"embeddable":true,"href":"https:\/\/www.celttv.com.ar\/index.php\/wp-json\/wp\/v2\/media\/80678"}],"wp:attachment":[{"href":"https:\/\/www.celttv.com.ar\/index.php\/wp-json\/wp\/v2\/media?parent=80677"}],"wp:term":[{"taxonomy":"category","embeddable":true,"href":"https:\/\/www.celttv.com.ar\/index.php\/wp-json\/wp\/v2\/categories?post=80677"},{"taxonomy":"post_tag","embeddable":true,"href":"https:\/\/www.celttv.com.ar\/index.php\/wp-json\/wp\/v2\/tags?post=80677"}],"curies":[{"name":"wp","href":"https:\/\/api.w.org\/{rel}","templated":true}]}}