{"id":80788,"date":"2023-12-07T22:10:23","date_gmt":"2023-12-08T01:10:23","guid":{"rendered":"http:\/\/www.celttv.com.ar\/?p=80788"},"modified":"2023-12-07T22:10:23","modified_gmt":"2023-12-08T01:10:23","slug":"hcd-juraron-los-concejales-electos-el-22-de-octubre-videos-y-notas","status":"publish","type":"post","link":"https:\/\/www.celttv.com.ar\/index.php\/2023\/12\/07\/hcd-juraron-los-concejales-electos-el-22-de-octubre-videos-y-notas\/","title":{"rendered":"HCD: Juraron los concejales electos el 22 de octubre (videos y notas)"},"content":{"rendered":"<p>En la sesi\u00f3n realizada este mediod\u00eda, luego de la sesi\u00f3n preparatoria, juraron los concejales que fueron electos el pasado 22 de octubre.<\/p>\n<p>La nueva constituci\u00f3n del cuerpo deliberativo<\/p>\n<p>El Honorable Concejo Deliberante, tendr\u00e1 una nueva composici\u00f3n desde el pr\u00f3ximo 10 de diciembre donde habr\u00e1 seis bloques<\/p>\n<p><strong>UNION POR LA PATRIA<\/strong><\/p>\n<p>Estefan\u00eda Bordoni (Luego ser\u00e1 reemplazada por Mat\u00edas Rojas) de Saldungaray<\/p>\n<p>Carmen Soverchia (Tornquist)<\/p>\n<p>Martin Olhaberry (Sierra de la Ventana)<\/p>\n<p>&nbsp;<\/p>\n<p><strong>FRENTE DE TODOS<\/strong><\/p>\n<p>Marcela Gimenez (Tornquist)<\/p>\n<p>Leandro Guerrero (Tornquist)<\/p>\n<p>&nbsp;<\/p>\n<p><strong>ACCION POR TORNQUIST<\/strong><\/p>\n<p>Viviana Montibeller (Sierra de la Ventana)<\/p>\n<p>&nbsp;<\/p>\n<p><strong>JUNTOS- UCR<\/strong><\/p>\n<p>Luis Castro (Tornquist)<\/p>\n<p>Juan Cruz Marzialetti (Saldungaray)<\/p>\n<p>Sandra Kifer (Sierra de la Ventana)<\/p>\n<p>&nbsp;<\/p>\n<p><strong>JUNTOS POR EL CAMBIO &#8211; UCR<\/strong><\/p>\n<p>Susana Marcolini (Tornquist)<\/p>\n<p>Facundo Marzialetti (Saldungaray)<\/p>\n<p>&nbsp;<\/p>\n<p><strong>LIBERTAD AVANZA<\/strong><\/p>\n<p>Daiana Juan (Sierra de la Ventana)<\/p>\n<p>&nbsp;<\/p>\n<p>Presidente: Carmen Soverchia (UXP)<\/p>\n<p>Vice 1\u00ba . Marcela Gimenez (Frente de Todos)<\/p>\n<p>Vice 2\u00ba . Leandro Guerrero (Frente de Todos)<\/p>\n<p>Secretaria: Juliana Sgammini<\/p>\n<p>Pro Secretaria: M\u00f3nica Sagredo<\/p>\n<p><iframe loading=\"lazy\" title=\"2023 12 07 DESIGNACION DE AUTORIDADES DEL HCD 1 JURAMENTO DE CONCEJALES\" width=\"500\" height=\"281\" src=\"https:\/\/www.youtube.com\/embed\/1OqH0NXqjj0?feature=oembed\" frameborder=\"0\" allow=\"accelerometer; autoplay; clipboard-write; encrypted-media; gyroscope; picture-in-picture; web-share\" referrerpolicy=\"strict-origin-when-cross-origin\" allowfullscreen><\/iframe><\/p>\n<p><iframe loading=\"lazy\" title=\"2023 12 07 DESIGNACION DE AUTORIDADES DEL HCD 11 CARMEN SOVERCHIA\" width=\"500\" height=\"281\" src=\"https:\/\/www.youtube.com\/embed\/mPy8t-3dZSY?feature=oembed\" frameborder=\"0\" allow=\"accelerometer; autoplay; clipboard-write; encrypted-media; gyroscope; picture-in-picture; web-share\" referrerpolicy=\"strict-origin-when-cross-origin\" allowfullscreen><\/iframe><\/p>\n<p><iframe loading=\"lazy\" title=\"2023 12 07 DESIGNACION DE AUTORIDADES DEL HCD 2 DAIANA JUAN\" width=\"500\" height=\"281\" src=\"https:\/\/www.youtube.com\/embed\/e227Yp_DkAs?feature=oembed\" frameborder=\"0\" allow=\"accelerometer; autoplay; clipboard-write; encrypted-media; gyroscope; picture-in-picture; web-share\" referrerpolicy=\"strict-origin-when-cross-origin\" allowfullscreen><\/iframe><\/p>\n<p><iframe loading=\"lazy\" title=\"2023 12 07 DESIGNACION DE AUTORIDADES DEL HCD 3 ESTEFANIA BORDONI\" width=\"500\" height=\"281\" src=\"https:\/\/www.youtube.com\/embed\/iJEDdNRNx9Q?feature=oembed\" frameborder=\"0\" allow=\"accelerometer; autoplay; clipboard-write; encrypted-media; gyroscope; picture-in-picture; web-share\" referrerpolicy=\"strict-origin-when-cross-origin\" allowfullscreen><\/iframe><\/p>\n<p>&nbsp;<\/p>\n<p><iframe loading=\"lazy\" title=\"2023 12 07 DESIGNACION DE AUTORIDADES DEL HCD 4 FACUNDO MARZIALETTI\" width=\"500\" height=\"281\" src=\"https:\/\/www.youtube.com\/embed\/2zk34ohNp4c?feature=oembed\" frameborder=\"0\" allow=\"accelerometer; autoplay; clipboard-write; encrypted-media; gyroscope; picture-in-picture; web-share\" referrerpolicy=\"strict-origin-when-cross-origin\" allowfullscreen><\/iframe><\/p>\n<p><iframe loading=\"lazy\" title=\"2023 12 07 DESIGNACION DE AUTORIDADES DEL HCD 5 MARTIN OLHABERRY\" width=\"500\" height=\"281\" src=\"https:\/\/www.youtube.com\/embed\/uFAJIASHr2M?feature=oembed\" frameborder=\"0\" allow=\"accelerometer; autoplay; clipboard-write; encrypted-media; gyroscope; picture-in-picture; web-share\" referrerpolicy=\"strict-origin-when-cross-origin\" allowfullscreen><\/iframe><\/p>\n<p><iframe loading=\"lazy\" title=\"2023 12 07 DESIGNACION DE AUTORIDADES DEL HCD 6 SUSANA MARCOLINI\" width=\"500\" height=\"281\" src=\"https:\/\/www.youtube.com\/embed\/klwrlFI0KpE?feature=oembed\" frameborder=\"0\" allow=\"accelerometer; autoplay; clipboard-write; encrypted-media; gyroscope; picture-in-picture; web-share\" referrerpolicy=\"strict-origin-when-cross-origin\" allowfullscreen><\/iframe><\/p>\n<p><iframe loading=\"lazy\" title=\"2023 12 07 DESIGNACION DE AUTORIDADES DEL HCD 8 SANDRA KIFER\" width=\"500\" height=\"281\" src=\"https:\/\/www.youtube.com\/embed\/6sAHPaYh65I?feature=oembed\" frameborder=\"0\" allow=\"accelerometer; autoplay; clipboard-write; encrypted-media; gyroscope; picture-in-picture; web-share\" referrerpolicy=\"strict-origin-when-cross-origin\" allowfullscreen><\/iframe><\/p>\n<p><iframe loading=\"lazy\" title=\"2023 12 07 DESIGNACION DE AUTORIDADES DEL HCD 9 VIVANA MONTIBELLER\" width=\"500\" height=\"281\" src=\"https:\/\/www.youtube.com\/embed\/_kTAVdHebmg?feature=oembed\" frameborder=\"0\" allow=\"accelerometer; autoplay; clipboard-write; encrypted-media; gyroscope; picture-in-picture; web-share\" referrerpolicy=\"strict-origin-when-cross-origin\" allowfullscreen><\/iframe><\/p>\n<p><iframe loading=\"lazy\" title=\"2023 12 07 DESIGNACION DE AUTORIDADES DEL HCD 10 MARCELA GIMENEZ\" width=\"500\" height=\"281\" src=\"https:\/\/www.youtube.com\/embed\/TwWhWkIqsK4?feature=oembed\" frameborder=\"0\" allow=\"accelerometer; autoplay; clipboard-write; encrypted-media; gyroscope; picture-in-picture; web-share\" referrerpolicy=\"strict-origin-when-cross-origin\" allowfullscreen><\/iframe><\/p>\n<p><iframe loading=\"lazy\" title=\"2023 12 07 DESIGNACION DE AUTORIDADES DEL HCD 12 NOTA A CARMEN SOVERCHIA\" width=\"500\" height=\"281\" src=\"https:\/\/www.youtube.com\/embed\/UjCkPxO2Igo?feature=oembed\" frameborder=\"0\" allow=\"accelerometer; autoplay; clipboard-write; encrypted-media; gyroscope; picture-in-picture; web-share\" referrerpolicy=\"strict-origin-when-cross-origin\" allowfullscreen><\/iframe><\/p>\n<p><iframe loading=\"lazy\" title=\"2023 12 07 DESIGNACION DE AUTORIDADES DEL HCD 16 NOTA A MARTIN OLHABERRY\" width=\"500\" height=\"281\" src=\"https:\/\/www.youtube.com\/embed\/_FnQVIMfDTs?feature=oembed\" frameborder=\"0\" allow=\"accelerometer; autoplay; clipboard-write; encrypted-media; gyroscope; picture-in-picture; web-share\" referrerpolicy=\"strict-origin-when-cross-origin\" allowfullscreen><\/iframe><\/p>\n<p><iframe loading=\"lazy\" title=\"2023 12 07 DESIGNACION DE AUTORIDADES DEL HCD 13 NOTA A SUSANA MARCOLINI\" width=\"500\" height=\"281\" src=\"https:\/\/www.youtube.com\/embed\/4jqmm3MQVIY?feature=oembed\" frameborder=\"0\" allow=\"accelerometer; autoplay; clipboard-write; encrypted-media; gyroscope; picture-in-picture; web-share\" referrerpolicy=\"strict-origin-when-cross-origin\" allowfullscreen><\/iframe><\/p>\n<p><iframe loading=\"lazy\" title=\"2023 12 07 DESIGNACION DE AUTORIDADES DEL HCD 14 NOTA A ESTEFANIA BORDONI\" width=\"500\" height=\"281\" src=\"https:\/\/www.youtube.com\/embed\/we4tE3WxVek?feature=oembed\" frameborder=\"0\" allow=\"accelerometer; autoplay; clipboard-write; encrypted-media; gyroscope; picture-in-picture; web-share\" referrerpolicy=\"strict-origin-when-cross-origin\" allowfullscreen><\/iframe><\/p>\n<p>&nbsp;<\/p>\n","protected":false},"excerpt":{"rendered":"<p>En la sesi\u00f3n realizada este mediod\u00eda, luego de la sesi\u00f3n preparatoria, juraron los concejales que fueron electos el pasado 22 de octubre. La nueva constituci\u00f3n del cuerpo deliberativo El Honorable Concejo Deliberante, tendr\u00e1 una nueva composici\u00f3n desde el pr\u00f3ximo 10 de diciembre donde habr\u00e1 seis bloques UNION POR LA PATRIA Estefan\u00eda Bordoni (Luego ser\u00e1 reemplazada [&hellip;]<\/p>\n","protected":false},"author":5,"featured_media":80789,"comment_status":"closed","ping_status":"closed","sticky":false,"template":"","format":"standard","meta":{"footnotes":""},"categories":[1],"tags":[],"class_list":["post-80788","post","type-post","status-publish","format-standard","has-post-thumbnail","hentry","category-sin-categoria"],"yoast_head":"<!-- This site is optimized with the Yoast SEO plugin v19.7.1 - https:\/\/yoast.com\/wordpress\/plugins\/seo\/ -->\n<title>HCD: Juraron los concejales electos el 22 de octubre (videos y notas) - CELTTV<\/title>\n<meta name=\"description\" content=\"Sitio web de noticias de la localidad de Tornquist, provincia de Buenos Aires, Rep\u00fablica Argentina. Contenido propio originado por periodistas de CELTTV, el canal de TV local de la Cooperativa El\u00e9ctrica de Tornquist. Turismo, Pol\u00edtica, Sociedad, Deporte, Cultura y todo el contenido de inter\u00e9s general que la gente del pueblo y la regi\u00f3n debe conocer.\" \/>\n<meta name=\"robots\" content=\"index, follow, max-snippet:-1, max-image-preview:large, max-video-preview:-1\" \/>\n<link rel=\"canonical\" href=\"https:\/\/www.celttv.com.ar\/index.php\/2023\/12\/07\/hcd-juraron-los-concejales-electos-el-22-de-octubre-videos-y-notas\/\" \/>\n<meta property=\"og:locale\" content=\"es_ES\" \/>\n<meta property=\"og:type\" content=\"article\" \/>\n<meta property=\"og:title\" content=\"HCD: Juraron los concejales electos el 22 de octubre (videos y notas) - CELTTV\" \/>\n<meta property=\"og:description\" content=\"Sitio web de noticias de la localidad de Tornquist, provincia de Buenos Aires, Rep\u00fablica Argentina. Contenido propio originado por periodistas de CELTTV, el canal de TV local de la Cooperativa El\u00e9ctrica de Tornquist. Turismo, Pol\u00edtica, Sociedad, Deporte, Cultura y todo el contenido de inter\u00e9s general que la gente del pueblo y la regi\u00f3n debe conocer.\" \/>\n<meta property=\"og:url\" content=\"https:\/\/www.celttv.com.ar\/index.php\/2023\/12\/07\/hcd-juraron-los-concejales-electos-el-22-de-octubre-videos-y-notas\/\" \/>\n<meta property=\"og:site_name\" content=\"CELTTV\" \/>\n<meta property=\"article:publisher\" content=\"https:\/\/www.facebook.com\/celtTV\/\" \/>\n<meta property=\"article:published_time\" content=\"2023-12-08T01:10:23+00:00\" \/>\n<meta property=\"og:image\" content=\"https:\/\/www.celttv.com.ar\/wp-content\/uploads\/2023\/12\/jura.jpg\" \/>\n\t<meta property=\"og:image:width\" content=\"864\" \/>\n\t<meta property=\"og:image:height\" content=\"712\" \/>\n\t<meta property=\"og:image:type\" content=\"image\/jpeg\" \/>\n<meta name=\"author\" content=\"Miguel Herrada\" \/>\n<meta name=\"twitter:card\" content=\"summary_large_image\" \/>\n<meta name=\"twitter:label1\" content=\"Escrito por\" \/>\n\t<meta name=\"twitter:data1\" content=\"Miguel Herrada\" \/>\n\t<meta name=\"twitter:label2\" content=\"Tiempo de lectura\" \/>\n\t<meta name=\"twitter:data2\" content=\"1 minuto\" \/>\n<script type=\"application\/ld+json\" class=\"yoast-schema-graph\">{\"@context\":\"https:\/\/schema.org\",\"@graph\":[{\"@type\":\"NewsArticle\",\"@id\":\"https:\/\/www.celttv.com.ar\/index.php\/2023\/12\/07\/hcd-juraron-los-concejales-electos-el-22-de-octubre-videos-y-notas\/#article\",\"isPartOf\":{\"@id\":\"https:\/\/www.celttv.com.ar\/index.php\/2023\/12\/07\/hcd-juraron-los-concejales-electos-el-22-de-octubre-videos-y-notas\/\"},\"author\":{\"name\":\"Miguel Herrada\",\"@id\":\"https:\/\/www.celttv.com.ar\/#\/schema\/person\/9059dc91dc7204ef4182cdb65225f07d\"},\"headline\":\"HCD: Juraron los concejales electos el 22 de octubre (videos y notas)\",\"datePublished\":\"2023-12-08T01:10:23+00:00\",\"dateModified\":\"2023-12-08T01:10:23+00:00\",\"mainEntityOfPage\":{\"@id\":\"https:\/\/www.celttv.com.ar\/index.php\/2023\/12\/07\/hcd-juraron-los-concejales-electos-el-22-de-octubre-videos-y-notas\/\"},\"wordCount\":242,\"publisher\":{\"@id\":\"https:\/\/www.celttv.com.ar\/#organization\"},\"inLanguage\":\"es\"},{\"@type\":\"WebPage\",\"@id\":\"https:\/\/www.celttv.com.ar\/index.php\/2023\/12\/07\/hcd-juraron-los-concejales-electos-el-22-de-octubre-videos-y-notas\/\",\"url\":\"https:\/\/www.celttv.com.ar\/index.php\/2023\/12\/07\/hcd-juraron-los-concejales-electos-el-22-de-octubre-videos-y-notas\/\",\"name\":\"HCD: Juraron los concejales electos el 22 de octubre (videos y notas) - CELTTV\",\"isPartOf\":{\"@id\":\"https:\/\/www.celttv.com.ar\/#website\"},\"datePublished\":\"2023-12-08T01:10:23+00:00\",\"dateModified\":\"2023-12-08T01:10:23+00:00\",\"description\":\"Sitio web de noticias de la localidad de Tornquist, provincia de Buenos Aires, Rep\u00fablica Argentina. Contenido propio originado por periodistas de CELTTV, el canal de TV local de la Cooperativa El\u00e9ctrica de Tornquist. Turismo, Pol\u00edtica, Sociedad, Deporte, Cultura y todo el contenido de inter\u00e9s general que la gente del pueblo y la regi\u00f3n debe conocer.\",\"breadcrumb\":{\"@id\":\"https:\/\/www.celttv.com.ar\/index.php\/2023\/12\/07\/hcd-juraron-los-concejales-electos-el-22-de-octubre-videos-y-notas\/#breadcrumb\"},\"inLanguage\":\"es\",\"potentialAction\":[{\"@type\":\"ReadAction\",\"target\":[\"https:\/\/www.celttv.com.ar\/index.php\/2023\/12\/07\/hcd-juraron-los-concejales-electos-el-22-de-octubre-videos-y-notas\/\"]}]},{\"@type\":\"BreadcrumbList\",\"@id\":\"https:\/\/www.celttv.com.ar\/index.php\/2023\/12\/07\/hcd-juraron-los-concejales-electos-el-22-de-octubre-videos-y-notas\/#breadcrumb\",\"itemListElement\":[{\"@type\":\"ListItem\",\"position\":1,\"name\":\"Inicio\",\"item\":\"https:\/\/www.celttv.com.ar\/\"},{\"@type\":\"ListItem\",\"position\":2,\"name\":\"HCD: Juraron los concejales electos el 22 de octubre (videos y notas)\"}]},{\"@type\":\"WebSite\",\"@id\":\"https:\/\/www.celttv.com.ar\/#website\",\"url\":\"https:\/\/www.celttv.com.ar\/\",\"name\":\"CELTTV\",\"description\":\"Cooperativa El\u00e9ctrica de Tornquist\",\"publisher\":{\"@id\":\"https:\/\/www.celttv.com.ar\/#organization\"},\"potentialAction\":[{\"@type\":\"SearchAction\",\"target\":{\"@type\":\"EntryPoint\",\"urlTemplate\":\"https:\/\/www.celttv.com.ar\/?s={search_term_string}\"},\"query-input\":\"required name=search_term_string\"}],\"inLanguage\":\"es\"},{\"@type\":\"Organization\",\"@id\":\"https:\/\/www.celttv.com.ar\/#organization\",\"name\":\"CELTTV\",\"url\":\"https:\/\/www.celttv.com.ar\/\",\"sameAs\":[\"https:\/\/www.youtube.com\/channel\/UCz_oIt8Hig64Ub-EmcNPIhg\",\"https:\/\/www.facebook.com\/celtTV\/\"],\"logo\":{\"@type\":\"ImageObject\",\"inLanguage\":\"es\",\"@id\":\"https:\/\/www.celttv.com.ar\/#\/schema\/logo\/image\/\",\"url\":\"http:\/\/www.celttv.com.ar\/wp-content\/uploads\/2022\/08\/logo-1.png\",\"contentUrl\":\"http:\/\/www.celttv.com.ar\/wp-content\/uploads\/2022\/08\/logo-1.png\",\"width\":461,\"height\":159,\"caption\":\"CELTTV\"},\"image\":{\"@id\":\"https:\/\/www.celttv.com.ar\/#\/schema\/logo\/image\/\"}},{\"@type\":\"Person\",\"@id\":\"https:\/\/www.celttv.com.ar\/#\/schema\/person\/9059dc91dc7204ef4182cdb65225f07d\",\"name\":\"Miguel Herrada\",\"image\":{\"@type\":\"ImageObject\",\"inLanguage\":\"es\",\"@id\":\"https:\/\/www.celttv.com.ar\/#\/schema\/person\/image\/\",\"url\":\"https:\/\/secure.gravatar.com\/avatar\/67724d5b3c716623ffd76bec7e45841a442ac3b456e914dbba90b0fad2b8e0b1?s=96&d=mm&r=g\",\"contentUrl\":\"https:\/\/secure.gravatar.com\/avatar\/67724d5b3c716623ffd76bec7e45841a442ac3b456e914dbba90b0fad2b8e0b1?s=96&d=mm&r=g\",\"caption\":\"Miguel Herrada\"}}]}<\/script>\n<!-- \/ Yoast SEO plugin. -->","yoast_head_json":{"title":"HCD: Juraron los concejales electos el 22 de octubre (videos y notas) - CELTTV","description":"Sitio web de noticias de la localidad de Tornquist, provincia de Buenos Aires, Rep\u00fablica Argentina. Contenido propio originado por periodistas de CELTTV, el canal de TV local de la Cooperativa El\u00e9ctrica de Tornquist. Turismo, Pol\u00edtica, Sociedad, Deporte, Cultura y todo el contenido de inter\u00e9s general que la gente del pueblo y la regi\u00f3n debe conocer.","robots":{"index":"index","follow":"follow","max-snippet":"max-snippet:-1","max-image-preview":"max-image-preview:large","max-video-preview":"max-video-preview:-1"},"canonical":"https:\/\/www.celttv.com.ar\/index.php\/2023\/12\/07\/hcd-juraron-los-concejales-electos-el-22-de-octubre-videos-y-notas\/","og_locale":"es_ES","og_type":"article","og_title":"HCD: Juraron los concejales electos el 22 de octubre (videos y notas) - CELTTV","og_description":"Sitio web de noticias de la localidad de Tornquist, provincia de Buenos Aires, Rep\u00fablica Argentina. Contenido propio originado por periodistas de CELTTV, el canal de TV local de la Cooperativa El\u00e9ctrica de Tornquist. Turismo, Pol\u00edtica, Sociedad, Deporte, Cultura y todo el contenido de inter\u00e9s general que la gente del pueblo y la regi\u00f3n debe conocer.","og_url":"https:\/\/www.celttv.com.ar\/index.php\/2023\/12\/07\/hcd-juraron-los-concejales-electos-el-22-de-octubre-videos-y-notas\/","og_site_name":"CELTTV","article_publisher":"https:\/\/www.facebook.com\/celtTV\/","article_published_time":"2023-12-08T01:10:23+00:00","og_image":[{"width":864,"height":712,"url":"https:\/\/www.celttv.com.ar\/wp-content\/uploads\/2023\/12\/jura.jpg","type":"image\/jpeg"}],"author":"Miguel Herrada","twitter_card":"summary_large_image","twitter_misc":{"Escrito por":"Miguel Herrada","Tiempo de lectura":"1 minuto"},"schema":{"@context":"https:\/\/schema.org","@graph":[{"@type":"NewsArticle","@id":"https:\/\/www.celttv.com.ar\/index.php\/2023\/12\/07\/hcd-juraron-los-concejales-electos-el-22-de-octubre-videos-y-notas\/#article","isPartOf":{"@id":"https:\/\/www.celttv.com.ar\/index.php\/2023\/12\/07\/hcd-juraron-los-concejales-electos-el-22-de-octubre-videos-y-notas\/"},"author":{"name":"Miguel Herrada","@id":"https:\/\/www.celttv.com.ar\/#\/schema\/person\/9059dc91dc7204ef4182cdb65225f07d"},"headline":"HCD: Juraron los concejales electos el 22 de octubre (videos y notas)","datePublished":"2023-12-08T01:10:23+00:00","dateModified":"2023-12-08T01:10:23+00:00","mainEntityOfPage":{"@id":"https:\/\/www.celttv.com.ar\/index.php\/2023\/12\/07\/hcd-juraron-los-concejales-electos-el-22-de-octubre-videos-y-notas\/"},"wordCount":242,"publisher":{"@id":"https:\/\/www.celttv.com.ar\/#organization"},"inLanguage":"es"},{"@type":"WebPage","@id":"https:\/\/www.celttv.com.ar\/index.php\/2023\/12\/07\/hcd-juraron-los-concejales-electos-el-22-de-octubre-videos-y-notas\/","url":"https:\/\/www.celttv.com.ar\/index.php\/2023\/12\/07\/hcd-juraron-los-concejales-electos-el-22-de-octubre-videos-y-notas\/","name":"HCD: Juraron los concejales electos el 22 de octubre (videos y notas) - CELTTV","isPartOf":{"@id":"https:\/\/www.celttv.com.ar\/#website"},"datePublished":"2023-12-08T01:10:23+00:00","dateModified":"2023-12-08T01:10:23+00:00","description":"Sitio web de noticias de la localidad de Tornquist, provincia de Buenos Aires, Rep\u00fablica Argentina. Contenido propio originado por periodistas de CELTTV, el canal de TV local de la Cooperativa El\u00e9ctrica de Tornquist. Turismo, Pol\u00edtica, Sociedad, Deporte, Cultura y todo el contenido de inter\u00e9s general que la gente del pueblo y la regi\u00f3n debe conocer.","breadcrumb":{"@id":"https:\/\/www.celttv.com.ar\/index.php\/2023\/12\/07\/hcd-juraron-los-concejales-electos-el-22-de-octubre-videos-y-notas\/#breadcrumb"},"inLanguage":"es","potentialAction":[{"@type":"ReadAction","target":["https:\/\/www.celttv.com.ar\/index.php\/2023\/12\/07\/hcd-juraron-los-concejales-electos-el-22-de-octubre-videos-y-notas\/"]}]},{"@type":"BreadcrumbList","@id":"https:\/\/www.celttv.com.ar\/index.php\/2023\/12\/07\/hcd-juraron-los-concejales-electos-el-22-de-octubre-videos-y-notas\/#breadcrumb","itemListElement":[{"@type":"ListItem","position":1,"name":"Inicio","item":"https:\/\/www.celttv.com.ar\/"},{"@type":"ListItem","position":2,"name":"HCD: Juraron los concejales electos el 22 de octubre (videos y notas)"}]},{"@type":"WebSite","@id":"https:\/\/www.celttv.com.ar\/#website","url":"https:\/\/www.celttv.com.ar\/","name":"CELTTV","description":"Cooperativa El\u00e9ctrica de Tornquist","publisher":{"@id":"https:\/\/www.celttv.com.ar\/#organization"},"potentialAction":[{"@type":"SearchAction","target":{"@type":"EntryPoint","urlTemplate":"https:\/\/www.celttv.com.ar\/?s={search_term_string}"},"query-input":"required name=search_term_string"}],"inLanguage":"es"},{"@type":"Organization","@id":"https:\/\/www.celttv.com.ar\/#organization","name":"CELTTV","url":"https:\/\/www.celttv.com.ar\/","sameAs":["https:\/\/www.youtube.com\/channel\/UCz_oIt8Hig64Ub-EmcNPIhg","https:\/\/www.facebook.com\/celtTV\/"],"logo":{"@type":"ImageObject","inLanguage":"es","@id":"https:\/\/www.celttv.com.ar\/#\/schema\/logo\/image\/","url":"http:\/\/www.celttv.com.ar\/wp-content\/uploads\/2022\/08\/logo-1.png","contentUrl":"http:\/\/www.celttv.com.ar\/wp-content\/uploads\/2022\/08\/logo-1.png","width":461,"height":159,"caption":"CELTTV"},"image":{"@id":"https:\/\/www.celttv.com.ar\/#\/schema\/logo\/image\/"}},{"@type":"Person","@id":"https:\/\/www.celttv.com.ar\/#\/schema\/person\/9059dc91dc7204ef4182cdb65225f07d","name":"Miguel Herrada","image":{"@type":"ImageObject","inLanguage":"es","@id":"https:\/\/www.celttv.com.ar\/#\/schema\/person\/image\/","url":"https:\/\/secure.gravatar.com\/avatar\/67724d5b3c716623ffd76bec7e45841a442ac3b456e914dbba90b0fad2b8e0b1?s=96&d=mm&r=g","contentUrl":"https:\/\/secure.gravatar.com\/avatar\/67724d5b3c716623ffd76bec7e45841a442ac3b456e914dbba90b0fad2b8e0b1?s=96&d=mm&r=g","caption":"Miguel Herrada"}}]}},"_links":{"self":[{"href":"https:\/\/www.celttv.com.ar\/index.php\/wp-json\/wp\/v2\/posts\/80788","targetHints":{"allow":["GET"]}}],"collection":[{"href":"https:\/\/www.celttv.com.ar\/index.php\/wp-json\/wp\/v2\/posts"}],"about":[{"href":"https:\/\/www.celttv.com.ar\/index.php\/wp-json\/wp\/v2\/types\/post"}],"author":[{"embeddable":true,"href":"https:\/\/www.celttv.com.ar\/index.php\/wp-json\/wp\/v2\/users\/5"}],"replies":[{"embeddable":true,"href":"https:\/\/www.celttv.com.ar\/index.php\/wp-json\/wp\/v2\/comments?post=80788"}],"version-history":[{"count":1,"href":"https:\/\/www.celttv.com.ar\/index.php\/wp-json\/wp\/v2\/posts\/80788\/revisions"}],"predecessor-version":[{"id":80790,"href":"https:\/\/www.celttv.com.ar\/index.php\/wp-json\/wp\/v2\/posts\/80788\/revisions\/80790"}],"wp:featuredmedia":[{"embeddable":true,"href":"https:\/\/www.celttv.com.ar\/index.php\/wp-json\/wp\/v2\/media\/80789"}],"wp:attachment":[{"href":"https:\/\/www.celttv.com.ar\/index.php\/wp-json\/wp\/v2\/media?parent=80788"}],"wp:term":[{"taxonomy":"category","embeddable":true,"href":"https:\/\/www.celttv.com.ar\/index.php\/wp-json\/wp\/v2\/categories?post=80788"},{"taxonomy":"post_tag","embeddable":true,"href":"https:\/\/www.celttv.com.ar\/index.php\/wp-json\/wp\/v2\/tags?post=80788"}],"curies":[{"name":"wp","href":"https:\/\/api.w.org\/{rel}","templated":true}]}}