{"id":80796,"date":"2023-12-08T10:27:20","date_gmt":"2023-12-08T13:27:20","guid":{"rendered":"http:\/\/www.celttv.com.ar\/?p=80796"},"modified":"2023-12-08T10:27:20","modified_gmt":"2023-12-08T13:27:20","slug":"el-consejo-escolar-de-tornquist-invita-al-acto-de-asuncion-de-autoridades-el-proximo-lunes","status":"publish","type":"post","link":"https:\/\/www.celttv.com.ar\/index.php\/2023\/12\/08\/el-consejo-escolar-de-tornquist-invita-al-acto-de-asuncion-de-autoridades-el-proximo-lunes\/","title":{"rendered":"El Consejo Escolar de Tornquist invita al Acto de asunci\u00f3n de Autoridades el pr\u00f3ximo lunes"},"content":{"rendered":"<p>El Consejo Escolar de Tornquist invita al Acto de asunci\u00f3n de Autoridades el pr\u00f3ximo lunes<\/p>\n<div class=\"text\">\n<p>El pasado jueves se realiz\u00f3 la sesi\u00f3n preparatoria para elegir las nuevas autoridades del Consejo Escolar de Tornquist.<\/p>\n<p><strong>Fue electa como presidente del cuerpo GISELA FEDERICI (Juntos),<\/strong>\u00a0como vice presidente MARIELA LENCINA (Juntos), Secretaria, ALFONSINA SAGREDO (Uni\u00f3n por la patria) y tesorero FABIAN CAMILLETTI (Juntos).<\/p>\n<p>La asunci\u00f3n de los consejeros electos se realizar\u00e1 el lunes 11 de dicembre a la hora 19. Ese d\u00eda prestar\u00e1n juramento Mariela Lencina (Reelecta en Juntos) y Alfonsina Sagredo de Saldungaray (Uni\u00f3n por la patria).<\/p>\n<p><img loading=\"lazy\" decoding=\"async\" class=\"alignnone wp-image-80798 size-full\" src=\"http:\/\/www.celttv.com.ar\/wp-content\/uploads\/2023\/12\/Consejeros-Escolares.jpg\" alt=\"\" width=\"973\" height=\"668\" srcset=\"https:\/\/www.celttv.com.ar\/wp-content\/uploads\/2023\/12\/Consejeros-Escolares.jpg 973w, https:\/\/www.celttv.com.ar\/wp-content\/uploads\/2023\/12\/Consejeros-Escolares-300x206.jpg 300w, https:\/\/www.celttv.com.ar\/wp-content\/uploads\/2023\/12\/Consejeros-Escolares-768x527.jpg 768w, https:\/\/www.celttv.com.ar\/wp-content\/uploads\/2023\/12\/Consejeros-Escolares-750x515.jpg 750w\" sizes=\"auto, (max-width: 973px) 100vw, 973px\" \/><\/p>\n<\/div>\n<p><img loading=\"lazy\" decoding=\"async\" class=\"alignnone wp-image-80797 size-full\" src=\"http:\/\/www.celttv.com.ar\/wp-content\/uploads\/2023\/12\/consejo-escolar-invita.jpeg\" alt=\"\" width=\"1131\" height=\"1600\" srcset=\"https:\/\/www.celttv.com.ar\/wp-content\/uploads\/2023\/12\/consejo-escolar-invita.jpeg 1131w, https:\/\/www.celttv.com.ar\/wp-content\/uploads\/2023\/12\/consejo-escolar-invita-212x300.jpeg 212w, https:\/\/www.celttv.com.ar\/wp-content\/uploads\/2023\/12\/consejo-escolar-invita-724x1024.jpeg 724w, https:\/\/www.celttv.com.ar\/wp-content\/uploads\/2023\/12\/consejo-escolar-invita-768x1086.jpeg 768w, https:\/\/www.celttv.com.ar\/wp-content\/uploads\/2023\/12\/consejo-escolar-invita-1086x1536.jpeg 1086w, https:\/\/www.celttv.com.ar\/wp-content\/uploads\/2023\/12\/consejo-escolar-invita-750x1061.jpeg 750w\" sizes=\"auto, (max-width: 1131px) 100vw, 1131px\" \/><\/p>\n","protected":false},"excerpt":{"rendered":"<p>El Consejo Escolar de Tornquist invita al Acto de asunci\u00f3n de Autoridades el pr\u00f3ximo lunes El pasado jueves se realiz\u00f3 la sesi\u00f3n preparatoria para elegir las nuevas autoridades del Consejo Escolar de Tornquist. Fue electa como presidente del cuerpo GISELA FEDERICI (Juntos),\u00a0como vice presidente MARIELA LENCINA (Juntos), Secretaria, ALFONSINA SAGREDO (Uni\u00f3n por la patria) y [&hellip;]<\/p>\n","protected":false},"author":5,"featured_media":80798,"comment_status":"closed","ping_status":"closed","sticky":false,"template":"","format":"standard","meta":{"footnotes":""},"categories":[51,52],"tags":[],"class_list":["post-80796","post","type-post","status-publish","format-standard","has-post-thumbnail","hentry","category-comunidad","category-destacadas"],"yoast_head":"<!-- This site is optimized with the Yoast SEO plugin v19.7.1 - https:\/\/yoast.com\/wordpress\/plugins\/seo\/ -->\n<title>El Consejo Escolar de Tornquist invita al Acto de asunci\u00f3n de Autoridades el pr\u00f3ximo lunes - CELTTV<\/title>\n<meta name=\"description\" content=\"Sitio web de noticias de la localidad de Tornquist, provincia de Buenos Aires, Rep\u00fablica Argentina. Contenido propio originado por periodistas de CELTTV, el canal de TV local de la Cooperativa El\u00e9ctrica de Tornquist. Turismo, Pol\u00edtica, Sociedad, Deporte, Cultura y todo el contenido de inter\u00e9s general que la gente del pueblo y la regi\u00f3n debe conocer.\" \/>\n<meta name=\"robots\" content=\"index, follow, max-snippet:-1, max-image-preview:large, max-video-preview:-1\" \/>\n<link rel=\"canonical\" href=\"https:\/\/www.celttv.com.ar\/index.php\/2023\/12\/08\/el-consejo-escolar-de-tornquist-invita-al-acto-de-asuncion-de-autoridades-el-proximo-lunes\/\" \/>\n<meta property=\"og:locale\" content=\"es_ES\" \/>\n<meta property=\"og:type\" content=\"article\" \/>\n<meta property=\"og:title\" content=\"El Consejo Escolar de Tornquist invita al Acto de asunci\u00f3n de Autoridades el pr\u00f3ximo lunes - CELTTV\" \/>\n<meta property=\"og:description\" content=\"Sitio web de noticias de la localidad de Tornquist, provincia de Buenos Aires, Rep\u00fablica Argentina. Contenido propio originado por periodistas de CELTTV, el canal de TV local de la Cooperativa El\u00e9ctrica de Tornquist. Turismo, Pol\u00edtica, Sociedad, Deporte, Cultura y todo el contenido de inter\u00e9s general que la gente del pueblo y la regi\u00f3n debe conocer.\" \/>\n<meta property=\"og:url\" content=\"https:\/\/www.celttv.com.ar\/index.php\/2023\/12\/08\/el-consejo-escolar-de-tornquist-invita-al-acto-de-asuncion-de-autoridades-el-proximo-lunes\/\" \/>\n<meta property=\"og:site_name\" content=\"CELTTV\" \/>\n<meta property=\"article:publisher\" content=\"https:\/\/www.facebook.com\/celtTV\/\" \/>\n<meta property=\"article:published_time\" content=\"2023-12-08T13:27:20+00:00\" \/>\n<meta property=\"og:image\" content=\"https:\/\/www.celttv.com.ar\/wp-content\/uploads\/2023\/12\/Consejeros-Escolares.jpg\" \/>\n\t<meta property=\"og:image:width\" content=\"973\" \/>\n\t<meta property=\"og:image:height\" content=\"668\" \/>\n\t<meta property=\"og:image:type\" content=\"image\/jpeg\" \/>\n<meta name=\"author\" content=\"Miguel Herrada\" \/>\n<meta name=\"twitter:card\" content=\"summary_large_image\" \/>\n<meta name=\"twitter:label1\" content=\"Escrito por\" \/>\n\t<meta name=\"twitter:data1\" content=\"Miguel Herrada\" \/>\n\t<meta name=\"twitter:label2\" content=\"Tiempo de lectura\" \/>\n\t<meta name=\"twitter:data2\" content=\"1 minuto\" \/>\n<script type=\"application\/ld+json\" class=\"yoast-schema-graph\">{\"@context\":\"https:\/\/schema.org\",\"@graph\":[{\"@type\":\"NewsArticle\",\"@id\":\"https:\/\/www.celttv.com.ar\/index.php\/2023\/12\/08\/el-consejo-escolar-de-tornquist-invita-al-acto-de-asuncion-de-autoridades-el-proximo-lunes\/#article\",\"isPartOf\":{\"@id\":\"https:\/\/www.celttv.com.ar\/index.php\/2023\/12\/08\/el-consejo-escolar-de-tornquist-invita-al-acto-de-asuncion-de-autoridades-el-proximo-lunes\/\"},\"author\":{\"name\":\"Miguel Herrada\",\"@id\":\"https:\/\/www.celttv.com.ar\/#\/schema\/person\/9059dc91dc7204ef4182cdb65225f07d\"},\"headline\":\"El Consejo Escolar de Tornquist invita al Acto de asunci\u00f3n de Autoridades el pr\u00f3ximo lunes\",\"datePublished\":\"2023-12-08T13:27:20+00:00\",\"dateModified\":\"2023-12-08T13:27:20+00:00\",\"mainEntityOfPage\":{\"@id\":\"https:\/\/www.celttv.com.ar\/index.php\/2023\/12\/08\/el-consejo-escolar-de-tornquist-invita-al-acto-de-asuncion-de-autoridades-el-proximo-lunes\/\"},\"wordCount\":118,\"publisher\":{\"@id\":\"https:\/\/www.celttv.com.ar\/#organization\"},\"articleSection\":[\"Comunidad\",\"Destacadas\"],\"inLanguage\":\"es\"},{\"@type\":\"WebPage\",\"@id\":\"https:\/\/www.celttv.com.ar\/index.php\/2023\/12\/08\/el-consejo-escolar-de-tornquist-invita-al-acto-de-asuncion-de-autoridades-el-proximo-lunes\/\",\"url\":\"https:\/\/www.celttv.com.ar\/index.php\/2023\/12\/08\/el-consejo-escolar-de-tornquist-invita-al-acto-de-asuncion-de-autoridades-el-proximo-lunes\/\",\"name\":\"El Consejo Escolar de Tornquist invita al Acto de asunci\u00f3n de Autoridades el pr\u00f3ximo lunes - CELTTV\",\"isPartOf\":{\"@id\":\"https:\/\/www.celttv.com.ar\/#website\"},\"datePublished\":\"2023-12-08T13:27:20+00:00\",\"dateModified\":\"2023-12-08T13:27:20+00:00\",\"description\":\"Sitio web de noticias de la localidad de Tornquist, provincia de Buenos Aires, Rep\u00fablica Argentina. Contenido propio originado por periodistas de CELTTV, el canal de TV local de la Cooperativa El\u00e9ctrica de Tornquist. Turismo, Pol\u00edtica, Sociedad, Deporte, Cultura y todo el contenido de inter\u00e9s general que la gente del pueblo y la regi\u00f3n debe conocer.\",\"breadcrumb\":{\"@id\":\"https:\/\/www.celttv.com.ar\/index.php\/2023\/12\/08\/el-consejo-escolar-de-tornquist-invita-al-acto-de-asuncion-de-autoridades-el-proximo-lunes\/#breadcrumb\"},\"inLanguage\":\"es\",\"potentialAction\":[{\"@type\":\"ReadAction\",\"target\":[\"https:\/\/www.celttv.com.ar\/index.php\/2023\/12\/08\/el-consejo-escolar-de-tornquist-invita-al-acto-de-asuncion-de-autoridades-el-proximo-lunes\/\"]}]},{\"@type\":\"BreadcrumbList\",\"@id\":\"https:\/\/www.celttv.com.ar\/index.php\/2023\/12\/08\/el-consejo-escolar-de-tornquist-invita-al-acto-de-asuncion-de-autoridades-el-proximo-lunes\/#breadcrumb\",\"itemListElement\":[{\"@type\":\"ListItem\",\"position\":1,\"name\":\"Inicio\",\"item\":\"https:\/\/www.celttv.com.ar\/\"},{\"@type\":\"ListItem\",\"position\":2,\"name\":\"El Consejo Escolar de Tornquist invita al Acto de asunci\u00f3n de Autoridades el pr\u00f3ximo lunes\"}]},{\"@type\":\"WebSite\",\"@id\":\"https:\/\/www.celttv.com.ar\/#website\",\"url\":\"https:\/\/www.celttv.com.ar\/\",\"name\":\"CELTTV\",\"description\":\"Cooperativa El\u00e9ctrica de Tornquist\",\"publisher\":{\"@id\":\"https:\/\/www.celttv.com.ar\/#organization\"},\"potentialAction\":[{\"@type\":\"SearchAction\",\"target\":{\"@type\":\"EntryPoint\",\"urlTemplate\":\"https:\/\/www.celttv.com.ar\/?s={search_term_string}\"},\"query-input\":\"required name=search_term_string\"}],\"inLanguage\":\"es\"},{\"@type\":\"Organization\",\"@id\":\"https:\/\/www.celttv.com.ar\/#organization\",\"name\":\"CELTTV\",\"url\":\"https:\/\/www.celttv.com.ar\/\",\"sameAs\":[\"https:\/\/www.youtube.com\/channel\/UCz_oIt8Hig64Ub-EmcNPIhg\",\"https:\/\/www.facebook.com\/celtTV\/\"],\"logo\":{\"@type\":\"ImageObject\",\"inLanguage\":\"es\",\"@id\":\"https:\/\/www.celttv.com.ar\/#\/schema\/logo\/image\/\",\"url\":\"http:\/\/www.celttv.com.ar\/wp-content\/uploads\/2022\/08\/logo-1.png\",\"contentUrl\":\"http:\/\/www.celttv.com.ar\/wp-content\/uploads\/2022\/08\/logo-1.png\",\"width\":461,\"height\":159,\"caption\":\"CELTTV\"},\"image\":{\"@id\":\"https:\/\/www.celttv.com.ar\/#\/schema\/logo\/image\/\"}},{\"@type\":\"Person\",\"@id\":\"https:\/\/www.celttv.com.ar\/#\/schema\/person\/9059dc91dc7204ef4182cdb65225f07d\",\"name\":\"Miguel Herrada\",\"image\":{\"@type\":\"ImageObject\",\"inLanguage\":\"es\",\"@id\":\"https:\/\/www.celttv.com.ar\/#\/schema\/person\/image\/\",\"url\":\"https:\/\/secure.gravatar.com\/avatar\/67724d5b3c716623ffd76bec7e45841a442ac3b456e914dbba90b0fad2b8e0b1?s=96&d=mm&r=g\",\"contentUrl\":\"https:\/\/secure.gravatar.com\/avatar\/67724d5b3c716623ffd76bec7e45841a442ac3b456e914dbba90b0fad2b8e0b1?s=96&d=mm&r=g\",\"caption\":\"Miguel Herrada\"}}]}<\/script>\n<!-- \/ Yoast SEO plugin. -->","yoast_head_json":{"title":"El Consejo Escolar de Tornquist invita al Acto de asunci\u00f3n de Autoridades el pr\u00f3ximo lunes - CELTTV","description":"Sitio web de noticias de la localidad de Tornquist, provincia de Buenos Aires, Rep\u00fablica Argentina. Contenido propio originado por periodistas de CELTTV, el canal de TV local de la Cooperativa El\u00e9ctrica de Tornquist. Turismo, Pol\u00edtica, Sociedad, Deporte, Cultura y todo el contenido de inter\u00e9s general que la gente del pueblo y la regi\u00f3n debe conocer.","robots":{"index":"index","follow":"follow","max-snippet":"max-snippet:-1","max-image-preview":"max-image-preview:large","max-video-preview":"max-video-preview:-1"},"canonical":"https:\/\/www.celttv.com.ar\/index.php\/2023\/12\/08\/el-consejo-escolar-de-tornquist-invita-al-acto-de-asuncion-de-autoridades-el-proximo-lunes\/","og_locale":"es_ES","og_type":"article","og_title":"El Consejo Escolar de Tornquist invita al Acto de asunci\u00f3n de Autoridades el pr\u00f3ximo lunes - CELTTV","og_description":"Sitio web de noticias de la localidad de Tornquist, provincia de Buenos Aires, Rep\u00fablica Argentina. Contenido propio originado por periodistas de CELTTV, el canal de TV local de la Cooperativa El\u00e9ctrica de Tornquist. Turismo, Pol\u00edtica, Sociedad, Deporte, Cultura y todo el contenido de inter\u00e9s general que la gente del pueblo y la regi\u00f3n debe conocer.","og_url":"https:\/\/www.celttv.com.ar\/index.php\/2023\/12\/08\/el-consejo-escolar-de-tornquist-invita-al-acto-de-asuncion-de-autoridades-el-proximo-lunes\/","og_site_name":"CELTTV","article_publisher":"https:\/\/www.facebook.com\/celtTV\/","article_published_time":"2023-12-08T13:27:20+00:00","og_image":[{"width":973,"height":668,"url":"https:\/\/www.celttv.com.ar\/wp-content\/uploads\/2023\/12\/Consejeros-Escolares.jpg","type":"image\/jpeg"}],"author":"Miguel Herrada","twitter_card":"summary_large_image","twitter_misc":{"Escrito por":"Miguel Herrada","Tiempo de lectura":"1 minuto"},"schema":{"@context":"https:\/\/schema.org","@graph":[{"@type":"NewsArticle","@id":"https:\/\/www.celttv.com.ar\/index.php\/2023\/12\/08\/el-consejo-escolar-de-tornquist-invita-al-acto-de-asuncion-de-autoridades-el-proximo-lunes\/#article","isPartOf":{"@id":"https:\/\/www.celttv.com.ar\/index.php\/2023\/12\/08\/el-consejo-escolar-de-tornquist-invita-al-acto-de-asuncion-de-autoridades-el-proximo-lunes\/"},"author":{"name":"Miguel Herrada","@id":"https:\/\/www.celttv.com.ar\/#\/schema\/person\/9059dc91dc7204ef4182cdb65225f07d"},"headline":"El Consejo Escolar de Tornquist invita al Acto de asunci\u00f3n de Autoridades el pr\u00f3ximo lunes","datePublished":"2023-12-08T13:27:20+00:00","dateModified":"2023-12-08T13:27:20+00:00","mainEntityOfPage":{"@id":"https:\/\/www.celttv.com.ar\/index.php\/2023\/12\/08\/el-consejo-escolar-de-tornquist-invita-al-acto-de-asuncion-de-autoridades-el-proximo-lunes\/"},"wordCount":118,"publisher":{"@id":"https:\/\/www.celttv.com.ar\/#organization"},"articleSection":["Comunidad","Destacadas"],"inLanguage":"es"},{"@type":"WebPage","@id":"https:\/\/www.celttv.com.ar\/index.php\/2023\/12\/08\/el-consejo-escolar-de-tornquist-invita-al-acto-de-asuncion-de-autoridades-el-proximo-lunes\/","url":"https:\/\/www.celttv.com.ar\/index.php\/2023\/12\/08\/el-consejo-escolar-de-tornquist-invita-al-acto-de-asuncion-de-autoridades-el-proximo-lunes\/","name":"El Consejo Escolar de Tornquist invita al Acto de asunci\u00f3n de Autoridades el pr\u00f3ximo lunes - CELTTV","isPartOf":{"@id":"https:\/\/www.celttv.com.ar\/#website"},"datePublished":"2023-12-08T13:27:20+00:00","dateModified":"2023-12-08T13:27:20+00:00","description":"Sitio web de noticias de la localidad de Tornquist, provincia de Buenos Aires, Rep\u00fablica Argentina. Contenido propio originado por periodistas de CELTTV, el canal de TV local de la Cooperativa El\u00e9ctrica de Tornquist. Turismo, Pol\u00edtica, Sociedad, Deporte, Cultura y todo el contenido de inter\u00e9s general que la gente del pueblo y la regi\u00f3n debe conocer.","breadcrumb":{"@id":"https:\/\/www.celttv.com.ar\/index.php\/2023\/12\/08\/el-consejo-escolar-de-tornquist-invita-al-acto-de-asuncion-de-autoridades-el-proximo-lunes\/#breadcrumb"},"inLanguage":"es","potentialAction":[{"@type":"ReadAction","target":["https:\/\/www.celttv.com.ar\/index.php\/2023\/12\/08\/el-consejo-escolar-de-tornquist-invita-al-acto-de-asuncion-de-autoridades-el-proximo-lunes\/"]}]},{"@type":"BreadcrumbList","@id":"https:\/\/www.celttv.com.ar\/index.php\/2023\/12\/08\/el-consejo-escolar-de-tornquist-invita-al-acto-de-asuncion-de-autoridades-el-proximo-lunes\/#breadcrumb","itemListElement":[{"@type":"ListItem","position":1,"name":"Inicio","item":"https:\/\/www.celttv.com.ar\/"},{"@type":"ListItem","position":2,"name":"El Consejo Escolar de Tornquist invita al Acto de asunci\u00f3n de Autoridades el pr\u00f3ximo lunes"}]},{"@type":"WebSite","@id":"https:\/\/www.celttv.com.ar\/#website","url":"https:\/\/www.celttv.com.ar\/","name":"CELTTV","description":"Cooperativa El\u00e9ctrica de Tornquist","publisher":{"@id":"https:\/\/www.celttv.com.ar\/#organization"},"potentialAction":[{"@type":"SearchAction","target":{"@type":"EntryPoint","urlTemplate":"https:\/\/www.celttv.com.ar\/?s={search_term_string}"},"query-input":"required name=search_term_string"}],"inLanguage":"es"},{"@type":"Organization","@id":"https:\/\/www.celttv.com.ar\/#organization","name":"CELTTV","url":"https:\/\/www.celttv.com.ar\/","sameAs":["https:\/\/www.youtube.com\/channel\/UCz_oIt8Hig64Ub-EmcNPIhg","https:\/\/www.facebook.com\/celtTV\/"],"logo":{"@type":"ImageObject","inLanguage":"es","@id":"https:\/\/www.celttv.com.ar\/#\/schema\/logo\/image\/","url":"http:\/\/www.celttv.com.ar\/wp-content\/uploads\/2022\/08\/logo-1.png","contentUrl":"http:\/\/www.celttv.com.ar\/wp-content\/uploads\/2022\/08\/logo-1.png","width":461,"height":159,"caption":"CELTTV"},"image":{"@id":"https:\/\/www.celttv.com.ar\/#\/schema\/logo\/image\/"}},{"@type":"Person","@id":"https:\/\/www.celttv.com.ar\/#\/schema\/person\/9059dc91dc7204ef4182cdb65225f07d","name":"Miguel Herrada","image":{"@type":"ImageObject","inLanguage":"es","@id":"https:\/\/www.celttv.com.ar\/#\/schema\/person\/image\/","url":"https:\/\/secure.gravatar.com\/avatar\/67724d5b3c716623ffd76bec7e45841a442ac3b456e914dbba90b0fad2b8e0b1?s=96&d=mm&r=g","contentUrl":"https:\/\/secure.gravatar.com\/avatar\/67724d5b3c716623ffd76bec7e45841a442ac3b456e914dbba90b0fad2b8e0b1?s=96&d=mm&r=g","caption":"Miguel Herrada"}}]}},"_links":{"self":[{"href":"https:\/\/www.celttv.com.ar\/index.php\/wp-json\/wp\/v2\/posts\/80796","targetHints":{"allow":["GET"]}}],"collection":[{"href":"https:\/\/www.celttv.com.ar\/index.php\/wp-json\/wp\/v2\/posts"}],"about":[{"href":"https:\/\/www.celttv.com.ar\/index.php\/wp-json\/wp\/v2\/types\/post"}],"author":[{"embeddable":true,"href":"https:\/\/www.celttv.com.ar\/index.php\/wp-json\/wp\/v2\/users\/5"}],"replies":[{"embeddable":true,"href":"https:\/\/www.celttv.com.ar\/index.php\/wp-json\/wp\/v2\/comments?post=80796"}],"version-history":[{"count":1,"href":"https:\/\/www.celttv.com.ar\/index.php\/wp-json\/wp\/v2\/posts\/80796\/revisions"}],"predecessor-version":[{"id":80799,"href":"https:\/\/www.celttv.com.ar\/index.php\/wp-json\/wp\/v2\/posts\/80796\/revisions\/80799"}],"wp:featuredmedia":[{"embeddable":true,"href":"https:\/\/www.celttv.com.ar\/index.php\/wp-json\/wp\/v2\/media\/80798"}],"wp:attachment":[{"href":"https:\/\/www.celttv.com.ar\/index.php\/wp-json\/wp\/v2\/media?parent=80796"}],"wp:term":[{"taxonomy":"category","embeddable":true,"href":"https:\/\/www.celttv.com.ar\/index.php\/wp-json\/wp\/v2\/categories?post=80796"},{"taxonomy":"post_tag","embeddable":true,"href":"https:\/\/www.celttv.com.ar\/index.php\/wp-json\/wp\/v2\/tags?post=80796"}],"curies":[{"name":"wp","href":"https:\/\/api.w.org\/{rel}","templated":true}]}}