{"id":80911,"date":"2023-12-14T00:08:03","date_gmt":"2023-12-14T03:08:03","guid":{"rendered":"http:\/\/www.celttv.com.ar\/?p=80911"},"modified":"2023-12-14T00:08:03","modified_gmt":"2023-12-14T03:08:03","slug":"hcd-lo-temas-tratados-en-la-sesion-extraordinaria-de-este-martes","status":"publish","type":"post","link":"https:\/\/www.celttv.com.ar\/index.php\/2023\/12\/14\/hcd-lo-temas-tratados-en-la-sesion-extraordinaria-de-este-martes\/","title":{"rendered":"HCD: Lo temas tratados en la sesi\u00f3n extraordinaria de \u00e9ste martes"},"content":{"rendered":"<p>INFORME SESI\u00d3N EXTRAORDINARIA DEL D\u00cdA 12 DE DICIEMBRE \u00a0DE 2023<\/p>\n<p>&nbsp;<\/p>\n<p>El d\u00eda 12 de diciembre, se realiz\u00f3 una Sesi\u00f3n Extraordinaria convocada por Decreto N\u00ba 23\/23 \u00a0a fin de tratar los siguientes temas:<\/p>\n<p>&nbsp;<\/p>\n<ul>\n<li><strong><u>Expte. N\u00ba 431\/12:<\/u><\/strong> A.L.- \u201cLlamado a licitaci\u00f3n p\u00fablica Frigor\u00edfico Municipal de Tornquist 106\/5 categor\u00eda \u201cB\u201d\u201d.-<\/li>\n<li><strong><u>Expte. N\u00ba 381\/22:<\/u><\/strong> Llamado a Licitaci\u00f3n Privada para contrataci\u00f3n de Aseguradora de Riesgo de Trabajo y Seguro de Vida Obligatorio. Licitaci\u00f3n Privada N\u00ba 17\/22.-<\/li>\n<li><strong><u>Nota N\u00ba 081\/23:<\/u><\/strong> Solicitud licencia Concejal Estefan\u00eda Bordoni.-<\/li>\n<\/ul>\n<p>Por ausencia de la Concejal Estefan\u00eda Bordoni, se le toma el juramento para asumir el cargo de Concejal a Mat\u00edas Rojas.-<\/p>\n<p>&nbsp;<\/p>\n<p><strong><u>Expte. N\u00ba 431\/12:<\/u><\/strong> A.L.- \u201cLlamado a licitaci\u00f3n p\u00fablica Frigor\u00edfico Municipal de Tornquist 106\/5 categor\u00eda \u201cB\u201d\u201d.-<\/p>\n<p>Se aprueba por unanimidad la Ordenanza N\u00ba 3726\/23 por la que se autoriza la firma de la pr\u00f3rroga del plazo del Contrato de Concesi\u00f3n, celebrado entre la Municipalidad de Tornquist y Vitale Carnes S.A.<\/p>\n<p>La pr\u00f3rroga del plazo del contrato de concesi\u00f3n, ser\u00e1 por un lapso de SEIS (6) MESES, contados a partir del 01 de enero de 2024, cuyo vencimiento operar\u00e1 el 30 de junio de 2024. &#8211;<\/p>\n<p>Se autoriza al Departamento Ejecutivo a efectuar, en las condiciones que estime pertinentes, el llamado a licitaci\u00f3n p\u00fablica de la Unidad Fiscal \u201cFrigor\u00edfico Municipal Tornquist\u201d.<\/p>\n<p><strong><u>\u00a0<\/u><\/strong><\/p>\n<p><strong><u>Expte. N\u00ba 381\/22:<\/u><\/strong> Llamado a Licitaci\u00f3n Privada para contrataci\u00f3n de Aseguradora de Riesgo de Trabajo y Seguro de Vida Obligatorio. Licitaci\u00f3n Privada N\u00ba 17\/22.-<\/p>\n<p>Se aprueba por unanimidad la Ordenanza N\u00ba 3727\/23 por la que se autoriza al Municipio de Tornquist, a mantener al\u00edcuotas y condiciones actuales para la contrataci\u00f3n de FEDERACION PATRONAL SEGUROS S.A.U; por el t\u00e9rmino de 12 meses a partir de la finalizaci\u00f3n de la p\u00f3liza vigente.<\/p>\n<p><strong><u>\u00a0<\/u><\/strong><\/p>\n<p><strong><u>Nota N\u00ba 081\/23:<\/u><\/strong> Estefan\u00eda Bordoni Concejal del Bloque Uni\u00f3n por la Patria solicita licencia al cargo de Concejal a partir del d\u00eda 13 de diciembre de 2023 y hasta el d\u00eda 31 de enero de 2024.-<\/p>\n<p>Se aprueba por unanimidad la licencia solicitada.-<\/p>\n<p>&nbsp;<\/p>\n<p>Concejal Sandra Kifer:<\/p>\n<p>\u201cQue tal. Bueno, antes que nada quiero felicitar al Concejal Mat\u00edas Rojas por haberse unido al equipo de trabajo de este Concejo Deliberante. As\u00ed que bueno, en vista de la licencia solicitada por la se\u00f1ora Estefan\u00eda Bordoni, seguramente vamos a compartir bastante tiempo de trabajo, as\u00ed\u00a0 que bienvenido\u201d.<\/p>\n<p><strong><u>\u00a0<\/u><\/strong><\/p>\n<p>HONORABLE CONCEJO DELIBERANTE<\/p>\n<p><img loading=\"lazy\" decoding=\"async\" class=\"alignnone wp-image-80912 size-full\" src=\"http:\/\/www.celttv.com.ar\/wp-content\/uploads\/2023\/12\/WhatsApp-Image-2023-12-13-at-08.42.43-1.jpeg\" alt=\"\" width=\"720\" height=\"1600\" srcset=\"https:\/\/www.celttv.com.ar\/wp-content\/uploads\/2023\/12\/WhatsApp-Image-2023-12-13-at-08.42.43-1.jpeg 720w, https:\/\/www.celttv.com.ar\/wp-content\/uploads\/2023\/12\/WhatsApp-Image-2023-12-13-at-08.42.43-1-135x300.jpeg 135w, https:\/\/www.celttv.com.ar\/wp-content\/uploads\/2023\/12\/WhatsApp-Image-2023-12-13-at-08.42.43-1-461x1024.jpeg 461w, https:\/\/www.celttv.com.ar\/wp-content\/uploads\/2023\/12\/WhatsApp-Image-2023-12-13-at-08.42.43-1-691x1536.jpeg 691w\" sizes=\"auto, (max-width: 720px) 100vw, 720px\" \/> <img loading=\"lazy\" decoding=\"async\" class=\"alignnone wp-image-80915 size-full\" src=\"http:\/\/www.celttv.com.ar\/wp-content\/uploads\/2023\/12\/WhatsApp-Image-2023-12-13-at-08.42.44-3.jpeg\" alt=\"\" width=\"1600\" height=\"720\" srcset=\"https:\/\/www.celttv.com.ar\/wp-content\/uploads\/2023\/12\/WhatsApp-Image-2023-12-13-at-08.42.44-3.jpeg 1600w, https:\/\/www.celttv.com.ar\/wp-content\/uploads\/2023\/12\/WhatsApp-Image-2023-12-13-at-08.42.44-3-300x135.jpeg 300w, https:\/\/www.celttv.com.ar\/wp-content\/uploads\/2023\/12\/WhatsApp-Image-2023-12-13-at-08.42.44-3-1024x461.jpeg 1024w, https:\/\/www.celttv.com.ar\/wp-content\/uploads\/2023\/12\/WhatsApp-Image-2023-12-13-at-08.42.44-3-768x346.jpeg 768w, https:\/\/www.celttv.com.ar\/wp-content\/uploads\/2023\/12\/WhatsApp-Image-2023-12-13-at-08.42.44-3-1536x691.jpeg 1536w, https:\/\/www.celttv.com.ar\/wp-content\/uploads\/2023\/12\/WhatsApp-Image-2023-12-13-at-08.42.44-3-750x338.jpeg 750w, https:\/\/www.celttv.com.ar\/wp-content\/uploads\/2023\/12\/WhatsApp-Image-2023-12-13-at-08.42.44-3-1140x513.jpeg 1140w\" sizes=\"auto, (max-width: 1600px) 100vw, 1600px\" \/> <img loading=\"lazy\" decoding=\"async\" class=\"alignnone wp-image-80916 size-full\" src=\"http:\/\/www.celttv.com.ar\/wp-content\/uploads\/2023\/12\/WhatsApp-Image-2023-12-13-at-08.42.44.jpeg\" alt=\"\" width=\"720\" height=\"1600\" srcset=\"https:\/\/www.celttv.com.ar\/wp-content\/uploads\/2023\/12\/WhatsApp-Image-2023-12-13-at-08.42.44.jpeg 720w, https:\/\/www.celttv.com.ar\/wp-content\/uploads\/2023\/12\/WhatsApp-Image-2023-12-13-at-08.42.44-135x300.jpeg 135w, https:\/\/www.celttv.com.ar\/wp-content\/uploads\/2023\/12\/WhatsApp-Image-2023-12-13-at-08.42.44-461x1024.jpeg 461w, https:\/\/www.celttv.com.ar\/wp-content\/uploads\/2023\/12\/WhatsApp-Image-2023-12-13-at-08.42.44-691x1536.jpeg 691w\" sizes=\"auto, (max-width: 720px) 100vw, 720px\" \/> <img loading=\"lazy\" decoding=\"async\" class=\"alignnone wp-image-80917 size-full\" src=\"http:\/\/www.celttv.com.ar\/wp-content\/uploads\/2023\/12\/WhatsApp-Image-2023-12-13-at-08.42.45.jpeg\" alt=\"\" width=\"1600\" height=\"720\" srcset=\"https:\/\/www.celttv.com.ar\/wp-content\/uploads\/2023\/12\/WhatsApp-Image-2023-12-13-at-08.42.45.jpeg 1600w, https:\/\/www.celttv.com.ar\/wp-content\/uploads\/2023\/12\/WhatsApp-Image-2023-12-13-at-08.42.45-300x135.jpeg 300w, https:\/\/www.celttv.com.ar\/wp-content\/uploads\/2023\/12\/WhatsApp-Image-2023-12-13-at-08.42.45-1024x461.jpeg 1024w, https:\/\/www.celttv.com.ar\/wp-content\/uploads\/2023\/12\/WhatsApp-Image-2023-12-13-at-08.42.45-768x346.jpeg 768w, https:\/\/www.celttv.com.ar\/wp-content\/uploads\/2023\/12\/WhatsApp-Image-2023-12-13-at-08.42.45-1536x691.jpeg 1536w, https:\/\/www.celttv.com.ar\/wp-content\/uploads\/2023\/12\/WhatsApp-Image-2023-12-13-at-08.42.45-750x338.jpeg 750w, https:\/\/www.celttv.com.ar\/wp-content\/uploads\/2023\/12\/WhatsApp-Image-2023-12-13-at-08.42.45-1140x513.jpeg 1140w\" sizes=\"auto, (max-width: 1600px) 100vw, 1600px\" \/><\/p>\n","protected":false},"excerpt":{"rendered":"<p>INFORME SESI\u00d3N EXTRAORDINARIA DEL D\u00cdA 12 DE DICIEMBRE \u00a0DE 2023 &nbsp; El d\u00eda 12 de diciembre, se realiz\u00f3 una Sesi\u00f3n Extraordinaria convocada por Decreto N\u00ba 23\/23 \u00a0a fin de tratar los siguientes temas: &nbsp; Expte. N\u00ba 431\/12: A.L.- \u201cLlamado a licitaci\u00f3n p\u00fablica Frigor\u00edfico Municipal de Tornquist 106\/5 categor\u00eda \u201cB\u201d\u201d.- Expte. N\u00ba 381\/22: Llamado a Licitaci\u00f3n [&hellip;]<\/p>\n","protected":false},"author":5,"featured_media":80913,"comment_status":"closed","ping_status":"closed","sticky":false,"template":"","format":"standard","meta":{"footnotes":""},"categories":[51,52,53],"tags":[],"class_list":["post-80911","post","type-post","status-publish","format-standard","has-post-thumbnail","hentry","category-comunidad","category-destacadas","category-politica"],"yoast_head":"<!-- This site is optimized with the Yoast SEO plugin v19.7.1 - https:\/\/yoast.com\/wordpress\/plugins\/seo\/ -->\n<title>HCD: Lo temas tratados en la sesi\u00f3n extraordinaria de \u00e9ste martes - CELTTV<\/title>\n<meta name=\"description\" content=\"Sitio web de noticias de la localidad de Tornquist, provincia de Buenos Aires, Rep\u00fablica Argentina. Contenido propio originado por periodistas de CELTTV, el canal de TV local de la Cooperativa El\u00e9ctrica de Tornquist. Turismo, Pol\u00edtica, Sociedad, Deporte, Cultura y todo el contenido de inter\u00e9s general que la gente del pueblo y la regi\u00f3n debe conocer.\" \/>\n<meta name=\"robots\" content=\"index, follow, max-snippet:-1, max-image-preview:large, max-video-preview:-1\" \/>\n<link rel=\"canonical\" href=\"https:\/\/www.celttv.com.ar\/index.php\/2023\/12\/14\/hcd-lo-temas-tratados-en-la-sesion-extraordinaria-de-este-martes\/\" \/>\n<meta property=\"og:locale\" content=\"es_ES\" \/>\n<meta property=\"og:type\" content=\"article\" \/>\n<meta property=\"og:title\" content=\"HCD: Lo temas tratados en la sesi\u00f3n extraordinaria de \u00e9ste martes - CELTTV\" \/>\n<meta property=\"og:description\" content=\"Sitio web de noticias de la localidad de Tornquist, provincia de Buenos Aires, Rep\u00fablica Argentina. Contenido propio originado por periodistas de CELTTV, el canal de TV local de la Cooperativa El\u00e9ctrica de Tornquist. Turismo, Pol\u00edtica, Sociedad, Deporte, Cultura y todo el contenido de inter\u00e9s general que la gente del pueblo y la regi\u00f3n debe conocer.\" \/>\n<meta property=\"og:url\" content=\"https:\/\/www.celttv.com.ar\/index.php\/2023\/12\/14\/hcd-lo-temas-tratados-en-la-sesion-extraordinaria-de-este-martes\/\" \/>\n<meta property=\"og:site_name\" content=\"CELTTV\" \/>\n<meta property=\"article:publisher\" content=\"https:\/\/www.facebook.com\/celtTV\/\" \/>\n<meta property=\"article:published_time\" content=\"2023-12-14T03:08:03+00:00\" \/>\n<meta property=\"og:image\" content=\"https:\/\/www.celttv.com.ar\/wp-content\/uploads\/2023\/12\/WhatsApp-Image-2023-12-13-at-08.42.44-1.jpeg\" \/>\n\t<meta property=\"og:image:width\" content=\"720\" \/>\n\t<meta property=\"og:image:height\" content=\"1600\" \/>\n\t<meta property=\"og:image:type\" content=\"image\/jpeg\" \/>\n<meta name=\"author\" content=\"Miguel Herrada\" \/>\n<meta name=\"twitter:card\" content=\"summary_large_image\" \/>\n<meta name=\"twitter:label1\" content=\"Escrito por\" \/>\n\t<meta name=\"twitter:data1\" content=\"Miguel Herrada\" \/>\n\t<meta name=\"twitter:label2\" content=\"Tiempo de lectura\" \/>\n\t<meta name=\"twitter:data2\" content=\"2 minutos\" \/>\n<script type=\"application\/ld+json\" class=\"yoast-schema-graph\">{\"@context\":\"https:\/\/schema.org\",\"@graph\":[{\"@type\":\"NewsArticle\",\"@id\":\"https:\/\/www.celttv.com.ar\/index.php\/2023\/12\/14\/hcd-lo-temas-tratados-en-la-sesion-extraordinaria-de-este-martes\/#article\",\"isPartOf\":{\"@id\":\"https:\/\/www.celttv.com.ar\/index.php\/2023\/12\/14\/hcd-lo-temas-tratados-en-la-sesion-extraordinaria-de-este-martes\/\"},\"author\":{\"name\":\"Miguel Herrada\",\"@id\":\"https:\/\/www.celttv.com.ar\/#\/schema\/person\/9059dc91dc7204ef4182cdb65225f07d\"},\"headline\":\"HCD: Lo temas tratados en la sesi\u00f3n extraordinaria de \u00e9ste martes\",\"datePublished\":\"2023-12-14T03:08:03+00:00\",\"dateModified\":\"2023-12-14T03:08:03+00:00\",\"mainEntityOfPage\":{\"@id\":\"https:\/\/www.celttv.com.ar\/index.php\/2023\/12\/14\/hcd-lo-temas-tratados-en-la-sesion-extraordinaria-de-este-martes\/\"},\"wordCount\":421,\"publisher\":{\"@id\":\"https:\/\/www.celttv.com.ar\/#organization\"},\"articleSection\":[\"Comunidad\",\"Destacadas\",\"Pol\u00edtica\"],\"inLanguage\":\"es\"},{\"@type\":\"WebPage\",\"@id\":\"https:\/\/www.celttv.com.ar\/index.php\/2023\/12\/14\/hcd-lo-temas-tratados-en-la-sesion-extraordinaria-de-este-martes\/\",\"url\":\"https:\/\/www.celttv.com.ar\/index.php\/2023\/12\/14\/hcd-lo-temas-tratados-en-la-sesion-extraordinaria-de-este-martes\/\",\"name\":\"HCD: Lo temas tratados en la sesi\u00f3n extraordinaria de \u00e9ste martes - CELTTV\",\"isPartOf\":{\"@id\":\"https:\/\/www.celttv.com.ar\/#website\"},\"datePublished\":\"2023-12-14T03:08:03+00:00\",\"dateModified\":\"2023-12-14T03:08:03+00:00\",\"description\":\"Sitio web de noticias de la localidad de Tornquist, provincia de Buenos Aires, Rep\u00fablica Argentina. Contenido propio originado por periodistas de CELTTV, el canal de TV local de la Cooperativa El\u00e9ctrica de Tornquist. Turismo, Pol\u00edtica, Sociedad, Deporte, Cultura y todo el contenido de inter\u00e9s general que la gente del pueblo y la regi\u00f3n debe conocer.\",\"breadcrumb\":{\"@id\":\"https:\/\/www.celttv.com.ar\/index.php\/2023\/12\/14\/hcd-lo-temas-tratados-en-la-sesion-extraordinaria-de-este-martes\/#breadcrumb\"},\"inLanguage\":\"es\",\"potentialAction\":[{\"@type\":\"ReadAction\",\"target\":[\"https:\/\/www.celttv.com.ar\/index.php\/2023\/12\/14\/hcd-lo-temas-tratados-en-la-sesion-extraordinaria-de-este-martes\/\"]}]},{\"@type\":\"BreadcrumbList\",\"@id\":\"https:\/\/www.celttv.com.ar\/index.php\/2023\/12\/14\/hcd-lo-temas-tratados-en-la-sesion-extraordinaria-de-este-martes\/#breadcrumb\",\"itemListElement\":[{\"@type\":\"ListItem\",\"position\":1,\"name\":\"Inicio\",\"item\":\"https:\/\/www.celttv.com.ar\/\"},{\"@type\":\"ListItem\",\"position\":2,\"name\":\"HCD: Lo temas tratados en la sesi\u00f3n extraordinaria de \u00e9ste martes\"}]},{\"@type\":\"WebSite\",\"@id\":\"https:\/\/www.celttv.com.ar\/#website\",\"url\":\"https:\/\/www.celttv.com.ar\/\",\"name\":\"CELTTV\",\"description\":\"Cooperativa El\u00e9ctrica de Tornquist\",\"publisher\":{\"@id\":\"https:\/\/www.celttv.com.ar\/#organization\"},\"potentialAction\":[{\"@type\":\"SearchAction\",\"target\":{\"@type\":\"EntryPoint\",\"urlTemplate\":\"https:\/\/www.celttv.com.ar\/?s={search_term_string}\"},\"query-input\":\"required name=search_term_string\"}],\"inLanguage\":\"es\"},{\"@type\":\"Organization\",\"@id\":\"https:\/\/www.celttv.com.ar\/#organization\",\"name\":\"CELTTV\",\"url\":\"https:\/\/www.celttv.com.ar\/\",\"sameAs\":[\"https:\/\/www.youtube.com\/channel\/UCz_oIt8Hig64Ub-EmcNPIhg\",\"https:\/\/www.facebook.com\/celtTV\/\"],\"logo\":{\"@type\":\"ImageObject\",\"inLanguage\":\"es\",\"@id\":\"https:\/\/www.celttv.com.ar\/#\/schema\/logo\/image\/\",\"url\":\"http:\/\/www.celttv.com.ar\/wp-content\/uploads\/2022\/08\/logo-1.png\",\"contentUrl\":\"http:\/\/www.celttv.com.ar\/wp-content\/uploads\/2022\/08\/logo-1.png\",\"width\":461,\"height\":159,\"caption\":\"CELTTV\"},\"image\":{\"@id\":\"https:\/\/www.celttv.com.ar\/#\/schema\/logo\/image\/\"}},{\"@type\":\"Person\",\"@id\":\"https:\/\/www.celttv.com.ar\/#\/schema\/person\/9059dc91dc7204ef4182cdb65225f07d\",\"name\":\"Miguel Herrada\",\"image\":{\"@type\":\"ImageObject\",\"inLanguage\":\"es\",\"@id\":\"https:\/\/www.celttv.com.ar\/#\/schema\/person\/image\/\",\"url\":\"https:\/\/secure.gravatar.com\/avatar\/67724d5b3c716623ffd76bec7e45841a442ac3b456e914dbba90b0fad2b8e0b1?s=96&d=mm&r=g\",\"contentUrl\":\"https:\/\/secure.gravatar.com\/avatar\/67724d5b3c716623ffd76bec7e45841a442ac3b456e914dbba90b0fad2b8e0b1?s=96&d=mm&r=g\",\"caption\":\"Miguel Herrada\"}}]}<\/script>\n<!-- \/ Yoast SEO plugin. -->","yoast_head_json":{"title":"HCD: Lo temas tratados en la sesi\u00f3n extraordinaria de \u00e9ste martes - CELTTV","description":"Sitio web de noticias de la localidad de Tornquist, provincia de Buenos Aires, Rep\u00fablica Argentina. Contenido propio originado por periodistas de CELTTV, el canal de TV local de la Cooperativa El\u00e9ctrica de Tornquist. Turismo, Pol\u00edtica, Sociedad, Deporte, Cultura y todo el contenido de inter\u00e9s general que la gente del pueblo y la regi\u00f3n debe conocer.","robots":{"index":"index","follow":"follow","max-snippet":"max-snippet:-1","max-image-preview":"max-image-preview:large","max-video-preview":"max-video-preview:-1"},"canonical":"https:\/\/www.celttv.com.ar\/index.php\/2023\/12\/14\/hcd-lo-temas-tratados-en-la-sesion-extraordinaria-de-este-martes\/","og_locale":"es_ES","og_type":"article","og_title":"HCD: Lo temas tratados en la sesi\u00f3n extraordinaria de \u00e9ste martes - CELTTV","og_description":"Sitio web de noticias de la localidad de Tornquist, provincia de Buenos Aires, Rep\u00fablica Argentina. Contenido propio originado por periodistas de CELTTV, el canal de TV local de la Cooperativa El\u00e9ctrica de Tornquist. Turismo, Pol\u00edtica, Sociedad, Deporte, Cultura y todo el contenido de inter\u00e9s general que la gente del pueblo y la regi\u00f3n debe conocer.","og_url":"https:\/\/www.celttv.com.ar\/index.php\/2023\/12\/14\/hcd-lo-temas-tratados-en-la-sesion-extraordinaria-de-este-martes\/","og_site_name":"CELTTV","article_publisher":"https:\/\/www.facebook.com\/celtTV\/","article_published_time":"2023-12-14T03:08:03+00:00","og_image":[{"width":720,"height":1600,"url":"https:\/\/www.celttv.com.ar\/wp-content\/uploads\/2023\/12\/WhatsApp-Image-2023-12-13-at-08.42.44-1.jpeg","type":"image\/jpeg"}],"author":"Miguel Herrada","twitter_card":"summary_large_image","twitter_misc":{"Escrito por":"Miguel Herrada","Tiempo de lectura":"2 minutos"},"schema":{"@context":"https:\/\/schema.org","@graph":[{"@type":"NewsArticle","@id":"https:\/\/www.celttv.com.ar\/index.php\/2023\/12\/14\/hcd-lo-temas-tratados-en-la-sesion-extraordinaria-de-este-martes\/#article","isPartOf":{"@id":"https:\/\/www.celttv.com.ar\/index.php\/2023\/12\/14\/hcd-lo-temas-tratados-en-la-sesion-extraordinaria-de-este-martes\/"},"author":{"name":"Miguel Herrada","@id":"https:\/\/www.celttv.com.ar\/#\/schema\/person\/9059dc91dc7204ef4182cdb65225f07d"},"headline":"HCD: Lo temas tratados en la sesi\u00f3n extraordinaria de \u00e9ste martes","datePublished":"2023-12-14T03:08:03+00:00","dateModified":"2023-12-14T03:08:03+00:00","mainEntityOfPage":{"@id":"https:\/\/www.celttv.com.ar\/index.php\/2023\/12\/14\/hcd-lo-temas-tratados-en-la-sesion-extraordinaria-de-este-martes\/"},"wordCount":421,"publisher":{"@id":"https:\/\/www.celttv.com.ar\/#organization"},"articleSection":["Comunidad","Destacadas","Pol\u00edtica"],"inLanguage":"es"},{"@type":"WebPage","@id":"https:\/\/www.celttv.com.ar\/index.php\/2023\/12\/14\/hcd-lo-temas-tratados-en-la-sesion-extraordinaria-de-este-martes\/","url":"https:\/\/www.celttv.com.ar\/index.php\/2023\/12\/14\/hcd-lo-temas-tratados-en-la-sesion-extraordinaria-de-este-martes\/","name":"HCD: Lo temas tratados en la sesi\u00f3n extraordinaria de \u00e9ste martes - CELTTV","isPartOf":{"@id":"https:\/\/www.celttv.com.ar\/#website"},"datePublished":"2023-12-14T03:08:03+00:00","dateModified":"2023-12-14T03:08:03+00:00","description":"Sitio web de noticias de la localidad de Tornquist, provincia de Buenos Aires, Rep\u00fablica Argentina. Contenido propio originado por periodistas de CELTTV, el canal de TV local de la Cooperativa El\u00e9ctrica de Tornquist. Turismo, Pol\u00edtica, Sociedad, Deporte, Cultura y todo el contenido de inter\u00e9s general que la gente del pueblo y la regi\u00f3n debe conocer.","breadcrumb":{"@id":"https:\/\/www.celttv.com.ar\/index.php\/2023\/12\/14\/hcd-lo-temas-tratados-en-la-sesion-extraordinaria-de-este-martes\/#breadcrumb"},"inLanguage":"es","potentialAction":[{"@type":"ReadAction","target":["https:\/\/www.celttv.com.ar\/index.php\/2023\/12\/14\/hcd-lo-temas-tratados-en-la-sesion-extraordinaria-de-este-martes\/"]}]},{"@type":"BreadcrumbList","@id":"https:\/\/www.celttv.com.ar\/index.php\/2023\/12\/14\/hcd-lo-temas-tratados-en-la-sesion-extraordinaria-de-este-martes\/#breadcrumb","itemListElement":[{"@type":"ListItem","position":1,"name":"Inicio","item":"https:\/\/www.celttv.com.ar\/"},{"@type":"ListItem","position":2,"name":"HCD: Lo temas tratados en la sesi\u00f3n extraordinaria de \u00e9ste martes"}]},{"@type":"WebSite","@id":"https:\/\/www.celttv.com.ar\/#website","url":"https:\/\/www.celttv.com.ar\/","name":"CELTTV","description":"Cooperativa El\u00e9ctrica de Tornquist","publisher":{"@id":"https:\/\/www.celttv.com.ar\/#organization"},"potentialAction":[{"@type":"SearchAction","target":{"@type":"EntryPoint","urlTemplate":"https:\/\/www.celttv.com.ar\/?s={search_term_string}"},"query-input":"required name=search_term_string"}],"inLanguage":"es"},{"@type":"Organization","@id":"https:\/\/www.celttv.com.ar\/#organization","name":"CELTTV","url":"https:\/\/www.celttv.com.ar\/","sameAs":["https:\/\/www.youtube.com\/channel\/UCz_oIt8Hig64Ub-EmcNPIhg","https:\/\/www.facebook.com\/celtTV\/"],"logo":{"@type":"ImageObject","inLanguage":"es","@id":"https:\/\/www.celttv.com.ar\/#\/schema\/logo\/image\/","url":"http:\/\/www.celttv.com.ar\/wp-content\/uploads\/2022\/08\/logo-1.png","contentUrl":"http:\/\/www.celttv.com.ar\/wp-content\/uploads\/2022\/08\/logo-1.png","width":461,"height":159,"caption":"CELTTV"},"image":{"@id":"https:\/\/www.celttv.com.ar\/#\/schema\/logo\/image\/"}},{"@type":"Person","@id":"https:\/\/www.celttv.com.ar\/#\/schema\/person\/9059dc91dc7204ef4182cdb65225f07d","name":"Miguel Herrada","image":{"@type":"ImageObject","inLanguage":"es","@id":"https:\/\/www.celttv.com.ar\/#\/schema\/person\/image\/","url":"https:\/\/secure.gravatar.com\/avatar\/67724d5b3c716623ffd76bec7e45841a442ac3b456e914dbba90b0fad2b8e0b1?s=96&d=mm&r=g","contentUrl":"https:\/\/secure.gravatar.com\/avatar\/67724d5b3c716623ffd76bec7e45841a442ac3b456e914dbba90b0fad2b8e0b1?s=96&d=mm&r=g","caption":"Miguel Herrada"}}]}},"_links":{"self":[{"href":"https:\/\/www.celttv.com.ar\/index.php\/wp-json\/wp\/v2\/posts\/80911","targetHints":{"allow":["GET"]}}],"collection":[{"href":"https:\/\/www.celttv.com.ar\/index.php\/wp-json\/wp\/v2\/posts"}],"about":[{"href":"https:\/\/www.celttv.com.ar\/index.php\/wp-json\/wp\/v2\/types\/post"}],"author":[{"embeddable":true,"href":"https:\/\/www.celttv.com.ar\/index.php\/wp-json\/wp\/v2\/users\/5"}],"replies":[{"embeddable":true,"href":"https:\/\/www.celttv.com.ar\/index.php\/wp-json\/wp\/v2\/comments?post=80911"}],"version-history":[{"count":1,"href":"https:\/\/www.celttv.com.ar\/index.php\/wp-json\/wp\/v2\/posts\/80911\/revisions"}],"predecessor-version":[{"id":80918,"href":"https:\/\/www.celttv.com.ar\/index.php\/wp-json\/wp\/v2\/posts\/80911\/revisions\/80918"}],"wp:featuredmedia":[{"embeddable":true,"href":"https:\/\/www.celttv.com.ar\/index.php\/wp-json\/wp\/v2\/media\/80913"}],"wp:attachment":[{"href":"https:\/\/www.celttv.com.ar\/index.php\/wp-json\/wp\/v2\/media?parent=80911"}],"wp:term":[{"taxonomy":"category","embeddable":true,"href":"https:\/\/www.celttv.com.ar\/index.php\/wp-json\/wp\/v2\/categories?post=80911"},{"taxonomy":"post_tag","embeddable":true,"href":"https:\/\/www.celttv.com.ar\/index.php\/wp-json\/wp\/v2\/tags?post=80911"}],"curies":[{"name":"wp","href":"https:\/\/api.w.org\/{rel}","templated":true}]}}