{"id":81007,"date":"2023-12-18T23:35:26","date_gmt":"2023-12-19T02:35:26","guid":{"rendered":"http:\/\/www.celttv.com.ar\/?p=81007"},"modified":"2023-12-18T23:36:55","modified_gmt":"2023-12-19T02:36:55","slug":"sistema-de-alertas-del-servicio-meteorologico-en-argentina-que-riesgos-implican-los-colores-amarillo-naranja-y-rojo","status":"publish","type":"post","link":"https:\/\/www.celttv.com.ar\/index.php\/2023\/12\/18\/sistema-de-alertas-del-servicio-meteorologico-en-argentina-que-riesgos-implican-los-colores-amarillo-naranja-y-rojo\/","title":{"rendered":"Sistema de alertas del Servicio Meteorol\u00f3gico en Argentina: qu\u00e9 riesgos implican los colores amarillo, naranja y rojo"},"content":{"rendered":"<h4>Las lluvias, las tormentas, los vientos, las nevadas, y los eventos zonda suelen producirse con diferente intensidad y duraci\u00f3n a lo largo y ancho del territorio de la Argentina. El\u00a0<strong>Servicio Meteorol\u00f3gico Nacional de Argentina<\/strong>\u00a0tiene un\u00a0<a href=\"https:\/\/www.smn.gob.ar\/alertas\"><em>sistema<\/em><\/a>\u00a0de alerta temprana para ofrecer informaci\u00f3n oportuna cuando hay una amenaza meteorol\u00f3gica. Con ese sistema se advirti\u00f3 que pod\u00eda haber un temporal en la\u00a0<a href=\"https:\/\/www.infobae.com\/tendencias\/2023\/12\/17\/nueva-alerta-naranja-por-fenomenos-meteorologicos-peligrosos-para-4-provincias-que-podria-ocurrir\/\"><em>zona del centro este del pa\u00eds, como ocurri\u00f3 el fin de semana pasado.<\/em><\/a><\/h4>\n<h4><\/h4>\n<h4>Dentro de ese sistema, se incluyen los alertas en los que se usa una escala de colores para identificar la intensidad del fen\u00f3meno que se puede desarrollar. Cada d\u00eda las personas pueden consultarlo y tomar decisiones a tiempo para protegerse.<\/h4>\n<h4>\u201cLos colores representan el\u00a0<strong>nivel del alerta\u00a0<\/strong>correspondiente a la situaci\u00f3n pronosticada\u201d, explic\u00f3 el SMN. Cada uno\u00a0<a href=\"https:\/\/www.infobae.com\/america\/medio-ambiente\/2023\/12\/18\/alerta-por-tormentas-en-caba-y-10-provincias-donde-pueden-ocurrir-los-fenomenos-mas-peligrosos\/\"><strong><em>hace referencia al grado de severidad\u00a0<\/em><\/strong><\/a>que pueden presentar los fen\u00f3menos previstos.<\/h4>\n<h4>Si en una zona del pa\u00eds hay color verde, significa que no se esperan fen\u00f3menos que signifiquen riesgos. En cambio, cuando el alerta est\u00e1 en amarillo, naranja o rojo, esto se traduce en diferentes niveles de riesgos.<\/h4>\n<h4><img loading=\"lazy\" decoding=\"async\" class=\"alignnone wp-image-81008 size-full\" src=\"http:\/\/www.celttv.com.ar\/wp-content\/uploads\/2023\/12\/ALERTAS-COLORES.jpg\" alt=\"\" width=\"1308\" height=\"630\" srcset=\"https:\/\/www.celttv.com.ar\/wp-content\/uploads\/2023\/12\/ALERTAS-COLORES.jpg 1308w, https:\/\/www.celttv.com.ar\/wp-content\/uploads\/2023\/12\/ALERTAS-COLORES-300x144.jpg 300w, https:\/\/www.celttv.com.ar\/wp-content\/uploads\/2023\/12\/ALERTAS-COLORES-1024x493.jpg 1024w, https:\/\/www.celttv.com.ar\/wp-content\/uploads\/2023\/12\/ALERTAS-COLORES-768x370.jpg 768w, https:\/\/www.celttv.com.ar\/wp-content\/uploads\/2023\/12\/ALERTAS-COLORES-750x361.jpg 750w, https:\/\/www.celttv.com.ar\/wp-content\/uploads\/2023\/12\/ALERTAS-COLORES-1140x549.jpg 1140w\" sizes=\"auto, (max-width: 1308px) 100vw, 1308px\" \/><\/h4>\n<h4>El\u00a0<strong>color amarillo<\/strong>\u00a0implica que la persona debe informarse ante la posibilidad de que ocurra un fen\u00f3meno con capacidad de da\u00f1o. Implica tambi\u00e9n que hay riesgo de interrupci\u00f3n de las actividades cotidianas. Es importante -aclar\u00f3 el SMN- tener en cuenta que este caso no implica que no puedan registrarse eventos de intensidad severa, especialmente cuando se trata de tormentas.<\/h4>\n<h4><\/h4>\n<h4>Cuando el alerta es\u00a0<strong>naranja<\/strong>\u00a0en una regi\u00f3n, significa que las personas que se encuentran dentro de ella deben prepararse. Porque pueden ocurrir fen\u00f3menos meteorol\u00f3gicos que pueden poner en riesgo la vida humana, los bienes y el ambiente. Se trata de eventos particularmente intensos. Menos del 10% los de alertas que se emiten incluyen el color naranja.<\/h4>\n<h4>En tanto, cuando hay alerta con\u00a0<strong>color rojo<\/strong>, se est\u00e1 avisando que habr\u00e1 un fen\u00f3meno excepcional, con el potencial de causar un desastre o emergencia. Este caso est\u00e1 reservado a situaciones muy particulares en las que cuales la intensidad del fen\u00f3meno esperado estar\u00eda cercano a su m\u00e1ximo climatol\u00f3gico.<\/h4>\n<h4><\/h4>\n<h4><strong>C\u00f3mo se establece el nivel de alerta<\/strong><\/h4>\n<h4>Para establecer el nivel de alerta, el SMN tiene en cuenta la\u00a0<strong>intensidad<\/strong>\u00a0posible del fen\u00f3meno basada en umbrales meteorol\u00f3gicos; los\u00a0<strong>factores adversos<\/strong>\u00a0que pueden aumentar el impacto, como la saturaci\u00f3n de suelo, la movilizaci\u00f3n de poblaci\u00f3n o la sequ\u00eda, entre otros; adem\u00e1s de la\u00a0<strong>probabilidad de ocurrencia<\/strong>. Para eso, se considera tambi\u00e9n la incertidumbre propia de los pron\u00f3sticos. Cada uno de esos factores se conjugar\u00e1 para determinar el nivel de alerta.<\/h4>\n<h4><\/h4>\n<h4>En un \u00e1rea puede tener m\u00e1s de un alerta en vigencia. \u201cDurante algunas situaciones meteorol\u00f3gicas pueden coincidir varios fen\u00f3menos adversos, ya sea que se den simult\u00e1neamente o en per\u00edodos inferiores a 24 horas. Cuando eso ocurra, el \u00e1rea del mapa tendr\u00e1 el color correspondiente al nivel de alerta m\u00e1s alto, pero en la l\u00ednea de tiempo y en el detalle estar\u00e1n las descripciones de todos los alertas en vigencia\u201d, explicaron los expertos del SNM.<\/h4>\n<h4>Por ejemplo, en una ciudad costera puede darse una situaci\u00f3n meteorol\u00f3gica que requiera un alerta de nivel amarillo por vientos y un alerta naranja por lluvias. En ese caso, el color que aparecer\u00e1 en el mapa ser\u00e1 el naranja.<\/h4>\n<h4><\/h4>\n<h4><strong>Qu\u00e9 fen\u00f3menos meteorol\u00f3gicos se alertan<\/strong><\/h4>\n<h4>Uno de los fen\u00f3menos que se alertan son las lluvias. Se hace cuando las precipitaciones esperadas alcanzan o superan los umbrales meteorol\u00f3gicos y climatol\u00f3gicos establecidos por el SMN.<\/h4>\n<h4>Se hace alerta tambi\u00e9n cuando se prev\u00e9 que las tormentas, ya sean aisladas o generalizadas, cumplan al menos uno de estos par\u00e1metros que representen un riesgo: lluvias intensas, r\u00e1fagas, ca\u00edda de granizo, y vientos. Cuando se prev\u00e9 la persistencia de, al menos, dos horas consecutivas de vientos intensos o r\u00e1fagas que superen los umbrales establecidos para una regi\u00f3n, tambi\u00e9n se emite alerta.<\/h4>\n<h4>Los eventos zonda se indican en alertas para las \u00e1reas de cordillera, precordillera, puna y eventualmente en los llanos, desde los 38\u00b0S (norte de Neuqu\u00e9n) hasta el l\u00edmite con Bolivia. Las provincias comprendidas son las de la regi\u00f3n de Cuyo y del Noroeste Argentino (NOA).<\/h4>\n<h4>Cuando se prevea ca\u00edda de nieve con acumulaci\u00f3n en superficie, por encima de los umbrales meteorol\u00f3gicos, tambi\u00e9n se advierte a la poblaci\u00f3n.<\/h4>\n<h4><\/h4>\n<h4>Qu\u00e9 son los avisos a muy cortos plazo<\/h4>\n<h4>Adem\u00e1s de los alertas, el organismo p\u00fablico emite \u201cavisos meteorol\u00f3gicos a muy corto plazo\u201d (ACP) que son pron\u00f3sticos inmediatos. Su informaci\u00f3n tiene una validez de 3 horas y se emiten cuando las tormentas detectadas en el radar meteorol\u00f3gico muestran signos de severidad.<\/h4>\n<h4>Los ACP solo se emiten para las regiones de la Argentina que poseen radares meteorol\u00f3gicos, instrumentos que permiten monitorear y seguir la evoluci\u00f3n de algunos de los fen\u00f3menos meteorol\u00f3gicos adversos, como las tormentas fuertes o severas. Estas tormentas pueden venir acompa\u00f1adas de lluvias intensas, r\u00e1fagas fuertes y\/o ca\u00edda de granizo.<\/h4>\n<h4>Se representan mediante un pol\u00edgono rojo sobre un mapa, en cuyo interior se incluye toda la regi\u00f3n que puede ser afectada por uno o m\u00e1s de los fen\u00f3menos adversos.<\/h4>\n<h4><\/h4>\n<h4>Los alertas meteorol\u00f3gicos se emiten para un amplio abanico de fen\u00f3menos, mientras que los ACP se emiten solo por tormentas fuertes o severas, lluvias intensas en cortos per\u00edodos de tiempo, r\u00e1fagas fuertes y\/o ca\u00edda de granizo que puedan ser detectados a trav\u00e9s de radares meteorol\u00f3gicos.<\/h4>\n<h4>Todos los alertas se actualizan rutinariamente a las 6 y 18 horas, con excepci\u00f3n de actualizaciones que pudieran hacerse fuera de esa rutina. Los ACP pueden emitirse o actualizarse en cualquier momento del d\u00eda o la noche.<\/h4>\n<p><strong>Informe: INFOBAE.COM<\/strong><\/p>\n<h4><img loading=\"lazy\" decoding=\"async\" class=\"alignnone wp-image-81009 size-full\" src=\"http:\/\/www.celttv.com.ar\/wp-content\/uploads\/2023\/12\/2-1.jpg\" alt=\"\" width=\"1078\" height=\"611\" srcset=\"https:\/\/www.celttv.com.ar\/wp-content\/uploads\/2023\/12\/2-1.jpg 1078w, https:\/\/www.celttv.com.ar\/wp-content\/uploads\/2023\/12\/2-1-300x170.jpg 300w, https:\/\/www.celttv.com.ar\/wp-content\/uploads\/2023\/12\/2-1-1024x580.jpg 1024w, https:\/\/www.celttv.com.ar\/wp-content\/uploads\/2023\/12\/2-1-768x435.jpg 768w, https:\/\/www.celttv.com.ar\/wp-content\/uploads\/2023\/12\/2-1-750x425.jpg 750w\" sizes=\"auto, (max-width: 1078px) 100vw, 1078px\" \/><\/h4>\n","protected":false},"excerpt":{"rendered":"<p>Las lluvias, las tormentas, los vientos, las nevadas, y los eventos zonda suelen producirse con diferente intensidad y duraci\u00f3n a lo largo y ancho del territorio de la Argentina. El\u00a0Servicio Meteorol\u00f3gico Nacional de Argentina\u00a0tiene un\u00a0sistema\u00a0de alerta temprana para ofrecer informaci\u00f3n oportuna cuando hay una amenaza meteorol\u00f3gica. Con ese sistema se advirti\u00f3 que pod\u00eda haber un [&hellip;]<\/p>\n","protected":false},"author":5,"featured_media":72907,"comment_status":"closed","ping_status":"closed","sticky":false,"template":"","format":"standard","meta":{"footnotes":""},"categories":[51,52],"tags":[],"class_list":["post-81007","post","type-post","status-publish","format-standard","has-post-thumbnail","hentry","category-comunidad","category-destacadas"],"yoast_head":"<!-- This site is optimized with the Yoast SEO plugin v19.7.1 - https:\/\/yoast.com\/wordpress\/plugins\/seo\/ -->\n<title>Sistema de alertas del Servicio Meteorol\u00f3gico en Argentina: qu\u00e9 riesgos implican los colores amarillo, naranja y rojo - CELTTV<\/title>\n<meta name=\"description\" content=\"Sitio web de noticias de la localidad de Tornquist, provincia de Buenos Aires, Rep\u00fablica Argentina. Contenido propio originado por periodistas de CELTTV, el canal de TV local de la Cooperativa El\u00e9ctrica de Tornquist. Turismo, Pol\u00edtica, Sociedad, Deporte, Cultura y todo el contenido de inter\u00e9s general que la gente del pueblo y la regi\u00f3n debe conocer.\" \/>\n<meta name=\"robots\" content=\"index, follow, max-snippet:-1, max-image-preview:large, max-video-preview:-1\" \/>\n<link rel=\"canonical\" href=\"https:\/\/www.celttv.com.ar\/index.php\/2023\/12\/18\/sistema-de-alertas-del-servicio-meteorologico-en-argentina-que-riesgos-implican-los-colores-amarillo-naranja-y-rojo\/\" \/>\n<meta property=\"og:locale\" content=\"es_ES\" \/>\n<meta property=\"og:type\" content=\"article\" \/>\n<meta property=\"og:title\" content=\"Sistema de alertas del Servicio Meteorol\u00f3gico en Argentina: qu\u00e9 riesgos implican los colores amarillo, naranja y rojo - CELTTV\" \/>\n<meta property=\"og:description\" content=\"Sitio web de noticias de la localidad de Tornquist, provincia de Buenos Aires, Rep\u00fablica Argentina. Contenido propio originado por periodistas de CELTTV, el canal de TV local de la Cooperativa El\u00e9ctrica de Tornquist. Turismo, Pol\u00edtica, Sociedad, Deporte, Cultura y todo el contenido de inter\u00e9s general que la gente del pueblo y la regi\u00f3n debe conocer.\" \/>\n<meta property=\"og:url\" content=\"https:\/\/www.celttv.com.ar\/index.php\/2023\/12\/18\/sistema-de-alertas-del-servicio-meteorologico-en-argentina-que-riesgos-implican-los-colores-amarillo-naranja-y-rojo\/\" \/>\n<meta property=\"og:site_name\" content=\"CELTTV\" \/>\n<meta property=\"article:publisher\" content=\"https:\/\/www.facebook.com\/celtTV\/\" \/>\n<meta property=\"article:published_time\" content=\"2023-12-19T02:35:26+00:00\" \/>\n<meta property=\"article:modified_time\" content=\"2023-12-19T02:36:55+00:00\" \/>\n<meta property=\"og:image\" content=\"https:\/\/www.celttv.com.ar\/wp-content\/uploads\/2023\/01\/tormentas-alerta-infocampo.jpg\" \/>\n\t<meta property=\"og:image:width\" content=\"1000\" \/>\n\t<meta property=\"og:image:height\" content=\"570\" \/>\n\t<meta property=\"og:image:type\" content=\"image\/jpeg\" \/>\n<meta name=\"author\" content=\"Miguel Herrada\" \/>\n<meta name=\"twitter:card\" content=\"summary_large_image\" \/>\n<meta name=\"twitter:label1\" content=\"Escrito por\" \/>\n\t<meta name=\"twitter:data1\" content=\"Miguel Herrada\" \/>\n\t<meta name=\"twitter:label2\" content=\"Tiempo de lectura\" \/>\n\t<meta name=\"twitter:data2\" content=\"5 minutos\" \/>\n<script type=\"application\/ld+json\" class=\"yoast-schema-graph\">{\"@context\":\"https:\/\/schema.org\",\"@graph\":[{\"@type\":\"NewsArticle\",\"@id\":\"https:\/\/www.celttv.com.ar\/index.php\/2023\/12\/18\/sistema-de-alertas-del-servicio-meteorologico-en-argentina-que-riesgos-implican-los-colores-amarillo-naranja-y-rojo\/#article\",\"isPartOf\":{\"@id\":\"https:\/\/www.celttv.com.ar\/index.php\/2023\/12\/18\/sistema-de-alertas-del-servicio-meteorologico-en-argentina-que-riesgos-implican-los-colores-amarillo-naranja-y-rojo\/\"},\"author\":{\"name\":\"Miguel Herrada\",\"@id\":\"https:\/\/www.celttv.com.ar\/#\/schema\/person\/9059dc91dc7204ef4182cdb65225f07d\"},\"headline\":\"Sistema de alertas del Servicio Meteorol\u00f3gico en Argentina: qu\u00e9 riesgos implican los colores amarillo, naranja y rojo\",\"datePublished\":\"2023-12-19T02:35:26+00:00\",\"dateModified\":\"2023-12-19T02:36:55+00:00\",\"mainEntityOfPage\":{\"@id\":\"https:\/\/www.celttv.com.ar\/index.php\/2023\/12\/18\/sistema-de-alertas-del-servicio-meteorologico-en-argentina-que-riesgos-implican-los-colores-amarillo-naranja-y-rojo\/\"},\"wordCount\":1018,\"publisher\":{\"@id\":\"https:\/\/www.celttv.com.ar\/#organization\"},\"articleSection\":[\"Comunidad\",\"Destacadas\"],\"inLanguage\":\"es\"},{\"@type\":\"WebPage\",\"@id\":\"https:\/\/www.celttv.com.ar\/index.php\/2023\/12\/18\/sistema-de-alertas-del-servicio-meteorologico-en-argentina-que-riesgos-implican-los-colores-amarillo-naranja-y-rojo\/\",\"url\":\"https:\/\/www.celttv.com.ar\/index.php\/2023\/12\/18\/sistema-de-alertas-del-servicio-meteorologico-en-argentina-que-riesgos-implican-los-colores-amarillo-naranja-y-rojo\/\",\"name\":\"Sistema de alertas del Servicio Meteorol\u00f3gico en Argentina: qu\u00e9 riesgos implican los colores amarillo, naranja y rojo - CELTTV\",\"isPartOf\":{\"@id\":\"https:\/\/www.celttv.com.ar\/#website\"},\"datePublished\":\"2023-12-19T02:35:26+00:00\",\"dateModified\":\"2023-12-19T02:36:55+00:00\",\"description\":\"Sitio web de noticias de la localidad de Tornquist, provincia de Buenos Aires, Rep\u00fablica Argentina. Contenido propio originado por periodistas de CELTTV, el canal de TV local de la Cooperativa El\u00e9ctrica de Tornquist. Turismo, Pol\u00edtica, Sociedad, Deporte, Cultura y todo el contenido de inter\u00e9s general que la gente del pueblo y la regi\u00f3n debe conocer.\",\"breadcrumb\":{\"@id\":\"https:\/\/www.celttv.com.ar\/index.php\/2023\/12\/18\/sistema-de-alertas-del-servicio-meteorologico-en-argentina-que-riesgos-implican-los-colores-amarillo-naranja-y-rojo\/#breadcrumb\"},\"inLanguage\":\"es\",\"potentialAction\":[{\"@type\":\"ReadAction\",\"target\":[\"https:\/\/www.celttv.com.ar\/index.php\/2023\/12\/18\/sistema-de-alertas-del-servicio-meteorologico-en-argentina-que-riesgos-implican-los-colores-amarillo-naranja-y-rojo\/\"]}]},{\"@type\":\"BreadcrumbList\",\"@id\":\"https:\/\/www.celttv.com.ar\/index.php\/2023\/12\/18\/sistema-de-alertas-del-servicio-meteorologico-en-argentina-que-riesgos-implican-los-colores-amarillo-naranja-y-rojo\/#breadcrumb\",\"itemListElement\":[{\"@type\":\"ListItem\",\"position\":1,\"name\":\"Inicio\",\"item\":\"https:\/\/www.celttv.com.ar\/\"},{\"@type\":\"ListItem\",\"position\":2,\"name\":\"Sistema de alertas del Servicio Meteorol\u00f3gico en Argentina: qu\u00e9 riesgos implican los colores amarillo, naranja y rojo\"}]},{\"@type\":\"WebSite\",\"@id\":\"https:\/\/www.celttv.com.ar\/#website\",\"url\":\"https:\/\/www.celttv.com.ar\/\",\"name\":\"CELTTV\",\"description\":\"Cooperativa El\u00e9ctrica de Tornquist\",\"publisher\":{\"@id\":\"https:\/\/www.celttv.com.ar\/#organization\"},\"potentialAction\":[{\"@type\":\"SearchAction\",\"target\":{\"@type\":\"EntryPoint\",\"urlTemplate\":\"https:\/\/www.celttv.com.ar\/?s={search_term_string}\"},\"query-input\":\"required name=search_term_string\"}],\"inLanguage\":\"es\"},{\"@type\":\"Organization\",\"@id\":\"https:\/\/www.celttv.com.ar\/#organization\",\"name\":\"CELTTV\",\"url\":\"https:\/\/www.celttv.com.ar\/\",\"sameAs\":[\"https:\/\/www.youtube.com\/channel\/UCz_oIt8Hig64Ub-EmcNPIhg\",\"https:\/\/www.facebook.com\/celtTV\/\"],\"logo\":{\"@type\":\"ImageObject\",\"inLanguage\":\"es\",\"@id\":\"https:\/\/www.celttv.com.ar\/#\/schema\/logo\/image\/\",\"url\":\"http:\/\/www.celttv.com.ar\/wp-content\/uploads\/2022\/08\/logo-1.png\",\"contentUrl\":\"http:\/\/www.celttv.com.ar\/wp-content\/uploads\/2022\/08\/logo-1.png\",\"width\":461,\"height\":159,\"caption\":\"CELTTV\"},\"image\":{\"@id\":\"https:\/\/www.celttv.com.ar\/#\/schema\/logo\/image\/\"}},{\"@type\":\"Person\",\"@id\":\"https:\/\/www.celttv.com.ar\/#\/schema\/person\/9059dc91dc7204ef4182cdb65225f07d\",\"name\":\"Miguel Herrada\",\"image\":{\"@type\":\"ImageObject\",\"inLanguage\":\"es\",\"@id\":\"https:\/\/www.celttv.com.ar\/#\/schema\/person\/image\/\",\"url\":\"https:\/\/secure.gravatar.com\/avatar\/67724d5b3c716623ffd76bec7e45841a442ac3b456e914dbba90b0fad2b8e0b1?s=96&d=mm&r=g\",\"contentUrl\":\"https:\/\/secure.gravatar.com\/avatar\/67724d5b3c716623ffd76bec7e45841a442ac3b456e914dbba90b0fad2b8e0b1?s=96&d=mm&r=g\",\"caption\":\"Miguel Herrada\"}}]}<\/script>\n<!-- \/ Yoast SEO plugin. -->","yoast_head_json":{"title":"Sistema de alertas del Servicio Meteorol\u00f3gico en Argentina: qu\u00e9 riesgos implican los colores amarillo, naranja y rojo - CELTTV","description":"Sitio web de noticias de la localidad de Tornquist, provincia de Buenos Aires, Rep\u00fablica Argentina. Contenido propio originado por periodistas de CELTTV, el canal de TV local de la Cooperativa El\u00e9ctrica de Tornquist. Turismo, Pol\u00edtica, Sociedad, Deporte, Cultura y todo el contenido de inter\u00e9s general que la gente del pueblo y la regi\u00f3n debe conocer.","robots":{"index":"index","follow":"follow","max-snippet":"max-snippet:-1","max-image-preview":"max-image-preview:large","max-video-preview":"max-video-preview:-1"},"canonical":"https:\/\/www.celttv.com.ar\/index.php\/2023\/12\/18\/sistema-de-alertas-del-servicio-meteorologico-en-argentina-que-riesgos-implican-los-colores-amarillo-naranja-y-rojo\/","og_locale":"es_ES","og_type":"article","og_title":"Sistema de alertas del Servicio Meteorol\u00f3gico en Argentina: qu\u00e9 riesgos implican los colores amarillo, naranja y rojo - CELTTV","og_description":"Sitio web de noticias de la localidad de Tornquist, provincia de Buenos Aires, Rep\u00fablica Argentina. Contenido propio originado por periodistas de CELTTV, el canal de TV local de la Cooperativa El\u00e9ctrica de Tornquist. Turismo, Pol\u00edtica, Sociedad, Deporte, Cultura y todo el contenido de inter\u00e9s general que la gente del pueblo y la regi\u00f3n debe conocer.","og_url":"https:\/\/www.celttv.com.ar\/index.php\/2023\/12\/18\/sistema-de-alertas-del-servicio-meteorologico-en-argentina-que-riesgos-implican-los-colores-amarillo-naranja-y-rojo\/","og_site_name":"CELTTV","article_publisher":"https:\/\/www.facebook.com\/celtTV\/","article_published_time":"2023-12-19T02:35:26+00:00","article_modified_time":"2023-12-19T02:36:55+00:00","og_image":[{"width":1000,"height":570,"url":"https:\/\/www.celttv.com.ar\/wp-content\/uploads\/2023\/01\/tormentas-alerta-infocampo.jpg","type":"image\/jpeg"}],"author":"Miguel Herrada","twitter_card":"summary_large_image","twitter_misc":{"Escrito por":"Miguel Herrada","Tiempo de lectura":"5 minutos"},"schema":{"@context":"https:\/\/schema.org","@graph":[{"@type":"NewsArticle","@id":"https:\/\/www.celttv.com.ar\/index.php\/2023\/12\/18\/sistema-de-alertas-del-servicio-meteorologico-en-argentina-que-riesgos-implican-los-colores-amarillo-naranja-y-rojo\/#article","isPartOf":{"@id":"https:\/\/www.celttv.com.ar\/index.php\/2023\/12\/18\/sistema-de-alertas-del-servicio-meteorologico-en-argentina-que-riesgos-implican-los-colores-amarillo-naranja-y-rojo\/"},"author":{"name":"Miguel Herrada","@id":"https:\/\/www.celttv.com.ar\/#\/schema\/person\/9059dc91dc7204ef4182cdb65225f07d"},"headline":"Sistema de alertas del Servicio Meteorol\u00f3gico en Argentina: qu\u00e9 riesgos implican los colores amarillo, naranja y rojo","datePublished":"2023-12-19T02:35:26+00:00","dateModified":"2023-12-19T02:36:55+00:00","mainEntityOfPage":{"@id":"https:\/\/www.celttv.com.ar\/index.php\/2023\/12\/18\/sistema-de-alertas-del-servicio-meteorologico-en-argentina-que-riesgos-implican-los-colores-amarillo-naranja-y-rojo\/"},"wordCount":1018,"publisher":{"@id":"https:\/\/www.celttv.com.ar\/#organization"},"articleSection":["Comunidad","Destacadas"],"inLanguage":"es"},{"@type":"WebPage","@id":"https:\/\/www.celttv.com.ar\/index.php\/2023\/12\/18\/sistema-de-alertas-del-servicio-meteorologico-en-argentina-que-riesgos-implican-los-colores-amarillo-naranja-y-rojo\/","url":"https:\/\/www.celttv.com.ar\/index.php\/2023\/12\/18\/sistema-de-alertas-del-servicio-meteorologico-en-argentina-que-riesgos-implican-los-colores-amarillo-naranja-y-rojo\/","name":"Sistema de alertas del Servicio Meteorol\u00f3gico en Argentina: qu\u00e9 riesgos implican los colores amarillo, naranja y rojo - CELTTV","isPartOf":{"@id":"https:\/\/www.celttv.com.ar\/#website"},"datePublished":"2023-12-19T02:35:26+00:00","dateModified":"2023-12-19T02:36:55+00:00","description":"Sitio web de noticias de la localidad de Tornquist, provincia de Buenos Aires, Rep\u00fablica Argentina. Contenido propio originado por periodistas de CELTTV, el canal de TV local de la Cooperativa El\u00e9ctrica de Tornquist. Turismo, Pol\u00edtica, Sociedad, Deporte, Cultura y todo el contenido de inter\u00e9s general que la gente del pueblo y la regi\u00f3n debe conocer.","breadcrumb":{"@id":"https:\/\/www.celttv.com.ar\/index.php\/2023\/12\/18\/sistema-de-alertas-del-servicio-meteorologico-en-argentina-que-riesgos-implican-los-colores-amarillo-naranja-y-rojo\/#breadcrumb"},"inLanguage":"es","potentialAction":[{"@type":"ReadAction","target":["https:\/\/www.celttv.com.ar\/index.php\/2023\/12\/18\/sistema-de-alertas-del-servicio-meteorologico-en-argentina-que-riesgos-implican-los-colores-amarillo-naranja-y-rojo\/"]}]},{"@type":"BreadcrumbList","@id":"https:\/\/www.celttv.com.ar\/index.php\/2023\/12\/18\/sistema-de-alertas-del-servicio-meteorologico-en-argentina-que-riesgos-implican-los-colores-amarillo-naranja-y-rojo\/#breadcrumb","itemListElement":[{"@type":"ListItem","position":1,"name":"Inicio","item":"https:\/\/www.celttv.com.ar\/"},{"@type":"ListItem","position":2,"name":"Sistema de alertas del Servicio Meteorol\u00f3gico en Argentina: qu\u00e9 riesgos implican los colores amarillo, naranja y rojo"}]},{"@type":"WebSite","@id":"https:\/\/www.celttv.com.ar\/#website","url":"https:\/\/www.celttv.com.ar\/","name":"CELTTV","description":"Cooperativa El\u00e9ctrica de Tornquist","publisher":{"@id":"https:\/\/www.celttv.com.ar\/#organization"},"potentialAction":[{"@type":"SearchAction","target":{"@type":"EntryPoint","urlTemplate":"https:\/\/www.celttv.com.ar\/?s={search_term_string}"},"query-input":"required name=search_term_string"}],"inLanguage":"es"},{"@type":"Organization","@id":"https:\/\/www.celttv.com.ar\/#organization","name":"CELTTV","url":"https:\/\/www.celttv.com.ar\/","sameAs":["https:\/\/www.youtube.com\/channel\/UCz_oIt8Hig64Ub-EmcNPIhg","https:\/\/www.facebook.com\/celtTV\/"],"logo":{"@type":"ImageObject","inLanguage":"es","@id":"https:\/\/www.celttv.com.ar\/#\/schema\/logo\/image\/","url":"http:\/\/www.celttv.com.ar\/wp-content\/uploads\/2022\/08\/logo-1.png","contentUrl":"http:\/\/www.celttv.com.ar\/wp-content\/uploads\/2022\/08\/logo-1.png","width":461,"height":159,"caption":"CELTTV"},"image":{"@id":"https:\/\/www.celttv.com.ar\/#\/schema\/logo\/image\/"}},{"@type":"Person","@id":"https:\/\/www.celttv.com.ar\/#\/schema\/person\/9059dc91dc7204ef4182cdb65225f07d","name":"Miguel Herrada","image":{"@type":"ImageObject","inLanguage":"es","@id":"https:\/\/www.celttv.com.ar\/#\/schema\/person\/image\/","url":"https:\/\/secure.gravatar.com\/avatar\/67724d5b3c716623ffd76bec7e45841a442ac3b456e914dbba90b0fad2b8e0b1?s=96&d=mm&r=g","contentUrl":"https:\/\/secure.gravatar.com\/avatar\/67724d5b3c716623ffd76bec7e45841a442ac3b456e914dbba90b0fad2b8e0b1?s=96&d=mm&r=g","caption":"Miguel Herrada"}}]}},"_links":{"self":[{"href":"https:\/\/www.celttv.com.ar\/index.php\/wp-json\/wp\/v2\/posts\/81007","targetHints":{"allow":["GET"]}}],"collection":[{"href":"https:\/\/www.celttv.com.ar\/index.php\/wp-json\/wp\/v2\/posts"}],"about":[{"href":"https:\/\/www.celttv.com.ar\/index.php\/wp-json\/wp\/v2\/types\/post"}],"author":[{"embeddable":true,"href":"https:\/\/www.celttv.com.ar\/index.php\/wp-json\/wp\/v2\/users\/5"}],"replies":[{"embeddable":true,"href":"https:\/\/www.celttv.com.ar\/index.php\/wp-json\/wp\/v2\/comments?post=81007"}],"version-history":[{"count":3,"href":"https:\/\/www.celttv.com.ar\/index.php\/wp-json\/wp\/v2\/posts\/81007\/revisions"}],"predecessor-version":[{"id":81012,"href":"https:\/\/www.celttv.com.ar\/index.php\/wp-json\/wp\/v2\/posts\/81007\/revisions\/81012"}],"wp:featuredmedia":[{"embeddable":true,"href":"https:\/\/www.celttv.com.ar\/index.php\/wp-json\/wp\/v2\/media\/72907"}],"wp:attachment":[{"href":"https:\/\/www.celttv.com.ar\/index.php\/wp-json\/wp\/v2\/media?parent=81007"}],"wp:term":[{"taxonomy":"category","embeddable":true,"href":"https:\/\/www.celttv.com.ar\/index.php\/wp-json\/wp\/v2\/categories?post=81007"},{"taxonomy":"post_tag","embeddable":true,"href":"https:\/\/www.celttv.com.ar\/index.php\/wp-json\/wp\/v2\/tags?post=81007"}],"curies":[{"name":"wp","href":"https:\/\/api.w.org\/{rel}","templated":true}]}}