{"id":81033,"date":"2023-12-21T18:53:18","date_gmt":"2023-12-21T21:53:18","guid":{"rendered":"http:\/\/www.celttv.com.ar\/?p=81033"},"modified":"2023-12-21T18:53:18","modified_gmt":"2023-12-21T21:53:18","slug":"informe-de-trabajo-realizado-por-los-bloques-de-juntos-y-ucr","status":"publish","type":"post","link":"https:\/\/www.celttv.com.ar\/index.php\/2023\/12\/21\/informe-de-trabajo-realizado-por-los-bloques-de-juntos-y-ucr\/","title":{"rendered":"Informe de trabajo realizado por los bloques de Juntos y UCR."},"content":{"rendered":"<table>\n<tbody>\n<tr>\n<td><\/td>\n<td colspan=\"2\"><b>A\u00d1O 2023<\/b><\/td>\n<td colspan=\"2\"><span style=\"font-weight: 400;\">CARATULA<\/span><\/td>\n<td colspan=\"2\"><b>EXPTE. N\u00ba<\/b><\/td>\n<td colspan=\"2\"><b>SEGUIMIENTO<\/b><\/td>\n<\/tr>\n<tr>\n<td><\/td>\n<td colspan=\"2\"><b>07-03-23<\/b><\/td>\n<td colspan=\"2\"><span style=\"font-weight: 400;\">BLOQUES JUNTOS Y JUNTOS POR EL CAMBIO \u2013 PROYECTO DE RESOLUCI\u00d3N: ADHERIR AL DECRETO 877\/23 Y 17\/2023 DEL PODER EJECUTIVO NACIONAL Y PROVINCIAL, DISPONEN QUE DURANTE EL 2023 TODA DOCUMENTACI\u00d3N OFICIAL DE LA ADMINISTRACI\u00d3N P\u00daBLICA, DEBER\u00c1 LLEVAR LA LEYENDA \u201c1983\/2023 \u2013 40 A\u00d1OS DE DEMOCRACIA\u201d<\/span><\/td>\n<td colspan=\"2\"><b>7603\/23<\/b><\/td>\n<td colspan=\"2\"><b>SESI\u00d3N ORDINARIA 07-03-23. RESOLUCI\u00d3N N\u00ba 02\/23. ARCHIVO N\u00ba 2806\/23<\/b><\/td>\n<\/tr>\n<tr>\n<td><\/td>\n<td colspan=\"2\"><b>07-03-23<\/b><\/td>\n<td colspan=\"2\"><span style=\"font-weight: 400;\">BLOQUES JUNTOS Y JUNTOS POR EL CAMBIO \u2013 PEDIDO DE INFORME: SOLICITA AL D.E. INFORME DETALLADO DEL DESTINO DE LOS PRODUCTOS ADQUIRIDOS CON EL SUBSIDIO OTORGADO A LA ASOC. COOPERADORA DEL C.E.F. N\u00ba 9 POR DECRETO N\u00ba 481\/20<\/span><\/td>\n<td colspan=\"2\"><b>7605\/23<\/b><\/td>\n<td colspan=\"2\"><b>SESION ORDINARIA 07-03-23. SALIO AL D.E. 08-03-23<\/b><\/td>\n<\/tr>\n<tr>\n<td><\/td>\n<td colspan=\"2\"><b>07-03-23<\/b><\/td>\n<td colspan=\"2\"><span style=\"font-weight: 400;\">BLOQUES JUNTOS Y JUNTOS POR EL CAMBIO \u2013 PROYECTO DE RESOLUCI\u00d3N: REF. COEFICIENTE \u00daNICO DE DISTRIBUCI\u00d3N (CUD) PARA EL A\u00d1O 2023<\/span><\/td>\n<td colspan=\"2\"><b>7606\/23<\/b><\/td>\n<td colspan=\"2\"><b>SESION ORDINARIA 21-03-23. RESOLUCI\u00d3N N\u00ba 04\/23 (APROBADA POR MAYOR\u00cdA). ARCHIVO N\u00ba 2820\/23<\/b><\/td>\n<\/tr>\n<tr>\n<td><\/td>\n<td colspan=\"2\"><b>21-03-23<\/b><\/td>\n<td colspan=\"2\"><span style=\"font-weight: 400;\">BLOQUES JUNTOS Y JUNTOS Y JUNTOS POR EL CAMBIO \u2013 PEDIDO DE INFORME: REF. OBRA DE ABASTECIMIENTO DE AGUA POTABLE EN LA LOCALIDAD DE VILLA SERRANA LA GRUTA, A CARGO DE LA EMPRESA \u201cSOCIEDAD SUD DE ARQUITECTURA S.R.L.\u201d<\/span><\/td>\n<td colspan=\"2\"><b>7613\/23<\/b><\/td>\n<td colspan=\"2\"><b>SESION ORDINARIA 21-03-23. SALIO AL D.E. 22-03-23<\/b><\/td>\n<\/tr>\n<tr>\n<td><\/td>\n<td colspan=\"2\"><b>21-03-23<\/b><\/td>\n<td colspan=\"2\"><span style=\"font-weight: 400;\">BLOQUES JUNTOS Y JUNTOS POR EL CAMBIO \u2013 MINUTA DE COMUNICACI\u00d3N: SOLICITA SE RETIREN ESCOMBROS ARROJADOS EN LA RIBERA DEL ARROYO DE LA VENTANA DE LA LOCALIDAD DE VILLA SERRANA LA GRUTA<\/span><\/td>\n<td colspan=\"2\"><b>7614\/23<\/b><\/td>\n<td colspan=\"2\"><b>SE ENVI\u00d3 COPIA DE LA MUNITA DE COMUNICACI\u00d3N MEDIANTE NOTA N\u00ba 29\/23. ARCHIVO N\u00ba 2814\/23<\/b><\/td>\n<\/tr>\n<tr>\n<td><\/td>\n<td colspan=\"2\"><b>21-03-23<\/b><\/td>\n<td colspan=\"2\"><span style=\"font-weight: 400;\">BLOQUES JUNTOS Y JUNTOS POR EL CAMBIO \u2013 MINUTA DE COMUNICACI\u00d3N: SOLICITA SE\u00d1ALIZAR LOS BORDES DE LOS ESCALONES UBICADOS EN LA VEREDA DE LA PLAZA SOBRE AV. 9 DE JULIO<\/span><\/td>\n<td colspan=\"2\"><b>7617\/23<\/b><\/td>\n<td colspan=\"2\"><b>SE ENVI\u00d3 COPIA DE LA MUNITA DE COMUNICACI\u00d3N MEDIANTE NOTA N\u00ba 32\/23. ARCHIVO N\u00ba 2816\/23<\/b><\/td>\n<\/tr>\n<tr>\n<td><\/td>\n<td colspan=\"2\"><b>21-03-23<\/b><\/td>\n<td colspan=\"2\"><span style=\"font-weight: 400;\">BLOQUES JUNTOS Y JUNTOS POR EL CAMBIO \u2013 MINUTA DE COMUNICACI\u00d3N: SOLICITA SE INTENSIFIQUEN LOS CONTROLES DURANTE LOS FINES DE SEMANA POR PARTE DE LA SECRETAR\u00cdA DE SEGURIDAD DEL MUNICIPIO<\/span><\/td>\n<td colspan=\"2\"><b>7618\/23<\/b><\/td>\n<td colspan=\"2\"><b>SE ENVI\u00d3 COPIA DE LA MUNITA DE COMUNICACI\u00d3N MEDIANTE NOTA N\u00ba 33\/23. ARCHIVO N\u00ba 2817\/23<\/b><\/td>\n<\/tr>\n<tr>\n<td><\/td>\n<td colspan=\"2\"><b>21-03-23<\/b><\/td>\n<td colspan=\"2\"><span style=\"font-weight: 400;\">BLOQUES JUNTOS Y JUNTOS POR EL CAMBIO \u2013 PROYECTO DE RESOLUCI\u00d3N: REF. LEY LUCIO DE PREVENCI\u00d3N Y DETECCI\u00d3N TEMPRANA DE LA VIOLENCIA CONTRA LOS NI\u00d1OS, NI\u00d1AS Y ADOLESCENTES<\/span><\/td>\n<td colspan=\"2\"><b>7621\/23<\/b><\/td>\n<td colspan=\"2\"><b>SESION ORDINARIA 04-04-23. RESOLUCION N\u00ba 06\/23. ARCHIVO N\u00ba 2826\/21<\/b><\/td>\n<\/tr>\n<tr>\n<td><\/td>\n<td colspan=\"2\"><b>04-04-23<\/b><\/td>\n<td colspan=\"2\"><span style=\"font-weight: 400;\">BLOQUES JUNTOS Y JUNTOS POR EL CAMBIO \u2013 MINUTA DE COMUNICACI\u00d3N: REF. 154 HA. DE TIERRAS MUNICIPALES APROPIADAS POR LA FIRMA SILENKA S.A.<\/span><\/td>\n<td colspan=\"2\"><b>7625\/23<\/b><\/td>\n<td colspan=\"2\"><b>SESION ORDINARIA 04-04-23. SALIO COPIA DE LA MINUTA BAJO NOTA N\u00ba 040\/23. ARCHIVO N\u00ba 2825\/23<\/b><\/td>\n<\/tr>\n<tr>\n<td><\/td>\n<td colspan=\"2\"><b>04-04-23<\/b><\/td>\n<td colspan=\"2\"><span style=\"font-weight: 400;\">BLOQUES JUNTOS Y JUNTOS POR EL CAMBIO \u2013 PEDIDO DE INFORME: REF. GESTIONES REALIZADAS PARA CONSERVAR EL CAMPAMENTO BASE CERRO VENTANA.<\/span><\/td>\n<td colspan=\"2\"><b>7626\/23<\/b><\/td>\n<td colspan=\"2\"><b>SESION ORDINARIA 04-04-23. SALIO AL D.E. 05-04-23<\/b><\/td>\n<\/tr>\n<tr>\n<td><\/td>\n<td colspan=\"2\"><b>04-04-23<\/b><\/td>\n<td colspan=\"2\"><span style=\"font-weight: 400;\">BLOQUES JUNTOS Y JUNTOS POR EL CAMBIO \u2013 PROYECTO DE RESOLUCI\u00d3N: REF. TRATAMIENTO DEL PROYECTO DE LEY SOBRE VERIFICACI\u00d3N T\u00c9CNICA VEHICULAR<\/span><\/td>\n<td colspan=\"2\"><b>7628\/23<\/b><\/td>\n<td colspan=\"2\"><span style=\"font-weight: 400;\">SESION ORDINARIA 18-04-23<\/span><b>. <\/b><b>RESOLUCI\u00d3N N\u00ba 09\/23 (APROBADA POR MAYOR\u00cdA. ARCHIVO N\u00ba 2831\/23<\/b><\/td>\n<\/tr>\n<tr>\n<td><\/td>\n<td colspan=\"2\"><b>04-04-23<\/b><\/td>\n<td colspan=\"2\"><span style=\"font-weight: 400;\">BLOQUES JUNTOS Y JUNTOS POR EL CAMBIO \u2013 PROYECTO DE ORDENANZA: MODIFICA ORDENANZA N\u00ba 3542\/22, REF. FONDO MUNICIPAL DE DESARROLLO PRODUCTIVO (FONDEP)<\/span><\/td>\n<td colspan=\"2\"><b>7629\/23<\/b><\/td>\n<td colspan=\"2\"><\/td>\n<\/tr>\n<tr>\n<td><\/td>\n<td colspan=\"2\"><b>04-04-23<\/b><\/td>\n<td colspan=\"2\"><span style=\"font-weight: 400;\">GUSTAVO DANIEL SANDOBAL \u2013 SECRETARIO DE TURISMO: SOLICITA SE DECLARE DE INTER\u00c9S MUNICIPAL LA \u201cPOL\u00cdTICA DE LA SECRETAR\u00cdA DE TURISMO DEL MUNICIPIO DE TORNQUIST\u201d<\/span><\/td>\n<td colspan=\"2\"><b>7630\/23<\/b><\/td>\n<td colspan=\"2\"><\/td>\n<\/tr>\n<tr>\n<td><\/td>\n<td colspan=\"2\"><b>11-04-23<\/b><\/td>\n<td colspan=\"2\"><span style=\"font-weight: 400;\">BLOQUES JUNTOS, JUNTOS POR EL CAMBIO Y FRENTE DE TODOS \u2013 PROYECTO DE RESOLUCI\u00d3N: REPUDIA LA DESIGNACI\u00d3N DE JULIO RENATO BAAMONDE COMO DELEGADO DE LA LOCALIDAD DE SIERRA DE LA VENTANA<\/span><\/td>\n<td colspan=\"2\"><b>7631\/23<\/b><\/td>\n<td colspan=\"2\"><b>SESION EXTRAORDINARIA 11-04-23. RESOLUCI\u00d3N N\u00ba 08\/23. ARCHIVO N\u00ba 2828\/23<\/b><\/td>\n<\/tr>\n<tr>\n<td><\/td>\n<td colspan=\"2\"><b>18-04-23<\/b><\/td>\n<td colspan=\"2\"><span style=\"font-weight: 400;\">BLOQUES JUNTOS Y JUNTOS POR EL CAMBIO \u2013 MINUTA DE COMUNICACI\u00d3N: SOLICITA INSTALACI\u00d3N DE REDUCTORES DE VELOCIDAD EN LA LOCALIDAD DE TRES PICOS<\/span><\/td>\n<td colspan=\"2\"><b>7632\/23<\/b><\/td>\n<td colspan=\"2\"><b>SESION ORDINARIA 18-04-23. SE ENVI\u00d3 COPIA DE LA MUNITA DE COMUNICACI\u00d3N MEDIANTE NOTA N\u00ba 49\/23. ARCHIVO N\u00ba 2829\/23\u00a0<\/b><\/td>\n<\/tr>\n<tr>\n<td><\/td>\n<td colspan=\"2\"><b>18-04-23<\/b><\/td>\n<td colspan=\"2\"><span style=\"font-weight: 400;\">BLOQUES JUNTOS Y JUNTOS POR EL CAMBIO \u2013 MINUTA DE COMUNICACI\u00d3N: SOLICITA REALIZAR INTERVENCIONES Y REPARACIONES DE FORMA INMEDIATA EN LA SUB ESTACI\u00d3N POLICIAL DE SALDUNGARAY<\/span><\/td>\n<td colspan=\"2\"><b>7633\/23<\/b><\/td>\n<td colspan=\"2\"><b>SESION ORDINARIA 18-04-23. SE ENVI\u00d3 COPIA DE LA MUNITA DE COMUNICACI\u00d3N MEDIANTE NOTA N\u00ba 50\/23. ARCHIVO N\u00ba 2830\/23<\/b><\/td>\n<\/tr>\n<tr>\n<td><\/td>\n<td colspan=\"2\"><b>02-05-23<\/b><\/td>\n<td colspan=\"2\"><span style=\"font-weight: 400;\">BLOQUES JUNTOS Y JUNTOS POR EL CAMBIO \u2013 PROYECTO DE RESOLUCI\u00d3N: DECLARA AL ARTISTA FABIO GONZ\u00c1LEZ COMO \u201cEMBAJADOR CULTURAL DEL DISTRITO DE TORNQUIST\u201d<\/span><\/td>\n<td colspan=\"2\"><b>7636\/23<\/b><\/td>\n<td colspan=\"2\"><b>SESION ORDINARIA 02-05-23. RESOLUCI\u00d3N N\u00ba 13\/23. ARCHIVO N\u00ba 2835\/23<\/b><\/td>\n<\/tr>\n<tr>\n<td><\/td>\n<td colspan=\"2\"><b>02-05-23<\/b><\/td>\n<td colspan=\"2\"><span style=\"font-weight: 400;\">BLOQUES JUNTOS Y JUNTOS POR EL CAMBIO \u2013 PROYECTO DE RESOLUCI\u00d3N: EXPRESA BENEPL\u00c1CITO Y SOLICITA PRONTO TRATAMIENTO DEL PROYECTO DE LEY \u201cANILLO DE SEGURIDAD ANTIDROGAS\u201d<\/span><\/td>\n<td colspan=\"2\"><b>7639\/23<\/b><\/td>\n<td colspan=\"2\"><b>SESION ORDINARIA 16-05-23. RESOLUCI\u00d3N N\u00ba 18\/23. ARCHIVO N\u00ba 2842\/23<\/b><\/td>\n<\/tr>\n<tr>\n<td><\/td>\n<td colspan=\"2\"><b>02-05-23<\/b><\/td>\n<td colspan=\"2\"><span style=\"font-weight: 400;\">BLOQUES JUNTOS Y JUNTOS POR EL CAMBIO \u2013 PROYECTO DE RESOLUCI\u00d3N: MANIFIESTA BENEPL\u00c1CITO Y APOYO AL PROYECTO DE LEY D-2863-18-19 \u201cMONUMENTO HIST\u00d3RICO Y CULTURAL DE LA PCIA. DE BS. AS.<\/span><\/td>\n<td colspan=\"2\"><b>7640\/23<\/b><\/td>\n<td colspan=\"2\"><b>SESION ORDINARIA 16-05-23. RESOLUCI\u00d3N N\u00ba 19\/23. ARCHIVO N\u00ba 2843\/23<\/b><\/td>\n<\/tr>\n<tr>\n<td><\/td>\n<td colspan=\"2\"><b>16-05-23<\/b><\/td>\n<td colspan=\"2\"><span style=\"font-weight: 400;\">BLOQUES JUNTOS Y JUNTOS POR EL CAMBIO \u2013 PROYECTO DE ORDENANZA: ADHIERE AL \u201cPLAN NACIONAL DE REDUCCI\u00d3N DE P\u00c9RDIDAS Y DESPERDICIO DE ALIMENTOS\u201d DISPUESTOS POR LA LEY NACIONAL N\u00ba 27.454<\/span><\/td>\n<td colspan=\"2\"><b>7641\/23<\/b><\/td>\n<td colspan=\"2\"><b>SESION ORDINARIA 22-06-23. ORDENANZA N\u00ba 3653\/23. SALIO AL D.E. 26-06-23<\/b><\/td>\n<\/tr>\n<tr>\n<td><\/td>\n<td colspan=\"2\"><b>06-06-23<\/b><\/td>\n<td colspan=\"2\"><span style=\"font-weight: 400;\">BLOQUES JUNTOS Y JUNTOS POR EL CAMBIO \u2013 MINUTA DE COMUNICACI\u00d3N: INSTA AL D.E. A REALIZAR ACCIONES PARA UNA PRONTA INTERVENCI\u00d3N EN EL TRAMO ENTRE LA INTERSECCI\u00d3N DE LA RP 76 Y RP 72 HASTA PARAJE \u201cSAN ELOY\u201d<\/span><\/td>\n<td colspan=\"2\"><b>7644\/23<\/b><\/td>\n<td colspan=\"2\"><b>SESION ORDINARIA 06-06-23. SE ENVI\u00d3 COPIA DE LA MINUTA DE COMUNICACI\u00d3N MEDIANTE NOTA N\u00ba 80\/23. ARCHIVO N\u00ba 2846\/23<\/b><\/td>\n<\/tr>\n<tr>\n<td><\/td>\n<td colspan=\"2\"><b>06-06-23<\/b><\/td>\n<td colspan=\"2\"><span style=\"font-weight: 400;\">BLOQUES JUNTOS Y JUNTOS POR EL CAMBIO \u2013 PEDIDO DE INFORME: SOLICITA AL D.E. UN INFORME DETALLADO DEL PARQUE AUTOMOTOR DEL MUNICIPIO<\/span><\/td>\n<td colspan=\"2\"><b>7645\/23<\/b><\/td>\n<td colspan=\"2\"><b>SESION ORDINARIA 06-06-23. SALIO AL D.E. 07-06-23\u00a0<\/b><\/td>\n<\/tr>\n<tr>\n<td><\/td>\n<td colspan=\"2\"><b>06-06-23<\/b><\/td>\n<td colspan=\"2\"><span style=\"font-weight: 400;\">BLOQUES JUNTOS Y JUNTOS POR EL CAMBIO \u2013 MINUTA DE COMUNICACI\u00d3N: SOLICITA LA INSTALACI\u00d3N DE CESTOS DE BASURA EN LA SENDA Y PASEO PEATONAL \u201cGERARDO RATTERO\u201d, Y BANCOS Y MESAS EN EL SECTOR ARBOLADO<\/span><\/td>\n<td colspan=\"2\"><b>7646\/23<\/b><\/td>\n<td colspan=\"2\"><b>SESION ORDINARIA 06-06-23. SE ENVI\u00d3 COPIA DE LA MINUTA DE COMUNICACI\u00d3N MEDIANTE NOTA N\u00ba 81\/23. ARCHIVO N\u00ba 2845\/23<\/b><\/td>\n<\/tr>\n<tr>\n<td><\/td>\n<td colspan=\"2\"><b>06-06-23<\/b><\/td>\n<td colspan=\"2\"><span style=\"font-weight: 400;\">BLOQUES JUNTOS, JUNTOS POR EL CAMBIO Y FRENTE DE TODOS \u2013 PROYECTO DE RESOLUCI\u00d3N: ENVIAR CONSULTA AL HONORABLE TRIBUNAL DE CUENTAS EN RELACI\u00d3N A SUBSIDIOS OTORGADOS AL SINDICATO DE TRABAJADORES MUNICIPALES DE TORNQUIST, OTORGADOS POR DECRETOS N\u00ba 325\/23 Y 410\/23<\/span><\/td>\n<td colspan=\"2\"><b>7647\/23<\/b><\/td>\n<td colspan=\"2\"><b>SESI\u00d3N ORDINARIA 06-06-23. RESOLUCI\u00d3N N\u00ba 20\/23 (APROBADA POR MAYOR\u00cdA. ARCHIVO N\u00ba 2847\/23<\/b><\/td>\n<\/tr>\n<tr>\n<td><\/td>\n<td colspan=\"2\"><b>06-06-23<\/b><\/td>\n<td colspan=\"2\"><span style=\"font-weight: 400;\"> BLOQUES JUNTOS Y JUNTOS POR EL CAMBIO \u2013 PEDIDO DE INFORME: SOLICITA INFORME SOBRE EL ESTADO DE EJECUCI\u00d3N DE LAS OBRAS DE INFRAESTRUCTURA DE ESTABLECIMIENTOS EDUCATIVOS DEL DISTRITO (E.E.S.A. N\u00ba 1, E.E.P. N\u00ba 8 Y E.E.S. N\u00ba 2)<\/span><\/td>\n<td colspan=\"2\"><b>7648\/23<\/b><\/td>\n<td colspan=\"2\"><b>SESION ORDINARIA 22-06-23. SALIO AL D.E. 26-06-23<\/b><\/td>\n<\/tr>\n<tr>\n<td><\/td>\n<td colspan=\"2\"><b>04-07-23<\/b><\/td>\n<td colspan=\"2\"><span style=\"font-weight: 400;\">BLOQUES JUNTOS Y JUNTOS POR EL CAMBIO \u2013 PEDIDO DE INFORME: EN REF. A LAS GESTIONES DEL EXPTE. N\u00ba 235\/22 \u201cCOMISI\u00d3N DIRECTIVA DEL S.T.M.T., CESI\u00d3N DE DERECHO TIERRAS MUNICIPALES PARA LA CONSTRUCCI\u00d3N DE VIVIENDAS\u201d<\/span><\/td>\n<td colspan=\"2\"><b>7655\/23<\/b><\/td>\n<td colspan=\"2\"><b>SESION ORDINARIA 04-07-23. SALIO AL D.E. 05-07-23<\/b><\/td>\n<\/tr>\n<tr>\n<td><\/td>\n<td colspan=\"2\"><b>04-07-23<\/b><\/td>\n<td colspan=\"2\"><span style=\"font-weight: 400;\">BLOQUES JUNTOS Y JUNTOS POR EL CAMBIO \u2013 PROYECTO DE RESOLUCI\u00d3N: DECLARA DE INTER\u00c9S MUNICIPAL EL 50\u00ba ANIVERSARIO DE LA FUNDACI\u00d3N DE LA CAPILLA NTRA. SRA. DE LUJ\u00c1N DE CHASIC\u00d3<\/span><\/td>\n<td colspan=\"2\"><b>7656\/23<\/b><\/td>\n<td colspan=\"2\"><b>SESION ORDINARIA 18-07-23. RESOLUCI\u00d3N N\u00aa 24\/23. ARCHIVO N\u00ba 2853\/23<\/b><\/td>\n<\/tr>\n<tr>\n<td><\/td>\n<td colspan=\"2\"><b>18-07-23<\/b><\/td>\n<td colspan=\"2\"><span style=\"font-weight: 400;\">BLOQUES JUNTOS Y JUNTOS POR EL CAMBIO \u2013 MINUTA DE COMUNICACI\u00d3N: INSTA AL D.E. A QUE REPARE DE MANERA URGENTE LAS MESAS Y BANCOS DEL PARQUE LINEAL \u201cDR. REN\u00c9 FAVALORO\u201d DE LA CIUDAD DE TORNQUIST.<\/span><\/td>\n<td colspan=\"2\"><b>7658\/23<\/b><\/td>\n<td colspan=\"2\"><b>SE ENVI\u00d3 COPIA DE LA MUNITA DE COMUNICACI\u00d3N MEDIANTE NOTA N\u00ba 110\/23. ARCHIVO N\u00ba 2856\/23\u00a0<\/b><\/td>\n<\/tr>\n<tr>\n<td><\/td>\n<td colspan=\"2\"><b>18-07-23<\/b><\/td>\n<td colspan=\"2\"><span style=\"font-weight: 400;\">BLOQUES JUNTOS Y JUNTOS POR EL CAMBIO \u2013 PROYECTO DE ORDENANZA: ADHIERE A LA MUNICIPALIDAD A LA LEY NACIONAL N\u00ba 27196 DE ENFERMEDAD CEL\u00cdACA<\/span><\/td>\n<td colspan=\"2\"><b>7660\/23<\/b><\/td>\n<td colspan=\"2\"><\/td>\n<\/tr>\n<tr>\n<td colspan=\"2\"><b>01-08-23<\/b><\/td>\n<td colspan=\"2\"><span style=\"font-weight: 400;\">BLOQUES JUNTOS Y JUNTOS POR EL CAMBIO \u2013 MINUTA DE COMUNICACI\u00d3N: INSTA AL D.E. QUE SE\u00d1ALICE COMO CORRESPONDE LOS REDUCTORES DE VELOCIDAD EMPLAZADOS EN LA AV. RIVADAVIA<\/span><\/td>\n<td colspan=\"2\"><b>7663\/23<\/b><\/td>\n<td colspan=\"2\"><span style=\"font-weight: 400;\">SE ENVI\u00d3 COPIA DE LA MUNITA DE COMUNICACI\u00d3N MEDIANTE NOTA N\u00ba 117\/23. <\/span><b>ARCHIVO N\u00ba 2859\/23<\/b><\/td>\n<\/tr>\n<tr>\n<td colspan=\"2\"><b>15-08-23<\/b><\/td>\n<td colspan=\"2\"><span style=\"font-weight: 400;\">BLOQUES JUNTOS Y JUNTOS POR EL CAMBIO- PEDIDO DE INFORME: EN REF. AL VIEJO MERCADO DE SALDUNGARAY.-<\/span><\/td>\n<td colspan=\"2\"><b>7666\/23<\/b><\/td>\n<td colspan=\"2\"><span style=\"font-weight: 400;\">SESI\u00d3N ORDINARIA 15-08-23- SALIO AL D.E. 16-08-23<\/span><\/td>\n<\/tr>\n<tr>\n<td colspan=\"2\"><b>15-08-23<\/b><\/td>\n<td colspan=\"2\"><span style=\"font-weight: 400;\">BLOQUES JUNTOS Y JUNTOS POR EL CAMBIO- MINUTA DE COMUNICACI\u00d3N: EXHORTA AL D.E. A CONCLUIR OBRA DEL DEP\u00d3SITO PARA LA COOPERATIVA 3R.-<\/span><\/td>\n<td colspan=\"2\"><b>7667\/23<\/b><\/td>\n<td colspan=\"2\"><span style=\"font-weight: 400;\">SE ENVI\u00d3 COPIA DE LA MUNITA DE COMUNICACI\u00d3N MEDIANTE NOTA N\u00ba 124\/23. <\/span><b>ARCHIVO N\u00ba 2860\/23<\/b><\/td>\n<\/tr>\n<tr>\n<td colspan=\"2\"><b>15-08-23<\/b><\/td>\n<td colspan=\"2\"><span style=\"font-weight: 400;\">BLOQUES JUNTOS Y JUNTOS POR EL CAMBIO- PEDIDO DE INFORME: SOLICITA A LA SECRETAR\u00cdA DE HACIENDA ENV\u00cdE A ESTE CUERPO BALANCES Y RENDICIONES DE SUBSIDIOS OTORGADOS AL SINDICATO DE TRABAJADORES MUNICIPALES DE TORNQUIST.-<\/span><\/td>\n<td colspan=\"2\"><b>7668\/23<\/b><\/td>\n<td colspan=\"2\"><span style=\"font-weight: 400;\">SESI\u00d3N ORDINARIA 15-08-23- SALIO AL D.E. 16-08-23<\/span><\/td>\n<\/tr>\n<tr>\n<td colspan=\"2\"><b>15-08-23<\/b><\/td>\n<td colspan=\"2\"><span style=\"font-weight: 400;\">BLOQUES JUNTOS Y JUNTOS POR EL CAMBIO- PROYECTO DE RESOLUCI\u00d3N: SOLICITA A LA PRESIDENTE DEL H.C.D. ENVIAR CONSULTA AL H.T.C. EN REF. SUBSIDIOS OTORGADOS AL SINDICATO DE TRABAJADORES MUNICIPALES DE TORNQUIST<\/span><\/td>\n<td colspan=\"2\"><b>7669\/23<\/b><\/td>\n<td colspan=\"2\"><span style=\"font-weight: 400;\">SESI\u00d3N ORDINARIA 15-08-23- <\/span><b>RESOLUCI\u00d3N N\u00b0 26\/23-<\/b> <b>ARCHIVO N\u00ba 2861\/23<\/b><\/td>\n<\/tr>\n<tr>\n<td colspan=\"2\"><b>15-08-23<\/b><\/td>\n<td colspan=\"2\"><span style=\"font-weight: 400;\">PTE. H.C.D. DE TORNQUIST- CONSULTA AL H.T.C. REFERENTE SUBSIDIOS OTORGADOS AL SINDICATO DE TRABAJADORES MUNICIPALES DE TORNQUIST.-<\/span><\/td>\n<td colspan=\"2\"><b>7670\/23<\/b><\/td>\n<\/tr>\n<tr>\n<td colspan=\"2\"><b>29-08-23<\/b><\/td>\n<td colspan=\"2\"><span style=\"font-weight: 400;\">BLOQUES JUNTOS, JUNTOS POR EL CAMBIO Y FRENTE DE TODOS- PEDIDO DE INFORME: SOBRE DENUNCIA PENAL EN REF. A AUTOMOTOR SECUESTRADO<\/span><\/td>\n<td colspan=\"2\"><b>7673\/23<\/b><\/td>\n<td colspan=\"2\"><span style=\"font-weight: 400;\">SESI\u00d3N EXTRAORDINARIA 29-08-23- BAJA AL D.E. 31-08-23. REGRES\u00d3 AL H.C.D. 13-09-23<\/span><\/td>\n<\/tr>\n<tr>\n<td colspan=\"2\"><b>05-09-23<\/b><\/td>\n<td colspan=\"2\"><span style=\"font-weight: 400;\">BLOQUES JUNTOS, JUNTOS POR EL CAMBIO Y FRENTE DE TODOS \u2013 PEDIDO DE INFORME: REF. CONTRATO DE LOCACI\u00d3N DE OBRA CELEBRADO ENTRE LA MUNICIPALIDAD DE TORNQUIST Y EL SR. JULIO RENATO BAAMONDE<\/span><\/td>\n<td colspan=\"2\"><b>7675\/23<\/b><\/td>\n<td colspan=\"2\"><span style=\"font-weight: 400;\">SESION ORDINARIA 05-09-23. SALIO AL D.E. 06-09-23<\/span><\/p>\n<p><span style=\"font-weight: 400;\">(DICTAMEN APROBADO POR MAYOR\u00cdA)<\/span><\/td>\n<\/tr>\n<tr>\n<td colspan=\"2\"><b>05-09-23<\/b><\/td>\n<td colspan=\"2\"><span style=\"font-weight: 400;\">BLOQUES JUNTOS Y JUNTOS POR EL CAMBIO \u2013 PEDIDO DE INFORME: REF. NATATORIO CLIMATIZADO MUNICIPAL DE TORNQUIST<\/span><\/td>\n<td colspan=\"2\"><b>7676\/23<\/b><\/td>\n<td colspan=\"2\"><span style=\"font-weight: 400;\">SESION ORDINARIA 05-09-23. SALIO AL D.E. 06-09-23 (DICTAMEN APROBADO POR MAYOR\u00cdA)<\/span><\/td>\n<\/tr>\n<tr>\n<td colspan=\"2\"><b>19-09-23<\/b><\/td>\n<td colspan=\"2\"><span style=\"font-weight: 400;\">BLOQUES JUNTOS Y JUNTOS POR EL CAMBIO \u2013 PEDIDO DE INFORME: REF. PROVEEDOR N\u00b0 586 \u2013 \u201cRECTIFICACI\u00d3N QUILMES\u201d<\/span><\/td>\n<td colspan=\"2\"><b>7681\/23<\/b><\/td>\n<td colspan=\"2\"><span style=\"font-weight: 400;\">SESION ORDINARIA 19-09-23. SALIO AL D.E. 20-09-23<\/span><\/td>\n<\/tr>\n<tr>\n<td colspan=\"2\"><b>19-09-23<\/b><\/td>\n<td colspan=\"2\"><span style=\"font-weight: 400;\">BLOQUES JUNTOS Y JUNTOS POR EL CAMBIO \u2013 PEDIDO DE INFORME: REF. HALLAZGO DE UN PORCINO FAENADO DENTRO DE UN FREEZER EN INSTALACIONES DEL HOSPITAL MUNICIPAL DR. ALBERTO CASTRO<\/span><\/td>\n<td colspan=\"2\"><b>7682\/23<\/b><\/td>\n<td colspan=\"2\"><span style=\"font-weight: 400;\">SESION ORDINARIA 19-09-23. SALIO AL D.E. 20-09-23<\/span><\/td>\n<\/tr>\n<tr>\n<td colspan=\"2\"><b>19-09-23<\/b><\/td>\n<td colspan=\"2\"><span style=\"font-weight: 400;\">BLOQUES JUNTOS Y JUNTOS POR EL CAMBIO \u2013 MINUTA DE COMUNICACI\u00d3N: EXHORTA AL D.E. INICIE SUMARIOS ADMINISTRATIVOS A EMPLEADOS MUNICIPALES INVOLUCRADOS EN LOS HECHOS RELACIONADOS CON DENUNCIA PENAL POR UTILIZACI\u00d3N DE CAMIONETA APROPIADA<\/span><\/td>\n<td colspan=\"2\"><b>7683\/23<\/b><\/td>\n<td colspan=\"2\"><span style=\"font-weight: 400;\">SE ENVI\u00d3 COPIA DE LA MUNITA DE COMUNICACI\u00d3N MEDIANTE NOTA N\u00ba 148\/23. <\/span><b>ARCHIVO N\u00ba 2875\/23\u00a0<\/b><\/td>\n<\/tr>\n<tr>\n<td colspan=\"2\"><b>03-10-23<\/b><\/td>\n<td colspan=\"2\"><span style=\"font-weight: 400;\">BLOQUES JUNTOS Y JUNTOS POR EL CAMBIO \u2013 PROYECTO DE RESOLUCI\u00d3N: SOLICITAR AL SUBSECRETARIO DE PLANIFICACI\u00d3N E INTELIGENCIA CRIMINAL EL PLAN DE INVERSI\u00d3N DEL FONDO DE FORTALECIMIENTO DE SEGURIDAD CONFECCIONADO PARA EL A\u00d1O 2022 POR EL MUNICIPIO DE TORNQUIST<\/span><\/td>\n<td colspan=\"2\"><b>7684\/23<\/b><\/td>\n<td colspan=\"2\"><span style=\"font-weight: 400;\">SESION ORDINARIA 03-10-23. <\/span><b>RESOLUCI\u00d3N N\u00ba 30\/23. ARCHIVO N\u00ba 2877\/23<\/b><\/td>\n<\/tr>\n<tr>\n<td colspan=\"2\"><b>03-10-23<\/b><\/td>\n<td colspan=\"2\"><span style=\"font-weight: 400;\">BLOQUES JUNTOS Y JUNTOS POR EL CAMBIO \u2013 PROYECTO DE RESOLUCI\u00d3N: REPUDIA LAS CONDUCTAS Y DECLARACIONES DEL SR. INTENDENTE MUNICIPAL ATACANDO A LA INSTITUCI\u00d3N Y A LOS EDILES QUE LA INTEGRAN<\/span><\/td>\n<td colspan=\"2\"><b>7685\/23<\/b><\/td>\n<td colspan=\"2\"><span style=\"font-weight: 400;\">SESION ORDINARIA 03-10-23. <\/span><b>RESOLUCI\u00d3N N\u00ba 31\/23. ARCHIVO N\u00ba 2878\/23<\/b><\/td>\n<\/tr>\n<tr>\n<td colspan=\"2\"><b>03-10-23<\/b><\/td>\n<td colspan=\"2\"><span style=\"font-weight: 400;\">BLOQUES JUNTOS Y JUNTOS POR EL CAMBIO &#8211; PEDIDO DE INFORME: REF.\u00a0 A FIESTA PRIVADA CON FINES DE LUCRO LLEVADA A CABO EL 01\/10\/23 EN CAMPO UBICADO EN CERCAN\u00cdAS A LA LOCALIDAD DE VILLA VENTANA.<\/span><\/td>\n<td colspan=\"2\"><b>7686\/23<\/b><\/td>\n<td colspan=\"2\"><span style=\"font-weight: 400;\">SESION ORDINARIA 03-10-23. SALIO AL D.E. 04-10-23<\/span><\/td>\n<\/tr>\n<tr>\n<td colspan=\"2\"><b>06-07-23<\/b><\/td>\n<td colspan=\"2\"><span style=\"font-weight: 400;\">BLOQUES CAMBIEMOS BS. AS. Y JUNTOS POR EL CAMBIO: PROYECTO DE ORDENANZA: REF. PARQUE AP\u00cdCOLA<\/span><\/td>\n<td colspan=\"2\"><b>7318\/21<\/b><\/td>\n<td colspan=\"2\"><span style=\"font-weight: 400;\">SESION ORDINARIA 17-08-21. SALIO AL D.E. 18-08-21- REGRES\u00d3 AL H.C.D. 06-07-23. SESION ORDINARIA 03-10-23. ORDENANZA N\u00ba 3700\/23. SALIO AL D.E. 04-10-23<\/span><\/td>\n<\/tr>\n<tr>\n<td colspan=\"2\"><b>10-10-23<\/b><\/td>\n<td colspan=\"2\"><span style=\"font-weight: 400;\">BLOQUES JUNTOS Y JUNTOS POR EL CAMBIO \u2013 PROYECTO DE RESOLUCI\u00d3N: DECLARAR DE INTER\u00c9S MUNICIPAL EL 100 ANIVERSARIO DE LA ESCUELA PRIMARIA N\u00ba 7 \u201cBERNARDINO RIVADAVIA\u201d DE PARAJE FUNKE EL D\u00cdA 13 DE OCTUBRE DE 2023<\/span><\/td>\n<td colspan=\"2\"><b>7691\/23<\/b><\/td>\n<td colspan=\"2\"><span style=\"font-weight: 400;\">SESION EXTRAORDINARIA 10-10-23. <\/span><b>RESOLUCI\u00d3N N\u00ba 35\/23. ARCHIVO N\u00ba 2882\/23<\/b><\/td>\n<\/tr>\n<tr>\n<td colspan=\"2\"><b>17-10-23<\/b><\/td>\n<td colspan=\"2\"><span style=\"font-weight: 400;\">BLOQUES JUNTOS Y JUNTOS POR EL CAMBIO &#8211; PEDIDO DE INFORME: SOLICITA SE INFORME UBICACI\u00d3N EXACTA Y ACTUAL DEL MOTOR Y CHAPAS PATENTES ORIGINALES DEL VEH\u00cdCULO PROPIEDAD DEL SR. FERNANDO DAR\u00cdO OBULJEN<\/span><\/td>\n<td colspan=\"2\"><b>7692\/23<\/b><\/td>\n<td colspan=\"2\"><span style=\"font-weight: 400;\">SESION ORDINARIA 17-10-23. SALIO AL D.E. 18-10-23<\/span><\/td>\n<\/tr>\n<tr>\n<td colspan=\"2\"><b>17-10-23<\/b><\/td>\n<td colspan=\"2\"><span style=\"font-weight: 400;\">BLOQUES JUNTOS Y JUNTOS POR EL CAMBIO &#8211; PEDIDO DE INFORME: SOLICITA INFORMACI\u00d3N REF. INFRACCI\u00d3N DE TR\u00c1NSITO COMETIDA POR VEH\u00cdCULO MUNICIPAL EN LA PCIA. DE R\u00cdO NEGRO.-<\/span><\/td>\n<td colspan=\"2\"><b>7693\/23<\/b><\/td>\n<td colspan=\"2\"><span style=\"font-weight: 400;\">SESION ORDINARIA 17-10-23. SALIO AL D.E. 18-10-23<\/span><\/td>\n<\/tr>\n<tr>\n<td colspan=\"2\"><b>17-10-23<\/b><\/td>\n<td colspan=\"2\"><span style=\"font-weight: 400;\">BLOQUES JUNTOS Y JUNTOS POR EL CAMBIO \u2013 PROYECTO DE ORDENANZA: ADHIERE EN TODOS SUS T\u00c9RMINOS A LA LEY N\u00ba 13.804 (REF. CREACI\u00d3N DEL SERVICIO DE ATENCI\u00d3N EN LA LENGUA DE SE\u00d1AS ARGENTINA PARA PERSONAS SORDAS E HIPOAC\u00daSICAS EN LOS ORGANISMOS P\u00daBLICOS PROVINCIALES)<\/span><\/td>\n<td colspan=\"2\"><b>7694\/23<\/b><\/td>\n<td colspan=\"2\"><span style=\"font-weight: 400;\">SESION ORDINARIA 21-11-23. <\/span><b>ORDENANZA N\u00ba 3719\/23.<\/b><span style=\"font-weight: 400;\"> SALIO AL D.E. 22-11-23. REGRESO AL H.C.D. 30-11-23<\/span><\/td>\n<\/tr>\n<tr>\n<td colspan=\"2\"><b>17-10-23<\/b><\/td>\n<td colspan=\"2\"><span style=\"font-weight: 400;\">BLOQUES JUNTOS Y JUNTOS POR EL CAMBIO \u2013 PROYECTO DE RESOLUCI\u00d3N: SOLICITA SE REALICEN LAS GESTIONES PERTINENTES PARA LA REANUDACI\u00d3N DEL TREN DE PASAJEROS TRAYECTO CONSTITUCI\u00d3N &#8211; BAH\u00cdA BLANCA<\/span><\/td>\n<td colspan=\"2\"><b>7695\/23<\/b><\/td>\n<td colspan=\"2\"><span style=\"font-weight: 400;\">SESION ORDINARIA 07-11-23. <\/span><b>RESOLUCI\u00d3N N\u00ba 36\/23. ARCHIVO N\u00ba 2883\/23<\/b><\/td>\n<\/tr>\n<tr>\n<td colspan=\"2\"><b>07-11-23<\/b><\/td>\n<td colspan=\"2\"><span style=\"font-weight: 400;\">BLOQUES JUNTOS Y JUNTOS POR EL CAMBIO \u2013 PROYECTO DE RESOLUCI\u00d3N: DECLARA DE INTER\u00c9S MUNICIPAL EL CENTENARIO DE LA ESCUELA PRIMARIA N\u00ba 6 \u201cJUAN BAUTISTA ALBERDI\u201d DE SIERRA DE LA VENTANA<\/span><\/td>\n<td colspan=\"2\"><b>7698\/23<\/b><\/td>\n<td colspan=\"2\"><span style=\"font-weight: 400;\">SESION ORDINARIA 07-11-23. <\/span><b>RESOLUCI\u00d3N N\u00ba 39\/23. ARCHIVO N\u00ba 2886\/23<\/b><\/td>\n<\/tr>\n<tr>\n<td colspan=\"2\"><b>21-11-23<\/b><\/td>\n<td colspan=\"2\"><span style=\"font-weight: 400;\">BLOQUES JUNTOS Y JUNTOS POR EL CAMBIO \u2013 PROYECTO DE RESOLUCI\u00d3N: SOLICITA AL PRESIDENTE DEL H.C.D. QUE MEDIANTE SESI\u00d3N EXTRAORDINARIA CONVOQUE AL SR. INTENDENTE MUNICIPAL, SERGIO BORDONI, PARA QUE BRINDE INFORMACI\u00d3N SOBRE DIVERSOS TEMAS<\/span><\/td>\n<td colspan=\"2\"><b>7700\/23<\/b><\/td>\n<td colspan=\"2\"><span style=\"font-weight: 400;\">SESION ORDINARIA 21-11-23. RESOLUCI\u00d3N N\u00ba 41\/23. (APROBADA POR MAYORIA). ARCHIVO N\u00ba 2890\/23<\/span><\/td>\n<\/tr>\n<tr>\n<td colspan=\"2\"><b>21-11-23<\/b><\/td>\n<td colspan=\"2\"><span style=\"font-weight: 400;\">BLOQUES JUNTOS Y JUNTOS POR EL CAMBIO \u2013 PROYECTO DE RESOLUCI\u00d3N: REF. ADHESI\u00d3N AL DECRETO NACIONAL N\u00ba 1046\/98 SOBRE \u201cD\u00cdA DEL NI\u00d1O POR NACER\u201d<\/span><\/td>\n<td colspan=\"2\"><b>7701\/23<\/b><\/td>\n<td colspan=\"2\"><span style=\"font-weight: 400;\">SESION ORDINARIA 05-12-23. <\/span><b>RESOLUCI\u00d3N N\u00ba 42\/23. ARCHIVO N\u00ba 2891\/23\u00a0<\/b><\/td>\n<\/tr>\n<tr>\n<td colspan=\"2\"><b>05-12-23<\/b><\/td>\n<td colspan=\"2\"><span style=\"font-weight: 400;\">BLOQUES JUNTOS Y JUNTOS POR EL CAMBIO \u2013 MINUTA DE COMUNIACI\u00d3N: REF. A LA ASUNCI\u00d3N DE M\u00c9DICOS PROFESIONALES DE GUARDIA ACTIVA EN EL HOSPITAL MENOR DE SIERRA DE LA VENTANA<\/span><\/td>\n<td colspan=\"2\"><b>7704\/23<\/b><\/td>\n<td colspan=\"2\"><span style=\"font-weight: 400;\">SESION ORDINARIA 05-12-23. SALIO AL D.E. COPIA\u00a0 DE LA MINUTA MEDIANTE NOTA N\u00ba 190\/23. <\/span><b>ARCHIVO N\u00ba 2892\/23<\/b><\/td>\n<\/tr>\n<tr>\n<td colspan=\"2\"><b>05-12-23<\/b><\/td>\n<td colspan=\"2\"><span style=\"font-weight: 400;\">BLOQUES JUNTOS Y JUNTOS POR EL CAMBIO \u2013 PROYECTO DE ORDENANZA: REF. PARQUE AP\u00cdCOLA MUNICIPAL<\/span><\/td>\n<td colspan=\"2\"><b>7705\/23<\/b><\/td>\n<td colspan=\"2\"><\/td>\n<\/tr>\n<tr>\n<td colspan=\"2\"><b>19-12-23<\/b><\/td>\n<td colspan=\"2\"><span style=\"font-weight: 400;\">BLOQUES JUNTOS Y JUNTOS POR EL CAMBIO \u2013 PEDIDO DE INFORME: REF. INCENDIO PRODUCIDO EL 11\/12\/23 ENTRE LAS LOCALIDADES DE SIERRA DE LA VENTANA Y SALDUNGARAY<\/span><\/td>\n<td colspan=\"2\"><b>7708\/23<\/b><\/td>\n<td colspan=\"2\"><span style=\"font-weight: 400;\">SESION ORDINARIA 19-12-23. SALIO AL D.E. 20-12-23<\/span><\/td>\n<\/tr>\n<tr>\n<td colspan=\"2\"><b>19-12-23<\/b><\/td>\n<td colspan=\"2\"><span style=\"font-weight: 400;\">BLOQUES JUNTOS Y JUNTOS POR EL CAMBIO \u2013 PROYECTO DE ORDENANZA: ADHIERE A LA MUNICIPALIDAD DE TORNQUIST A LA LEY PROVINCIAL N\u00ba 15329, REF. \u201cDERECHO A LA IDENTIDAD DE ORIGEN\u201d<\/span><\/td>\n<td colspan=\"2\"><b>7711\/23<\/b><\/td>\n<td colspan=\"2\"><\/td>\n<\/tr>\n<\/tbody>\n<\/table>\n<p>&nbsp;<\/p>\n","protected":false},"excerpt":{"rendered":"<p>A\u00d1O 2023 CARATULA EXPTE. N\u00ba SEGUIMIENTO 07-03-23 BLOQUES JUNTOS Y JUNTOS POR EL CAMBIO \u2013 PROYECTO DE RESOLUCI\u00d3N: ADHERIR AL DECRETO 877\/23 Y 17\/2023 DEL PODER EJECUTIVO NACIONAL Y PROVINCIAL, DISPONEN QUE DURANTE EL 2023 TODA DOCUMENTACI\u00d3N OFICIAL DE LA ADMINISTRACI\u00d3N P\u00daBLICA, DEBER\u00c1 LLEVAR LA LEYENDA \u201c1983\/2023 \u2013 40 A\u00d1OS DE DEMOCRACIA\u201d 7603\/23 SESI\u00d3N ORDINARIA [&hellip;]<\/p>\n","protected":false},"author":5,"featured_media":75379,"comment_status":"closed","ping_status":"closed","sticky":false,"template":"","format":"standard","meta":{"footnotes":""},"categories":[51,52,53],"tags":[],"class_list":["post-81033","post","type-post","status-publish","format-standard","has-post-thumbnail","hentry","category-comunidad","category-destacadas","category-politica"],"yoast_head":"<!-- This site is optimized with the Yoast SEO plugin v19.7.1 - https:\/\/yoast.com\/wordpress\/plugins\/seo\/ -->\n<title>Informe de trabajo realizado por los bloques de Juntos y UCR. - CELTTV<\/title>\n<meta name=\"description\" content=\"Sitio web de noticias de la localidad de Tornquist, provincia de Buenos Aires, Rep\u00fablica Argentina. Contenido propio originado por periodistas de CELTTV, el canal de TV local de la Cooperativa El\u00e9ctrica de Tornquist. Turismo, Pol\u00edtica, Sociedad, Deporte, Cultura y todo el contenido de inter\u00e9s general que la gente del pueblo y la regi\u00f3n debe conocer.\" \/>\n<meta name=\"robots\" content=\"index, follow, max-snippet:-1, max-image-preview:large, max-video-preview:-1\" \/>\n<link rel=\"canonical\" href=\"https:\/\/www.celttv.com.ar\/index.php\/2023\/12\/21\/informe-de-trabajo-realizado-por-los-bloques-de-juntos-y-ucr\/\" \/>\n<meta property=\"og:locale\" content=\"es_ES\" \/>\n<meta property=\"og:type\" content=\"article\" \/>\n<meta property=\"og:title\" content=\"Informe de trabajo realizado por los bloques de Juntos y UCR. - CELTTV\" \/>\n<meta property=\"og:description\" content=\"Sitio web de noticias de la localidad de Tornquist, provincia de Buenos Aires, Rep\u00fablica Argentina. Contenido propio originado por periodistas de CELTTV, el canal de TV local de la Cooperativa El\u00e9ctrica de Tornquist. Turismo, Pol\u00edtica, Sociedad, Deporte, Cultura y todo el contenido de inter\u00e9s general que la gente del pueblo y la regi\u00f3n debe conocer.\" \/>\n<meta property=\"og:url\" content=\"https:\/\/www.celttv.com.ar\/index.php\/2023\/12\/21\/informe-de-trabajo-realizado-por-los-bloques-de-juntos-y-ucr\/\" \/>\n<meta property=\"og:site_name\" content=\"CELTTV\" \/>\n<meta property=\"article:publisher\" content=\"https:\/\/www.facebook.com\/celtTV\/\" \/>\n<meta property=\"article:published_time\" content=\"2023-12-21T21:53:18+00:00\" \/>\n<meta property=\"og:image\" content=\"https:\/\/www.celttv.com.ar\/wp-content\/uploads\/2023\/04\/Castro.jpg\" \/>\n\t<meta property=\"og:image:width\" content=\"723\" \/>\n\t<meta property=\"og:image:height\" content=\"569\" \/>\n\t<meta property=\"og:image:type\" content=\"image\/jpeg\" \/>\n<meta name=\"author\" content=\"Miguel Herrada\" \/>\n<meta name=\"twitter:card\" content=\"summary_large_image\" \/>\n<meta name=\"twitter:label1\" content=\"Escrito por\" \/>\n\t<meta name=\"twitter:data1\" content=\"Miguel Herrada\" \/>\n\t<meta name=\"twitter:label2\" content=\"Tiempo de lectura\" \/>\n\t<meta name=\"twitter:data2\" content=\"12 minutos\" \/>\n<script type=\"application\/ld+json\" class=\"yoast-schema-graph\">{\"@context\":\"https:\/\/schema.org\",\"@graph\":[{\"@type\":\"NewsArticle\",\"@id\":\"https:\/\/www.celttv.com.ar\/index.php\/2023\/12\/21\/informe-de-trabajo-realizado-por-los-bloques-de-juntos-y-ucr\/#article\",\"isPartOf\":{\"@id\":\"https:\/\/www.celttv.com.ar\/index.php\/2023\/12\/21\/informe-de-trabajo-realizado-por-los-bloques-de-juntos-y-ucr\/\"},\"author\":{\"name\":\"Miguel Herrada\",\"@id\":\"https:\/\/www.celttv.com.ar\/#\/schema\/person\/9059dc91dc7204ef4182cdb65225f07d\"},\"headline\":\"Informe de trabajo realizado por los bloques de Juntos y UCR.\",\"datePublished\":\"2023-12-21T21:53:18+00:00\",\"dateModified\":\"2023-12-21T21:53:18+00:00\",\"mainEntityOfPage\":{\"@id\":\"https:\/\/www.celttv.com.ar\/index.php\/2023\/12\/21\/informe-de-trabajo-realizado-por-los-bloques-de-juntos-y-ucr\/\"},\"wordCount\":2464,\"publisher\":{\"@id\":\"https:\/\/www.celttv.com.ar\/#organization\"},\"articleSection\":[\"Comunidad\",\"Destacadas\",\"Pol\u00edtica\"],\"inLanguage\":\"es\"},{\"@type\":\"WebPage\",\"@id\":\"https:\/\/www.celttv.com.ar\/index.php\/2023\/12\/21\/informe-de-trabajo-realizado-por-los-bloques-de-juntos-y-ucr\/\",\"url\":\"https:\/\/www.celttv.com.ar\/index.php\/2023\/12\/21\/informe-de-trabajo-realizado-por-los-bloques-de-juntos-y-ucr\/\",\"name\":\"Informe de trabajo realizado por los bloques de Juntos y UCR. - CELTTV\",\"isPartOf\":{\"@id\":\"https:\/\/www.celttv.com.ar\/#website\"},\"datePublished\":\"2023-12-21T21:53:18+00:00\",\"dateModified\":\"2023-12-21T21:53:18+00:00\",\"description\":\"Sitio web de noticias de la localidad de Tornquist, provincia de Buenos Aires, Rep\u00fablica Argentina. Contenido propio originado por periodistas de CELTTV, el canal de TV local de la Cooperativa El\u00e9ctrica de Tornquist. Turismo, Pol\u00edtica, Sociedad, Deporte, Cultura y todo el contenido de inter\u00e9s general que la gente del pueblo y la regi\u00f3n debe conocer.\",\"breadcrumb\":{\"@id\":\"https:\/\/www.celttv.com.ar\/index.php\/2023\/12\/21\/informe-de-trabajo-realizado-por-los-bloques-de-juntos-y-ucr\/#breadcrumb\"},\"inLanguage\":\"es\",\"potentialAction\":[{\"@type\":\"ReadAction\",\"target\":[\"https:\/\/www.celttv.com.ar\/index.php\/2023\/12\/21\/informe-de-trabajo-realizado-por-los-bloques-de-juntos-y-ucr\/\"]}]},{\"@type\":\"BreadcrumbList\",\"@id\":\"https:\/\/www.celttv.com.ar\/index.php\/2023\/12\/21\/informe-de-trabajo-realizado-por-los-bloques-de-juntos-y-ucr\/#breadcrumb\",\"itemListElement\":[{\"@type\":\"ListItem\",\"position\":1,\"name\":\"Inicio\",\"item\":\"https:\/\/www.celttv.com.ar\/\"},{\"@type\":\"ListItem\",\"position\":2,\"name\":\"Informe de trabajo realizado por los bloques de Juntos y UCR.\"}]},{\"@type\":\"WebSite\",\"@id\":\"https:\/\/www.celttv.com.ar\/#website\",\"url\":\"https:\/\/www.celttv.com.ar\/\",\"name\":\"CELTTV\",\"description\":\"Cooperativa El\u00e9ctrica de Tornquist\",\"publisher\":{\"@id\":\"https:\/\/www.celttv.com.ar\/#organization\"},\"potentialAction\":[{\"@type\":\"SearchAction\",\"target\":{\"@type\":\"EntryPoint\",\"urlTemplate\":\"https:\/\/www.celttv.com.ar\/?s={search_term_string}\"},\"query-input\":\"required name=search_term_string\"}],\"inLanguage\":\"es\"},{\"@type\":\"Organization\",\"@id\":\"https:\/\/www.celttv.com.ar\/#organization\",\"name\":\"CELTTV\",\"url\":\"https:\/\/www.celttv.com.ar\/\",\"sameAs\":[\"https:\/\/www.youtube.com\/channel\/UCz_oIt8Hig64Ub-EmcNPIhg\",\"https:\/\/www.facebook.com\/celtTV\/\"],\"logo\":{\"@type\":\"ImageObject\",\"inLanguage\":\"es\",\"@id\":\"https:\/\/www.celttv.com.ar\/#\/schema\/logo\/image\/\",\"url\":\"http:\/\/www.celttv.com.ar\/wp-content\/uploads\/2022\/08\/logo-1.png\",\"contentUrl\":\"http:\/\/www.celttv.com.ar\/wp-content\/uploads\/2022\/08\/logo-1.png\",\"width\":461,\"height\":159,\"caption\":\"CELTTV\"},\"image\":{\"@id\":\"https:\/\/www.celttv.com.ar\/#\/schema\/logo\/image\/\"}},{\"@type\":\"Person\",\"@id\":\"https:\/\/www.celttv.com.ar\/#\/schema\/person\/9059dc91dc7204ef4182cdb65225f07d\",\"name\":\"Miguel Herrada\",\"image\":{\"@type\":\"ImageObject\",\"inLanguage\":\"es\",\"@id\":\"https:\/\/www.celttv.com.ar\/#\/schema\/person\/image\/\",\"url\":\"https:\/\/secure.gravatar.com\/avatar\/67724d5b3c716623ffd76bec7e45841a442ac3b456e914dbba90b0fad2b8e0b1?s=96&d=mm&r=g\",\"contentUrl\":\"https:\/\/secure.gravatar.com\/avatar\/67724d5b3c716623ffd76bec7e45841a442ac3b456e914dbba90b0fad2b8e0b1?s=96&d=mm&r=g\",\"caption\":\"Miguel Herrada\"}}]}<\/script>\n<!-- \/ Yoast SEO plugin. -->","yoast_head_json":{"title":"Informe de trabajo realizado por los bloques de Juntos y UCR. - CELTTV","description":"Sitio web de noticias de la localidad de Tornquist, provincia de Buenos Aires, Rep\u00fablica Argentina. Contenido propio originado por periodistas de CELTTV, el canal de TV local de la Cooperativa El\u00e9ctrica de Tornquist. Turismo, Pol\u00edtica, Sociedad, Deporte, Cultura y todo el contenido de inter\u00e9s general que la gente del pueblo y la regi\u00f3n debe conocer.","robots":{"index":"index","follow":"follow","max-snippet":"max-snippet:-1","max-image-preview":"max-image-preview:large","max-video-preview":"max-video-preview:-1"},"canonical":"https:\/\/www.celttv.com.ar\/index.php\/2023\/12\/21\/informe-de-trabajo-realizado-por-los-bloques-de-juntos-y-ucr\/","og_locale":"es_ES","og_type":"article","og_title":"Informe de trabajo realizado por los bloques de Juntos y UCR. - CELTTV","og_description":"Sitio web de noticias de la localidad de Tornquist, provincia de Buenos Aires, Rep\u00fablica Argentina. Contenido propio originado por periodistas de CELTTV, el canal de TV local de la Cooperativa El\u00e9ctrica de Tornquist. Turismo, Pol\u00edtica, Sociedad, Deporte, Cultura y todo el contenido de inter\u00e9s general que la gente del pueblo y la regi\u00f3n debe conocer.","og_url":"https:\/\/www.celttv.com.ar\/index.php\/2023\/12\/21\/informe-de-trabajo-realizado-por-los-bloques-de-juntos-y-ucr\/","og_site_name":"CELTTV","article_publisher":"https:\/\/www.facebook.com\/celtTV\/","article_published_time":"2023-12-21T21:53:18+00:00","og_image":[{"width":723,"height":569,"url":"https:\/\/www.celttv.com.ar\/wp-content\/uploads\/2023\/04\/Castro.jpg","type":"image\/jpeg"}],"author":"Miguel Herrada","twitter_card":"summary_large_image","twitter_misc":{"Escrito por":"Miguel Herrada","Tiempo de lectura":"12 minutos"},"schema":{"@context":"https:\/\/schema.org","@graph":[{"@type":"NewsArticle","@id":"https:\/\/www.celttv.com.ar\/index.php\/2023\/12\/21\/informe-de-trabajo-realizado-por-los-bloques-de-juntos-y-ucr\/#article","isPartOf":{"@id":"https:\/\/www.celttv.com.ar\/index.php\/2023\/12\/21\/informe-de-trabajo-realizado-por-los-bloques-de-juntos-y-ucr\/"},"author":{"name":"Miguel Herrada","@id":"https:\/\/www.celttv.com.ar\/#\/schema\/person\/9059dc91dc7204ef4182cdb65225f07d"},"headline":"Informe de trabajo realizado por los bloques de Juntos y UCR.","datePublished":"2023-12-21T21:53:18+00:00","dateModified":"2023-12-21T21:53:18+00:00","mainEntityOfPage":{"@id":"https:\/\/www.celttv.com.ar\/index.php\/2023\/12\/21\/informe-de-trabajo-realizado-por-los-bloques-de-juntos-y-ucr\/"},"wordCount":2464,"publisher":{"@id":"https:\/\/www.celttv.com.ar\/#organization"},"articleSection":["Comunidad","Destacadas","Pol\u00edtica"],"inLanguage":"es"},{"@type":"WebPage","@id":"https:\/\/www.celttv.com.ar\/index.php\/2023\/12\/21\/informe-de-trabajo-realizado-por-los-bloques-de-juntos-y-ucr\/","url":"https:\/\/www.celttv.com.ar\/index.php\/2023\/12\/21\/informe-de-trabajo-realizado-por-los-bloques-de-juntos-y-ucr\/","name":"Informe de trabajo realizado por los bloques de Juntos y UCR. - CELTTV","isPartOf":{"@id":"https:\/\/www.celttv.com.ar\/#website"},"datePublished":"2023-12-21T21:53:18+00:00","dateModified":"2023-12-21T21:53:18+00:00","description":"Sitio web de noticias de la localidad de Tornquist, provincia de Buenos Aires, Rep\u00fablica Argentina. Contenido propio originado por periodistas de CELTTV, el canal de TV local de la Cooperativa El\u00e9ctrica de Tornquist. Turismo, Pol\u00edtica, Sociedad, Deporte, Cultura y todo el contenido de inter\u00e9s general que la gente del pueblo y la regi\u00f3n debe conocer.","breadcrumb":{"@id":"https:\/\/www.celttv.com.ar\/index.php\/2023\/12\/21\/informe-de-trabajo-realizado-por-los-bloques-de-juntos-y-ucr\/#breadcrumb"},"inLanguage":"es","potentialAction":[{"@type":"ReadAction","target":["https:\/\/www.celttv.com.ar\/index.php\/2023\/12\/21\/informe-de-trabajo-realizado-por-los-bloques-de-juntos-y-ucr\/"]}]},{"@type":"BreadcrumbList","@id":"https:\/\/www.celttv.com.ar\/index.php\/2023\/12\/21\/informe-de-trabajo-realizado-por-los-bloques-de-juntos-y-ucr\/#breadcrumb","itemListElement":[{"@type":"ListItem","position":1,"name":"Inicio","item":"https:\/\/www.celttv.com.ar\/"},{"@type":"ListItem","position":2,"name":"Informe de trabajo realizado por los bloques de Juntos y UCR."}]},{"@type":"WebSite","@id":"https:\/\/www.celttv.com.ar\/#website","url":"https:\/\/www.celttv.com.ar\/","name":"CELTTV","description":"Cooperativa El\u00e9ctrica de Tornquist","publisher":{"@id":"https:\/\/www.celttv.com.ar\/#organization"},"potentialAction":[{"@type":"SearchAction","target":{"@type":"EntryPoint","urlTemplate":"https:\/\/www.celttv.com.ar\/?s={search_term_string}"},"query-input":"required name=search_term_string"}],"inLanguage":"es"},{"@type":"Organization","@id":"https:\/\/www.celttv.com.ar\/#organization","name":"CELTTV","url":"https:\/\/www.celttv.com.ar\/","sameAs":["https:\/\/www.youtube.com\/channel\/UCz_oIt8Hig64Ub-EmcNPIhg","https:\/\/www.facebook.com\/celtTV\/"],"logo":{"@type":"ImageObject","inLanguage":"es","@id":"https:\/\/www.celttv.com.ar\/#\/schema\/logo\/image\/","url":"http:\/\/www.celttv.com.ar\/wp-content\/uploads\/2022\/08\/logo-1.png","contentUrl":"http:\/\/www.celttv.com.ar\/wp-content\/uploads\/2022\/08\/logo-1.png","width":461,"height":159,"caption":"CELTTV"},"image":{"@id":"https:\/\/www.celttv.com.ar\/#\/schema\/logo\/image\/"}},{"@type":"Person","@id":"https:\/\/www.celttv.com.ar\/#\/schema\/person\/9059dc91dc7204ef4182cdb65225f07d","name":"Miguel Herrada","image":{"@type":"ImageObject","inLanguage":"es","@id":"https:\/\/www.celttv.com.ar\/#\/schema\/person\/image\/","url":"https:\/\/secure.gravatar.com\/avatar\/67724d5b3c716623ffd76bec7e45841a442ac3b456e914dbba90b0fad2b8e0b1?s=96&d=mm&r=g","contentUrl":"https:\/\/secure.gravatar.com\/avatar\/67724d5b3c716623ffd76bec7e45841a442ac3b456e914dbba90b0fad2b8e0b1?s=96&d=mm&r=g","caption":"Miguel Herrada"}}]}},"_links":{"self":[{"href":"https:\/\/www.celttv.com.ar\/index.php\/wp-json\/wp\/v2\/posts\/81033","targetHints":{"allow":["GET"]}}],"collection":[{"href":"https:\/\/www.celttv.com.ar\/index.php\/wp-json\/wp\/v2\/posts"}],"about":[{"href":"https:\/\/www.celttv.com.ar\/index.php\/wp-json\/wp\/v2\/types\/post"}],"author":[{"embeddable":true,"href":"https:\/\/www.celttv.com.ar\/index.php\/wp-json\/wp\/v2\/users\/5"}],"replies":[{"embeddable":true,"href":"https:\/\/www.celttv.com.ar\/index.php\/wp-json\/wp\/v2\/comments?post=81033"}],"version-history":[{"count":1,"href":"https:\/\/www.celttv.com.ar\/index.php\/wp-json\/wp\/v2\/posts\/81033\/revisions"}],"predecessor-version":[{"id":81034,"href":"https:\/\/www.celttv.com.ar\/index.php\/wp-json\/wp\/v2\/posts\/81033\/revisions\/81034"}],"wp:featuredmedia":[{"embeddable":true,"href":"https:\/\/www.celttv.com.ar\/index.php\/wp-json\/wp\/v2\/media\/75379"}],"wp:attachment":[{"href":"https:\/\/www.celttv.com.ar\/index.php\/wp-json\/wp\/v2\/media?parent=81033"}],"wp:term":[{"taxonomy":"category","embeddable":true,"href":"https:\/\/www.celttv.com.ar\/index.php\/wp-json\/wp\/v2\/categories?post=81033"},{"taxonomy":"post_tag","embeddable":true,"href":"https:\/\/www.celttv.com.ar\/index.php\/wp-json\/wp\/v2\/tags?post=81033"}],"curies":[{"name":"wp","href":"https:\/\/api.w.org\/{rel}","templated":true}]}}