{"id":81154,"date":"2023-12-28T21:18:28","date_gmt":"2023-12-29T00:18:28","guid":{"rendered":"https:\/\/www.celttv.com.ar\/?p=81154"},"modified":"2023-12-28T21:18:28","modified_gmt":"2023-12-29T00:18:28","slug":"vecinos-de-villa-ventana-entregaron-petitorio-al-hcd-reclamando-respuestas-ante-la-falta-de-agua-video","status":"publish","type":"post","link":"https:\/\/www.celttv.com.ar\/index.php\/2023\/12\/28\/vecinos-de-villa-ventana-entregaron-petitorio-al-hcd-reclamando-respuestas-ante-la-falta-de-agua-video\/","title":{"rendered":"Vecinos de Villa Ventana entregaron petitorio al HCD reclamando respuestas ante la falta de agua (Video)"},"content":{"rendered":"<p>Los vecinos autoconvocados de Villa Ventana se hicieron presente en el recinto del HCD, donde entregaron un petitorio en el que solicitan informaci\u00f3n, control y previsibilidad para que se pueda responder a la contingencia que dej\u00f3 sin agua a dicha villa.<\/p>\n<p>M\u00e1s de 50 vecinos de la localidad serrana se trasladaron a Tornquist para hacer entrega (en mano) del petitorio a los ediles del HCD.<\/p>\n<p>Tras un mano a mano entre vecinos y concejales de los diferentes bloques, ahora los habitantes de Villa Ventana esperan que el municipio tome las medidas necesarias para reponer el servicio de agua potable (el cual indicaron se realizar\u00eda durante la madrugada del viernes 28).<\/p>\n<p>Entre los diferentes items, en el \u00faltimo p\u00e1rrafo del petitorio, los vecinos solicitan a las autoridades del Departamento Ejecutivo la remoci\u00f3n de Florencia Testa como delegada municipal de dicha localidad.<\/p>\n<p><em><strong>CONTENIDO DEL PETITORIO<\/strong><\/em><\/p>\n<p><img loading=\"lazy\" decoding=\"async\" class=\"alignnone wp-image-81157 size-full\" src=\"http:\/\/www.celttv.com.ar\/wp-content\/uploads\/2023\/12\/Petitorio.jpg\" alt=\"\" width=\"575\" height=\"832\" srcset=\"https:\/\/www.celttv.com.ar\/wp-content\/uploads\/2023\/12\/Petitorio.jpg 575w, https:\/\/www.celttv.com.ar\/wp-content\/uploads\/2023\/12\/Petitorio-207x300.jpg 207w\" sizes=\"auto, (max-width: 575px) 100vw, 575px\" \/><\/p>\n<p>Tras la reuni\u00f3n con los ediles, Marcelo Stancanelli y Luciana Dominguez, integrantes del grupo de vecinos, estuvieron en el programa S\u00cdNTESIS, que se emite por Canal 2 CELTTV, donde brindaron detalles de la situaci\u00f3n actual de la villa.<\/p>\n<p><iframe loading=\"lazy\" title=\"2023 12 28 EN VIVO VECINOS DE VILLA VENTANA ENTREGARON UN PETITORIO A LAS AUTORIDADES DEL HCD\" width=\"500\" height=\"281\" src=\"https:\/\/www.youtube.com\/embed\/9YHthM2Tgik?feature=oembed\" frameborder=\"0\" allow=\"accelerometer; autoplay; clipboard-write; encrypted-media; gyroscope; picture-in-picture; web-share\" referrerpolicy=\"strict-origin-when-cross-origin\" allowfullscreen><\/iframe><\/p>\n","protected":false},"excerpt":{"rendered":"<p>Los vecinos autoconvocados de Villa Ventana se hicieron presente en el recinto del HCD, donde entregaron un petitorio en el que solicitan informaci\u00f3n, control y previsibilidad para que se pueda responder a la contingencia que dej\u00f3 sin agua a dicha villa. M\u00e1s de 50 vecinos de la localidad serrana se trasladaron a Tornquist para hacer [&hellip;]<\/p>\n","protected":false},"author":3,"featured_media":81158,"comment_status":"closed","ping_status":"closed","sticky":false,"template":"","format":"standard","meta":{"footnotes":""},"categories":[55,1],"tags":[],"class_list":["post-81154","post","type-post","status-publish","format-standard","has-post-thumbnail","hentry","category-celt-tv-noticias","category-sin-categoria"],"yoast_head":"<!-- This site is optimized with the Yoast SEO plugin v19.7.1 - https:\/\/yoast.com\/wordpress\/plugins\/seo\/ -->\n<title>Vecinos de Villa Ventana entregaron petitorio al HCD reclamando respuestas ante la falta de agua (Video) - CELTTV<\/title>\n<meta name=\"description\" content=\"Sitio web de noticias de la localidad de Tornquist, provincia de Buenos Aires, Rep\u00fablica Argentina. Contenido propio originado por periodistas de CELTTV, el canal de TV local de la Cooperativa El\u00e9ctrica de Tornquist. Turismo, Pol\u00edtica, Sociedad, Deporte, Cultura y todo el contenido de inter\u00e9s general que la gente del pueblo y la regi\u00f3n debe conocer.\" \/>\n<meta name=\"robots\" content=\"index, follow, max-snippet:-1, max-image-preview:large, max-video-preview:-1\" \/>\n<link rel=\"canonical\" href=\"https:\/\/www.celttv.com.ar\/index.php\/2023\/12\/28\/vecinos-de-villa-ventana-entregaron-petitorio-al-hcd-reclamando-respuestas-ante-la-falta-de-agua-video\/\" \/>\n<meta property=\"og:locale\" content=\"es_ES\" \/>\n<meta property=\"og:type\" content=\"article\" \/>\n<meta property=\"og:title\" content=\"Vecinos de Villa Ventana entregaron petitorio al HCD reclamando respuestas ante la falta de agua (Video) - CELTTV\" \/>\n<meta property=\"og:description\" content=\"Sitio web de noticias de la localidad de Tornquist, provincia de Buenos Aires, Rep\u00fablica Argentina. Contenido propio originado por periodistas de CELTTV, el canal de TV local de la Cooperativa El\u00e9ctrica de Tornquist. Turismo, Pol\u00edtica, Sociedad, Deporte, Cultura y todo el contenido de inter\u00e9s general que la gente del pueblo y la regi\u00f3n debe conocer.\" \/>\n<meta property=\"og:url\" content=\"https:\/\/www.celttv.com.ar\/index.php\/2023\/12\/28\/vecinos-de-villa-ventana-entregaron-petitorio-al-hcd-reclamando-respuestas-ante-la-falta-de-agua-video\/\" \/>\n<meta property=\"og:site_name\" content=\"CELTTV\" \/>\n<meta property=\"article:publisher\" content=\"https:\/\/www.facebook.com\/celtTV\/\" \/>\n<meta property=\"article:published_time\" content=\"2023-12-29T00:18:28+00:00\" \/>\n<meta property=\"og:image\" content=\"https:\/\/www.celttv.com.ar\/wp-content\/uploads\/2023\/12\/6147f554-eaef-42dc-8ca4-21598acf3067.jpg\" \/>\n\t<meta property=\"og:image:width\" content=\"1439\" \/>\n\t<meta property=\"og:image:height\" content=\"1045\" \/>\n\t<meta property=\"og:image:type\" content=\"image\/jpeg\" \/>\n<meta name=\"author\" content=\"Rodrigo Sgammini\" \/>\n<meta name=\"twitter:card\" content=\"summary_large_image\" \/>\n<meta name=\"twitter:label1\" content=\"Escrito por\" \/>\n\t<meta name=\"twitter:data1\" content=\"Rodrigo Sgammini\" \/>\n\t<meta name=\"twitter:label2\" content=\"Tiempo de lectura\" \/>\n\t<meta name=\"twitter:data2\" content=\"1 minuto\" \/>\n<script type=\"application\/ld+json\" class=\"yoast-schema-graph\">{\"@context\":\"https:\/\/schema.org\",\"@graph\":[{\"@type\":\"NewsArticle\",\"@id\":\"https:\/\/www.celttv.com.ar\/index.php\/2023\/12\/28\/vecinos-de-villa-ventana-entregaron-petitorio-al-hcd-reclamando-respuestas-ante-la-falta-de-agua-video\/#article\",\"isPartOf\":{\"@id\":\"https:\/\/www.celttv.com.ar\/index.php\/2023\/12\/28\/vecinos-de-villa-ventana-entregaron-petitorio-al-hcd-reclamando-respuestas-ante-la-falta-de-agua-video\/\"},\"author\":{\"name\":\"Rodrigo Sgammini\",\"@id\":\"https:\/\/www.celttv.com.ar\/#\/schema\/person\/495be51d064edd971d8457f8f64eb172\"},\"headline\":\"Vecinos de Villa Ventana entregaron petitorio al HCD reclamando respuestas ante la falta de agua (Video)\",\"datePublished\":\"2023-12-29T00:18:28+00:00\",\"dateModified\":\"2023-12-29T00:18:28+00:00\",\"mainEntityOfPage\":{\"@id\":\"https:\/\/www.celttv.com.ar\/index.php\/2023\/12\/28\/vecinos-de-villa-ventana-entregaron-petitorio-al-hcd-reclamando-respuestas-ante-la-falta-de-agua-video\/\"},\"wordCount\":210,\"publisher\":{\"@id\":\"https:\/\/www.celttv.com.ar\/#organization\"},\"articleSection\":[\"Celt TV Noticias\"],\"inLanguage\":\"es\"},{\"@type\":\"WebPage\",\"@id\":\"https:\/\/www.celttv.com.ar\/index.php\/2023\/12\/28\/vecinos-de-villa-ventana-entregaron-petitorio-al-hcd-reclamando-respuestas-ante-la-falta-de-agua-video\/\",\"url\":\"https:\/\/www.celttv.com.ar\/index.php\/2023\/12\/28\/vecinos-de-villa-ventana-entregaron-petitorio-al-hcd-reclamando-respuestas-ante-la-falta-de-agua-video\/\",\"name\":\"Vecinos de Villa Ventana entregaron petitorio al HCD reclamando respuestas ante la falta de agua (Video) - CELTTV\",\"isPartOf\":{\"@id\":\"https:\/\/www.celttv.com.ar\/#website\"},\"datePublished\":\"2023-12-29T00:18:28+00:00\",\"dateModified\":\"2023-12-29T00:18:28+00:00\",\"description\":\"Sitio web de noticias de la localidad de Tornquist, provincia de Buenos Aires, Rep\u00fablica Argentina. Contenido propio originado por periodistas de CELTTV, el canal de TV local de la Cooperativa El\u00e9ctrica de Tornquist. Turismo, Pol\u00edtica, Sociedad, Deporte, Cultura y todo el contenido de inter\u00e9s general que la gente del pueblo y la regi\u00f3n debe conocer.\",\"breadcrumb\":{\"@id\":\"https:\/\/www.celttv.com.ar\/index.php\/2023\/12\/28\/vecinos-de-villa-ventana-entregaron-petitorio-al-hcd-reclamando-respuestas-ante-la-falta-de-agua-video\/#breadcrumb\"},\"inLanguage\":\"es\",\"potentialAction\":[{\"@type\":\"ReadAction\",\"target\":[\"https:\/\/www.celttv.com.ar\/index.php\/2023\/12\/28\/vecinos-de-villa-ventana-entregaron-petitorio-al-hcd-reclamando-respuestas-ante-la-falta-de-agua-video\/\"]}]},{\"@type\":\"BreadcrumbList\",\"@id\":\"https:\/\/www.celttv.com.ar\/index.php\/2023\/12\/28\/vecinos-de-villa-ventana-entregaron-petitorio-al-hcd-reclamando-respuestas-ante-la-falta-de-agua-video\/#breadcrumb\",\"itemListElement\":[{\"@type\":\"ListItem\",\"position\":1,\"name\":\"Inicio\",\"item\":\"https:\/\/www.celttv.com.ar\/\"},{\"@type\":\"ListItem\",\"position\":2,\"name\":\"Vecinos de Villa Ventana entregaron petitorio al HCD reclamando respuestas ante la falta de agua (Video)\"}]},{\"@type\":\"WebSite\",\"@id\":\"https:\/\/www.celttv.com.ar\/#website\",\"url\":\"https:\/\/www.celttv.com.ar\/\",\"name\":\"CELTTV\",\"description\":\"Cooperativa El\u00e9ctrica de Tornquist\",\"publisher\":{\"@id\":\"https:\/\/www.celttv.com.ar\/#organization\"},\"potentialAction\":[{\"@type\":\"SearchAction\",\"target\":{\"@type\":\"EntryPoint\",\"urlTemplate\":\"https:\/\/www.celttv.com.ar\/?s={search_term_string}\"},\"query-input\":\"required name=search_term_string\"}],\"inLanguage\":\"es\"},{\"@type\":\"Organization\",\"@id\":\"https:\/\/www.celttv.com.ar\/#organization\",\"name\":\"CELTTV\",\"url\":\"https:\/\/www.celttv.com.ar\/\",\"sameAs\":[\"https:\/\/www.youtube.com\/channel\/UCz_oIt8Hig64Ub-EmcNPIhg\",\"https:\/\/www.facebook.com\/celtTV\/\"],\"logo\":{\"@type\":\"ImageObject\",\"inLanguage\":\"es\",\"@id\":\"https:\/\/www.celttv.com.ar\/#\/schema\/logo\/image\/\",\"url\":\"http:\/\/www.celttv.com.ar\/wp-content\/uploads\/2022\/08\/logo-1.png\",\"contentUrl\":\"http:\/\/www.celttv.com.ar\/wp-content\/uploads\/2022\/08\/logo-1.png\",\"width\":461,\"height\":159,\"caption\":\"CELTTV\"},\"image\":{\"@id\":\"https:\/\/www.celttv.com.ar\/#\/schema\/logo\/image\/\"}},{\"@type\":\"Person\",\"@id\":\"https:\/\/www.celttv.com.ar\/#\/schema\/person\/495be51d064edd971d8457f8f64eb172\",\"name\":\"Rodrigo Sgammini\",\"image\":{\"@type\":\"ImageObject\",\"inLanguage\":\"es\",\"@id\":\"https:\/\/www.celttv.com.ar\/#\/schema\/person\/image\/\",\"url\":\"https:\/\/secure.gravatar.com\/avatar\/68f7848d42735e7a9276b47cd6e606327d88f521c51ae39d88888b76902e2987?s=96&d=mm&r=g\",\"contentUrl\":\"https:\/\/secure.gravatar.com\/avatar\/68f7848d42735e7a9276b47cd6e606327d88f521c51ae39d88888b76902e2987?s=96&d=mm&r=g\",\"caption\":\"Rodrigo Sgammini\"}}]}<\/script>\n<!-- \/ Yoast SEO plugin. -->","yoast_head_json":{"title":"Vecinos de Villa Ventana entregaron petitorio al HCD reclamando respuestas ante la falta de agua (Video) - CELTTV","description":"Sitio web de noticias de la localidad de Tornquist, provincia de Buenos Aires, Rep\u00fablica Argentina. Contenido propio originado por periodistas de CELTTV, el canal de TV local de la Cooperativa El\u00e9ctrica de Tornquist. Turismo, Pol\u00edtica, Sociedad, Deporte, Cultura y todo el contenido de inter\u00e9s general que la gente del pueblo y la regi\u00f3n debe conocer.","robots":{"index":"index","follow":"follow","max-snippet":"max-snippet:-1","max-image-preview":"max-image-preview:large","max-video-preview":"max-video-preview:-1"},"canonical":"https:\/\/www.celttv.com.ar\/index.php\/2023\/12\/28\/vecinos-de-villa-ventana-entregaron-petitorio-al-hcd-reclamando-respuestas-ante-la-falta-de-agua-video\/","og_locale":"es_ES","og_type":"article","og_title":"Vecinos de Villa Ventana entregaron petitorio al HCD reclamando respuestas ante la falta de agua (Video) - CELTTV","og_description":"Sitio web de noticias de la localidad de Tornquist, provincia de Buenos Aires, Rep\u00fablica Argentina. Contenido propio originado por periodistas de CELTTV, el canal de TV local de la Cooperativa El\u00e9ctrica de Tornquist. Turismo, Pol\u00edtica, Sociedad, Deporte, Cultura y todo el contenido de inter\u00e9s general que la gente del pueblo y la regi\u00f3n debe conocer.","og_url":"https:\/\/www.celttv.com.ar\/index.php\/2023\/12\/28\/vecinos-de-villa-ventana-entregaron-petitorio-al-hcd-reclamando-respuestas-ante-la-falta-de-agua-video\/","og_site_name":"CELTTV","article_publisher":"https:\/\/www.facebook.com\/celtTV\/","article_published_time":"2023-12-29T00:18:28+00:00","og_image":[{"width":1439,"height":1045,"url":"https:\/\/www.celttv.com.ar\/wp-content\/uploads\/2023\/12\/6147f554-eaef-42dc-8ca4-21598acf3067.jpg","type":"image\/jpeg"}],"author":"Rodrigo Sgammini","twitter_card":"summary_large_image","twitter_misc":{"Escrito por":"Rodrigo Sgammini","Tiempo de lectura":"1 minuto"},"schema":{"@context":"https:\/\/schema.org","@graph":[{"@type":"NewsArticle","@id":"https:\/\/www.celttv.com.ar\/index.php\/2023\/12\/28\/vecinos-de-villa-ventana-entregaron-petitorio-al-hcd-reclamando-respuestas-ante-la-falta-de-agua-video\/#article","isPartOf":{"@id":"https:\/\/www.celttv.com.ar\/index.php\/2023\/12\/28\/vecinos-de-villa-ventana-entregaron-petitorio-al-hcd-reclamando-respuestas-ante-la-falta-de-agua-video\/"},"author":{"name":"Rodrigo Sgammini","@id":"https:\/\/www.celttv.com.ar\/#\/schema\/person\/495be51d064edd971d8457f8f64eb172"},"headline":"Vecinos de Villa Ventana entregaron petitorio al HCD reclamando respuestas ante la falta de agua (Video)","datePublished":"2023-12-29T00:18:28+00:00","dateModified":"2023-12-29T00:18:28+00:00","mainEntityOfPage":{"@id":"https:\/\/www.celttv.com.ar\/index.php\/2023\/12\/28\/vecinos-de-villa-ventana-entregaron-petitorio-al-hcd-reclamando-respuestas-ante-la-falta-de-agua-video\/"},"wordCount":210,"publisher":{"@id":"https:\/\/www.celttv.com.ar\/#organization"},"articleSection":["Celt TV Noticias"],"inLanguage":"es"},{"@type":"WebPage","@id":"https:\/\/www.celttv.com.ar\/index.php\/2023\/12\/28\/vecinos-de-villa-ventana-entregaron-petitorio-al-hcd-reclamando-respuestas-ante-la-falta-de-agua-video\/","url":"https:\/\/www.celttv.com.ar\/index.php\/2023\/12\/28\/vecinos-de-villa-ventana-entregaron-petitorio-al-hcd-reclamando-respuestas-ante-la-falta-de-agua-video\/","name":"Vecinos de Villa Ventana entregaron petitorio al HCD reclamando respuestas ante la falta de agua (Video) - CELTTV","isPartOf":{"@id":"https:\/\/www.celttv.com.ar\/#website"},"datePublished":"2023-12-29T00:18:28+00:00","dateModified":"2023-12-29T00:18:28+00:00","description":"Sitio web de noticias de la localidad de Tornquist, provincia de Buenos Aires, Rep\u00fablica Argentina. Contenido propio originado por periodistas de CELTTV, el canal de TV local de la Cooperativa El\u00e9ctrica de Tornquist. Turismo, Pol\u00edtica, Sociedad, Deporte, Cultura y todo el contenido de inter\u00e9s general que la gente del pueblo y la regi\u00f3n debe conocer.","breadcrumb":{"@id":"https:\/\/www.celttv.com.ar\/index.php\/2023\/12\/28\/vecinos-de-villa-ventana-entregaron-petitorio-al-hcd-reclamando-respuestas-ante-la-falta-de-agua-video\/#breadcrumb"},"inLanguage":"es","potentialAction":[{"@type":"ReadAction","target":["https:\/\/www.celttv.com.ar\/index.php\/2023\/12\/28\/vecinos-de-villa-ventana-entregaron-petitorio-al-hcd-reclamando-respuestas-ante-la-falta-de-agua-video\/"]}]},{"@type":"BreadcrumbList","@id":"https:\/\/www.celttv.com.ar\/index.php\/2023\/12\/28\/vecinos-de-villa-ventana-entregaron-petitorio-al-hcd-reclamando-respuestas-ante-la-falta-de-agua-video\/#breadcrumb","itemListElement":[{"@type":"ListItem","position":1,"name":"Inicio","item":"https:\/\/www.celttv.com.ar\/"},{"@type":"ListItem","position":2,"name":"Vecinos de Villa Ventana entregaron petitorio al HCD reclamando respuestas ante la falta de agua (Video)"}]},{"@type":"WebSite","@id":"https:\/\/www.celttv.com.ar\/#website","url":"https:\/\/www.celttv.com.ar\/","name":"CELTTV","description":"Cooperativa El\u00e9ctrica de Tornquist","publisher":{"@id":"https:\/\/www.celttv.com.ar\/#organization"},"potentialAction":[{"@type":"SearchAction","target":{"@type":"EntryPoint","urlTemplate":"https:\/\/www.celttv.com.ar\/?s={search_term_string}"},"query-input":"required name=search_term_string"}],"inLanguage":"es"},{"@type":"Organization","@id":"https:\/\/www.celttv.com.ar\/#organization","name":"CELTTV","url":"https:\/\/www.celttv.com.ar\/","sameAs":["https:\/\/www.youtube.com\/channel\/UCz_oIt8Hig64Ub-EmcNPIhg","https:\/\/www.facebook.com\/celtTV\/"],"logo":{"@type":"ImageObject","inLanguage":"es","@id":"https:\/\/www.celttv.com.ar\/#\/schema\/logo\/image\/","url":"http:\/\/www.celttv.com.ar\/wp-content\/uploads\/2022\/08\/logo-1.png","contentUrl":"http:\/\/www.celttv.com.ar\/wp-content\/uploads\/2022\/08\/logo-1.png","width":461,"height":159,"caption":"CELTTV"},"image":{"@id":"https:\/\/www.celttv.com.ar\/#\/schema\/logo\/image\/"}},{"@type":"Person","@id":"https:\/\/www.celttv.com.ar\/#\/schema\/person\/495be51d064edd971d8457f8f64eb172","name":"Rodrigo Sgammini","image":{"@type":"ImageObject","inLanguage":"es","@id":"https:\/\/www.celttv.com.ar\/#\/schema\/person\/image\/","url":"https:\/\/secure.gravatar.com\/avatar\/68f7848d42735e7a9276b47cd6e606327d88f521c51ae39d88888b76902e2987?s=96&d=mm&r=g","contentUrl":"https:\/\/secure.gravatar.com\/avatar\/68f7848d42735e7a9276b47cd6e606327d88f521c51ae39d88888b76902e2987?s=96&d=mm&r=g","caption":"Rodrigo Sgammini"}}]}},"_links":{"self":[{"href":"https:\/\/www.celttv.com.ar\/index.php\/wp-json\/wp\/v2\/posts\/81154","targetHints":{"allow":["GET"]}}],"collection":[{"href":"https:\/\/www.celttv.com.ar\/index.php\/wp-json\/wp\/v2\/posts"}],"about":[{"href":"https:\/\/www.celttv.com.ar\/index.php\/wp-json\/wp\/v2\/types\/post"}],"author":[{"embeddable":true,"href":"https:\/\/www.celttv.com.ar\/index.php\/wp-json\/wp\/v2\/users\/3"}],"replies":[{"embeddable":true,"href":"https:\/\/www.celttv.com.ar\/index.php\/wp-json\/wp\/v2\/comments?post=81154"}],"version-history":[{"count":2,"href":"https:\/\/www.celttv.com.ar\/index.php\/wp-json\/wp\/v2\/posts\/81154\/revisions"}],"predecessor-version":[{"id":81159,"href":"https:\/\/www.celttv.com.ar\/index.php\/wp-json\/wp\/v2\/posts\/81154\/revisions\/81159"}],"wp:featuredmedia":[{"embeddable":true,"href":"https:\/\/www.celttv.com.ar\/index.php\/wp-json\/wp\/v2\/media\/81158"}],"wp:attachment":[{"href":"https:\/\/www.celttv.com.ar\/index.php\/wp-json\/wp\/v2\/media?parent=81154"}],"wp:term":[{"taxonomy":"category","embeddable":true,"href":"https:\/\/www.celttv.com.ar\/index.php\/wp-json\/wp\/v2\/categories?post=81154"},{"taxonomy":"post_tag","embeddable":true,"href":"https:\/\/www.celttv.com.ar\/index.php\/wp-json\/wp\/v2\/tags?post=81154"}],"curies":[{"name":"wp","href":"https:\/\/api.w.org\/{rel}","templated":true}]}}