{"id":8119,"date":"2012-09-10T21:57:12","date_gmt":"2012-09-10T21:57:12","guid":{"rendered":"http:\/\/www.tvcnoticias.com.ar\/?p=8119"},"modified":"2012-09-10T21:57:12","modified_gmt":"2012-09-10T21:57:12","slug":"homenajes-y-recuerdos-en-el-acto-del-dia-del-maestro","status":"publish","type":"post","link":"https:\/\/www.celttv.com.ar\/index.php\/2012\/09\/10\/homenajes-y-recuerdos-en-el-acto-del-dia-del-maestro\/","title":{"rendered":"HOMENAJES Y RECUERDOS EN EL ACTO DEL DIA DEL MAESTRO"},"content":{"rendered":"<p>El reconocimiento a los 11 docentes que est\u00e1n cumpliendo 25 a\u00f1os junto a la educaci\u00f3n fue uno de los aspectos salientes del acto oficial por el D\u00eda del Maestro, que se celebr\u00f3 en la ma\u00f1ana de hoy frente al busto que recuerda a Domingo Faustino Sarmiento, en el boulevard ubicado delante de la Escuela N\u00b0 1 de la ciudad cabecera del distrito.<br \/>\n\u00a0\u00a0 La iniciativa, organizada por la comunidad educativa, cont\u00f3 con la presencia del intendente municipal, licenciado Gustavo Trankels, integrantes del gabinete comunal, consejeros escolares, concejales, el p\u00e1rroco Norberto L\u00f3pez y autoridades educativas, entre quienes se destaca la inspectora jefe regional, profesora Ana Skolak.<br \/>\n\u00a0\u00a0 El jefe comunal y el secretario de Gobierno y Hacienda, Guillermo L\u00f6ffler, fueron los encargados de entregar los presentes con el cual el municipio homenaje\u00f3 a aquellos docentes que alcanzaron el cuarto de siglo trabajando en el \u00e1mbito educativo. Recibieron el reconocimiento Stella Maris Mufer, Laura Fabiana Rosatelli, Claudia Rosatelli, Jorge Schmidt, Gladys Biolato, Norma Biolato, Nora Astobiza, Sonia Far\u00edas, Marisa Gonz\u00e1lez, Eduardo Gamboa y Ariel Abalos. Tambi\u00e9n le entreg\u00f3 un regalo el Consejo Escolar.<br \/>\n\u00a0\u00a0 \u201cA los docentes que llegaron a los 25 a\u00f1os quiero expresarles un agradecimiento merecido y justo y decirles que es muy bueno tener la posibilidad de homenajearlos en este d\u00eda tan especial. Sarmiento ten\u00eda muy en claro la importancia de la educaci\u00f3n para la formaci\u00f3n de una patria, incipiente en aquel momento. Ese pensamiento marc\u00f3 un rumbo y hoy en d\u00eda es tomado como una sana referencia de lo que es la verdadera construcci\u00f3n de un pa\u00eds\u201d, afirm\u00f3 Trankels durante su alocuci\u00f3n.<br \/>\n\u00a0\u00a0 \u201cReconociendo la importancia que tiene la tarea de cada uno de ustedes, el agradecimiento debe ser p\u00fablico y en todo \u00e1mbito de gobierno reconocido. A todos los maestros que tienen esta tarea tan loable quiero decirles gracias y a los chicos recomendarles que aprovechen la posibilidad de concurrir a los establecimientos educativos y respeten a sus maestros. Por la funci\u00f3n que cumplo tuve la suerte de homenajear a maestros que tuve en mi vida personal y eso es algo que uno se lleva para siempre, no importa la edad que tenga\u201d, a\u00f1adi\u00f3.<br \/>\n\u00a0\u00a0 Ana Skolak, en tanto, hizo especial \u00e9nfasis en la pol\u00edtica educativa y en el rol que desempe\u00f1an los educadores.<br \/>\n\u00a0\u00a0 \u201cNada es posible si no tenemos trabajo en equipo, y sabemos que conformar equipos de trabajo es un desaf\u00edo continuo. Aqu\u00ed tenemos que apostar a la corresponsabilidad, que cada uno pueda desde su funci\u00f3n dar lo mejor de s\u00ed y a la vez articularlo con el resto, adem\u00e1s de trabajar profundamente sobre las relaciones vinculares o de convivencia\u201d, consider\u00f3.<br \/>\n\u00a0\u00a0 \u201cLos problemas de aprendizaje no deben ser tomados como obst\u00e1culos en nuestros caminos, sino como verdaderos desaf\u00edos de ense\u00f1anza. Ese es un p\u00e1rrafo para reflexionar y creo que todos los docentes con lo que trabajamos en conjunto lo vienen haciendo cada vez mejor. Hay un cambio continuo, porque estamos en el siglo de la revoluci\u00f3n de las comunicaciones, y si no tenemos capacitaciones no podremos estar a la altura de las circunstancias\u201d, mencion\u00f3.<br \/>\n\u00a0\u00a0 Tambi\u00e9n fueron muy sentidas las palabras de la profesora Elsa Marasca, vicedirectora de la Escuela Especial N\u00b0 501.<br \/>\n\u00a0\u00a0 \u201cSarmiento demostr\u00f3 que era posible, con esfuerzo y dedicaci\u00f3n, aprender y ense\u00f1ar, y que leer era el cambio que nos conducir\u00eda a la sabidur\u00eda. Tan importante fue la herencia que nos dej\u00f3, que gracias a su iniciativa nos garantiz\u00f3 a todos el poder tener una educaci\u00f3n de libertad de pensamiento, que nos permita elegir y decidir, expresarnos y formarnos y comunicarnos\u201d, destac\u00f3.<br \/>\n\u00a0\u00a0 \u201cNo se es docente por trabajar en el \u00e1mbito educativo. Lo somos porque creemos en el hombre y en la sociedad, y fundamentalmente en la educaci\u00f3n como la \u00fanica herramienta para lograr transformar el mundo, porque ser maestro es lo mejor que sabemos ser y educar es lo mejor que sabemos hacer. Por esta y tantas razones sigamos adelante, sembrando esperanza, formando ciudadanos pensantes, libres, honrados y honestos\u201d, coment\u00f3.<br \/>\n\u00a0\u00a0 La jornada cont\u00f3, adem\u00e1s, con la actuaci\u00f3n de un grupo de chicos del CEF N\u00b0 9, que realizaron una presentaci\u00f3n de gimnasia deportiva, y con una ofrenda floral en el busto de Domingo Faustino Sarmiento, realizada por Beatriz Fidani y Elsa Marasca.<br \/>\n<\/p>\n","protected":false},"excerpt":{"rendered":"<p>El reconocimiento a los 11 docentes que est\u00e1n cumpliendo 25 a\u00f1os junto a la educaci\u00f3n fue uno de los aspectos salientes del acto oficial por el D\u00eda del Maestro, que se celebr\u00f3 en la ma\u00f1ana de hoy frente al busto que recuerda a Domingo Faustino Sarmiento, en el boulevard ubicado delante de la Escuela N\u00b0 [&hellip;]<\/p>\n","protected":false},"author":1,"featured_media":0,"comment_status":"closed","ping_status":"open","sticky":false,"template":"","format":"standard","meta":{"footnotes":""},"categories":[51,52,53],"tags":[],"class_list":["post-8119","post","type-post","status-publish","format-standard","hentry","category-comunidad","category-destacadas","category-politica"],"yoast_head":"<!-- This site is optimized with the Yoast SEO plugin v19.7.1 - https:\/\/yoast.com\/wordpress\/plugins\/seo\/ -->\n<title>HOMENAJES Y RECUERDOS EN EL ACTO DEL DIA DEL MAESTRO - CELTTV<\/title>\n<meta name=\"description\" content=\"Sitio web de noticias de la localidad de Tornquist, provincia de Buenos Aires, Rep\u00fablica Argentina. Contenido propio originado por periodistas de CELTTV, el canal de TV local de la Cooperativa El\u00e9ctrica de Tornquist. Turismo, Pol\u00edtica, Sociedad, Deporte, Cultura y todo el contenido de inter\u00e9s general que la gente del pueblo y la regi\u00f3n debe conocer.\" \/>\n<meta name=\"robots\" content=\"index, follow, max-snippet:-1, max-image-preview:large, max-video-preview:-1\" \/>\n<link rel=\"canonical\" href=\"https:\/\/www.celttv.com.ar\/index.php\/2012\/09\/10\/homenajes-y-recuerdos-en-el-acto-del-dia-del-maestro\/\" \/>\n<meta property=\"og:locale\" content=\"es_ES\" \/>\n<meta property=\"og:type\" content=\"article\" \/>\n<meta property=\"og:title\" content=\"HOMENAJES Y RECUERDOS EN EL ACTO DEL DIA DEL MAESTRO - CELTTV\" \/>\n<meta property=\"og:description\" content=\"Sitio web de noticias de la localidad de Tornquist, provincia de Buenos Aires, Rep\u00fablica Argentina. Contenido propio originado por periodistas de CELTTV, el canal de TV local de la Cooperativa El\u00e9ctrica de Tornquist. Turismo, Pol\u00edtica, Sociedad, Deporte, Cultura y todo el contenido de inter\u00e9s general que la gente del pueblo y la regi\u00f3n debe conocer.\" \/>\n<meta property=\"og:url\" content=\"https:\/\/www.celttv.com.ar\/index.php\/2012\/09\/10\/homenajes-y-recuerdos-en-el-acto-del-dia-del-maestro\/\" \/>\n<meta property=\"og:site_name\" content=\"CELTTV\" \/>\n<meta property=\"article:publisher\" content=\"https:\/\/www.facebook.com\/celtTV\/\" \/>\n<meta property=\"article:published_time\" content=\"2012-09-10T21:57:12+00:00\" \/>\n<meta name=\"author\" content=\"ulises\" \/>\n<meta name=\"twitter:card\" content=\"summary_large_image\" \/>\n<meta name=\"twitter:label1\" content=\"Escrito por\" \/>\n\t<meta name=\"twitter:data1\" content=\"ulises\" \/>\n\t<meta name=\"twitter:label2\" content=\"Tiempo de lectura\" \/>\n\t<meta name=\"twitter:data2\" content=\"4 minutos\" \/>\n<script type=\"application\/ld+json\" class=\"yoast-schema-graph\">{\"@context\":\"https:\/\/schema.org\",\"@graph\":[{\"@type\":\"NewsArticle\",\"@id\":\"https:\/\/www.celttv.com.ar\/index.php\/2012\/09\/10\/homenajes-y-recuerdos-en-el-acto-del-dia-del-maestro\/#article\",\"isPartOf\":{\"@id\":\"https:\/\/www.celttv.com.ar\/index.php\/2012\/09\/10\/homenajes-y-recuerdos-en-el-acto-del-dia-del-maestro\/\"},\"author\":{\"name\":\"ulises\",\"@id\":\"https:\/\/www.celttv.com.ar\/#\/schema\/person\/6d99c072dba59953809c81446e9d0ace\"},\"headline\":\"HOMENAJES Y RECUERDOS EN EL ACTO DEL DIA DEL MAESTRO\",\"datePublished\":\"2012-09-10T21:57:12+00:00\",\"dateModified\":\"2012-09-10T21:57:12+00:00\",\"mainEntityOfPage\":{\"@id\":\"https:\/\/www.celttv.com.ar\/index.php\/2012\/09\/10\/homenajes-y-recuerdos-en-el-acto-del-dia-del-maestro\/\"},\"wordCount\":746,\"publisher\":{\"@id\":\"https:\/\/www.celttv.com.ar\/#organization\"},\"articleSection\":[\"Comunidad\",\"Destacadas\",\"Pol\u00edtica\"],\"inLanguage\":\"es\"},{\"@type\":\"WebPage\",\"@id\":\"https:\/\/www.celttv.com.ar\/index.php\/2012\/09\/10\/homenajes-y-recuerdos-en-el-acto-del-dia-del-maestro\/\",\"url\":\"https:\/\/www.celttv.com.ar\/index.php\/2012\/09\/10\/homenajes-y-recuerdos-en-el-acto-del-dia-del-maestro\/\",\"name\":\"HOMENAJES Y RECUERDOS EN EL ACTO DEL DIA DEL MAESTRO - CELTTV\",\"isPartOf\":{\"@id\":\"https:\/\/www.celttv.com.ar\/#website\"},\"datePublished\":\"2012-09-10T21:57:12+00:00\",\"dateModified\":\"2012-09-10T21:57:12+00:00\",\"description\":\"Sitio web de noticias de la localidad de Tornquist, provincia de Buenos Aires, Rep\u00fablica Argentina. Contenido propio originado por periodistas de CELTTV, el canal de TV local de la Cooperativa El\u00e9ctrica de Tornquist. Turismo, Pol\u00edtica, Sociedad, Deporte, Cultura y todo el contenido de inter\u00e9s general que la gente del pueblo y la regi\u00f3n debe conocer.\",\"breadcrumb\":{\"@id\":\"https:\/\/www.celttv.com.ar\/index.php\/2012\/09\/10\/homenajes-y-recuerdos-en-el-acto-del-dia-del-maestro\/#breadcrumb\"},\"inLanguage\":\"es\",\"potentialAction\":[{\"@type\":\"ReadAction\",\"target\":[\"https:\/\/www.celttv.com.ar\/index.php\/2012\/09\/10\/homenajes-y-recuerdos-en-el-acto-del-dia-del-maestro\/\"]}]},{\"@type\":\"BreadcrumbList\",\"@id\":\"https:\/\/www.celttv.com.ar\/index.php\/2012\/09\/10\/homenajes-y-recuerdos-en-el-acto-del-dia-del-maestro\/#breadcrumb\",\"itemListElement\":[{\"@type\":\"ListItem\",\"position\":1,\"name\":\"Inicio\",\"item\":\"https:\/\/www.celttv.com.ar\/\"},{\"@type\":\"ListItem\",\"position\":2,\"name\":\"HOMENAJES Y RECUERDOS EN EL ACTO DEL DIA DEL MAESTRO\"}]},{\"@type\":\"WebSite\",\"@id\":\"https:\/\/www.celttv.com.ar\/#website\",\"url\":\"https:\/\/www.celttv.com.ar\/\",\"name\":\"CELTTV\",\"description\":\"Cooperativa El\u00e9ctrica de Tornquist\",\"publisher\":{\"@id\":\"https:\/\/www.celttv.com.ar\/#organization\"},\"potentialAction\":[{\"@type\":\"SearchAction\",\"target\":{\"@type\":\"EntryPoint\",\"urlTemplate\":\"https:\/\/www.celttv.com.ar\/?s={search_term_string}\"},\"query-input\":\"required name=search_term_string\"}],\"inLanguage\":\"es\"},{\"@type\":\"Organization\",\"@id\":\"https:\/\/www.celttv.com.ar\/#organization\",\"name\":\"CELTTV\",\"url\":\"https:\/\/www.celttv.com.ar\/\",\"sameAs\":[\"https:\/\/www.youtube.com\/channel\/UCz_oIt8Hig64Ub-EmcNPIhg\",\"https:\/\/www.facebook.com\/celtTV\/\"],\"logo\":{\"@type\":\"ImageObject\",\"inLanguage\":\"es\",\"@id\":\"https:\/\/www.celttv.com.ar\/#\/schema\/logo\/image\/\",\"url\":\"http:\/\/www.celttv.com.ar\/wp-content\/uploads\/2022\/08\/logo-1.png\",\"contentUrl\":\"http:\/\/www.celttv.com.ar\/wp-content\/uploads\/2022\/08\/logo-1.png\",\"width\":461,\"height\":159,\"caption\":\"CELTTV\"},\"image\":{\"@id\":\"https:\/\/www.celttv.com.ar\/#\/schema\/logo\/image\/\"}},{\"@type\":\"Person\",\"@id\":\"https:\/\/www.celttv.com.ar\/#\/schema\/person\/6d99c072dba59953809c81446e9d0ace\",\"name\":\"ulises\",\"image\":{\"@type\":\"ImageObject\",\"inLanguage\":\"es\",\"@id\":\"https:\/\/www.celttv.com.ar\/#\/schema\/person\/image\/\",\"url\":\"https:\/\/secure.gravatar.com\/avatar\/7f2c48bdc33b30088f941fb6082e555f2874c98e20cb159d7b92b50eadfce793?s=96&d=mm&r=g\",\"contentUrl\":\"https:\/\/secure.gravatar.com\/avatar\/7f2c48bdc33b30088f941fb6082e555f2874c98e20cb159d7b92b50eadfce793?s=96&d=mm&r=g\",\"caption\":\"ulises\"},\"sameAs\":[\"http:\/\/www.celttv.com.ar\"]}]}<\/script>\n<!-- \/ Yoast SEO plugin. -->","yoast_head_json":{"title":"HOMENAJES Y RECUERDOS EN EL ACTO DEL DIA DEL MAESTRO - CELTTV","description":"Sitio web de noticias de la localidad de Tornquist, provincia de Buenos Aires, Rep\u00fablica Argentina. Contenido propio originado por periodistas de CELTTV, el canal de TV local de la Cooperativa El\u00e9ctrica de Tornquist. Turismo, Pol\u00edtica, Sociedad, Deporte, Cultura y todo el contenido de inter\u00e9s general que la gente del pueblo y la regi\u00f3n debe conocer.","robots":{"index":"index","follow":"follow","max-snippet":"max-snippet:-1","max-image-preview":"max-image-preview:large","max-video-preview":"max-video-preview:-1"},"canonical":"https:\/\/www.celttv.com.ar\/index.php\/2012\/09\/10\/homenajes-y-recuerdos-en-el-acto-del-dia-del-maestro\/","og_locale":"es_ES","og_type":"article","og_title":"HOMENAJES Y RECUERDOS EN EL ACTO DEL DIA DEL MAESTRO - CELTTV","og_description":"Sitio web de noticias de la localidad de Tornquist, provincia de Buenos Aires, Rep\u00fablica Argentina. Contenido propio originado por periodistas de CELTTV, el canal de TV local de la Cooperativa El\u00e9ctrica de Tornquist. Turismo, Pol\u00edtica, Sociedad, Deporte, Cultura y todo el contenido de inter\u00e9s general que la gente del pueblo y la regi\u00f3n debe conocer.","og_url":"https:\/\/www.celttv.com.ar\/index.php\/2012\/09\/10\/homenajes-y-recuerdos-en-el-acto-del-dia-del-maestro\/","og_site_name":"CELTTV","article_publisher":"https:\/\/www.facebook.com\/celtTV\/","article_published_time":"2012-09-10T21:57:12+00:00","author":"ulises","twitter_card":"summary_large_image","twitter_misc":{"Escrito por":"ulises","Tiempo de lectura":"4 minutos"},"schema":{"@context":"https:\/\/schema.org","@graph":[{"@type":"NewsArticle","@id":"https:\/\/www.celttv.com.ar\/index.php\/2012\/09\/10\/homenajes-y-recuerdos-en-el-acto-del-dia-del-maestro\/#article","isPartOf":{"@id":"https:\/\/www.celttv.com.ar\/index.php\/2012\/09\/10\/homenajes-y-recuerdos-en-el-acto-del-dia-del-maestro\/"},"author":{"name":"ulises","@id":"https:\/\/www.celttv.com.ar\/#\/schema\/person\/6d99c072dba59953809c81446e9d0ace"},"headline":"HOMENAJES Y RECUERDOS EN EL ACTO DEL DIA DEL MAESTRO","datePublished":"2012-09-10T21:57:12+00:00","dateModified":"2012-09-10T21:57:12+00:00","mainEntityOfPage":{"@id":"https:\/\/www.celttv.com.ar\/index.php\/2012\/09\/10\/homenajes-y-recuerdos-en-el-acto-del-dia-del-maestro\/"},"wordCount":746,"publisher":{"@id":"https:\/\/www.celttv.com.ar\/#organization"},"articleSection":["Comunidad","Destacadas","Pol\u00edtica"],"inLanguage":"es"},{"@type":"WebPage","@id":"https:\/\/www.celttv.com.ar\/index.php\/2012\/09\/10\/homenajes-y-recuerdos-en-el-acto-del-dia-del-maestro\/","url":"https:\/\/www.celttv.com.ar\/index.php\/2012\/09\/10\/homenajes-y-recuerdos-en-el-acto-del-dia-del-maestro\/","name":"HOMENAJES Y RECUERDOS EN EL ACTO DEL DIA DEL MAESTRO - CELTTV","isPartOf":{"@id":"https:\/\/www.celttv.com.ar\/#website"},"datePublished":"2012-09-10T21:57:12+00:00","dateModified":"2012-09-10T21:57:12+00:00","description":"Sitio web de noticias de la localidad de Tornquist, provincia de Buenos Aires, Rep\u00fablica Argentina. Contenido propio originado por periodistas de CELTTV, el canal de TV local de la Cooperativa El\u00e9ctrica de Tornquist. Turismo, Pol\u00edtica, Sociedad, Deporte, Cultura y todo el contenido de inter\u00e9s general que la gente del pueblo y la regi\u00f3n debe conocer.","breadcrumb":{"@id":"https:\/\/www.celttv.com.ar\/index.php\/2012\/09\/10\/homenajes-y-recuerdos-en-el-acto-del-dia-del-maestro\/#breadcrumb"},"inLanguage":"es","potentialAction":[{"@type":"ReadAction","target":["https:\/\/www.celttv.com.ar\/index.php\/2012\/09\/10\/homenajes-y-recuerdos-en-el-acto-del-dia-del-maestro\/"]}]},{"@type":"BreadcrumbList","@id":"https:\/\/www.celttv.com.ar\/index.php\/2012\/09\/10\/homenajes-y-recuerdos-en-el-acto-del-dia-del-maestro\/#breadcrumb","itemListElement":[{"@type":"ListItem","position":1,"name":"Inicio","item":"https:\/\/www.celttv.com.ar\/"},{"@type":"ListItem","position":2,"name":"HOMENAJES Y RECUERDOS EN EL ACTO DEL DIA DEL MAESTRO"}]},{"@type":"WebSite","@id":"https:\/\/www.celttv.com.ar\/#website","url":"https:\/\/www.celttv.com.ar\/","name":"CELTTV","description":"Cooperativa El\u00e9ctrica de Tornquist","publisher":{"@id":"https:\/\/www.celttv.com.ar\/#organization"},"potentialAction":[{"@type":"SearchAction","target":{"@type":"EntryPoint","urlTemplate":"https:\/\/www.celttv.com.ar\/?s={search_term_string}"},"query-input":"required name=search_term_string"}],"inLanguage":"es"},{"@type":"Organization","@id":"https:\/\/www.celttv.com.ar\/#organization","name":"CELTTV","url":"https:\/\/www.celttv.com.ar\/","sameAs":["https:\/\/www.youtube.com\/channel\/UCz_oIt8Hig64Ub-EmcNPIhg","https:\/\/www.facebook.com\/celtTV\/"],"logo":{"@type":"ImageObject","inLanguage":"es","@id":"https:\/\/www.celttv.com.ar\/#\/schema\/logo\/image\/","url":"http:\/\/www.celttv.com.ar\/wp-content\/uploads\/2022\/08\/logo-1.png","contentUrl":"http:\/\/www.celttv.com.ar\/wp-content\/uploads\/2022\/08\/logo-1.png","width":461,"height":159,"caption":"CELTTV"},"image":{"@id":"https:\/\/www.celttv.com.ar\/#\/schema\/logo\/image\/"}},{"@type":"Person","@id":"https:\/\/www.celttv.com.ar\/#\/schema\/person\/6d99c072dba59953809c81446e9d0ace","name":"ulises","image":{"@type":"ImageObject","inLanguage":"es","@id":"https:\/\/www.celttv.com.ar\/#\/schema\/person\/image\/","url":"https:\/\/secure.gravatar.com\/avatar\/7f2c48bdc33b30088f941fb6082e555f2874c98e20cb159d7b92b50eadfce793?s=96&d=mm&r=g","contentUrl":"https:\/\/secure.gravatar.com\/avatar\/7f2c48bdc33b30088f941fb6082e555f2874c98e20cb159d7b92b50eadfce793?s=96&d=mm&r=g","caption":"ulises"},"sameAs":["http:\/\/www.celttv.com.ar"]}]}},"_links":{"self":[{"href":"https:\/\/www.celttv.com.ar\/index.php\/wp-json\/wp\/v2\/posts\/8119","targetHints":{"allow":["GET"]}}],"collection":[{"href":"https:\/\/www.celttv.com.ar\/index.php\/wp-json\/wp\/v2\/posts"}],"about":[{"href":"https:\/\/www.celttv.com.ar\/index.php\/wp-json\/wp\/v2\/types\/post"}],"author":[{"embeddable":true,"href":"https:\/\/www.celttv.com.ar\/index.php\/wp-json\/wp\/v2\/users\/1"}],"replies":[{"embeddable":true,"href":"https:\/\/www.celttv.com.ar\/index.php\/wp-json\/wp\/v2\/comments?post=8119"}],"version-history":[{"count":0,"href":"https:\/\/www.celttv.com.ar\/index.php\/wp-json\/wp\/v2\/posts\/8119\/revisions"}],"wp:attachment":[{"href":"https:\/\/www.celttv.com.ar\/index.php\/wp-json\/wp\/v2\/media?parent=8119"}],"wp:term":[{"taxonomy":"category","embeddable":true,"href":"https:\/\/www.celttv.com.ar\/index.php\/wp-json\/wp\/v2\/categories?post=8119"},{"taxonomy":"post_tag","embeddable":true,"href":"https:\/\/www.celttv.com.ar\/index.php\/wp-json\/wp\/v2\/tags?post=8119"}],"curies":[{"name":"wp","href":"https:\/\/api.w.org\/{rel}","templated":true}]}}