{"id":81224,"date":"2024-01-03T17:16:09","date_gmt":"2024-01-03T20:16:09","guid":{"rendered":"http:\/\/www.celttv.com.ar\/?p=81224"},"modified":"2024-01-03T17:16:09","modified_gmt":"2024-01-03T20:16:09","slug":"se-viene-la-60o-fiesta-provincial-de-reyes-magos-en-sierra-de-la-ventana","status":"publish","type":"post","link":"https:\/\/www.celttv.com.ar\/index.php\/2024\/01\/03\/se-viene-la-60o-fiesta-provincial-de-reyes-magos-en-sierra-de-la-ventana\/","title":{"rendered":"Se viene la 60\u00ba Fiesta Provincial de Reyes Magos en Sierra de la Ventana"},"content":{"rendered":"<p>Como hace seis d\u00e9cadas de manera ininterrumpida, el 5 de enero Melchor, Gaspar y Baltazar pasar\u00e1n por Sierra de la Ventana, en lo que ser\u00e1 la 60\u00ba Fiesta Provincial de Reyes Magos.<\/p>\n<p>Con la organizaci\u00f3n de una comisi\u00f3n de festejos y colaboraci\u00f3n de Tornquist Municipio, la cita ser\u00e1 en el Centro Cultural, donde la espera del arribo de los reyes estar\u00e1 acompa\u00f1ada por una interesante propuesta art\u00edstica desde las 19.30 hs y que continuar\u00e1 el s\u00e1bado 6.<\/p>\n<p>Viernes 5 \u2013 19.30 hs:<\/p>\n<p>-Homenaje a Oscar Kaltembach y Ren\u00e9 Dolera<\/p>\n<p>-Espect\u00e1culo infantil \u2018Vuelta Canela\u2019 (Programa Recreo de la Provincia de Buenos Aires)<\/p>\n<p>-Llegada de los Reyes \u2013 Show de fuegos artificiales sin ruido;<\/p>\n<p>-Entrega de juguetes y fotos con los Reyes;<\/p>\n<p>-Show de \u2018Viento Sur\u2019.<\/p>\n<p>S\u00e1bado 6 \u2013 20.30 hs:<\/p>\n<p>-Aparceros;<\/p>\n<p>-Beatles en vivo;<\/p>\n<p>-Lo Luiggi.<\/p>\n<p>En el predio se podr\u00e1 encontrar una gran oferta gastron\u00f3mica, con un patio de comidas yfoods trucks, paseo de artesanos y parque de juegos.<\/p>\n<p><img loading=\"lazy\" decoding=\"async\" class=\"alignnone wp-image-81225 size-full\" src=\"http:\/\/www.celttv.com.ar\/wp-content\/uploads\/2024\/01\/Fiesta-de-Reyes-Sierra.jpg\" alt=\"\" width=\"1600\" height=\"1588\" srcset=\"https:\/\/www.celttv.com.ar\/wp-content\/uploads\/2024\/01\/Fiesta-de-Reyes-Sierra.jpg 1600w, https:\/\/www.celttv.com.ar\/wp-content\/uploads\/2024\/01\/Fiesta-de-Reyes-Sierra-300x298.jpg 300w, https:\/\/www.celttv.com.ar\/wp-content\/uploads\/2024\/01\/Fiesta-de-Reyes-Sierra-1024x1016.jpg 1024w, https:\/\/www.celttv.com.ar\/wp-content\/uploads\/2024\/01\/Fiesta-de-Reyes-Sierra-150x150.jpg 150w, https:\/\/www.celttv.com.ar\/wp-content\/uploads\/2024\/01\/Fiesta-de-Reyes-Sierra-768x762.jpg 768w, https:\/\/www.celttv.com.ar\/wp-content\/uploads\/2024\/01\/Fiesta-de-Reyes-Sierra-1536x1524.jpg 1536w, https:\/\/www.celttv.com.ar\/wp-content\/uploads\/2024\/01\/Fiesta-de-Reyes-Sierra-75x75.jpg 75w, https:\/\/www.celttv.com.ar\/wp-content\/uploads\/2024\/01\/Fiesta-de-Reyes-Sierra-750x744.jpg 750w, https:\/\/www.celttv.com.ar\/wp-content\/uploads\/2024\/01\/Fiesta-de-Reyes-Sierra-1140x1131.jpg 1140w\" sizes=\"auto, (max-width: 1600px) 100vw, 1600px\" \/> <img loading=\"lazy\" decoding=\"async\" class=\"alignnone wp-image-81226 size-full\" src=\"http:\/\/www.celttv.com.ar\/wp-content\/uploads\/2024\/01\/Vuelta-Canela.jpg\" alt=\"\" width=\"1080\" height=\"1080\" srcset=\"https:\/\/www.celttv.com.ar\/wp-content\/uploads\/2024\/01\/Vuelta-Canela.jpg 1080w, https:\/\/www.celttv.com.ar\/wp-content\/uploads\/2024\/01\/Vuelta-Canela-300x300.jpg 300w, https:\/\/www.celttv.com.ar\/wp-content\/uploads\/2024\/01\/Vuelta-Canela-1024x1024.jpg 1024w, https:\/\/www.celttv.com.ar\/wp-content\/uploads\/2024\/01\/Vuelta-Canela-150x150.jpg 150w, https:\/\/www.celttv.com.ar\/wp-content\/uploads\/2024\/01\/Vuelta-Canela-768x768.jpg 768w, https:\/\/www.celttv.com.ar\/wp-content\/uploads\/2024\/01\/Vuelta-Canela-75x75.jpg 75w, https:\/\/www.celttv.com.ar\/wp-content\/uploads\/2024\/01\/Vuelta-Canela-750x750.jpg 750w\" sizes=\"auto, (max-width: 1080px) 100vw, 1080px\" \/><\/p>\n","protected":false},"excerpt":{"rendered":"<p>Como hace seis d\u00e9cadas de manera ininterrumpida, el 5 de enero Melchor, Gaspar y Baltazar pasar\u00e1n por Sierra de la Ventana, en lo que ser\u00e1 la 60\u00ba Fiesta Provincial de Reyes Magos. Con la organizaci\u00f3n de una comisi\u00f3n de festejos y colaboraci\u00f3n de Tornquist Municipio, la cita ser\u00e1 en el Centro Cultural, donde la espera [&hellip;]<\/p>\n","protected":false},"author":5,"featured_media":81225,"comment_status":"closed","ping_status":"closed","sticky":false,"template":"","format":"standard","meta":{"footnotes":""},"categories":[52,56,59],"tags":[],"class_list":["post-81224","post","type-post","status-publish","format-standard","has-post-thumbnail","hentry","category-destacadas","category-espectaculos","category-municipales"],"yoast_head":"<!-- This site is optimized with the Yoast SEO plugin v19.7.1 - https:\/\/yoast.com\/wordpress\/plugins\/seo\/ -->\n<title>Se viene la 60\u00ba Fiesta Provincial de Reyes Magos en Sierra de la Ventana - CELTTV<\/title>\n<meta name=\"description\" content=\"Sitio web de noticias de la localidad de Tornquist, provincia de Buenos Aires, Rep\u00fablica Argentina. Contenido propio originado por periodistas de CELTTV, el canal de TV local de la Cooperativa El\u00e9ctrica de Tornquist. Turismo, Pol\u00edtica, Sociedad, Deporte, Cultura y todo el contenido de inter\u00e9s general que la gente del pueblo y la regi\u00f3n debe conocer.\" \/>\n<meta name=\"robots\" content=\"index, follow, max-snippet:-1, max-image-preview:large, max-video-preview:-1\" \/>\n<link rel=\"canonical\" href=\"https:\/\/www.celttv.com.ar\/index.php\/2024\/01\/03\/se-viene-la-60o-fiesta-provincial-de-reyes-magos-en-sierra-de-la-ventana\/\" \/>\n<meta property=\"og:locale\" content=\"es_ES\" \/>\n<meta property=\"og:type\" content=\"article\" \/>\n<meta property=\"og:title\" content=\"Se viene la 60\u00ba Fiesta Provincial de Reyes Magos en Sierra de la Ventana - CELTTV\" \/>\n<meta property=\"og:description\" content=\"Sitio web de noticias de la localidad de Tornquist, provincia de Buenos Aires, Rep\u00fablica Argentina. Contenido propio originado por periodistas de CELTTV, el canal de TV local de la Cooperativa El\u00e9ctrica de Tornquist. Turismo, Pol\u00edtica, Sociedad, Deporte, Cultura y todo el contenido de inter\u00e9s general que la gente del pueblo y la regi\u00f3n debe conocer.\" \/>\n<meta property=\"og:url\" content=\"https:\/\/www.celttv.com.ar\/index.php\/2024\/01\/03\/se-viene-la-60o-fiesta-provincial-de-reyes-magos-en-sierra-de-la-ventana\/\" \/>\n<meta property=\"og:site_name\" content=\"CELTTV\" \/>\n<meta property=\"article:publisher\" content=\"https:\/\/www.facebook.com\/celtTV\/\" \/>\n<meta property=\"article:published_time\" content=\"2024-01-03T20:16:09+00:00\" \/>\n<meta property=\"og:image\" content=\"https:\/\/www.celttv.com.ar\/wp-content\/uploads\/2024\/01\/Fiesta-de-Reyes-Sierra.jpg\" \/>\n\t<meta property=\"og:image:width\" content=\"1600\" \/>\n\t<meta property=\"og:image:height\" content=\"1588\" \/>\n\t<meta property=\"og:image:type\" content=\"image\/jpeg\" \/>\n<meta name=\"author\" content=\"Miguel Herrada\" \/>\n<meta name=\"twitter:card\" content=\"summary_large_image\" \/>\n<meta name=\"twitter:label1\" content=\"Escrito por\" \/>\n\t<meta name=\"twitter:data1\" content=\"Miguel Herrada\" \/>\n\t<meta name=\"twitter:label2\" content=\"Tiempo de lectura\" \/>\n\t<meta name=\"twitter:data2\" content=\"1 minuto\" \/>\n<script type=\"application\/ld+json\" class=\"yoast-schema-graph\">{\"@context\":\"https:\/\/schema.org\",\"@graph\":[{\"@type\":\"NewsArticle\",\"@id\":\"https:\/\/www.celttv.com.ar\/index.php\/2024\/01\/03\/se-viene-la-60o-fiesta-provincial-de-reyes-magos-en-sierra-de-la-ventana\/#article\",\"isPartOf\":{\"@id\":\"https:\/\/www.celttv.com.ar\/index.php\/2024\/01\/03\/se-viene-la-60o-fiesta-provincial-de-reyes-magos-en-sierra-de-la-ventana\/\"},\"author\":{\"name\":\"Miguel Herrada\",\"@id\":\"https:\/\/www.celttv.com.ar\/#\/schema\/person\/9059dc91dc7204ef4182cdb65225f07d\"},\"headline\":\"Se viene la 60\u00ba Fiesta Provincial de Reyes Magos en Sierra de la Ventana\",\"datePublished\":\"2024-01-03T20:16:09+00:00\",\"dateModified\":\"2024-01-03T20:16:09+00:00\",\"mainEntityOfPage\":{\"@id\":\"https:\/\/www.celttv.com.ar\/index.php\/2024\/01\/03\/se-viene-la-60o-fiesta-provincial-de-reyes-magos-en-sierra-de-la-ventana\/\"},\"wordCount\":172,\"publisher\":{\"@id\":\"https:\/\/www.celttv.com.ar\/#organization\"},\"articleSection\":[\"Destacadas\",\"Espect\u00e1culos\",\"Municipales\"],\"inLanguage\":\"es\"},{\"@type\":\"WebPage\",\"@id\":\"https:\/\/www.celttv.com.ar\/index.php\/2024\/01\/03\/se-viene-la-60o-fiesta-provincial-de-reyes-magos-en-sierra-de-la-ventana\/\",\"url\":\"https:\/\/www.celttv.com.ar\/index.php\/2024\/01\/03\/se-viene-la-60o-fiesta-provincial-de-reyes-magos-en-sierra-de-la-ventana\/\",\"name\":\"Se viene la 60\u00ba Fiesta Provincial de Reyes Magos en Sierra de la Ventana - CELTTV\",\"isPartOf\":{\"@id\":\"https:\/\/www.celttv.com.ar\/#website\"},\"datePublished\":\"2024-01-03T20:16:09+00:00\",\"dateModified\":\"2024-01-03T20:16:09+00:00\",\"description\":\"Sitio web de noticias de la localidad de Tornquist, provincia de Buenos Aires, Rep\u00fablica Argentina. Contenido propio originado por periodistas de CELTTV, el canal de TV local de la Cooperativa El\u00e9ctrica de Tornquist. Turismo, Pol\u00edtica, Sociedad, Deporte, Cultura y todo el contenido de inter\u00e9s general que la gente del pueblo y la regi\u00f3n debe conocer.\",\"breadcrumb\":{\"@id\":\"https:\/\/www.celttv.com.ar\/index.php\/2024\/01\/03\/se-viene-la-60o-fiesta-provincial-de-reyes-magos-en-sierra-de-la-ventana\/#breadcrumb\"},\"inLanguage\":\"es\",\"potentialAction\":[{\"@type\":\"ReadAction\",\"target\":[\"https:\/\/www.celttv.com.ar\/index.php\/2024\/01\/03\/se-viene-la-60o-fiesta-provincial-de-reyes-magos-en-sierra-de-la-ventana\/\"]}]},{\"@type\":\"BreadcrumbList\",\"@id\":\"https:\/\/www.celttv.com.ar\/index.php\/2024\/01\/03\/se-viene-la-60o-fiesta-provincial-de-reyes-magos-en-sierra-de-la-ventana\/#breadcrumb\",\"itemListElement\":[{\"@type\":\"ListItem\",\"position\":1,\"name\":\"Inicio\",\"item\":\"https:\/\/www.celttv.com.ar\/\"},{\"@type\":\"ListItem\",\"position\":2,\"name\":\"Se viene la 60\u00ba Fiesta Provincial de Reyes Magos en Sierra de la Ventana\"}]},{\"@type\":\"WebSite\",\"@id\":\"https:\/\/www.celttv.com.ar\/#website\",\"url\":\"https:\/\/www.celttv.com.ar\/\",\"name\":\"CELTTV\",\"description\":\"Cooperativa El\u00e9ctrica de Tornquist\",\"publisher\":{\"@id\":\"https:\/\/www.celttv.com.ar\/#organization\"},\"potentialAction\":[{\"@type\":\"SearchAction\",\"target\":{\"@type\":\"EntryPoint\",\"urlTemplate\":\"https:\/\/www.celttv.com.ar\/?s={search_term_string}\"},\"query-input\":\"required name=search_term_string\"}],\"inLanguage\":\"es\"},{\"@type\":\"Organization\",\"@id\":\"https:\/\/www.celttv.com.ar\/#organization\",\"name\":\"CELTTV\",\"url\":\"https:\/\/www.celttv.com.ar\/\",\"sameAs\":[\"https:\/\/www.youtube.com\/channel\/UCz_oIt8Hig64Ub-EmcNPIhg\",\"https:\/\/www.facebook.com\/celtTV\/\"],\"logo\":{\"@type\":\"ImageObject\",\"inLanguage\":\"es\",\"@id\":\"https:\/\/www.celttv.com.ar\/#\/schema\/logo\/image\/\",\"url\":\"http:\/\/www.celttv.com.ar\/wp-content\/uploads\/2022\/08\/logo-1.png\",\"contentUrl\":\"http:\/\/www.celttv.com.ar\/wp-content\/uploads\/2022\/08\/logo-1.png\",\"width\":461,\"height\":159,\"caption\":\"CELTTV\"},\"image\":{\"@id\":\"https:\/\/www.celttv.com.ar\/#\/schema\/logo\/image\/\"}},{\"@type\":\"Person\",\"@id\":\"https:\/\/www.celttv.com.ar\/#\/schema\/person\/9059dc91dc7204ef4182cdb65225f07d\",\"name\":\"Miguel Herrada\",\"image\":{\"@type\":\"ImageObject\",\"inLanguage\":\"es\",\"@id\":\"https:\/\/www.celttv.com.ar\/#\/schema\/person\/image\/\",\"url\":\"https:\/\/secure.gravatar.com\/avatar\/67724d5b3c716623ffd76bec7e45841a442ac3b456e914dbba90b0fad2b8e0b1?s=96&d=mm&r=g\",\"contentUrl\":\"https:\/\/secure.gravatar.com\/avatar\/67724d5b3c716623ffd76bec7e45841a442ac3b456e914dbba90b0fad2b8e0b1?s=96&d=mm&r=g\",\"caption\":\"Miguel Herrada\"}}]}<\/script>\n<!-- \/ Yoast SEO plugin. -->","yoast_head_json":{"title":"Se viene la 60\u00ba Fiesta Provincial de Reyes Magos en Sierra de la Ventana - CELTTV","description":"Sitio web de noticias de la localidad de Tornquist, provincia de Buenos Aires, Rep\u00fablica Argentina. Contenido propio originado por periodistas de CELTTV, el canal de TV local de la Cooperativa El\u00e9ctrica de Tornquist. Turismo, Pol\u00edtica, Sociedad, Deporte, Cultura y todo el contenido de inter\u00e9s general que la gente del pueblo y la regi\u00f3n debe conocer.","robots":{"index":"index","follow":"follow","max-snippet":"max-snippet:-1","max-image-preview":"max-image-preview:large","max-video-preview":"max-video-preview:-1"},"canonical":"https:\/\/www.celttv.com.ar\/index.php\/2024\/01\/03\/se-viene-la-60o-fiesta-provincial-de-reyes-magos-en-sierra-de-la-ventana\/","og_locale":"es_ES","og_type":"article","og_title":"Se viene la 60\u00ba Fiesta Provincial de Reyes Magos en Sierra de la Ventana - CELTTV","og_description":"Sitio web de noticias de la localidad de Tornquist, provincia de Buenos Aires, Rep\u00fablica Argentina. Contenido propio originado por periodistas de CELTTV, el canal de TV local de la Cooperativa El\u00e9ctrica de Tornquist. Turismo, Pol\u00edtica, Sociedad, Deporte, Cultura y todo el contenido de inter\u00e9s general que la gente del pueblo y la regi\u00f3n debe conocer.","og_url":"https:\/\/www.celttv.com.ar\/index.php\/2024\/01\/03\/se-viene-la-60o-fiesta-provincial-de-reyes-magos-en-sierra-de-la-ventana\/","og_site_name":"CELTTV","article_publisher":"https:\/\/www.facebook.com\/celtTV\/","article_published_time":"2024-01-03T20:16:09+00:00","og_image":[{"width":1600,"height":1588,"url":"https:\/\/www.celttv.com.ar\/wp-content\/uploads\/2024\/01\/Fiesta-de-Reyes-Sierra.jpg","type":"image\/jpeg"}],"author":"Miguel Herrada","twitter_card":"summary_large_image","twitter_misc":{"Escrito por":"Miguel Herrada","Tiempo de lectura":"1 minuto"},"schema":{"@context":"https:\/\/schema.org","@graph":[{"@type":"NewsArticle","@id":"https:\/\/www.celttv.com.ar\/index.php\/2024\/01\/03\/se-viene-la-60o-fiesta-provincial-de-reyes-magos-en-sierra-de-la-ventana\/#article","isPartOf":{"@id":"https:\/\/www.celttv.com.ar\/index.php\/2024\/01\/03\/se-viene-la-60o-fiesta-provincial-de-reyes-magos-en-sierra-de-la-ventana\/"},"author":{"name":"Miguel Herrada","@id":"https:\/\/www.celttv.com.ar\/#\/schema\/person\/9059dc91dc7204ef4182cdb65225f07d"},"headline":"Se viene la 60\u00ba Fiesta Provincial de Reyes Magos en Sierra de la Ventana","datePublished":"2024-01-03T20:16:09+00:00","dateModified":"2024-01-03T20:16:09+00:00","mainEntityOfPage":{"@id":"https:\/\/www.celttv.com.ar\/index.php\/2024\/01\/03\/se-viene-la-60o-fiesta-provincial-de-reyes-magos-en-sierra-de-la-ventana\/"},"wordCount":172,"publisher":{"@id":"https:\/\/www.celttv.com.ar\/#organization"},"articleSection":["Destacadas","Espect\u00e1culos","Municipales"],"inLanguage":"es"},{"@type":"WebPage","@id":"https:\/\/www.celttv.com.ar\/index.php\/2024\/01\/03\/se-viene-la-60o-fiesta-provincial-de-reyes-magos-en-sierra-de-la-ventana\/","url":"https:\/\/www.celttv.com.ar\/index.php\/2024\/01\/03\/se-viene-la-60o-fiesta-provincial-de-reyes-magos-en-sierra-de-la-ventana\/","name":"Se viene la 60\u00ba Fiesta Provincial de Reyes Magos en Sierra de la Ventana - CELTTV","isPartOf":{"@id":"https:\/\/www.celttv.com.ar\/#website"},"datePublished":"2024-01-03T20:16:09+00:00","dateModified":"2024-01-03T20:16:09+00:00","description":"Sitio web de noticias de la localidad de Tornquist, provincia de Buenos Aires, Rep\u00fablica Argentina. Contenido propio originado por periodistas de CELTTV, el canal de TV local de la Cooperativa El\u00e9ctrica de Tornquist. Turismo, Pol\u00edtica, Sociedad, Deporte, Cultura y todo el contenido de inter\u00e9s general que la gente del pueblo y la regi\u00f3n debe conocer.","breadcrumb":{"@id":"https:\/\/www.celttv.com.ar\/index.php\/2024\/01\/03\/se-viene-la-60o-fiesta-provincial-de-reyes-magos-en-sierra-de-la-ventana\/#breadcrumb"},"inLanguage":"es","potentialAction":[{"@type":"ReadAction","target":["https:\/\/www.celttv.com.ar\/index.php\/2024\/01\/03\/se-viene-la-60o-fiesta-provincial-de-reyes-magos-en-sierra-de-la-ventana\/"]}]},{"@type":"BreadcrumbList","@id":"https:\/\/www.celttv.com.ar\/index.php\/2024\/01\/03\/se-viene-la-60o-fiesta-provincial-de-reyes-magos-en-sierra-de-la-ventana\/#breadcrumb","itemListElement":[{"@type":"ListItem","position":1,"name":"Inicio","item":"https:\/\/www.celttv.com.ar\/"},{"@type":"ListItem","position":2,"name":"Se viene la 60\u00ba Fiesta Provincial de Reyes Magos en Sierra de la Ventana"}]},{"@type":"WebSite","@id":"https:\/\/www.celttv.com.ar\/#website","url":"https:\/\/www.celttv.com.ar\/","name":"CELTTV","description":"Cooperativa El\u00e9ctrica de Tornquist","publisher":{"@id":"https:\/\/www.celttv.com.ar\/#organization"},"potentialAction":[{"@type":"SearchAction","target":{"@type":"EntryPoint","urlTemplate":"https:\/\/www.celttv.com.ar\/?s={search_term_string}"},"query-input":"required name=search_term_string"}],"inLanguage":"es"},{"@type":"Organization","@id":"https:\/\/www.celttv.com.ar\/#organization","name":"CELTTV","url":"https:\/\/www.celttv.com.ar\/","sameAs":["https:\/\/www.youtube.com\/channel\/UCz_oIt8Hig64Ub-EmcNPIhg","https:\/\/www.facebook.com\/celtTV\/"],"logo":{"@type":"ImageObject","inLanguage":"es","@id":"https:\/\/www.celttv.com.ar\/#\/schema\/logo\/image\/","url":"http:\/\/www.celttv.com.ar\/wp-content\/uploads\/2022\/08\/logo-1.png","contentUrl":"http:\/\/www.celttv.com.ar\/wp-content\/uploads\/2022\/08\/logo-1.png","width":461,"height":159,"caption":"CELTTV"},"image":{"@id":"https:\/\/www.celttv.com.ar\/#\/schema\/logo\/image\/"}},{"@type":"Person","@id":"https:\/\/www.celttv.com.ar\/#\/schema\/person\/9059dc91dc7204ef4182cdb65225f07d","name":"Miguel Herrada","image":{"@type":"ImageObject","inLanguage":"es","@id":"https:\/\/www.celttv.com.ar\/#\/schema\/person\/image\/","url":"https:\/\/secure.gravatar.com\/avatar\/67724d5b3c716623ffd76bec7e45841a442ac3b456e914dbba90b0fad2b8e0b1?s=96&d=mm&r=g","contentUrl":"https:\/\/secure.gravatar.com\/avatar\/67724d5b3c716623ffd76bec7e45841a442ac3b456e914dbba90b0fad2b8e0b1?s=96&d=mm&r=g","caption":"Miguel Herrada"}}]}},"_links":{"self":[{"href":"https:\/\/www.celttv.com.ar\/index.php\/wp-json\/wp\/v2\/posts\/81224","targetHints":{"allow":["GET"]}}],"collection":[{"href":"https:\/\/www.celttv.com.ar\/index.php\/wp-json\/wp\/v2\/posts"}],"about":[{"href":"https:\/\/www.celttv.com.ar\/index.php\/wp-json\/wp\/v2\/types\/post"}],"author":[{"embeddable":true,"href":"https:\/\/www.celttv.com.ar\/index.php\/wp-json\/wp\/v2\/users\/5"}],"replies":[{"embeddable":true,"href":"https:\/\/www.celttv.com.ar\/index.php\/wp-json\/wp\/v2\/comments?post=81224"}],"version-history":[{"count":1,"href":"https:\/\/www.celttv.com.ar\/index.php\/wp-json\/wp\/v2\/posts\/81224\/revisions"}],"predecessor-version":[{"id":81227,"href":"https:\/\/www.celttv.com.ar\/index.php\/wp-json\/wp\/v2\/posts\/81224\/revisions\/81227"}],"wp:featuredmedia":[{"embeddable":true,"href":"https:\/\/www.celttv.com.ar\/index.php\/wp-json\/wp\/v2\/media\/81225"}],"wp:attachment":[{"href":"https:\/\/www.celttv.com.ar\/index.php\/wp-json\/wp\/v2\/media?parent=81224"}],"wp:term":[{"taxonomy":"category","embeddable":true,"href":"https:\/\/www.celttv.com.ar\/index.php\/wp-json\/wp\/v2\/categories?post=81224"},{"taxonomy":"post_tag","embeddable":true,"href":"https:\/\/www.celttv.com.ar\/index.php\/wp-json\/wp\/v2\/tags?post=81224"}],"curies":[{"name":"wp","href":"https:\/\/api.w.org\/{rel}","templated":true}]}}