{"id":81234,"date":"2024-01-04T09:58:24","date_gmt":"2024-01-04T12:58:24","guid":{"rendered":"https:\/\/www.celttv.com.ar\/?p=81234"},"modified":"2024-01-04T09:58:24","modified_gmt":"2024-01-04T12:58:24","slug":"reanudaron-las-actividades-en-el-natatorio-climatizado-municipal","status":"publish","type":"post","link":"https:\/\/www.celttv.com.ar\/index.php\/2024\/01\/04\/reanudaron-las-actividades-en-el-natatorio-climatizado-municipal\/","title":{"rendered":"Reanudaron las actividades en el Natatorio Climatizado Municipal"},"content":{"rendered":"<p>Este martes comenzaron las actividades 2024 en el Natatorio Climatizado Municipal, ubicado en el Complejo Deportivo Municipal \u2018Eva Per\u00f3n\u2019 de Tornquist.<\/p>\n<p>En el lugar hay propuestas acu\u00e1ticas de lunes a viernes en diferentes horarios, con nataci\u00f3n para adultos y adolescentes, matronatacion y aquagym.<\/p>\n<p>Las inscripciones contin\u00faan abiertas y se realizan en el natatorio o comunic\u00e1ndose al 2915391088.<\/p>\n<p><img loading=\"lazy\" decoding=\"async\" class=\"alignnone wp-image-81235 size-large\" src=\"http:\/\/www.celttv.com.ar\/wp-content\/uploads\/2024\/01\/Act-Natatorio-3-1024x768.jpg\" alt=\"\" width=\"1024\" height=\"768\" srcset=\"https:\/\/www.celttv.com.ar\/wp-content\/uploads\/2024\/01\/Act-Natatorio-3-1024x768.jpg 1024w, https:\/\/www.celttv.com.ar\/wp-content\/uploads\/2024\/01\/Act-Natatorio-3-300x225.jpg 300w, https:\/\/www.celttv.com.ar\/wp-content\/uploads\/2024\/01\/Act-Natatorio-3-768x576.jpg 768w, https:\/\/www.celttv.com.ar\/wp-content\/uploads\/2024\/01\/Act-Natatorio-3-1536x1152.jpg 1536w, https:\/\/www.celttv.com.ar\/wp-content\/uploads\/2024\/01\/Act-Natatorio-3-750x563.jpg 750w, https:\/\/www.celttv.com.ar\/wp-content\/uploads\/2024\/01\/Act-Natatorio-3-1140x855.jpg 1140w, https:\/\/www.celttv.com.ar\/wp-content\/uploads\/2024\/01\/Act-Natatorio-3.jpg 2000w\" sizes=\"auto, (max-width: 1024px) 100vw, 1024px\" \/> <img loading=\"lazy\" decoding=\"async\" class=\"alignnone wp-image-81236 size-large\" src=\"http:\/\/www.celttv.com.ar\/wp-content\/uploads\/2024\/01\/Act-Natatorio-5-1024x768.jpg\" alt=\"\" width=\"1024\" height=\"768\" srcset=\"https:\/\/www.celttv.com.ar\/wp-content\/uploads\/2024\/01\/Act-Natatorio-5-1024x768.jpg 1024w, https:\/\/www.celttv.com.ar\/wp-content\/uploads\/2024\/01\/Act-Natatorio-5-300x225.jpg 300w, https:\/\/www.celttv.com.ar\/wp-content\/uploads\/2024\/01\/Act-Natatorio-5-768x576.jpg 768w, https:\/\/www.celttv.com.ar\/wp-content\/uploads\/2024\/01\/Act-Natatorio-5-1536x1152.jpg 1536w, https:\/\/www.celttv.com.ar\/wp-content\/uploads\/2024\/01\/Act-Natatorio-5-750x563.jpg 750w, https:\/\/www.celttv.com.ar\/wp-content\/uploads\/2024\/01\/Act-Natatorio-5-1140x855.jpg 1140w, https:\/\/www.celttv.com.ar\/wp-content\/uploads\/2024\/01\/Act-Natatorio-5.jpg 2000w\" sizes=\"auto, (max-width: 1024px) 100vw, 1024px\" \/> <img loading=\"lazy\" decoding=\"async\" class=\"alignnone wp-image-81237 size-large\" src=\"http:\/\/www.celttv.com.ar\/wp-content\/uploads\/2024\/01\/Act-Natatorio-6-1024x768.jpg\" alt=\"\" width=\"1024\" height=\"768\" srcset=\"https:\/\/www.celttv.com.ar\/wp-content\/uploads\/2024\/01\/Act-Natatorio-6-1024x768.jpg 1024w, https:\/\/www.celttv.com.ar\/wp-content\/uploads\/2024\/01\/Act-Natatorio-6-300x225.jpg 300w, https:\/\/www.celttv.com.ar\/wp-content\/uploads\/2024\/01\/Act-Natatorio-6-768x576.jpg 768w, https:\/\/www.celttv.com.ar\/wp-content\/uploads\/2024\/01\/Act-Natatorio-6-1536x1152.jpg 1536w, https:\/\/www.celttv.com.ar\/wp-content\/uploads\/2024\/01\/Act-Natatorio-6-750x563.jpg 750w, https:\/\/www.celttv.com.ar\/wp-content\/uploads\/2024\/01\/Act-Natatorio-6-1140x855.jpg 1140w, https:\/\/www.celttv.com.ar\/wp-content\/uploads\/2024\/01\/Act-Natatorio-6.jpg 2000w\" sizes=\"auto, (max-width: 1024px) 100vw, 1024px\" \/> <img loading=\"lazy\" decoding=\"async\" class=\"alignnone wp-image-81238 size-large\" src=\"http:\/\/www.celttv.com.ar\/wp-content\/uploads\/2024\/01\/JUNTA-VECINAL-SUR-768x415-2-1024x768.jpg\" alt=\"\" width=\"1024\" height=\"768\" srcset=\"https:\/\/www.celttv.com.ar\/wp-content\/uploads\/2024\/01\/JUNTA-VECINAL-SUR-768x415-2-1024x768.jpg 1024w, https:\/\/www.celttv.com.ar\/wp-content\/uploads\/2024\/01\/JUNTA-VECINAL-SUR-768x415-2-300x225.jpg 300w, https:\/\/www.celttv.com.ar\/wp-content\/uploads\/2024\/01\/JUNTA-VECINAL-SUR-768x415-2-768x576.jpg 768w, https:\/\/www.celttv.com.ar\/wp-content\/uploads\/2024\/01\/JUNTA-VECINAL-SUR-768x415-2-1536x1152.jpg 1536w, https:\/\/www.celttv.com.ar\/wp-content\/uploads\/2024\/01\/JUNTA-VECINAL-SUR-768x415-2-750x563.jpg 750w, https:\/\/www.celttv.com.ar\/wp-content\/uploads\/2024\/01\/JUNTA-VECINAL-SUR-768x415-2-1140x855.jpg 1140w, https:\/\/www.celttv.com.ar\/wp-content\/uploads\/2024\/01\/JUNTA-VECINAL-SUR-768x415-2.jpg 2000w\" sizes=\"auto, (max-width: 1024px) 100vw, 1024px\" \/><\/p>\n","protected":false},"excerpt":{"rendered":"<p>Este martes comenzaron las actividades 2024 en el Natatorio Climatizado Municipal, ubicado en el Complejo Deportivo Municipal \u2018Eva Per\u00f3n\u2019 de Tornquist. En el lugar hay propuestas acu\u00e1ticas de lunes a viernes en diferentes horarios, con nataci\u00f3n para adultos y adolescentes, matronatacion y aquagym. Las inscripciones contin\u00faan abiertas y se realizan en el natatorio o comunic\u00e1ndose [&hellip;]<\/p>\n","protected":false},"author":3,"featured_media":81235,"comment_status":"closed","ping_status":"closed","sticky":false,"template":"","format":"standard","meta":{"footnotes":""},"categories":[55],"tags":[],"class_list":["post-81234","post","type-post","status-publish","format-standard","has-post-thumbnail","hentry","category-celt-tv-noticias"],"yoast_head":"<!-- This site is optimized with the Yoast SEO plugin v19.7.1 - https:\/\/yoast.com\/wordpress\/plugins\/seo\/ -->\n<title>Reanudaron las actividades en el Natatorio Climatizado Municipal - CELTTV<\/title>\n<meta name=\"description\" content=\"Sitio web de noticias de la localidad de Tornquist, provincia de Buenos Aires, Rep\u00fablica Argentina. Contenido propio originado por periodistas de CELTTV, el canal de TV local de la Cooperativa El\u00e9ctrica de Tornquist. Turismo, Pol\u00edtica, Sociedad, Deporte, Cultura y todo el contenido de inter\u00e9s general que la gente del pueblo y la regi\u00f3n debe conocer.\" \/>\n<meta name=\"robots\" content=\"index, follow, max-snippet:-1, max-image-preview:large, max-video-preview:-1\" \/>\n<link rel=\"canonical\" href=\"https:\/\/www.celttv.com.ar\/index.php\/2024\/01\/04\/reanudaron-las-actividades-en-el-natatorio-climatizado-municipal\/\" \/>\n<meta property=\"og:locale\" content=\"es_ES\" \/>\n<meta property=\"og:type\" content=\"article\" \/>\n<meta property=\"og:title\" content=\"Reanudaron las actividades en el Natatorio Climatizado Municipal - CELTTV\" \/>\n<meta property=\"og:description\" content=\"Sitio web de noticias de la localidad de Tornquist, provincia de Buenos Aires, Rep\u00fablica Argentina. Contenido propio originado por periodistas de CELTTV, el canal de TV local de la Cooperativa El\u00e9ctrica de Tornquist. Turismo, Pol\u00edtica, Sociedad, Deporte, Cultura y todo el contenido de inter\u00e9s general que la gente del pueblo y la regi\u00f3n debe conocer.\" \/>\n<meta property=\"og:url\" content=\"https:\/\/www.celttv.com.ar\/index.php\/2024\/01\/04\/reanudaron-las-actividades-en-el-natatorio-climatizado-municipal\/\" \/>\n<meta property=\"og:site_name\" content=\"CELTTV\" \/>\n<meta property=\"article:publisher\" content=\"https:\/\/www.facebook.com\/celtTV\/\" \/>\n<meta property=\"article:published_time\" content=\"2024-01-04T12:58:24+00:00\" \/>\n<meta property=\"og:image\" content=\"https:\/\/www.celttv.com.ar\/wp-content\/uploads\/2024\/01\/Act-Natatorio-3.jpg\" \/>\n\t<meta property=\"og:image:width\" content=\"2000\" \/>\n\t<meta property=\"og:image:height\" content=\"1500\" \/>\n\t<meta property=\"og:image:type\" content=\"image\/jpeg\" \/>\n<meta name=\"author\" content=\"Rodrigo Sgammini\" \/>\n<meta name=\"twitter:card\" content=\"summary_large_image\" \/>\n<meta name=\"twitter:label1\" content=\"Escrito por\" \/>\n\t<meta name=\"twitter:data1\" content=\"Rodrigo Sgammini\" \/>\n<script type=\"application\/ld+json\" class=\"yoast-schema-graph\">{\"@context\":\"https:\/\/schema.org\",\"@graph\":[{\"@type\":\"NewsArticle\",\"@id\":\"https:\/\/www.celttv.com.ar\/index.php\/2024\/01\/04\/reanudaron-las-actividades-en-el-natatorio-climatizado-municipal\/#article\",\"isPartOf\":{\"@id\":\"https:\/\/www.celttv.com.ar\/index.php\/2024\/01\/04\/reanudaron-las-actividades-en-el-natatorio-climatizado-municipal\/\"},\"author\":{\"name\":\"Rodrigo Sgammini\",\"@id\":\"https:\/\/www.celttv.com.ar\/#\/schema\/person\/495be51d064edd971d8457f8f64eb172\"},\"headline\":\"Reanudaron las actividades en el Natatorio Climatizado Municipal\",\"datePublished\":\"2024-01-04T12:58:24+00:00\",\"dateModified\":\"2024-01-04T12:58:24+00:00\",\"mainEntityOfPage\":{\"@id\":\"https:\/\/www.celttv.com.ar\/index.php\/2024\/01\/04\/reanudaron-las-actividades-en-el-natatorio-climatizado-municipal\/\"},\"wordCount\":68,\"publisher\":{\"@id\":\"https:\/\/www.celttv.com.ar\/#organization\"},\"articleSection\":[\"Celt TV Noticias\"],\"inLanguage\":\"es\"},{\"@type\":\"WebPage\",\"@id\":\"https:\/\/www.celttv.com.ar\/index.php\/2024\/01\/04\/reanudaron-las-actividades-en-el-natatorio-climatizado-municipal\/\",\"url\":\"https:\/\/www.celttv.com.ar\/index.php\/2024\/01\/04\/reanudaron-las-actividades-en-el-natatorio-climatizado-municipal\/\",\"name\":\"Reanudaron las actividades en el Natatorio Climatizado Municipal - CELTTV\",\"isPartOf\":{\"@id\":\"https:\/\/www.celttv.com.ar\/#website\"},\"datePublished\":\"2024-01-04T12:58:24+00:00\",\"dateModified\":\"2024-01-04T12:58:24+00:00\",\"description\":\"Sitio web de noticias de la localidad de Tornquist, provincia de Buenos Aires, Rep\u00fablica Argentina. Contenido propio originado por periodistas de CELTTV, el canal de TV local de la Cooperativa El\u00e9ctrica de Tornquist. Turismo, Pol\u00edtica, Sociedad, Deporte, Cultura y todo el contenido de inter\u00e9s general que la gente del pueblo y la regi\u00f3n debe conocer.\",\"breadcrumb\":{\"@id\":\"https:\/\/www.celttv.com.ar\/index.php\/2024\/01\/04\/reanudaron-las-actividades-en-el-natatorio-climatizado-municipal\/#breadcrumb\"},\"inLanguage\":\"es\",\"potentialAction\":[{\"@type\":\"ReadAction\",\"target\":[\"https:\/\/www.celttv.com.ar\/index.php\/2024\/01\/04\/reanudaron-las-actividades-en-el-natatorio-climatizado-municipal\/\"]}]},{\"@type\":\"BreadcrumbList\",\"@id\":\"https:\/\/www.celttv.com.ar\/index.php\/2024\/01\/04\/reanudaron-las-actividades-en-el-natatorio-climatizado-municipal\/#breadcrumb\",\"itemListElement\":[{\"@type\":\"ListItem\",\"position\":1,\"name\":\"Inicio\",\"item\":\"https:\/\/www.celttv.com.ar\/\"},{\"@type\":\"ListItem\",\"position\":2,\"name\":\"Reanudaron las actividades en el Natatorio Climatizado Municipal\"}]},{\"@type\":\"WebSite\",\"@id\":\"https:\/\/www.celttv.com.ar\/#website\",\"url\":\"https:\/\/www.celttv.com.ar\/\",\"name\":\"CELTTV\",\"description\":\"Cooperativa El\u00e9ctrica de Tornquist\",\"publisher\":{\"@id\":\"https:\/\/www.celttv.com.ar\/#organization\"},\"potentialAction\":[{\"@type\":\"SearchAction\",\"target\":{\"@type\":\"EntryPoint\",\"urlTemplate\":\"https:\/\/www.celttv.com.ar\/?s={search_term_string}\"},\"query-input\":\"required name=search_term_string\"}],\"inLanguage\":\"es\"},{\"@type\":\"Organization\",\"@id\":\"https:\/\/www.celttv.com.ar\/#organization\",\"name\":\"CELTTV\",\"url\":\"https:\/\/www.celttv.com.ar\/\",\"sameAs\":[\"https:\/\/www.youtube.com\/channel\/UCz_oIt8Hig64Ub-EmcNPIhg\",\"https:\/\/www.facebook.com\/celtTV\/\"],\"logo\":{\"@type\":\"ImageObject\",\"inLanguage\":\"es\",\"@id\":\"https:\/\/www.celttv.com.ar\/#\/schema\/logo\/image\/\",\"url\":\"http:\/\/www.celttv.com.ar\/wp-content\/uploads\/2022\/08\/logo-1.png\",\"contentUrl\":\"http:\/\/www.celttv.com.ar\/wp-content\/uploads\/2022\/08\/logo-1.png\",\"width\":461,\"height\":159,\"caption\":\"CELTTV\"},\"image\":{\"@id\":\"https:\/\/www.celttv.com.ar\/#\/schema\/logo\/image\/\"}},{\"@type\":\"Person\",\"@id\":\"https:\/\/www.celttv.com.ar\/#\/schema\/person\/495be51d064edd971d8457f8f64eb172\",\"name\":\"Rodrigo Sgammini\",\"image\":{\"@type\":\"ImageObject\",\"inLanguage\":\"es\",\"@id\":\"https:\/\/www.celttv.com.ar\/#\/schema\/person\/image\/\",\"url\":\"https:\/\/secure.gravatar.com\/avatar\/68f7848d42735e7a9276b47cd6e606327d88f521c51ae39d88888b76902e2987?s=96&d=mm&r=g\",\"contentUrl\":\"https:\/\/secure.gravatar.com\/avatar\/68f7848d42735e7a9276b47cd6e606327d88f521c51ae39d88888b76902e2987?s=96&d=mm&r=g\",\"caption\":\"Rodrigo Sgammini\"}}]}<\/script>\n<!-- \/ Yoast SEO plugin. -->","yoast_head_json":{"title":"Reanudaron las actividades en el Natatorio Climatizado Municipal - CELTTV","description":"Sitio web de noticias de la localidad de Tornquist, provincia de Buenos Aires, Rep\u00fablica Argentina. Contenido propio originado por periodistas de CELTTV, el canal de TV local de la Cooperativa El\u00e9ctrica de Tornquist. Turismo, Pol\u00edtica, Sociedad, Deporte, Cultura y todo el contenido de inter\u00e9s general que la gente del pueblo y la regi\u00f3n debe conocer.","robots":{"index":"index","follow":"follow","max-snippet":"max-snippet:-1","max-image-preview":"max-image-preview:large","max-video-preview":"max-video-preview:-1"},"canonical":"https:\/\/www.celttv.com.ar\/index.php\/2024\/01\/04\/reanudaron-las-actividades-en-el-natatorio-climatizado-municipal\/","og_locale":"es_ES","og_type":"article","og_title":"Reanudaron las actividades en el Natatorio Climatizado Municipal - CELTTV","og_description":"Sitio web de noticias de la localidad de Tornquist, provincia de Buenos Aires, Rep\u00fablica Argentina. Contenido propio originado por periodistas de CELTTV, el canal de TV local de la Cooperativa El\u00e9ctrica de Tornquist. Turismo, Pol\u00edtica, Sociedad, Deporte, Cultura y todo el contenido de inter\u00e9s general que la gente del pueblo y la regi\u00f3n debe conocer.","og_url":"https:\/\/www.celttv.com.ar\/index.php\/2024\/01\/04\/reanudaron-las-actividades-en-el-natatorio-climatizado-municipal\/","og_site_name":"CELTTV","article_publisher":"https:\/\/www.facebook.com\/celtTV\/","article_published_time":"2024-01-04T12:58:24+00:00","og_image":[{"width":2000,"height":1500,"url":"https:\/\/www.celttv.com.ar\/wp-content\/uploads\/2024\/01\/Act-Natatorio-3.jpg","type":"image\/jpeg"}],"author":"Rodrigo Sgammini","twitter_card":"summary_large_image","twitter_misc":{"Escrito por":"Rodrigo Sgammini"},"schema":{"@context":"https:\/\/schema.org","@graph":[{"@type":"NewsArticle","@id":"https:\/\/www.celttv.com.ar\/index.php\/2024\/01\/04\/reanudaron-las-actividades-en-el-natatorio-climatizado-municipal\/#article","isPartOf":{"@id":"https:\/\/www.celttv.com.ar\/index.php\/2024\/01\/04\/reanudaron-las-actividades-en-el-natatorio-climatizado-municipal\/"},"author":{"name":"Rodrigo Sgammini","@id":"https:\/\/www.celttv.com.ar\/#\/schema\/person\/495be51d064edd971d8457f8f64eb172"},"headline":"Reanudaron las actividades en el Natatorio Climatizado Municipal","datePublished":"2024-01-04T12:58:24+00:00","dateModified":"2024-01-04T12:58:24+00:00","mainEntityOfPage":{"@id":"https:\/\/www.celttv.com.ar\/index.php\/2024\/01\/04\/reanudaron-las-actividades-en-el-natatorio-climatizado-municipal\/"},"wordCount":68,"publisher":{"@id":"https:\/\/www.celttv.com.ar\/#organization"},"articleSection":["Celt TV Noticias"],"inLanguage":"es"},{"@type":"WebPage","@id":"https:\/\/www.celttv.com.ar\/index.php\/2024\/01\/04\/reanudaron-las-actividades-en-el-natatorio-climatizado-municipal\/","url":"https:\/\/www.celttv.com.ar\/index.php\/2024\/01\/04\/reanudaron-las-actividades-en-el-natatorio-climatizado-municipal\/","name":"Reanudaron las actividades en el Natatorio Climatizado Municipal - CELTTV","isPartOf":{"@id":"https:\/\/www.celttv.com.ar\/#website"},"datePublished":"2024-01-04T12:58:24+00:00","dateModified":"2024-01-04T12:58:24+00:00","description":"Sitio web de noticias de la localidad de Tornquist, provincia de Buenos Aires, Rep\u00fablica Argentina. Contenido propio originado por periodistas de CELTTV, el canal de TV local de la Cooperativa El\u00e9ctrica de Tornquist. Turismo, Pol\u00edtica, Sociedad, Deporte, Cultura y todo el contenido de inter\u00e9s general que la gente del pueblo y la regi\u00f3n debe conocer.","breadcrumb":{"@id":"https:\/\/www.celttv.com.ar\/index.php\/2024\/01\/04\/reanudaron-las-actividades-en-el-natatorio-climatizado-municipal\/#breadcrumb"},"inLanguage":"es","potentialAction":[{"@type":"ReadAction","target":["https:\/\/www.celttv.com.ar\/index.php\/2024\/01\/04\/reanudaron-las-actividades-en-el-natatorio-climatizado-municipal\/"]}]},{"@type":"BreadcrumbList","@id":"https:\/\/www.celttv.com.ar\/index.php\/2024\/01\/04\/reanudaron-las-actividades-en-el-natatorio-climatizado-municipal\/#breadcrumb","itemListElement":[{"@type":"ListItem","position":1,"name":"Inicio","item":"https:\/\/www.celttv.com.ar\/"},{"@type":"ListItem","position":2,"name":"Reanudaron las actividades en el Natatorio Climatizado Municipal"}]},{"@type":"WebSite","@id":"https:\/\/www.celttv.com.ar\/#website","url":"https:\/\/www.celttv.com.ar\/","name":"CELTTV","description":"Cooperativa El\u00e9ctrica de Tornquist","publisher":{"@id":"https:\/\/www.celttv.com.ar\/#organization"},"potentialAction":[{"@type":"SearchAction","target":{"@type":"EntryPoint","urlTemplate":"https:\/\/www.celttv.com.ar\/?s={search_term_string}"},"query-input":"required name=search_term_string"}],"inLanguage":"es"},{"@type":"Organization","@id":"https:\/\/www.celttv.com.ar\/#organization","name":"CELTTV","url":"https:\/\/www.celttv.com.ar\/","sameAs":["https:\/\/www.youtube.com\/channel\/UCz_oIt8Hig64Ub-EmcNPIhg","https:\/\/www.facebook.com\/celtTV\/"],"logo":{"@type":"ImageObject","inLanguage":"es","@id":"https:\/\/www.celttv.com.ar\/#\/schema\/logo\/image\/","url":"http:\/\/www.celttv.com.ar\/wp-content\/uploads\/2022\/08\/logo-1.png","contentUrl":"http:\/\/www.celttv.com.ar\/wp-content\/uploads\/2022\/08\/logo-1.png","width":461,"height":159,"caption":"CELTTV"},"image":{"@id":"https:\/\/www.celttv.com.ar\/#\/schema\/logo\/image\/"}},{"@type":"Person","@id":"https:\/\/www.celttv.com.ar\/#\/schema\/person\/495be51d064edd971d8457f8f64eb172","name":"Rodrigo Sgammini","image":{"@type":"ImageObject","inLanguage":"es","@id":"https:\/\/www.celttv.com.ar\/#\/schema\/person\/image\/","url":"https:\/\/secure.gravatar.com\/avatar\/68f7848d42735e7a9276b47cd6e606327d88f521c51ae39d88888b76902e2987?s=96&d=mm&r=g","contentUrl":"https:\/\/secure.gravatar.com\/avatar\/68f7848d42735e7a9276b47cd6e606327d88f521c51ae39d88888b76902e2987?s=96&d=mm&r=g","caption":"Rodrigo Sgammini"}}]}},"_links":{"self":[{"href":"https:\/\/www.celttv.com.ar\/index.php\/wp-json\/wp\/v2\/posts\/81234","targetHints":{"allow":["GET"]}}],"collection":[{"href":"https:\/\/www.celttv.com.ar\/index.php\/wp-json\/wp\/v2\/posts"}],"about":[{"href":"https:\/\/www.celttv.com.ar\/index.php\/wp-json\/wp\/v2\/types\/post"}],"author":[{"embeddable":true,"href":"https:\/\/www.celttv.com.ar\/index.php\/wp-json\/wp\/v2\/users\/3"}],"replies":[{"embeddable":true,"href":"https:\/\/www.celttv.com.ar\/index.php\/wp-json\/wp\/v2\/comments?post=81234"}],"version-history":[{"count":1,"href":"https:\/\/www.celttv.com.ar\/index.php\/wp-json\/wp\/v2\/posts\/81234\/revisions"}],"predecessor-version":[{"id":81239,"href":"https:\/\/www.celttv.com.ar\/index.php\/wp-json\/wp\/v2\/posts\/81234\/revisions\/81239"}],"wp:featuredmedia":[{"embeddable":true,"href":"https:\/\/www.celttv.com.ar\/index.php\/wp-json\/wp\/v2\/media\/81235"}],"wp:attachment":[{"href":"https:\/\/www.celttv.com.ar\/index.php\/wp-json\/wp\/v2\/media?parent=81234"}],"wp:term":[{"taxonomy":"category","embeddable":true,"href":"https:\/\/www.celttv.com.ar\/index.php\/wp-json\/wp\/v2\/categories?post=81234"},{"taxonomy":"post_tag","embeddable":true,"href":"https:\/\/www.celttv.com.ar\/index.php\/wp-json\/wp\/v2\/tags?post=81234"}],"curies":[{"name":"wp","href":"https:\/\/api.w.org\/{rel}","templated":true}]}}