{"id":81329,"date":"2024-01-08T00:45:51","date_gmt":"2024-01-08T03:45:51","guid":{"rendered":"http:\/\/www.celttv.com.ar\/?p=81329"},"modified":"2024-01-08T00:45:51","modified_gmt":"2024-01-08T03:45:51","slug":"los-jefes-de-los-bomberos-voluntarios-del-distrito-compartieron-la-mesa-de-opiniones","status":"publish","type":"post","link":"https:\/\/www.celttv.com.ar\/index.php\/2024\/01\/08\/los-jefes-de-los-bomberos-voluntarios-del-distrito-compartieron-la-mesa-de-opiniones\/","title":{"rendered":"Los Jefes de los Bomberos Voluntarios del distrito compartieron la mesa de Opiniones"},"content":{"rendered":"<p>Los Jefes de los Bomberos Voluntarios del distrito compartieron la mesa de Opiniones. Estuvieron representados los cuarteles de Chasic\u00f3, Saldungaray, Sierra de la Ventana, Villa Ventana y Tornquist .<\/p>\n<p>Estuvieron presentes <strong>Mart\u00edn Haag<\/strong>, jefe de los Bomberos Voluntarios de Tornquist;<strong> Gustavo de Vizia<\/strong> de Sierra de la Ventana;<strong> Jorge Leguiza<\/strong> de los Bomberos Voluntarios de Saldungaray;<strong> Jimena Carracedo<\/strong> de Chasic\u00f3 y<strong> Alexis Bruschi<\/strong> de Villa Ventana.<\/p>\n<p>H\u00e9roes an\u00f3nimos con disponibilidad las 24 horas de los 365 d\u00edas del a\u00f1o, con la vocaci\u00f3n que los caracteriza y ese desprendimiento que cada comunidad valora y apoya, independientemente de los nombres propios.<\/p>\n<p>Abnegaci\u00f3n, sacrificio y valor, pilares irrenunciables de estos hombres y mujeres que dejan todo para servir a los dem\u00e1s en distintos escenarios, a veces no del todo amigables.<\/p>\n<p>Integrantes de los cuerpos de bomberos de nuestro distrito con la adecuada formaci\u00f3n t\u00e9cnica e intelectual, lo que les permite afrontas las distintas contingencias y ejercer esa contenci\u00f3n tan necesaria, especialmente en momentos l\u00edmites.<\/p>\n<p>Hoy los cuarteles de bomberos, ante la falta de definiciones pol\u00edticas nacionales, atraviesan por una incertidumbre impensada que hace temer por ese sostenido y necesario crecimiento que cada cuartel necesita para estar &#8220;siempre listo&#8221; y a la altura de las circunstancias.<\/p>\n<p><strong>PROGRAMA COMPLETO DE OPINIONES CON LA PRESENCIA DE LOS JEFES DE LOS CUARTELES DE BOMBEROS VOLUNTARIOS DEL DISTRITO<\/strong><\/p>\n<p><iframe loading=\"lazy\" title=\"2024 01 04 OPINIONES 1\" width=\"500\" height=\"281\" src=\"https:\/\/www.youtube.com\/embed\/2OX2JHhfqkM?feature=oembed\" frameborder=\"0\" allow=\"accelerometer; autoplay; clipboard-write; encrypted-media; gyroscope; picture-in-picture; web-share\" referrerpolicy=\"strict-origin-when-cross-origin\" allowfullscreen><\/iframe><\/p>\n<p><img loading=\"lazy\" decoding=\"async\" class=\"alignnone wp-image-81330 size-full\" src=\"http:\/\/www.celttv.com.ar\/wp-content\/uploads\/2024\/01\/6.jpg\" alt=\"\" width=\"823\" height=\"567\" srcset=\"https:\/\/www.celttv.com.ar\/wp-content\/uploads\/2024\/01\/6.jpg 823w, https:\/\/www.celttv.com.ar\/wp-content\/uploads\/2024\/01\/6-300x207.jpg 300w, https:\/\/www.celttv.com.ar\/wp-content\/uploads\/2024\/01\/6-768x529.jpg 768w, https:\/\/www.celttv.com.ar\/wp-content\/uploads\/2024\/01\/6-750x517.jpg 750w\" sizes=\"auto, (max-width: 823px) 100vw, 823px\" \/> <img loading=\"lazy\" decoding=\"async\" class=\"alignnone wp-image-81331 size-full\" src=\"http:\/\/www.celttv.com.ar\/wp-content\/uploads\/2024\/01\/7.jpg\" alt=\"\" width=\"663\" height=\"484\" srcset=\"https:\/\/www.celttv.com.ar\/wp-content\/uploads\/2024\/01\/7.jpg 663w, https:\/\/www.celttv.com.ar\/wp-content\/uploads\/2024\/01\/7-300x219.jpg 300w\" sizes=\"auto, (max-width: 663px) 100vw, 663px\" \/><\/p>\n","protected":false},"excerpt":{"rendered":"<p>Los Jefes de los Bomberos Voluntarios del distrito compartieron la mesa de Opiniones. Estuvieron representados los cuarteles de Chasic\u00f3, Saldungaray, Sierra de la Ventana, Villa Ventana y Tornquist . Estuvieron presentes Mart\u00edn Haag, jefe de los Bomberos Voluntarios de Tornquist; Gustavo de Vizia de Sierra de la Ventana; Jorge Leguiza de los Bomberos Voluntarios de [&hellip;]<\/p>\n","protected":false},"author":5,"featured_media":81330,"comment_status":"closed","ping_status":"closed","sticky":false,"template":"","format":"standard","meta":{"footnotes":""},"categories":[51,52],"tags":[],"class_list":["post-81329","post","type-post","status-publish","format-standard","has-post-thumbnail","hentry","category-comunidad","category-destacadas"],"yoast_head":"<!-- This site is optimized with the Yoast SEO plugin v19.7.1 - https:\/\/yoast.com\/wordpress\/plugins\/seo\/ -->\n<title>Los Jefes de los Bomberos Voluntarios del distrito compartieron la mesa de Opiniones - CELTTV<\/title>\n<meta name=\"description\" content=\"Sitio web de noticias de la localidad de Tornquist, provincia de Buenos Aires, Rep\u00fablica Argentina. Contenido propio originado por periodistas de CELTTV, el canal de TV local de la Cooperativa El\u00e9ctrica de Tornquist. Turismo, Pol\u00edtica, Sociedad, Deporte, Cultura y todo el contenido de inter\u00e9s general que la gente del pueblo y la regi\u00f3n debe conocer.\" \/>\n<meta name=\"robots\" content=\"index, follow, max-snippet:-1, max-image-preview:large, max-video-preview:-1\" \/>\n<link rel=\"canonical\" href=\"https:\/\/www.celttv.com.ar\/index.php\/2024\/01\/08\/los-jefes-de-los-bomberos-voluntarios-del-distrito-compartieron-la-mesa-de-opiniones\/\" \/>\n<meta property=\"og:locale\" content=\"es_ES\" \/>\n<meta property=\"og:type\" content=\"article\" \/>\n<meta property=\"og:title\" content=\"Los Jefes de los Bomberos Voluntarios del distrito compartieron la mesa de Opiniones - CELTTV\" \/>\n<meta property=\"og:description\" content=\"Sitio web de noticias de la localidad de Tornquist, provincia de Buenos Aires, Rep\u00fablica Argentina. Contenido propio originado por periodistas de CELTTV, el canal de TV local de la Cooperativa El\u00e9ctrica de Tornquist. Turismo, Pol\u00edtica, Sociedad, Deporte, Cultura y todo el contenido de inter\u00e9s general que la gente del pueblo y la regi\u00f3n debe conocer.\" \/>\n<meta property=\"og:url\" content=\"https:\/\/www.celttv.com.ar\/index.php\/2024\/01\/08\/los-jefes-de-los-bomberos-voluntarios-del-distrito-compartieron-la-mesa-de-opiniones\/\" \/>\n<meta property=\"og:site_name\" content=\"CELTTV\" \/>\n<meta property=\"article:publisher\" content=\"https:\/\/www.facebook.com\/celtTV\/\" \/>\n<meta property=\"article:published_time\" content=\"2024-01-08T03:45:51+00:00\" \/>\n<meta property=\"og:image\" content=\"https:\/\/www.celttv.com.ar\/wp-content\/uploads\/2024\/01\/6.jpg\" \/>\n\t<meta property=\"og:image:width\" content=\"823\" \/>\n\t<meta property=\"og:image:height\" content=\"567\" \/>\n\t<meta property=\"og:image:type\" content=\"image\/jpeg\" \/>\n<meta name=\"author\" content=\"Miguel Herrada\" \/>\n<meta name=\"twitter:card\" content=\"summary_large_image\" \/>\n<meta name=\"twitter:label1\" content=\"Escrito por\" \/>\n\t<meta name=\"twitter:data1\" content=\"Miguel Herrada\" \/>\n\t<meta name=\"twitter:label2\" content=\"Tiempo de lectura\" \/>\n\t<meta name=\"twitter:data2\" content=\"1 minuto\" \/>\n<script type=\"application\/ld+json\" class=\"yoast-schema-graph\">{\"@context\":\"https:\/\/schema.org\",\"@graph\":[{\"@type\":\"NewsArticle\",\"@id\":\"https:\/\/www.celttv.com.ar\/index.php\/2024\/01\/08\/los-jefes-de-los-bomberos-voluntarios-del-distrito-compartieron-la-mesa-de-opiniones\/#article\",\"isPartOf\":{\"@id\":\"https:\/\/www.celttv.com.ar\/index.php\/2024\/01\/08\/los-jefes-de-los-bomberos-voluntarios-del-distrito-compartieron-la-mesa-de-opiniones\/\"},\"author\":{\"name\":\"Miguel Herrada\",\"@id\":\"https:\/\/www.celttv.com.ar\/#\/schema\/person\/9059dc91dc7204ef4182cdb65225f07d\"},\"headline\":\"Los Jefes de los Bomberos Voluntarios del distrito compartieron la mesa de Opiniones\",\"datePublished\":\"2024-01-08T03:45:51+00:00\",\"dateModified\":\"2024-01-08T03:45:51+00:00\",\"mainEntityOfPage\":{\"@id\":\"https:\/\/www.celttv.com.ar\/index.php\/2024\/01\/08\/los-jefes-de-los-bomberos-voluntarios-del-distrito-compartieron-la-mesa-de-opiniones\/\"},\"wordCount\":248,\"publisher\":{\"@id\":\"https:\/\/www.celttv.com.ar\/#organization\"},\"articleSection\":[\"Comunidad\",\"Destacadas\"],\"inLanguage\":\"es\"},{\"@type\":\"WebPage\",\"@id\":\"https:\/\/www.celttv.com.ar\/index.php\/2024\/01\/08\/los-jefes-de-los-bomberos-voluntarios-del-distrito-compartieron-la-mesa-de-opiniones\/\",\"url\":\"https:\/\/www.celttv.com.ar\/index.php\/2024\/01\/08\/los-jefes-de-los-bomberos-voluntarios-del-distrito-compartieron-la-mesa-de-opiniones\/\",\"name\":\"Los Jefes de los Bomberos Voluntarios del distrito compartieron la mesa de Opiniones - CELTTV\",\"isPartOf\":{\"@id\":\"https:\/\/www.celttv.com.ar\/#website\"},\"datePublished\":\"2024-01-08T03:45:51+00:00\",\"dateModified\":\"2024-01-08T03:45:51+00:00\",\"description\":\"Sitio web de noticias de la localidad de Tornquist, provincia de Buenos Aires, Rep\u00fablica Argentina. Contenido propio originado por periodistas de CELTTV, el canal de TV local de la Cooperativa El\u00e9ctrica de Tornquist. Turismo, Pol\u00edtica, Sociedad, Deporte, Cultura y todo el contenido de inter\u00e9s general que la gente del pueblo y la regi\u00f3n debe conocer.\",\"breadcrumb\":{\"@id\":\"https:\/\/www.celttv.com.ar\/index.php\/2024\/01\/08\/los-jefes-de-los-bomberos-voluntarios-del-distrito-compartieron-la-mesa-de-opiniones\/#breadcrumb\"},\"inLanguage\":\"es\",\"potentialAction\":[{\"@type\":\"ReadAction\",\"target\":[\"https:\/\/www.celttv.com.ar\/index.php\/2024\/01\/08\/los-jefes-de-los-bomberos-voluntarios-del-distrito-compartieron-la-mesa-de-opiniones\/\"]}]},{\"@type\":\"BreadcrumbList\",\"@id\":\"https:\/\/www.celttv.com.ar\/index.php\/2024\/01\/08\/los-jefes-de-los-bomberos-voluntarios-del-distrito-compartieron-la-mesa-de-opiniones\/#breadcrumb\",\"itemListElement\":[{\"@type\":\"ListItem\",\"position\":1,\"name\":\"Inicio\",\"item\":\"https:\/\/www.celttv.com.ar\/\"},{\"@type\":\"ListItem\",\"position\":2,\"name\":\"Los Jefes de los Bomberos Voluntarios del distrito compartieron la mesa de Opiniones\"}]},{\"@type\":\"WebSite\",\"@id\":\"https:\/\/www.celttv.com.ar\/#website\",\"url\":\"https:\/\/www.celttv.com.ar\/\",\"name\":\"CELTTV\",\"description\":\"Cooperativa El\u00e9ctrica de Tornquist\",\"publisher\":{\"@id\":\"https:\/\/www.celttv.com.ar\/#organization\"},\"potentialAction\":[{\"@type\":\"SearchAction\",\"target\":{\"@type\":\"EntryPoint\",\"urlTemplate\":\"https:\/\/www.celttv.com.ar\/?s={search_term_string}\"},\"query-input\":\"required name=search_term_string\"}],\"inLanguage\":\"es\"},{\"@type\":\"Organization\",\"@id\":\"https:\/\/www.celttv.com.ar\/#organization\",\"name\":\"CELTTV\",\"url\":\"https:\/\/www.celttv.com.ar\/\",\"sameAs\":[\"https:\/\/www.youtube.com\/channel\/UCz_oIt8Hig64Ub-EmcNPIhg\",\"https:\/\/www.facebook.com\/celtTV\/\"],\"logo\":{\"@type\":\"ImageObject\",\"inLanguage\":\"es\",\"@id\":\"https:\/\/www.celttv.com.ar\/#\/schema\/logo\/image\/\",\"url\":\"http:\/\/www.celttv.com.ar\/wp-content\/uploads\/2022\/08\/logo-1.png\",\"contentUrl\":\"http:\/\/www.celttv.com.ar\/wp-content\/uploads\/2022\/08\/logo-1.png\",\"width\":461,\"height\":159,\"caption\":\"CELTTV\"},\"image\":{\"@id\":\"https:\/\/www.celttv.com.ar\/#\/schema\/logo\/image\/\"}},{\"@type\":\"Person\",\"@id\":\"https:\/\/www.celttv.com.ar\/#\/schema\/person\/9059dc91dc7204ef4182cdb65225f07d\",\"name\":\"Miguel Herrada\",\"image\":{\"@type\":\"ImageObject\",\"inLanguage\":\"es\",\"@id\":\"https:\/\/www.celttv.com.ar\/#\/schema\/person\/image\/\",\"url\":\"https:\/\/secure.gravatar.com\/avatar\/67724d5b3c716623ffd76bec7e45841a442ac3b456e914dbba90b0fad2b8e0b1?s=96&d=mm&r=g\",\"contentUrl\":\"https:\/\/secure.gravatar.com\/avatar\/67724d5b3c716623ffd76bec7e45841a442ac3b456e914dbba90b0fad2b8e0b1?s=96&d=mm&r=g\",\"caption\":\"Miguel Herrada\"}}]}<\/script>\n<!-- \/ Yoast SEO plugin. -->","yoast_head_json":{"title":"Los Jefes de los Bomberos Voluntarios del distrito compartieron la mesa de Opiniones - CELTTV","description":"Sitio web de noticias de la localidad de Tornquist, provincia de Buenos Aires, Rep\u00fablica Argentina. Contenido propio originado por periodistas de CELTTV, el canal de TV local de la Cooperativa El\u00e9ctrica de Tornquist. Turismo, Pol\u00edtica, Sociedad, Deporte, Cultura y todo el contenido de inter\u00e9s general que la gente del pueblo y la regi\u00f3n debe conocer.","robots":{"index":"index","follow":"follow","max-snippet":"max-snippet:-1","max-image-preview":"max-image-preview:large","max-video-preview":"max-video-preview:-1"},"canonical":"https:\/\/www.celttv.com.ar\/index.php\/2024\/01\/08\/los-jefes-de-los-bomberos-voluntarios-del-distrito-compartieron-la-mesa-de-opiniones\/","og_locale":"es_ES","og_type":"article","og_title":"Los Jefes de los Bomberos Voluntarios del distrito compartieron la mesa de Opiniones - CELTTV","og_description":"Sitio web de noticias de la localidad de Tornquist, provincia de Buenos Aires, Rep\u00fablica Argentina. Contenido propio originado por periodistas de CELTTV, el canal de TV local de la Cooperativa El\u00e9ctrica de Tornquist. Turismo, Pol\u00edtica, Sociedad, Deporte, Cultura y todo el contenido de inter\u00e9s general que la gente del pueblo y la regi\u00f3n debe conocer.","og_url":"https:\/\/www.celttv.com.ar\/index.php\/2024\/01\/08\/los-jefes-de-los-bomberos-voluntarios-del-distrito-compartieron-la-mesa-de-opiniones\/","og_site_name":"CELTTV","article_publisher":"https:\/\/www.facebook.com\/celtTV\/","article_published_time":"2024-01-08T03:45:51+00:00","og_image":[{"width":823,"height":567,"url":"https:\/\/www.celttv.com.ar\/wp-content\/uploads\/2024\/01\/6.jpg","type":"image\/jpeg"}],"author":"Miguel Herrada","twitter_card":"summary_large_image","twitter_misc":{"Escrito por":"Miguel Herrada","Tiempo de lectura":"1 minuto"},"schema":{"@context":"https:\/\/schema.org","@graph":[{"@type":"NewsArticle","@id":"https:\/\/www.celttv.com.ar\/index.php\/2024\/01\/08\/los-jefes-de-los-bomberos-voluntarios-del-distrito-compartieron-la-mesa-de-opiniones\/#article","isPartOf":{"@id":"https:\/\/www.celttv.com.ar\/index.php\/2024\/01\/08\/los-jefes-de-los-bomberos-voluntarios-del-distrito-compartieron-la-mesa-de-opiniones\/"},"author":{"name":"Miguel Herrada","@id":"https:\/\/www.celttv.com.ar\/#\/schema\/person\/9059dc91dc7204ef4182cdb65225f07d"},"headline":"Los Jefes de los Bomberos Voluntarios del distrito compartieron la mesa de Opiniones","datePublished":"2024-01-08T03:45:51+00:00","dateModified":"2024-01-08T03:45:51+00:00","mainEntityOfPage":{"@id":"https:\/\/www.celttv.com.ar\/index.php\/2024\/01\/08\/los-jefes-de-los-bomberos-voluntarios-del-distrito-compartieron-la-mesa-de-opiniones\/"},"wordCount":248,"publisher":{"@id":"https:\/\/www.celttv.com.ar\/#organization"},"articleSection":["Comunidad","Destacadas"],"inLanguage":"es"},{"@type":"WebPage","@id":"https:\/\/www.celttv.com.ar\/index.php\/2024\/01\/08\/los-jefes-de-los-bomberos-voluntarios-del-distrito-compartieron-la-mesa-de-opiniones\/","url":"https:\/\/www.celttv.com.ar\/index.php\/2024\/01\/08\/los-jefes-de-los-bomberos-voluntarios-del-distrito-compartieron-la-mesa-de-opiniones\/","name":"Los Jefes de los Bomberos Voluntarios del distrito compartieron la mesa de Opiniones - CELTTV","isPartOf":{"@id":"https:\/\/www.celttv.com.ar\/#website"},"datePublished":"2024-01-08T03:45:51+00:00","dateModified":"2024-01-08T03:45:51+00:00","description":"Sitio web de noticias de la localidad de Tornquist, provincia de Buenos Aires, Rep\u00fablica Argentina. Contenido propio originado por periodistas de CELTTV, el canal de TV local de la Cooperativa El\u00e9ctrica de Tornquist. Turismo, Pol\u00edtica, Sociedad, Deporte, Cultura y todo el contenido de inter\u00e9s general que la gente del pueblo y la regi\u00f3n debe conocer.","breadcrumb":{"@id":"https:\/\/www.celttv.com.ar\/index.php\/2024\/01\/08\/los-jefes-de-los-bomberos-voluntarios-del-distrito-compartieron-la-mesa-de-opiniones\/#breadcrumb"},"inLanguage":"es","potentialAction":[{"@type":"ReadAction","target":["https:\/\/www.celttv.com.ar\/index.php\/2024\/01\/08\/los-jefes-de-los-bomberos-voluntarios-del-distrito-compartieron-la-mesa-de-opiniones\/"]}]},{"@type":"BreadcrumbList","@id":"https:\/\/www.celttv.com.ar\/index.php\/2024\/01\/08\/los-jefes-de-los-bomberos-voluntarios-del-distrito-compartieron-la-mesa-de-opiniones\/#breadcrumb","itemListElement":[{"@type":"ListItem","position":1,"name":"Inicio","item":"https:\/\/www.celttv.com.ar\/"},{"@type":"ListItem","position":2,"name":"Los Jefes de los Bomberos Voluntarios del distrito compartieron la mesa de Opiniones"}]},{"@type":"WebSite","@id":"https:\/\/www.celttv.com.ar\/#website","url":"https:\/\/www.celttv.com.ar\/","name":"CELTTV","description":"Cooperativa El\u00e9ctrica de Tornquist","publisher":{"@id":"https:\/\/www.celttv.com.ar\/#organization"},"potentialAction":[{"@type":"SearchAction","target":{"@type":"EntryPoint","urlTemplate":"https:\/\/www.celttv.com.ar\/?s={search_term_string}"},"query-input":"required name=search_term_string"}],"inLanguage":"es"},{"@type":"Organization","@id":"https:\/\/www.celttv.com.ar\/#organization","name":"CELTTV","url":"https:\/\/www.celttv.com.ar\/","sameAs":["https:\/\/www.youtube.com\/channel\/UCz_oIt8Hig64Ub-EmcNPIhg","https:\/\/www.facebook.com\/celtTV\/"],"logo":{"@type":"ImageObject","inLanguage":"es","@id":"https:\/\/www.celttv.com.ar\/#\/schema\/logo\/image\/","url":"http:\/\/www.celttv.com.ar\/wp-content\/uploads\/2022\/08\/logo-1.png","contentUrl":"http:\/\/www.celttv.com.ar\/wp-content\/uploads\/2022\/08\/logo-1.png","width":461,"height":159,"caption":"CELTTV"},"image":{"@id":"https:\/\/www.celttv.com.ar\/#\/schema\/logo\/image\/"}},{"@type":"Person","@id":"https:\/\/www.celttv.com.ar\/#\/schema\/person\/9059dc91dc7204ef4182cdb65225f07d","name":"Miguel Herrada","image":{"@type":"ImageObject","inLanguage":"es","@id":"https:\/\/www.celttv.com.ar\/#\/schema\/person\/image\/","url":"https:\/\/secure.gravatar.com\/avatar\/67724d5b3c716623ffd76bec7e45841a442ac3b456e914dbba90b0fad2b8e0b1?s=96&d=mm&r=g","contentUrl":"https:\/\/secure.gravatar.com\/avatar\/67724d5b3c716623ffd76bec7e45841a442ac3b456e914dbba90b0fad2b8e0b1?s=96&d=mm&r=g","caption":"Miguel Herrada"}}]}},"_links":{"self":[{"href":"https:\/\/www.celttv.com.ar\/index.php\/wp-json\/wp\/v2\/posts\/81329","targetHints":{"allow":["GET"]}}],"collection":[{"href":"https:\/\/www.celttv.com.ar\/index.php\/wp-json\/wp\/v2\/posts"}],"about":[{"href":"https:\/\/www.celttv.com.ar\/index.php\/wp-json\/wp\/v2\/types\/post"}],"author":[{"embeddable":true,"href":"https:\/\/www.celttv.com.ar\/index.php\/wp-json\/wp\/v2\/users\/5"}],"replies":[{"embeddable":true,"href":"https:\/\/www.celttv.com.ar\/index.php\/wp-json\/wp\/v2\/comments?post=81329"}],"version-history":[{"count":1,"href":"https:\/\/www.celttv.com.ar\/index.php\/wp-json\/wp\/v2\/posts\/81329\/revisions"}],"predecessor-version":[{"id":81332,"href":"https:\/\/www.celttv.com.ar\/index.php\/wp-json\/wp\/v2\/posts\/81329\/revisions\/81332"}],"wp:featuredmedia":[{"embeddable":true,"href":"https:\/\/www.celttv.com.ar\/index.php\/wp-json\/wp\/v2\/media\/81330"}],"wp:attachment":[{"href":"https:\/\/www.celttv.com.ar\/index.php\/wp-json\/wp\/v2\/media?parent=81329"}],"wp:term":[{"taxonomy":"category","embeddable":true,"href":"https:\/\/www.celttv.com.ar\/index.php\/wp-json\/wp\/v2\/categories?post=81329"},{"taxonomy":"post_tag","embeddable":true,"href":"https:\/\/www.celttv.com.ar\/index.php\/wp-json\/wp\/v2\/tags?post=81329"}],"curies":[{"name":"wp","href":"https:\/\/api.w.org\/{rel}","templated":true}]}}