{"id":81362,"date":"2024-01-10T17:37:32","date_gmt":"2024-01-10T20:37:32","guid":{"rendered":"http:\/\/www.celttv.com.ar\/?p=81362"},"modified":"2024-01-10T17:37:32","modified_gmt":"2024-01-10T20:37:32","slug":"funcionarios-municipales-informaron-sobre-la-situacion-del-agua-en-villa-ventana-video-de-la-sesion-y-alocuciones","status":"publish","type":"post","link":"https:\/\/www.celttv.com.ar\/index.php\/2024\/01\/10\/funcionarios-municipales-informaron-sobre-la-situacion-del-agua-en-villa-ventana-video-de-la-sesion-y-alocuciones\/","title":{"rendered":"Funcionarios municipales informaron sobre la situaci\u00f3n del agua en Villa Ventana (video de la sesi\u00f3n y alocuciones)"},"content":{"rendered":"<p>Convocados por el HCD. asistieron a la sesi\u00f3n extrordinaria de anoche el Dr. Luciano Fontanes (Bromatolog\u00eda y Zoonosis) y el Ing. Bruno Paez (Secretario de Obras y Servicios P\u00fablicos) quienes expusieron ampliamente sobre la problem\u00e1tica del agua en Villa Ventana y los factores que dieron origen a la rotura de motores de bombas que impulsan el agua hacia distintos sectores de la Villa partiendo desde el R\u00edo Sauce Grande.<\/p>\n<p>Ambos funcionarios expusieron durante varios minutos y respondieron a las inquietudes de los concejales.<\/p>\n<p>El decreto de convocatoria inclu\u00eda en su articulado la tem\u00e1tica solicitada por los vecinos de Villa Ventana en un petitorio que fuera entregado d\u00edas pasados en el recinto del HCD.:<\/p>\n<p>&nbsp;<\/p>\n<p>Si se ha realizado una inspecci\u00f3n detallada del estado de instalaciones el\u00e9ctricas, protectores electromagn\u00e9ticos, grupo electr\u00f3geno de las bombas y motores que abastecen de agua a la localidad.<\/p>\n<p>Se presente un an\u00e1lisis bajo protocolo que certifique la potabilidad del agua de red y su aptitud para consumo humano.<\/p>\n<p>Se presente informe t\u00e9cnico integral y detallado del sistema de impulsi\u00f3n desde El Pinar hasta Villa Ventana; estado operativo, cantidad de bombas en funcionamiento y back up, disponibilidad de repuestos, estado actual de cisternas; todo ello con el objeto de garantizar que a futuro no se repitan estos hechos, una vez normalizado el servicio en forma plena.<\/p>\n<p><iframe loading=\"lazy\" title=\"2024 1 09 HCD 1   AGUA EN VILLA VENTANA   BRUNO PAEZ\" width=\"500\" height=\"281\" src=\"https:\/\/www.youtube.com\/embed\/cQVZR3hyXRg?feature=oembed\" frameborder=\"0\" allow=\"accelerometer; autoplay; clipboard-write; encrypted-media; gyroscope; picture-in-picture; web-share\" referrerpolicy=\"strict-origin-when-cross-origin\" allowfullscreen><\/iframe><\/p>\n<p><iframe loading=\"lazy\" title=\"2024 1 09 HCD 2   AGUA EN VILLA VENTANA   LUCIANO FONTANES\" width=\"500\" height=\"281\" src=\"https:\/\/www.youtube.com\/embed\/nKCCath9-hk?feature=oembed\" frameborder=\"0\" allow=\"accelerometer; autoplay; clipboard-write; encrypted-media; gyroscope; picture-in-picture; web-share\" referrerpolicy=\"strict-origin-when-cross-origin\" allowfullscreen><\/iframe><\/p>\n<p><iframe loading=\"lazy\" title=\"2024 1 09 HCD   AMPLIO INFORME DEL AGUA EN VILLA\" width=\"500\" height=\"281\" src=\"https:\/\/www.youtube.com\/embed\/-MI2R8xzpB0?feature=oembed\" frameborder=\"0\" allow=\"accelerometer; autoplay; clipboard-write; encrypted-media; gyroscope; picture-in-picture; web-share\" referrerpolicy=\"strict-origin-when-cross-origin\" allowfullscreen><\/iframe><\/p>\n<p><iframe loading=\"lazy\" title=\"2024 1 09 HCD 3 SUSANA MARCOLINI\" width=\"500\" height=\"281\" src=\"https:\/\/www.youtube.com\/embed\/x2z0aY1pCsI?feature=oembed\" frameborder=\"0\" allow=\"accelerometer; autoplay; clipboard-write; encrypted-media; gyroscope; picture-in-picture; web-share\" referrerpolicy=\"strict-origin-when-cross-origin\" allowfullscreen><\/iframe><\/p>\n<p><img loading=\"lazy\" decoding=\"async\" class=\"alignnone wp-image-81364 size-full\" src=\"http:\/\/www.celttv.com.ar\/wp-content\/uploads\/2024\/01\/IMG_1606-Medium.jpg\" alt=\"\" width=\"768\" height=\"1152\" srcset=\"https:\/\/www.celttv.com.ar\/wp-content\/uploads\/2024\/01\/IMG_1606-Medium.jpg 768w, https:\/\/www.celttv.com.ar\/wp-content\/uploads\/2024\/01\/IMG_1606-Medium-200x300.jpg 200w, https:\/\/www.celttv.com.ar\/wp-content\/uploads\/2024\/01\/IMG_1606-Medium-683x1024.jpg 683w, https:\/\/www.celttv.com.ar\/wp-content\/uploads\/2024\/01\/IMG_1606-Medium-750x1125.jpg 750w\" sizes=\"auto, (max-width: 768px) 100vw, 768px\" \/> <img loading=\"lazy\" decoding=\"async\" class=\"alignnone wp-image-81365 size-full\" src=\"http:\/\/www.celttv.com.ar\/wp-content\/uploads\/2024\/01\/IMG_1607-Medium.jpg\" alt=\"\" width=\"1152\" height=\"768\" srcset=\"https:\/\/www.celttv.com.ar\/wp-content\/uploads\/2024\/01\/IMG_1607-Medium.jpg 1152w, https:\/\/www.celttv.com.ar\/wp-content\/uploads\/2024\/01\/IMG_1607-Medium-300x200.jpg 300w, https:\/\/www.celttv.com.ar\/wp-content\/uploads\/2024\/01\/IMG_1607-Medium-1024x683.jpg 1024w, https:\/\/www.celttv.com.ar\/wp-content\/uploads\/2024\/01\/IMG_1607-Medium-768x512.jpg 768w, https:\/\/www.celttv.com.ar\/wp-content\/uploads\/2024\/01\/IMG_1607-Medium-750x500.jpg 750w, https:\/\/www.celttv.com.ar\/wp-content\/uploads\/2024\/01\/IMG_1607-Medium-1140x760.jpg 1140w\" sizes=\"auto, (max-width: 1152px) 100vw, 1152px\" \/> <img loading=\"lazy\" decoding=\"async\" class=\"alignnone wp-image-81366 size-full\" src=\"http:\/\/www.celttv.com.ar\/wp-content\/uploads\/2024\/01\/IMG_1608-Medium.jpg\" alt=\"\" width=\"1152\" height=\"768\" srcset=\"https:\/\/www.celttv.com.ar\/wp-content\/uploads\/2024\/01\/IMG_1608-Medium.jpg 1152w, https:\/\/www.celttv.com.ar\/wp-content\/uploads\/2024\/01\/IMG_1608-Medium-300x200.jpg 300w, https:\/\/www.celttv.com.ar\/wp-content\/uploads\/2024\/01\/IMG_1608-Medium-1024x683.jpg 1024w, https:\/\/www.celttv.com.ar\/wp-content\/uploads\/2024\/01\/IMG_1608-Medium-768x512.jpg 768w, https:\/\/www.celttv.com.ar\/wp-content\/uploads\/2024\/01\/IMG_1608-Medium-750x500.jpg 750w, https:\/\/www.celttv.com.ar\/wp-content\/uploads\/2024\/01\/IMG_1608-Medium-1140x760.jpg 1140w\" sizes=\"auto, (max-width: 1152px) 100vw, 1152px\" \/> <img loading=\"lazy\" decoding=\"async\" class=\"alignnone wp-image-81367 size-full\" src=\"http:\/\/www.celttv.com.ar\/wp-content\/uploads\/2024\/01\/IMG_1609-Medium.jpg\" alt=\"\" width=\"1152\" height=\"768\" srcset=\"https:\/\/www.celttv.com.ar\/wp-content\/uploads\/2024\/01\/IMG_1609-Medium.jpg 1152w, https:\/\/www.celttv.com.ar\/wp-content\/uploads\/2024\/01\/IMG_1609-Medium-300x200.jpg 300w, https:\/\/www.celttv.com.ar\/wp-content\/uploads\/2024\/01\/IMG_1609-Medium-1024x683.jpg 1024w, https:\/\/www.celttv.com.ar\/wp-content\/uploads\/2024\/01\/IMG_1609-Medium-768x512.jpg 768w, https:\/\/www.celttv.com.ar\/wp-content\/uploads\/2024\/01\/IMG_1609-Medium-750x500.jpg 750w, https:\/\/www.celttv.com.ar\/wp-content\/uploads\/2024\/01\/IMG_1609-Medium-1140x760.jpg 1140w\" sizes=\"auto, (max-width: 1152px) 100vw, 1152px\" \/> <img loading=\"lazy\" decoding=\"async\" class=\"alignnone wp-image-81368 size-full\" src=\"http:\/\/www.celttv.com.ar\/wp-content\/uploads\/2024\/01\/IMG_1610-Medium.jpg\" alt=\"\" width=\"1152\" height=\"768\" srcset=\"https:\/\/www.celttv.com.ar\/wp-content\/uploads\/2024\/01\/IMG_1610-Medium.jpg 1152w, https:\/\/www.celttv.com.ar\/wp-content\/uploads\/2024\/01\/IMG_1610-Medium-300x200.jpg 300w, https:\/\/www.celttv.com.ar\/wp-content\/uploads\/2024\/01\/IMG_1610-Medium-1024x683.jpg 1024w, https:\/\/www.celttv.com.ar\/wp-content\/uploads\/2024\/01\/IMG_1610-Medium-768x512.jpg 768w, https:\/\/www.celttv.com.ar\/wp-content\/uploads\/2024\/01\/IMG_1610-Medium-750x500.jpg 750w, https:\/\/www.celttv.com.ar\/wp-content\/uploads\/2024\/01\/IMG_1610-Medium-1140x760.jpg 1140w\" sizes=\"auto, (max-width: 1152px) 100vw, 1152px\" \/> \u00a0<img loading=\"lazy\" decoding=\"async\" class=\"alignnone wp-image-81370 size-large\" src=\"http:\/\/www.celttv.com.ar\/wp-content\/uploads\/2024\/01\/IMG_1612-Medium-1024x683.jpg\" alt=\"\" width=\"1024\" height=\"683\" srcset=\"https:\/\/www.celttv.com.ar\/wp-content\/uploads\/2024\/01\/IMG_1612-Medium-1024x683.jpg 1024w, https:\/\/www.celttv.com.ar\/wp-content\/uploads\/2024\/01\/IMG_1612-Medium-300x200.jpg 300w, https:\/\/www.celttv.com.ar\/wp-content\/uploads\/2024\/01\/IMG_1612-Medium-768x512.jpg 768w, https:\/\/www.celttv.com.ar\/wp-content\/uploads\/2024\/01\/IMG_1612-Medium-750x500.jpg 750w, https:\/\/www.celttv.com.ar\/wp-content\/uploads\/2024\/01\/IMG_1612-Medium-1140x760.jpg 1140w, https:\/\/www.celttv.com.ar\/wp-content\/uploads\/2024\/01\/IMG_1612-Medium.jpg 1152w\" sizes=\"auto, (max-width: 1024px) 100vw, 1024px\" \/> <img loading=\"lazy\" decoding=\"async\" class=\"alignnone wp-image-81371 size-full\" src=\"http:\/\/www.celttv.com.ar\/wp-content\/uploads\/2024\/01\/IMG_1613-Medium.jpg\" alt=\"\" width=\"1152\" height=\"768\" srcset=\"https:\/\/www.celttv.com.ar\/wp-content\/uploads\/2024\/01\/IMG_1613-Medium.jpg 1152w, https:\/\/www.celttv.com.ar\/wp-content\/uploads\/2024\/01\/IMG_1613-Medium-300x200.jpg 300w, https:\/\/www.celttv.com.ar\/wp-content\/uploads\/2024\/01\/IMG_1613-Medium-1024x683.jpg 1024w, https:\/\/www.celttv.com.ar\/wp-content\/uploads\/2024\/01\/IMG_1613-Medium-768x512.jpg 768w, https:\/\/www.celttv.com.ar\/wp-content\/uploads\/2024\/01\/IMG_1613-Medium-750x500.jpg 750w, https:\/\/www.celttv.com.ar\/wp-content\/uploads\/2024\/01\/IMG_1613-Medium-1140x760.jpg 1140w\" sizes=\"auto, (max-width: 1152px) 100vw, 1152px\" \/> <img loading=\"lazy\" decoding=\"async\" class=\"alignnone wp-image-81372 size-full\" src=\"http:\/\/www.celttv.com.ar\/wp-content\/uploads\/2024\/01\/IMG_1614-Medium.jpg\" alt=\"\" width=\"1152\" height=\"768\" srcset=\"https:\/\/www.celttv.com.ar\/wp-content\/uploads\/2024\/01\/IMG_1614-Medium.jpg 1152w, https:\/\/www.celttv.com.ar\/wp-content\/uploads\/2024\/01\/IMG_1614-Medium-300x200.jpg 300w, https:\/\/www.celttv.com.ar\/wp-content\/uploads\/2024\/01\/IMG_1614-Medium-1024x683.jpg 1024w, https:\/\/www.celttv.com.ar\/wp-content\/uploads\/2024\/01\/IMG_1614-Medium-768x512.jpg 768w, https:\/\/www.celttv.com.ar\/wp-content\/uploads\/2024\/01\/IMG_1614-Medium-750x500.jpg 750w, https:\/\/www.celttv.com.ar\/wp-content\/uploads\/2024\/01\/IMG_1614-Medium-1140x760.jpg 1140w\" sizes=\"auto, (max-width: 1152px) 100vw, 1152px\" \/><\/p>\n<p>&nbsp;<\/p>\n","protected":false},"excerpt":{"rendered":"<p>Convocados por el HCD. asistieron a la sesi\u00f3n extrordinaria de anoche el Dr. Luciano Fontanes (Bromatolog\u00eda y Zoonosis) y el Ing. Bruno Paez (Secretario de Obras y Servicios P\u00fablicos) quienes expusieron ampliamente sobre la problem\u00e1tica del agua en Villa Ventana y los factores que dieron origen a la rotura de motores de bombas que impulsan [&hellip;]<\/p>\n","protected":false},"author":5,"featured_media":81371,"comment_status":"closed","ping_status":"closed","sticky":false,"template":"","format":"standard","meta":{"footnotes":""},"categories":[1],"tags":[],"class_list":["post-81362","post","type-post","status-publish","format-standard","has-post-thumbnail","hentry","category-sin-categoria"],"yoast_head":"<!-- This site is optimized with the Yoast SEO plugin v19.7.1 - https:\/\/yoast.com\/wordpress\/plugins\/seo\/ -->\n<title>Funcionarios municipales informaron sobre la situaci\u00f3n del agua en Villa Ventana (video de la sesi\u00f3n y alocuciones) - CELTTV<\/title>\n<meta name=\"description\" content=\"Sitio web de noticias de la localidad de Tornquist, provincia de Buenos Aires, Rep\u00fablica Argentina. Contenido propio originado por periodistas de CELTTV, el canal de TV local de la Cooperativa El\u00e9ctrica de Tornquist. Turismo, Pol\u00edtica, Sociedad, Deporte, Cultura y todo el contenido de inter\u00e9s general que la gente del pueblo y la regi\u00f3n debe conocer.\" \/>\n<meta name=\"robots\" content=\"index, follow, max-snippet:-1, max-image-preview:large, max-video-preview:-1\" \/>\n<link rel=\"canonical\" href=\"https:\/\/www.celttv.com.ar\/index.php\/2024\/01\/10\/funcionarios-municipales-informaron-sobre-la-situacion-del-agua-en-villa-ventana-video-de-la-sesion-y-alocuciones\/\" \/>\n<meta property=\"og:locale\" content=\"es_ES\" \/>\n<meta property=\"og:type\" content=\"article\" \/>\n<meta property=\"og:title\" content=\"Funcionarios municipales informaron sobre la situaci\u00f3n del agua en Villa Ventana (video de la sesi\u00f3n y alocuciones) - CELTTV\" \/>\n<meta property=\"og:description\" content=\"Sitio web de noticias de la localidad de Tornquist, provincia de Buenos Aires, Rep\u00fablica Argentina. Contenido propio originado por periodistas de CELTTV, el canal de TV local de la Cooperativa El\u00e9ctrica de Tornquist. Turismo, Pol\u00edtica, Sociedad, Deporte, Cultura y todo el contenido de inter\u00e9s general que la gente del pueblo y la regi\u00f3n debe conocer.\" \/>\n<meta property=\"og:url\" content=\"https:\/\/www.celttv.com.ar\/index.php\/2024\/01\/10\/funcionarios-municipales-informaron-sobre-la-situacion-del-agua-en-villa-ventana-video-de-la-sesion-y-alocuciones\/\" \/>\n<meta property=\"og:site_name\" content=\"CELTTV\" \/>\n<meta property=\"article:publisher\" content=\"https:\/\/www.facebook.com\/celtTV\/\" \/>\n<meta property=\"article:published_time\" content=\"2024-01-10T20:37:32+00:00\" \/>\n<meta property=\"og:image\" content=\"https:\/\/www.celttv.com.ar\/wp-content\/uploads\/2024\/01\/IMG_1613-Medium.jpg\" \/>\n\t<meta property=\"og:image:width\" content=\"1152\" \/>\n\t<meta property=\"og:image:height\" content=\"768\" \/>\n\t<meta property=\"og:image:type\" content=\"image\/jpeg\" \/>\n<meta name=\"author\" content=\"Miguel Herrada\" \/>\n<meta name=\"twitter:card\" content=\"summary_large_image\" \/>\n<meta name=\"twitter:label1\" content=\"Escrito por\" \/>\n\t<meta name=\"twitter:data1\" content=\"Miguel Herrada\" \/>\n\t<meta name=\"twitter:label2\" content=\"Tiempo de lectura\" \/>\n\t<meta name=\"twitter:data2\" content=\"1 minuto\" \/>\n<script type=\"application\/ld+json\" class=\"yoast-schema-graph\">{\"@context\":\"https:\/\/schema.org\",\"@graph\":[{\"@type\":\"NewsArticle\",\"@id\":\"https:\/\/www.celttv.com.ar\/index.php\/2024\/01\/10\/funcionarios-municipales-informaron-sobre-la-situacion-del-agua-en-villa-ventana-video-de-la-sesion-y-alocuciones\/#article\",\"isPartOf\":{\"@id\":\"https:\/\/www.celttv.com.ar\/index.php\/2024\/01\/10\/funcionarios-municipales-informaron-sobre-la-situacion-del-agua-en-villa-ventana-video-de-la-sesion-y-alocuciones\/\"},\"author\":{\"name\":\"Miguel Herrada\",\"@id\":\"https:\/\/www.celttv.com.ar\/#\/schema\/person\/9059dc91dc7204ef4182cdb65225f07d\"},\"headline\":\"Funcionarios municipales informaron sobre la situaci\u00f3n del agua en Villa Ventana (video de la sesi\u00f3n y alocuciones)\",\"datePublished\":\"2024-01-10T20:37:32+00:00\",\"dateModified\":\"2024-01-10T20:37:32+00:00\",\"mainEntityOfPage\":{\"@id\":\"https:\/\/www.celttv.com.ar\/index.php\/2024\/01\/10\/funcionarios-municipales-informaron-sobre-la-situacion-del-agua-en-villa-ventana-video-de-la-sesion-y-alocuciones\/\"},\"wordCount\":277,\"publisher\":{\"@id\":\"https:\/\/www.celttv.com.ar\/#organization\"},\"inLanguage\":\"es\"},{\"@type\":\"WebPage\",\"@id\":\"https:\/\/www.celttv.com.ar\/index.php\/2024\/01\/10\/funcionarios-municipales-informaron-sobre-la-situacion-del-agua-en-villa-ventana-video-de-la-sesion-y-alocuciones\/\",\"url\":\"https:\/\/www.celttv.com.ar\/index.php\/2024\/01\/10\/funcionarios-municipales-informaron-sobre-la-situacion-del-agua-en-villa-ventana-video-de-la-sesion-y-alocuciones\/\",\"name\":\"Funcionarios municipales informaron sobre la situaci\u00f3n del agua en Villa Ventana (video de la sesi\u00f3n y alocuciones) - CELTTV\",\"isPartOf\":{\"@id\":\"https:\/\/www.celttv.com.ar\/#website\"},\"datePublished\":\"2024-01-10T20:37:32+00:00\",\"dateModified\":\"2024-01-10T20:37:32+00:00\",\"description\":\"Sitio web de noticias de la localidad de Tornquist, provincia de Buenos Aires, Rep\u00fablica Argentina. Contenido propio originado por periodistas de CELTTV, el canal de TV local de la Cooperativa El\u00e9ctrica de Tornquist. Turismo, Pol\u00edtica, Sociedad, Deporte, Cultura y todo el contenido de inter\u00e9s general que la gente del pueblo y la regi\u00f3n debe conocer.\",\"breadcrumb\":{\"@id\":\"https:\/\/www.celttv.com.ar\/index.php\/2024\/01\/10\/funcionarios-municipales-informaron-sobre-la-situacion-del-agua-en-villa-ventana-video-de-la-sesion-y-alocuciones\/#breadcrumb\"},\"inLanguage\":\"es\",\"potentialAction\":[{\"@type\":\"ReadAction\",\"target\":[\"https:\/\/www.celttv.com.ar\/index.php\/2024\/01\/10\/funcionarios-municipales-informaron-sobre-la-situacion-del-agua-en-villa-ventana-video-de-la-sesion-y-alocuciones\/\"]}]},{\"@type\":\"BreadcrumbList\",\"@id\":\"https:\/\/www.celttv.com.ar\/index.php\/2024\/01\/10\/funcionarios-municipales-informaron-sobre-la-situacion-del-agua-en-villa-ventana-video-de-la-sesion-y-alocuciones\/#breadcrumb\",\"itemListElement\":[{\"@type\":\"ListItem\",\"position\":1,\"name\":\"Inicio\",\"item\":\"https:\/\/www.celttv.com.ar\/\"},{\"@type\":\"ListItem\",\"position\":2,\"name\":\"Funcionarios municipales informaron sobre la situaci\u00f3n del agua en Villa Ventana (video de la sesi\u00f3n y alocuciones)\"}]},{\"@type\":\"WebSite\",\"@id\":\"https:\/\/www.celttv.com.ar\/#website\",\"url\":\"https:\/\/www.celttv.com.ar\/\",\"name\":\"CELTTV\",\"description\":\"Cooperativa El\u00e9ctrica de Tornquist\",\"publisher\":{\"@id\":\"https:\/\/www.celttv.com.ar\/#organization\"},\"potentialAction\":[{\"@type\":\"SearchAction\",\"target\":{\"@type\":\"EntryPoint\",\"urlTemplate\":\"https:\/\/www.celttv.com.ar\/?s={search_term_string}\"},\"query-input\":\"required name=search_term_string\"}],\"inLanguage\":\"es\"},{\"@type\":\"Organization\",\"@id\":\"https:\/\/www.celttv.com.ar\/#organization\",\"name\":\"CELTTV\",\"url\":\"https:\/\/www.celttv.com.ar\/\",\"sameAs\":[\"https:\/\/www.youtube.com\/channel\/UCz_oIt8Hig64Ub-EmcNPIhg\",\"https:\/\/www.facebook.com\/celtTV\/\"],\"logo\":{\"@type\":\"ImageObject\",\"inLanguage\":\"es\",\"@id\":\"https:\/\/www.celttv.com.ar\/#\/schema\/logo\/image\/\",\"url\":\"http:\/\/www.celttv.com.ar\/wp-content\/uploads\/2022\/08\/logo-1.png\",\"contentUrl\":\"http:\/\/www.celttv.com.ar\/wp-content\/uploads\/2022\/08\/logo-1.png\",\"width\":461,\"height\":159,\"caption\":\"CELTTV\"},\"image\":{\"@id\":\"https:\/\/www.celttv.com.ar\/#\/schema\/logo\/image\/\"}},{\"@type\":\"Person\",\"@id\":\"https:\/\/www.celttv.com.ar\/#\/schema\/person\/9059dc91dc7204ef4182cdb65225f07d\",\"name\":\"Miguel Herrada\",\"image\":{\"@type\":\"ImageObject\",\"inLanguage\":\"es\",\"@id\":\"https:\/\/www.celttv.com.ar\/#\/schema\/person\/image\/\",\"url\":\"https:\/\/secure.gravatar.com\/avatar\/67724d5b3c716623ffd76bec7e45841a442ac3b456e914dbba90b0fad2b8e0b1?s=96&d=mm&r=g\",\"contentUrl\":\"https:\/\/secure.gravatar.com\/avatar\/67724d5b3c716623ffd76bec7e45841a442ac3b456e914dbba90b0fad2b8e0b1?s=96&d=mm&r=g\",\"caption\":\"Miguel Herrada\"}}]}<\/script>\n<!-- \/ Yoast SEO plugin. -->","yoast_head_json":{"title":"Funcionarios municipales informaron sobre la situaci\u00f3n del agua en Villa Ventana (video de la sesi\u00f3n y alocuciones) - CELTTV","description":"Sitio web de noticias de la localidad de Tornquist, provincia de Buenos Aires, Rep\u00fablica Argentina. Contenido propio originado por periodistas de CELTTV, el canal de TV local de la Cooperativa El\u00e9ctrica de Tornquist. Turismo, Pol\u00edtica, Sociedad, Deporte, Cultura y todo el contenido de inter\u00e9s general que la gente del pueblo y la regi\u00f3n debe conocer.","robots":{"index":"index","follow":"follow","max-snippet":"max-snippet:-1","max-image-preview":"max-image-preview:large","max-video-preview":"max-video-preview:-1"},"canonical":"https:\/\/www.celttv.com.ar\/index.php\/2024\/01\/10\/funcionarios-municipales-informaron-sobre-la-situacion-del-agua-en-villa-ventana-video-de-la-sesion-y-alocuciones\/","og_locale":"es_ES","og_type":"article","og_title":"Funcionarios municipales informaron sobre la situaci\u00f3n del agua en Villa Ventana (video de la sesi\u00f3n y alocuciones) - CELTTV","og_description":"Sitio web de noticias de la localidad de Tornquist, provincia de Buenos Aires, Rep\u00fablica Argentina. Contenido propio originado por periodistas de CELTTV, el canal de TV local de la Cooperativa El\u00e9ctrica de Tornquist. Turismo, Pol\u00edtica, Sociedad, Deporte, Cultura y todo el contenido de inter\u00e9s general que la gente del pueblo y la regi\u00f3n debe conocer.","og_url":"https:\/\/www.celttv.com.ar\/index.php\/2024\/01\/10\/funcionarios-municipales-informaron-sobre-la-situacion-del-agua-en-villa-ventana-video-de-la-sesion-y-alocuciones\/","og_site_name":"CELTTV","article_publisher":"https:\/\/www.facebook.com\/celtTV\/","article_published_time":"2024-01-10T20:37:32+00:00","og_image":[{"width":1152,"height":768,"url":"https:\/\/www.celttv.com.ar\/wp-content\/uploads\/2024\/01\/IMG_1613-Medium.jpg","type":"image\/jpeg"}],"author":"Miguel Herrada","twitter_card":"summary_large_image","twitter_misc":{"Escrito por":"Miguel Herrada","Tiempo de lectura":"1 minuto"},"schema":{"@context":"https:\/\/schema.org","@graph":[{"@type":"NewsArticle","@id":"https:\/\/www.celttv.com.ar\/index.php\/2024\/01\/10\/funcionarios-municipales-informaron-sobre-la-situacion-del-agua-en-villa-ventana-video-de-la-sesion-y-alocuciones\/#article","isPartOf":{"@id":"https:\/\/www.celttv.com.ar\/index.php\/2024\/01\/10\/funcionarios-municipales-informaron-sobre-la-situacion-del-agua-en-villa-ventana-video-de-la-sesion-y-alocuciones\/"},"author":{"name":"Miguel Herrada","@id":"https:\/\/www.celttv.com.ar\/#\/schema\/person\/9059dc91dc7204ef4182cdb65225f07d"},"headline":"Funcionarios municipales informaron sobre la situaci\u00f3n del agua en Villa Ventana (video de la sesi\u00f3n y alocuciones)","datePublished":"2024-01-10T20:37:32+00:00","dateModified":"2024-01-10T20:37:32+00:00","mainEntityOfPage":{"@id":"https:\/\/www.celttv.com.ar\/index.php\/2024\/01\/10\/funcionarios-municipales-informaron-sobre-la-situacion-del-agua-en-villa-ventana-video-de-la-sesion-y-alocuciones\/"},"wordCount":277,"publisher":{"@id":"https:\/\/www.celttv.com.ar\/#organization"},"inLanguage":"es"},{"@type":"WebPage","@id":"https:\/\/www.celttv.com.ar\/index.php\/2024\/01\/10\/funcionarios-municipales-informaron-sobre-la-situacion-del-agua-en-villa-ventana-video-de-la-sesion-y-alocuciones\/","url":"https:\/\/www.celttv.com.ar\/index.php\/2024\/01\/10\/funcionarios-municipales-informaron-sobre-la-situacion-del-agua-en-villa-ventana-video-de-la-sesion-y-alocuciones\/","name":"Funcionarios municipales informaron sobre la situaci\u00f3n del agua en Villa Ventana (video de la sesi\u00f3n y alocuciones) - CELTTV","isPartOf":{"@id":"https:\/\/www.celttv.com.ar\/#website"},"datePublished":"2024-01-10T20:37:32+00:00","dateModified":"2024-01-10T20:37:32+00:00","description":"Sitio web de noticias de la localidad de Tornquist, provincia de Buenos Aires, Rep\u00fablica Argentina. Contenido propio originado por periodistas de CELTTV, el canal de TV local de la Cooperativa El\u00e9ctrica de Tornquist. Turismo, Pol\u00edtica, Sociedad, Deporte, Cultura y todo el contenido de inter\u00e9s general que la gente del pueblo y la regi\u00f3n debe conocer.","breadcrumb":{"@id":"https:\/\/www.celttv.com.ar\/index.php\/2024\/01\/10\/funcionarios-municipales-informaron-sobre-la-situacion-del-agua-en-villa-ventana-video-de-la-sesion-y-alocuciones\/#breadcrumb"},"inLanguage":"es","potentialAction":[{"@type":"ReadAction","target":["https:\/\/www.celttv.com.ar\/index.php\/2024\/01\/10\/funcionarios-municipales-informaron-sobre-la-situacion-del-agua-en-villa-ventana-video-de-la-sesion-y-alocuciones\/"]}]},{"@type":"BreadcrumbList","@id":"https:\/\/www.celttv.com.ar\/index.php\/2024\/01\/10\/funcionarios-municipales-informaron-sobre-la-situacion-del-agua-en-villa-ventana-video-de-la-sesion-y-alocuciones\/#breadcrumb","itemListElement":[{"@type":"ListItem","position":1,"name":"Inicio","item":"https:\/\/www.celttv.com.ar\/"},{"@type":"ListItem","position":2,"name":"Funcionarios municipales informaron sobre la situaci\u00f3n del agua en Villa Ventana (video de la sesi\u00f3n y alocuciones)"}]},{"@type":"WebSite","@id":"https:\/\/www.celttv.com.ar\/#website","url":"https:\/\/www.celttv.com.ar\/","name":"CELTTV","description":"Cooperativa El\u00e9ctrica de Tornquist","publisher":{"@id":"https:\/\/www.celttv.com.ar\/#organization"},"potentialAction":[{"@type":"SearchAction","target":{"@type":"EntryPoint","urlTemplate":"https:\/\/www.celttv.com.ar\/?s={search_term_string}"},"query-input":"required name=search_term_string"}],"inLanguage":"es"},{"@type":"Organization","@id":"https:\/\/www.celttv.com.ar\/#organization","name":"CELTTV","url":"https:\/\/www.celttv.com.ar\/","sameAs":["https:\/\/www.youtube.com\/channel\/UCz_oIt8Hig64Ub-EmcNPIhg","https:\/\/www.facebook.com\/celtTV\/"],"logo":{"@type":"ImageObject","inLanguage":"es","@id":"https:\/\/www.celttv.com.ar\/#\/schema\/logo\/image\/","url":"http:\/\/www.celttv.com.ar\/wp-content\/uploads\/2022\/08\/logo-1.png","contentUrl":"http:\/\/www.celttv.com.ar\/wp-content\/uploads\/2022\/08\/logo-1.png","width":461,"height":159,"caption":"CELTTV"},"image":{"@id":"https:\/\/www.celttv.com.ar\/#\/schema\/logo\/image\/"}},{"@type":"Person","@id":"https:\/\/www.celttv.com.ar\/#\/schema\/person\/9059dc91dc7204ef4182cdb65225f07d","name":"Miguel Herrada","image":{"@type":"ImageObject","inLanguage":"es","@id":"https:\/\/www.celttv.com.ar\/#\/schema\/person\/image\/","url":"https:\/\/secure.gravatar.com\/avatar\/67724d5b3c716623ffd76bec7e45841a442ac3b456e914dbba90b0fad2b8e0b1?s=96&d=mm&r=g","contentUrl":"https:\/\/secure.gravatar.com\/avatar\/67724d5b3c716623ffd76bec7e45841a442ac3b456e914dbba90b0fad2b8e0b1?s=96&d=mm&r=g","caption":"Miguel Herrada"}}]}},"_links":{"self":[{"href":"https:\/\/www.celttv.com.ar\/index.php\/wp-json\/wp\/v2\/posts\/81362","targetHints":{"allow":["GET"]}}],"collection":[{"href":"https:\/\/www.celttv.com.ar\/index.php\/wp-json\/wp\/v2\/posts"}],"about":[{"href":"https:\/\/www.celttv.com.ar\/index.php\/wp-json\/wp\/v2\/types\/post"}],"author":[{"embeddable":true,"href":"https:\/\/www.celttv.com.ar\/index.php\/wp-json\/wp\/v2\/users\/5"}],"replies":[{"embeddable":true,"href":"https:\/\/www.celttv.com.ar\/index.php\/wp-json\/wp\/v2\/comments?post=81362"}],"version-history":[{"count":3,"href":"https:\/\/www.celttv.com.ar\/index.php\/wp-json\/wp\/v2\/posts\/81362\/revisions"}],"predecessor-version":[{"id":81379,"href":"https:\/\/www.celttv.com.ar\/index.php\/wp-json\/wp\/v2\/posts\/81362\/revisions\/81379"}],"wp:featuredmedia":[{"embeddable":true,"href":"https:\/\/www.celttv.com.ar\/index.php\/wp-json\/wp\/v2\/media\/81371"}],"wp:attachment":[{"href":"https:\/\/www.celttv.com.ar\/index.php\/wp-json\/wp\/v2\/media?parent=81362"}],"wp:term":[{"taxonomy":"category","embeddable":true,"href":"https:\/\/www.celttv.com.ar\/index.php\/wp-json\/wp\/v2\/categories?post=81362"},{"taxonomy":"post_tag","embeddable":true,"href":"https:\/\/www.celttv.com.ar\/index.php\/wp-json\/wp\/v2\/tags?post=81362"}],"curies":[{"name":"wp","href":"https:\/\/api.w.org\/{rel}","templated":true}]}}