{"id":81537,"date":"2024-01-16T23:42:04","date_gmt":"2024-01-17T02:42:04","guid":{"rendered":"https:\/\/www.celttv.com.ar\/?p=81537"},"modified":"2024-01-16T23:42:04","modified_gmt":"2024-01-17T02:42:04","slug":"dengue-comunicado-de-la-secretaria-de-salud","status":"publish","type":"post","link":"https:\/\/www.celttv.com.ar\/index.php\/2024\/01\/16\/dengue-comunicado-de-la-secretaria-de-salud\/","title":{"rendered":"Dengue: Comunicado de la Secretar\u00eda de Salud"},"content":{"rendered":"<p class=\"Gotham\" style=\"text-align: justify;\"><span style=\"font-size: 11.0pt; line-height: 107%; font-family: 'Arial','sans-serif';\">La Secretar\u00eda de Salud de Tornquist Municipio informa que, d\u00edas pasados, ingres\u00f3 al Hospital Menor &#8216;Dr. Emilio Aldaya&#8217; de Sierra de la Ventana, un paciente con posibles s\u00edntomas de dengue.<\/span><\/p>\n<p class=\"Gotham\" style=\"text-align: justify;\"><span style=\"font-size: 11.0pt; line-height: 107%; font-family: 'Arial','sans-serif';\">Inmediatamente, se le practicaron los estudios m\u00e9dicos correspondientes, arrojando resultado positivo de la enfermedad. <\/span><\/p>\n<p class=\"Gotham\" style=\"text-align: justify;\"><span style=\"font-size: 11.0pt; line-height: 107%; font-family: 'Arial','sans-serif';\">Cabe resaltar que, el caso es importado, no aut\u00f3ctono, ya que el contagio se produjo en otro pa\u00eds, del que la persona afectada arrib\u00f3 horas antes de presentarse en el nosocomio.<\/span><\/p>\n<p class=\"Gotham\" style=\"text-align: justify;\"><span style=\"font-size: 11.0pt; line-height: 107%; font-family: 'Arial','sans-serif';\">No obstante, como medida preventiva, la Subsecretar\u00eda de Bromatolog\u00eda y Zoonosis viene realizando muestreos en distintos puntos del distrito, no detect\u00e1ndose la presencia de larvas de Aedes Aegypti.<\/span><\/p>\n<p class=\"Gotham\" style=\"text-align: justify;\"><span style=\"font-size: 11.0pt; line-height: 107%; font-family: 'Arial','sans-serif';\">El dengue es una enfermedad que se transmite por la picadura de mosquitos infectados, por lo que se recomienda a la poblaci\u00f3n eliminar posibles criaderos en cada uno de nuestros domicilios, vaciando, girando o tapando todos los objetos que acumulen agua, tanto en el interior como en el exterior, evitando as\u00ed que el mosquito no tenga lugar donde colocar sus huevos.<\/span><\/p>\n<p class=\"Gotham\" style=\"text-align: justify;\"><span style=\"font-size: 11.0pt; line-height: 107%; font-family: 'Arial','sans-serif';\">Los s\u00edntomas pueden ser fiebre y dolor de cabeza, dolor articular o muscular, sarpullido o erupci\u00f3n en la piel, dolor detr\u00e1s de los ojos, nauseas o v\u00f3mitos, y dolor abdominal. Ante la presencia de alguno de ellos, beber abundante agua, no automedicarse y consultar al centro de salud m\u00e1s cercano.<\/span><\/p>\n<p><img loading=\"lazy\" decoding=\"async\" class=\"alignnone wp-image-81538 size-full\" src=\"https:\/\/www.celttv.com.ar\/wp-content\/uploads\/2024\/01\/Prevencion-dengue-1.jpeg\" alt=\"\" width=\"1600\" height=\"1600\" srcset=\"https:\/\/www.celttv.com.ar\/wp-content\/uploads\/2024\/01\/Prevencion-dengue-1.jpeg 1600w, https:\/\/www.celttv.com.ar\/wp-content\/uploads\/2024\/01\/Prevencion-dengue-1-300x300.jpeg 300w, https:\/\/www.celttv.com.ar\/wp-content\/uploads\/2024\/01\/Prevencion-dengue-1-1024x1024.jpeg 1024w, https:\/\/www.celttv.com.ar\/wp-content\/uploads\/2024\/01\/Prevencion-dengue-1-150x150.jpeg 150w, https:\/\/www.celttv.com.ar\/wp-content\/uploads\/2024\/01\/Prevencion-dengue-1-768x768.jpeg 768w, https:\/\/www.celttv.com.ar\/wp-content\/uploads\/2024\/01\/Prevencion-dengue-1-1536x1536.jpeg 1536w, https:\/\/www.celttv.com.ar\/wp-content\/uploads\/2024\/01\/Prevencion-dengue-1-75x75.jpeg 75w, https:\/\/www.celttv.com.ar\/wp-content\/uploads\/2024\/01\/Prevencion-dengue-1-750x750.jpeg 750w, https:\/\/www.celttv.com.ar\/wp-content\/uploads\/2024\/01\/Prevencion-dengue-1-1140x1140.jpeg 1140w\" sizes=\"auto, (max-width: 1600px) 100vw, 1600px\" \/> <img loading=\"lazy\" decoding=\"async\" class=\"alignnone wp-image-81539 size-full\" src=\"https:\/\/www.celttv.com.ar\/wp-content\/uploads\/2024\/01\/Prevencion-dengue-2.jpeg\" alt=\"\" width=\"1600\" height=\"1600\" srcset=\"https:\/\/www.celttv.com.ar\/wp-content\/uploads\/2024\/01\/Prevencion-dengue-2.jpeg 1600w, https:\/\/www.celttv.com.ar\/wp-content\/uploads\/2024\/01\/Prevencion-dengue-2-300x300.jpeg 300w, https:\/\/www.celttv.com.ar\/wp-content\/uploads\/2024\/01\/Prevencion-dengue-2-1024x1024.jpeg 1024w, https:\/\/www.celttv.com.ar\/wp-content\/uploads\/2024\/01\/Prevencion-dengue-2-150x150.jpeg 150w, https:\/\/www.celttv.com.ar\/wp-content\/uploads\/2024\/01\/Prevencion-dengue-2-768x768.jpeg 768w, https:\/\/www.celttv.com.ar\/wp-content\/uploads\/2024\/01\/Prevencion-dengue-2-1536x1536.jpeg 1536w, https:\/\/www.celttv.com.ar\/wp-content\/uploads\/2024\/01\/Prevencion-dengue-2-75x75.jpeg 75w, https:\/\/www.celttv.com.ar\/wp-content\/uploads\/2024\/01\/Prevencion-dengue-2-750x750.jpeg 750w, https:\/\/www.celttv.com.ar\/wp-content\/uploads\/2024\/01\/Prevencion-dengue-2-1140x1140.jpeg 1140w\" sizes=\"auto, (max-width: 1600px) 100vw, 1600px\" \/> <img loading=\"lazy\" decoding=\"async\" class=\"alignnone wp-image-81540 size-full\" src=\"https:\/\/www.celttv.com.ar\/wp-content\/uploads\/2024\/01\/Prevencion-dengue-3.jpeg\" alt=\"\" width=\"1600\" height=\"1600\" srcset=\"https:\/\/www.celttv.com.ar\/wp-content\/uploads\/2024\/01\/Prevencion-dengue-3.jpeg 1600w, https:\/\/www.celttv.com.ar\/wp-content\/uploads\/2024\/01\/Prevencion-dengue-3-300x300.jpeg 300w, https:\/\/www.celttv.com.ar\/wp-content\/uploads\/2024\/01\/Prevencion-dengue-3-1024x1024.jpeg 1024w, https:\/\/www.celttv.com.ar\/wp-content\/uploads\/2024\/01\/Prevencion-dengue-3-150x150.jpeg 150w, https:\/\/www.celttv.com.ar\/wp-content\/uploads\/2024\/01\/Prevencion-dengue-3-768x768.jpeg 768w, https:\/\/www.celttv.com.ar\/wp-content\/uploads\/2024\/01\/Prevencion-dengue-3-1536x1536.jpeg 1536w, https:\/\/www.celttv.com.ar\/wp-content\/uploads\/2024\/01\/Prevencion-dengue-3-75x75.jpeg 75w, https:\/\/www.celttv.com.ar\/wp-content\/uploads\/2024\/01\/Prevencion-dengue-3-750x750.jpeg 750w, https:\/\/www.celttv.com.ar\/wp-content\/uploads\/2024\/01\/Prevencion-dengue-3-1140x1140.jpeg 1140w\" sizes=\"auto, (max-width: 1600px) 100vw, 1600px\" \/> <img loading=\"lazy\" decoding=\"async\" class=\"alignnone wp-image-81541 size-full\" src=\"https:\/\/www.celttv.com.ar\/wp-content\/uploads\/2024\/01\/Prevencion-dengue-4.jpeg\" alt=\"\" width=\"1600\" height=\"1600\" srcset=\"https:\/\/www.celttv.com.ar\/wp-content\/uploads\/2024\/01\/Prevencion-dengue-4.jpeg 1600w, https:\/\/www.celttv.com.ar\/wp-content\/uploads\/2024\/01\/Prevencion-dengue-4-300x300.jpeg 300w, https:\/\/www.celttv.com.ar\/wp-content\/uploads\/2024\/01\/Prevencion-dengue-4-1024x1024.jpeg 1024w, https:\/\/www.celttv.com.ar\/wp-content\/uploads\/2024\/01\/Prevencion-dengue-4-150x150.jpeg 150w, https:\/\/www.celttv.com.ar\/wp-content\/uploads\/2024\/01\/Prevencion-dengue-4-768x768.jpeg 768w, https:\/\/www.celttv.com.ar\/wp-content\/uploads\/2024\/01\/Prevencion-dengue-4-1536x1536.jpeg 1536w, https:\/\/www.celttv.com.ar\/wp-content\/uploads\/2024\/01\/Prevencion-dengue-4-75x75.jpeg 75w, https:\/\/www.celttv.com.ar\/wp-content\/uploads\/2024\/01\/Prevencion-dengue-4-750x750.jpeg 750w, https:\/\/www.celttv.com.ar\/wp-content\/uploads\/2024\/01\/Prevencion-dengue-4-1140x1140.jpeg 1140w\" sizes=\"auto, (max-width: 1600px) 100vw, 1600px\" \/> <img loading=\"lazy\" decoding=\"async\" class=\"alignnone wp-image-81542 size-full\" src=\"https:\/\/www.celttv.com.ar\/wp-content\/uploads\/2024\/01\/Prevencion-dengue-5.jpeg\" alt=\"\" width=\"1600\" height=\"1600\" srcset=\"https:\/\/www.celttv.com.ar\/wp-content\/uploads\/2024\/01\/Prevencion-dengue-5.jpeg 1600w, https:\/\/www.celttv.com.ar\/wp-content\/uploads\/2024\/01\/Prevencion-dengue-5-300x300.jpeg 300w, https:\/\/www.celttv.com.ar\/wp-content\/uploads\/2024\/01\/Prevencion-dengue-5-1024x1024.jpeg 1024w, https:\/\/www.celttv.com.ar\/wp-content\/uploads\/2024\/01\/Prevencion-dengue-5-150x150.jpeg 150w, https:\/\/www.celttv.com.ar\/wp-content\/uploads\/2024\/01\/Prevencion-dengue-5-768x768.jpeg 768w, https:\/\/www.celttv.com.ar\/wp-content\/uploads\/2024\/01\/Prevencion-dengue-5-1536x1536.jpeg 1536w, https:\/\/www.celttv.com.ar\/wp-content\/uploads\/2024\/01\/Prevencion-dengue-5-75x75.jpeg 75w, https:\/\/www.celttv.com.ar\/wp-content\/uploads\/2024\/01\/Prevencion-dengue-5-750x750.jpeg 750w, https:\/\/www.celttv.com.ar\/wp-content\/uploads\/2024\/01\/Prevencion-dengue-5-1140x1140.jpeg 1140w\" sizes=\"auto, (max-width: 1600px) 100vw, 1600px\" \/> <img loading=\"lazy\" decoding=\"async\" class=\"alignnone wp-image-81543 size-full\" src=\"https:\/\/www.celttv.com.ar\/wp-content\/uploads\/2024\/01\/Prevencion-dengue-6.jpeg\" alt=\"\" width=\"1600\" height=\"1600\" srcset=\"https:\/\/www.celttv.com.ar\/wp-content\/uploads\/2024\/01\/Prevencion-dengue-6.jpeg 1600w, https:\/\/www.celttv.com.ar\/wp-content\/uploads\/2024\/01\/Prevencion-dengue-6-300x300.jpeg 300w, https:\/\/www.celttv.com.ar\/wp-content\/uploads\/2024\/01\/Prevencion-dengue-6-1024x1024.jpeg 1024w, https:\/\/www.celttv.com.ar\/wp-content\/uploads\/2024\/01\/Prevencion-dengue-6-150x150.jpeg 150w, https:\/\/www.celttv.com.ar\/wp-content\/uploads\/2024\/01\/Prevencion-dengue-6-768x768.jpeg 768w, https:\/\/www.celttv.com.ar\/wp-content\/uploads\/2024\/01\/Prevencion-dengue-6-1536x1536.jpeg 1536w, https:\/\/www.celttv.com.ar\/wp-content\/uploads\/2024\/01\/Prevencion-dengue-6-75x75.jpeg 75w, https:\/\/www.celttv.com.ar\/wp-content\/uploads\/2024\/01\/Prevencion-dengue-6-750x750.jpeg 750w, https:\/\/www.celttv.com.ar\/wp-content\/uploads\/2024\/01\/Prevencion-dengue-6-1140x1140.jpeg 1140w\" sizes=\"auto, (max-width: 1600px) 100vw, 1600px\" \/><\/p>\n","protected":false},"excerpt":{"rendered":"<p>La Secretar\u00eda de Salud de Tornquist Municipio informa que, d\u00edas pasados, ingres\u00f3 al Hospital Menor &#8216;Dr. Emilio Aldaya&#8217; de Sierra de la Ventana, un paciente con posibles s\u00edntomas de dengue. Inmediatamente, se le practicaron los estudios m\u00e9dicos correspondientes, arrojando resultado positivo de la enfermedad. Cabe resaltar que, el caso es importado, no aut\u00f3ctono, ya que [&hellip;]<\/p>\n","protected":false},"author":5,"featured_media":81538,"comment_status":"closed","ping_status":"closed","sticky":false,"template":"","format":"standard","meta":{"footnotes":""},"categories":[51,52,59],"tags":[],"class_list":["post-81537","post","type-post","status-publish","format-standard","has-post-thumbnail","hentry","category-comunidad","category-destacadas","category-municipales"],"yoast_head":"<!-- This site is optimized with the Yoast SEO plugin v19.7.1 - https:\/\/yoast.com\/wordpress\/plugins\/seo\/ -->\n<title>Dengue: Comunicado de la Secretar\u00eda de Salud - CELTTV<\/title>\n<meta name=\"description\" content=\"Sitio web de noticias de la localidad de Tornquist, provincia de Buenos Aires, Rep\u00fablica Argentina. Contenido propio originado por periodistas de CELTTV, el canal de TV local de la Cooperativa El\u00e9ctrica de Tornquist. Turismo, Pol\u00edtica, Sociedad, Deporte, Cultura y todo el contenido de inter\u00e9s general que la gente del pueblo y la regi\u00f3n debe conocer.\" \/>\n<meta name=\"robots\" content=\"index, follow, max-snippet:-1, max-image-preview:large, max-video-preview:-1\" \/>\n<link rel=\"canonical\" href=\"https:\/\/www.celttv.com.ar\/index.php\/2024\/01\/16\/dengue-comunicado-de-la-secretaria-de-salud\/\" \/>\n<meta property=\"og:locale\" content=\"es_ES\" \/>\n<meta property=\"og:type\" content=\"article\" \/>\n<meta property=\"og:title\" content=\"Dengue: Comunicado de la Secretar\u00eda de Salud - CELTTV\" \/>\n<meta property=\"og:description\" content=\"Sitio web de noticias de la localidad de Tornquist, provincia de Buenos Aires, Rep\u00fablica Argentina. Contenido propio originado por periodistas de CELTTV, el canal de TV local de la Cooperativa El\u00e9ctrica de Tornquist. Turismo, Pol\u00edtica, Sociedad, Deporte, Cultura y todo el contenido de inter\u00e9s general que la gente del pueblo y la regi\u00f3n debe conocer.\" \/>\n<meta property=\"og:url\" content=\"https:\/\/www.celttv.com.ar\/index.php\/2024\/01\/16\/dengue-comunicado-de-la-secretaria-de-salud\/\" \/>\n<meta property=\"og:site_name\" content=\"CELTTV\" \/>\n<meta property=\"article:publisher\" content=\"https:\/\/www.facebook.com\/celtTV\/\" \/>\n<meta property=\"article:published_time\" content=\"2024-01-17T02:42:04+00:00\" \/>\n<meta property=\"og:image\" content=\"https:\/\/www.celttv.com.ar\/wp-content\/uploads\/2024\/01\/Prevencion-dengue-1.jpeg\" \/>\n\t<meta property=\"og:image:width\" content=\"1600\" \/>\n\t<meta property=\"og:image:height\" content=\"1600\" \/>\n\t<meta property=\"og:image:type\" content=\"image\/jpeg\" \/>\n<meta name=\"author\" content=\"Miguel Herrada\" \/>\n<meta name=\"twitter:card\" content=\"summary_large_image\" \/>\n<meta name=\"twitter:label1\" content=\"Escrito por\" \/>\n\t<meta name=\"twitter:data1\" content=\"Miguel Herrada\" \/>\n\t<meta name=\"twitter:label2\" content=\"Tiempo de lectura\" \/>\n\t<meta name=\"twitter:data2\" content=\"1 minuto\" \/>\n<script type=\"application\/ld+json\" class=\"yoast-schema-graph\">{\"@context\":\"https:\/\/schema.org\",\"@graph\":[{\"@type\":\"NewsArticle\",\"@id\":\"https:\/\/www.celttv.com.ar\/index.php\/2024\/01\/16\/dengue-comunicado-de-la-secretaria-de-salud\/#article\",\"isPartOf\":{\"@id\":\"https:\/\/www.celttv.com.ar\/index.php\/2024\/01\/16\/dengue-comunicado-de-la-secretaria-de-salud\/\"},\"author\":{\"name\":\"Miguel Herrada\",\"@id\":\"https:\/\/www.celttv.com.ar\/#\/schema\/person\/9059dc91dc7204ef4182cdb65225f07d\"},\"headline\":\"Dengue: Comunicado de la Secretar\u00eda de Salud\",\"datePublished\":\"2024-01-17T02:42:04+00:00\",\"dateModified\":\"2024-01-17T02:42:04+00:00\",\"mainEntityOfPage\":{\"@id\":\"https:\/\/www.celttv.com.ar\/index.php\/2024\/01\/16\/dengue-comunicado-de-la-secretaria-de-salud\/\"},\"wordCount\":237,\"publisher\":{\"@id\":\"https:\/\/www.celttv.com.ar\/#organization\"},\"articleSection\":[\"Comunidad\",\"Destacadas\",\"Municipales\"],\"inLanguage\":\"es\"},{\"@type\":\"WebPage\",\"@id\":\"https:\/\/www.celttv.com.ar\/index.php\/2024\/01\/16\/dengue-comunicado-de-la-secretaria-de-salud\/\",\"url\":\"https:\/\/www.celttv.com.ar\/index.php\/2024\/01\/16\/dengue-comunicado-de-la-secretaria-de-salud\/\",\"name\":\"Dengue: Comunicado de la Secretar\u00eda de Salud - CELTTV\",\"isPartOf\":{\"@id\":\"https:\/\/www.celttv.com.ar\/#website\"},\"datePublished\":\"2024-01-17T02:42:04+00:00\",\"dateModified\":\"2024-01-17T02:42:04+00:00\",\"description\":\"Sitio web de noticias de la localidad de Tornquist, provincia de Buenos Aires, Rep\u00fablica Argentina. Contenido propio originado por periodistas de CELTTV, el canal de TV local de la Cooperativa El\u00e9ctrica de Tornquist. Turismo, Pol\u00edtica, Sociedad, Deporte, Cultura y todo el contenido de inter\u00e9s general que la gente del pueblo y la regi\u00f3n debe conocer.\",\"breadcrumb\":{\"@id\":\"https:\/\/www.celttv.com.ar\/index.php\/2024\/01\/16\/dengue-comunicado-de-la-secretaria-de-salud\/#breadcrumb\"},\"inLanguage\":\"es\",\"potentialAction\":[{\"@type\":\"ReadAction\",\"target\":[\"https:\/\/www.celttv.com.ar\/index.php\/2024\/01\/16\/dengue-comunicado-de-la-secretaria-de-salud\/\"]}]},{\"@type\":\"BreadcrumbList\",\"@id\":\"https:\/\/www.celttv.com.ar\/index.php\/2024\/01\/16\/dengue-comunicado-de-la-secretaria-de-salud\/#breadcrumb\",\"itemListElement\":[{\"@type\":\"ListItem\",\"position\":1,\"name\":\"Inicio\",\"item\":\"https:\/\/www.celttv.com.ar\/\"},{\"@type\":\"ListItem\",\"position\":2,\"name\":\"Dengue: Comunicado de la Secretar\u00eda de Salud\"}]},{\"@type\":\"WebSite\",\"@id\":\"https:\/\/www.celttv.com.ar\/#website\",\"url\":\"https:\/\/www.celttv.com.ar\/\",\"name\":\"CELTTV\",\"description\":\"Cooperativa El\u00e9ctrica de Tornquist\",\"publisher\":{\"@id\":\"https:\/\/www.celttv.com.ar\/#organization\"},\"potentialAction\":[{\"@type\":\"SearchAction\",\"target\":{\"@type\":\"EntryPoint\",\"urlTemplate\":\"https:\/\/www.celttv.com.ar\/?s={search_term_string}\"},\"query-input\":\"required name=search_term_string\"}],\"inLanguage\":\"es\"},{\"@type\":\"Organization\",\"@id\":\"https:\/\/www.celttv.com.ar\/#organization\",\"name\":\"CELTTV\",\"url\":\"https:\/\/www.celttv.com.ar\/\",\"sameAs\":[\"https:\/\/www.youtube.com\/channel\/UCz_oIt8Hig64Ub-EmcNPIhg\",\"https:\/\/www.facebook.com\/celtTV\/\"],\"logo\":{\"@type\":\"ImageObject\",\"inLanguage\":\"es\",\"@id\":\"https:\/\/www.celttv.com.ar\/#\/schema\/logo\/image\/\",\"url\":\"http:\/\/www.celttv.com.ar\/wp-content\/uploads\/2022\/08\/logo-1.png\",\"contentUrl\":\"http:\/\/www.celttv.com.ar\/wp-content\/uploads\/2022\/08\/logo-1.png\",\"width\":461,\"height\":159,\"caption\":\"CELTTV\"},\"image\":{\"@id\":\"https:\/\/www.celttv.com.ar\/#\/schema\/logo\/image\/\"}},{\"@type\":\"Person\",\"@id\":\"https:\/\/www.celttv.com.ar\/#\/schema\/person\/9059dc91dc7204ef4182cdb65225f07d\",\"name\":\"Miguel Herrada\",\"image\":{\"@type\":\"ImageObject\",\"inLanguage\":\"es\",\"@id\":\"https:\/\/www.celttv.com.ar\/#\/schema\/person\/image\/\",\"url\":\"https:\/\/secure.gravatar.com\/avatar\/67724d5b3c716623ffd76bec7e45841a442ac3b456e914dbba90b0fad2b8e0b1?s=96&d=mm&r=g\",\"contentUrl\":\"https:\/\/secure.gravatar.com\/avatar\/67724d5b3c716623ffd76bec7e45841a442ac3b456e914dbba90b0fad2b8e0b1?s=96&d=mm&r=g\",\"caption\":\"Miguel Herrada\"}}]}<\/script>\n<!-- \/ Yoast SEO plugin. -->","yoast_head_json":{"title":"Dengue: Comunicado de la Secretar\u00eda de Salud - CELTTV","description":"Sitio web de noticias de la localidad de Tornquist, provincia de Buenos Aires, Rep\u00fablica Argentina. Contenido propio originado por periodistas de CELTTV, el canal de TV local de la Cooperativa El\u00e9ctrica de Tornquist. Turismo, Pol\u00edtica, Sociedad, Deporte, Cultura y todo el contenido de inter\u00e9s general que la gente del pueblo y la regi\u00f3n debe conocer.","robots":{"index":"index","follow":"follow","max-snippet":"max-snippet:-1","max-image-preview":"max-image-preview:large","max-video-preview":"max-video-preview:-1"},"canonical":"https:\/\/www.celttv.com.ar\/index.php\/2024\/01\/16\/dengue-comunicado-de-la-secretaria-de-salud\/","og_locale":"es_ES","og_type":"article","og_title":"Dengue: Comunicado de la Secretar\u00eda de Salud - CELTTV","og_description":"Sitio web de noticias de la localidad de Tornquist, provincia de Buenos Aires, Rep\u00fablica Argentina. Contenido propio originado por periodistas de CELTTV, el canal de TV local de la Cooperativa El\u00e9ctrica de Tornquist. Turismo, Pol\u00edtica, Sociedad, Deporte, Cultura y todo el contenido de inter\u00e9s general que la gente del pueblo y la regi\u00f3n debe conocer.","og_url":"https:\/\/www.celttv.com.ar\/index.php\/2024\/01\/16\/dengue-comunicado-de-la-secretaria-de-salud\/","og_site_name":"CELTTV","article_publisher":"https:\/\/www.facebook.com\/celtTV\/","article_published_time":"2024-01-17T02:42:04+00:00","og_image":[{"width":1600,"height":1600,"url":"https:\/\/www.celttv.com.ar\/wp-content\/uploads\/2024\/01\/Prevencion-dengue-1.jpeg","type":"image\/jpeg"}],"author":"Miguel Herrada","twitter_card":"summary_large_image","twitter_misc":{"Escrito por":"Miguel Herrada","Tiempo de lectura":"1 minuto"},"schema":{"@context":"https:\/\/schema.org","@graph":[{"@type":"NewsArticle","@id":"https:\/\/www.celttv.com.ar\/index.php\/2024\/01\/16\/dengue-comunicado-de-la-secretaria-de-salud\/#article","isPartOf":{"@id":"https:\/\/www.celttv.com.ar\/index.php\/2024\/01\/16\/dengue-comunicado-de-la-secretaria-de-salud\/"},"author":{"name":"Miguel Herrada","@id":"https:\/\/www.celttv.com.ar\/#\/schema\/person\/9059dc91dc7204ef4182cdb65225f07d"},"headline":"Dengue: Comunicado de la Secretar\u00eda de Salud","datePublished":"2024-01-17T02:42:04+00:00","dateModified":"2024-01-17T02:42:04+00:00","mainEntityOfPage":{"@id":"https:\/\/www.celttv.com.ar\/index.php\/2024\/01\/16\/dengue-comunicado-de-la-secretaria-de-salud\/"},"wordCount":237,"publisher":{"@id":"https:\/\/www.celttv.com.ar\/#organization"},"articleSection":["Comunidad","Destacadas","Municipales"],"inLanguage":"es"},{"@type":"WebPage","@id":"https:\/\/www.celttv.com.ar\/index.php\/2024\/01\/16\/dengue-comunicado-de-la-secretaria-de-salud\/","url":"https:\/\/www.celttv.com.ar\/index.php\/2024\/01\/16\/dengue-comunicado-de-la-secretaria-de-salud\/","name":"Dengue: Comunicado de la Secretar\u00eda de Salud - CELTTV","isPartOf":{"@id":"https:\/\/www.celttv.com.ar\/#website"},"datePublished":"2024-01-17T02:42:04+00:00","dateModified":"2024-01-17T02:42:04+00:00","description":"Sitio web de noticias de la localidad de Tornquist, provincia de Buenos Aires, Rep\u00fablica Argentina. Contenido propio originado por periodistas de CELTTV, el canal de TV local de la Cooperativa El\u00e9ctrica de Tornquist. Turismo, Pol\u00edtica, Sociedad, Deporte, Cultura y todo el contenido de inter\u00e9s general que la gente del pueblo y la regi\u00f3n debe conocer.","breadcrumb":{"@id":"https:\/\/www.celttv.com.ar\/index.php\/2024\/01\/16\/dengue-comunicado-de-la-secretaria-de-salud\/#breadcrumb"},"inLanguage":"es","potentialAction":[{"@type":"ReadAction","target":["https:\/\/www.celttv.com.ar\/index.php\/2024\/01\/16\/dengue-comunicado-de-la-secretaria-de-salud\/"]}]},{"@type":"BreadcrumbList","@id":"https:\/\/www.celttv.com.ar\/index.php\/2024\/01\/16\/dengue-comunicado-de-la-secretaria-de-salud\/#breadcrumb","itemListElement":[{"@type":"ListItem","position":1,"name":"Inicio","item":"https:\/\/www.celttv.com.ar\/"},{"@type":"ListItem","position":2,"name":"Dengue: Comunicado de la Secretar\u00eda de Salud"}]},{"@type":"WebSite","@id":"https:\/\/www.celttv.com.ar\/#website","url":"https:\/\/www.celttv.com.ar\/","name":"CELTTV","description":"Cooperativa El\u00e9ctrica de Tornquist","publisher":{"@id":"https:\/\/www.celttv.com.ar\/#organization"},"potentialAction":[{"@type":"SearchAction","target":{"@type":"EntryPoint","urlTemplate":"https:\/\/www.celttv.com.ar\/?s={search_term_string}"},"query-input":"required name=search_term_string"}],"inLanguage":"es"},{"@type":"Organization","@id":"https:\/\/www.celttv.com.ar\/#organization","name":"CELTTV","url":"https:\/\/www.celttv.com.ar\/","sameAs":["https:\/\/www.youtube.com\/channel\/UCz_oIt8Hig64Ub-EmcNPIhg","https:\/\/www.facebook.com\/celtTV\/"],"logo":{"@type":"ImageObject","inLanguage":"es","@id":"https:\/\/www.celttv.com.ar\/#\/schema\/logo\/image\/","url":"http:\/\/www.celttv.com.ar\/wp-content\/uploads\/2022\/08\/logo-1.png","contentUrl":"http:\/\/www.celttv.com.ar\/wp-content\/uploads\/2022\/08\/logo-1.png","width":461,"height":159,"caption":"CELTTV"},"image":{"@id":"https:\/\/www.celttv.com.ar\/#\/schema\/logo\/image\/"}},{"@type":"Person","@id":"https:\/\/www.celttv.com.ar\/#\/schema\/person\/9059dc91dc7204ef4182cdb65225f07d","name":"Miguel Herrada","image":{"@type":"ImageObject","inLanguage":"es","@id":"https:\/\/www.celttv.com.ar\/#\/schema\/person\/image\/","url":"https:\/\/secure.gravatar.com\/avatar\/67724d5b3c716623ffd76bec7e45841a442ac3b456e914dbba90b0fad2b8e0b1?s=96&d=mm&r=g","contentUrl":"https:\/\/secure.gravatar.com\/avatar\/67724d5b3c716623ffd76bec7e45841a442ac3b456e914dbba90b0fad2b8e0b1?s=96&d=mm&r=g","caption":"Miguel Herrada"}}]}},"_links":{"self":[{"href":"https:\/\/www.celttv.com.ar\/index.php\/wp-json\/wp\/v2\/posts\/81537","targetHints":{"allow":["GET"]}}],"collection":[{"href":"https:\/\/www.celttv.com.ar\/index.php\/wp-json\/wp\/v2\/posts"}],"about":[{"href":"https:\/\/www.celttv.com.ar\/index.php\/wp-json\/wp\/v2\/types\/post"}],"author":[{"embeddable":true,"href":"https:\/\/www.celttv.com.ar\/index.php\/wp-json\/wp\/v2\/users\/5"}],"replies":[{"embeddable":true,"href":"https:\/\/www.celttv.com.ar\/index.php\/wp-json\/wp\/v2\/comments?post=81537"}],"version-history":[{"count":1,"href":"https:\/\/www.celttv.com.ar\/index.php\/wp-json\/wp\/v2\/posts\/81537\/revisions"}],"predecessor-version":[{"id":81544,"href":"https:\/\/www.celttv.com.ar\/index.php\/wp-json\/wp\/v2\/posts\/81537\/revisions\/81544"}],"wp:featuredmedia":[{"embeddable":true,"href":"https:\/\/www.celttv.com.ar\/index.php\/wp-json\/wp\/v2\/media\/81538"}],"wp:attachment":[{"href":"https:\/\/www.celttv.com.ar\/index.php\/wp-json\/wp\/v2\/media?parent=81537"}],"wp:term":[{"taxonomy":"category","embeddable":true,"href":"https:\/\/www.celttv.com.ar\/index.php\/wp-json\/wp\/v2\/categories?post=81537"},{"taxonomy":"post_tag","embeddable":true,"href":"https:\/\/www.celttv.com.ar\/index.php\/wp-json\/wp\/v2\/tags?post=81537"}],"curies":[{"name":"wp","href":"https:\/\/api.w.org\/{rel}","templated":true}]}}