{"id":81567,"date":"2024-01-17T18:41:05","date_gmt":"2024-01-17T21:41:05","guid":{"rendered":"https:\/\/www.celttv.com.ar\/?p=81567"},"modified":"2024-01-17T18:41:05","modified_gmt":"2024-01-17T21:41:05","slug":"comenzo-una-nueva-temporada-de-cosecha-en-la-huerta-municipal","status":"publish","type":"post","link":"https:\/\/www.celttv.com.ar\/index.php\/2024\/01\/17\/comenzo-una-nueva-temporada-de-cosecha-en-la-huerta-municipal\/","title":{"rendered":"Comenz\u00f3 una nueva temporada de cosecha en la Huerta Municipal"},"content":{"rendered":"<p class=\"Gotham\" style=\"text-align: justify;\"><span style=\"font-size: 11.0pt; line-height: 107%; font-family: 'Arial','sans-serif';\">La Huerta Municipal de Tornquist comenz\u00f3 con una nueva temporada de cosecha de su producci\u00f3n de verduras y hortalizas, que luego es distribuida en diferentes dependencias.<\/span><\/p>\n<p class=\"Gotham\" style=\"text-align: justify;\"><span style=\"font-size: 11.0pt; line-height: 107%; font-family: 'Arial','sans-serif';\">En las primeras semanas del a\u00f1o, fueron entregados casi 200 kilos de zucchini, zapallito, acelga y lechuga al Hospital Municipal \u2018Dr. Alberto Castro\u2019, que es uno de los destinos de los alimentos generados en el lugar junto al Centro de D\u00eda y el \u00e1rea de Desarrollo Social.<\/span><\/p>\n<p class=\"Gotham\" style=\"text-align: justify;\"><span style=\"font-size: 11.0pt; line-height: 107%; font-family: 'Arial','sans-serif';\">La huerta, dependiente de la Secretar\u00eda de Ambiente y Desarrollo Productivo y ubicada en el predio de Ruta Provincial 76 y Av. Moreno, a\u00f1o tras a\u00f1o llevaadelante un importante volumen de trabajo que permite contar con productos frescos y decalidad; fortaleciendo el trabajo diario, generando m\u00e1s tierra destinada al cultivo e incorporando permanentemente herramientas y maquinaria.<\/span><\/p>\n<p><img loading=\"lazy\" decoding=\"async\" class=\"alignnone wp-image-81568 size-full\" src=\"https:\/\/www.celttv.com.ar\/wp-content\/uploads\/2024\/01\/Cosecha-huerta-1.jpeg\" alt=\"\" width=\"1200\" height=\"1600\" srcset=\"https:\/\/www.celttv.com.ar\/wp-content\/uploads\/2024\/01\/Cosecha-huerta-1.jpeg 1200w, https:\/\/www.celttv.com.ar\/wp-content\/uploads\/2024\/01\/Cosecha-huerta-1-225x300.jpeg 225w, https:\/\/www.celttv.com.ar\/wp-content\/uploads\/2024\/01\/Cosecha-huerta-1-768x1024.jpeg 768w, https:\/\/www.celttv.com.ar\/wp-content\/uploads\/2024\/01\/Cosecha-huerta-1-1152x1536.jpeg 1152w, https:\/\/www.celttv.com.ar\/wp-content\/uploads\/2024\/01\/Cosecha-huerta-1-750x1000.jpeg 750w, https:\/\/www.celttv.com.ar\/wp-content\/uploads\/2024\/01\/Cosecha-huerta-1-1140x1520.jpeg 1140w\" sizes=\"auto, (max-width: 1200px) 100vw, 1200px\" \/> <img loading=\"lazy\" decoding=\"async\" class=\"alignnone wp-image-81569 size-full\" src=\"https:\/\/www.celttv.com.ar\/wp-content\/uploads\/2024\/01\/Cosecha-huerta-2.jpeg\" alt=\"\" width=\"1200\" height=\"1600\" srcset=\"https:\/\/www.celttv.com.ar\/wp-content\/uploads\/2024\/01\/Cosecha-huerta-2.jpeg 1200w, https:\/\/www.celttv.com.ar\/wp-content\/uploads\/2024\/01\/Cosecha-huerta-2-225x300.jpeg 225w, https:\/\/www.celttv.com.ar\/wp-content\/uploads\/2024\/01\/Cosecha-huerta-2-768x1024.jpeg 768w, https:\/\/www.celttv.com.ar\/wp-content\/uploads\/2024\/01\/Cosecha-huerta-2-1152x1536.jpeg 1152w, https:\/\/www.celttv.com.ar\/wp-content\/uploads\/2024\/01\/Cosecha-huerta-2-750x1000.jpeg 750w, https:\/\/www.celttv.com.ar\/wp-content\/uploads\/2024\/01\/Cosecha-huerta-2-1140x1520.jpeg 1140w\" sizes=\"auto, (max-width: 1200px) 100vw, 1200px\" \/> <img loading=\"lazy\" decoding=\"async\" class=\"alignnone wp-image-81570 size-full\" src=\"https:\/\/www.celttv.com.ar\/wp-content\/uploads\/2024\/01\/Cosecha-huerta-3.jpeg\" alt=\"\" width=\"1200\" height=\"1600\" srcset=\"https:\/\/www.celttv.com.ar\/wp-content\/uploads\/2024\/01\/Cosecha-huerta-3.jpeg 1200w, https:\/\/www.celttv.com.ar\/wp-content\/uploads\/2024\/01\/Cosecha-huerta-3-225x300.jpeg 225w, https:\/\/www.celttv.com.ar\/wp-content\/uploads\/2024\/01\/Cosecha-huerta-3-768x1024.jpeg 768w, https:\/\/www.celttv.com.ar\/wp-content\/uploads\/2024\/01\/Cosecha-huerta-3-1152x1536.jpeg 1152w, https:\/\/www.celttv.com.ar\/wp-content\/uploads\/2024\/01\/Cosecha-huerta-3-750x1000.jpeg 750w, https:\/\/www.celttv.com.ar\/wp-content\/uploads\/2024\/01\/Cosecha-huerta-3-1140x1520.jpeg 1140w\" sizes=\"auto, (max-width: 1200px) 100vw, 1200px\" \/><\/p>\n","protected":false},"excerpt":{"rendered":"<p>La Huerta Municipal de Tornquist comenz\u00f3 con una nueva temporada de cosecha de su producci\u00f3n de verduras y hortalizas, que luego es distribuida en diferentes dependencias. En las primeras semanas del a\u00f1o, fueron entregados casi 200 kilos de zucchini, zapallito, acelga y lechuga al Hospital Municipal \u2018Dr. Alberto Castro\u2019, que es uno de los destinos [&hellip;]<\/p>\n","protected":false},"author":5,"featured_media":81569,"comment_status":"closed","ping_status":"closed","sticky":false,"template":"","format":"standard","meta":{"footnotes":""},"categories":[51,52,59,65],"tags":[],"class_list":["post-81567","post","type-post","status-publish","format-standard","has-post-thumbnail","hentry","category-comunidad","category-destacadas","category-municipales","category-produccion"],"yoast_head":"<!-- This site is optimized with the Yoast SEO plugin v19.7.1 - https:\/\/yoast.com\/wordpress\/plugins\/seo\/ -->\n<title>Comenz\u00f3 una nueva temporada de cosecha en la Huerta Municipal - CELTTV<\/title>\n<meta name=\"description\" content=\"Sitio web de noticias de la localidad de Tornquist, provincia de Buenos Aires, Rep\u00fablica Argentina. Contenido propio originado por periodistas de CELTTV, el canal de TV local de la Cooperativa El\u00e9ctrica de Tornquist. Turismo, Pol\u00edtica, Sociedad, Deporte, Cultura y todo el contenido de inter\u00e9s general que la gente del pueblo y la regi\u00f3n debe conocer.\" \/>\n<meta name=\"robots\" content=\"index, follow, max-snippet:-1, max-image-preview:large, max-video-preview:-1\" \/>\n<link rel=\"canonical\" href=\"https:\/\/www.celttv.com.ar\/index.php\/2024\/01\/17\/comenzo-una-nueva-temporada-de-cosecha-en-la-huerta-municipal\/\" \/>\n<meta property=\"og:locale\" content=\"es_ES\" \/>\n<meta property=\"og:type\" content=\"article\" \/>\n<meta property=\"og:title\" content=\"Comenz\u00f3 una nueva temporada de cosecha en la Huerta Municipal - CELTTV\" \/>\n<meta property=\"og:description\" content=\"Sitio web de noticias de la localidad de Tornquist, provincia de Buenos Aires, Rep\u00fablica Argentina. Contenido propio originado por periodistas de CELTTV, el canal de TV local de la Cooperativa El\u00e9ctrica de Tornquist. Turismo, Pol\u00edtica, Sociedad, Deporte, Cultura y todo el contenido de inter\u00e9s general que la gente del pueblo y la regi\u00f3n debe conocer.\" \/>\n<meta property=\"og:url\" content=\"https:\/\/www.celttv.com.ar\/index.php\/2024\/01\/17\/comenzo-una-nueva-temporada-de-cosecha-en-la-huerta-municipal\/\" \/>\n<meta property=\"og:site_name\" content=\"CELTTV\" \/>\n<meta property=\"article:publisher\" content=\"https:\/\/www.facebook.com\/celtTV\/\" \/>\n<meta property=\"article:published_time\" content=\"2024-01-17T21:41:05+00:00\" \/>\n<meta property=\"og:image\" content=\"https:\/\/www.celttv.com.ar\/wp-content\/uploads\/2024\/01\/Cosecha-huerta-2.jpeg\" \/>\n\t<meta property=\"og:image:width\" content=\"1200\" \/>\n\t<meta property=\"og:image:height\" content=\"1600\" \/>\n\t<meta property=\"og:image:type\" content=\"image\/jpeg\" \/>\n<meta name=\"author\" content=\"Miguel Herrada\" \/>\n<meta name=\"twitter:card\" content=\"summary_large_image\" \/>\n<meta name=\"twitter:label1\" content=\"Escrito por\" \/>\n\t<meta name=\"twitter:data1\" content=\"Miguel Herrada\" \/>\n\t<meta name=\"twitter:label2\" content=\"Tiempo de lectura\" \/>\n\t<meta name=\"twitter:data2\" content=\"1 minuto\" \/>\n<script type=\"application\/ld+json\" class=\"yoast-schema-graph\">{\"@context\":\"https:\/\/schema.org\",\"@graph\":[{\"@type\":\"NewsArticle\",\"@id\":\"https:\/\/www.celttv.com.ar\/index.php\/2024\/01\/17\/comenzo-una-nueva-temporada-de-cosecha-en-la-huerta-municipal\/#article\",\"isPartOf\":{\"@id\":\"https:\/\/www.celttv.com.ar\/index.php\/2024\/01\/17\/comenzo-una-nueva-temporada-de-cosecha-en-la-huerta-municipal\/\"},\"author\":{\"name\":\"Miguel Herrada\",\"@id\":\"https:\/\/www.celttv.com.ar\/#\/schema\/person\/9059dc91dc7204ef4182cdb65225f07d\"},\"headline\":\"Comenz\u00f3 una nueva temporada de cosecha en la Huerta Municipal\",\"datePublished\":\"2024-01-17T21:41:05+00:00\",\"dateModified\":\"2024-01-17T21:41:05+00:00\",\"mainEntityOfPage\":{\"@id\":\"https:\/\/www.celttv.com.ar\/index.php\/2024\/01\/17\/comenzo-una-nueva-temporada-de-cosecha-en-la-huerta-municipal\/\"},\"wordCount\":144,\"publisher\":{\"@id\":\"https:\/\/www.celttv.com.ar\/#organization\"},\"articleSection\":[\"Comunidad\",\"Destacadas\",\"Municipales\",\"Producci\u00f3n y Medio Ambiente\"],\"inLanguage\":\"es\"},{\"@type\":\"WebPage\",\"@id\":\"https:\/\/www.celttv.com.ar\/index.php\/2024\/01\/17\/comenzo-una-nueva-temporada-de-cosecha-en-la-huerta-municipal\/\",\"url\":\"https:\/\/www.celttv.com.ar\/index.php\/2024\/01\/17\/comenzo-una-nueva-temporada-de-cosecha-en-la-huerta-municipal\/\",\"name\":\"Comenz\u00f3 una nueva temporada de cosecha en la Huerta Municipal - CELTTV\",\"isPartOf\":{\"@id\":\"https:\/\/www.celttv.com.ar\/#website\"},\"datePublished\":\"2024-01-17T21:41:05+00:00\",\"dateModified\":\"2024-01-17T21:41:05+00:00\",\"description\":\"Sitio web de noticias de la localidad de Tornquist, provincia de Buenos Aires, Rep\u00fablica Argentina. Contenido propio originado por periodistas de CELTTV, el canal de TV local de la Cooperativa El\u00e9ctrica de Tornquist. Turismo, Pol\u00edtica, Sociedad, Deporte, Cultura y todo el contenido de inter\u00e9s general que la gente del pueblo y la regi\u00f3n debe conocer.\",\"breadcrumb\":{\"@id\":\"https:\/\/www.celttv.com.ar\/index.php\/2024\/01\/17\/comenzo-una-nueva-temporada-de-cosecha-en-la-huerta-municipal\/#breadcrumb\"},\"inLanguage\":\"es\",\"potentialAction\":[{\"@type\":\"ReadAction\",\"target\":[\"https:\/\/www.celttv.com.ar\/index.php\/2024\/01\/17\/comenzo-una-nueva-temporada-de-cosecha-en-la-huerta-municipal\/\"]}]},{\"@type\":\"BreadcrumbList\",\"@id\":\"https:\/\/www.celttv.com.ar\/index.php\/2024\/01\/17\/comenzo-una-nueva-temporada-de-cosecha-en-la-huerta-municipal\/#breadcrumb\",\"itemListElement\":[{\"@type\":\"ListItem\",\"position\":1,\"name\":\"Inicio\",\"item\":\"https:\/\/www.celttv.com.ar\/\"},{\"@type\":\"ListItem\",\"position\":2,\"name\":\"Comenz\u00f3 una nueva temporada de cosecha en la Huerta Municipal\"}]},{\"@type\":\"WebSite\",\"@id\":\"https:\/\/www.celttv.com.ar\/#website\",\"url\":\"https:\/\/www.celttv.com.ar\/\",\"name\":\"CELTTV\",\"description\":\"Cooperativa El\u00e9ctrica de Tornquist\",\"publisher\":{\"@id\":\"https:\/\/www.celttv.com.ar\/#organization\"},\"potentialAction\":[{\"@type\":\"SearchAction\",\"target\":{\"@type\":\"EntryPoint\",\"urlTemplate\":\"https:\/\/www.celttv.com.ar\/?s={search_term_string}\"},\"query-input\":\"required name=search_term_string\"}],\"inLanguage\":\"es\"},{\"@type\":\"Organization\",\"@id\":\"https:\/\/www.celttv.com.ar\/#organization\",\"name\":\"CELTTV\",\"url\":\"https:\/\/www.celttv.com.ar\/\",\"sameAs\":[\"https:\/\/www.youtube.com\/channel\/UCz_oIt8Hig64Ub-EmcNPIhg\",\"https:\/\/www.facebook.com\/celtTV\/\"],\"logo\":{\"@type\":\"ImageObject\",\"inLanguage\":\"es\",\"@id\":\"https:\/\/www.celttv.com.ar\/#\/schema\/logo\/image\/\",\"url\":\"http:\/\/www.celttv.com.ar\/wp-content\/uploads\/2022\/08\/logo-1.png\",\"contentUrl\":\"http:\/\/www.celttv.com.ar\/wp-content\/uploads\/2022\/08\/logo-1.png\",\"width\":461,\"height\":159,\"caption\":\"CELTTV\"},\"image\":{\"@id\":\"https:\/\/www.celttv.com.ar\/#\/schema\/logo\/image\/\"}},{\"@type\":\"Person\",\"@id\":\"https:\/\/www.celttv.com.ar\/#\/schema\/person\/9059dc91dc7204ef4182cdb65225f07d\",\"name\":\"Miguel Herrada\",\"image\":{\"@type\":\"ImageObject\",\"inLanguage\":\"es\",\"@id\":\"https:\/\/www.celttv.com.ar\/#\/schema\/person\/image\/\",\"url\":\"https:\/\/secure.gravatar.com\/avatar\/67724d5b3c716623ffd76bec7e45841a442ac3b456e914dbba90b0fad2b8e0b1?s=96&d=mm&r=g\",\"contentUrl\":\"https:\/\/secure.gravatar.com\/avatar\/67724d5b3c716623ffd76bec7e45841a442ac3b456e914dbba90b0fad2b8e0b1?s=96&d=mm&r=g\",\"caption\":\"Miguel Herrada\"}}]}<\/script>\n<!-- \/ Yoast SEO plugin. -->","yoast_head_json":{"title":"Comenz\u00f3 una nueva temporada de cosecha en la Huerta Municipal - CELTTV","description":"Sitio web de noticias de la localidad de Tornquist, provincia de Buenos Aires, Rep\u00fablica Argentina. Contenido propio originado por periodistas de CELTTV, el canal de TV local de la Cooperativa El\u00e9ctrica de Tornquist. Turismo, Pol\u00edtica, Sociedad, Deporte, Cultura y todo el contenido de inter\u00e9s general que la gente del pueblo y la regi\u00f3n debe conocer.","robots":{"index":"index","follow":"follow","max-snippet":"max-snippet:-1","max-image-preview":"max-image-preview:large","max-video-preview":"max-video-preview:-1"},"canonical":"https:\/\/www.celttv.com.ar\/index.php\/2024\/01\/17\/comenzo-una-nueva-temporada-de-cosecha-en-la-huerta-municipal\/","og_locale":"es_ES","og_type":"article","og_title":"Comenz\u00f3 una nueva temporada de cosecha en la Huerta Municipal - CELTTV","og_description":"Sitio web de noticias de la localidad de Tornquist, provincia de Buenos Aires, Rep\u00fablica Argentina. Contenido propio originado por periodistas de CELTTV, el canal de TV local de la Cooperativa El\u00e9ctrica de Tornquist. Turismo, Pol\u00edtica, Sociedad, Deporte, Cultura y todo el contenido de inter\u00e9s general que la gente del pueblo y la regi\u00f3n debe conocer.","og_url":"https:\/\/www.celttv.com.ar\/index.php\/2024\/01\/17\/comenzo-una-nueva-temporada-de-cosecha-en-la-huerta-municipal\/","og_site_name":"CELTTV","article_publisher":"https:\/\/www.facebook.com\/celtTV\/","article_published_time":"2024-01-17T21:41:05+00:00","og_image":[{"width":1200,"height":1600,"url":"https:\/\/www.celttv.com.ar\/wp-content\/uploads\/2024\/01\/Cosecha-huerta-2.jpeg","type":"image\/jpeg"}],"author":"Miguel Herrada","twitter_card":"summary_large_image","twitter_misc":{"Escrito por":"Miguel Herrada","Tiempo de lectura":"1 minuto"},"schema":{"@context":"https:\/\/schema.org","@graph":[{"@type":"NewsArticle","@id":"https:\/\/www.celttv.com.ar\/index.php\/2024\/01\/17\/comenzo-una-nueva-temporada-de-cosecha-en-la-huerta-municipal\/#article","isPartOf":{"@id":"https:\/\/www.celttv.com.ar\/index.php\/2024\/01\/17\/comenzo-una-nueva-temporada-de-cosecha-en-la-huerta-municipal\/"},"author":{"name":"Miguel Herrada","@id":"https:\/\/www.celttv.com.ar\/#\/schema\/person\/9059dc91dc7204ef4182cdb65225f07d"},"headline":"Comenz\u00f3 una nueva temporada de cosecha en la Huerta Municipal","datePublished":"2024-01-17T21:41:05+00:00","dateModified":"2024-01-17T21:41:05+00:00","mainEntityOfPage":{"@id":"https:\/\/www.celttv.com.ar\/index.php\/2024\/01\/17\/comenzo-una-nueva-temporada-de-cosecha-en-la-huerta-municipal\/"},"wordCount":144,"publisher":{"@id":"https:\/\/www.celttv.com.ar\/#organization"},"articleSection":["Comunidad","Destacadas","Municipales","Producci\u00f3n y Medio Ambiente"],"inLanguage":"es"},{"@type":"WebPage","@id":"https:\/\/www.celttv.com.ar\/index.php\/2024\/01\/17\/comenzo-una-nueva-temporada-de-cosecha-en-la-huerta-municipal\/","url":"https:\/\/www.celttv.com.ar\/index.php\/2024\/01\/17\/comenzo-una-nueva-temporada-de-cosecha-en-la-huerta-municipal\/","name":"Comenz\u00f3 una nueva temporada de cosecha en la Huerta Municipal - CELTTV","isPartOf":{"@id":"https:\/\/www.celttv.com.ar\/#website"},"datePublished":"2024-01-17T21:41:05+00:00","dateModified":"2024-01-17T21:41:05+00:00","description":"Sitio web de noticias de la localidad de Tornquist, provincia de Buenos Aires, Rep\u00fablica Argentina. Contenido propio originado por periodistas de CELTTV, el canal de TV local de la Cooperativa El\u00e9ctrica de Tornquist. Turismo, Pol\u00edtica, Sociedad, Deporte, Cultura y todo el contenido de inter\u00e9s general que la gente del pueblo y la regi\u00f3n debe conocer.","breadcrumb":{"@id":"https:\/\/www.celttv.com.ar\/index.php\/2024\/01\/17\/comenzo-una-nueva-temporada-de-cosecha-en-la-huerta-municipal\/#breadcrumb"},"inLanguage":"es","potentialAction":[{"@type":"ReadAction","target":["https:\/\/www.celttv.com.ar\/index.php\/2024\/01\/17\/comenzo-una-nueva-temporada-de-cosecha-en-la-huerta-municipal\/"]}]},{"@type":"BreadcrumbList","@id":"https:\/\/www.celttv.com.ar\/index.php\/2024\/01\/17\/comenzo-una-nueva-temporada-de-cosecha-en-la-huerta-municipal\/#breadcrumb","itemListElement":[{"@type":"ListItem","position":1,"name":"Inicio","item":"https:\/\/www.celttv.com.ar\/"},{"@type":"ListItem","position":2,"name":"Comenz\u00f3 una nueva temporada de cosecha en la Huerta Municipal"}]},{"@type":"WebSite","@id":"https:\/\/www.celttv.com.ar\/#website","url":"https:\/\/www.celttv.com.ar\/","name":"CELTTV","description":"Cooperativa El\u00e9ctrica de Tornquist","publisher":{"@id":"https:\/\/www.celttv.com.ar\/#organization"},"potentialAction":[{"@type":"SearchAction","target":{"@type":"EntryPoint","urlTemplate":"https:\/\/www.celttv.com.ar\/?s={search_term_string}"},"query-input":"required name=search_term_string"}],"inLanguage":"es"},{"@type":"Organization","@id":"https:\/\/www.celttv.com.ar\/#organization","name":"CELTTV","url":"https:\/\/www.celttv.com.ar\/","sameAs":["https:\/\/www.youtube.com\/channel\/UCz_oIt8Hig64Ub-EmcNPIhg","https:\/\/www.facebook.com\/celtTV\/"],"logo":{"@type":"ImageObject","inLanguage":"es","@id":"https:\/\/www.celttv.com.ar\/#\/schema\/logo\/image\/","url":"http:\/\/www.celttv.com.ar\/wp-content\/uploads\/2022\/08\/logo-1.png","contentUrl":"http:\/\/www.celttv.com.ar\/wp-content\/uploads\/2022\/08\/logo-1.png","width":461,"height":159,"caption":"CELTTV"},"image":{"@id":"https:\/\/www.celttv.com.ar\/#\/schema\/logo\/image\/"}},{"@type":"Person","@id":"https:\/\/www.celttv.com.ar\/#\/schema\/person\/9059dc91dc7204ef4182cdb65225f07d","name":"Miguel Herrada","image":{"@type":"ImageObject","inLanguage":"es","@id":"https:\/\/www.celttv.com.ar\/#\/schema\/person\/image\/","url":"https:\/\/secure.gravatar.com\/avatar\/67724d5b3c716623ffd76bec7e45841a442ac3b456e914dbba90b0fad2b8e0b1?s=96&d=mm&r=g","contentUrl":"https:\/\/secure.gravatar.com\/avatar\/67724d5b3c716623ffd76bec7e45841a442ac3b456e914dbba90b0fad2b8e0b1?s=96&d=mm&r=g","caption":"Miguel Herrada"}}]}},"_links":{"self":[{"href":"https:\/\/www.celttv.com.ar\/index.php\/wp-json\/wp\/v2\/posts\/81567","targetHints":{"allow":["GET"]}}],"collection":[{"href":"https:\/\/www.celttv.com.ar\/index.php\/wp-json\/wp\/v2\/posts"}],"about":[{"href":"https:\/\/www.celttv.com.ar\/index.php\/wp-json\/wp\/v2\/types\/post"}],"author":[{"embeddable":true,"href":"https:\/\/www.celttv.com.ar\/index.php\/wp-json\/wp\/v2\/users\/5"}],"replies":[{"embeddable":true,"href":"https:\/\/www.celttv.com.ar\/index.php\/wp-json\/wp\/v2\/comments?post=81567"}],"version-history":[{"count":1,"href":"https:\/\/www.celttv.com.ar\/index.php\/wp-json\/wp\/v2\/posts\/81567\/revisions"}],"predecessor-version":[{"id":81571,"href":"https:\/\/www.celttv.com.ar\/index.php\/wp-json\/wp\/v2\/posts\/81567\/revisions\/81571"}],"wp:featuredmedia":[{"embeddable":true,"href":"https:\/\/www.celttv.com.ar\/index.php\/wp-json\/wp\/v2\/media\/81569"}],"wp:attachment":[{"href":"https:\/\/www.celttv.com.ar\/index.php\/wp-json\/wp\/v2\/media?parent=81567"}],"wp:term":[{"taxonomy":"category","embeddable":true,"href":"https:\/\/www.celttv.com.ar\/index.php\/wp-json\/wp\/v2\/categories?post=81567"},{"taxonomy":"post_tag","embeddable":true,"href":"https:\/\/www.celttv.com.ar\/index.php\/wp-json\/wp\/v2\/tags?post=81567"}],"curies":[{"name":"wp","href":"https:\/\/api.w.org\/{rel}","templated":true}]}}