{"id":81575,"date":"2024-01-17T23:20:06","date_gmt":"2024-01-18T02:20:06","guid":{"rendered":"https:\/\/www.celttv.com.ar\/?p=81575"},"modified":"2024-01-17T23:20:48","modified_gmt":"2024-01-18T02:20:48","slug":"se-realiza-este-fin-de-semana-la-32o-edicion-de-la-fiesta-provincial-de-las-golondrinas","status":"publish","type":"post","link":"https:\/\/www.celttv.com.ar\/index.php\/2024\/01\/17\/se-realiza-este-fin-de-semana-la-32o-edicion-de-la-fiesta-provincial-de-las-golondrinas\/","title":{"rendered":"Se realiza \u00e9ste fin de semana la 32\u00ba edici\u00f3n de la Fiesta Provincial de las Golondrinas (videos)"},"content":{"rendered":"<p>La 32\u00ba edici\u00f3n de la Fiesta de las Golondrinas se realizar\u00e1 \u00e9ste fin de semana en Villa Ventana.<\/p>\n<p>La entrada es libre y gratuita y habr\u00e1 m\u00fasica en vivo, paseo gastron\u00f3mico y de artesanos, espacios y espect\u00e1culos infantiles.<\/p>\n<p>CELTTV Noticias dialog\u00f3 con Pablo Balario y Sol Vazquez, dos de los integrantes del grupo organizador del evento que se realizar\u00e1 \u00e9ste s\u00e1bado y domingo en Villa Ventana.<\/p>\n<p><iframe loading=\"lazy\" title=\"2024 01 17 FIESTA DE LA GOLONDRINA 1 PABLO BALARIO\" width=\"500\" height=\"281\" src=\"https:\/\/www.youtube.com\/embed\/ZBJHx2-KwgM?feature=oembed\" frameborder=\"0\" allow=\"accelerometer; autoplay; clipboard-write; encrypted-media; gyroscope; picture-in-picture; web-share\" referrerpolicy=\"strict-origin-when-cross-origin\" allowfullscreen><\/iframe><\/p>\n<p><iframe loading=\"lazy\" title=\"2024 01 17 FIESTA DE LA GOLONDRINA 2 SOL VAZQUEZ\" width=\"500\" height=\"281\" src=\"https:\/\/www.youtube.com\/embed\/MqvNDHml6cI?feature=oembed\" frameborder=\"0\" allow=\"accelerometer; autoplay; clipboard-write; encrypted-media; gyroscope; picture-in-picture; web-share\" referrerpolicy=\"strict-origin-when-cross-origin\" allowfullscreen><\/iframe><\/p>\n<p><iframe loading=\"lazy\" title=\"2024 01 17 FIESTA DE LA GOLONDRINA 3 PABLO BALARIO\" width=\"500\" height=\"281\" src=\"https:\/\/www.youtube.com\/embed\/y6a6J2OTUbo?feature=oembed\" frameborder=\"0\" allow=\"accelerometer; autoplay; clipboard-write; encrypted-media; gyroscope; picture-in-picture; web-share\" referrerpolicy=\"strict-origin-when-cross-origin\" allowfullscreen><\/iframe><\/p>\n<p><img loading=\"lazy\" decoding=\"async\" class=\"alignnone wp-image-81576 size-full\" src=\"https:\/\/www.celttv.com.ar\/wp-content\/uploads\/2024\/01\/fiesta-de-la-golon.jpg\" alt=\"\" width=\"843\" height=\"843\" srcset=\"https:\/\/www.celttv.com.ar\/wp-content\/uploads\/2024\/01\/fiesta-de-la-golon.jpg 843w, https:\/\/www.celttv.com.ar\/wp-content\/uploads\/2024\/01\/fiesta-de-la-golon-300x300.jpg 300w, https:\/\/www.celttv.com.ar\/wp-content\/uploads\/2024\/01\/fiesta-de-la-golon-150x150.jpg 150w, https:\/\/www.celttv.com.ar\/wp-content\/uploads\/2024\/01\/fiesta-de-la-golon-768x768.jpg 768w, https:\/\/www.celttv.com.ar\/wp-content\/uploads\/2024\/01\/fiesta-de-la-golon-75x75.jpg 75w, https:\/\/www.celttv.com.ar\/wp-content\/uploads\/2024\/01\/fiesta-de-la-golon-750x750.jpg 750w\" sizes=\"auto, (max-width: 843px) 100vw, 843px\" \/><\/p>\n","protected":false},"excerpt":{"rendered":"<p>La 32\u00ba edici\u00f3n de la Fiesta de las Golondrinas se realizar\u00e1 \u00e9ste fin de semana en Villa Ventana. La entrada es libre y gratuita y habr\u00e1 m\u00fasica en vivo, paseo gastron\u00f3mico y de artesanos, espacios y espect\u00e1culos infantiles. CELTTV Noticias dialog\u00f3 con Pablo Balario y Sol Vazquez, dos de los integrantes del grupo organizador del [&hellip;]<\/p>\n","protected":false},"author":5,"featured_media":81576,"comment_status":"closed","ping_status":"closed","sticky":false,"template":"","format":"standard","meta":{"footnotes":""},"categories":[51,26,52,56,58],"tags":[],"class_list":["post-81575","post","type-post","status-publish","format-standard","has-post-thumbnail","hentry","category-comunidad","category-culture","category-destacadas","category-espectaculos","category-turismo"],"yoast_head":"<!-- This site is optimized with the Yoast SEO plugin v19.7.1 - https:\/\/yoast.com\/wordpress\/plugins\/seo\/ -->\n<title>Se realiza \u00e9ste fin de semana la 32\u00ba edici\u00f3n de la Fiesta Provincial de las Golondrinas (videos) - CELTTV<\/title>\n<meta name=\"description\" content=\"Sitio web de noticias de la localidad de Tornquist, provincia de Buenos Aires, Rep\u00fablica Argentina. Contenido propio originado por periodistas de CELTTV, el canal de TV local de la Cooperativa El\u00e9ctrica de Tornquist. Turismo, Pol\u00edtica, Sociedad, Deporte, Cultura y todo el contenido de inter\u00e9s general que la gente del pueblo y la regi\u00f3n debe conocer.\" \/>\n<meta name=\"robots\" content=\"index, follow, max-snippet:-1, max-image-preview:large, max-video-preview:-1\" \/>\n<link rel=\"canonical\" href=\"https:\/\/www.celttv.com.ar\/index.php\/2024\/01\/17\/se-realiza-este-fin-de-semana-la-32o-edicion-de-la-fiesta-provincial-de-las-golondrinas\/\" \/>\n<meta property=\"og:locale\" content=\"es_ES\" \/>\n<meta property=\"og:type\" content=\"article\" \/>\n<meta property=\"og:title\" content=\"Se realiza \u00e9ste fin de semana la 32\u00ba edici\u00f3n de la Fiesta Provincial de las Golondrinas (videos) - CELTTV\" \/>\n<meta property=\"og:description\" content=\"Sitio web de noticias de la localidad de Tornquist, provincia de Buenos Aires, Rep\u00fablica Argentina. Contenido propio originado por periodistas de CELTTV, el canal de TV local de la Cooperativa El\u00e9ctrica de Tornquist. Turismo, Pol\u00edtica, Sociedad, Deporte, Cultura y todo el contenido de inter\u00e9s general que la gente del pueblo y la regi\u00f3n debe conocer.\" \/>\n<meta property=\"og:url\" content=\"https:\/\/www.celttv.com.ar\/index.php\/2024\/01\/17\/se-realiza-este-fin-de-semana-la-32o-edicion-de-la-fiesta-provincial-de-las-golondrinas\/\" \/>\n<meta property=\"og:site_name\" content=\"CELTTV\" \/>\n<meta property=\"article:publisher\" content=\"https:\/\/www.facebook.com\/celtTV\/\" \/>\n<meta property=\"article:published_time\" content=\"2024-01-18T02:20:06+00:00\" \/>\n<meta property=\"article:modified_time\" content=\"2024-01-18T02:20:48+00:00\" \/>\n<meta property=\"og:image\" content=\"https:\/\/www.celttv.com.ar\/wp-content\/uploads\/2024\/01\/fiesta-de-la-golon.jpg\" \/>\n\t<meta property=\"og:image:width\" content=\"843\" \/>\n\t<meta property=\"og:image:height\" content=\"843\" \/>\n\t<meta property=\"og:image:type\" content=\"image\/jpeg\" \/>\n<meta name=\"author\" content=\"Miguel Herrada\" \/>\n<meta name=\"twitter:card\" content=\"summary_large_image\" \/>\n<meta name=\"twitter:label1\" content=\"Escrito por\" \/>\n\t<meta name=\"twitter:data1\" content=\"Miguel Herrada\" \/>\n<script type=\"application\/ld+json\" class=\"yoast-schema-graph\">{\"@context\":\"https:\/\/schema.org\",\"@graph\":[{\"@type\":\"NewsArticle\",\"@id\":\"https:\/\/www.celttv.com.ar\/index.php\/2024\/01\/17\/se-realiza-este-fin-de-semana-la-32o-edicion-de-la-fiesta-provincial-de-las-golondrinas\/#article\",\"isPartOf\":{\"@id\":\"https:\/\/www.celttv.com.ar\/index.php\/2024\/01\/17\/se-realiza-este-fin-de-semana-la-32o-edicion-de-la-fiesta-provincial-de-las-golondrinas\/\"},\"author\":{\"name\":\"Miguel Herrada\",\"@id\":\"https:\/\/www.celttv.com.ar\/#\/schema\/person\/9059dc91dc7204ef4182cdb65225f07d\"},\"headline\":\"Se realiza \u00e9ste fin de semana la 32\u00ba edici\u00f3n de la Fiesta Provincial de las Golondrinas (videos)\",\"datePublished\":\"2024-01-18T02:20:06+00:00\",\"dateModified\":\"2024-01-18T02:20:48+00:00\",\"mainEntityOfPage\":{\"@id\":\"https:\/\/www.celttv.com.ar\/index.php\/2024\/01\/17\/se-realiza-este-fin-de-semana-la-32o-edicion-de-la-fiesta-provincial-de-las-golondrinas\/\"},\"wordCount\":104,\"publisher\":{\"@id\":\"https:\/\/www.celttv.com.ar\/#organization\"},\"articleSection\":[\"Comunidad\",\"Culture\",\"Destacadas\",\"Espect\u00e1culos\",\"Turismo\"],\"inLanguage\":\"es\"},{\"@type\":\"WebPage\",\"@id\":\"https:\/\/www.celttv.com.ar\/index.php\/2024\/01\/17\/se-realiza-este-fin-de-semana-la-32o-edicion-de-la-fiesta-provincial-de-las-golondrinas\/\",\"url\":\"https:\/\/www.celttv.com.ar\/index.php\/2024\/01\/17\/se-realiza-este-fin-de-semana-la-32o-edicion-de-la-fiesta-provincial-de-las-golondrinas\/\",\"name\":\"Se realiza \u00e9ste fin de semana la 32\u00ba edici\u00f3n de la Fiesta Provincial de las Golondrinas (videos) - CELTTV\",\"isPartOf\":{\"@id\":\"https:\/\/www.celttv.com.ar\/#website\"},\"datePublished\":\"2024-01-18T02:20:06+00:00\",\"dateModified\":\"2024-01-18T02:20:48+00:00\",\"description\":\"Sitio web de noticias de la localidad de Tornquist, provincia de Buenos Aires, Rep\u00fablica Argentina. Contenido propio originado por periodistas de CELTTV, el canal de TV local de la Cooperativa El\u00e9ctrica de Tornquist. Turismo, Pol\u00edtica, Sociedad, Deporte, Cultura y todo el contenido de inter\u00e9s general que la gente del pueblo y la regi\u00f3n debe conocer.\",\"breadcrumb\":{\"@id\":\"https:\/\/www.celttv.com.ar\/index.php\/2024\/01\/17\/se-realiza-este-fin-de-semana-la-32o-edicion-de-la-fiesta-provincial-de-las-golondrinas\/#breadcrumb\"},\"inLanguage\":\"es\",\"potentialAction\":[{\"@type\":\"ReadAction\",\"target\":[\"https:\/\/www.celttv.com.ar\/index.php\/2024\/01\/17\/se-realiza-este-fin-de-semana-la-32o-edicion-de-la-fiesta-provincial-de-las-golondrinas\/\"]}]},{\"@type\":\"BreadcrumbList\",\"@id\":\"https:\/\/www.celttv.com.ar\/index.php\/2024\/01\/17\/se-realiza-este-fin-de-semana-la-32o-edicion-de-la-fiesta-provincial-de-las-golondrinas\/#breadcrumb\",\"itemListElement\":[{\"@type\":\"ListItem\",\"position\":1,\"name\":\"Inicio\",\"item\":\"https:\/\/www.celttv.com.ar\/\"},{\"@type\":\"ListItem\",\"position\":2,\"name\":\"Se realiza \u00e9ste fin de semana la 32\u00ba edici\u00f3n de la Fiesta Provincial de las Golondrinas (videos)\"}]},{\"@type\":\"WebSite\",\"@id\":\"https:\/\/www.celttv.com.ar\/#website\",\"url\":\"https:\/\/www.celttv.com.ar\/\",\"name\":\"CELTTV\",\"description\":\"Cooperativa El\u00e9ctrica de Tornquist\",\"publisher\":{\"@id\":\"https:\/\/www.celttv.com.ar\/#organization\"},\"potentialAction\":[{\"@type\":\"SearchAction\",\"target\":{\"@type\":\"EntryPoint\",\"urlTemplate\":\"https:\/\/www.celttv.com.ar\/?s={search_term_string}\"},\"query-input\":\"required name=search_term_string\"}],\"inLanguage\":\"es\"},{\"@type\":\"Organization\",\"@id\":\"https:\/\/www.celttv.com.ar\/#organization\",\"name\":\"CELTTV\",\"url\":\"https:\/\/www.celttv.com.ar\/\",\"sameAs\":[\"https:\/\/www.youtube.com\/channel\/UCz_oIt8Hig64Ub-EmcNPIhg\",\"https:\/\/www.facebook.com\/celtTV\/\"],\"logo\":{\"@type\":\"ImageObject\",\"inLanguage\":\"es\",\"@id\":\"https:\/\/www.celttv.com.ar\/#\/schema\/logo\/image\/\",\"url\":\"http:\/\/www.celttv.com.ar\/wp-content\/uploads\/2022\/08\/logo-1.png\",\"contentUrl\":\"http:\/\/www.celttv.com.ar\/wp-content\/uploads\/2022\/08\/logo-1.png\",\"width\":461,\"height\":159,\"caption\":\"CELTTV\"},\"image\":{\"@id\":\"https:\/\/www.celttv.com.ar\/#\/schema\/logo\/image\/\"}},{\"@type\":\"Person\",\"@id\":\"https:\/\/www.celttv.com.ar\/#\/schema\/person\/9059dc91dc7204ef4182cdb65225f07d\",\"name\":\"Miguel Herrada\",\"image\":{\"@type\":\"ImageObject\",\"inLanguage\":\"es\",\"@id\":\"https:\/\/www.celttv.com.ar\/#\/schema\/person\/image\/\",\"url\":\"https:\/\/secure.gravatar.com\/avatar\/67724d5b3c716623ffd76bec7e45841a442ac3b456e914dbba90b0fad2b8e0b1?s=96&d=mm&r=g\",\"contentUrl\":\"https:\/\/secure.gravatar.com\/avatar\/67724d5b3c716623ffd76bec7e45841a442ac3b456e914dbba90b0fad2b8e0b1?s=96&d=mm&r=g\",\"caption\":\"Miguel Herrada\"}}]}<\/script>\n<!-- \/ Yoast SEO plugin. -->","yoast_head_json":{"title":"Se realiza \u00e9ste fin de semana la 32\u00ba edici\u00f3n de la Fiesta Provincial de las Golondrinas (videos) - CELTTV","description":"Sitio web de noticias de la localidad de Tornquist, provincia de Buenos Aires, Rep\u00fablica Argentina. Contenido propio originado por periodistas de CELTTV, el canal de TV local de la Cooperativa El\u00e9ctrica de Tornquist. Turismo, Pol\u00edtica, Sociedad, Deporte, Cultura y todo el contenido de inter\u00e9s general que la gente del pueblo y la regi\u00f3n debe conocer.","robots":{"index":"index","follow":"follow","max-snippet":"max-snippet:-1","max-image-preview":"max-image-preview:large","max-video-preview":"max-video-preview:-1"},"canonical":"https:\/\/www.celttv.com.ar\/index.php\/2024\/01\/17\/se-realiza-este-fin-de-semana-la-32o-edicion-de-la-fiesta-provincial-de-las-golondrinas\/","og_locale":"es_ES","og_type":"article","og_title":"Se realiza \u00e9ste fin de semana la 32\u00ba edici\u00f3n de la Fiesta Provincial de las Golondrinas (videos) - CELTTV","og_description":"Sitio web de noticias de la localidad de Tornquist, provincia de Buenos Aires, Rep\u00fablica Argentina. Contenido propio originado por periodistas de CELTTV, el canal de TV local de la Cooperativa El\u00e9ctrica de Tornquist. Turismo, Pol\u00edtica, Sociedad, Deporte, Cultura y todo el contenido de inter\u00e9s general que la gente del pueblo y la regi\u00f3n debe conocer.","og_url":"https:\/\/www.celttv.com.ar\/index.php\/2024\/01\/17\/se-realiza-este-fin-de-semana-la-32o-edicion-de-la-fiesta-provincial-de-las-golondrinas\/","og_site_name":"CELTTV","article_publisher":"https:\/\/www.facebook.com\/celtTV\/","article_published_time":"2024-01-18T02:20:06+00:00","article_modified_time":"2024-01-18T02:20:48+00:00","og_image":[{"width":843,"height":843,"url":"https:\/\/www.celttv.com.ar\/wp-content\/uploads\/2024\/01\/fiesta-de-la-golon.jpg","type":"image\/jpeg"}],"author":"Miguel Herrada","twitter_card":"summary_large_image","twitter_misc":{"Escrito por":"Miguel Herrada"},"schema":{"@context":"https:\/\/schema.org","@graph":[{"@type":"NewsArticle","@id":"https:\/\/www.celttv.com.ar\/index.php\/2024\/01\/17\/se-realiza-este-fin-de-semana-la-32o-edicion-de-la-fiesta-provincial-de-las-golondrinas\/#article","isPartOf":{"@id":"https:\/\/www.celttv.com.ar\/index.php\/2024\/01\/17\/se-realiza-este-fin-de-semana-la-32o-edicion-de-la-fiesta-provincial-de-las-golondrinas\/"},"author":{"name":"Miguel Herrada","@id":"https:\/\/www.celttv.com.ar\/#\/schema\/person\/9059dc91dc7204ef4182cdb65225f07d"},"headline":"Se realiza \u00e9ste fin de semana la 32\u00ba edici\u00f3n de la Fiesta Provincial de las Golondrinas (videos)","datePublished":"2024-01-18T02:20:06+00:00","dateModified":"2024-01-18T02:20:48+00:00","mainEntityOfPage":{"@id":"https:\/\/www.celttv.com.ar\/index.php\/2024\/01\/17\/se-realiza-este-fin-de-semana-la-32o-edicion-de-la-fiesta-provincial-de-las-golondrinas\/"},"wordCount":104,"publisher":{"@id":"https:\/\/www.celttv.com.ar\/#organization"},"articleSection":["Comunidad","Culture","Destacadas","Espect\u00e1culos","Turismo"],"inLanguage":"es"},{"@type":"WebPage","@id":"https:\/\/www.celttv.com.ar\/index.php\/2024\/01\/17\/se-realiza-este-fin-de-semana-la-32o-edicion-de-la-fiesta-provincial-de-las-golondrinas\/","url":"https:\/\/www.celttv.com.ar\/index.php\/2024\/01\/17\/se-realiza-este-fin-de-semana-la-32o-edicion-de-la-fiesta-provincial-de-las-golondrinas\/","name":"Se realiza \u00e9ste fin de semana la 32\u00ba edici\u00f3n de la Fiesta Provincial de las Golondrinas (videos) - CELTTV","isPartOf":{"@id":"https:\/\/www.celttv.com.ar\/#website"},"datePublished":"2024-01-18T02:20:06+00:00","dateModified":"2024-01-18T02:20:48+00:00","description":"Sitio web de noticias de la localidad de Tornquist, provincia de Buenos Aires, Rep\u00fablica Argentina. Contenido propio originado por periodistas de CELTTV, el canal de TV local de la Cooperativa El\u00e9ctrica de Tornquist. Turismo, Pol\u00edtica, Sociedad, Deporte, Cultura y todo el contenido de inter\u00e9s general que la gente del pueblo y la regi\u00f3n debe conocer.","breadcrumb":{"@id":"https:\/\/www.celttv.com.ar\/index.php\/2024\/01\/17\/se-realiza-este-fin-de-semana-la-32o-edicion-de-la-fiesta-provincial-de-las-golondrinas\/#breadcrumb"},"inLanguage":"es","potentialAction":[{"@type":"ReadAction","target":["https:\/\/www.celttv.com.ar\/index.php\/2024\/01\/17\/se-realiza-este-fin-de-semana-la-32o-edicion-de-la-fiesta-provincial-de-las-golondrinas\/"]}]},{"@type":"BreadcrumbList","@id":"https:\/\/www.celttv.com.ar\/index.php\/2024\/01\/17\/se-realiza-este-fin-de-semana-la-32o-edicion-de-la-fiesta-provincial-de-las-golondrinas\/#breadcrumb","itemListElement":[{"@type":"ListItem","position":1,"name":"Inicio","item":"https:\/\/www.celttv.com.ar\/"},{"@type":"ListItem","position":2,"name":"Se realiza \u00e9ste fin de semana la 32\u00ba edici\u00f3n de la Fiesta Provincial de las Golondrinas (videos)"}]},{"@type":"WebSite","@id":"https:\/\/www.celttv.com.ar\/#website","url":"https:\/\/www.celttv.com.ar\/","name":"CELTTV","description":"Cooperativa El\u00e9ctrica de Tornquist","publisher":{"@id":"https:\/\/www.celttv.com.ar\/#organization"},"potentialAction":[{"@type":"SearchAction","target":{"@type":"EntryPoint","urlTemplate":"https:\/\/www.celttv.com.ar\/?s={search_term_string}"},"query-input":"required name=search_term_string"}],"inLanguage":"es"},{"@type":"Organization","@id":"https:\/\/www.celttv.com.ar\/#organization","name":"CELTTV","url":"https:\/\/www.celttv.com.ar\/","sameAs":["https:\/\/www.youtube.com\/channel\/UCz_oIt8Hig64Ub-EmcNPIhg","https:\/\/www.facebook.com\/celtTV\/"],"logo":{"@type":"ImageObject","inLanguage":"es","@id":"https:\/\/www.celttv.com.ar\/#\/schema\/logo\/image\/","url":"http:\/\/www.celttv.com.ar\/wp-content\/uploads\/2022\/08\/logo-1.png","contentUrl":"http:\/\/www.celttv.com.ar\/wp-content\/uploads\/2022\/08\/logo-1.png","width":461,"height":159,"caption":"CELTTV"},"image":{"@id":"https:\/\/www.celttv.com.ar\/#\/schema\/logo\/image\/"}},{"@type":"Person","@id":"https:\/\/www.celttv.com.ar\/#\/schema\/person\/9059dc91dc7204ef4182cdb65225f07d","name":"Miguel Herrada","image":{"@type":"ImageObject","inLanguage":"es","@id":"https:\/\/www.celttv.com.ar\/#\/schema\/person\/image\/","url":"https:\/\/secure.gravatar.com\/avatar\/67724d5b3c716623ffd76bec7e45841a442ac3b456e914dbba90b0fad2b8e0b1?s=96&d=mm&r=g","contentUrl":"https:\/\/secure.gravatar.com\/avatar\/67724d5b3c716623ffd76bec7e45841a442ac3b456e914dbba90b0fad2b8e0b1?s=96&d=mm&r=g","caption":"Miguel Herrada"}}]}},"_links":{"self":[{"href":"https:\/\/www.celttv.com.ar\/index.php\/wp-json\/wp\/v2\/posts\/81575","targetHints":{"allow":["GET"]}}],"collection":[{"href":"https:\/\/www.celttv.com.ar\/index.php\/wp-json\/wp\/v2\/posts"}],"about":[{"href":"https:\/\/www.celttv.com.ar\/index.php\/wp-json\/wp\/v2\/types\/post"}],"author":[{"embeddable":true,"href":"https:\/\/www.celttv.com.ar\/index.php\/wp-json\/wp\/v2\/users\/5"}],"replies":[{"embeddable":true,"href":"https:\/\/www.celttv.com.ar\/index.php\/wp-json\/wp\/v2\/comments?post=81575"}],"version-history":[{"count":2,"href":"https:\/\/www.celttv.com.ar\/index.php\/wp-json\/wp\/v2\/posts\/81575\/revisions"}],"predecessor-version":[{"id":81578,"href":"https:\/\/www.celttv.com.ar\/index.php\/wp-json\/wp\/v2\/posts\/81575\/revisions\/81578"}],"wp:featuredmedia":[{"embeddable":true,"href":"https:\/\/www.celttv.com.ar\/index.php\/wp-json\/wp\/v2\/media\/81576"}],"wp:attachment":[{"href":"https:\/\/www.celttv.com.ar\/index.php\/wp-json\/wp\/v2\/media?parent=81575"}],"wp:term":[{"taxonomy":"category","embeddable":true,"href":"https:\/\/www.celttv.com.ar\/index.php\/wp-json\/wp\/v2\/categories?post=81575"},{"taxonomy":"post_tag","embeddable":true,"href":"https:\/\/www.celttv.com.ar\/index.php\/wp-json\/wp\/v2\/tags?post=81575"}],"curies":[{"name":"wp","href":"https:\/\/api.w.org\/{rel}","templated":true}]}}