{"id":8159,"date":"2012-09-11T22:28:37","date_gmt":"2012-09-11T22:28:37","guid":{"rendered":"http:\/\/www.tvcnoticias.com.ar\/?p=8159"},"modified":"2012-09-11T22:28:37","modified_gmt":"2012-09-11T22:28:37","slug":"con-el-objetivo-de-seguir-ampliando-la-oferta-educativa-en-el-distrito","status":"publish","type":"post","link":"https:\/\/www.celttv.com.ar\/index.php\/2012\/09\/11\/con-el-objetivo-de-seguir-ampliando-la-oferta-educativa-en-el-distrito\/","title":{"rendered":"CON EL OBJETIVO DE SEGUIR AMPLIANDO LA OFERTA EDUCATIVA EN EL DISTRITO"},"content":{"rendered":"<p>\u00a0<a rel=\"attachment wp-att-8161\" href=\"http:\/\/www.tvcnoticias.com.ar\/?attachment_id=8161\"><img loading=\"lazy\" decoding=\"async\" class=\"aligncenter size-full wp-image-8161\" title=\"P1160080 (1024x768) (Small)\" src=\"http:\/\/www.tvcnoticias.com.ar\/wp-content\/uploads\/2012\/09\/P1160080-1024x768-Small.jpg\" alt=\"\" width=\"640\" height=\"480\" \/><\/a><br \/>\nEl intendente municipal, licenciado Gustavo Trankels, firm\u00f3 un convenio de comodato con el Consejo Escolar del distrito, por intermedio del cual cede la utilizaci\u00f3n del ex Hogar Ceferino Namuncur\u00e1 al Centro de Formaci\u00f3n Profesional N\u00b0 402 de Tornquist.<br \/>\n\u00a0\u00a0\u00a0 El jefe comunal rubric\u00f3 el contrato con el presidente del Consejo Escolar, Carlos Abad, y ante la presencia del titular de la entidad educativa, Gerardo Bras, y el secretario, Gustavo Ser\u00f3 Mantero, en otra clara muestra de la prioridad que la educaci\u00f3n tiene en la agenda de la administraci\u00f3n que lidera.<br \/>\n\u00a0\u00a0 <strong>\u201cEste es un paso m\u00e1s en un camino iniciado hace un tiempo atr\u00e1s, cuando surgi\u00f3 la posibilidad de recuperar nuestro Centro de Formaci\u00f3n Profesional. En su momento nos planteamos otro objetivo con los directivos y los integrantes del Consejo Escolar, que era tener un edificio propio. Trabajando en ese objetivo comenzamos a ver la posibilidad de refuncionalizar lo que fue el Hogar Ceferino Namuncur\u00e1. Esa tarea comenz\u00f3 hace bastante tiempo y hoy estamos formalizando esa relaci\u00f3n, con la firma del convenio para cederle las instalaciones por 10 a\u00f1os, con opci\u00f3n a una pr\u00f3rroga\u201d,<\/strong> coment\u00f3 Trankels tras imprimir su firma en los documentos.<br \/>\n\u00a0\u00a0 <strong>\u201cEs muy importante porque contando con un lugar, el Centro puede ingresar en distintos programas de equipamiento para brindarle mayores comodidades a los alumnos. Esto es estrat\u00e9gico para nuestro distrito, porque complementa las otras ofertas que ya existen\u201d,<\/strong> destac\u00f3.<br \/>\n\u00a0\u00a0 Trankels resalt\u00f3 los resultados que otorga el trabajo conjunto entre los diferentes estamentos y el municipio.<br \/>\n<strong>\u00a0\u00a0 \u201cEsta es una muestra m\u00e1s y significa un paso hacia otro objetivo m\u00e1s ambicioso, que es el de mejorar el edificio y toda la infraestructura para que se encuentre acorde a las circunstancias, a fin de que los docentes y alumnos tengan un buen \u00e1mbito de trabajo\u201d,<\/strong> coment\u00f3.<br \/>\n\u00a0\u00a0 Despu\u00e9s de destacar que muchas de las tareas de refacci\u00f3n ser\u00e1n emprendidas por los propios alumnos de la entidad educativa, teniendo en cuenta la modalidad del establecimiento, el intendente record\u00f3 el futuro desembarco de la Federaci\u00f3n Centro Sur de Bomberos Voluntarios.<br \/>\n<strong>\u00a0\u00a0 \u201cEllos tambi\u00e9n tendr\u00e1n su sede en el edificio y brindar\u00e1n su aporte para que entre todos podamos ponerlo en valor y hacerlo funcional a este nuevo uso, para una nueva \u00e9poca y un futuro distinto para el distrito de Tornquist\u201d<\/strong>, manifest\u00f3 Trankels.<br \/>\n\u00a0\u00a0 Abad, en tanto, se mostr\u00f3 contento por el paso dado con este convenio.<br \/>\n\u00a0\u00a0 \u201cComo alumno y docente del Centro de Formaci\u00f3n Profesional, es un orgullo muy grande plasmar este contrato con Gustavo. Si bien en la pr\u00e1ctica se ven\u00edan realizando las actividades, para varios tr\u00e1mites era necesario dar este paso. Es un edificio m\u00e1s que se incorpora a la Direcci\u00f3n General de Escuela y Educaci\u00f3n y vamos a tener tarea sobre eso\u201d, mencion\u00f3.<br \/>\n\u00a0\u00a0 Finalmente, Bras tambi\u00e9n se refiri\u00f3 al convenio y la entidad que dirige.<br \/>\n\u00a0\u00a0 \u201cEs importante tener esta seguridad jur\u00eddica, porque era necesario para el equipamiento y el desarrollo. Siempre tuvimos la colaboraci\u00f3n del intendente y la gente del Consejo Escolar y por suerte llegamos a esto. Siempre destaco el equipo de trabajo que logramos tener. La gente tiene puesta la camiseta del centro y eso nos permitir\u00e1 ser fuertes. Estamos pensando en organizar un curso de mantenimiento de edificio, que nos posibilitar\u00eda acomodar ventanas, revoques, puertas y de paso los alumnos van aprendiendo\u201d, cont\u00f3.<br \/>\n\u00a0\u00a0\u00a0 La firma del mencionado convenio significa otra muestra de la trascendencia que el intendente Trankels le brinda a la educaci\u00f3n.\u00a0 La iniciativa se suma a otras de gran importancia que se gestaron durante su gesti\u00f3n de gobierno.<br \/>\nPrensa Municipalidad de Tornquist (<a href=\"mailto:prensa@tornquist.gov.ar\">prensa@tornquist.gov.ar<\/a>)<br \/>\nTwitter: @prensatornquist<br \/>\n<a href=\"http:\/\/www.tornquist.gov.ar\/\">www.tornquist.gov.ar<\/a><\/p>\n","protected":false},"excerpt":{"rendered":"<p>\u00a0 El intendente municipal, licenciado Gustavo Trankels, firm\u00f3 un convenio de comodato con el Consejo Escolar del distrito, por intermedio del cual cede la utilizaci\u00f3n del ex Hogar Ceferino Namuncur\u00e1 al Centro de Formaci\u00f3n Profesional N\u00b0 402 de Tornquist. \u00a0\u00a0\u00a0 El jefe comunal rubric\u00f3 el contrato con el presidente del Consejo Escolar, Carlos Abad, y [&hellip;]<\/p>\n","protected":false},"author":1,"featured_media":0,"comment_status":"closed","ping_status":"open","sticky":false,"template":"","format":"standard","meta":{"footnotes":""},"categories":[51,52,53],"tags":[],"class_list":["post-8159","post","type-post","status-publish","format-standard","hentry","category-comunidad","category-destacadas","category-politica"],"yoast_head":"<!-- This site is optimized with the Yoast SEO plugin v19.7.1 - https:\/\/yoast.com\/wordpress\/plugins\/seo\/ -->\n<title>CON EL OBJETIVO DE SEGUIR AMPLIANDO LA OFERTA EDUCATIVA EN EL DISTRITO - CELTTV<\/title>\n<meta name=\"description\" content=\"Sitio web de noticias de la localidad de Tornquist, provincia de Buenos Aires, Rep\u00fablica Argentina. Contenido propio originado por periodistas de CELTTV, el canal de TV local de la Cooperativa El\u00e9ctrica de Tornquist. Turismo, Pol\u00edtica, Sociedad, Deporte, Cultura y todo el contenido de inter\u00e9s general que la gente del pueblo y la regi\u00f3n debe conocer.\" \/>\n<meta name=\"robots\" content=\"index, follow, max-snippet:-1, max-image-preview:large, max-video-preview:-1\" \/>\n<link rel=\"canonical\" href=\"https:\/\/www.celttv.com.ar\/index.php\/2012\/09\/11\/con-el-objetivo-de-seguir-ampliando-la-oferta-educativa-en-el-distrito\/\" \/>\n<meta property=\"og:locale\" content=\"es_ES\" \/>\n<meta property=\"og:type\" content=\"article\" \/>\n<meta property=\"og:title\" content=\"CON EL OBJETIVO DE SEGUIR AMPLIANDO LA OFERTA EDUCATIVA EN EL DISTRITO - CELTTV\" \/>\n<meta property=\"og:description\" content=\"Sitio web de noticias de la localidad de Tornquist, provincia de Buenos Aires, Rep\u00fablica Argentina. Contenido propio originado por periodistas de CELTTV, el canal de TV local de la Cooperativa El\u00e9ctrica de Tornquist. Turismo, Pol\u00edtica, Sociedad, Deporte, Cultura y todo el contenido de inter\u00e9s general que la gente del pueblo y la regi\u00f3n debe conocer.\" \/>\n<meta property=\"og:url\" content=\"https:\/\/www.celttv.com.ar\/index.php\/2012\/09\/11\/con-el-objetivo-de-seguir-ampliando-la-oferta-educativa-en-el-distrito\/\" \/>\n<meta property=\"og:site_name\" content=\"CELTTV\" \/>\n<meta property=\"article:publisher\" content=\"https:\/\/www.facebook.com\/celtTV\/\" \/>\n<meta property=\"article:published_time\" content=\"2012-09-11T22:28:37+00:00\" \/>\n<meta property=\"og:image\" content=\"http:\/\/www.tvcnoticias.com.ar\/wp-content\/uploads\/2012\/09\/P1160080-1024x768-Small.jpg\" \/>\n<meta name=\"author\" content=\"ulises\" \/>\n<meta name=\"twitter:card\" content=\"summary_large_image\" \/>\n<meta name=\"twitter:label1\" content=\"Escrito por\" \/>\n\t<meta name=\"twitter:data1\" content=\"ulises\" \/>\n\t<meta name=\"twitter:label2\" content=\"Tiempo de lectura\" \/>\n\t<meta name=\"twitter:data2\" content=\"3 minutos\" \/>\n<script type=\"application\/ld+json\" class=\"yoast-schema-graph\">{\"@context\":\"https:\/\/schema.org\",\"@graph\":[{\"@type\":\"NewsArticle\",\"@id\":\"https:\/\/www.celttv.com.ar\/index.php\/2012\/09\/11\/con-el-objetivo-de-seguir-ampliando-la-oferta-educativa-en-el-distrito\/#article\",\"isPartOf\":{\"@id\":\"https:\/\/www.celttv.com.ar\/index.php\/2012\/09\/11\/con-el-objetivo-de-seguir-ampliando-la-oferta-educativa-en-el-distrito\/\"},\"author\":{\"name\":\"ulises\",\"@id\":\"https:\/\/www.celttv.com.ar\/#\/schema\/person\/6d99c072dba59953809c81446e9d0ace\"},\"headline\":\"CON EL OBJETIVO DE SEGUIR AMPLIANDO LA OFERTA EDUCATIVA EN EL DISTRITO\",\"datePublished\":\"2012-09-11T22:28:37+00:00\",\"dateModified\":\"2012-09-11T22:28:37+00:00\",\"mainEntityOfPage\":{\"@id\":\"https:\/\/www.celttv.com.ar\/index.php\/2012\/09\/11\/con-el-objetivo-de-seguir-ampliando-la-oferta-educativa-en-el-distrito\/\"},\"wordCount\":638,\"publisher\":{\"@id\":\"https:\/\/www.celttv.com.ar\/#organization\"},\"articleSection\":[\"Comunidad\",\"Destacadas\",\"Pol\u00edtica\"],\"inLanguage\":\"es\"},{\"@type\":\"WebPage\",\"@id\":\"https:\/\/www.celttv.com.ar\/index.php\/2012\/09\/11\/con-el-objetivo-de-seguir-ampliando-la-oferta-educativa-en-el-distrito\/\",\"url\":\"https:\/\/www.celttv.com.ar\/index.php\/2012\/09\/11\/con-el-objetivo-de-seguir-ampliando-la-oferta-educativa-en-el-distrito\/\",\"name\":\"CON EL OBJETIVO DE SEGUIR AMPLIANDO LA OFERTA EDUCATIVA EN EL DISTRITO - CELTTV\",\"isPartOf\":{\"@id\":\"https:\/\/www.celttv.com.ar\/#website\"},\"datePublished\":\"2012-09-11T22:28:37+00:00\",\"dateModified\":\"2012-09-11T22:28:37+00:00\",\"description\":\"Sitio web de noticias de la localidad de Tornquist, provincia de Buenos Aires, Rep\u00fablica Argentina. Contenido propio originado por periodistas de CELTTV, el canal de TV local de la Cooperativa El\u00e9ctrica de Tornquist. Turismo, Pol\u00edtica, Sociedad, Deporte, Cultura y todo el contenido de inter\u00e9s general que la gente del pueblo y la regi\u00f3n debe conocer.\",\"breadcrumb\":{\"@id\":\"https:\/\/www.celttv.com.ar\/index.php\/2012\/09\/11\/con-el-objetivo-de-seguir-ampliando-la-oferta-educativa-en-el-distrito\/#breadcrumb\"},\"inLanguage\":\"es\",\"potentialAction\":[{\"@type\":\"ReadAction\",\"target\":[\"https:\/\/www.celttv.com.ar\/index.php\/2012\/09\/11\/con-el-objetivo-de-seguir-ampliando-la-oferta-educativa-en-el-distrito\/\"]}]},{\"@type\":\"BreadcrumbList\",\"@id\":\"https:\/\/www.celttv.com.ar\/index.php\/2012\/09\/11\/con-el-objetivo-de-seguir-ampliando-la-oferta-educativa-en-el-distrito\/#breadcrumb\",\"itemListElement\":[{\"@type\":\"ListItem\",\"position\":1,\"name\":\"Inicio\",\"item\":\"https:\/\/www.celttv.com.ar\/\"},{\"@type\":\"ListItem\",\"position\":2,\"name\":\"CON EL OBJETIVO DE SEGUIR AMPLIANDO LA OFERTA EDUCATIVA EN EL DISTRITO\"}]},{\"@type\":\"WebSite\",\"@id\":\"https:\/\/www.celttv.com.ar\/#website\",\"url\":\"https:\/\/www.celttv.com.ar\/\",\"name\":\"CELTTV\",\"description\":\"Cooperativa El\u00e9ctrica de Tornquist\",\"publisher\":{\"@id\":\"https:\/\/www.celttv.com.ar\/#organization\"},\"potentialAction\":[{\"@type\":\"SearchAction\",\"target\":{\"@type\":\"EntryPoint\",\"urlTemplate\":\"https:\/\/www.celttv.com.ar\/?s={search_term_string}\"},\"query-input\":\"required name=search_term_string\"}],\"inLanguage\":\"es\"},{\"@type\":\"Organization\",\"@id\":\"https:\/\/www.celttv.com.ar\/#organization\",\"name\":\"CELTTV\",\"url\":\"https:\/\/www.celttv.com.ar\/\",\"sameAs\":[\"https:\/\/www.youtube.com\/channel\/UCz_oIt8Hig64Ub-EmcNPIhg\",\"https:\/\/www.facebook.com\/celtTV\/\"],\"logo\":{\"@type\":\"ImageObject\",\"inLanguage\":\"es\",\"@id\":\"https:\/\/www.celttv.com.ar\/#\/schema\/logo\/image\/\",\"url\":\"http:\/\/www.celttv.com.ar\/wp-content\/uploads\/2022\/08\/logo-1.png\",\"contentUrl\":\"http:\/\/www.celttv.com.ar\/wp-content\/uploads\/2022\/08\/logo-1.png\",\"width\":461,\"height\":159,\"caption\":\"CELTTV\"},\"image\":{\"@id\":\"https:\/\/www.celttv.com.ar\/#\/schema\/logo\/image\/\"}},{\"@type\":\"Person\",\"@id\":\"https:\/\/www.celttv.com.ar\/#\/schema\/person\/6d99c072dba59953809c81446e9d0ace\",\"name\":\"ulises\",\"image\":{\"@type\":\"ImageObject\",\"inLanguage\":\"es\",\"@id\":\"https:\/\/www.celttv.com.ar\/#\/schema\/person\/image\/\",\"url\":\"https:\/\/secure.gravatar.com\/avatar\/7f2c48bdc33b30088f941fb6082e555f2874c98e20cb159d7b92b50eadfce793?s=96&d=mm&r=g\",\"contentUrl\":\"https:\/\/secure.gravatar.com\/avatar\/7f2c48bdc33b30088f941fb6082e555f2874c98e20cb159d7b92b50eadfce793?s=96&d=mm&r=g\",\"caption\":\"ulises\"},\"sameAs\":[\"http:\/\/www.celttv.com.ar\"]}]}<\/script>\n<!-- \/ Yoast SEO plugin. -->","yoast_head_json":{"title":"CON EL OBJETIVO DE SEGUIR AMPLIANDO LA OFERTA EDUCATIVA EN EL DISTRITO - CELTTV","description":"Sitio web de noticias de la localidad de Tornquist, provincia de Buenos Aires, Rep\u00fablica Argentina. Contenido propio originado por periodistas de CELTTV, el canal de TV local de la Cooperativa El\u00e9ctrica de Tornquist. Turismo, Pol\u00edtica, Sociedad, Deporte, Cultura y todo el contenido de inter\u00e9s general que la gente del pueblo y la regi\u00f3n debe conocer.","robots":{"index":"index","follow":"follow","max-snippet":"max-snippet:-1","max-image-preview":"max-image-preview:large","max-video-preview":"max-video-preview:-1"},"canonical":"https:\/\/www.celttv.com.ar\/index.php\/2012\/09\/11\/con-el-objetivo-de-seguir-ampliando-la-oferta-educativa-en-el-distrito\/","og_locale":"es_ES","og_type":"article","og_title":"CON EL OBJETIVO DE SEGUIR AMPLIANDO LA OFERTA EDUCATIVA EN EL DISTRITO - CELTTV","og_description":"Sitio web de noticias de la localidad de Tornquist, provincia de Buenos Aires, Rep\u00fablica Argentina. Contenido propio originado por periodistas de CELTTV, el canal de TV local de la Cooperativa El\u00e9ctrica de Tornquist. Turismo, Pol\u00edtica, Sociedad, Deporte, Cultura y todo el contenido de inter\u00e9s general que la gente del pueblo y la regi\u00f3n debe conocer.","og_url":"https:\/\/www.celttv.com.ar\/index.php\/2012\/09\/11\/con-el-objetivo-de-seguir-ampliando-la-oferta-educativa-en-el-distrito\/","og_site_name":"CELTTV","article_publisher":"https:\/\/www.facebook.com\/celtTV\/","article_published_time":"2012-09-11T22:28:37+00:00","og_image":[{"url":"http:\/\/www.tvcnoticias.com.ar\/wp-content\/uploads\/2012\/09\/P1160080-1024x768-Small.jpg"}],"author":"ulises","twitter_card":"summary_large_image","twitter_misc":{"Escrito por":"ulises","Tiempo de lectura":"3 minutos"},"schema":{"@context":"https:\/\/schema.org","@graph":[{"@type":"NewsArticle","@id":"https:\/\/www.celttv.com.ar\/index.php\/2012\/09\/11\/con-el-objetivo-de-seguir-ampliando-la-oferta-educativa-en-el-distrito\/#article","isPartOf":{"@id":"https:\/\/www.celttv.com.ar\/index.php\/2012\/09\/11\/con-el-objetivo-de-seguir-ampliando-la-oferta-educativa-en-el-distrito\/"},"author":{"name":"ulises","@id":"https:\/\/www.celttv.com.ar\/#\/schema\/person\/6d99c072dba59953809c81446e9d0ace"},"headline":"CON EL OBJETIVO DE SEGUIR AMPLIANDO LA OFERTA EDUCATIVA EN EL DISTRITO","datePublished":"2012-09-11T22:28:37+00:00","dateModified":"2012-09-11T22:28:37+00:00","mainEntityOfPage":{"@id":"https:\/\/www.celttv.com.ar\/index.php\/2012\/09\/11\/con-el-objetivo-de-seguir-ampliando-la-oferta-educativa-en-el-distrito\/"},"wordCount":638,"publisher":{"@id":"https:\/\/www.celttv.com.ar\/#organization"},"articleSection":["Comunidad","Destacadas","Pol\u00edtica"],"inLanguage":"es"},{"@type":"WebPage","@id":"https:\/\/www.celttv.com.ar\/index.php\/2012\/09\/11\/con-el-objetivo-de-seguir-ampliando-la-oferta-educativa-en-el-distrito\/","url":"https:\/\/www.celttv.com.ar\/index.php\/2012\/09\/11\/con-el-objetivo-de-seguir-ampliando-la-oferta-educativa-en-el-distrito\/","name":"CON EL OBJETIVO DE SEGUIR AMPLIANDO LA OFERTA EDUCATIVA EN EL DISTRITO - CELTTV","isPartOf":{"@id":"https:\/\/www.celttv.com.ar\/#website"},"datePublished":"2012-09-11T22:28:37+00:00","dateModified":"2012-09-11T22:28:37+00:00","description":"Sitio web de noticias de la localidad de Tornquist, provincia de Buenos Aires, Rep\u00fablica Argentina. Contenido propio originado por periodistas de CELTTV, el canal de TV local de la Cooperativa El\u00e9ctrica de Tornquist. Turismo, Pol\u00edtica, Sociedad, Deporte, Cultura y todo el contenido de inter\u00e9s general que la gente del pueblo y la regi\u00f3n debe conocer.","breadcrumb":{"@id":"https:\/\/www.celttv.com.ar\/index.php\/2012\/09\/11\/con-el-objetivo-de-seguir-ampliando-la-oferta-educativa-en-el-distrito\/#breadcrumb"},"inLanguage":"es","potentialAction":[{"@type":"ReadAction","target":["https:\/\/www.celttv.com.ar\/index.php\/2012\/09\/11\/con-el-objetivo-de-seguir-ampliando-la-oferta-educativa-en-el-distrito\/"]}]},{"@type":"BreadcrumbList","@id":"https:\/\/www.celttv.com.ar\/index.php\/2012\/09\/11\/con-el-objetivo-de-seguir-ampliando-la-oferta-educativa-en-el-distrito\/#breadcrumb","itemListElement":[{"@type":"ListItem","position":1,"name":"Inicio","item":"https:\/\/www.celttv.com.ar\/"},{"@type":"ListItem","position":2,"name":"CON EL OBJETIVO DE SEGUIR AMPLIANDO LA OFERTA EDUCATIVA EN EL DISTRITO"}]},{"@type":"WebSite","@id":"https:\/\/www.celttv.com.ar\/#website","url":"https:\/\/www.celttv.com.ar\/","name":"CELTTV","description":"Cooperativa El\u00e9ctrica de Tornquist","publisher":{"@id":"https:\/\/www.celttv.com.ar\/#organization"},"potentialAction":[{"@type":"SearchAction","target":{"@type":"EntryPoint","urlTemplate":"https:\/\/www.celttv.com.ar\/?s={search_term_string}"},"query-input":"required name=search_term_string"}],"inLanguage":"es"},{"@type":"Organization","@id":"https:\/\/www.celttv.com.ar\/#organization","name":"CELTTV","url":"https:\/\/www.celttv.com.ar\/","sameAs":["https:\/\/www.youtube.com\/channel\/UCz_oIt8Hig64Ub-EmcNPIhg","https:\/\/www.facebook.com\/celtTV\/"],"logo":{"@type":"ImageObject","inLanguage":"es","@id":"https:\/\/www.celttv.com.ar\/#\/schema\/logo\/image\/","url":"http:\/\/www.celttv.com.ar\/wp-content\/uploads\/2022\/08\/logo-1.png","contentUrl":"http:\/\/www.celttv.com.ar\/wp-content\/uploads\/2022\/08\/logo-1.png","width":461,"height":159,"caption":"CELTTV"},"image":{"@id":"https:\/\/www.celttv.com.ar\/#\/schema\/logo\/image\/"}},{"@type":"Person","@id":"https:\/\/www.celttv.com.ar\/#\/schema\/person\/6d99c072dba59953809c81446e9d0ace","name":"ulises","image":{"@type":"ImageObject","inLanguage":"es","@id":"https:\/\/www.celttv.com.ar\/#\/schema\/person\/image\/","url":"https:\/\/secure.gravatar.com\/avatar\/7f2c48bdc33b30088f941fb6082e555f2874c98e20cb159d7b92b50eadfce793?s=96&d=mm&r=g","contentUrl":"https:\/\/secure.gravatar.com\/avatar\/7f2c48bdc33b30088f941fb6082e555f2874c98e20cb159d7b92b50eadfce793?s=96&d=mm&r=g","caption":"ulises"},"sameAs":["http:\/\/www.celttv.com.ar"]}]}},"_links":{"self":[{"href":"https:\/\/www.celttv.com.ar\/index.php\/wp-json\/wp\/v2\/posts\/8159","targetHints":{"allow":["GET"]}}],"collection":[{"href":"https:\/\/www.celttv.com.ar\/index.php\/wp-json\/wp\/v2\/posts"}],"about":[{"href":"https:\/\/www.celttv.com.ar\/index.php\/wp-json\/wp\/v2\/types\/post"}],"author":[{"embeddable":true,"href":"https:\/\/www.celttv.com.ar\/index.php\/wp-json\/wp\/v2\/users\/1"}],"replies":[{"embeddable":true,"href":"https:\/\/www.celttv.com.ar\/index.php\/wp-json\/wp\/v2\/comments?post=8159"}],"version-history":[{"count":0,"href":"https:\/\/www.celttv.com.ar\/index.php\/wp-json\/wp\/v2\/posts\/8159\/revisions"}],"wp:attachment":[{"href":"https:\/\/www.celttv.com.ar\/index.php\/wp-json\/wp\/v2\/media?parent=8159"}],"wp:term":[{"taxonomy":"category","embeddable":true,"href":"https:\/\/www.celttv.com.ar\/index.php\/wp-json\/wp\/v2\/categories?post=8159"},{"taxonomy":"post_tag","embeddable":true,"href":"https:\/\/www.celttv.com.ar\/index.php\/wp-json\/wp\/v2\/tags?post=8159"}],"curies":[{"name":"wp","href":"https:\/\/api.w.org\/{rel}","templated":true}]}}