{"id":81620,"date":"2024-01-22T12:06:40","date_gmt":"2024-01-22T15:06:40","guid":{"rendered":"https:\/\/www.celttv.com.ar\/?p=81620"},"modified":"2024-01-22T12:06:40","modified_gmt":"2024-01-22T15:06:40","slug":"alerta-meteorologica-y-recomendaciones-por-temperaturas-extremas","status":"publish","type":"post","link":"https:\/\/www.celttv.com.ar\/index.php\/2024\/01\/22\/alerta-meteorologica-y-recomendaciones-por-temperaturas-extremas\/","title":{"rendered":"Alerta meteorol\u00f3gica y recomendaciones por temperaturas extremas"},"content":{"rendered":"<p align=\"JUSTIFY\"><span style=\"font-family: Gotham Rounded Bold, serif;\"><span style=\"font-size: xx-large;\"><span style=\"font-family: Arial, serif;\"><span style=\"font-size: small;\">Tornquist Municipio informa que se encuentra vigente una alerta por temperaturas extremas durante toda esta semana en el distrito.<\/span><\/span><\/span><\/span><\/p>\n<p align=\"JUSTIFY\"><span style=\"font-family: Gotham Rounded Bold, serif;\"><span style=\"font-size: xx-large;\"><span style=\"font-family: Arial, serif;\"><span style=\"font-size: small;\">Frente a ello, se recomienda a la poblaci\u00f3n:<\/span><\/span><\/span><\/span><\/p>\n<p align=\"JUSTIFY\"><span style=\"font-family: Gotham Rounded Bold, serif;\"><span style=\"font-size: xx-large;\"><span style=\"font-family: Arial, serif;\"><span style=\"font-size: small;\">-Aumentar el consumo de l\u00edquidos sin esperar a tener sed;<\/span><\/span><\/span><\/span><\/p>\n<p align=\"JUSTIFY\"><span style=\"font-family: Gotham Rounded Bold, serif;\"><span style=\"font-size: xx-large;\"><span style=\"font-family: Arial, serif;\"><span style=\"font-size: small;\">-No exponerse al sol en exceso, ni en horas de la tarde;<\/span><\/span><\/span><\/span><\/p>\n<p align=\"JUSTIFY\"><span style=\"font-family: Gotham Rounded Bold, serif;\"><span style=\"font-size: xx-large;\"><span style=\"font-family: Arial, serif;\"><span style=\"font-size: small;\">-Evitar las bebidas alcoh\u00f3licas o muy azucaradas;<\/span><\/span><\/span><\/span><\/p>\n<p align=\"JUSTIFY\"><span style=\"font-family: Gotham Rounded Bold, serif;\"><span style=\"font-size: xx-large;\"><span style=\"font-family: Arial, serif;\"><span style=\"font-size: small;\">-Evitar comidas muy abundantes;<\/span><\/span><\/span><\/span><\/p>\n<p align=\"JUSTIFY\"><span style=\"font-family: Gotham Rounded Bold, serif;\"><span style=\"font-size: xx-large;\"><span style=\"font-family: Arial, serif;\"><span style=\"font-size: small;\">-Ingerir verduras y frutas;<\/span><\/span><\/span><\/span><\/p>\n<p align=\"JUSTIFY\"><span style=\"font-family: Gotham Rounded Bold, serif;\"><span style=\"font-size: xx-large;\"><span style=\"font-family: Arial, serif;\"><span style=\"font-size: small;\">-Reducir la actividad f\u00edsica;<\/span><\/span><\/span><\/span><\/p>\n<p align=\"JUSTIFY\"><span style=\"font-family: Gotham Rounded Bold, serif;\"><span style=\"font-size: xx-large;\"><span style=\"font-family: Arial, serif;\"><span style=\"font-size: small;\">-Extremar precauciones para evitar incendios.<\/span><\/span><\/span><\/span><\/p>\n<p align=\"JUSTIFY\"><img loading=\"lazy\" decoding=\"async\" class=\"alignnone wp-image-81621 size-full\" src=\"https:\/\/www.celttv.com.ar\/wp-content\/uploads\/2024\/01\/Alerta-22-1.jpeg\" alt=\"\" width=\"1142\" height=\"1600\" srcset=\"https:\/\/www.celttv.com.ar\/wp-content\/uploads\/2024\/01\/Alerta-22-1.jpeg 1142w, https:\/\/www.celttv.com.ar\/wp-content\/uploads\/2024\/01\/Alerta-22-1-214x300.jpeg 214w, https:\/\/www.celttv.com.ar\/wp-content\/uploads\/2024\/01\/Alerta-22-1-731x1024.jpeg 731w, https:\/\/www.celttv.com.ar\/wp-content\/uploads\/2024\/01\/Alerta-22-1-768x1076.jpeg 768w, https:\/\/www.celttv.com.ar\/wp-content\/uploads\/2024\/01\/Alerta-22-1-1096x1536.jpeg 1096w, https:\/\/www.celttv.com.ar\/wp-content\/uploads\/2024\/01\/Alerta-22-1-360x504.jpeg 360w, https:\/\/www.celttv.com.ar\/wp-content\/uploads\/2024\/01\/Alerta-22-1-750x1051.jpeg 750w, https:\/\/www.celttv.com.ar\/wp-content\/uploads\/2024\/01\/Alerta-22-1-1140x1597.jpeg 1140w\" sizes=\"auto, (max-width: 1142px) 100vw, 1142px\" \/><\/p>\n","protected":false},"excerpt":{"rendered":"<p>Tornquist Municipio informa que se encuentra vigente una alerta por temperaturas extremas durante toda esta semana en el distrito. Frente a ello, se recomienda a la poblaci\u00f3n: -Aumentar el consumo de l\u00edquidos sin esperar a tener sed; -No exponerse al sol en exceso, ni en horas de la tarde; -Evitar las bebidas alcoh\u00f3licas o muy [&hellip;]<\/p>\n","protected":false},"author":3,"featured_media":81621,"comment_status":"closed","ping_status":"closed","sticky":false,"template":"","format":"standard","meta":{"footnotes":""},"categories":[55],"tags":[],"class_list":["post-81620","post","type-post","status-publish","format-standard","has-post-thumbnail","hentry","category-celt-tv-noticias"],"yoast_head":"<!-- This site is optimized with the Yoast SEO plugin v19.7.1 - https:\/\/yoast.com\/wordpress\/plugins\/seo\/ -->\n<title>Alerta meteorol\u00f3gica y recomendaciones por temperaturas extremas - CELTTV<\/title>\n<meta name=\"description\" content=\"Sitio web de noticias de la localidad de Tornquist, provincia de Buenos Aires, Rep\u00fablica Argentina. Contenido propio originado por periodistas de CELTTV, el canal de TV local de la Cooperativa El\u00e9ctrica de Tornquist. Turismo, Pol\u00edtica, Sociedad, Deporte, Cultura y todo el contenido de inter\u00e9s general que la gente del pueblo y la regi\u00f3n debe conocer.\" \/>\n<meta name=\"robots\" content=\"index, follow, max-snippet:-1, max-image-preview:large, max-video-preview:-1\" \/>\n<link rel=\"canonical\" href=\"https:\/\/www.celttv.com.ar\/index.php\/2024\/01\/22\/alerta-meteorologica-y-recomendaciones-por-temperaturas-extremas\/\" \/>\n<meta property=\"og:locale\" content=\"es_ES\" \/>\n<meta property=\"og:type\" content=\"article\" \/>\n<meta property=\"og:title\" content=\"Alerta meteorol\u00f3gica y recomendaciones por temperaturas extremas - CELTTV\" \/>\n<meta property=\"og:description\" content=\"Sitio web de noticias de la localidad de Tornquist, provincia de Buenos Aires, Rep\u00fablica Argentina. Contenido propio originado por periodistas de CELTTV, el canal de TV local de la Cooperativa El\u00e9ctrica de Tornquist. Turismo, Pol\u00edtica, Sociedad, Deporte, Cultura y todo el contenido de inter\u00e9s general que la gente del pueblo y la regi\u00f3n debe conocer.\" \/>\n<meta property=\"og:url\" content=\"https:\/\/www.celttv.com.ar\/index.php\/2024\/01\/22\/alerta-meteorologica-y-recomendaciones-por-temperaturas-extremas\/\" \/>\n<meta property=\"og:site_name\" content=\"CELTTV\" \/>\n<meta property=\"article:publisher\" content=\"https:\/\/www.facebook.com\/celtTV\/\" \/>\n<meta property=\"article:published_time\" content=\"2024-01-22T15:06:40+00:00\" \/>\n<meta property=\"og:image\" content=\"https:\/\/www.celttv.com.ar\/wp-content\/uploads\/2024\/01\/Alerta-22-1.jpeg\" \/>\n\t<meta property=\"og:image:width\" content=\"1142\" \/>\n\t<meta property=\"og:image:height\" content=\"1600\" \/>\n\t<meta property=\"og:image:type\" content=\"image\/jpeg\" \/>\n<meta name=\"author\" content=\"Rodrigo Sgammini\" \/>\n<meta name=\"twitter:card\" content=\"summary_large_image\" \/>\n<meta name=\"twitter:label1\" content=\"Escrito por\" \/>\n\t<meta name=\"twitter:data1\" content=\"Rodrigo Sgammini\" \/>\n<script type=\"application\/ld+json\" class=\"yoast-schema-graph\">{\"@context\":\"https:\/\/schema.org\",\"@graph\":[{\"@type\":\"NewsArticle\",\"@id\":\"https:\/\/www.celttv.com.ar\/index.php\/2024\/01\/22\/alerta-meteorologica-y-recomendaciones-por-temperaturas-extremas\/#article\",\"isPartOf\":{\"@id\":\"https:\/\/www.celttv.com.ar\/index.php\/2024\/01\/22\/alerta-meteorologica-y-recomendaciones-por-temperaturas-extremas\/\"},\"author\":{\"name\":\"Rodrigo Sgammini\",\"@id\":\"https:\/\/www.celttv.com.ar\/#\/schema\/person\/495be51d064edd971d8457f8f64eb172\"},\"headline\":\"Alerta meteorol\u00f3gica y recomendaciones por temperaturas extremas\",\"datePublished\":\"2024-01-22T15:06:40+00:00\",\"dateModified\":\"2024-01-22T15:06:40+00:00\",\"mainEntityOfPage\":{\"@id\":\"https:\/\/www.celttv.com.ar\/index.php\/2024\/01\/22\/alerta-meteorologica-y-recomendaciones-por-temperaturas-extremas\/\"},\"wordCount\":85,\"publisher\":{\"@id\":\"https:\/\/www.celttv.com.ar\/#organization\"},\"articleSection\":[\"Celt TV Noticias\"],\"inLanguage\":\"es\"},{\"@type\":\"WebPage\",\"@id\":\"https:\/\/www.celttv.com.ar\/index.php\/2024\/01\/22\/alerta-meteorologica-y-recomendaciones-por-temperaturas-extremas\/\",\"url\":\"https:\/\/www.celttv.com.ar\/index.php\/2024\/01\/22\/alerta-meteorologica-y-recomendaciones-por-temperaturas-extremas\/\",\"name\":\"Alerta meteorol\u00f3gica y recomendaciones por temperaturas extremas - CELTTV\",\"isPartOf\":{\"@id\":\"https:\/\/www.celttv.com.ar\/#website\"},\"datePublished\":\"2024-01-22T15:06:40+00:00\",\"dateModified\":\"2024-01-22T15:06:40+00:00\",\"description\":\"Sitio web de noticias de la localidad de Tornquist, provincia de Buenos Aires, Rep\u00fablica Argentina. Contenido propio originado por periodistas de CELTTV, el canal de TV local de la Cooperativa El\u00e9ctrica de Tornquist. Turismo, Pol\u00edtica, Sociedad, Deporte, Cultura y todo el contenido de inter\u00e9s general que la gente del pueblo y la regi\u00f3n debe conocer.\",\"breadcrumb\":{\"@id\":\"https:\/\/www.celttv.com.ar\/index.php\/2024\/01\/22\/alerta-meteorologica-y-recomendaciones-por-temperaturas-extremas\/#breadcrumb\"},\"inLanguage\":\"es\",\"potentialAction\":[{\"@type\":\"ReadAction\",\"target\":[\"https:\/\/www.celttv.com.ar\/index.php\/2024\/01\/22\/alerta-meteorologica-y-recomendaciones-por-temperaturas-extremas\/\"]}]},{\"@type\":\"BreadcrumbList\",\"@id\":\"https:\/\/www.celttv.com.ar\/index.php\/2024\/01\/22\/alerta-meteorologica-y-recomendaciones-por-temperaturas-extremas\/#breadcrumb\",\"itemListElement\":[{\"@type\":\"ListItem\",\"position\":1,\"name\":\"Inicio\",\"item\":\"https:\/\/www.celttv.com.ar\/\"},{\"@type\":\"ListItem\",\"position\":2,\"name\":\"Alerta meteorol\u00f3gica y recomendaciones por temperaturas extremas\"}]},{\"@type\":\"WebSite\",\"@id\":\"https:\/\/www.celttv.com.ar\/#website\",\"url\":\"https:\/\/www.celttv.com.ar\/\",\"name\":\"CELTTV\",\"description\":\"Cooperativa El\u00e9ctrica de Tornquist\",\"publisher\":{\"@id\":\"https:\/\/www.celttv.com.ar\/#organization\"},\"potentialAction\":[{\"@type\":\"SearchAction\",\"target\":{\"@type\":\"EntryPoint\",\"urlTemplate\":\"https:\/\/www.celttv.com.ar\/?s={search_term_string}\"},\"query-input\":\"required name=search_term_string\"}],\"inLanguage\":\"es\"},{\"@type\":\"Organization\",\"@id\":\"https:\/\/www.celttv.com.ar\/#organization\",\"name\":\"CELTTV\",\"url\":\"https:\/\/www.celttv.com.ar\/\",\"sameAs\":[\"https:\/\/www.youtube.com\/channel\/UCz_oIt8Hig64Ub-EmcNPIhg\",\"https:\/\/www.facebook.com\/celtTV\/\"],\"logo\":{\"@type\":\"ImageObject\",\"inLanguage\":\"es\",\"@id\":\"https:\/\/www.celttv.com.ar\/#\/schema\/logo\/image\/\",\"url\":\"http:\/\/www.celttv.com.ar\/wp-content\/uploads\/2022\/08\/logo-1.png\",\"contentUrl\":\"http:\/\/www.celttv.com.ar\/wp-content\/uploads\/2022\/08\/logo-1.png\",\"width\":461,\"height\":159,\"caption\":\"CELTTV\"},\"image\":{\"@id\":\"https:\/\/www.celttv.com.ar\/#\/schema\/logo\/image\/\"}},{\"@type\":\"Person\",\"@id\":\"https:\/\/www.celttv.com.ar\/#\/schema\/person\/495be51d064edd971d8457f8f64eb172\",\"name\":\"Rodrigo Sgammini\",\"image\":{\"@type\":\"ImageObject\",\"inLanguage\":\"es\",\"@id\":\"https:\/\/www.celttv.com.ar\/#\/schema\/person\/image\/\",\"url\":\"https:\/\/secure.gravatar.com\/avatar\/68f7848d42735e7a9276b47cd6e606327d88f521c51ae39d88888b76902e2987?s=96&d=mm&r=g\",\"contentUrl\":\"https:\/\/secure.gravatar.com\/avatar\/68f7848d42735e7a9276b47cd6e606327d88f521c51ae39d88888b76902e2987?s=96&d=mm&r=g\",\"caption\":\"Rodrigo Sgammini\"}}]}<\/script>\n<!-- \/ Yoast SEO plugin. -->","yoast_head_json":{"title":"Alerta meteorol\u00f3gica y recomendaciones por temperaturas extremas - CELTTV","description":"Sitio web de noticias de la localidad de Tornquist, provincia de Buenos Aires, Rep\u00fablica Argentina. Contenido propio originado por periodistas de CELTTV, el canal de TV local de la Cooperativa El\u00e9ctrica de Tornquist. Turismo, Pol\u00edtica, Sociedad, Deporte, Cultura y todo el contenido de inter\u00e9s general que la gente del pueblo y la regi\u00f3n debe conocer.","robots":{"index":"index","follow":"follow","max-snippet":"max-snippet:-1","max-image-preview":"max-image-preview:large","max-video-preview":"max-video-preview:-1"},"canonical":"https:\/\/www.celttv.com.ar\/index.php\/2024\/01\/22\/alerta-meteorologica-y-recomendaciones-por-temperaturas-extremas\/","og_locale":"es_ES","og_type":"article","og_title":"Alerta meteorol\u00f3gica y recomendaciones por temperaturas extremas - CELTTV","og_description":"Sitio web de noticias de la localidad de Tornquist, provincia de Buenos Aires, Rep\u00fablica Argentina. Contenido propio originado por periodistas de CELTTV, el canal de TV local de la Cooperativa El\u00e9ctrica de Tornquist. Turismo, Pol\u00edtica, Sociedad, Deporte, Cultura y todo el contenido de inter\u00e9s general que la gente del pueblo y la regi\u00f3n debe conocer.","og_url":"https:\/\/www.celttv.com.ar\/index.php\/2024\/01\/22\/alerta-meteorologica-y-recomendaciones-por-temperaturas-extremas\/","og_site_name":"CELTTV","article_publisher":"https:\/\/www.facebook.com\/celtTV\/","article_published_time":"2024-01-22T15:06:40+00:00","og_image":[{"width":1142,"height":1600,"url":"https:\/\/www.celttv.com.ar\/wp-content\/uploads\/2024\/01\/Alerta-22-1.jpeg","type":"image\/jpeg"}],"author":"Rodrigo Sgammini","twitter_card":"summary_large_image","twitter_misc":{"Escrito por":"Rodrigo Sgammini"},"schema":{"@context":"https:\/\/schema.org","@graph":[{"@type":"NewsArticle","@id":"https:\/\/www.celttv.com.ar\/index.php\/2024\/01\/22\/alerta-meteorologica-y-recomendaciones-por-temperaturas-extremas\/#article","isPartOf":{"@id":"https:\/\/www.celttv.com.ar\/index.php\/2024\/01\/22\/alerta-meteorologica-y-recomendaciones-por-temperaturas-extremas\/"},"author":{"name":"Rodrigo Sgammini","@id":"https:\/\/www.celttv.com.ar\/#\/schema\/person\/495be51d064edd971d8457f8f64eb172"},"headline":"Alerta meteorol\u00f3gica y recomendaciones por temperaturas extremas","datePublished":"2024-01-22T15:06:40+00:00","dateModified":"2024-01-22T15:06:40+00:00","mainEntityOfPage":{"@id":"https:\/\/www.celttv.com.ar\/index.php\/2024\/01\/22\/alerta-meteorologica-y-recomendaciones-por-temperaturas-extremas\/"},"wordCount":85,"publisher":{"@id":"https:\/\/www.celttv.com.ar\/#organization"},"articleSection":["Celt TV Noticias"],"inLanguage":"es"},{"@type":"WebPage","@id":"https:\/\/www.celttv.com.ar\/index.php\/2024\/01\/22\/alerta-meteorologica-y-recomendaciones-por-temperaturas-extremas\/","url":"https:\/\/www.celttv.com.ar\/index.php\/2024\/01\/22\/alerta-meteorologica-y-recomendaciones-por-temperaturas-extremas\/","name":"Alerta meteorol\u00f3gica y recomendaciones por temperaturas extremas - CELTTV","isPartOf":{"@id":"https:\/\/www.celttv.com.ar\/#website"},"datePublished":"2024-01-22T15:06:40+00:00","dateModified":"2024-01-22T15:06:40+00:00","description":"Sitio web de noticias de la localidad de Tornquist, provincia de Buenos Aires, Rep\u00fablica Argentina. Contenido propio originado por periodistas de CELTTV, el canal de TV local de la Cooperativa El\u00e9ctrica de Tornquist. Turismo, Pol\u00edtica, Sociedad, Deporte, Cultura y todo el contenido de inter\u00e9s general que la gente del pueblo y la regi\u00f3n debe conocer.","breadcrumb":{"@id":"https:\/\/www.celttv.com.ar\/index.php\/2024\/01\/22\/alerta-meteorologica-y-recomendaciones-por-temperaturas-extremas\/#breadcrumb"},"inLanguage":"es","potentialAction":[{"@type":"ReadAction","target":["https:\/\/www.celttv.com.ar\/index.php\/2024\/01\/22\/alerta-meteorologica-y-recomendaciones-por-temperaturas-extremas\/"]}]},{"@type":"BreadcrumbList","@id":"https:\/\/www.celttv.com.ar\/index.php\/2024\/01\/22\/alerta-meteorologica-y-recomendaciones-por-temperaturas-extremas\/#breadcrumb","itemListElement":[{"@type":"ListItem","position":1,"name":"Inicio","item":"https:\/\/www.celttv.com.ar\/"},{"@type":"ListItem","position":2,"name":"Alerta meteorol\u00f3gica y recomendaciones por temperaturas extremas"}]},{"@type":"WebSite","@id":"https:\/\/www.celttv.com.ar\/#website","url":"https:\/\/www.celttv.com.ar\/","name":"CELTTV","description":"Cooperativa El\u00e9ctrica de Tornquist","publisher":{"@id":"https:\/\/www.celttv.com.ar\/#organization"},"potentialAction":[{"@type":"SearchAction","target":{"@type":"EntryPoint","urlTemplate":"https:\/\/www.celttv.com.ar\/?s={search_term_string}"},"query-input":"required name=search_term_string"}],"inLanguage":"es"},{"@type":"Organization","@id":"https:\/\/www.celttv.com.ar\/#organization","name":"CELTTV","url":"https:\/\/www.celttv.com.ar\/","sameAs":["https:\/\/www.youtube.com\/channel\/UCz_oIt8Hig64Ub-EmcNPIhg","https:\/\/www.facebook.com\/celtTV\/"],"logo":{"@type":"ImageObject","inLanguage":"es","@id":"https:\/\/www.celttv.com.ar\/#\/schema\/logo\/image\/","url":"http:\/\/www.celttv.com.ar\/wp-content\/uploads\/2022\/08\/logo-1.png","contentUrl":"http:\/\/www.celttv.com.ar\/wp-content\/uploads\/2022\/08\/logo-1.png","width":461,"height":159,"caption":"CELTTV"},"image":{"@id":"https:\/\/www.celttv.com.ar\/#\/schema\/logo\/image\/"}},{"@type":"Person","@id":"https:\/\/www.celttv.com.ar\/#\/schema\/person\/495be51d064edd971d8457f8f64eb172","name":"Rodrigo Sgammini","image":{"@type":"ImageObject","inLanguage":"es","@id":"https:\/\/www.celttv.com.ar\/#\/schema\/person\/image\/","url":"https:\/\/secure.gravatar.com\/avatar\/68f7848d42735e7a9276b47cd6e606327d88f521c51ae39d88888b76902e2987?s=96&d=mm&r=g","contentUrl":"https:\/\/secure.gravatar.com\/avatar\/68f7848d42735e7a9276b47cd6e606327d88f521c51ae39d88888b76902e2987?s=96&d=mm&r=g","caption":"Rodrigo Sgammini"}}]}},"_links":{"self":[{"href":"https:\/\/www.celttv.com.ar\/index.php\/wp-json\/wp\/v2\/posts\/81620","targetHints":{"allow":["GET"]}}],"collection":[{"href":"https:\/\/www.celttv.com.ar\/index.php\/wp-json\/wp\/v2\/posts"}],"about":[{"href":"https:\/\/www.celttv.com.ar\/index.php\/wp-json\/wp\/v2\/types\/post"}],"author":[{"embeddable":true,"href":"https:\/\/www.celttv.com.ar\/index.php\/wp-json\/wp\/v2\/users\/3"}],"replies":[{"embeddable":true,"href":"https:\/\/www.celttv.com.ar\/index.php\/wp-json\/wp\/v2\/comments?post=81620"}],"version-history":[{"count":1,"href":"https:\/\/www.celttv.com.ar\/index.php\/wp-json\/wp\/v2\/posts\/81620\/revisions"}],"predecessor-version":[{"id":81622,"href":"https:\/\/www.celttv.com.ar\/index.php\/wp-json\/wp\/v2\/posts\/81620\/revisions\/81622"}],"wp:featuredmedia":[{"embeddable":true,"href":"https:\/\/www.celttv.com.ar\/index.php\/wp-json\/wp\/v2\/media\/81621"}],"wp:attachment":[{"href":"https:\/\/www.celttv.com.ar\/index.php\/wp-json\/wp\/v2\/media?parent=81620"}],"wp:term":[{"taxonomy":"category","embeddable":true,"href":"https:\/\/www.celttv.com.ar\/index.php\/wp-json\/wp\/v2\/categories?post=81620"},{"taxonomy":"post_tag","embeddable":true,"href":"https:\/\/www.celttv.com.ar\/index.php\/wp-json\/wp\/v2\/tags?post=81620"}],"curies":[{"name":"wp","href":"https:\/\/api.w.org\/{rel}","templated":true}]}}