{"id":81796,"date":"2024-01-31T17:59:48","date_gmt":"2024-01-31T20:59:48","guid":{"rendered":"https:\/\/www.celttv.com.ar\/?p=81796"},"modified":"2024-01-31T17:59:48","modified_gmt":"2024-01-31T20:59:48","slug":"hockey-y-las-divisiones-inferiores-de-futbol-de-union-comienzan-su-pretemporada","status":"publish","type":"post","link":"https:\/\/www.celttv.com.ar\/index.php\/2024\/01\/31\/hockey-y-las-divisiones-inferiores-de-futbol-de-union-comienzan-su-pretemporada\/","title":{"rendered":"Hockey y las divisiones inferiores de f\u00fatbol de Uni\u00f3n comienzan su pretemporada"},"content":{"rendered":"<p>Esta semana comenzar\u00e1n con los trabajos de pretemporada las divisiones inferiores de f\u00fatbol y las categor\u00edas competitivas de hockey del Club Uni\u00f3n de Tornquist, de cara a los torneos 2024.<\/p>\n<p>Este jueves 1, iniciar\u00e1 los entrenamientos del f\u00fatbol menor, a las 18 hs en el estadio \u2018Juan Jos\u00e9 Bolletta\u2019, para los que est\u00e1n convocadas las categor\u00edas Quinta, Sexta, S\u00e9ptima y Octava, es decir, jugadores nacidos entre 2006 y 2013 inclusive.<\/p>\n<p>En tanto, el viernes 2 comenzar\u00e1 con su actividad hockey, a partir de las 19 hs en la cancha sint\u00e9tica. Entrenar\u00e1n las divisiones Primera (cat. 2004 en adelante), Sub 19 (2005, 2006 y 2007), Sub 16 (2008 y 2009) y Sub 14 (2010 y 2011).<\/p>\n<p><img loading=\"lazy\" decoding=\"async\" class=\"alignnone wp-image-81797 size-full\" src=\"https:\/\/www.celttv.com.ar\/wp-content\/uploads\/2024\/01\/01-story_pretemporada_hockey-Medium.png\" alt=\"\" width=\"768\" height=\"1365\" srcset=\"https:\/\/www.celttv.com.ar\/wp-content\/uploads\/2024\/01\/01-story_pretemporada_hockey-Medium.png 768w, https:\/\/www.celttv.com.ar\/wp-content\/uploads\/2024\/01\/01-story_pretemporada_hockey-Medium-169x300.png 169w, https:\/\/www.celttv.com.ar\/wp-content\/uploads\/2024\/01\/01-story_pretemporada_hockey-Medium-576x1024.png 576w, https:\/\/www.celttv.com.ar\/wp-content\/uploads\/2024\/01\/01-story_pretemporada_hockey-Medium-750x1333.png 750w\" sizes=\"auto, (max-width: 768px) 100vw, 768px\" \/> <img loading=\"lazy\" decoding=\"async\" class=\"alignnone wp-image-81798 size-full\" src=\"https:\/\/www.celttv.com.ar\/wp-content\/uploads\/2024\/01\/01-story_pretemporada_inferiores-Medium.png\" alt=\"\" width=\"768\" height=\"1365\" srcset=\"https:\/\/www.celttv.com.ar\/wp-content\/uploads\/2024\/01\/01-story_pretemporada_inferiores-Medium.png 768w, https:\/\/www.celttv.com.ar\/wp-content\/uploads\/2024\/01\/01-story_pretemporada_inferiores-Medium-169x300.png 169w, https:\/\/www.celttv.com.ar\/wp-content\/uploads\/2024\/01\/01-story_pretemporada_inferiores-Medium-576x1024.png 576w, https:\/\/www.celttv.com.ar\/wp-content\/uploads\/2024\/01\/01-story_pretemporada_inferiores-Medium-750x1333.png 750w\" sizes=\"auto, (max-width: 768px) 100vw, 768px\" \/><\/p>\n","protected":false},"excerpt":{"rendered":"<p>Esta semana comenzar\u00e1n con los trabajos de pretemporada las divisiones inferiores de f\u00fatbol y las categor\u00edas competitivas de hockey del Club Uni\u00f3n de Tornquist, de cara a los torneos 2024. Este jueves 1, iniciar\u00e1 los entrenamientos del f\u00fatbol menor, a las 18 hs en el estadio \u2018Juan Jos\u00e9 Bolletta\u2019, para los que est\u00e1n convocadas las [&hellip;]<\/p>\n","protected":false},"author":5,"featured_media":81797,"comment_status":"closed","ping_status":"closed","sticky":false,"template":"","format":"standard","meta":{"footnotes":""},"categories":[60,52],"tags":[],"class_list":["post-81796","post","type-post","status-publish","format-standard","has-post-thumbnail","hentry","category-deporte","category-destacadas"],"yoast_head":"<!-- This site is optimized with the Yoast SEO plugin v19.7.1 - https:\/\/yoast.com\/wordpress\/plugins\/seo\/ -->\n<title>Hockey y las divisiones inferiores de f\u00fatbol de Uni\u00f3n comienzan su pretemporada - CELTTV<\/title>\n<meta name=\"description\" content=\"Sitio web de noticias de la localidad de Tornquist, provincia de Buenos Aires, Rep\u00fablica Argentina. Contenido propio originado por periodistas de CELTTV, el canal de TV local de la Cooperativa El\u00e9ctrica de Tornquist. Turismo, Pol\u00edtica, Sociedad, Deporte, Cultura y todo el contenido de inter\u00e9s general que la gente del pueblo y la regi\u00f3n debe conocer.\" \/>\n<meta name=\"robots\" content=\"index, follow, max-snippet:-1, max-image-preview:large, max-video-preview:-1\" \/>\n<link rel=\"canonical\" href=\"https:\/\/www.celttv.com.ar\/index.php\/2024\/01\/31\/hockey-y-las-divisiones-inferiores-de-futbol-de-union-comienzan-su-pretemporada\/\" \/>\n<meta property=\"og:locale\" content=\"es_ES\" \/>\n<meta property=\"og:type\" content=\"article\" \/>\n<meta property=\"og:title\" content=\"Hockey y las divisiones inferiores de f\u00fatbol de Uni\u00f3n comienzan su pretemporada - CELTTV\" \/>\n<meta property=\"og:description\" content=\"Sitio web de noticias de la localidad de Tornquist, provincia de Buenos Aires, Rep\u00fablica Argentina. Contenido propio originado por periodistas de CELTTV, el canal de TV local de la Cooperativa El\u00e9ctrica de Tornquist. Turismo, Pol\u00edtica, Sociedad, Deporte, Cultura y todo el contenido de inter\u00e9s general que la gente del pueblo y la regi\u00f3n debe conocer.\" \/>\n<meta property=\"og:url\" content=\"https:\/\/www.celttv.com.ar\/index.php\/2024\/01\/31\/hockey-y-las-divisiones-inferiores-de-futbol-de-union-comienzan-su-pretemporada\/\" \/>\n<meta property=\"og:site_name\" content=\"CELTTV\" \/>\n<meta property=\"article:publisher\" content=\"https:\/\/www.facebook.com\/celtTV\/\" \/>\n<meta property=\"article:published_time\" content=\"2024-01-31T20:59:48+00:00\" \/>\n<meta property=\"og:image\" content=\"https:\/\/www.celttv.com.ar\/wp-content\/uploads\/2024\/01\/01-story_pretemporada_hockey-Medium.png\" \/>\n\t<meta property=\"og:image:width\" content=\"768\" \/>\n\t<meta property=\"og:image:height\" content=\"1365\" \/>\n\t<meta property=\"og:image:type\" content=\"image\/png\" \/>\n<meta name=\"author\" content=\"Miguel Herrada\" \/>\n<meta name=\"twitter:card\" content=\"summary_large_image\" \/>\n<meta name=\"twitter:label1\" content=\"Escrito por\" \/>\n\t<meta name=\"twitter:data1\" content=\"Miguel Herrada\" \/>\n\t<meta name=\"twitter:label2\" content=\"Tiempo de lectura\" \/>\n\t<meta name=\"twitter:data2\" content=\"1 minuto\" \/>\n<script type=\"application\/ld+json\" class=\"yoast-schema-graph\">{\"@context\":\"https:\/\/schema.org\",\"@graph\":[{\"@type\":\"NewsArticle\",\"@id\":\"https:\/\/www.celttv.com.ar\/index.php\/2024\/01\/31\/hockey-y-las-divisiones-inferiores-de-futbol-de-union-comienzan-su-pretemporada\/#article\",\"isPartOf\":{\"@id\":\"https:\/\/www.celttv.com.ar\/index.php\/2024\/01\/31\/hockey-y-las-divisiones-inferiores-de-futbol-de-union-comienzan-su-pretemporada\/\"},\"author\":{\"name\":\"Miguel Herrada\",\"@id\":\"https:\/\/www.celttv.com.ar\/#\/schema\/person\/9059dc91dc7204ef4182cdb65225f07d\"},\"headline\":\"Hockey y las divisiones inferiores de f\u00fatbol de Uni\u00f3n comienzan su pretemporada\",\"datePublished\":\"2024-01-31T20:59:48+00:00\",\"dateModified\":\"2024-01-31T20:59:48+00:00\",\"mainEntityOfPage\":{\"@id\":\"https:\/\/www.celttv.com.ar\/index.php\/2024\/01\/31\/hockey-y-las-divisiones-inferiores-de-futbol-de-union-comienzan-su-pretemporada\/\"},\"wordCount\":121,\"publisher\":{\"@id\":\"https:\/\/www.celttv.com.ar\/#organization\"},\"articleSection\":[\"Deporte\",\"Destacadas\"],\"inLanguage\":\"es\"},{\"@type\":\"WebPage\",\"@id\":\"https:\/\/www.celttv.com.ar\/index.php\/2024\/01\/31\/hockey-y-las-divisiones-inferiores-de-futbol-de-union-comienzan-su-pretemporada\/\",\"url\":\"https:\/\/www.celttv.com.ar\/index.php\/2024\/01\/31\/hockey-y-las-divisiones-inferiores-de-futbol-de-union-comienzan-su-pretemporada\/\",\"name\":\"Hockey y las divisiones inferiores de f\u00fatbol de Uni\u00f3n comienzan su pretemporada - CELTTV\",\"isPartOf\":{\"@id\":\"https:\/\/www.celttv.com.ar\/#website\"},\"datePublished\":\"2024-01-31T20:59:48+00:00\",\"dateModified\":\"2024-01-31T20:59:48+00:00\",\"description\":\"Sitio web de noticias de la localidad de Tornquist, provincia de Buenos Aires, Rep\u00fablica Argentina. Contenido propio originado por periodistas de CELTTV, el canal de TV local de la Cooperativa El\u00e9ctrica de Tornquist. Turismo, Pol\u00edtica, Sociedad, Deporte, Cultura y todo el contenido de inter\u00e9s general que la gente del pueblo y la regi\u00f3n debe conocer.\",\"breadcrumb\":{\"@id\":\"https:\/\/www.celttv.com.ar\/index.php\/2024\/01\/31\/hockey-y-las-divisiones-inferiores-de-futbol-de-union-comienzan-su-pretemporada\/#breadcrumb\"},\"inLanguage\":\"es\",\"potentialAction\":[{\"@type\":\"ReadAction\",\"target\":[\"https:\/\/www.celttv.com.ar\/index.php\/2024\/01\/31\/hockey-y-las-divisiones-inferiores-de-futbol-de-union-comienzan-su-pretemporada\/\"]}]},{\"@type\":\"BreadcrumbList\",\"@id\":\"https:\/\/www.celttv.com.ar\/index.php\/2024\/01\/31\/hockey-y-las-divisiones-inferiores-de-futbol-de-union-comienzan-su-pretemporada\/#breadcrumb\",\"itemListElement\":[{\"@type\":\"ListItem\",\"position\":1,\"name\":\"Inicio\",\"item\":\"https:\/\/www.celttv.com.ar\/\"},{\"@type\":\"ListItem\",\"position\":2,\"name\":\"Hockey y las divisiones inferiores de f\u00fatbol de Uni\u00f3n comienzan su pretemporada\"}]},{\"@type\":\"WebSite\",\"@id\":\"https:\/\/www.celttv.com.ar\/#website\",\"url\":\"https:\/\/www.celttv.com.ar\/\",\"name\":\"CELTTV\",\"description\":\"Cooperativa El\u00e9ctrica de Tornquist\",\"publisher\":{\"@id\":\"https:\/\/www.celttv.com.ar\/#organization\"},\"potentialAction\":[{\"@type\":\"SearchAction\",\"target\":{\"@type\":\"EntryPoint\",\"urlTemplate\":\"https:\/\/www.celttv.com.ar\/?s={search_term_string}\"},\"query-input\":\"required name=search_term_string\"}],\"inLanguage\":\"es\"},{\"@type\":\"Organization\",\"@id\":\"https:\/\/www.celttv.com.ar\/#organization\",\"name\":\"CELTTV\",\"url\":\"https:\/\/www.celttv.com.ar\/\",\"sameAs\":[\"https:\/\/www.youtube.com\/channel\/UCz_oIt8Hig64Ub-EmcNPIhg\",\"https:\/\/www.facebook.com\/celtTV\/\"],\"logo\":{\"@type\":\"ImageObject\",\"inLanguage\":\"es\",\"@id\":\"https:\/\/www.celttv.com.ar\/#\/schema\/logo\/image\/\",\"url\":\"http:\/\/www.celttv.com.ar\/wp-content\/uploads\/2022\/08\/logo-1.png\",\"contentUrl\":\"http:\/\/www.celttv.com.ar\/wp-content\/uploads\/2022\/08\/logo-1.png\",\"width\":461,\"height\":159,\"caption\":\"CELTTV\"},\"image\":{\"@id\":\"https:\/\/www.celttv.com.ar\/#\/schema\/logo\/image\/\"}},{\"@type\":\"Person\",\"@id\":\"https:\/\/www.celttv.com.ar\/#\/schema\/person\/9059dc91dc7204ef4182cdb65225f07d\",\"name\":\"Miguel Herrada\",\"image\":{\"@type\":\"ImageObject\",\"inLanguage\":\"es\",\"@id\":\"https:\/\/www.celttv.com.ar\/#\/schema\/person\/image\/\",\"url\":\"https:\/\/secure.gravatar.com\/avatar\/67724d5b3c716623ffd76bec7e45841a442ac3b456e914dbba90b0fad2b8e0b1?s=96&d=mm&r=g\",\"contentUrl\":\"https:\/\/secure.gravatar.com\/avatar\/67724d5b3c716623ffd76bec7e45841a442ac3b456e914dbba90b0fad2b8e0b1?s=96&d=mm&r=g\",\"caption\":\"Miguel Herrada\"}}]}<\/script>\n<!-- \/ Yoast SEO plugin. -->","yoast_head_json":{"title":"Hockey y las divisiones inferiores de f\u00fatbol de Uni\u00f3n comienzan su pretemporada - CELTTV","description":"Sitio web de noticias de la localidad de Tornquist, provincia de Buenos Aires, Rep\u00fablica Argentina. Contenido propio originado por periodistas de CELTTV, el canal de TV local de la Cooperativa El\u00e9ctrica de Tornquist. Turismo, Pol\u00edtica, Sociedad, Deporte, Cultura y todo el contenido de inter\u00e9s general que la gente del pueblo y la regi\u00f3n debe conocer.","robots":{"index":"index","follow":"follow","max-snippet":"max-snippet:-1","max-image-preview":"max-image-preview:large","max-video-preview":"max-video-preview:-1"},"canonical":"https:\/\/www.celttv.com.ar\/index.php\/2024\/01\/31\/hockey-y-las-divisiones-inferiores-de-futbol-de-union-comienzan-su-pretemporada\/","og_locale":"es_ES","og_type":"article","og_title":"Hockey y las divisiones inferiores de f\u00fatbol de Uni\u00f3n comienzan su pretemporada - CELTTV","og_description":"Sitio web de noticias de la localidad de Tornquist, provincia de Buenos Aires, Rep\u00fablica Argentina. Contenido propio originado por periodistas de CELTTV, el canal de TV local de la Cooperativa El\u00e9ctrica de Tornquist. Turismo, Pol\u00edtica, Sociedad, Deporte, Cultura y todo el contenido de inter\u00e9s general que la gente del pueblo y la regi\u00f3n debe conocer.","og_url":"https:\/\/www.celttv.com.ar\/index.php\/2024\/01\/31\/hockey-y-las-divisiones-inferiores-de-futbol-de-union-comienzan-su-pretemporada\/","og_site_name":"CELTTV","article_publisher":"https:\/\/www.facebook.com\/celtTV\/","article_published_time":"2024-01-31T20:59:48+00:00","og_image":[{"width":768,"height":1365,"url":"https:\/\/www.celttv.com.ar\/wp-content\/uploads\/2024\/01\/01-story_pretemporada_hockey-Medium.png","type":"image\/png"}],"author":"Miguel Herrada","twitter_card":"summary_large_image","twitter_misc":{"Escrito por":"Miguel Herrada","Tiempo de lectura":"1 minuto"},"schema":{"@context":"https:\/\/schema.org","@graph":[{"@type":"NewsArticle","@id":"https:\/\/www.celttv.com.ar\/index.php\/2024\/01\/31\/hockey-y-las-divisiones-inferiores-de-futbol-de-union-comienzan-su-pretemporada\/#article","isPartOf":{"@id":"https:\/\/www.celttv.com.ar\/index.php\/2024\/01\/31\/hockey-y-las-divisiones-inferiores-de-futbol-de-union-comienzan-su-pretemporada\/"},"author":{"name":"Miguel Herrada","@id":"https:\/\/www.celttv.com.ar\/#\/schema\/person\/9059dc91dc7204ef4182cdb65225f07d"},"headline":"Hockey y las divisiones inferiores de f\u00fatbol de Uni\u00f3n comienzan su pretemporada","datePublished":"2024-01-31T20:59:48+00:00","dateModified":"2024-01-31T20:59:48+00:00","mainEntityOfPage":{"@id":"https:\/\/www.celttv.com.ar\/index.php\/2024\/01\/31\/hockey-y-las-divisiones-inferiores-de-futbol-de-union-comienzan-su-pretemporada\/"},"wordCount":121,"publisher":{"@id":"https:\/\/www.celttv.com.ar\/#organization"},"articleSection":["Deporte","Destacadas"],"inLanguage":"es"},{"@type":"WebPage","@id":"https:\/\/www.celttv.com.ar\/index.php\/2024\/01\/31\/hockey-y-las-divisiones-inferiores-de-futbol-de-union-comienzan-su-pretemporada\/","url":"https:\/\/www.celttv.com.ar\/index.php\/2024\/01\/31\/hockey-y-las-divisiones-inferiores-de-futbol-de-union-comienzan-su-pretemporada\/","name":"Hockey y las divisiones inferiores de f\u00fatbol de Uni\u00f3n comienzan su pretemporada - CELTTV","isPartOf":{"@id":"https:\/\/www.celttv.com.ar\/#website"},"datePublished":"2024-01-31T20:59:48+00:00","dateModified":"2024-01-31T20:59:48+00:00","description":"Sitio web de noticias de la localidad de Tornquist, provincia de Buenos Aires, Rep\u00fablica Argentina. Contenido propio originado por periodistas de CELTTV, el canal de TV local de la Cooperativa El\u00e9ctrica de Tornquist. Turismo, Pol\u00edtica, Sociedad, Deporte, Cultura y todo el contenido de inter\u00e9s general que la gente del pueblo y la regi\u00f3n debe conocer.","breadcrumb":{"@id":"https:\/\/www.celttv.com.ar\/index.php\/2024\/01\/31\/hockey-y-las-divisiones-inferiores-de-futbol-de-union-comienzan-su-pretemporada\/#breadcrumb"},"inLanguage":"es","potentialAction":[{"@type":"ReadAction","target":["https:\/\/www.celttv.com.ar\/index.php\/2024\/01\/31\/hockey-y-las-divisiones-inferiores-de-futbol-de-union-comienzan-su-pretemporada\/"]}]},{"@type":"BreadcrumbList","@id":"https:\/\/www.celttv.com.ar\/index.php\/2024\/01\/31\/hockey-y-las-divisiones-inferiores-de-futbol-de-union-comienzan-su-pretemporada\/#breadcrumb","itemListElement":[{"@type":"ListItem","position":1,"name":"Inicio","item":"https:\/\/www.celttv.com.ar\/"},{"@type":"ListItem","position":2,"name":"Hockey y las divisiones inferiores de f\u00fatbol de Uni\u00f3n comienzan su pretemporada"}]},{"@type":"WebSite","@id":"https:\/\/www.celttv.com.ar\/#website","url":"https:\/\/www.celttv.com.ar\/","name":"CELTTV","description":"Cooperativa El\u00e9ctrica de Tornquist","publisher":{"@id":"https:\/\/www.celttv.com.ar\/#organization"},"potentialAction":[{"@type":"SearchAction","target":{"@type":"EntryPoint","urlTemplate":"https:\/\/www.celttv.com.ar\/?s={search_term_string}"},"query-input":"required name=search_term_string"}],"inLanguage":"es"},{"@type":"Organization","@id":"https:\/\/www.celttv.com.ar\/#organization","name":"CELTTV","url":"https:\/\/www.celttv.com.ar\/","sameAs":["https:\/\/www.youtube.com\/channel\/UCz_oIt8Hig64Ub-EmcNPIhg","https:\/\/www.facebook.com\/celtTV\/"],"logo":{"@type":"ImageObject","inLanguage":"es","@id":"https:\/\/www.celttv.com.ar\/#\/schema\/logo\/image\/","url":"http:\/\/www.celttv.com.ar\/wp-content\/uploads\/2022\/08\/logo-1.png","contentUrl":"http:\/\/www.celttv.com.ar\/wp-content\/uploads\/2022\/08\/logo-1.png","width":461,"height":159,"caption":"CELTTV"},"image":{"@id":"https:\/\/www.celttv.com.ar\/#\/schema\/logo\/image\/"}},{"@type":"Person","@id":"https:\/\/www.celttv.com.ar\/#\/schema\/person\/9059dc91dc7204ef4182cdb65225f07d","name":"Miguel Herrada","image":{"@type":"ImageObject","inLanguage":"es","@id":"https:\/\/www.celttv.com.ar\/#\/schema\/person\/image\/","url":"https:\/\/secure.gravatar.com\/avatar\/67724d5b3c716623ffd76bec7e45841a442ac3b456e914dbba90b0fad2b8e0b1?s=96&d=mm&r=g","contentUrl":"https:\/\/secure.gravatar.com\/avatar\/67724d5b3c716623ffd76bec7e45841a442ac3b456e914dbba90b0fad2b8e0b1?s=96&d=mm&r=g","caption":"Miguel Herrada"}}]}},"_links":{"self":[{"href":"https:\/\/www.celttv.com.ar\/index.php\/wp-json\/wp\/v2\/posts\/81796","targetHints":{"allow":["GET"]}}],"collection":[{"href":"https:\/\/www.celttv.com.ar\/index.php\/wp-json\/wp\/v2\/posts"}],"about":[{"href":"https:\/\/www.celttv.com.ar\/index.php\/wp-json\/wp\/v2\/types\/post"}],"author":[{"embeddable":true,"href":"https:\/\/www.celttv.com.ar\/index.php\/wp-json\/wp\/v2\/users\/5"}],"replies":[{"embeddable":true,"href":"https:\/\/www.celttv.com.ar\/index.php\/wp-json\/wp\/v2\/comments?post=81796"}],"version-history":[{"count":1,"href":"https:\/\/www.celttv.com.ar\/index.php\/wp-json\/wp\/v2\/posts\/81796\/revisions"}],"predecessor-version":[{"id":81799,"href":"https:\/\/www.celttv.com.ar\/index.php\/wp-json\/wp\/v2\/posts\/81796\/revisions\/81799"}],"wp:featuredmedia":[{"embeddable":true,"href":"https:\/\/www.celttv.com.ar\/index.php\/wp-json\/wp\/v2\/media\/81797"}],"wp:attachment":[{"href":"https:\/\/www.celttv.com.ar\/index.php\/wp-json\/wp\/v2\/media?parent=81796"}],"wp:term":[{"taxonomy":"category","embeddable":true,"href":"https:\/\/www.celttv.com.ar\/index.php\/wp-json\/wp\/v2\/categories?post=81796"},{"taxonomy":"post_tag","embeddable":true,"href":"https:\/\/www.celttv.com.ar\/index.php\/wp-json\/wp\/v2\/tags?post=81796"}],"curies":[{"name":"wp","href":"https:\/\/api.w.org\/{rel}","templated":true}]}}