{"id":81806,"date":"2024-02-01T01:30:48","date_gmt":"2024-02-01T04:30:48","guid":{"rendered":"https:\/\/www.celttv.com.ar\/?p=81806"},"modified":"2024-02-01T01:30:48","modified_gmt":"2024-02-01T04:30:48","slug":"celt-importantes-secuelas-del-fenomeno-climatico-la-reunion-con-edes-y-el-ajuste-de-tarifas","status":"publish","type":"post","link":"https:\/\/www.celttv.com.ar\/index.php\/2024\/02\/01\/celt-importantes-secuelas-del-fenomeno-climatico-la-reunion-con-edes-y-el-ajuste-de-tarifas\/","title":{"rendered":"CELT: Importantes secuelas del fen\u00f3meno clim\u00e1tico, la reuni\u00f3n con EDES. y el ajuste de tarifas"},"content":{"rendered":"<p>Ignacio Bucchi, Presidente y Mirta Rold\u00e1n, Tesorera, de la Cooperativa El\u00e9ctrica de Tornquist, compartieron la edici\u00f3n de \u00e9ste mi\u00e9rcoles de CELTTV Noticias brindando un amplio panorama de la actualidad institucional, la problem\u00e1tica energ\u00e9tica del distrito luego del fen\u00f3meno clim\u00e1tico y brindaron detalles de la reuni\u00f3n mantenida con EDES. junto a otras cooperativas el\u00e9ctricas de la regi\u00f3n.<br \/>\nLos dirigentes cooperativistas tambi\u00e9n se refirieron a la gesti\u00f3n interna, la implementaci\u00f3n de medios de pago y la eliminaci\u00f3n de la factura en papel.<\/p>\n<p><strong>La reuni\u00f3n mantenida con EDES.<\/strong><br \/>\nRespecto a la reuni\u00f3n mantenida con EDES., junto a otras cooperativas de la reg\u00ed\u00f3n, donde se traslad\u00f3 la preocupaci\u00f3n por la inestabilidad del servicio en la zona serrana, Ignacio Bucchi se\u00f1al\u00f3 que<br \/>\n\u201cNo dieron muchas soluciones, restan de dos a cuatro meses para levantar una l\u00ednea de 13000 kw que es la que alimenta una sub Estaci\u00f3n en Bah\u00eda blanca\u201d Bucchi explic\u00f3 que cuando se concluya esa obra recien ahi ser\u00eda posible independizar a Cabildo, Saldungaray, Sierra de la Ventana y todo el sector serrano.<br \/>\n\u201cLa gente de EDES nos inform\u00f3 que tienen que llegar a darle energ\u00eda a las bombas de agua, a las plantas de tratamiento de l\u00edquidos residuales a las empresas que tienen que seguir trabajando. Hay prioridades y evidentemente nosotros no somos la prioridad\u201d dijo el presidente de la CELT.<br \/>\n\u201cEllos tienen sus prioridades y las van a ir cubriendo a medida que puedan ir trabajando. Ahora ya sacaron la licitaci\u00f3n de la obra para levantar la l\u00ednea . Son sus tiempos, nosotros nos podemos quejar con el OSEBA, podemos hacer todo lo que la gente nos est\u00e1 diciendo que hagamos y lo vamos a hacer, Pero no depende de eso. Se est\u00e1n gastando 3 a 4 millones de pesos por d\u00eda en los grupos generadores que tienen en la estaci\u00f3n Calder\u00f3n para levantar la tensi\u00f3n para que a nosotros nos llegue m\u00e1s estable, entre comillas, a Villa Ventana, San Andr\u00e9s, La Gruta y a todo ese sector\u201d<\/p>\n<p><strong>La Actualidad econ\u00f3mica de la CELT.<\/strong><br \/>\nRespecto a la actualidad econ\u00f3mica de la Cooperativa, la tesorera de la instituci\u00f3n, Mirta Rold\u00e1n, comentaba que \u201cEl grave problema que tenemos en este momento, porque todas las decisiones que fuimos tomando fue en funci\u00f3n de saber que nos iban a reconocer nuevas tarifas y poder acomodar la parte financiera econ\u00f3mica de la cooperativa. En este momento sabemos y de hecho Fedecoba envi\u00f3 una resoluci\u00f3n a todas las cooperativas explicando que todas estamos en la misma situaci\u00f3n, a la espera de las tarifas que tampoco sabemos en cu\u00e1nto las van a ajustar. No la vamos a ver hasta mayo que es cuando cobrar\u00edamos esas nuevas tarifas Esto hace que no podemos afrontar nada diferente a lo que estamos haciendo ahora y cuidando m\u00e1s a\u00fan los recursos y gestionando para que las cosas se puedan cumplir\u201d se\u00f1al\u00f3 Rold\u00e1n.<br \/>\n\u201cEstamos en problemas porque la inflaci\u00f3n hace que los sueldos, que por suerte para los empleados se ajustan por inflaci\u00f3n; eso a nosotros, sin tarifa, nos hace una cat\u00e1strofe\u201d<br \/>\n\u201c Todos los d\u00edas estamos ac\u00e1 instalados buscando tomar decisiones eficientes para cuidar y poder dar el servicio lo mejor posible pero no podemos hacer nuevas inversiones\u201d subray\u00f3.<\/p>\n<p><strong>El fen\u00f3meno clim\u00e1tico le cost\u00f3 a la CELT. 60 millones de pesos<\/strong><br \/>\nLos dirigentes de la CELT. informaron que el fen\u00f3meno clim\u00e1tico le demand\u00f3 a la Cooperativa una erogaci\u00f3n de alrededor de 60 millones de pesos, para lo cual se realizaron las gestiones ante el OSEBA. y aun aguardan respuesta sobre la posibilidad de un reintegro.<br \/>\n\u201cYa presentamos el pedido de ayuda por el fen\u00f3meno clim\u00e1tico que nos llev\u00f3 60 millones de pesos y no tenemos todav\u00eda respuesta sabemos que estamos dentro del pa\u00eds que est\u00e1 todo igual y estamos esperando. El fen\u00f3meno clim\u00e1tico nos sali\u00f3 mano de obra, horas extra, palos, cables; una fortuna. Subray\u00f3 Mirta Rold\u00e1n.<\/p>\n<p><strong>La incorporaci\u00f3n de un posnet y la eliminaci\u00f3n de la factura impresa<\/strong><br \/>\nYa est\u00e1 disponible en la mesa de entrada de la CELT. el posnet a efectos de brindar la posibilidad a los usuarios de realizar elpago de las facturas de servicio.<br \/>\n\u201cS\u00ed, para la gente es un servicio y para nosotros tambi\u00e9n porque queremos centralizar el ingreso lo m\u00e1s r\u00e1pido posible para obtener los recursos que no se difieran en el tiempo que despu\u00e9s te liquidan a d\u00edas\u201d explic\u00f3 Mirta Rold\u00e1n<br \/>\n\u201cLa idea que tenemos es no imprimir m\u00e1s factura tambi\u00e9n con el mismo objetivo de ahorrar dinero porque esto nos costaba una cifra importante pero Igualmente vamos a dar la opci\u00f3n de que el usuario que requiera la factura impresa se presente ac\u00e1 en la administraci\u00f3n y se la van a imprimir\u201d agreg\u00f3 Ignacio Bucchi<br \/>\n\u201cLa cooperativa va a tratar de brindar todas las posibilidades para que la gente la pueda pagar y no emitir m\u00e1s la factura inclusive vos en la p\u00e1gina de la cooperativa pod\u00e9s ver tu factura. Va a ser una cuesti\u00f3n de costumbre los primeros meses seguramente generar\u00e1 algunos problemas y y despu\u00e9s de un tiempo va a ser una costumbre\u201d<\/p>\n<p><strong>La obra de fibra \u00f3ptica en Tornquist y Villa Ventana<\/strong><br \/>\n\u201cFaltan algunas cuestiones t\u00e9cnicas m\u00e1s minuciosas, que es la parte electr\u00f3nica, pero el resto est\u00e1 casi todo comprado. Estamos en condiciones de arrancar la obra, el tirado de la fibra para empezar a adelantar y una vez que tengamos una seguridad econ\u00f3mica s\u00ed acelerar el trabajo\u201d sostuvo el presidente de la CELT.<\/p>\n<p>&nbsp;<\/p>\n<p><strong>NOTA COMPLETA DE CELTTV NOTICIAS CON IGNACIO BUCCHI Y MIRTA ROLDAN<\/strong><\/p>\n<p><iframe loading=\"lazy\" title=\"2024 01 31 EN VIVO CONSEJO DE ADMINISTRACION DE LA CELT\" width=\"500\" height=\"281\" src=\"https:\/\/www.youtube.com\/embed\/mzLFQQXd6PQ?feature=oembed\" frameborder=\"0\" allow=\"accelerometer; autoplay; clipboard-write; encrypted-media; gyroscope; picture-in-picture; web-share\" referrerpolicy=\"strict-origin-when-cross-origin\" allowfullscreen><\/iframe><\/p>\n","protected":false},"excerpt":{"rendered":"<p>Ignacio Bucchi, Presidente y Mirta Rold\u00e1n, Tesorera, de la Cooperativa El\u00e9ctrica de Tornquist, compartieron la edici\u00f3n de \u00e9ste mi\u00e9rcoles de CELTTV Noticias brindando un amplio panorama de la actualidad institucional, la problem\u00e1tica energ\u00e9tica del distrito luego del fen\u00f3meno clim\u00e1tico y brindaron detalles de la reuni\u00f3n mantenida con EDES. junto a otras cooperativas el\u00e9ctricas de la [&hellip;]<\/p>\n","protected":false},"author":5,"featured_media":81808,"comment_status":"closed","ping_status":"closed","sticky":false,"template":"","format":"standard","meta":{"footnotes":""},"categories":[51,52],"tags":[],"class_list":["post-81806","post","type-post","status-publish","format-standard","has-post-thumbnail","hentry","category-comunidad","category-destacadas"],"yoast_head":"<!-- This site is optimized with the Yoast SEO plugin v19.7.1 - https:\/\/yoast.com\/wordpress\/plugins\/seo\/ -->\n<title>CELT: Importantes secuelas del fen\u00f3meno clim\u00e1tico, la reuni\u00f3n con EDES. y el ajuste de tarifas - CELTTV<\/title>\n<meta name=\"description\" content=\"Sitio web de noticias de la localidad de Tornquist, provincia de Buenos Aires, Rep\u00fablica Argentina. Contenido propio originado por periodistas de CELTTV, el canal de TV local de la Cooperativa El\u00e9ctrica de Tornquist. Turismo, Pol\u00edtica, Sociedad, Deporte, Cultura y todo el contenido de inter\u00e9s general que la gente del pueblo y la regi\u00f3n debe conocer.\" \/>\n<meta name=\"robots\" content=\"index, follow, max-snippet:-1, max-image-preview:large, max-video-preview:-1\" \/>\n<link rel=\"canonical\" href=\"https:\/\/www.celttv.com.ar\/index.php\/2024\/02\/01\/celt-importantes-secuelas-del-fenomeno-climatico-la-reunion-con-edes-y-el-ajuste-de-tarifas\/\" \/>\n<meta property=\"og:locale\" content=\"es_ES\" \/>\n<meta property=\"og:type\" content=\"article\" \/>\n<meta property=\"og:title\" content=\"CELT: Importantes secuelas del fen\u00f3meno clim\u00e1tico, la reuni\u00f3n con EDES. y el ajuste de tarifas - CELTTV\" \/>\n<meta property=\"og:description\" content=\"Sitio web de noticias de la localidad de Tornquist, provincia de Buenos Aires, Rep\u00fablica Argentina. Contenido propio originado por periodistas de CELTTV, el canal de TV local de la Cooperativa El\u00e9ctrica de Tornquist. Turismo, Pol\u00edtica, Sociedad, Deporte, Cultura y todo el contenido de inter\u00e9s general que la gente del pueblo y la regi\u00f3n debe conocer.\" \/>\n<meta property=\"og:url\" content=\"https:\/\/www.celttv.com.ar\/index.php\/2024\/02\/01\/celt-importantes-secuelas-del-fenomeno-climatico-la-reunion-con-edes-y-el-ajuste-de-tarifas\/\" \/>\n<meta property=\"og:site_name\" content=\"CELTTV\" \/>\n<meta property=\"article:publisher\" content=\"https:\/\/www.facebook.com\/celtTV\/\" \/>\n<meta property=\"article:published_time\" content=\"2024-02-01T04:30:48+00:00\" \/>\n<meta property=\"og:image\" content=\"https:\/\/www.celttv.com.ar\/wp-content\/uploads\/2024\/02\/CELT-NACHO-MIRTA.jpg\" \/>\n\t<meta property=\"og:image:width\" content=\"1003\" \/>\n\t<meta property=\"og:image:height\" content=\"587\" \/>\n\t<meta property=\"og:image:type\" content=\"image\/jpeg\" \/>\n<meta name=\"author\" content=\"Miguel Herrada\" \/>\n<meta name=\"twitter:card\" content=\"summary_large_image\" \/>\n<meta name=\"twitter:label1\" content=\"Escrito por\" \/>\n\t<meta name=\"twitter:data1\" content=\"Miguel Herrada\" \/>\n\t<meta name=\"twitter:label2\" content=\"Tiempo de lectura\" \/>\n\t<meta name=\"twitter:data2\" content=\"5 minutos\" \/>\n<script type=\"application\/ld+json\" class=\"yoast-schema-graph\">{\"@context\":\"https:\/\/schema.org\",\"@graph\":[{\"@type\":\"NewsArticle\",\"@id\":\"https:\/\/www.celttv.com.ar\/index.php\/2024\/02\/01\/celt-importantes-secuelas-del-fenomeno-climatico-la-reunion-con-edes-y-el-ajuste-de-tarifas\/#article\",\"isPartOf\":{\"@id\":\"https:\/\/www.celttv.com.ar\/index.php\/2024\/02\/01\/celt-importantes-secuelas-del-fenomeno-climatico-la-reunion-con-edes-y-el-ajuste-de-tarifas\/\"},\"author\":{\"name\":\"Miguel Herrada\",\"@id\":\"https:\/\/www.celttv.com.ar\/#\/schema\/person\/9059dc91dc7204ef4182cdb65225f07d\"},\"headline\":\"CELT: Importantes secuelas del fen\u00f3meno clim\u00e1tico, la reuni\u00f3n con EDES. y el ajuste de tarifas\",\"datePublished\":\"2024-02-01T04:30:48+00:00\",\"dateModified\":\"2024-02-01T04:30:48+00:00\",\"mainEntityOfPage\":{\"@id\":\"https:\/\/www.celttv.com.ar\/index.php\/2024\/02\/01\/celt-importantes-secuelas-del-fenomeno-climatico-la-reunion-con-edes-y-el-ajuste-de-tarifas\/\"},\"wordCount\":1007,\"publisher\":{\"@id\":\"https:\/\/www.celttv.com.ar\/#organization\"},\"articleSection\":[\"Comunidad\",\"Destacadas\"],\"inLanguage\":\"es\"},{\"@type\":\"WebPage\",\"@id\":\"https:\/\/www.celttv.com.ar\/index.php\/2024\/02\/01\/celt-importantes-secuelas-del-fenomeno-climatico-la-reunion-con-edes-y-el-ajuste-de-tarifas\/\",\"url\":\"https:\/\/www.celttv.com.ar\/index.php\/2024\/02\/01\/celt-importantes-secuelas-del-fenomeno-climatico-la-reunion-con-edes-y-el-ajuste-de-tarifas\/\",\"name\":\"CELT: Importantes secuelas del fen\u00f3meno clim\u00e1tico, la reuni\u00f3n con EDES. y el ajuste de tarifas - CELTTV\",\"isPartOf\":{\"@id\":\"https:\/\/www.celttv.com.ar\/#website\"},\"datePublished\":\"2024-02-01T04:30:48+00:00\",\"dateModified\":\"2024-02-01T04:30:48+00:00\",\"description\":\"Sitio web de noticias de la localidad de Tornquist, provincia de Buenos Aires, Rep\u00fablica Argentina. Contenido propio originado por periodistas de CELTTV, el canal de TV local de la Cooperativa El\u00e9ctrica de Tornquist. Turismo, Pol\u00edtica, Sociedad, Deporte, Cultura y todo el contenido de inter\u00e9s general que la gente del pueblo y la regi\u00f3n debe conocer.\",\"breadcrumb\":{\"@id\":\"https:\/\/www.celttv.com.ar\/index.php\/2024\/02\/01\/celt-importantes-secuelas-del-fenomeno-climatico-la-reunion-con-edes-y-el-ajuste-de-tarifas\/#breadcrumb\"},\"inLanguage\":\"es\",\"potentialAction\":[{\"@type\":\"ReadAction\",\"target\":[\"https:\/\/www.celttv.com.ar\/index.php\/2024\/02\/01\/celt-importantes-secuelas-del-fenomeno-climatico-la-reunion-con-edes-y-el-ajuste-de-tarifas\/\"]}]},{\"@type\":\"BreadcrumbList\",\"@id\":\"https:\/\/www.celttv.com.ar\/index.php\/2024\/02\/01\/celt-importantes-secuelas-del-fenomeno-climatico-la-reunion-con-edes-y-el-ajuste-de-tarifas\/#breadcrumb\",\"itemListElement\":[{\"@type\":\"ListItem\",\"position\":1,\"name\":\"Inicio\",\"item\":\"https:\/\/www.celttv.com.ar\/\"},{\"@type\":\"ListItem\",\"position\":2,\"name\":\"CELT: Importantes secuelas del fen\u00f3meno clim\u00e1tico, la reuni\u00f3n con EDES. y el ajuste de tarifas\"}]},{\"@type\":\"WebSite\",\"@id\":\"https:\/\/www.celttv.com.ar\/#website\",\"url\":\"https:\/\/www.celttv.com.ar\/\",\"name\":\"CELTTV\",\"description\":\"Cooperativa El\u00e9ctrica de Tornquist\",\"publisher\":{\"@id\":\"https:\/\/www.celttv.com.ar\/#organization\"},\"potentialAction\":[{\"@type\":\"SearchAction\",\"target\":{\"@type\":\"EntryPoint\",\"urlTemplate\":\"https:\/\/www.celttv.com.ar\/?s={search_term_string}\"},\"query-input\":\"required name=search_term_string\"}],\"inLanguage\":\"es\"},{\"@type\":\"Organization\",\"@id\":\"https:\/\/www.celttv.com.ar\/#organization\",\"name\":\"CELTTV\",\"url\":\"https:\/\/www.celttv.com.ar\/\",\"sameAs\":[\"https:\/\/www.youtube.com\/channel\/UCz_oIt8Hig64Ub-EmcNPIhg\",\"https:\/\/www.facebook.com\/celtTV\/\"],\"logo\":{\"@type\":\"ImageObject\",\"inLanguage\":\"es\",\"@id\":\"https:\/\/www.celttv.com.ar\/#\/schema\/logo\/image\/\",\"url\":\"http:\/\/www.celttv.com.ar\/wp-content\/uploads\/2022\/08\/logo-1.png\",\"contentUrl\":\"http:\/\/www.celttv.com.ar\/wp-content\/uploads\/2022\/08\/logo-1.png\",\"width\":461,\"height\":159,\"caption\":\"CELTTV\"},\"image\":{\"@id\":\"https:\/\/www.celttv.com.ar\/#\/schema\/logo\/image\/\"}},{\"@type\":\"Person\",\"@id\":\"https:\/\/www.celttv.com.ar\/#\/schema\/person\/9059dc91dc7204ef4182cdb65225f07d\",\"name\":\"Miguel Herrada\",\"image\":{\"@type\":\"ImageObject\",\"inLanguage\":\"es\",\"@id\":\"https:\/\/www.celttv.com.ar\/#\/schema\/person\/image\/\",\"url\":\"https:\/\/secure.gravatar.com\/avatar\/67724d5b3c716623ffd76bec7e45841a442ac3b456e914dbba90b0fad2b8e0b1?s=96&d=mm&r=g\",\"contentUrl\":\"https:\/\/secure.gravatar.com\/avatar\/67724d5b3c716623ffd76bec7e45841a442ac3b456e914dbba90b0fad2b8e0b1?s=96&d=mm&r=g\",\"caption\":\"Miguel Herrada\"}}]}<\/script>\n<!-- \/ Yoast SEO plugin. -->","yoast_head_json":{"title":"CELT: Importantes secuelas del fen\u00f3meno clim\u00e1tico, la reuni\u00f3n con EDES. y el ajuste de tarifas - CELTTV","description":"Sitio web de noticias de la localidad de Tornquist, provincia de Buenos Aires, Rep\u00fablica Argentina. Contenido propio originado por periodistas de CELTTV, el canal de TV local de la Cooperativa El\u00e9ctrica de Tornquist. Turismo, Pol\u00edtica, Sociedad, Deporte, Cultura y todo el contenido de inter\u00e9s general que la gente del pueblo y la regi\u00f3n debe conocer.","robots":{"index":"index","follow":"follow","max-snippet":"max-snippet:-1","max-image-preview":"max-image-preview:large","max-video-preview":"max-video-preview:-1"},"canonical":"https:\/\/www.celttv.com.ar\/index.php\/2024\/02\/01\/celt-importantes-secuelas-del-fenomeno-climatico-la-reunion-con-edes-y-el-ajuste-de-tarifas\/","og_locale":"es_ES","og_type":"article","og_title":"CELT: Importantes secuelas del fen\u00f3meno clim\u00e1tico, la reuni\u00f3n con EDES. y el ajuste de tarifas - CELTTV","og_description":"Sitio web de noticias de la localidad de Tornquist, provincia de Buenos Aires, Rep\u00fablica Argentina. Contenido propio originado por periodistas de CELTTV, el canal de TV local de la Cooperativa El\u00e9ctrica de Tornquist. Turismo, Pol\u00edtica, Sociedad, Deporte, Cultura y todo el contenido de inter\u00e9s general que la gente del pueblo y la regi\u00f3n debe conocer.","og_url":"https:\/\/www.celttv.com.ar\/index.php\/2024\/02\/01\/celt-importantes-secuelas-del-fenomeno-climatico-la-reunion-con-edes-y-el-ajuste-de-tarifas\/","og_site_name":"CELTTV","article_publisher":"https:\/\/www.facebook.com\/celtTV\/","article_published_time":"2024-02-01T04:30:48+00:00","og_image":[{"width":1003,"height":587,"url":"https:\/\/www.celttv.com.ar\/wp-content\/uploads\/2024\/02\/CELT-NACHO-MIRTA.jpg","type":"image\/jpeg"}],"author":"Miguel Herrada","twitter_card":"summary_large_image","twitter_misc":{"Escrito por":"Miguel Herrada","Tiempo de lectura":"5 minutos"},"schema":{"@context":"https:\/\/schema.org","@graph":[{"@type":"NewsArticle","@id":"https:\/\/www.celttv.com.ar\/index.php\/2024\/02\/01\/celt-importantes-secuelas-del-fenomeno-climatico-la-reunion-con-edes-y-el-ajuste-de-tarifas\/#article","isPartOf":{"@id":"https:\/\/www.celttv.com.ar\/index.php\/2024\/02\/01\/celt-importantes-secuelas-del-fenomeno-climatico-la-reunion-con-edes-y-el-ajuste-de-tarifas\/"},"author":{"name":"Miguel Herrada","@id":"https:\/\/www.celttv.com.ar\/#\/schema\/person\/9059dc91dc7204ef4182cdb65225f07d"},"headline":"CELT: Importantes secuelas del fen\u00f3meno clim\u00e1tico, la reuni\u00f3n con EDES. y el ajuste de tarifas","datePublished":"2024-02-01T04:30:48+00:00","dateModified":"2024-02-01T04:30:48+00:00","mainEntityOfPage":{"@id":"https:\/\/www.celttv.com.ar\/index.php\/2024\/02\/01\/celt-importantes-secuelas-del-fenomeno-climatico-la-reunion-con-edes-y-el-ajuste-de-tarifas\/"},"wordCount":1007,"publisher":{"@id":"https:\/\/www.celttv.com.ar\/#organization"},"articleSection":["Comunidad","Destacadas"],"inLanguage":"es"},{"@type":"WebPage","@id":"https:\/\/www.celttv.com.ar\/index.php\/2024\/02\/01\/celt-importantes-secuelas-del-fenomeno-climatico-la-reunion-con-edes-y-el-ajuste-de-tarifas\/","url":"https:\/\/www.celttv.com.ar\/index.php\/2024\/02\/01\/celt-importantes-secuelas-del-fenomeno-climatico-la-reunion-con-edes-y-el-ajuste-de-tarifas\/","name":"CELT: Importantes secuelas del fen\u00f3meno clim\u00e1tico, la reuni\u00f3n con EDES. y el ajuste de tarifas - CELTTV","isPartOf":{"@id":"https:\/\/www.celttv.com.ar\/#website"},"datePublished":"2024-02-01T04:30:48+00:00","dateModified":"2024-02-01T04:30:48+00:00","description":"Sitio web de noticias de la localidad de Tornquist, provincia de Buenos Aires, Rep\u00fablica Argentina. Contenido propio originado por periodistas de CELTTV, el canal de TV local de la Cooperativa El\u00e9ctrica de Tornquist. Turismo, Pol\u00edtica, Sociedad, Deporte, Cultura y todo el contenido de inter\u00e9s general que la gente del pueblo y la regi\u00f3n debe conocer.","breadcrumb":{"@id":"https:\/\/www.celttv.com.ar\/index.php\/2024\/02\/01\/celt-importantes-secuelas-del-fenomeno-climatico-la-reunion-con-edes-y-el-ajuste-de-tarifas\/#breadcrumb"},"inLanguage":"es","potentialAction":[{"@type":"ReadAction","target":["https:\/\/www.celttv.com.ar\/index.php\/2024\/02\/01\/celt-importantes-secuelas-del-fenomeno-climatico-la-reunion-con-edes-y-el-ajuste-de-tarifas\/"]}]},{"@type":"BreadcrumbList","@id":"https:\/\/www.celttv.com.ar\/index.php\/2024\/02\/01\/celt-importantes-secuelas-del-fenomeno-climatico-la-reunion-con-edes-y-el-ajuste-de-tarifas\/#breadcrumb","itemListElement":[{"@type":"ListItem","position":1,"name":"Inicio","item":"https:\/\/www.celttv.com.ar\/"},{"@type":"ListItem","position":2,"name":"CELT: Importantes secuelas del fen\u00f3meno clim\u00e1tico, la reuni\u00f3n con EDES. y el ajuste de tarifas"}]},{"@type":"WebSite","@id":"https:\/\/www.celttv.com.ar\/#website","url":"https:\/\/www.celttv.com.ar\/","name":"CELTTV","description":"Cooperativa El\u00e9ctrica de Tornquist","publisher":{"@id":"https:\/\/www.celttv.com.ar\/#organization"},"potentialAction":[{"@type":"SearchAction","target":{"@type":"EntryPoint","urlTemplate":"https:\/\/www.celttv.com.ar\/?s={search_term_string}"},"query-input":"required name=search_term_string"}],"inLanguage":"es"},{"@type":"Organization","@id":"https:\/\/www.celttv.com.ar\/#organization","name":"CELTTV","url":"https:\/\/www.celttv.com.ar\/","sameAs":["https:\/\/www.youtube.com\/channel\/UCz_oIt8Hig64Ub-EmcNPIhg","https:\/\/www.facebook.com\/celtTV\/"],"logo":{"@type":"ImageObject","inLanguage":"es","@id":"https:\/\/www.celttv.com.ar\/#\/schema\/logo\/image\/","url":"http:\/\/www.celttv.com.ar\/wp-content\/uploads\/2022\/08\/logo-1.png","contentUrl":"http:\/\/www.celttv.com.ar\/wp-content\/uploads\/2022\/08\/logo-1.png","width":461,"height":159,"caption":"CELTTV"},"image":{"@id":"https:\/\/www.celttv.com.ar\/#\/schema\/logo\/image\/"}},{"@type":"Person","@id":"https:\/\/www.celttv.com.ar\/#\/schema\/person\/9059dc91dc7204ef4182cdb65225f07d","name":"Miguel Herrada","image":{"@type":"ImageObject","inLanguage":"es","@id":"https:\/\/www.celttv.com.ar\/#\/schema\/person\/image\/","url":"https:\/\/secure.gravatar.com\/avatar\/67724d5b3c716623ffd76bec7e45841a442ac3b456e914dbba90b0fad2b8e0b1?s=96&d=mm&r=g","contentUrl":"https:\/\/secure.gravatar.com\/avatar\/67724d5b3c716623ffd76bec7e45841a442ac3b456e914dbba90b0fad2b8e0b1?s=96&d=mm&r=g","caption":"Miguel Herrada"}}]}},"_links":{"self":[{"href":"https:\/\/www.celttv.com.ar\/index.php\/wp-json\/wp\/v2\/posts\/81806","targetHints":{"allow":["GET"]}}],"collection":[{"href":"https:\/\/www.celttv.com.ar\/index.php\/wp-json\/wp\/v2\/posts"}],"about":[{"href":"https:\/\/www.celttv.com.ar\/index.php\/wp-json\/wp\/v2\/types\/post"}],"author":[{"embeddable":true,"href":"https:\/\/www.celttv.com.ar\/index.php\/wp-json\/wp\/v2\/users\/5"}],"replies":[{"embeddable":true,"href":"https:\/\/www.celttv.com.ar\/index.php\/wp-json\/wp\/v2\/comments?post=81806"}],"version-history":[{"count":1,"href":"https:\/\/www.celttv.com.ar\/index.php\/wp-json\/wp\/v2\/posts\/81806\/revisions"}],"predecessor-version":[{"id":81807,"href":"https:\/\/www.celttv.com.ar\/index.php\/wp-json\/wp\/v2\/posts\/81806\/revisions\/81807"}],"wp:featuredmedia":[{"embeddable":true,"href":"https:\/\/www.celttv.com.ar\/index.php\/wp-json\/wp\/v2\/media\/81808"}],"wp:attachment":[{"href":"https:\/\/www.celttv.com.ar\/index.php\/wp-json\/wp\/v2\/media?parent=81806"}],"wp:term":[{"taxonomy":"category","embeddable":true,"href":"https:\/\/www.celttv.com.ar\/index.php\/wp-json\/wp\/v2\/categories?post=81806"},{"taxonomy":"post_tag","embeddable":true,"href":"https:\/\/www.celttv.com.ar\/index.php\/wp-json\/wp\/v2\/tags?post=81806"}],"curies":[{"name":"wp","href":"https:\/\/api.w.org\/{rel}","templated":true}]}}