{"id":81811,"date":"2024-02-01T16:58:49","date_gmt":"2024-02-01T19:58:49","guid":{"rendered":"https:\/\/www.celttv.com.ar\/?p=81811"},"modified":"2024-02-01T16:59:57","modified_gmt":"2024-02-01T19:59:57","slug":"la-celt-realizara-este-viernes-un-corte-de-energia-en-la-zona-serrana","status":"publish","type":"post","link":"https:\/\/www.celttv.com.ar\/index.php\/2024\/02\/01\/la-celt-realizara-este-viernes-un-corte-de-energia-en-la-zona-serrana\/","title":{"rendered":"La CELT. realizar\u00e1 \u00e9ste viernes un corte de energ\u00eda en la zona serrana"},"content":{"rendered":"<p>CELT informa que este viernes 2\/2\/24 a las 6 hs, realizar\u00e1 un corte en l\u00ednea de Media Tensi\u00f3n, duraci\u00f3n 1 hora, que afectar\u00e1 a <strong>Villa Serrana la Gruta, San Andr\u00e9s de las Sierras, Villa Ventana y zona rural.<\/strong> Por informaci\u00f3n comunicarse al 4910050 o al 4941008<\/p>\n<p><img loading=\"lazy\" decoding=\"async\" class=\"alignnone wp-image-81003 size-full\" src=\"https:\/\/www.celttv.com.ar\/wp-content\/uploads\/2023\/12\/placa-celt.jpg\" alt=\"\" width=\"859\" height=\"426\" srcset=\"https:\/\/www.celttv.com.ar\/wp-content\/uploads\/2023\/12\/placa-celt.jpg 859w, https:\/\/www.celttv.com.ar\/wp-content\/uploads\/2023\/12\/placa-celt-300x149.jpg 300w, https:\/\/www.celttv.com.ar\/wp-content\/uploads\/2023\/12\/placa-celt-768x381.jpg 768w, https:\/\/www.celttv.com.ar\/wp-content\/uploads\/2023\/12\/placa-celt-360x180.jpg 360w, https:\/\/www.celttv.com.ar\/wp-content\/uploads\/2023\/12\/placa-celt-750x372.jpg 750w\" sizes=\"auto, (max-width: 859px) 100vw, 859px\" \/><\/p>\n","protected":false},"excerpt":{"rendered":"<p>CELT informa que este viernes 2\/2\/24 a las 6 hs, realizar\u00e1 un corte en l\u00ednea de Media Tensi\u00f3n, duraci\u00f3n 1 hora, que afectar\u00e1 a Villa Serrana la Gruta, San Andr\u00e9s de las Sierras, Villa Ventana y zona rural. Por informaci\u00f3n comunicarse al 4910050 o al 4941008<\/p>\n","protected":false},"author":5,"featured_media":81003,"comment_status":"closed","ping_status":"closed","sticky":false,"template":"","format":"standard","meta":{"footnotes":""},"categories":[51,52],"tags":[],"class_list":["post-81811","post","type-post","status-publish","format-standard","has-post-thumbnail","hentry","category-comunidad","category-destacadas"],"yoast_head":"<!-- This site is optimized with the Yoast SEO plugin v19.7.1 - https:\/\/yoast.com\/wordpress\/plugins\/seo\/ -->\n<title>La CELT. realizar\u00e1 \u00e9ste viernes un corte de energ\u00eda en la zona serrana - CELTTV<\/title>\n<meta name=\"description\" content=\"Sitio web de noticias de la localidad de Tornquist, provincia de Buenos Aires, Rep\u00fablica Argentina. Contenido propio originado por periodistas de CELTTV, el canal de TV local de la Cooperativa El\u00e9ctrica de Tornquist. Turismo, Pol\u00edtica, Sociedad, Deporte, Cultura y todo el contenido de inter\u00e9s general que la gente del pueblo y la regi\u00f3n debe conocer.\" \/>\n<meta name=\"robots\" content=\"index, follow, max-snippet:-1, max-image-preview:large, max-video-preview:-1\" \/>\n<link rel=\"canonical\" href=\"https:\/\/www.celttv.com.ar\/index.php\/2024\/02\/01\/la-celt-realizara-este-viernes-un-corte-de-energia-en-la-zona-serrana\/\" \/>\n<meta property=\"og:locale\" content=\"es_ES\" \/>\n<meta property=\"og:type\" content=\"article\" \/>\n<meta property=\"og:title\" content=\"La CELT. realizar\u00e1 \u00e9ste viernes un corte de energ\u00eda en la zona serrana - CELTTV\" \/>\n<meta property=\"og:description\" content=\"Sitio web de noticias de la localidad de Tornquist, provincia de Buenos Aires, Rep\u00fablica Argentina. Contenido propio originado por periodistas de CELTTV, el canal de TV local de la Cooperativa El\u00e9ctrica de Tornquist. Turismo, Pol\u00edtica, Sociedad, Deporte, Cultura y todo el contenido de inter\u00e9s general que la gente del pueblo y la regi\u00f3n debe conocer.\" \/>\n<meta property=\"og:url\" content=\"https:\/\/www.celttv.com.ar\/index.php\/2024\/02\/01\/la-celt-realizara-este-viernes-un-corte-de-energia-en-la-zona-serrana\/\" \/>\n<meta property=\"og:site_name\" content=\"CELTTV\" \/>\n<meta property=\"article:publisher\" content=\"https:\/\/www.facebook.com\/celtTV\/\" \/>\n<meta property=\"article:published_time\" content=\"2024-02-01T19:58:49+00:00\" \/>\n<meta property=\"article:modified_time\" content=\"2024-02-01T19:59:57+00:00\" \/>\n<meta property=\"og:image\" content=\"https:\/\/www.celttv.com.ar\/wp-content\/uploads\/2023\/12\/placa-celt.jpg\" \/>\n\t<meta property=\"og:image:width\" content=\"859\" \/>\n\t<meta property=\"og:image:height\" content=\"426\" \/>\n\t<meta property=\"og:image:type\" content=\"image\/jpeg\" \/>\n<meta name=\"author\" content=\"Miguel Herrada\" \/>\n<meta name=\"twitter:card\" content=\"summary_large_image\" \/>\n<meta name=\"twitter:label1\" content=\"Escrito por\" \/>\n\t<meta name=\"twitter:data1\" content=\"Miguel Herrada\" \/>\n<script type=\"application\/ld+json\" class=\"yoast-schema-graph\">{\"@context\":\"https:\/\/schema.org\",\"@graph\":[{\"@type\":\"NewsArticle\",\"@id\":\"https:\/\/www.celttv.com.ar\/index.php\/2024\/02\/01\/la-celt-realizara-este-viernes-un-corte-de-energia-en-la-zona-serrana\/#article\",\"isPartOf\":{\"@id\":\"https:\/\/www.celttv.com.ar\/index.php\/2024\/02\/01\/la-celt-realizara-este-viernes-un-corte-de-energia-en-la-zona-serrana\/\"},\"author\":{\"name\":\"Miguel Herrada\",\"@id\":\"https:\/\/www.celttv.com.ar\/#\/schema\/person\/9059dc91dc7204ef4182cdb65225f07d\"},\"headline\":\"La CELT. realizar\u00e1 \u00e9ste viernes un corte de energ\u00eda en la zona serrana\",\"datePublished\":\"2024-02-01T19:58:49+00:00\",\"dateModified\":\"2024-02-01T19:59:57+00:00\",\"mainEntityOfPage\":{\"@id\":\"https:\/\/www.celttv.com.ar\/index.php\/2024\/02\/01\/la-celt-realizara-este-viernes-un-corte-de-energia-en-la-zona-serrana\/\"},\"wordCount\":60,\"publisher\":{\"@id\":\"https:\/\/www.celttv.com.ar\/#organization\"},\"articleSection\":[\"Comunidad\",\"Destacadas\"],\"inLanguage\":\"es\"},{\"@type\":\"WebPage\",\"@id\":\"https:\/\/www.celttv.com.ar\/index.php\/2024\/02\/01\/la-celt-realizara-este-viernes-un-corte-de-energia-en-la-zona-serrana\/\",\"url\":\"https:\/\/www.celttv.com.ar\/index.php\/2024\/02\/01\/la-celt-realizara-este-viernes-un-corte-de-energia-en-la-zona-serrana\/\",\"name\":\"La CELT. realizar\u00e1 \u00e9ste viernes un corte de energ\u00eda en la zona serrana - CELTTV\",\"isPartOf\":{\"@id\":\"https:\/\/www.celttv.com.ar\/#website\"},\"datePublished\":\"2024-02-01T19:58:49+00:00\",\"dateModified\":\"2024-02-01T19:59:57+00:00\",\"description\":\"Sitio web de noticias de la localidad de Tornquist, provincia de Buenos Aires, Rep\u00fablica Argentina. Contenido propio originado por periodistas de CELTTV, el canal de TV local de la Cooperativa El\u00e9ctrica de Tornquist. Turismo, Pol\u00edtica, Sociedad, Deporte, Cultura y todo el contenido de inter\u00e9s general que la gente del pueblo y la regi\u00f3n debe conocer.\",\"breadcrumb\":{\"@id\":\"https:\/\/www.celttv.com.ar\/index.php\/2024\/02\/01\/la-celt-realizara-este-viernes-un-corte-de-energia-en-la-zona-serrana\/#breadcrumb\"},\"inLanguage\":\"es\",\"potentialAction\":[{\"@type\":\"ReadAction\",\"target\":[\"https:\/\/www.celttv.com.ar\/index.php\/2024\/02\/01\/la-celt-realizara-este-viernes-un-corte-de-energia-en-la-zona-serrana\/\"]}]},{\"@type\":\"BreadcrumbList\",\"@id\":\"https:\/\/www.celttv.com.ar\/index.php\/2024\/02\/01\/la-celt-realizara-este-viernes-un-corte-de-energia-en-la-zona-serrana\/#breadcrumb\",\"itemListElement\":[{\"@type\":\"ListItem\",\"position\":1,\"name\":\"Inicio\",\"item\":\"https:\/\/www.celttv.com.ar\/\"},{\"@type\":\"ListItem\",\"position\":2,\"name\":\"La CELT. realizar\u00e1 \u00e9ste viernes un corte de energ\u00eda en la zona serrana\"}]},{\"@type\":\"WebSite\",\"@id\":\"https:\/\/www.celttv.com.ar\/#website\",\"url\":\"https:\/\/www.celttv.com.ar\/\",\"name\":\"CELTTV\",\"description\":\"Cooperativa El\u00e9ctrica de Tornquist\",\"publisher\":{\"@id\":\"https:\/\/www.celttv.com.ar\/#organization\"},\"potentialAction\":[{\"@type\":\"SearchAction\",\"target\":{\"@type\":\"EntryPoint\",\"urlTemplate\":\"https:\/\/www.celttv.com.ar\/?s={search_term_string}\"},\"query-input\":\"required name=search_term_string\"}],\"inLanguage\":\"es\"},{\"@type\":\"Organization\",\"@id\":\"https:\/\/www.celttv.com.ar\/#organization\",\"name\":\"CELTTV\",\"url\":\"https:\/\/www.celttv.com.ar\/\",\"sameAs\":[\"https:\/\/www.youtube.com\/channel\/UCz_oIt8Hig64Ub-EmcNPIhg\",\"https:\/\/www.facebook.com\/celtTV\/\"],\"logo\":{\"@type\":\"ImageObject\",\"inLanguage\":\"es\",\"@id\":\"https:\/\/www.celttv.com.ar\/#\/schema\/logo\/image\/\",\"url\":\"http:\/\/www.celttv.com.ar\/wp-content\/uploads\/2022\/08\/logo-1.png\",\"contentUrl\":\"http:\/\/www.celttv.com.ar\/wp-content\/uploads\/2022\/08\/logo-1.png\",\"width\":461,\"height\":159,\"caption\":\"CELTTV\"},\"image\":{\"@id\":\"https:\/\/www.celttv.com.ar\/#\/schema\/logo\/image\/\"}},{\"@type\":\"Person\",\"@id\":\"https:\/\/www.celttv.com.ar\/#\/schema\/person\/9059dc91dc7204ef4182cdb65225f07d\",\"name\":\"Miguel Herrada\",\"image\":{\"@type\":\"ImageObject\",\"inLanguage\":\"es\",\"@id\":\"https:\/\/www.celttv.com.ar\/#\/schema\/person\/image\/\",\"url\":\"https:\/\/secure.gravatar.com\/avatar\/67724d5b3c716623ffd76bec7e45841a442ac3b456e914dbba90b0fad2b8e0b1?s=96&d=mm&r=g\",\"contentUrl\":\"https:\/\/secure.gravatar.com\/avatar\/67724d5b3c716623ffd76bec7e45841a442ac3b456e914dbba90b0fad2b8e0b1?s=96&d=mm&r=g\",\"caption\":\"Miguel Herrada\"}}]}<\/script>\n<!-- \/ Yoast SEO plugin. -->","yoast_head_json":{"title":"La CELT. realizar\u00e1 \u00e9ste viernes un corte de energ\u00eda en la zona serrana - CELTTV","description":"Sitio web de noticias de la localidad de Tornquist, provincia de Buenos Aires, Rep\u00fablica Argentina. Contenido propio originado por periodistas de CELTTV, el canal de TV local de la Cooperativa El\u00e9ctrica de Tornquist. Turismo, Pol\u00edtica, Sociedad, Deporte, Cultura y todo el contenido de inter\u00e9s general que la gente del pueblo y la regi\u00f3n debe conocer.","robots":{"index":"index","follow":"follow","max-snippet":"max-snippet:-1","max-image-preview":"max-image-preview:large","max-video-preview":"max-video-preview:-1"},"canonical":"https:\/\/www.celttv.com.ar\/index.php\/2024\/02\/01\/la-celt-realizara-este-viernes-un-corte-de-energia-en-la-zona-serrana\/","og_locale":"es_ES","og_type":"article","og_title":"La CELT. realizar\u00e1 \u00e9ste viernes un corte de energ\u00eda en la zona serrana - CELTTV","og_description":"Sitio web de noticias de la localidad de Tornquist, provincia de Buenos Aires, Rep\u00fablica Argentina. Contenido propio originado por periodistas de CELTTV, el canal de TV local de la Cooperativa El\u00e9ctrica de Tornquist. Turismo, Pol\u00edtica, Sociedad, Deporte, Cultura y todo el contenido de inter\u00e9s general que la gente del pueblo y la regi\u00f3n debe conocer.","og_url":"https:\/\/www.celttv.com.ar\/index.php\/2024\/02\/01\/la-celt-realizara-este-viernes-un-corte-de-energia-en-la-zona-serrana\/","og_site_name":"CELTTV","article_publisher":"https:\/\/www.facebook.com\/celtTV\/","article_published_time":"2024-02-01T19:58:49+00:00","article_modified_time":"2024-02-01T19:59:57+00:00","og_image":[{"width":859,"height":426,"url":"https:\/\/www.celttv.com.ar\/wp-content\/uploads\/2023\/12\/placa-celt.jpg","type":"image\/jpeg"}],"author":"Miguel Herrada","twitter_card":"summary_large_image","twitter_misc":{"Escrito por":"Miguel Herrada"},"schema":{"@context":"https:\/\/schema.org","@graph":[{"@type":"NewsArticle","@id":"https:\/\/www.celttv.com.ar\/index.php\/2024\/02\/01\/la-celt-realizara-este-viernes-un-corte-de-energia-en-la-zona-serrana\/#article","isPartOf":{"@id":"https:\/\/www.celttv.com.ar\/index.php\/2024\/02\/01\/la-celt-realizara-este-viernes-un-corte-de-energia-en-la-zona-serrana\/"},"author":{"name":"Miguel Herrada","@id":"https:\/\/www.celttv.com.ar\/#\/schema\/person\/9059dc91dc7204ef4182cdb65225f07d"},"headline":"La CELT. realizar\u00e1 \u00e9ste viernes un corte de energ\u00eda en la zona serrana","datePublished":"2024-02-01T19:58:49+00:00","dateModified":"2024-02-01T19:59:57+00:00","mainEntityOfPage":{"@id":"https:\/\/www.celttv.com.ar\/index.php\/2024\/02\/01\/la-celt-realizara-este-viernes-un-corte-de-energia-en-la-zona-serrana\/"},"wordCount":60,"publisher":{"@id":"https:\/\/www.celttv.com.ar\/#organization"},"articleSection":["Comunidad","Destacadas"],"inLanguage":"es"},{"@type":"WebPage","@id":"https:\/\/www.celttv.com.ar\/index.php\/2024\/02\/01\/la-celt-realizara-este-viernes-un-corte-de-energia-en-la-zona-serrana\/","url":"https:\/\/www.celttv.com.ar\/index.php\/2024\/02\/01\/la-celt-realizara-este-viernes-un-corte-de-energia-en-la-zona-serrana\/","name":"La CELT. realizar\u00e1 \u00e9ste viernes un corte de energ\u00eda en la zona serrana - CELTTV","isPartOf":{"@id":"https:\/\/www.celttv.com.ar\/#website"},"datePublished":"2024-02-01T19:58:49+00:00","dateModified":"2024-02-01T19:59:57+00:00","description":"Sitio web de noticias de la localidad de Tornquist, provincia de Buenos Aires, Rep\u00fablica Argentina. Contenido propio originado por periodistas de CELTTV, el canal de TV local de la Cooperativa El\u00e9ctrica de Tornquist. Turismo, Pol\u00edtica, Sociedad, Deporte, Cultura y todo el contenido de inter\u00e9s general que la gente del pueblo y la regi\u00f3n debe conocer.","breadcrumb":{"@id":"https:\/\/www.celttv.com.ar\/index.php\/2024\/02\/01\/la-celt-realizara-este-viernes-un-corte-de-energia-en-la-zona-serrana\/#breadcrumb"},"inLanguage":"es","potentialAction":[{"@type":"ReadAction","target":["https:\/\/www.celttv.com.ar\/index.php\/2024\/02\/01\/la-celt-realizara-este-viernes-un-corte-de-energia-en-la-zona-serrana\/"]}]},{"@type":"BreadcrumbList","@id":"https:\/\/www.celttv.com.ar\/index.php\/2024\/02\/01\/la-celt-realizara-este-viernes-un-corte-de-energia-en-la-zona-serrana\/#breadcrumb","itemListElement":[{"@type":"ListItem","position":1,"name":"Inicio","item":"https:\/\/www.celttv.com.ar\/"},{"@type":"ListItem","position":2,"name":"La CELT. realizar\u00e1 \u00e9ste viernes un corte de energ\u00eda en la zona serrana"}]},{"@type":"WebSite","@id":"https:\/\/www.celttv.com.ar\/#website","url":"https:\/\/www.celttv.com.ar\/","name":"CELTTV","description":"Cooperativa El\u00e9ctrica de Tornquist","publisher":{"@id":"https:\/\/www.celttv.com.ar\/#organization"},"potentialAction":[{"@type":"SearchAction","target":{"@type":"EntryPoint","urlTemplate":"https:\/\/www.celttv.com.ar\/?s={search_term_string}"},"query-input":"required name=search_term_string"}],"inLanguage":"es"},{"@type":"Organization","@id":"https:\/\/www.celttv.com.ar\/#organization","name":"CELTTV","url":"https:\/\/www.celttv.com.ar\/","sameAs":["https:\/\/www.youtube.com\/channel\/UCz_oIt8Hig64Ub-EmcNPIhg","https:\/\/www.facebook.com\/celtTV\/"],"logo":{"@type":"ImageObject","inLanguage":"es","@id":"https:\/\/www.celttv.com.ar\/#\/schema\/logo\/image\/","url":"http:\/\/www.celttv.com.ar\/wp-content\/uploads\/2022\/08\/logo-1.png","contentUrl":"http:\/\/www.celttv.com.ar\/wp-content\/uploads\/2022\/08\/logo-1.png","width":461,"height":159,"caption":"CELTTV"},"image":{"@id":"https:\/\/www.celttv.com.ar\/#\/schema\/logo\/image\/"}},{"@type":"Person","@id":"https:\/\/www.celttv.com.ar\/#\/schema\/person\/9059dc91dc7204ef4182cdb65225f07d","name":"Miguel Herrada","image":{"@type":"ImageObject","inLanguage":"es","@id":"https:\/\/www.celttv.com.ar\/#\/schema\/person\/image\/","url":"https:\/\/secure.gravatar.com\/avatar\/67724d5b3c716623ffd76bec7e45841a442ac3b456e914dbba90b0fad2b8e0b1?s=96&d=mm&r=g","contentUrl":"https:\/\/secure.gravatar.com\/avatar\/67724d5b3c716623ffd76bec7e45841a442ac3b456e914dbba90b0fad2b8e0b1?s=96&d=mm&r=g","caption":"Miguel Herrada"}}]}},"_links":{"self":[{"href":"https:\/\/www.celttv.com.ar\/index.php\/wp-json\/wp\/v2\/posts\/81811","targetHints":{"allow":["GET"]}}],"collection":[{"href":"https:\/\/www.celttv.com.ar\/index.php\/wp-json\/wp\/v2\/posts"}],"about":[{"href":"https:\/\/www.celttv.com.ar\/index.php\/wp-json\/wp\/v2\/types\/post"}],"author":[{"embeddable":true,"href":"https:\/\/www.celttv.com.ar\/index.php\/wp-json\/wp\/v2\/users\/5"}],"replies":[{"embeddable":true,"href":"https:\/\/www.celttv.com.ar\/index.php\/wp-json\/wp\/v2\/comments?post=81811"}],"version-history":[{"count":1,"href":"https:\/\/www.celttv.com.ar\/index.php\/wp-json\/wp\/v2\/posts\/81811\/revisions"}],"predecessor-version":[{"id":81812,"href":"https:\/\/www.celttv.com.ar\/index.php\/wp-json\/wp\/v2\/posts\/81811\/revisions\/81812"}],"wp:featuredmedia":[{"embeddable":true,"href":"https:\/\/www.celttv.com.ar\/index.php\/wp-json\/wp\/v2\/media\/81003"}],"wp:attachment":[{"href":"https:\/\/www.celttv.com.ar\/index.php\/wp-json\/wp\/v2\/media?parent=81811"}],"wp:term":[{"taxonomy":"category","embeddable":true,"href":"https:\/\/www.celttv.com.ar\/index.php\/wp-json\/wp\/v2\/categories?post=81811"},{"taxonomy":"post_tag","embeddable":true,"href":"https:\/\/www.celttv.com.ar\/index.php\/wp-json\/wp\/v2\/tags?post=81811"}],"curies":[{"name":"wp","href":"https:\/\/api.w.org\/{rel}","templated":true}]}}