{"id":81818,"date":"2024-02-01T17:19:44","date_gmt":"2024-02-01T20:19:44","guid":{"rendered":"https:\/\/www.celttv.com.ar\/?p=81818"},"modified":"2024-02-01T17:19:44","modified_gmt":"2024-02-01T20:19:44","slug":"finalmente-se-mantiene-el-regimen-de-zona-fria-para-la-provincia","status":"publish","type":"post","link":"https:\/\/www.celttv.com.ar\/index.php\/2024\/02\/01\/finalmente-se-mantiene-el-regimen-de-zona-fria-para-la-provincia\/","title":{"rendered":"Finalmente se mantiene el r\u00e9gimen de zona fr\u00eda para la Provincia"},"content":{"rendered":"<p style=\"font-weight: 400;\">\u201cSe logr\u00f3 gracias al trabajo coordinado con los legisladores nacionales que lograron la eliminaci\u00f3n de m\u00e1s de cien art\u00edculos de la Ley \u00d3mnibus, y la modificaci\u00f3n de otros tantos\u201d, manifestaron los legisladores radicales Nerina Neumann y Emiliano Balb\u00edn.<\/p>\n<p style=\"font-weight: 400;\">\n<p style=\"font-weight: 400;\">\n<p style=\"font-weight: 400;\">La semana pasada los legisladores que representan a la Sexta secci\u00f3n pidieron que el Gobierno Nacional no eliminar\u00e1 el r\u00e9gimen de zona fr\u00eda, que actualmente beneficia a los vecinos de 95 distritos de la Provincia.<\/p>\n<p style=\"font-weight: 400;\">\n<p style=\"font-weight: 400;\">Lo hicieron con sendas declaraciones parlamentarias acompa\u00f1adas por los bloques de la UCR + Cambio Federal, y con notas y comunicaciones con los legisladores nacionales del radicalismo que representan a la provincia de Buenos Aires, la diputada Karina Banfi y el senador Maximiliano Abad.<\/p>\n<p style=\"font-weight: 400;\">\n<p style=\"font-weight: 400;\">\u201cCon el trabajo arduo y coordinado de los legisladores de Juntos en el Congreso de la Naci\u00f3n, representantes del Gobierno y de otros bloques, se logr\u00f3 que finalmente la administraci\u00f3n del Presidente Javier Milei acceda a modificar el proyecto de Ley Bases y Punto de Partida -denominado Ley \u00d3mnibus-, con beneficios para las econom\u00edas regionales del interior bonaerense, y sobre todo el mantenimiento del r\u00e9gimen de Zona Fr\u00eda\u201d, se\u00f1alaron al respecto Neumann y Balb\u00edn.<\/p>\n<p style=\"font-weight: 400;\">\n<p style=\"font-weight: 400;\">\u201cEl mantenimiento de este r\u00e9gimen es fundamental para los vecinos de la Provincia, teniendo en cuenta que el beneficio alcanza al 31% de los usuarios de gas por redes de esta jurisdicci\u00f3n y se estima en m\u00e1s de 3,5 millones de personas (22% de la poblaci\u00f3n). Para 95 distritos de la Provincia implica un 30% o 50% de descuento sobre los cuadros tarifarios\u201d, indicaron finalmente.<\/p>\n<p style=\"font-weight: 400;\">\n<p><img loading=\"lazy\" decoding=\"async\" class=\"alignnone wp-image-81819 size-full\" src=\"https:\/\/www.celttv.com.ar\/wp-content\/uploads\/2024\/02\/hornalla-mejor.jpg\" alt=\"\" width=\"836\" height=\"472\" srcset=\"https:\/\/www.celttv.com.ar\/wp-content\/uploads\/2024\/02\/hornalla-mejor.jpg 836w, https:\/\/www.celttv.com.ar\/wp-content\/uploads\/2024\/02\/hornalla-mejor-300x169.jpg 300w, https:\/\/www.celttv.com.ar\/wp-content\/uploads\/2024\/02\/hornalla-mejor-768x434.jpg 768w, https:\/\/www.celttv.com.ar\/wp-content\/uploads\/2024\/02\/hornalla-mejor-750x423.jpg 750w\" sizes=\"auto, (max-width: 836px) 100vw, 836px\" \/><\/p>\n<p style=\"font-weight: 400;\">\n","protected":false},"excerpt":{"rendered":"<p>\u201cSe logr\u00f3 gracias al trabajo coordinado con los legisladores nacionales que lograron la eliminaci\u00f3n de m\u00e1s de cien art\u00edculos de la Ley \u00d3mnibus, y la modificaci\u00f3n de otros tantos\u201d, manifestaron los legisladores radicales Nerina Neumann y Emiliano Balb\u00edn. La semana pasada los legisladores que representan a la Sexta secci\u00f3n pidieron que el Gobierno Nacional no [&hellip;]<\/p>\n","protected":false},"author":5,"featured_media":81819,"comment_status":"closed","ping_status":"closed","sticky":false,"template":"","format":"standard","meta":{"footnotes":""},"categories":[51,52,53],"tags":[],"class_list":["post-81818","post","type-post","status-publish","format-standard","has-post-thumbnail","hentry","category-comunidad","category-destacadas","category-politica"],"yoast_head":"<!-- This site is optimized with the Yoast SEO plugin v19.7.1 - https:\/\/yoast.com\/wordpress\/plugins\/seo\/ -->\n<title>Finalmente se mantiene el r\u00e9gimen de zona fr\u00eda para la Provincia - CELTTV<\/title>\n<meta name=\"description\" content=\"Sitio web de noticias de la localidad de Tornquist, provincia de Buenos Aires, Rep\u00fablica Argentina. Contenido propio originado por periodistas de CELTTV, el canal de TV local de la Cooperativa El\u00e9ctrica de Tornquist. Turismo, Pol\u00edtica, Sociedad, Deporte, Cultura y todo el contenido de inter\u00e9s general que la gente del pueblo y la regi\u00f3n debe conocer.\" \/>\n<meta name=\"robots\" content=\"index, follow, max-snippet:-1, max-image-preview:large, max-video-preview:-1\" \/>\n<link rel=\"canonical\" href=\"https:\/\/www.celttv.com.ar\/index.php\/2024\/02\/01\/finalmente-se-mantiene-el-regimen-de-zona-fria-para-la-provincia\/\" \/>\n<meta property=\"og:locale\" content=\"es_ES\" \/>\n<meta property=\"og:type\" content=\"article\" \/>\n<meta property=\"og:title\" content=\"Finalmente se mantiene el r\u00e9gimen de zona fr\u00eda para la Provincia - CELTTV\" \/>\n<meta property=\"og:description\" content=\"Sitio web de noticias de la localidad de Tornquist, provincia de Buenos Aires, Rep\u00fablica Argentina. Contenido propio originado por periodistas de CELTTV, el canal de TV local de la Cooperativa El\u00e9ctrica de Tornquist. Turismo, Pol\u00edtica, Sociedad, Deporte, Cultura y todo el contenido de inter\u00e9s general que la gente del pueblo y la regi\u00f3n debe conocer.\" \/>\n<meta property=\"og:url\" content=\"https:\/\/www.celttv.com.ar\/index.php\/2024\/02\/01\/finalmente-se-mantiene-el-regimen-de-zona-fria-para-la-provincia\/\" \/>\n<meta property=\"og:site_name\" content=\"CELTTV\" \/>\n<meta property=\"article:publisher\" content=\"https:\/\/www.facebook.com\/celtTV\/\" \/>\n<meta property=\"article:published_time\" content=\"2024-02-01T20:19:44+00:00\" \/>\n<meta property=\"og:image\" content=\"https:\/\/www.celttv.com.ar\/wp-content\/uploads\/2024\/02\/hornalla-mejor.jpg\" \/>\n\t<meta property=\"og:image:width\" content=\"836\" \/>\n\t<meta property=\"og:image:height\" content=\"472\" \/>\n\t<meta property=\"og:image:type\" content=\"image\/jpeg\" \/>\n<meta name=\"author\" content=\"Miguel Herrada\" \/>\n<meta name=\"twitter:card\" content=\"summary_large_image\" \/>\n<meta name=\"twitter:label1\" content=\"Escrito por\" \/>\n\t<meta name=\"twitter:data1\" content=\"Miguel Herrada\" \/>\n\t<meta name=\"twitter:label2\" content=\"Tiempo de lectura\" \/>\n\t<meta name=\"twitter:data2\" content=\"1 minuto\" \/>\n<script type=\"application\/ld+json\" class=\"yoast-schema-graph\">{\"@context\":\"https:\/\/schema.org\",\"@graph\":[{\"@type\":\"NewsArticle\",\"@id\":\"https:\/\/www.celttv.com.ar\/index.php\/2024\/02\/01\/finalmente-se-mantiene-el-regimen-de-zona-fria-para-la-provincia\/#article\",\"isPartOf\":{\"@id\":\"https:\/\/www.celttv.com.ar\/index.php\/2024\/02\/01\/finalmente-se-mantiene-el-regimen-de-zona-fria-para-la-provincia\/\"},\"author\":{\"name\":\"Miguel Herrada\",\"@id\":\"https:\/\/www.celttv.com.ar\/#\/schema\/person\/9059dc91dc7204ef4182cdb65225f07d\"},\"headline\":\"Finalmente se mantiene el r\u00e9gimen de zona fr\u00eda para la Provincia\",\"datePublished\":\"2024-02-01T20:19:44+00:00\",\"dateModified\":\"2024-02-01T20:19:44+00:00\",\"mainEntityOfPage\":{\"@id\":\"https:\/\/www.celttv.com.ar\/index.php\/2024\/02\/01\/finalmente-se-mantiene-el-regimen-de-zona-fria-para-la-provincia\/\"},\"wordCount\":281,\"publisher\":{\"@id\":\"https:\/\/www.celttv.com.ar\/#organization\"},\"articleSection\":[\"Comunidad\",\"Destacadas\",\"Pol\u00edtica\"],\"inLanguage\":\"es\"},{\"@type\":\"WebPage\",\"@id\":\"https:\/\/www.celttv.com.ar\/index.php\/2024\/02\/01\/finalmente-se-mantiene-el-regimen-de-zona-fria-para-la-provincia\/\",\"url\":\"https:\/\/www.celttv.com.ar\/index.php\/2024\/02\/01\/finalmente-se-mantiene-el-regimen-de-zona-fria-para-la-provincia\/\",\"name\":\"Finalmente se mantiene el r\u00e9gimen de zona fr\u00eda para la Provincia - CELTTV\",\"isPartOf\":{\"@id\":\"https:\/\/www.celttv.com.ar\/#website\"},\"datePublished\":\"2024-02-01T20:19:44+00:00\",\"dateModified\":\"2024-02-01T20:19:44+00:00\",\"description\":\"Sitio web de noticias de la localidad de Tornquist, provincia de Buenos Aires, Rep\u00fablica Argentina. Contenido propio originado por periodistas de CELTTV, el canal de TV local de la Cooperativa El\u00e9ctrica de Tornquist. Turismo, Pol\u00edtica, Sociedad, Deporte, Cultura y todo el contenido de inter\u00e9s general que la gente del pueblo y la regi\u00f3n debe conocer.\",\"breadcrumb\":{\"@id\":\"https:\/\/www.celttv.com.ar\/index.php\/2024\/02\/01\/finalmente-se-mantiene-el-regimen-de-zona-fria-para-la-provincia\/#breadcrumb\"},\"inLanguage\":\"es\",\"potentialAction\":[{\"@type\":\"ReadAction\",\"target\":[\"https:\/\/www.celttv.com.ar\/index.php\/2024\/02\/01\/finalmente-se-mantiene-el-regimen-de-zona-fria-para-la-provincia\/\"]}]},{\"@type\":\"BreadcrumbList\",\"@id\":\"https:\/\/www.celttv.com.ar\/index.php\/2024\/02\/01\/finalmente-se-mantiene-el-regimen-de-zona-fria-para-la-provincia\/#breadcrumb\",\"itemListElement\":[{\"@type\":\"ListItem\",\"position\":1,\"name\":\"Inicio\",\"item\":\"https:\/\/www.celttv.com.ar\/\"},{\"@type\":\"ListItem\",\"position\":2,\"name\":\"Finalmente se mantiene el r\u00e9gimen de zona fr\u00eda para la Provincia\"}]},{\"@type\":\"WebSite\",\"@id\":\"https:\/\/www.celttv.com.ar\/#website\",\"url\":\"https:\/\/www.celttv.com.ar\/\",\"name\":\"CELTTV\",\"description\":\"Cooperativa El\u00e9ctrica de Tornquist\",\"publisher\":{\"@id\":\"https:\/\/www.celttv.com.ar\/#organization\"},\"potentialAction\":[{\"@type\":\"SearchAction\",\"target\":{\"@type\":\"EntryPoint\",\"urlTemplate\":\"https:\/\/www.celttv.com.ar\/?s={search_term_string}\"},\"query-input\":\"required name=search_term_string\"}],\"inLanguage\":\"es\"},{\"@type\":\"Organization\",\"@id\":\"https:\/\/www.celttv.com.ar\/#organization\",\"name\":\"CELTTV\",\"url\":\"https:\/\/www.celttv.com.ar\/\",\"sameAs\":[\"https:\/\/www.youtube.com\/channel\/UCz_oIt8Hig64Ub-EmcNPIhg\",\"https:\/\/www.facebook.com\/celtTV\/\"],\"logo\":{\"@type\":\"ImageObject\",\"inLanguage\":\"es\",\"@id\":\"https:\/\/www.celttv.com.ar\/#\/schema\/logo\/image\/\",\"url\":\"http:\/\/www.celttv.com.ar\/wp-content\/uploads\/2022\/08\/logo-1.png\",\"contentUrl\":\"http:\/\/www.celttv.com.ar\/wp-content\/uploads\/2022\/08\/logo-1.png\",\"width\":461,\"height\":159,\"caption\":\"CELTTV\"},\"image\":{\"@id\":\"https:\/\/www.celttv.com.ar\/#\/schema\/logo\/image\/\"}},{\"@type\":\"Person\",\"@id\":\"https:\/\/www.celttv.com.ar\/#\/schema\/person\/9059dc91dc7204ef4182cdb65225f07d\",\"name\":\"Miguel Herrada\",\"image\":{\"@type\":\"ImageObject\",\"inLanguage\":\"es\",\"@id\":\"https:\/\/www.celttv.com.ar\/#\/schema\/person\/image\/\",\"url\":\"https:\/\/secure.gravatar.com\/avatar\/67724d5b3c716623ffd76bec7e45841a442ac3b456e914dbba90b0fad2b8e0b1?s=96&d=mm&r=g\",\"contentUrl\":\"https:\/\/secure.gravatar.com\/avatar\/67724d5b3c716623ffd76bec7e45841a442ac3b456e914dbba90b0fad2b8e0b1?s=96&d=mm&r=g\",\"caption\":\"Miguel Herrada\"}}]}<\/script>\n<!-- \/ Yoast SEO plugin. -->","yoast_head_json":{"title":"Finalmente se mantiene el r\u00e9gimen de zona fr\u00eda para la Provincia - CELTTV","description":"Sitio web de noticias de la localidad de Tornquist, provincia de Buenos Aires, Rep\u00fablica Argentina. Contenido propio originado por periodistas de CELTTV, el canal de TV local de la Cooperativa El\u00e9ctrica de Tornquist. Turismo, Pol\u00edtica, Sociedad, Deporte, Cultura y todo el contenido de inter\u00e9s general que la gente del pueblo y la regi\u00f3n debe conocer.","robots":{"index":"index","follow":"follow","max-snippet":"max-snippet:-1","max-image-preview":"max-image-preview:large","max-video-preview":"max-video-preview:-1"},"canonical":"https:\/\/www.celttv.com.ar\/index.php\/2024\/02\/01\/finalmente-se-mantiene-el-regimen-de-zona-fria-para-la-provincia\/","og_locale":"es_ES","og_type":"article","og_title":"Finalmente se mantiene el r\u00e9gimen de zona fr\u00eda para la Provincia - CELTTV","og_description":"Sitio web de noticias de la localidad de Tornquist, provincia de Buenos Aires, Rep\u00fablica Argentina. Contenido propio originado por periodistas de CELTTV, el canal de TV local de la Cooperativa El\u00e9ctrica de Tornquist. Turismo, Pol\u00edtica, Sociedad, Deporte, Cultura y todo el contenido de inter\u00e9s general que la gente del pueblo y la regi\u00f3n debe conocer.","og_url":"https:\/\/www.celttv.com.ar\/index.php\/2024\/02\/01\/finalmente-se-mantiene-el-regimen-de-zona-fria-para-la-provincia\/","og_site_name":"CELTTV","article_publisher":"https:\/\/www.facebook.com\/celtTV\/","article_published_time":"2024-02-01T20:19:44+00:00","og_image":[{"width":836,"height":472,"url":"https:\/\/www.celttv.com.ar\/wp-content\/uploads\/2024\/02\/hornalla-mejor.jpg","type":"image\/jpeg"}],"author":"Miguel Herrada","twitter_card":"summary_large_image","twitter_misc":{"Escrito por":"Miguel Herrada","Tiempo de lectura":"1 minuto"},"schema":{"@context":"https:\/\/schema.org","@graph":[{"@type":"NewsArticle","@id":"https:\/\/www.celttv.com.ar\/index.php\/2024\/02\/01\/finalmente-se-mantiene-el-regimen-de-zona-fria-para-la-provincia\/#article","isPartOf":{"@id":"https:\/\/www.celttv.com.ar\/index.php\/2024\/02\/01\/finalmente-se-mantiene-el-regimen-de-zona-fria-para-la-provincia\/"},"author":{"name":"Miguel Herrada","@id":"https:\/\/www.celttv.com.ar\/#\/schema\/person\/9059dc91dc7204ef4182cdb65225f07d"},"headline":"Finalmente se mantiene el r\u00e9gimen de zona fr\u00eda para la Provincia","datePublished":"2024-02-01T20:19:44+00:00","dateModified":"2024-02-01T20:19:44+00:00","mainEntityOfPage":{"@id":"https:\/\/www.celttv.com.ar\/index.php\/2024\/02\/01\/finalmente-se-mantiene-el-regimen-de-zona-fria-para-la-provincia\/"},"wordCount":281,"publisher":{"@id":"https:\/\/www.celttv.com.ar\/#organization"},"articleSection":["Comunidad","Destacadas","Pol\u00edtica"],"inLanguage":"es"},{"@type":"WebPage","@id":"https:\/\/www.celttv.com.ar\/index.php\/2024\/02\/01\/finalmente-se-mantiene-el-regimen-de-zona-fria-para-la-provincia\/","url":"https:\/\/www.celttv.com.ar\/index.php\/2024\/02\/01\/finalmente-se-mantiene-el-regimen-de-zona-fria-para-la-provincia\/","name":"Finalmente se mantiene el r\u00e9gimen de zona fr\u00eda para la Provincia - CELTTV","isPartOf":{"@id":"https:\/\/www.celttv.com.ar\/#website"},"datePublished":"2024-02-01T20:19:44+00:00","dateModified":"2024-02-01T20:19:44+00:00","description":"Sitio web de noticias de la localidad de Tornquist, provincia de Buenos Aires, Rep\u00fablica Argentina. Contenido propio originado por periodistas de CELTTV, el canal de TV local de la Cooperativa El\u00e9ctrica de Tornquist. Turismo, Pol\u00edtica, Sociedad, Deporte, Cultura y todo el contenido de inter\u00e9s general que la gente del pueblo y la regi\u00f3n debe conocer.","breadcrumb":{"@id":"https:\/\/www.celttv.com.ar\/index.php\/2024\/02\/01\/finalmente-se-mantiene-el-regimen-de-zona-fria-para-la-provincia\/#breadcrumb"},"inLanguage":"es","potentialAction":[{"@type":"ReadAction","target":["https:\/\/www.celttv.com.ar\/index.php\/2024\/02\/01\/finalmente-se-mantiene-el-regimen-de-zona-fria-para-la-provincia\/"]}]},{"@type":"BreadcrumbList","@id":"https:\/\/www.celttv.com.ar\/index.php\/2024\/02\/01\/finalmente-se-mantiene-el-regimen-de-zona-fria-para-la-provincia\/#breadcrumb","itemListElement":[{"@type":"ListItem","position":1,"name":"Inicio","item":"https:\/\/www.celttv.com.ar\/"},{"@type":"ListItem","position":2,"name":"Finalmente se mantiene el r\u00e9gimen de zona fr\u00eda para la Provincia"}]},{"@type":"WebSite","@id":"https:\/\/www.celttv.com.ar\/#website","url":"https:\/\/www.celttv.com.ar\/","name":"CELTTV","description":"Cooperativa El\u00e9ctrica de Tornquist","publisher":{"@id":"https:\/\/www.celttv.com.ar\/#organization"},"potentialAction":[{"@type":"SearchAction","target":{"@type":"EntryPoint","urlTemplate":"https:\/\/www.celttv.com.ar\/?s={search_term_string}"},"query-input":"required name=search_term_string"}],"inLanguage":"es"},{"@type":"Organization","@id":"https:\/\/www.celttv.com.ar\/#organization","name":"CELTTV","url":"https:\/\/www.celttv.com.ar\/","sameAs":["https:\/\/www.youtube.com\/channel\/UCz_oIt8Hig64Ub-EmcNPIhg","https:\/\/www.facebook.com\/celtTV\/"],"logo":{"@type":"ImageObject","inLanguage":"es","@id":"https:\/\/www.celttv.com.ar\/#\/schema\/logo\/image\/","url":"http:\/\/www.celttv.com.ar\/wp-content\/uploads\/2022\/08\/logo-1.png","contentUrl":"http:\/\/www.celttv.com.ar\/wp-content\/uploads\/2022\/08\/logo-1.png","width":461,"height":159,"caption":"CELTTV"},"image":{"@id":"https:\/\/www.celttv.com.ar\/#\/schema\/logo\/image\/"}},{"@type":"Person","@id":"https:\/\/www.celttv.com.ar\/#\/schema\/person\/9059dc91dc7204ef4182cdb65225f07d","name":"Miguel Herrada","image":{"@type":"ImageObject","inLanguage":"es","@id":"https:\/\/www.celttv.com.ar\/#\/schema\/person\/image\/","url":"https:\/\/secure.gravatar.com\/avatar\/67724d5b3c716623ffd76bec7e45841a442ac3b456e914dbba90b0fad2b8e0b1?s=96&d=mm&r=g","contentUrl":"https:\/\/secure.gravatar.com\/avatar\/67724d5b3c716623ffd76bec7e45841a442ac3b456e914dbba90b0fad2b8e0b1?s=96&d=mm&r=g","caption":"Miguel Herrada"}}]}},"_links":{"self":[{"href":"https:\/\/www.celttv.com.ar\/index.php\/wp-json\/wp\/v2\/posts\/81818","targetHints":{"allow":["GET"]}}],"collection":[{"href":"https:\/\/www.celttv.com.ar\/index.php\/wp-json\/wp\/v2\/posts"}],"about":[{"href":"https:\/\/www.celttv.com.ar\/index.php\/wp-json\/wp\/v2\/types\/post"}],"author":[{"embeddable":true,"href":"https:\/\/www.celttv.com.ar\/index.php\/wp-json\/wp\/v2\/users\/5"}],"replies":[{"embeddable":true,"href":"https:\/\/www.celttv.com.ar\/index.php\/wp-json\/wp\/v2\/comments?post=81818"}],"version-history":[{"count":1,"href":"https:\/\/www.celttv.com.ar\/index.php\/wp-json\/wp\/v2\/posts\/81818\/revisions"}],"predecessor-version":[{"id":81820,"href":"https:\/\/www.celttv.com.ar\/index.php\/wp-json\/wp\/v2\/posts\/81818\/revisions\/81820"}],"wp:featuredmedia":[{"embeddable":true,"href":"https:\/\/www.celttv.com.ar\/index.php\/wp-json\/wp\/v2\/media\/81819"}],"wp:attachment":[{"href":"https:\/\/www.celttv.com.ar\/index.php\/wp-json\/wp\/v2\/media?parent=81818"}],"wp:term":[{"taxonomy":"category","embeddable":true,"href":"https:\/\/www.celttv.com.ar\/index.php\/wp-json\/wp\/v2\/categories?post=81818"},{"taxonomy":"post_tag","embeddable":true,"href":"https:\/\/www.celttv.com.ar\/index.php\/wp-json\/wp\/v2\/tags?post=81818"}],"curies":[{"name":"wp","href":"https:\/\/api.w.org\/{rel}","templated":true}]}}