{"id":81865,"date":"2024-02-03T18:55:16","date_gmt":"2024-02-03T21:55:16","guid":{"rendered":"https:\/\/www.celttv.com.ar\/?p=81865"},"modified":"2024-02-03T18:55:26","modified_gmt":"2024-02-03T21:55:26","slug":"los-bomberos-combaten-un-incendio-en-la-zona-serrana-video-y-fotos","status":"publish","type":"post","link":"https:\/\/www.celttv.com.ar\/index.php\/2024\/02\/03\/los-bomberos-combaten-un-incendio-en-la-zona-serrana-video-y-fotos\/","title":{"rendered":"Los bomberos combaten un incendio en la zona serrana (VIDEO Y FOTOS)"},"content":{"rendered":"<p>Dotaciones de Sierra de la Ventana, Tornquist y Villa combaten un incendio que se inici\u00f3 a la altura del puente del arroyo Del Oro a pocos mts del acceso a Villa Ventana.<\/p>\n<p>Tambi\u00e9n se cuenta con la valiosa colaboraci\u00f3n de camiones y maquinaria municipal.<\/p>\n<p>El incendio fue advertido alrededor de 13:45 y se fue propagando, ganando la serran\u00eda, ayudado por el fuerte viento que sopla con intensidad desde el SE. rotando por momentos al SO, lo que complica la labor de los bomberos.<\/p>\n<p>Hasta el momento las llamas avanzaban en sentido este-oeste y se manten\u00edan en terrenos del Parque Provincial Ernesto Tornquist y, al menos por el momento, se manten\u00eda alejado de la Estancia Las Vertientes.<\/p>\n<p>&#8220;A las 20:30 est\u00e1 prevista una reuni\u00f3n del comit\u00e9 de crisis que se realizar\u00e1 en la localidad de Villa Ventana para evaluar la situaci\u00f3n y luego ser\u00e1 emitido un informe de prensa&#8221; Lo confirm\u00f3 a este medio el Sub Director de Defensa Civil Rodrigo Fhur, que junto a otras autoridades municipales se hicieron presentes en el lugar.<\/p>\n<p><iframe loading=\"lazy\" title=\"2024 02 03 INCENDIO\" width=\"500\" height=\"281\" src=\"https:\/\/www.youtube.com\/embed\/5nJS_015HP4?feature=oembed\" frameborder=\"0\" allow=\"accelerometer; autoplay; clipboard-write; encrypted-media; gyroscope; picture-in-picture; web-share\" referrerpolicy=\"strict-origin-when-cross-origin\" allowfullscreen><\/iframe><\/p>\n<p>&nbsp;<\/p>\n<p><img loading=\"lazy\" decoding=\"async\" class=\"alignnone wp-image-81866 size-full\" src=\"https:\/\/www.celttv.com.ar\/wp-content\/uploads\/2024\/02\/IMG_1853-Medium.jpg\" alt=\"\" width=\"1152\" height=\"768\" srcset=\"https:\/\/www.celttv.com.ar\/wp-content\/uploads\/2024\/02\/IMG_1853-Medium.jpg 1152w, https:\/\/www.celttv.com.ar\/wp-content\/uploads\/2024\/02\/IMG_1853-Medium-300x200.jpg 300w, https:\/\/www.celttv.com.ar\/wp-content\/uploads\/2024\/02\/IMG_1853-Medium-1024x683.jpg 1024w, https:\/\/www.celttv.com.ar\/wp-content\/uploads\/2024\/02\/IMG_1853-Medium-768x512.jpg 768w, https:\/\/www.celttv.com.ar\/wp-content\/uploads\/2024\/02\/IMG_1853-Medium-750x500.jpg 750w, https:\/\/www.celttv.com.ar\/wp-content\/uploads\/2024\/02\/IMG_1853-Medium-1140x760.jpg 1140w\" sizes=\"auto, (max-width: 1152px) 100vw, 1152px\" \/> <img loading=\"lazy\" decoding=\"async\" class=\"alignnone wp-image-81867 size-full\" src=\"https:\/\/www.celttv.com.ar\/wp-content\/uploads\/2024\/02\/IMG_1854-Medium.jpg\" alt=\"\" width=\"1152\" height=\"768\" srcset=\"https:\/\/www.celttv.com.ar\/wp-content\/uploads\/2024\/02\/IMG_1854-Medium.jpg 1152w, https:\/\/www.celttv.com.ar\/wp-content\/uploads\/2024\/02\/IMG_1854-Medium-300x200.jpg 300w, https:\/\/www.celttv.com.ar\/wp-content\/uploads\/2024\/02\/IMG_1854-Medium-1024x683.jpg 1024w, https:\/\/www.celttv.com.ar\/wp-content\/uploads\/2024\/02\/IMG_1854-Medium-768x512.jpg 768w, https:\/\/www.celttv.com.ar\/wp-content\/uploads\/2024\/02\/IMG_1854-Medium-750x500.jpg 750w, https:\/\/www.celttv.com.ar\/wp-content\/uploads\/2024\/02\/IMG_1854-Medium-1140x760.jpg 1140w\" sizes=\"auto, (max-width: 1152px) 100vw, 1152px\" \/> <img loading=\"lazy\" decoding=\"async\" class=\"alignnone wp-image-81868 size-full\" src=\"https:\/\/www.celttv.com.ar\/wp-content\/uploads\/2024\/02\/IMG_1855-Medium.jpg\" alt=\"\" width=\"1152\" height=\"768\" srcset=\"https:\/\/www.celttv.com.ar\/wp-content\/uploads\/2024\/02\/IMG_1855-Medium.jpg 1152w, https:\/\/www.celttv.com.ar\/wp-content\/uploads\/2024\/02\/IMG_1855-Medium-300x200.jpg 300w, https:\/\/www.celttv.com.ar\/wp-content\/uploads\/2024\/02\/IMG_1855-Medium-1024x683.jpg 1024w, https:\/\/www.celttv.com.ar\/wp-content\/uploads\/2024\/02\/IMG_1855-Medium-768x512.jpg 768w, https:\/\/www.celttv.com.ar\/wp-content\/uploads\/2024\/02\/IMG_1855-Medium-750x500.jpg 750w, https:\/\/www.celttv.com.ar\/wp-content\/uploads\/2024\/02\/IMG_1855-Medium-1140x760.jpg 1140w\" sizes=\"auto, (max-width: 1152px) 100vw, 1152px\" \/> <img loading=\"lazy\" decoding=\"async\" class=\"alignnone wp-image-81869 size-full\" src=\"https:\/\/www.celttv.com.ar\/wp-content\/uploads\/2024\/02\/IMG_1856-Medium.jpg\" alt=\"\" width=\"1152\" height=\"768\" srcset=\"https:\/\/www.celttv.com.ar\/wp-content\/uploads\/2024\/02\/IMG_1856-Medium.jpg 1152w, https:\/\/www.celttv.com.ar\/wp-content\/uploads\/2024\/02\/IMG_1856-Medium-300x200.jpg 300w, https:\/\/www.celttv.com.ar\/wp-content\/uploads\/2024\/02\/IMG_1856-Medium-1024x683.jpg 1024w, https:\/\/www.celttv.com.ar\/wp-content\/uploads\/2024\/02\/IMG_1856-Medium-768x512.jpg 768w, https:\/\/www.celttv.com.ar\/wp-content\/uploads\/2024\/02\/IMG_1856-Medium-750x500.jpg 750w, https:\/\/www.celttv.com.ar\/wp-content\/uploads\/2024\/02\/IMG_1856-Medium-1140x760.jpg 1140w\" sizes=\"auto, (max-width: 1152px) 100vw, 1152px\" \/> <img loading=\"lazy\" decoding=\"async\" class=\"alignnone wp-image-81870 size-full\" src=\"https:\/\/www.celttv.com.ar\/wp-content\/uploads\/2024\/02\/IMG_1857-Medium.jpg\" alt=\"\" width=\"1152\" height=\"768\" srcset=\"https:\/\/www.celttv.com.ar\/wp-content\/uploads\/2024\/02\/IMG_1857-Medium.jpg 1152w, https:\/\/www.celttv.com.ar\/wp-content\/uploads\/2024\/02\/IMG_1857-Medium-300x200.jpg 300w, https:\/\/www.celttv.com.ar\/wp-content\/uploads\/2024\/02\/IMG_1857-Medium-1024x683.jpg 1024w, https:\/\/www.celttv.com.ar\/wp-content\/uploads\/2024\/02\/IMG_1857-Medium-768x512.jpg 768w, https:\/\/www.celttv.com.ar\/wp-content\/uploads\/2024\/02\/IMG_1857-Medium-750x500.jpg 750w, https:\/\/www.celttv.com.ar\/wp-content\/uploads\/2024\/02\/IMG_1857-Medium-1140x760.jpg 1140w\" sizes=\"auto, (max-width: 1152px) 100vw, 1152px\" \/> <img loading=\"lazy\" decoding=\"async\" class=\"alignnone wp-image-81871 size-full\" src=\"https:\/\/www.celttv.com.ar\/wp-content\/uploads\/2024\/02\/IMG_1858-Medium.jpg\" alt=\"\" width=\"1152\" height=\"768\" srcset=\"https:\/\/www.celttv.com.ar\/wp-content\/uploads\/2024\/02\/IMG_1858-Medium.jpg 1152w, https:\/\/www.celttv.com.ar\/wp-content\/uploads\/2024\/02\/IMG_1858-Medium-300x200.jpg 300w, https:\/\/www.celttv.com.ar\/wp-content\/uploads\/2024\/02\/IMG_1858-Medium-1024x683.jpg 1024w, https:\/\/www.celttv.com.ar\/wp-content\/uploads\/2024\/02\/IMG_1858-Medium-768x512.jpg 768w, https:\/\/www.celttv.com.ar\/wp-content\/uploads\/2024\/02\/IMG_1858-Medium-750x500.jpg 750w, https:\/\/www.celttv.com.ar\/wp-content\/uploads\/2024\/02\/IMG_1858-Medium-1140x760.jpg 1140w\" sizes=\"auto, (max-width: 1152px) 100vw, 1152px\" \/> <img loading=\"lazy\" decoding=\"async\" class=\"alignnone wp-image-81872 size-full\" src=\"https:\/\/www.celttv.com.ar\/wp-content\/uploads\/2024\/02\/IMG_1859-Medium.jpg\" alt=\"\" width=\"1152\" height=\"768\" srcset=\"https:\/\/www.celttv.com.ar\/wp-content\/uploads\/2024\/02\/IMG_1859-Medium.jpg 1152w, https:\/\/www.celttv.com.ar\/wp-content\/uploads\/2024\/02\/IMG_1859-Medium-300x200.jpg 300w, https:\/\/www.celttv.com.ar\/wp-content\/uploads\/2024\/02\/IMG_1859-Medium-1024x683.jpg 1024w, https:\/\/www.celttv.com.ar\/wp-content\/uploads\/2024\/02\/IMG_1859-Medium-768x512.jpg 768w, https:\/\/www.celttv.com.ar\/wp-content\/uploads\/2024\/02\/IMG_1859-Medium-750x500.jpg 750w, https:\/\/www.celttv.com.ar\/wp-content\/uploads\/2024\/02\/IMG_1859-Medium-1140x760.jpg 1140w\" sizes=\"auto, (max-width: 1152px) 100vw, 1152px\" \/> <img loading=\"lazy\" decoding=\"async\" class=\"alignnone wp-image-81873 size-full\" src=\"https:\/\/www.celttv.com.ar\/wp-content\/uploads\/2024\/02\/IMG_1860-Medium.jpg\" alt=\"\" width=\"1152\" height=\"768\" srcset=\"https:\/\/www.celttv.com.ar\/wp-content\/uploads\/2024\/02\/IMG_1860-Medium.jpg 1152w, https:\/\/www.celttv.com.ar\/wp-content\/uploads\/2024\/02\/IMG_1860-Medium-300x200.jpg 300w, https:\/\/www.celttv.com.ar\/wp-content\/uploads\/2024\/02\/IMG_1860-Medium-1024x683.jpg 1024w, https:\/\/www.celttv.com.ar\/wp-content\/uploads\/2024\/02\/IMG_1860-Medium-768x512.jpg 768w, https:\/\/www.celttv.com.ar\/wp-content\/uploads\/2024\/02\/IMG_1860-Medium-750x500.jpg 750w, https:\/\/www.celttv.com.ar\/wp-content\/uploads\/2024\/02\/IMG_1860-Medium-1140x760.jpg 1140w\" sizes=\"auto, (max-width: 1152px) 100vw, 1152px\" \/> <img loading=\"lazy\" decoding=\"async\" class=\"alignnone wp-image-81874 size-full\" src=\"https:\/\/www.celttv.com.ar\/wp-content\/uploads\/2024\/02\/IMG_1861-Medium.jpg\" alt=\"\" width=\"1152\" height=\"768\" srcset=\"https:\/\/www.celttv.com.ar\/wp-content\/uploads\/2024\/02\/IMG_1861-Medium.jpg 1152w, https:\/\/www.celttv.com.ar\/wp-content\/uploads\/2024\/02\/IMG_1861-Medium-300x200.jpg 300w, https:\/\/www.celttv.com.ar\/wp-content\/uploads\/2024\/02\/IMG_1861-Medium-1024x683.jpg 1024w, https:\/\/www.celttv.com.ar\/wp-content\/uploads\/2024\/02\/IMG_1861-Medium-768x512.jpg 768w, https:\/\/www.celttv.com.ar\/wp-content\/uploads\/2024\/02\/IMG_1861-Medium-750x500.jpg 750w, https:\/\/www.celttv.com.ar\/wp-content\/uploads\/2024\/02\/IMG_1861-Medium-1140x760.jpg 1140w\" sizes=\"auto, (max-width: 1152px) 100vw, 1152px\" \/> <img loading=\"lazy\" decoding=\"async\" class=\"alignnone wp-image-81875 size-full\" src=\"https:\/\/www.celttv.com.ar\/wp-content\/uploads\/2024\/02\/IMG_1862-Medium.jpg\" alt=\"\" width=\"1152\" height=\"768\" srcset=\"https:\/\/www.celttv.com.ar\/wp-content\/uploads\/2024\/02\/IMG_1862-Medium.jpg 1152w, https:\/\/www.celttv.com.ar\/wp-content\/uploads\/2024\/02\/IMG_1862-Medium-300x200.jpg 300w, https:\/\/www.celttv.com.ar\/wp-content\/uploads\/2024\/02\/IMG_1862-Medium-1024x683.jpg 1024w, https:\/\/www.celttv.com.ar\/wp-content\/uploads\/2024\/02\/IMG_1862-Medium-768x512.jpg 768w, https:\/\/www.celttv.com.ar\/wp-content\/uploads\/2024\/02\/IMG_1862-Medium-750x500.jpg 750w, https:\/\/www.celttv.com.ar\/wp-content\/uploads\/2024\/02\/IMG_1862-Medium-1140x760.jpg 1140w\" sizes=\"auto, (max-width: 1152px) 100vw, 1152px\" \/><\/p>\n<p>&nbsp;<\/p>\n","protected":false},"excerpt":{"rendered":"<p>Dotaciones de Sierra de la Ventana, Tornquist y Villa combaten un incendio que se inici\u00f3 a la altura del puente del arroyo Del Oro a pocos mts del acceso a Villa Ventana. Tambi\u00e9n se cuenta con la valiosa colaboraci\u00f3n de camiones y maquinaria municipal. El incendio fue advertido alrededor de 13:45 y se fue propagando, [&hellip;]<\/p>\n","protected":false},"author":5,"featured_media":81871,"comment_status":"closed","ping_status":"closed","sticky":false,"template":"","format":"standard","meta":{"footnotes":""},"categories":[51,52],"tags":[],"class_list":["post-81865","post","type-post","status-publish","format-standard","has-post-thumbnail","hentry","category-comunidad","category-destacadas"],"yoast_head":"<!-- This site is optimized with the Yoast SEO plugin v19.7.1 - https:\/\/yoast.com\/wordpress\/plugins\/seo\/ -->\n<title>Los bomberos combaten un incendio en la zona serrana (VIDEO Y FOTOS) - CELTTV<\/title>\n<meta name=\"description\" content=\"Sitio web de noticias de la localidad de Tornquist, provincia de Buenos Aires, Rep\u00fablica Argentina. Contenido propio originado por periodistas de CELTTV, el canal de TV local de la Cooperativa El\u00e9ctrica de Tornquist. Turismo, Pol\u00edtica, Sociedad, Deporte, Cultura y todo el contenido de inter\u00e9s general que la gente del pueblo y la regi\u00f3n debe conocer.\" \/>\n<meta name=\"robots\" content=\"index, follow, max-snippet:-1, max-image-preview:large, max-video-preview:-1\" \/>\n<link rel=\"canonical\" href=\"https:\/\/www.celttv.com.ar\/index.php\/2024\/02\/03\/los-bomberos-combaten-un-incendio-en-la-zona-serrana-video-y-fotos\/\" \/>\n<meta property=\"og:locale\" content=\"es_ES\" \/>\n<meta property=\"og:type\" content=\"article\" \/>\n<meta property=\"og:title\" content=\"Los bomberos combaten un incendio en la zona serrana (VIDEO Y FOTOS) - CELTTV\" \/>\n<meta property=\"og:description\" content=\"Sitio web de noticias de la localidad de Tornquist, provincia de Buenos Aires, Rep\u00fablica Argentina. Contenido propio originado por periodistas de CELTTV, el canal de TV local de la Cooperativa El\u00e9ctrica de Tornquist. Turismo, Pol\u00edtica, Sociedad, Deporte, Cultura y todo el contenido de inter\u00e9s general que la gente del pueblo y la regi\u00f3n debe conocer.\" \/>\n<meta property=\"og:url\" content=\"https:\/\/www.celttv.com.ar\/index.php\/2024\/02\/03\/los-bomberos-combaten-un-incendio-en-la-zona-serrana-video-y-fotos\/\" \/>\n<meta property=\"og:site_name\" content=\"CELTTV\" \/>\n<meta property=\"article:publisher\" content=\"https:\/\/www.facebook.com\/celtTV\/\" \/>\n<meta property=\"article:published_time\" content=\"2024-02-03T21:55:16+00:00\" \/>\n<meta property=\"article:modified_time\" content=\"2024-02-03T21:55:26+00:00\" \/>\n<meta property=\"og:image\" content=\"https:\/\/www.celttv.com.ar\/wp-content\/uploads\/2024\/02\/IMG_1858-Medium.jpg\" \/>\n\t<meta property=\"og:image:width\" content=\"1152\" \/>\n\t<meta property=\"og:image:height\" content=\"768\" \/>\n\t<meta property=\"og:image:type\" content=\"image\/jpeg\" \/>\n<meta name=\"author\" content=\"Miguel Herrada\" \/>\n<meta name=\"twitter:card\" content=\"summary_large_image\" \/>\n<meta name=\"twitter:label1\" content=\"Escrito por\" \/>\n\t<meta name=\"twitter:data1\" content=\"Miguel Herrada\" \/>\n\t<meta name=\"twitter:label2\" content=\"Tiempo de lectura\" \/>\n\t<meta name=\"twitter:data2\" content=\"1 minuto\" \/>\n<script type=\"application\/ld+json\" class=\"yoast-schema-graph\">{\"@context\":\"https:\/\/schema.org\",\"@graph\":[{\"@type\":\"NewsArticle\",\"@id\":\"https:\/\/www.celttv.com.ar\/index.php\/2024\/02\/03\/los-bomberos-combaten-un-incendio-en-la-zona-serrana-video-y-fotos\/#article\",\"isPartOf\":{\"@id\":\"https:\/\/www.celttv.com.ar\/index.php\/2024\/02\/03\/los-bomberos-combaten-un-incendio-en-la-zona-serrana-video-y-fotos\/\"},\"author\":{\"name\":\"Miguel Herrada\",\"@id\":\"https:\/\/www.celttv.com.ar\/#\/schema\/person\/9059dc91dc7204ef4182cdb65225f07d\"},\"headline\":\"Los bomberos combaten un incendio en la zona serrana (VIDEO Y FOTOS)\",\"datePublished\":\"2024-02-03T21:55:16+00:00\",\"dateModified\":\"2024-02-03T21:55:26+00:00\",\"mainEntityOfPage\":{\"@id\":\"https:\/\/www.celttv.com.ar\/index.php\/2024\/02\/03\/los-bomberos-combaten-un-incendio-en-la-zona-serrana-video-y-fotos\/\"},\"wordCount\":197,\"publisher\":{\"@id\":\"https:\/\/www.celttv.com.ar\/#organization\"},\"articleSection\":[\"Comunidad\",\"Destacadas\"],\"inLanguage\":\"es\"},{\"@type\":\"WebPage\",\"@id\":\"https:\/\/www.celttv.com.ar\/index.php\/2024\/02\/03\/los-bomberos-combaten-un-incendio-en-la-zona-serrana-video-y-fotos\/\",\"url\":\"https:\/\/www.celttv.com.ar\/index.php\/2024\/02\/03\/los-bomberos-combaten-un-incendio-en-la-zona-serrana-video-y-fotos\/\",\"name\":\"Los bomberos combaten un incendio en la zona serrana (VIDEO Y FOTOS) - CELTTV\",\"isPartOf\":{\"@id\":\"https:\/\/www.celttv.com.ar\/#website\"},\"datePublished\":\"2024-02-03T21:55:16+00:00\",\"dateModified\":\"2024-02-03T21:55:26+00:00\",\"description\":\"Sitio web de noticias de la localidad de Tornquist, provincia de Buenos Aires, Rep\u00fablica Argentina. Contenido propio originado por periodistas de CELTTV, el canal de TV local de la Cooperativa El\u00e9ctrica de Tornquist. Turismo, Pol\u00edtica, Sociedad, Deporte, Cultura y todo el contenido de inter\u00e9s general que la gente del pueblo y la regi\u00f3n debe conocer.\",\"breadcrumb\":{\"@id\":\"https:\/\/www.celttv.com.ar\/index.php\/2024\/02\/03\/los-bomberos-combaten-un-incendio-en-la-zona-serrana-video-y-fotos\/#breadcrumb\"},\"inLanguage\":\"es\",\"potentialAction\":[{\"@type\":\"ReadAction\",\"target\":[\"https:\/\/www.celttv.com.ar\/index.php\/2024\/02\/03\/los-bomberos-combaten-un-incendio-en-la-zona-serrana-video-y-fotos\/\"]}]},{\"@type\":\"BreadcrumbList\",\"@id\":\"https:\/\/www.celttv.com.ar\/index.php\/2024\/02\/03\/los-bomberos-combaten-un-incendio-en-la-zona-serrana-video-y-fotos\/#breadcrumb\",\"itemListElement\":[{\"@type\":\"ListItem\",\"position\":1,\"name\":\"Inicio\",\"item\":\"https:\/\/www.celttv.com.ar\/\"},{\"@type\":\"ListItem\",\"position\":2,\"name\":\"Los bomberos combaten un incendio en la zona serrana (VIDEO Y FOTOS)\"}]},{\"@type\":\"WebSite\",\"@id\":\"https:\/\/www.celttv.com.ar\/#website\",\"url\":\"https:\/\/www.celttv.com.ar\/\",\"name\":\"CELTTV\",\"description\":\"Cooperativa El\u00e9ctrica de Tornquist\",\"publisher\":{\"@id\":\"https:\/\/www.celttv.com.ar\/#organization\"},\"potentialAction\":[{\"@type\":\"SearchAction\",\"target\":{\"@type\":\"EntryPoint\",\"urlTemplate\":\"https:\/\/www.celttv.com.ar\/?s={search_term_string}\"},\"query-input\":\"required name=search_term_string\"}],\"inLanguage\":\"es\"},{\"@type\":\"Organization\",\"@id\":\"https:\/\/www.celttv.com.ar\/#organization\",\"name\":\"CELTTV\",\"url\":\"https:\/\/www.celttv.com.ar\/\",\"sameAs\":[\"https:\/\/www.youtube.com\/channel\/UCz_oIt8Hig64Ub-EmcNPIhg\",\"https:\/\/www.facebook.com\/celtTV\/\"],\"logo\":{\"@type\":\"ImageObject\",\"inLanguage\":\"es\",\"@id\":\"https:\/\/www.celttv.com.ar\/#\/schema\/logo\/image\/\",\"url\":\"http:\/\/www.celttv.com.ar\/wp-content\/uploads\/2022\/08\/logo-1.png\",\"contentUrl\":\"http:\/\/www.celttv.com.ar\/wp-content\/uploads\/2022\/08\/logo-1.png\",\"width\":461,\"height\":159,\"caption\":\"CELTTV\"},\"image\":{\"@id\":\"https:\/\/www.celttv.com.ar\/#\/schema\/logo\/image\/\"}},{\"@type\":\"Person\",\"@id\":\"https:\/\/www.celttv.com.ar\/#\/schema\/person\/9059dc91dc7204ef4182cdb65225f07d\",\"name\":\"Miguel Herrada\",\"image\":{\"@type\":\"ImageObject\",\"inLanguage\":\"es\",\"@id\":\"https:\/\/www.celttv.com.ar\/#\/schema\/person\/image\/\",\"url\":\"https:\/\/secure.gravatar.com\/avatar\/67724d5b3c716623ffd76bec7e45841a442ac3b456e914dbba90b0fad2b8e0b1?s=96&d=mm&r=g\",\"contentUrl\":\"https:\/\/secure.gravatar.com\/avatar\/67724d5b3c716623ffd76bec7e45841a442ac3b456e914dbba90b0fad2b8e0b1?s=96&d=mm&r=g\",\"caption\":\"Miguel Herrada\"}}]}<\/script>\n<!-- \/ Yoast SEO plugin. -->","yoast_head_json":{"title":"Los bomberos combaten un incendio en la zona serrana (VIDEO Y FOTOS) - CELTTV","description":"Sitio web de noticias de la localidad de Tornquist, provincia de Buenos Aires, Rep\u00fablica Argentina. Contenido propio originado por periodistas de CELTTV, el canal de TV local de la Cooperativa El\u00e9ctrica de Tornquist. Turismo, Pol\u00edtica, Sociedad, Deporte, Cultura y todo el contenido de inter\u00e9s general que la gente del pueblo y la regi\u00f3n debe conocer.","robots":{"index":"index","follow":"follow","max-snippet":"max-snippet:-1","max-image-preview":"max-image-preview:large","max-video-preview":"max-video-preview:-1"},"canonical":"https:\/\/www.celttv.com.ar\/index.php\/2024\/02\/03\/los-bomberos-combaten-un-incendio-en-la-zona-serrana-video-y-fotos\/","og_locale":"es_ES","og_type":"article","og_title":"Los bomberos combaten un incendio en la zona serrana (VIDEO Y FOTOS) - CELTTV","og_description":"Sitio web de noticias de la localidad de Tornquist, provincia de Buenos Aires, Rep\u00fablica Argentina. Contenido propio originado por periodistas de CELTTV, el canal de TV local de la Cooperativa El\u00e9ctrica de Tornquist. Turismo, Pol\u00edtica, Sociedad, Deporte, Cultura y todo el contenido de inter\u00e9s general que la gente del pueblo y la regi\u00f3n debe conocer.","og_url":"https:\/\/www.celttv.com.ar\/index.php\/2024\/02\/03\/los-bomberos-combaten-un-incendio-en-la-zona-serrana-video-y-fotos\/","og_site_name":"CELTTV","article_publisher":"https:\/\/www.facebook.com\/celtTV\/","article_published_time":"2024-02-03T21:55:16+00:00","article_modified_time":"2024-02-03T21:55:26+00:00","og_image":[{"width":1152,"height":768,"url":"https:\/\/www.celttv.com.ar\/wp-content\/uploads\/2024\/02\/IMG_1858-Medium.jpg","type":"image\/jpeg"}],"author":"Miguel Herrada","twitter_card":"summary_large_image","twitter_misc":{"Escrito por":"Miguel Herrada","Tiempo de lectura":"1 minuto"},"schema":{"@context":"https:\/\/schema.org","@graph":[{"@type":"NewsArticle","@id":"https:\/\/www.celttv.com.ar\/index.php\/2024\/02\/03\/los-bomberos-combaten-un-incendio-en-la-zona-serrana-video-y-fotos\/#article","isPartOf":{"@id":"https:\/\/www.celttv.com.ar\/index.php\/2024\/02\/03\/los-bomberos-combaten-un-incendio-en-la-zona-serrana-video-y-fotos\/"},"author":{"name":"Miguel Herrada","@id":"https:\/\/www.celttv.com.ar\/#\/schema\/person\/9059dc91dc7204ef4182cdb65225f07d"},"headline":"Los bomberos combaten un incendio en la zona serrana (VIDEO Y FOTOS)","datePublished":"2024-02-03T21:55:16+00:00","dateModified":"2024-02-03T21:55:26+00:00","mainEntityOfPage":{"@id":"https:\/\/www.celttv.com.ar\/index.php\/2024\/02\/03\/los-bomberos-combaten-un-incendio-en-la-zona-serrana-video-y-fotos\/"},"wordCount":197,"publisher":{"@id":"https:\/\/www.celttv.com.ar\/#organization"},"articleSection":["Comunidad","Destacadas"],"inLanguage":"es"},{"@type":"WebPage","@id":"https:\/\/www.celttv.com.ar\/index.php\/2024\/02\/03\/los-bomberos-combaten-un-incendio-en-la-zona-serrana-video-y-fotos\/","url":"https:\/\/www.celttv.com.ar\/index.php\/2024\/02\/03\/los-bomberos-combaten-un-incendio-en-la-zona-serrana-video-y-fotos\/","name":"Los bomberos combaten un incendio en la zona serrana (VIDEO Y FOTOS) - CELTTV","isPartOf":{"@id":"https:\/\/www.celttv.com.ar\/#website"},"datePublished":"2024-02-03T21:55:16+00:00","dateModified":"2024-02-03T21:55:26+00:00","description":"Sitio web de noticias de la localidad de Tornquist, provincia de Buenos Aires, Rep\u00fablica Argentina. Contenido propio originado por periodistas de CELTTV, el canal de TV local de la Cooperativa El\u00e9ctrica de Tornquist. Turismo, Pol\u00edtica, Sociedad, Deporte, Cultura y todo el contenido de inter\u00e9s general que la gente del pueblo y la regi\u00f3n debe conocer.","breadcrumb":{"@id":"https:\/\/www.celttv.com.ar\/index.php\/2024\/02\/03\/los-bomberos-combaten-un-incendio-en-la-zona-serrana-video-y-fotos\/#breadcrumb"},"inLanguage":"es","potentialAction":[{"@type":"ReadAction","target":["https:\/\/www.celttv.com.ar\/index.php\/2024\/02\/03\/los-bomberos-combaten-un-incendio-en-la-zona-serrana-video-y-fotos\/"]}]},{"@type":"BreadcrumbList","@id":"https:\/\/www.celttv.com.ar\/index.php\/2024\/02\/03\/los-bomberos-combaten-un-incendio-en-la-zona-serrana-video-y-fotos\/#breadcrumb","itemListElement":[{"@type":"ListItem","position":1,"name":"Inicio","item":"https:\/\/www.celttv.com.ar\/"},{"@type":"ListItem","position":2,"name":"Los bomberos combaten un incendio en la zona serrana (VIDEO Y FOTOS)"}]},{"@type":"WebSite","@id":"https:\/\/www.celttv.com.ar\/#website","url":"https:\/\/www.celttv.com.ar\/","name":"CELTTV","description":"Cooperativa El\u00e9ctrica de Tornquist","publisher":{"@id":"https:\/\/www.celttv.com.ar\/#organization"},"potentialAction":[{"@type":"SearchAction","target":{"@type":"EntryPoint","urlTemplate":"https:\/\/www.celttv.com.ar\/?s={search_term_string}"},"query-input":"required name=search_term_string"}],"inLanguage":"es"},{"@type":"Organization","@id":"https:\/\/www.celttv.com.ar\/#organization","name":"CELTTV","url":"https:\/\/www.celttv.com.ar\/","sameAs":["https:\/\/www.youtube.com\/channel\/UCz_oIt8Hig64Ub-EmcNPIhg","https:\/\/www.facebook.com\/celtTV\/"],"logo":{"@type":"ImageObject","inLanguage":"es","@id":"https:\/\/www.celttv.com.ar\/#\/schema\/logo\/image\/","url":"http:\/\/www.celttv.com.ar\/wp-content\/uploads\/2022\/08\/logo-1.png","contentUrl":"http:\/\/www.celttv.com.ar\/wp-content\/uploads\/2022\/08\/logo-1.png","width":461,"height":159,"caption":"CELTTV"},"image":{"@id":"https:\/\/www.celttv.com.ar\/#\/schema\/logo\/image\/"}},{"@type":"Person","@id":"https:\/\/www.celttv.com.ar\/#\/schema\/person\/9059dc91dc7204ef4182cdb65225f07d","name":"Miguel Herrada","image":{"@type":"ImageObject","inLanguage":"es","@id":"https:\/\/www.celttv.com.ar\/#\/schema\/person\/image\/","url":"https:\/\/secure.gravatar.com\/avatar\/67724d5b3c716623ffd76bec7e45841a442ac3b456e914dbba90b0fad2b8e0b1?s=96&d=mm&r=g","contentUrl":"https:\/\/secure.gravatar.com\/avatar\/67724d5b3c716623ffd76bec7e45841a442ac3b456e914dbba90b0fad2b8e0b1?s=96&d=mm&r=g","caption":"Miguel Herrada"}}]}},"_links":{"self":[{"href":"https:\/\/www.celttv.com.ar\/index.php\/wp-json\/wp\/v2\/posts\/81865","targetHints":{"allow":["GET"]}}],"collection":[{"href":"https:\/\/www.celttv.com.ar\/index.php\/wp-json\/wp\/v2\/posts"}],"about":[{"href":"https:\/\/www.celttv.com.ar\/index.php\/wp-json\/wp\/v2\/types\/post"}],"author":[{"embeddable":true,"href":"https:\/\/www.celttv.com.ar\/index.php\/wp-json\/wp\/v2\/users\/5"}],"replies":[{"embeddable":true,"href":"https:\/\/www.celttv.com.ar\/index.php\/wp-json\/wp\/v2\/comments?post=81865"}],"version-history":[{"count":1,"href":"https:\/\/www.celttv.com.ar\/index.php\/wp-json\/wp\/v2\/posts\/81865\/revisions"}],"predecessor-version":[{"id":81876,"href":"https:\/\/www.celttv.com.ar\/index.php\/wp-json\/wp\/v2\/posts\/81865\/revisions\/81876"}],"wp:featuredmedia":[{"embeddable":true,"href":"https:\/\/www.celttv.com.ar\/index.php\/wp-json\/wp\/v2\/media\/81871"}],"wp:attachment":[{"href":"https:\/\/www.celttv.com.ar\/index.php\/wp-json\/wp\/v2\/media?parent=81865"}],"wp:term":[{"taxonomy":"category","embeddable":true,"href":"https:\/\/www.celttv.com.ar\/index.php\/wp-json\/wp\/v2\/categories?post=81865"},{"taxonomy":"post_tag","embeddable":true,"href":"https:\/\/www.celttv.com.ar\/index.php\/wp-json\/wp\/v2\/tags?post=81865"}],"curies":[{"name":"wp","href":"https:\/\/api.w.org\/{rel}","templated":true}]}}