{"id":81877,"date":"2024-02-04T00:10:18","date_gmt":"2024-02-04T03:10:18","guid":{"rendered":"https:\/\/www.celttv.com.ar\/?p=81877"},"modified":"2024-02-04T00:11:36","modified_gmt":"2024-02-04T03:11:36","slug":"fuego-en-las-sierras-este-domingo-llegara-un-helicoptero-y-brigadistas-enviados-por-el-gobernador-provincial","status":"publish","type":"post","link":"https:\/\/www.celttv.com.ar\/index.php\/2024\/02\/04\/fuego-en-las-sierras-este-domingo-llegara-un-helicoptero-y-brigadistas-enviados-por-el-gobernador-provincial\/","title":{"rendered":"Fuego en las sierras: Este domingo llegar\u00e1 un helic\u00f3ptero y brigadistas enviados por el Gobernador Kicilloff"},"content":{"rendered":"<p>Comunicado sobre la situaci\u00f3n del incendio forestal<br \/>\nTornquist Municipio, a trav\u00e9s de la Secretaria de Seguridad, informa que sobre la banquina de la Ruta Provincial\u00a0 76, a 600 metros del acceso a Villa Ventana inici\u00f3 un incendio forestal a las 14.30 horas aproximadamente.<br \/>\nPor tal motivo se conform\u00f3 el comit\u00e9 de crisis, que se reuni\u00f3 en las \u00faltimas horas para analizar el desarrollo del fuego en su totalidad y las acciones a seguir.<br \/>\nEl grupo est\u00e1 conformado por la Intendenta Interina, Estefania Bordoni; el Secretario de Seguridad, Daniel P\u00e9rez; el Subdirector de Defensa Civil y Respuesta Inmediata, Rodrigo Furh; autoridades municipales, jefes de cuarteles de bomberos voluntarios de Sierra de la Ventana, Tornquist y Villa Ventana; efectivos de la fuerza policial y guardaparques.<br \/>\nDurante el encuentro, que tuvo lugar en el cuartel de Villa Ventana, los agentes informaron que hay un foco activo, que se encuentra siendo monitoreado por los servidores p\u00fablicos. Es importante destacar, que, a primera hora de este domingo, arribar\u00e1 al distrito el helic\u00f3ptero de la provincia de Buenos Aires con los brigadistas del Ministerio de Seguridad bonaerense, dispuesto por el Gobernador Axel Kiciloff.<br \/>\nPor la tarde de este s\u00e1bado, la Subsecretar\u00eda de Gesti\u00f3n Urbana fortaleci\u00f3 los cortafuegos con maquinar\u00eda y personal municipal. Asimismo, los servidores p\u00fablicos se encuentran armando las cisternas m\u00f3viles para abastecer los helic\u00f3pteros que ma\u00f1ana llegar\u00e1n al distrito.<br \/>\nEste domingo, luego del vuelo de reconocimiento se volver\u00e1 a reunir el Comit\u00e9 de Crisis para delinear las estrategias y trazar las acciones a seguir, que ser\u00e1n informadas oportunamente.<br \/>\nAsimismo, se espera la llegada del helic\u00f3ptero de naci\u00f3n para complementar las tareas.<br \/>\nPor otro lado, se solicita a la comunidad circular con extrema precauci\u00f3n, ya que, en el ingreso a Villa Ventana se encuentran, trabajando permanentemente maquinarias y camiones regadores asistiendo a los servidores p\u00fablicos.<br \/>\nPor su parte, la jefa comunal interina agradeci\u00f3 los esfuerzos de todos los sectores por controlar y combatir el incendio, adem\u00e1s de encontrarse en contacto permanente con el gobernador y ministros de gobierno y de seguridad de la provincia, que siguen atentos la situaci\u00f3n, demostrando su apoyo continuo.<\/p>\n<p>&nbsp;<\/p>\n","protected":false},"excerpt":{"rendered":"<p>Comunicado sobre la situaci\u00f3n del incendio forestal Tornquist Municipio, a trav\u00e9s de la Secretaria de Seguridad, informa que sobre la banquina de la Ruta Provincial\u00a0 76, a 600 metros del acceso a Villa Ventana inici\u00f3 un incendio forestal a las 14.30 horas aproximadamente. Por tal motivo se conform\u00f3 el comit\u00e9 de crisis, que se reuni\u00f3 [&hellip;]<\/p>\n","protected":false},"author":5,"featured_media":81872,"comment_status":"closed","ping_status":"closed","sticky":false,"template":"","format":"standard","meta":{"footnotes":""},"categories":[51,52,59],"tags":[],"class_list":["post-81877","post","type-post","status-publish","format-standard","has-post-thumbnail","hentry","category-comunidad","category-destacadas","category-municipales"],"yoast_head":"<!-- This site is optimized with the Yoast SEO plugin v19.7.1 - https:\/\/yoast.com\/wordpress\/plugins\/seo\/ -->\n<title>Fuego en las sierras: Este domingo llegar\u00e1 un helic\u00f3ptero y brigadistas enviados por el Gobernador Kicilloff - CELTTV<\/title>\n<meta name=\"description\" content=\"Sitio web de noticias de la localidad de Tornquist, provincia de Buenos Aires, Rep\u00fablica Argentina. Contenido propio originado por periodistas de CELTTV, el canal de TV local de la Cooperativa El\u00e9ctrica de Tornquist. Turismo, Pol\u00edtica, Sociedad, Deporte, Cultura y todo el contenido de inter\u00e9s general que la gente del pueblo y la regi\u00f3n debe conocer.\" \/>\n<meta name=\"robots\" content=\"index, follow, max-snippet:-1, max-image-preview:large, max-video-preview:-1\" \/>\n<link rel=\"canonical\" href=\"https:\/\/www.celttv.com.ar\/index.php\/2024\/02\/04\/fuego-en-las-sierras-este-domingo-llegara-un-helicoptero-y-brigadistas-enviados-por-el-gobernador-provincial\/\" \/>\n<meta property=\"og:locale\" content=\"es_ES\" \/>\n<meta property=\"og:type\" content=\"article\" \/>\n<meta property=\"og:title\" content=\"Fuego en las sierras: Este domingo llegar\u00e1 un helic\u00f3ptero y brigadistas enviados por el Gobernador Kicilloff - CELTTV\" \/>\n<meta property=\"og:description\" content=\"Sitio web de noticias de la localidad de Tornquist, provincia de Buenos Aires, Rep\u00fablica Argentina. Contenido propio originado por periodistas de CELTTV, el canal de TV local de la Cooperativa El\u00e9ctrica de Tornquist. Turismo, Pol\u00edtica, Sociedad, Deporte, Cultura y todo el contenido de inter\u00e9s general que la gente del pueblo y la regi\u00f3n debe conocer.\" \/>\n<meta property=\"og:url\" content=\"https:\/\/www.celttv.com.ar\/index.php\/2024\/02\/04\/fuego-en-las-sierras-este-domingo-llegara-un-helicoptero-y-brigadistas-enviados-por-el-gobernador-provincial\/\" \/>\n<meta property=\"og:site_name\" content=\"CELTTV\" \/>\n<meta property=\"article:publisher\" content=\"https:\/\/www.facebook.com\/celtTV\/\" \/>\n<meta property=\"article:published_time\" content=\"2024-02-04T03:10:18+00:00\" \/>\n<meta property=\"article:modified_time\" content=\"2024-02-04T03:11:36+00:00\" \/>\n<meta property=\"og:image\" content=\"https:\/\/www.celttv.com.ar\/wp-content\/uploads\/2024\/02\/IMG_1859-Medium.jpg\" \/>\n\t<meta property=\"og:image:width\" content=\"1152\" \/>\n\t<meta property=\"og:image:height\" content=\"768\" \/>\n\t<meta property=\"og:image:type\" content=\"image\/jpeg\" \/>\n<meta name=\"author\" content=\"Miguel Herrada\" \/>\n<meta name=\"twitter:card\" content=\"summary_large_image\" \/>\n<meta name=\"twitter:label1\" content=\"Escrito por\" \/>\n\t<meta name=\"twitter:data1\" content=\"Miguel Herrada\" \/>\n\t<meta name=\"twitter:label2\" content=\"Tiempo de lectura\" \/>\n\t<meta name=\"twitter:data2\" content=\"2 minutos\" \/>\n<script type=\"application\/ld+json\" class=\"yoast-schema-graph\">{\"@context\":\"https:\/\/schema.org\",\"@graph\":[{\"@type\":\"NewsArticle\",\"@id\":\"https:\/\/www.celttv.com.ar\/index.php\/2024\/02\/04\/fuego-en-las-sierras-este-domingo-llegara-un-helicoptero-y-brigadistas-enviados-por-el-gobernador-provincial\/#article\",\"isPartOf\":{\"@id\":\"https:\/\/www.celttv.com.ar\/index.php\/2024\/02\/04\/fuego-en-las-sierras-este-domingo-llegara-un-helicoptero-y-brigadistas-enviados-por-el-gobernador-provincial\/\"},\"author\":{\"name\":\"Miguel Herrada\",\"@id\":\"https:\/\/www.celttv.com.ar\/#\/schema\/person\/9059dc91dc7204ef4182cdb65225f07d\"},\"headline\":\"Fuego en las sierras: Este domingo llegar\u00e1 un helic\u00f3ptero y brigadistas enviados por el Gobernador Kicilloff\",\"datePublished\":\"2024-02-04T03:10:18+00:00\",\"dateModified\":\"2024-02-04T03:11:36+00:00\",\"mainEntityOfPage\":{\"@id\":\"https:\/\/www.celttv.com.ar\/index.php\/2024\/02\/04\/fuego-en-las-sierras-este-domingo-llegara-un-helicoptero-y-brigadistas-enviados-por-el-gobernador-provincial\/\"},\"wordCount\":384,\"publisher\":{\"@id\":\"https:\/\/www.celttv.com.ar\/#organization\"},\"articleSection\":[\"Comunidad\",\"Destacadas\",\"Municipales\"],\"inLanguage\":\"es\"},{\"@type\":\"WebPage\",\"@id\":\"https:\/\/www.celttv.com.ar\/index.php\/2024\/02\/04\/fuego-en-las-sierras-este-domingo-llegara-un-helicoptero-y-brigadistas-enviados-por-el-gobernador-provincial\/\",\"url\":\"https:\/\/www.celttv.com.ar\/index.php\/2024\/02\/04\/fuego-en-las-sierras-este-domingo-llegara-un-helicoptero-y-brigadistas-enviados-por-el-gobernador-provincial\/\",\"name\":\"Fuego en las sierras: Este domingo llegar\u00e1 un helic\u00f3ptero y brigadistas enviados por el Gobernador Kicilloff - CELTTV\",\"isPartOf\":{\"@id\":\"https:\/\/www.celttv.com.ar\/#website\"},\"datePublished\":\"2024-02-04T03:10:18+00:00\",\"dateModified\":\"2024-02-04T03:11:36+00:00\",\"description\":\"Sitio web de noticias de la localidad de Tornquist, provincia de Buenos Aires, Rep\u00fablica Argentina. Contenido propio originado por periodistas de CELTTV, el canal de TV local de la Cooperativa El\u00e9ctrica de Tornquist. Turismo, Pol\u00edtica, Sociedad, Deporte, Cultura y todo el contenido de inter\u00e9s general que la gente del pueblo y la regi\u00f3n debe conocer.\",\"breadcrumb\":{\"@id\":\"https:\/\/www.celttv.com.ar\/index.php\/2024\/02\/04\/fuego-en-las-sierras-este-domingo-llegara-un-helicoptero-y-brigadistas-enviados-por-el-gobernador-provincial\/#breadcrumb\"},\"inLanguage\":\"es\",\"potentialAction\":[{\"@type\":\"ReadAction\",\"target\":[\"https:\/\/www.celttv.com.ar\/index.php\/2024\/02\/04\/fuego-en-las-sierras-este-domingo-llegara-un-helicoptero-y-brigadistas-enviados-por-el-gobernador-provincial\/\"]}]},{\"@type\":\"BreadcrumbList\",\"@id\":\"https:\/\/www.celttv.com.ar\/index.php\/2024\/02\/04\/fuego-en-las-sierras-este-domingo-llegara-un-helicoptero-y-brigadistas-enviados-por-el-gobernador-provincial\/#breadcrumb\",\"itemListElement\":[{\"@type\":\"ListItem\",\"position\":1,\"name\":\"Inicio\",\"item\":\"https:\/\/www.celttv.com.ar\/\"},{\"@type\":\"ListItem\",\"position\":2,\"name\":\"Fuego en las sierras: Este domingo llegar\u00e1 un helic\u00f3ptero y brigadistas enviados por el Gobernador Kicilloff\"}]},{\"@type\":\"WebSite\",\"@id\":\"https:\/\/www.celttv.com.ar\/#website\",\"url\":\"https:\/\/www.celttv.com.ar\/\",\"name\":\"CELTTV\",\"description\":\"Cooperativa El\u00e9ctrica de Tornquist\",\"publisher\":{\"@id\":\"https:\/\/www.celttv.com.ar\/#organization\"},\"potentialAction\":[{\"@type\":\"SearchAction\",\"target\":{\"@type\":\"EntryPoint\",\"urlTemplate\":\"https:\/\/www.celttv.com.ar\/?s={search_term_string}\"},\"query-input\":\"required name=search_term_string\"}],\"inLanguage\":\"es\"},{\"@type\":\"Organization\",\"@id\":\"https:\/\/www.celttv.com.ar\/#organization\",\"name\":\"CELTTV\",\"url\":\"https:\/\/www.celttv.com.ar\/\",\"sameAs\":[\"https:\/\/www.youtube.com\/channel\/UCz_oIt8Hig64Ub-EmcNPIhg\",\"https:\/\/www.facebook.com\/celtTV\/\"],\"logo\":{\"@type\":\"ImageObject\",\"inLanguage\":\"es\",\"@id\":\"https:\/\/www.celttv.com.ar\/#\/schema\/logo\/image\/\",\"url\":\"http:\/\/www.celttv.com.ar\/wp-content\/uploads\/2022\/08\/logo-1.png\",\"contentUrl\":\"http:\/\/www.celttv.com.ar\/wp-content\/uploads\/2022\/08\/logo-1.png\",\"width\":461,\"height\":159,\"caption\":\"CELTTV\"},\"image\":{\"@id\":\"https:\/\/www.celttv.com.ar\/#\/schema\/logo\/image\/\"}},{\"@type\":\"Person\",\"@id\":\"https:\/\/www.celttv.com.ar\/#\/schema\/person\/9059dc91dc7204ef4182cdb65225f07d\",\"name\":\"Miguel Herrada\",\"image\":{\"@type\":\"ImageObject\",\"inLanguage\":\"es\",\"@id\":\"https:\/\/www.celttv.com.ar\/#\/schema\/person\/image\/\",\"url\":\"https:\/\/secure.gravatar.com\/avatar\/67724d5b3c716623ffd76bec7e45841a442ac3b456e914dbba90b0fad2b8e0b1?s=96&d=mm&r=g\",\"contentUrl\":\"https:\/\/secure.gravatar.com\/avatar\/67724d5b3c716623ffd76bec7e45841a442ac3b456e914dbba90b0fad2b8e0b1?s=96&d=mm&r=g\",\"caption\":\"Miguel Herrada\"}}]}<\/script>\n<!-- \/ Yoast SEO plugin. -->","yoast_head_json":{"title":"Fuego en las sierras: Este domingo llegar\u00e1 un helic\u00f3ptero y brigadistas enviados por el Gobernador Kicilloff - CELTTV","description":"Sitio web de noticias de la localidad de Tornquist, provincia de Buenos Aires, Rep\u00fablica Argentina. Contenido propio originado por periodistas de CELTTV, el canal de TV local de la Cooperativa El\u00e9ctrica de Tornquist. Turismo, Pol\u00edtica, Sociedad, Deporte, Cultura y todo el contenido de inter\u00e9s general que la gente del pueblo y la regi\u00f3n debe conocer.","robots":{"index":"index","follow":"follow","max-snippet":"max-snippet:-1","max-image-preview":"max-image-preview:large","max-video-preview":"max-video-preview:-1"},"canonical":"https:\/\/www.celttv.com.ar\/index.php\/2024\/02\/04\/fuego-en-las-sierras-este-domingo-llegara-un-helicoptero-y-brigadistas-enviados-por-el-gobernador-provincial\/","og_locale":"es_ES","og_type":"article","og_title":"Fuego en las sierras: Este domingo llegar\u00e1 un helic\u00f3ptero y brigadistas enviados por el Gobernador Kicilloff - CELTTV","og_description":"Sitio web de noticias de la localidad de Tornquist, provincia de Buenos Aires, Rep\u00fablica Argentina. Contenido propio originado por periodistas de CELTTV, el canal de TV local de la Cooperativa El\u00e9ctrica de Tornquist. Turismo, Pol\u00edtica, Sociedad, Deporte, Cultura y todo el contenido de inter\u00e9s general que la gente del pueblo y la regi\u00f3n debe conocer.","og_url":"https:\/\/www.celttv.com.ar\/index.php\/2024\/02\/04\/fuego-en-las-sierras-este-domingo-llegara-un-helicoptero-y-brigadistas-enviados-por-el-gobernador-provincial\/","og_site_name":"CELTTV","article_publisher":"https:\/\/www.facebook.com\/celtTV\/","article_published_time":"2024-02-04T03:10:18+00:00","article_modified_time":"2024-02-04T03:11:36+00:00","og_image":[{"width":1152,"height":768,"url":"https:\/\/www.celttv.com.ar\/wp-content\/uploads\/2024\/02\/IMG_1859-Medium.jpg","type":"image\/jpeg"}],"author":"Miguel Herrada","twitter_card":"summary_large_image","twitter_misc":{"Escrito por":"Miguel Herrada","Tiempo de lectura":"2 minutos"},"schema":{"@context":"https:\/\/schema.org","@graph":[{"@type":"NewsArticle","@id":"https:\/\/www.celttv.com.ar\/index.php\/2024\/02\/04\/fuego-en-las-sierras-este-domingo-llegara-un-helicoptero-y-brigadistas-enviados-por-el-gobernador-provincial\/#article","isPartOf":{"@id":"https:\/\/www.celttv.com.ar\/index.php\/2024\/02\/04\/fuego-en-las-sierras-este-domingo-llegara-un-helicoptero-y-brigadistas-enviados-por-el-gobernador-provincial\/"},"author":{"name":"Miguel Herrada","@id":"https:\/\/www.celttv.com.ar\/#\/schema\/person\/9059dc91dc7204ef4182cdb65225f07d"},"headline":"Fuego en las sierras: Este domingo llegar\u00e1 un helic\u00f3ptero y brigadistas enviados por el Gobernador Kicilloff","datePublished":"2024-02-04T03:10:18+00:00","dateModified":"2024-02-04T03:11:36+00:00","mainEntityOfPage":{"@id":"https:\/\/www.celttv.com.ar\/index.php\/2024\/02\/04\/fuego-en-las-sierras-este-domingo-llegara-un-helicoptero-y-brigadistas-enviados-por-el-gobernador-provincial\/"},"wordCount":384,"publisher":{"@id":"https:\/\/www.celttv.com.ar\/#organization"},"articleSection":["Comunidad","Destacadas","Municipales"],"inLanguage":"es"},{"@type":"WebPage","@id":"https:\/\/www.celttv.com.ar\/index.php\/2024\/02\/04\/fuego-en-las-sierras-este-domingo-llegara-un-helicoptero-y-brigadistas-enviados-por-el-gobernador-provincial\/","url":"https:\/\/www.celttv.com.ar\/index.php\/2024\/02\/04\/fuego-en-las-sierras-este-domingo-llegara-un-helicoptero-y-brigadistas-enviados-por-el-gobernador-provincial\/","name":"Fuego en las sierras: Este domingo llegar\u00e1 un helic\u00f3ptero y brigadistas enviados por el Gobernador Kicilloff - CELTTV","isPartOf":{"@id":"https:\/\/www.celttv.com.ar\/#website"},"datePublished":"2024-02-04T03:10:18+00:00","dateModified":"2024-02-04T03:11:36+00:00","description":"Sitio web de noticias de la localidad de Tornquist, provincia de Buenos Aires, Rep\u00fablica Argentina. Contenido propio originado por periodistas de CELTTV, el canal de TV local de la Cooperativa El\u00e9ctrica de Tornquist. Turismo, Pol\u00edtica, Sociedad, Deporte, Cultura y todo el contenido de inter\u00e9s general que la gente del pueblo y la regi\u00f3n debe conocer.","breadcrumb":{"@id":"https:\/\/www.celttv.com.ar\/index.php\/2024\/02\/04\/fuego-en-las-sierras-este-domingo-llegara-un-helicoptero-y-brigadistas-enviados-por-el-gobernador-provincial\/#breadcrumb"},"inLanguage":"es","potentialAction":[{"@type":"ReadAction","target":["https:\/\/www.celttv.com.ar\/index.php\/2024\/02\/04\/fuego-en-las-sierras-este-domingo-llegara-un-helicoptero-y-brigadistas-enviados-por-el-gobernador-provincial\/"]}]},{"@type":"BreadcrumbList","@id":"https:\/\/www.celttv.com.ar\/index.php\/2024\/02\/04\/fuego-en-las-sierras-este-domingo-llegara-un-helicoptero-y-brigadistas-enviados-por-el-gobernador-provincial\/#breadcrumb","itemListElement":[{"@type":"ListItem","position":1,"name":"Inicio","item":"https:\/\/www.celttv.com.ar\/"},{"@type":"ListItem","position":2,"name":"Fuego en las sierras: Este domingo llegar\u00e1 un helic\u00f3ptero y brigadistas enviados por el Gobernador Kicilloff"}]},{"@type":"WebSite","@id":"https:\/\/www.celttv.com.ar\/#website","url":"https:\/\/www.celttv.com.ar\/","name":"CELTTV","description":"Cooperativa El\u00e9ctrica de Tornquist","publisher":{"@id":"https:\/\/www.celttv.com.ar\/#organization"},"potentialAction":[{"@type":"SearchAction","target":{"@type":"EntryPoint","urlTemplate":"https:\/\/www.celttv.com.ar\/?s={search_term_string}"},"query-input":"required name=search_term_string"}],"inLanguage":"es"},{"@type":"Organization","@id":"https:\/\/www.celttv.com.ar\/#organization","name":"CELTTV","url":"https:\/\/www.celttv.com.ar\/","sameAs":["https:\/\/www.youtube.com\/channel\/UCz_oIt8Hig64Ub-EmcNPIhg","https:\/\/www.facebook.com\/celtTV\/"],"logo":{"@type":"ImageObject","inLanguage":"es","@id":"https:\/\/www.celttv.com.ar\/#\/schema\/logo\/image\/","url":"http:\/\/www.celttv.com.ar\/wp-content\/uploads\/2022\/08\/logo-1.png","contentUrl":"http:\/\/www.celttv.com.ar\/wp-content\/uploads\/2022\/08\/logo-1.png","width":461,"height":159,"caption":"CELTTV"},"image":{"@id":"https:\/\/www.celttv.com.ar\/#\/schema\/logo\/image\/"}},{"@type":"Person","@id":"https:\/\/www.celttv.com.ar\/#\/schema\/person\/9059dc91dc7204ef4182cdb65225f07d","name":"Miguel Herrada","image":{"@type":"ImageObject","inLanguage":"es","@id":"https:\/\/www.celttv.com.ar\/#\/schema\/person\/image\/","url":"https:\/\/secure.gravatar.com\/avatar\/67724d5b3c716623ffd76bec7e45841a442ac3b456e914dbba90b0fad2b8e0b1?s=96&d=mm&r=g","contentUrl":"https:\/\/secure.gravatar.com\/avatar\/67724d5b3c716623ffd76bec7e45841a442ac3b456e914dbba90b0fad2b8e0b1?s=96&d=mm&r=g","caption":"Miguel Herrada"}}]}},"_links":{"self":[{"href":"https:\/\/www.celttv.com.ar\/index.php\/wp-json\/wp\/v2\/posts\/81877","targetHints":{"allow":["GET"]}}],"collection":[{"href":"https:\/\/www.celttv.com.ar\/index.php\/wp-json\/wp\/v2\/posts"}],"about":[{"href":"https:\/\/www.celttv.com.ar\/index.php\/wp-json\/wp\/v2\/types\/post"}],"author":[{"embeddable":true,"href":"https:\/\/www.celttv.com.ar\/index.php\/wp-json\/wp\/v2\/users\/5"}],"replies":[{"embeddable":true,"href":"https:\/\/www.celttv.com.ar\/index.php\/wp-json\/wp\/v2\/comments?post=81877"}],"version-history":[{"count":3,"href":"https:\/\/www.celttv.com.ar\/index.php\/wp-json\/wp\/v2\/posts\/81877\/revisions"}],"predecessor-version":[{"id":81880,"href":"https:\/\/www.celttv.com.ar\/index.php\/wp-json\/wp\/v2\/posts\/81877\/revisions\/81880"}],"wp:featuredmedia":[{"embeddable":true,"href":"https:\/\/www.celttv.com.ar\/index.php\/wp-json\/wp\/v2\/media\/81872"}],"wp:attachment":[{"href":"https:\/\/www.celttv.com.ar\/index.php\/wp-json\/wp\/v2\/media?parent=81877"}],"wp:term":[{"taxonomy":"category","embeddable":true,"href":"https:\/\/www.celttv.com.ar\/index.php\/wp-json\/wp\/v2\/categories?post=81877"},{"taxonomy":"post_tag","embeddable":true,"href":"https:\/\/www.celttv.com.ar\/index.php\/wp-json\/wp\/v2\/tags?post=81877"}],"curies":[{"name":"wp","href":"https:\/\/api.w.org\/{rel}","templated":true}]}}