{"id":81897,"date":"2024-02-04T23:39:06","date_gmt":"2024-02-05T02:39:06","guid":{"rendered":"https:\/\/www.celttv.com.ar\/?p=81897"},"modified":"2024-02-04T23:39:06","modified_gmt":"2024-02-05T02:39:06","slug":"incendio-en-las-sierras-el-fuego-se-declaro-contenido-y-continua-la-guardia-de-cenizas","status":"publish","type":"post","link":"https:\/\/www.celttv.com.ar\/index.php\/2024\/02\/04\/incendio-en-las-sierras-el-fuego-se-declaro-contenido-y-continua-la-guardia-de-cenizas\/","title":{"rendered":"Incendio en las sierras: El fuego se declar\u00f3 contenido y contin\u00faa la guardia de cenizas"},"content":{"rendered":"<p>Actualizaci\u00f3n incendio forestal: Se declar\u00f3 el fuego contenido<br \/>\nEl Comit\u00e9 de Crisis informa que se ha determinado que el fuego se encuentra contenido, no se localizan focos activos ni llamas en el per\u00edmetro.<br \/>\nEn tal sentido, a partir de las 20hs los servidores p\u00fablicos de Tornquist, Villa Ventana, Sierra de la Ventana y Punta Alta permanecen con guardia de cenizas hasta el pr\u00f3ximo vuelo de reconocimiento que se realizar\u00e1 en la ma\u00f1ana del lunes; mientras que el resto de las dotaciones junto a los brigadistas fueron liberados.<br \/>\nEn total se vieron afectadas 300 hect\u00e1reas aproximadamente; que ser\u00e1n custodiadas y monitoreadas por agentes de polic\u00eda comunal y patrulla rural hasta determinar el motivo del inicio del siniestro.<\/p>\n<p><img loading=\"lazy\" decoding=\"async\" class=\"alignnone wp-image-81891 size-large\" src=\"https:\/\/www.celttv.com.ar\/wp-content\/uploads\/2024\/02\/IMG_1871-Medium-683x1024.jpg\" alt=\"\" width=\"683\" height=\"1024\" srcset=\"https:\/\/www.celttv.com.ar\/wp-content\/uploads\/2024\/02\/IMG_1871-Medium-683x1024.jpg 683w, https:\/\/www.celttv.com.ar\/wp-content\/uploads\/2024\/02\/IMG_1871-Medium-200x300.jpg 200w, https:\/\/www.celttv.com.ar\/wp-content\/uploads\/2024\/02\/IMG_1871-Medium-750x1125.jpg 750w, https:\/\/www.celttv.com.ar\/wp-content\/uploads\/2024\/02\/IMG_1871-Medium.jpg 768w\" sizes=\"auto, (max-width: 683px) 100vw, 683px\" \/><\/p>\n","protected":false},"excerpt":{"rendered":"<p>Actualizaci\u00f3n incendio forestal: Se declar\u00f3 el fuego contenido El Comit\u00e9 de Crisis informa que se ha determinado que el fuego se encuentra contenido, no se localizan focos activos ni llamas en el per\u00edmetro. En tal sentido, a partir de las 20hs los servidores p\u00fablicos de Tornquist, Villa Ventana, Sierra de la Ventana y Punta Alta [&hellip;]<\/p>\n","protected":false},"author":5,"featured_media":81871,"comment_status":"closed","ping_status":"closed","sticky":false,"template":"","format":"standard","meta":{"footnotes":""},"categories":[51,52,59],"tags":[],"class_list":["post-81897","post","type-post","status-publish","format-standard","has-post-thumbnail","hentry","category-comunidad","category-destacadas","category-municipales"],"yoast_head":"<!-- This site is optimized with the Yoast SEO plugin v19.7.1 - https:\/\/yoast.com\/wordpress\/plugins\/seo\/ -->\n<title>Incendio en las sierras: El fuego se declar\u00f3 contenido y contin\u00faa la guardia de cenizas - CELTTV<\/title>\n<meta name=\"description\" content=\"Sitio web de noticias de la localidad de Tornquist, provincia de Buenos Aires, Rep\u00fablica Argentina. Contenido propio originado por periodistas de CELTTV, el canal de TV local de la Cooperativa El\u00e9ctrica de Tornquist. Turismo, Pol\u00edtica, Sociedad, Deporte, Cultura y todo el contenido de inter\u00e9s general que la gente del pueblo y la regi\u00f3n debe conocer.\" \/>\n<meta name=\"robots\" content=\"index, follow, max-snippet:-1, max-image-preview:large, max-video-preview:-1\" \/>\n<link rel=\"canonical\" href=\"https:\/\/www.celttv.com.ar\/index.php\/2024\/02\/04\/incendio-en-las-sierras-el-fuego-se-declaro-contenido-y-continua-la-guardia-de-cenizas\/\" \/>\n<meta property=\"og:locale\" content=\"es_ES\" \/>\n<meta property=\"og:type\" content=\"article\" \/>\n<meta property=\"og:title\" content=\"Incendio en las sierras: El fuego se declar\u00f3 contenido y contin\u00faa la guardia de cenizas - CELTTV\" \/>\n<meta property=\"og:description\" content=\"Sitio web de noticias de la localidad de Tornquist, provincia de Buenos Aires, Rep\u00fablica Argentina. Contenido propio originado por periodistas de CELTTV, el canal de TV local de la Cooperativa El\u00e9ctrica de Tornquist. Turismo, Pol\u00edtica, Sociedad, Deporte, Cultura y todo el contenido de inter\u00e9s general que la gente del pueblo y la regi\u00f3n debe conocer.\" \/>\n<meta property=\"og:url\" content=\"https:\/\/www.celttv.com.ar\/index.php\/2024\/02\/04\/incendio-en-las-sierras-el-fuego-se-declaro-contenido-y-continua-la-guardia-de-cenizas\/\" \/>\n<meta property=\"og:site_name\" content=\"CELTTV\" \/>\n<meta property=\"article:publisher\" content=\"https:\/\/www.facebook.com\/celtTV\/\" \/>\n<meta property=\"article:published_time\" content=\"2024-02-05T02:39:06+00:00\" \/>\n<meta property=\"og:image\" content=\"https:\/\/www.celttv.com.ar\/wp-content\/uploads\/2024\/02\/IMG_1858-Medium.jpg\" \/>\n\t<meta property=\"og:image:width\" content=\"1152\" \/>\n\t<meta property=\"og:image:height\" content=\"768\" \/>\n\t<meta property=\"og:image:type\" content=\"image\/jpeg\" \/>\n<meta name=\"author\" content=\"Miguel Herrada\" \/>\n<meta name=\"twitter:card\" content=\"summary_large_image\" \/>\n<meta name=\"twitter:label1\" content=\"Escrito por\" \/>\n\t<meta name=\"twitter:data1\" content=\"Miguel Herrada\" \/>\n\t<meta name=\"twitter:label2\" content=\"Tiempo de lectura\" \/>\n\t<meta name=\"twitter:data2\" content=\"1 minuto\" \/>\n<script type=\"application\/ld+json\" class=\"yoast-schema-graph\">{\"@context\":\"https:\/\/schema.org\",\"@graph\":[{\"@type\":\"NewsArticle\",\"@id\":\"https:\/\/www.celttv.com.ar\/index.php\/2024\/02\/04\/incendio-en-las-sierras-el-fuego-se-declaro-contenido-y-continua-la-guardia-de-cenizas\/#article\",\"isPartOf\":{\"@id\":\"https:\/\/www.celttv.com.ar\/index.php\/2024\/02\/04\/incendio-en-las-sierras-el-fuego-se-declaro-contenido-y-continua-la-guardia-de-cenizas\/\"},\"author\":{\"name\":\"Miguel Herrada\",\"@id\":\"https:\/\/www.celttv.com.ar\/#\/schema\/person\/9059dc91dc7204ef4182cdb65225f07d\"},\"headline\":\"Incendio en las sierras: El fuego se declar\u00f3 contenido y contin\u00faa la guardia de cenizas\",\"datePublished\":\"2024-02-05T02:39:06+00:00\",\"dateModified\":\"2024-02-05T02:39:06+00:00\",\"mainEntityOfPage\":{\"@id\":\"https:\/\/www.celttv.com.ar\/index.php\/2024\/02\/04\/incendio-en-las-sierras-el-fuego-se-declaro-contenido-y-continua-la-guardia-de-cenizas\/\"},\"wordCount\":139,\"publisher\":{\"@id\":\"https:\/\/www.celttv.com.ar\/#organization\"},\"articleSection\":[\"Comunidad\",\"Destacadas\",\"Municipales\"],\"inLanguage\":\"es\"},{\"@type\":\"WebPage\",\"@id\":\"https:\/\/www.celttv.com.ar\/index.php\/2024\/02\/04\/incendio-en-las-sierras-el-fuego-se-declaro-contenido-y-continua-la-guardia-de-cenizas\/\",\"url\":\"https:\/\/www.celttv.com.ar\/index.php\/2024\/02\/04\/incendio-en-las-sierras-el-fuego-se-declaro-contenido-y-continua-la-guardia-de-cenizas\/\",\"name\":\"Incendio en las sierras: El fuego se declar\u00f3 contenido y contin\u00faa la guardia de cenizas - CELTTV\",\"isPartOf\":{\"@id\":\"https:\/\/www.celttv.com.ar\/#website\"},\"datePublished\":\"2024-02-05T02:39:06+00:00\",\"dateModified\":\"2024-02-05T02:39:06+00:00\",\"description\":\"Sitio web de noticias de la localidad de Tornquist, provincia de Buenos Aires, Rep\u00fablica Argentina. Contenido propio originado por periodistas de CELTTV, el canal de TV local de la Cooperativa El\u00e9ctrica de Tornquist. Turismo, Pol\u00edtica, Sociedad, Deporte, Cultura y todo el contenido de inter\u00e9s general que la gente del pueblo y la regi\u00f3n debe conocer.\",\"breadcrumb\":{\"@id\":\"https:\/\/www.celttv.com.ar\/index.php\/2024\/02\/04\/incendio-en-las-sierras-el-fuego-se-declaro-contenido-y-continua-la-guardia-de-cenizas\/#breadcrumb\"},\"inLanguage\":\"es\",\"potentialAction\":[{\"@type\":\"ReadAction\",\"target\":[\"https:\/\/www.celttv.com.ar\/index.php\/2024\/02\/04\/incendio-en-las-sierras-el-fuego-se-declaro-contenido-y-continua-la-guardia-de-cenizas\/\"]}]},{\"@type\":\"BreadcrumbList\",\"@id\":\"https:\/\/www.celttv.com.ar\/index.php\/2024\/02\/04\/incendio-en-las-sierras-el-fuego-se-declaro-contenido-y-continua-la-guardia-de-cenizas\/#breadcrumb\",\"itemListElement\":[{\"@type\":\"ListItem\",\"position\":1,\"name\":\"Inicio\",\"item\":\"https:\/\/www.celttv.com.ar\/\"},{\"@type\":\"ListItem\",\"position\":2,\"name\":\"Incendio en las sierras: El fuego se declar\u00f3 contenido y contin\u00faa la guardia de cenizas\"}]},{\"@type\":\"WebSite\",\"@id\":\"https:\/\/www.celttv.com.ar\/#website\",\"url\":\"https:\/\/www.celttv.com.ar\/\",\"name\":\"CELTTV\",\"description\":\"Cooperativa El\u00e9ctrica de Tornquist\",\"publisher\":{\"@id\":\"https:\/\/www.celttv.com.ar\/#organization\"},\"potentialAction\":[{\"@type\":\"SearchAction\",\"target\":{\"@type\":\"EntryPoint\",\"urlTemplate\":\"https:\/\/www.celttv.com.ar\/?s={search_term_string}\"},\"query-input\":\"required name=search_term_string\"}],\"inLanguage\":\"es\"},{\"@type\":\"Organization\",\"@id\":\"https:\/\/www.celttv.com.ar\/#organization\",\"name\":\"CELTTV\",\"url\":\"https:\/\/www.celttv.com.ar\/\",\"sameAs\":[\"https:\/\/www.youtube.com\/channel\/UCz_oIt8Hig64Ub-EmcNPIhg\",\"https:\/\/www.facebook.com\/celtTV\/\"],\"logo\":{\"@type\":\"ImageObject\",\"inLanguage\":\"es\",\"@id\":\"https:\/\/www.celttv.com.ar\/#\/schema\/logo\/image\/\",\"url\":\"http:\/\/www.celttv.com.ar\/wp-content\/uploads\/2022\/08\/logo-1.png\",\"contentUrl\":\"http:\/\/www.celttv.com.ar\/wp-content\/uploads\/2022\/08\/logo-1.png\",\"width\":461,\"height\":159,\"caption\":\"CELTTV\"},\"image\":{\"@id\":\"https:\/\/www.celttv.com.ar\/#\/schema\/logo\/image\/\"}},{\"@type\":\"Person\",\"@id\":\"https:\/\/www.celttv.com.ar\/#\/schema\/person\/9059dc91dc7204ef4182cdb65225f07d\",\"name\":\"Miguel Herrada\",\"image\":{\"@type\":\"ImageObject\",\"inLanguage\":\"es\",\"@id\":\"https:\/\/www.celttv.com.ar\/#\/schema\/person\/image\/\",\"url\":\"https:\/\/secure.gravatar.com\/avatar\/67724d5b3c716623ffd76bec7e45841a442ac3b456e914dbba90b0fad2b8e0b1?s=96&d=mm&r=g\",\"contentUrl\":\"https:\/\/secure.gravatar.com\/avatar\/67724d5b3c716623ffd76bec7e45841a442ac3b456e914dbba90b0fad2b8e0b1?s=96&d=mm&r=g\",\"caption\":\"Miguel Herrada\"}}]}<\/script>\n<!-- \/ Yoast SEO plugin. -->","yoast_head_json":{"title":"Incendio en las sierras: El fuego se declar\u00f3 contenido y contin\u00faa la guardia de cenizas - CELTTV","description":"Sitio web de noticias de la localidad de Tornquist, provincia de Buenos Aires, Rep\u00fablica Argentina. Contenido propio originado por periodistas de CELTTV, el canal de TV local de la Cooperativa El\u00e9ctrica de Tornquist. Turismo, Pol\u00edtica, Sociedad, Deporte, Cultura y todo el contenido de inter\u00e9s general que la gente del pueblo y la regi\u00f3n debe conocer.","robots":{"index":"index","follow":"follow","max-snippet":"max-snippet:-1","max-image-preview":"max-image-preview:large","max-video-preview":"max-video-preview:-1"},"canonical":"https:\/\/www.celttv.com.ar\/index.php\/2024\/02\/04\/incendio-en-las-sierras-el-fuego-se-declaro-contenido-y-continua-la-guardia-de-cenizas\/","og_locale":"es_ES","og_type":"article","og_title":"Incendio en las sierras: El fuego se declar\u00f3 contenido y contin\u00faa la guardia de cenizas - CELTTV","og_description":"Sitio web de noticias de la localidad de Tornquist, provincia de Buenos Aires, Rep\u00fablica Argentina. Contenido propio originado por periodistas de CELTTV, el canal de TV local de la Cooperativa El\u00e9ctrica de Tornquist. Turismo, Pol\u00edtica, Sociedad, Deporte, Cultura y todo el contenido de inter\u00e9s general que la gente del pueblo y la regi\u00f3n debe conocer.","og_url":"https:\/\/www.celttv.com.ar\/index.php\/2024\/02\/04\/incendio-en-las-sierras-el-fuego-se-declaro-contenido-y-continua-la-guardia-de-cenizas\/","og_site_name":"CELTTV","article_publisher":"https:\/\/www.facebook.com\/celtTV\/","article_published_time":"2024-02-05T02:39:06+00:00","og_image":[{"width":1152,"height":768,"url":"https:\/\/www.celttv.com.ar\/wp-content\/uploads\/2024\/02\/IMG_1858-Medium.jpg","type":"image\/jpeg"}],"author":"Miguel Herrada","twitter_card":"summary_large_image","twitter_misc":{"Escrito por":"Miguel Herrada","Tiempo de lectura":"1 minuto"},"schema":{"@context":"https:\/\/schema.org","@graph":[{"@type":"NewsArticle","@id":"https:\/\/www.celttv.com.ar\/index.php\/2024\/02\/04\/incendio-en-las-sierras-el-fuego-se-declaro-contenido-y-continua-la-guardia-de-cenizas\/#article","isPartOf":{"@id":"https:\/\/www.celttv.com.ar\/index.php\/2024\/02\/04\/incendio-en-las-sierras-el-fuego-se-declaro-contenido-y-continua-la-guardia-de-cenizas\/"},"author":{"name":"Miguel Herrada","@id":"https:\/\/www.celttv.com.ar\/#\/schema\/person\/9059dc91dc7204ef4182cdb65225f07d"},"headline":"Incendio en las sierras: El fuego se declar\u00f3 contenido y contin\u00faa la guardia de cenizas","datePublished":"2024-02-05T02:39:06+00:00","dateModified":"2024-02-05T02:39:06+00:00","mainEntityOfPage":{"@id":"https:\/\/www.celttv.com.ar\/index.php\/2024\/02\/04\/incendio-en-las-sierras-el-fuego-se-declaro-contenido-y-continua-la-guardia-de-cenizas\/"},"wordCount":139,"publisher":{"@id":"https:\/\/www.celttv.com.ar\/#organization"},"articleSection":["Comunidad","Destacadas","Municipales"],"inLanguage":"es"},{"@type":"WebPage","@id":"https:\/\/www.celttv.com.ar\/index.php\/2024\/02\/04\/incendio-en-las-sierras-el-fuego-se-declaro-contenido-y-continua-la-guardia-de-cenizas\/","url":"https:\/\/www.celttv.com.ar\/index.php\/2024\/02\/04\/incendio-en-las-sierras-el-fuego-se-declaro-contenido-y-continua-la-guardia-de-cenizas\/","name":"Incendio en las sierras: El fuego se declar\u00f3 contenido y contin\u00faa la guardia de cenizas - CELTTV","isPartOf":{"@id":"https:\/\/www.celttv.com.ar\/#website"},"datePublished":"2024-02-05T02:39:06+00:00","dateModified":"2024-02-05T02:39:06+00:00","description":"Sitio web de noticias de la localidad de Tornquist, provincia de Buenos Aires, Rep\u00fablica Argentina. Contenido propio originado por periodistas de CELTTV, el canal de TV local de la Cooperativa El\u00e9ctrica de Tornquist. Turismo, Pol\u00edtica, Sociedad, Deporte, Cultura y todo el contenido de inter\u00e9s general que la gente del pueblo y la regi\u00f3n debe conocer.","breadcrumb":{"@id":"https:\/\/www.celttv.com.ar\/index.php\/2024\/02\/04\/incendio-en-las-sierras-el-fuego-se-declaro-contenido-y-continua-la-guardia-de-cenizas\/#breadcrumb"},"inLanguage":"es","potentialAction":[{"@type":"ReadAction","target":["https:\/\/www.celttv.com.ar\/index.php\/2024\/02\/04\/incendio-en-las-sierras-el-fuego-se-declaro-contenido-y-continua-la-guardia-de-cenizas\/"]}]},{"@type":"BreadcrumbList","@id":"https:\/\/www.celttv.com.ar\/index.php\/2024\/02\/04\/incendio-en-las-sierras-el-fuego-se-declaro-contenido-y-continua-la-guardia-de-cenizas\/#breadcrumb","itemListElement":[{"@type":"ListItem","position":1,"name":"Inicio","item":"https:\/\/www.celttv.com.ar\/"},{"@type":"ListItem","position":2,"name":"Incendio en las sierras: El fuego se declar\u00f3 contenido y contin\u00faa la guardia de cenizas"}]},{"@type":"WebSite","@id":"https:\/\/www.celttv.com.ar\/#website","url":"https:\/\/www.celttv.com.ar\/","name":"CELTTV","description":"Cooperativa El\u00e9ctrica de Tornquist","publisher":{"@id":"https:\/\/www.celttv.com.ar\/#organization"},"potentialAction":[{"@type":"SearchAction","target":{"@type":"EntryPoint","urlTemplate":"https:\/\/www.celttv.com.ar\/?s={search_term_string}"},"query-input":"required name=search_term_string"}],"inLanguage":"es"},{"@type":"Organization","@id":"https:\/\/www.celttv.com.ar\/#organization","name":"CELTTV","url":"https:\/\/www.celttv.com.ar\/","sameAs":["https:\/\/www.youtube.com\/channel\/UCz_oIt8Hig64Ub-EmcNPIhg","https:\/\/www.facebook.com\/celtTV\/"],"logo":{"@type":"ImageObject","inLanguage":"es","@id":"https:\/\/www.celttv.com.ar\/#\/schema\/logo\/image\/","url":"http:\/\/www.celttv.com.ar\/wp-content\/uploads\/2022\/08\/logo-1.png","contentUrl":"http:\/\/www.celttv.com.ar\/wp-content\/uploads\/2022\/08\/logo-1.png","width":461,"height":159,"caption":"CELTTV"},"image":{"@id":"https:\/\/www.celttv.com.ar\/#\/schema\/logo\/image\/"}},{"@type":"Person","@id":"https:\/\/www.celttv.com.ar\/#\/schema\/person\/9059dc91dc7204ef4182cdb65225f07d","name":"Miguel Herrada","image":{"@type":"ImageObject","inLanguage":"es","@id":"https:\/\/www.celttv.com.ar\/#\/schema\/person\/image\/","url":"https:\/\/secure.gravatar.com\/avatar\/67724d5b3c716623ffd76bec7e45841a442ac3b456e914dbba90b0fad2b8e0b1?s=96&d=mm&r=g","contentUrl":"https:\/\/secure.gravatar.com\/avatar\/67724d5b3c716623ffd76bec7e45841a442ac3b456e914dbba90b0fad2b8e0b1?s=96&d=mm&r=g","caption":"Miguel Herrada"}}]}},"_links":{"self":[{"href":"https:\/\/www.celttv.com.ar\/index.php\/wp-json\/wp\/v2\/posts\/81897","targetHints":{"allow":["GET"]}}],"collection":[{"href":"https:\/\/www.celttv.com.ar\/index.php\/wp-json\/wp\/v2\/posts"}],"about":[{"href":"https:\/\/www.celttv.com.ar\/index.php\/wp-json\/wp\/v2\/types\/post"}],"author":[{"embeddable":true,"href":"https:\/\/www.celttv.com.ar\/index.php\/wp-json\/wp\/v2\/users\/5"}],"replies":[{"embeddable":true,"href":"https:\/\/www.celttv.com.ar\/index.php\/wp-json\/wp\/v2\/comments?post=81897"}],"version-history":[{"count":1,"href":"https:\/\/www.celttv.com.ar\/index.php\/wp-json\/wp\/v2\/posts\/81897\/revisions"}],"predecessor-version":[{"id":81898,"href":"https:\/\/www.celttv.com.ar\/index.php\/wp-json\/wp\/v2\/posts\/81897\/revisions\/81898"}],"wp:featuredmedia":[{"embeddable":true,"href":"https:\/\/www.celttv.com.ar\/index.php\/wp-json\/wp\/v2\/media\/81871"}],"wp:attachment":[{"href":"https:\/\/www.celttv.com.ar\/index.php\/wp-json\/wp\/v2\/media?parent=81897"}],"wp:term":[{"taxonomy":"category","embeddable":true,"href":"https:\/\/www.celttv.com.ar\/index.php\/wp-json\/wp\/v2\/categories?post=81897"},{"taxonomy":"post_tag","embeddable":true,"href":"https:\/\/www.celttv.com.ar\/index.php\/wp-json\/wp\/v2\/tags?post=81897"}],"curies":[{"name":"wp","href":"https:\/\/api.w.org\/{rel}","templated":true}]}}