{"id":8192,"date":"2012-09-14T00:20:45","date_gmt":"2012-09-14T00:20:45","guid":{"rendered":"http:\/\/www.tvcnoticias.com.ar\/?p=8192"},"modified":"2012-09-14T00:20:45","modified_gmt":"2012-09-14T00:20:45","slug":"la-comunidad-de-tres-picos-festejo-los-50-anos-de-la-sala-medica","status":"publish","type":"post","link":"https:\/\/www.celttv.com.ar\/index.php\/2012\/09\/14\/la-comunidad-de-tres-picos-festejo-los-50-anos-de-la-sala-medica\/","title":{"rendered":"LA COMUNIDAD DE TRES PICOS FESTEJO LOS 50 A\u00d1OS DE LA SALA MEDICA"},"content":{"rendered":"<p><br \/>\nCon un acto protocolar y un almuerzo, se llev\u00f3 a cabo hoy la celebraci\u00f3n por las Bodas de Oro de la Unidad Sanitaria \u201cDoctor Haroldo Muzzi\u201d de Tres Picos, que cont\u00f3 con la participaci\u00f3n del intendente municipal, licenciado Gustavo Trankels.<br \/>\n\u00a0\u00a0 El jefe comunal estuvo acompa\u00f1ado por la delegada de la localidad, Graciela Berth; los secretarios de Hacienda y Gobierno, Guillermo L\u00f6ffler; Salud, licenciada Mirta Avila; Obras y Servicios P\u00fablicos, arquitecta Anabella Madue\u00f1a; Producci\u00f3n y Medio Ambiente, Ricardo Valentini; la subsecretaria de Salud, doctora Ver\u00f3nica Castro; y el director de Producci\u00f3n y Medio Ambiente, V\u00edctor Ant\u00f3n. Tambi\u00e9n concurrieron los concejales Mar\u00eda Ofelia Skolak y Horacio Buitrago y la Inspectora Jefe Distrital, profesora Ana Skolak.<br \/>\n\u00a0\u00a0 Despu\u00e9s de escuchar las palabras del presidente de la Cooperadora de la sala m\u00e9dica, Dar\u00edo Atler; de Graciela Berth y del p\u00e1rroco Norberto L\u00f3pez, el intendente Trankels se dirigi\u00f3 a los presentes.<br \/>\n\u00a0\u00a0\u00a0 \u201cEn este cincuentenario, nuestra presencia es simplemente para renovar el compromiso de trabajar por la querida sala de primeros auxilios de esta comunidad, as\u00ed como lo hicieron aquellos pioneros y quienes continuaron la historia hasta el presente\u201d, se\u00f1al\u00f3 el titular del Ejecutivo comunal.<br \/>\n\u00a0\u00a0 \u201cTodos los que pasaron por este lugar forman parte de la historia de la sala, lo mismo que toda la comisi\u00f3n que trabaj\u00f3 desde el primer momento y result\u00f3 fundamental para que hoy podamos estar en estas instalaciones. El mejor homenaje para rendirles a todos ellos es comprometernos a continuar esta posta que nos legaron y mirar hacia adelante. En ese contexto, vemos con much\u00edsima alegr\u00eda el trabajo en conjunto que desarrollaron las secretar\u00edas de Salud y Obras P\u00fablicas y la actual comisi\u00f3n en proyectos hacia el futuro\u201d, a\u00f1adi\u00f3.<br \/>\n\u00a0\u00a0 En este sentido, Trankels entreg\u00f3 el proyecto de ampliaci\u00f3n de la unidad sanitaria (ver fotos), que fue presentado ante el Ministerio de Salud de la Provincia de Buenos Aires.<br \/>\n\u00a0\u00a0 Antes, la delegada Graciela Berth hab\u00eda repasado parte de la historia.<br \/>\n\u00a0\u00a0 \u201cQuiero resaltar la intensa labor del primer m\u00e9dico, Haroldo Muzzi, quien con los recursos escasos de la \u00e9poca logr\u00f3 darle tratamiento a las enfermedades de los primeros pobladores del lugar. Gracias a Dios no estaba solo, lo acompa\u00f1aba la enfermera Ada de Merlo\u201d, cont\u00f3.<br \/>\n\u00a0\u00a0 \u201cTambi\u00e9n quiero destacar la labor de todos los m\u00e9dicos y enfermeras que pasaron por la sala dejando su huella y a quienes conformaron la comisi\u00f3n cooperadora. Es imposible olvidar a los vecinos, que colaboraron en estos 50 a\u00f1os. Y hoy quiero agradecerle al municipio, que a trav\u00e9s de insumo, capacitaci\u00f3n y una ambulancia permanente, permite el normal funcionamiento de la misma\u201d, coment\u00f3.<br \/>\n\u00a0\u00a0 Posteriormente, el intendente Trankels y el secretario de Gobierno, Guillermo L\u00f6ffler, le entregaron a Dar\u00edo Atler nuevas banderas de ceremonia, tanto argentina como bonaerense.<br \/>\n\u00a0 Tambi\u00e9n se entregaron presentes a profesionales de la salud y enfermeras y finalmente se disfrut\u00f3 del almuerzo.<\/p>\n","protected":false},"excerpt":{"rendered":"<p>Con un acto protocolar y un almuerzo, se llev\u00f3 a cabo hoy la celebraci\u00f3n por las Bodas de Oro de la Unidad Sanitaria \u201cDoctor Haroldo Muzzi\u201d de Tres Picos, que cont\u00f3 con la participaci\u00f3n del intendente municipal, licenciado Gustavo Trankels. \u00a0\u00a0 El jefe comunal estuvo acompa\u00f1ado por la delegada de la localidad, Graciela Berth; los [&hellip;]<\/p>\n","protected":false},"author":1,"featured_media":0,"comment_status":"closed","ping_status":"open","sticky":false,"template":"","format":"standard","meta":{"footnotes":""},"categories":[51,52,53],"tags":[],"class_list":["post-8192","post","type-post","status-publish","format-standard","hentry","category-comunidad","category-destacadas","category-politica"],"yoast_head":"<!-- This site is optimized with the Yoast SEO plugin v19.7.1 - https:\/\/yoast.com\/wordpress\/plugins\/seo\/ -->\n<title>LA COMUNIDAD DE TRES PICOS FESTEJO LOS 50 A\u00d1OS DE LA SALA MEDICA - CELTTV<\/title>\n<meta name=\"description\" content=\"Sitio web de noticias de la localidad de Tornquist, provincia de Buenos Aires, Rep\u00fablica Argentina. Contenido propio originado por periodistas de CELTTV, el canal de TV local de la Cooperativa El\u00e9ctrica de Tornquist. Turismo, Pol\u00edtica, Sociedad, Deporte, Cultura y todo el contenido de inter\u00e9s general que la gente del pueblo y la regi\u00f3n debe conocer.\" \/>\n<meta name=\"robots\" content=\"index, follow, max-snippet:-1, max-image-preview:large, max-video-preview:-1\" \/>\n<link rel=\"canonical\" href=\"https:\/\/www.celttv.com.ar\/index.php\/2012\/09\/14\/la-comunidad-de-tres-picos-festejo-los-50-anos-de-la-sala-medica\/\" \/>\n<meta property=\"og:locale\" content=\"es_ES\" \/>\n<meta property=\"og:type\" content=\"article\" \/>\n<meta property=\"og:title\" content=\"LA COMUNIDAD DE TRES PICOS FESTEJO LOS 50 A\u00d1OS DE LA SALA MEDICA - CELTTV\" \/>\n<meta property=\"og:description\" content=\"Sitio web de noticias de la localidad de Tornquist, provincia de Buenos Aires, Rep\u00fablica Argentina. Contenido propio originado por periodistas de CELTTV, el canal de TV local de la Cooperativa El\u00e9ctrica de Tornquist. Turismo, Pol\u00edtica, Sociedad, Deporte, Cultura y todo el contenido de inter\u00e9s general que la gente del pueblo y la regi\u00f3n debe conocer.\" \/>\n<meta property=\"og:url\" content=\"https:\/\/www.celttv.com.ar\/index.php\/2012\/09\/14\/la-comunidad-de-tres-picos-festejo-los-50-anos-de-la-sala-medica\/\" \/>\n<meta property=\"og:site_name\" content=\"CELTTV\" \/>\n<meta property=\"article:publisher\" content=\"https:\/\/www.facebook.com\/celtTV\/\" \/>\n<meta property=\"article:published_time\" content=\"2012-09-14T00:20:45+00:00\" \/>\n<meta name=\"author\" content=\"ulises\" \/>\n<meta name=\"twitter:card\" content=\"summary_large_image\" \/>\n<meta name=\"twitter:label1\" content=\"Escrito por\" \/>\n\t<meta name=\"twitter:data1\" content=\"ulises\" \/>\n\t<meta name=\"twitter:label2\" content=\"Tiempo de lectura\" \/>\n\t<meta name=\"twitter:data2\" content=\"3 minutos\" \/>\n<script type=\"application\/ld+json\" class=\"yoast-schema-graph\">{\"@context\":\"https:\/\/schema.org\",\"@graph\":[{\"@type\":\"NewsArticle\",\"@id\":\"https:\/\/www.celttv.com.ar\/index.php\/2012\/09\/14\/la-comunidad-de-tres-picos-festejo-los-50-anos-de-la-sala-medica\/#article\",\"isPartOf\":{\"@id\":\"https:\/\/www.celttv.com.ar\/index.php\/2012\/09\/14\/la-comunidad-de-tres-picos-festejo-los-50-anos-de-la-sala-medica\/\"},\"author\":{\"name\":\"ulises\",\"@id\":\"https:\/\/www.celttv.com.ar\/#\/schema\/person\/6d99c072dba59953809c81446e9d0ace\"},\"headline\":\"LA COMUNIDAD DE TRES PICOS FESTEJO LOS 50 A\u00d1OS DE LA SALA MEDICA\",\"datePublished\":\"2012-09-14T00:20:45+00:00\",\"dateModified\":\"2012-09-14T00:20:45+00:00\",\"mainEntityOfPage\":{\"@id\":\"https:\/\/www.celttv.com.ar\/index.php\/2012\/09\/14\/la-comunidad-de-tres-picos-festejo-los-50-anos-de-la-sala-medica\/\"},\"wordCount\":519,\"publisher\":{\"@id\":\"https:\/\/www.celttv.com.ar\/#organization\"},\"articleSection\":[\"Comunidad\",\"Destacadas\",\"Pol\u00edtica\"],\"inLanguage\":\"es\"},{\"@type\":\"WebPage\",\"@id\":\"https:\/\/www.celttv.com.ar\/index.php\/2012\/09\/14\/la-comunidad-de-tres-picos-festejo-los-50-anos-de-la-sala-medica\/\",\"url\":\"https:\/\/www.celttv.com.ar\/index.php\/2012\/09\/14\/la-comunidad-de-tres-picos-festejo-los-50-anos-de-la-sala-medica\/\",\"name\":\"LA COMUNIDAD DE TRES PICOS FESTEJO LOS 50 A\u00d1OS DE LA SALA MEDICA - CELTTV\",\"isPartOf\":{\"@id\":\"https:\/\/www.celttv.com.ar\/#website\"},\"datePublished\":\"2012-09-14T00:20:45+00:00\",\"dateModified\":\"2012-09-14T00:20:45+00:00\",\"description\":\"Sitio web de noticias de la localidad de Tornquist, provincia de Buenos Aires, Rep\u00fablica Argentina. Contenido propio originado por periodistas de CELTTV, el canal de TV local de la Cooperativa El\u00e9ctrica de Tornquist. Turismo, Pol\u00edtica, Sociedad, Deporte, Cultura y todo el contenido de inter\u00e9s general que la gente del pueblo y la regi\u00f3n debe conocer.\",\"breadcrumb\":{\"@id\":\"https:\/\/www.celttv.com.ar\/index.php\/2012\/09\/14\/la-comunidad-de-tres-picos-festejo-los-50-anos-de-la-sala-medica\/#breadcrumb\"},\"inLanguage\":\"es\",\"potentialAction\":[{\"@type\":\"ReadAction\",\"target\":[\"https:\/\/www.celttv.com.ar\/index.php\/2012\/09\/14\/la-comunidad-de-tres-picos-festejo-los-50-anos-de-la-sala-medica\/\"]}]},{\"@type\":\"BreadcrumbList\",\"@id\":\"https:\/\/www.celttv.com.ar\/index.php\/2012\/09\/14\/la-comunidad-de-tres-picos-festejo-los-50-anos-de-la-sala-medica\/#breadcrumb\",\"itemListElement\":[{\"@type\":\"ListItem\",\"position\":1,\"name\":\"Inicio\",\"item\":\"https:\/\/www.celttv.com.ar\/\"},{\"@type\":\"ListItem\",\"position\":2,\"name\":\"LA COMUNIDAD DE TRES PICOS FESTEJO LOS 50 A\u00d1OS DE LA SALA MEDICA\"}]},{\"@type\":\"WebSite\",\"@id\":\"https:\/\/www.celttv.com.ar\/#website\",\"url\":\"https:\/\/www.celttv.com.ar\/\",\"name\":\"CELTTV\",\"description\":\"Cooperativa El\u00e9ctrica de Tornquist\",\"publisher\":{\"@id\":\"https:\/\/www.celttv.com.ar\/#organization\"},\"potentialAction\":[{\"@type\":\"SearchAction\",\"target\":{\"@type\":\"EntryPoint\",\"urlTemplate\":\"https:\/\/www.celttv.com.ar\/?s={search_term_string}\"},\"query-input\":\"required name=search_term_string\"}],\"inLanguage\":\"es\"},{\"@type\":\"Organization\",\"@id\":\"https:\/\/www.celttv.com.ar\/#organization\",\"name\":\"CELTTV\",\"url\":\"https:\/\/www.celttv.com.ar\/\",\"sameAs\":[\"https:\/\/www.youtube.com\/channel\/UCz_oIt8Hig64Ub-EmcNPIhg\",\"https:\/\/www.facebook.com\/celtTV\/\"],\"logo\":{\"@type\":\"ImageObject\",\"inLanguage\":\"es\",\"@id\":\"https:\/\/www.celttv.com.ar\/#\/schema\/logo\/image\/\",\"url\":\"http:\/\/www.celttv.com.ar\/wp-content\/uploads\/2022\/08\/logo-1.png\",\"contentUrl\":\"http:\/\/www.celttv.com.ar\/wp-content\/uploads\/2022\/08\/logo-1.png\",\"width\":461,\"height\":159,\"caption\":\"CELTTV\"},\"image\":{\"@id\":\"https:\/\/www.celttv.com.ar\/#\/schema\/logo\/image\/\"}},{\"@type\":\"Person\",\"@id\":\"https:\/\/www.celttv.com.ar\/#\/schema\/person\/6d99c072dba59953809c81446e9d0ace\",\"name\":\"ulises\",\"image\":{\"@type\":\"ImageObject\",\"inLanguage\":\"es\",\"@id\":\"https:\/\/www.celttv.com.ar\/#\/schema\/person\/image\/\",\"url\":\"https:\/\/secure.gravatar.com\/avatar\/7f2c48bdc33b30088f941fb6082e555f2874c98e20cb159d7b92b50eadfce793?s=96&d=mm&r=g\",\"contentUrl\":\"https:\/\/secure.gravatar.com\/avatar\/7f2c48bdc33b30088f941fb6082e555f2874c98e20cb159d7b92b50eadfce793?s=96&d=mm&r=g\",\"caption\":\"ulises\"},\"sameAs\":[\"http:\/\/www.celttv.com.ar\"]}]}<\/script>\n<!-- \/ Yoast SEO plugin. -->","yoast_head_json":{"title":"LA COMUNIDAD DE TRES PICOS FESTEJO LOS 50 A\u00d1OS DE LA SALA MEDICA - CELTTV","description":"Sitio web de noticias de la localidad de Tornquist, provincia de Buenos Aires, Rep\u00fablica Argentina. Contenido propio originado por periodistas de CELTTV, el canal de TV local de la Cooperativa El\u00e9ctrica de Tornquist. Turismo, Pol\u00edtica, Sociedad, Deporte, Cultura y todo el contenido de inter\u00e9s general que la gente del pueblo y la regi\u00f3n debe conocer.","robots":{"index":"index","follow":"follow","max-snippet":"max-snippet:-1","max-image-preview":"max-image-preview:large","max-video-preview":"max-video-preview:-1"},"canonical":"https:\/\/www.celttv.com.ar\/index.php\/2012\/09\/14\/la-comunidad-de-tres-picos-festejo-los-50-anos-de-la-sala-medica\/","og_locale":"es_ES","og_type":"article","og_title":"LA COMUNIDAD DE TRES PICOS FESTEJO LOS 50 A\u00d1OS DE LA SALA MEDICA - CELTTV","og_description":"Sitio web de noticias de la localidad de Tornquist, provincia de Buenos Aires, Rep\u00fablica Argentina. Contenido propio originado por periodistas de CELTTV, el canal de TV local de la Cooperativa El\u00e9ctrica de Tornquist. Turismo, Pol\u00edtica, Sociedad, Deporte, Cultura y todo el contenido de inter\u00e9s general que la gente del pueblo y la regi\u00f3n debe conocer.","og_url":"https:\/\/www.celttv.com.ar\/index.php\/2012\/09\/14\/la-comunidad-de-tres-picos-festejo-los-50-anos-de-la-sala-medica\/","og_site_name":"CELTTV","article_publisher":"https:\/\/www.facebook.com\/celtTV\/","article_published_time":"2012-09-14T00:20:45+00:00","author":"ulises","twitter_card":"summary_large_image","twitter_misc":{"Escrito por":"ulises","Tiempo de lectura":"3 minutos"},"schema":{"@context":"https:\/\/schema.org","@graph":[{"@type":"NewsArticle","@id":"https:\/\/www.celttv.com.ar\/index.php\/2012\/09\/14\/la-comunidad-de-tres-picos-festejo-los-50-anos-de-la-sala-medica\/#article","isPartOf":{"@id":"https:\/\/www.celttv.com.ar\/index.php\/2012\/09\/14\/la-comunidad-de-tres-picos-festejo-los-50-anos-de-la-sala-medica\/"},"author":{"name":"ulises","@id":"https:\/\/www.celttv.com.ar\/#\/schema\/person\/6d99c072dba59953809c81446e9d0ace"},"headline":"LA COMUNIDAD DE TRES PICOS FESTEJO LOS 50 A\u00d1OS DE LA SALA MEDICA","datePublished":"2012-09-14T00:20:45+00:00","dateModified":"2012-09-14T00:20:45+00:00","mainEntityOfPage":{"@id":"https:\/\/www.celttv.com.ar\/index.php\/2012\/09\/14\/la-comunidad-de-tres-picos-festejo-los-50-anos-de-la-sala-medica\/"},"wordCount":519,"publisher":{"@id":"https:\/\/www.celttv.com.ar\/#organization"},"articleSection":["Comunidad","Destacadas","Pol\u00edtica"],"inLanguage":"es"},{"@type":"WebPage","@id":"https:\/\/www.celttv.com.ar\/index.php\/2012\/09\/14\/la-comunidad-de-tres-picos-festejo-los-50-anos-de-la-sala-medica\/","url":"https:\/\/www.celttv.com.ar\/index.php\/2012\/09\/14\/la-comunidad-de-tres-picos-festejo-los-50-anos-de-la-sala-medica\/","name":"LA COMUNIDAD DE TRES PICOS FESTEJO LOS 50 A\u00d1OS DE LA SALA MEDICA - CELTTV","isPartOf":{"@id":"https:\/\/www.celttv.com.ar\/#website"},"datePublished":"2012-09-14T00:20:45+00:00","dateModified":"2012-09-14T00:20:45+00:00","description":"Sitio web de noticias de la localidad de Tornquist, provincia de Buenos Aires, Rep\u00fablica Argentina. Contenido propio originado por periodistas de CELTTV, el canal de TV local de la Cooperativa El\u00e9ctrica de Tornquist. Turismo, Pol\u00edtica, Sociedad, Deporte, Cultura y todo el contenido de inter\u00e9s general que la gente del pueblo y la regi\u00f3n debe conocer.","breadcrumb":{"@id":"https:\/\/www.celttv.com.ar\/index.php\/2012\/09\/14\/la-comunidad-de-tres-picos-festejo-los-50-anos-de-la-sala-medica\/#breadcrumb"},"inLanguage":"es","potentialAction":[{"@type":"ReadAction","target":["https:\/\/www.celttv.com.ar\/index.php\/2012\/09\/14\/la-comunidad-de-tres-picos-festejo-los-50-anos-de-la-sala-medica\/"]}]},{"@type":"BreadcrumbList","@id":"https:\/\/www.celttv.com.ar\/index.php\/2012\/09\/14\/la-comunidad-de-tres-picos-festejo-los-50-anos-de-la-sala-medica\/#breadcrumb","itemListElement":[{"@type":"ListItem","position":1,"name":"Inicio","item":"https:\/\/www.celttv.com.ar\/"},{"@type":"ListItem","position":2,"name":"LA COMUNIDAD DE TRES PICOS FESTEJO LOS 50 A\u00d1OS DE LA SALA MEDICA"}]},{"@type":"WebSite","@id":"https:\/\/www.celttv.com.ar\/#website","url":"https:\/\/www.celttv.com.ar\/","name":"CELTTV","description":"Cooperativa El\u00e9ctrica de Tornquist","publisher":{"@id":"https:\/\/www.celttv.com.ar\/#organization"},"potentialAction":[{"@type":"SearchAction","target":{"@type":"EntryPoint","urlTemplate":"https:\/\/www.celttv.com.ar\/?s={search_term_string}"},"query-input":"required name=search_term_string"}],"inLanguage":"es"},{"@type":"Organization","@id":"https:\/\/www.celttv.com.ar\/#organization","name":"CELTTV","url":"https:\/\/www.celttv.com.ar\/","sameAs":["https:\/\/www.youtube.com\/channel\/UCz_oIt8Hig64Ub-EmcNPIhg","https:\/\/www.facebook.com\/celtTV\/"],"logo":{"@type":"ImageObject","inLanguage":"es","@id":"https:\/\/www.celttv.com.ar\/#\/schema\/logo\/image\/","url":"http:\/\/www.celttv.com.ar\/wp-content\/uploads\/2022\/08\/logo-1.png","contentUrl":"http:\/\/www.celttv.com.ar\/wp-content\/uploads\/2022\/08\/logo-1.png","width":461,"height":159,"caption":"CELTTV"},"image":{"@id":"https:\/\/www.celttv.com.ar\/#\/schema\/logo\/image\/"}},{"@type":"Person","@id":"https:\/\/www.celttv.com.ar\/#\/schema\/person\/6d99c072dba59953809c81446e9d0ace","name":"ulises","image":{"@type":"ImageObject","inLanguage":"es","@id":"https:\/\/www.celttv.com.ar\/#\/schema\/person\/image\/","url":"https:\/\/secure.gravatar.com\/avatar\/7f2c48bdc33b30088f941fb6082e555f2874c98e20cb159d7b92b50eadfce793?s=96&d=mm&r=g","contentUrl":"https:\/\/secure.gravatar.com\/avatar\/7f2c48bdc33b30088f941fb6082e555f2874c98e20cb159d7b92b50eadfce793?s=96&d=mm&r=g","caption":"ulises"},"sameAs":["http:\/\/www.celttv.com.ar"]}]}},"_links":{"self":[{"href":"https:\/\/www.celttv.com.ar\/index.php\/wp-json\/wp\/v2\/posts\/8192","targetHints":{"allow":["GET"]}}],"collection":[{"href":"https:\/\/www.celttv.com.ar\/index.php\/wp-json\/wp\/v2\/posts"}],"about":[{"href":"https:\/\/www.celttv.com.ar\/index.php\/wp-json\/wp\/v2\/types\/post"}],"author":[{"embeddable":true,"href":"https:\/\/www.celttv.com.ar\/index.php\/wp-json\/wp\/v2\/users\/1"}],"replies":[{"embeddable":true,"href":"https:\/\/www.celttv.com.ar\/index.php\/wp-json\/wp\/v2\/comments?post=8192"}],"version-history":[{"count":0,"href":"https:\/\/www.celttv.com.ar\/index.php\/wp-json\/wp\/v2\/posts\/8192\/revisions"}],"wp:attachment":[{"href":"https:\/\/www.celttv.com.ar\/index.php\/wp-json\/wp\/v2\/media?parent=8192"}],"wp:term":[{"taxonomy":"category","embeddable":true,"href":"https:\/\/www.celttv.com.ar\/index.php\/wp-json\/wp\/v2\/categories?post=8192"},{"taxonomy":"post_tag","embeddable":true,"href":"https:\/\/www.celttv.com.ar\/index.php\/wp-json\/wp\/v2\/tags?post=8192"}],"curies":[{"name":"wp","href":"https:\/\/api.w.org\/{rel}","templated":true}]}}