{"id":82036,"date":"2024-02-14T22:32:26","date_gmt":"2024-02-15T01:32:26","guid":{"rendered":"https:\/\/www.celttv.com.ar\/?p=82036"},"modified":"2024-02-14T22:52:35","modified_gmt":"2024-02-15T01:52:35","slug":"ignacio-bucchi-estamos-haciendo-lo-que-esta-a-nuestro-alcance","status":"publish","type":"post","link":"https:\/\/www.celttv.com.ar\/index.php\/2024\/02\/14\/ignacio-bucchi-estamos-haciendo-lo-que-esta-a-nuestro-alcance\/","title":{"rendered":"Ignacio Bucchi: &#8220;Estamos haciendo lo que est\u00e1 a nuestro alcance&#8221;"},"content":{"rendered":"<p>El presidente de la CELT. Ignacio Bucchi y la tesorera de la instituci\u00f3n Mirta Rold\u00e1n, dialogaron con CELTTV Noticias brindando detalles sobre la actual situaci\u00f3n energ\u00e9tica dentro del \u00e1rea de concesi\u00f3n \u00a0de la CELT. y los continuos cortes sufridos en el sector serrano.<\/p>\n<p>&#8220;Yo entiendo a la gente y quienes vienen con fundamentos merecen que le demos explicaciones y entendemos lo que impacta en el sector tur\u00edstico&#8221; dijo Bucchi en relaci\u00f3n a los reclamos de los asociados que sufren interrupciones en el servicio.<\/p>\n<p>El presidente de la CELT. destac\u00f3 que desde la instituci\u00f3n se dan los pasos administrativos que corresponden para reclamar ante la empresa EDES., prestataria del servicio, por las reiteradas interrupciones del servicio.<\/p>\n<p>&#8220;Hasta aqui la Cooperativa El\u00e9ctrica llega y volveremos a reiterar los reclamos. La empresa EDES no ha hecho las inversiones que ten\u00eda que hacer y hoy, luego del temporal, nos dicen que tenemos que esperar de dos a cuatro meses para comenzar a normalizar&#8221; explic\u00f3 el presidente de la CELT.<\/p>\n<p>Bucchi hizo un repaso de los costos que signific\u00f3 para la CELT el temporal, estimado en alrededor de 60 millones de pesos.<\/p>\n<p>En otro p\u00e1rrafo indic\u00f3 que las cooperativas afectadas por los continuos cortes son, adem\u00e1s de la CELT., las Cooperativas de Cabildo, Saldungaray y Sierra de la Ventana.<\/p>\n<p>&#8220;Estamos haciendo todo lo que est\u00e1 a nuestro alcance, incluso el Municipio ha tomado intervenci\u00f3n ya que tambi\u00e9n influye en Sierra de la Ventana y Saldungaray&#8221;<\/p>\n<p>&nbsp;<\/p>\n<p>Mirta Rold\u00e1n, Tesorera de\u00a0 la CELT.<\/p>\n<p>&#8220;Queremos establecer prioridades&#8221;<\/p>\n<p>Respecto a los inconvenientes econ\u00f3micos derivados de esta imprevista situaci\u00f3n, la tesorera de la instituci\u00f3n destac\u00f3 que &#8220;Queremos establecer prioridades y ya tenemos ingenieros contratados para que eval\u00faen prioridades de manera que, cuando concluya la tarea de EDES., nosotros tambi\u00e9n comencemos a trabajar para que no sigan ocurriendo este tipo de cosas. Para esto seguimos esperando las tarifas que nos permitan funcionar correctamente, pero todav\u00eda continuamos con esa incertidumbre&#8221; subray\u00f3 Mirta Rold\u00e1n.<\/p>\n<p>&nbsp;<\/p>\n<p>&#8220;Si no tenemos tarifas estamos en un problema financiero grande&#8221; agreg\u00f3 Ignacio Bucchi. &#8220;Esperamos el aumento de tarifas para ver si eso nos hace quedar financieramente equilibrados&#8221; destac\u00f3.<\/p>\n<p><iframe loading=\"lazy\" title=\"2024 02 14 NOTA A IGNACIO BUCCHI Y MIRTA ROLDAN\" width=\"500\" height=\"281\" src=\"https:\/\/www.youtube.com\/embed\/iqQjEz0OR70?feature=oembed\" frameborder=\"0\" allow=\"accelerometer; autoplay; clipboard-write; encrypted-media; gyroscope; picture-in-picture; web-share\" referrerpolicy=\"strict-origin-when-cross-origin\" allowfullscreen><\/iframe><\/p>\n","protected":false},"excerpt":{"rendered":"<p>El presidente de la CELT. Ignacio Bucchi y la tesorera de la instituci\u00f3n Mirta Rold\u00e1n, dialogaron con CELTTV Noticias brindando detalles sobre la actual situaci\u00f3n energ\u00e9tica dentro del \u00e1rea de concesi\u00f3n \u00a0de la CELT. y los continuos cortes sufridos en el sector serrano. &#8220;Yo entiendo a la gente y quienes vienen con fundamentos merecen que [&hellip;]<\/p>\n","protected":false},"author":5,"featured_media":82038,"comment_status":"closed","ping_status":"closed","sticky":false,"template":"","format":"standard","meta":{"footnotes":""},"categories":[51,52],"tags":[],"class_list":["post-82036","post","type-post","status-publish","format-standard","has-post-thumbnail","hentry","category-comunidad","category-destacadas"],"yoast_head":"<!-- This site is optimized with the Yoast SEO plugin v19.7.1 - https:\/\/yoast.com\/wordpress\/plugins\/seo\/ -->\n<title>Ignacio Bucchi: &quot;Estamos haciendo lo que est\u00e1 a nuestro alcance&quot; - CELTTV<\/title>\n<meta name=\"description\" content=\"Sitio web de noticias de la localidad de Tornquist, provincia de Buenos Aires, Rep\u00fablica Argentina. Contenido propio originado por periodistas de CELTTV, el canal de TV local de la Cooperativa El\u00e9ctrica de Tornquist. Turismo, Pol\u00edtica, Sociedad, Deporte, Cultura y todo el contenido de inter\u00e9s general que la gente del pueblo y la regi\u00f3n debe conocer.\" \/>\n<meta name=\"robots\" content=\"index, follow, max-snippet:-1, max-image-preview:large, max-video-preview:-1\" \/>\n<link rel=\"canonical\" href=\"https:\/\/www.celttv.com.ar\/index.php\/2024\/02\/14\/ignacio-bucchi-estamos-haciendo-lo-que-esta-a-nuestro-alcance\/\" \/>\n<meta property=\"og:locale\" content=\"es_ES\" \/>\n<meta property=\"og:type\" content=\"article\" \/>\n<meta property=\"og:title\" content=\"Ignacio Bucchi: &quot;Estamos haciendo lo que est\u00e1 a nuestro alcance&quot; - CELTTV\" \/>\n<meta property=\"og:description\" content=\"Sitio web de noticias de la localidad de Tornquist, provincia de Buenos Aires, Rep\u00fablica Argentina. Contenido propio originado por periodistas de CELTTV, el canal de TV local de la Cooperativa El\u00e9ctrica de Tornquist. Turismo, Pol\u00edtica, Sociedad, Deporte, Cultura y todo el contenido de inter\u00e9s general que la gente del pueblo y la regi\u00f3n debe conocer.\" \/>\n<meta property=\"og:url\" content=\"https:\/\/www.celttv.com.ar\/index.php\/2024\/02\/14\/ignacio-bucchi-estamos-haciendo-lo-que-esta-a-nuestro-alcance\/\" \/>\n<meta property=\"og:site_name\" content=\"CELTTV\" \/>\n<meta property=\"article:publisher\" content=\"https:\/\/www.facebook.com\/celtTV\/\" \/>\n<meta property=\"article:published_time\" content=\"2024-02-15T01:32:26+00:00\" \/>\n<meta property=\"article:modified_time\" content=\"2024-02-15T01:52:35+00:00\" \/>\n<meta property=\"og:image\" content=\"https:\/\/www.celttv.com.ar\/wp-content\/uploads\/2024\/02\/BUCCHI.jpg\" \/>\n\t<meta property=\"og:image:width\" content=\"875\" \/>\n\t<meta property=\"og:image:height\" content=\"605\" \/>\n\t<meta property=\"og:image:type\" content=\"image\/jpeg\" \/>\n<meta name=\"author\" content=\"Miguel Herrada\" \/>\n<meta name=\"twitter:card\" content=\"summary_large_image\" \/>\n<meta name=\"twitter:label1\" content=\"Escrito por\" \/>\n\t<meta name=\"twitter:data1\" content=\"Miguel Herrada\" \/>\n\t<meta name=\"twitter:label2\" content=\"Tiempo de lectura\" \/>\n\t<meta name=\"twitter:data2\" content=\"2 minutos\" \/>\n<script type=\"application\/ld+json\" class=\"yoast-schema-graph\">{\"@context\":\"https:\/\/schema.org\",\"@graph\":[{\"@type\":\"NewsArticle\",\"@id\":\"https:\/\/www.celttv.com.ar\/index.php\/2024\/02\/14\/ignacio-bucchi-estamos-haciendo-lo-que-esta-a-nuestro-alcance\/#article\",\"isPartOf\":{\"@id\":\"https:\/\/www.celttv.com.ar\/index.php\/2024\/02\/14\/ignacio-bucchi-estamos-haciendo-lo-que-esta-a-nuestro-alcance\/\"},\"author\":{\"name\":\"Miguel Herrada\",\"@id\":\"https:\/\/www.celttv.com.ar\/#\/schema\/person\/9059dc91dc7204ef4182cdb65225f07d\"},\"headline\":\"Ignacio Bucchi: &#8220;Estamos haciendo lo que est\u00e1 a nuestro alcance&#8221;\",\"datePublished\":\"2024-02-15T01:32:26+00:00\",\"dateModified\":\"2024-02-15T01:52:35+00:00\",\"mainEntityOfPage\":{\"@id\":\"https:\/\/www.celttv.com.ar\/index.php\/2024\/02\/14\/ignacio-bucchi-estamos-haciendo-lo-que-esta-a-nuestro-alcance\/\"},\"wordCount\":387,\"publisher\":{\"@id\":\"https:\/\/www.celttv.com.ar\/#organization\"},\"articleSection\":[\"Comunidad\",\"Destacadas\"],\"inLanguage\":\"es\"},{\"@type\":\"WebPage\",\"@id\":\"https:\/\/www.celttv.com.ar\/index.php\/2024\/02\/14\/ignacio-bucchi-estamos-haciendo-lo-que-esta-a-nuestro-alcance\/\",\"url\":\"https:\/\/www.celttv.com.ar\/index.php\/2024\/02\/14\/ignacio-bucchi-estamos-haciendo-lo-que-esta-a-nuestro-alcance\/\",\"name\":\"Ignacio Bucchi: \\\"Estamos haciendo lo que est\u00e1 a nuestro alcance\\\" - CELTTV\",\"isPartOf\":{\"@id\":\"https:\/\/www.celttv.com.ar\/#website\"},\"datePublished\":\"2024-02-15T01:32:26+00:00\",\"dateModified\":\"2024-02-15T01:52:35+00:00\",\"description\":\"Sitio web de noticias de la localidad de Tornquist, provincia de Buenos Aires, Rep\u00fablica Argentina. Contenido propio originado por periodistas de CELTTV, el canal de TV local de la Cooperativa El\u00e9ctrica de Tornquist. Turismo, Pol\u00edtica, Sociedad, Deporte, Cultura y todo el contenido de inter\u00e9s general que la gente del pueblo y la regi\u00f3n debe conocer.\",\"breadcrumb\":{\"@id\":\"https:\/\/www.celttv.com.ar\/index.php\/2024\/02\/14\/ignacio-bucchi-estamos-haciendo-lo-que-esta-a-nuestro-alcance\/#breadcrumb\"},\"inLanguage\":\"es\",\"potentialAction\":[{\"@type\":\"ReadAction\",\"target\":[\"https:\/\/www.celttv.com.ar\/index.php\/2024\/02\/14\/ignacio-bucchi-estamos-haciendo-lo-que-esta-a-nuestro-alcance\/\"]}]},{\"@type\":\"BreadcrumbList\",\"@id\":\"https:\/\/www.celttv.com.ar\/index.php\/2024\/02\/14\/ignacio-bucchi-estamos-haciendo-lo-que-esta-a-nuestro-alcance\/#breadcrumb\",\"itemListElement\":[{\"@type\":\"ListItem\",\"position\":1,\"name\":\"Inicio\",\"item\":\"https:\/\/www.celttv.com.ar\/\"},{\"@type\":\"ListItem\",\"position\":2,\"name\":\"Ignacio Bucchi: &#8220;Estamos haciendo lo que est\u00e1 a nuestro alcance&#8221;\"}]},{\"@type\":\"WebSite\",\"@id\":\"https:\/\/www.celttv.com.ar\/#website\",\"url\":\"https:\/\/www.celttv.com.ar\/\",\"name\":\"CELTTV\",\"description\":\"Cooperativa El\u00e9ctrica de Tornquist\",\"publisher\":{\"@id\":\"https:\/\/www.celttv.com.ar\/#organization\"},\"potentialAction\":[{\"@type\":\"SearchAction\",\"target\":{\"@type\":\"EntryPoint\",\"urlTemplate\":\"https:\/\/www.celttv.com.ar\/?s={search_term_string}\"},\"query-input\":\"required name=search_term_string\"}],\"inLanguage\":\"es\"},{\"@type\":\"Organization\",\"@id\":\"https:\/\/www.celttv.com.ar\/#organization\",\"name\":\"CELTTV\",\"url\":\"https:\/\/www.celttv.com.ar\/\",\"sameAs\":[\"https:\/\/www.youtube.com\/channel\/UCz_oIt8Hig64Ub-EmcNPIhg\",\"https:\/\/www.facebook.com\/celtTV\/\"],\"logo\":{\"@type\":\"ImageObject\",\"inLanguage\":\"es\",\"@id\":\"https:\/\/www.celttv.com.ar\/#\/schema\/logo\/image\/\",\"url\":\"http:\/\/www.celttv.com.ar\/wp-content\/uploads\/2022\/08\/logo-1.png\",\"contentUrl\":\"http:\/\/www.celttv.com.ar\/wp-content\/uploads\/2022\/08\/logo-1.png\",\"width\":461,\"height\":159,\"caption\":\"CELTTV\"},\"image\":{\"@id\":\"https:\/\/www.celttv.com.ar\/#\/schema\/logo\/image\/\"}},{\"@type\":\"Person\",\"@id\":\"https:\/\/www.celttv.com.ar\/#\/schema\/person\/9059dc91dc7204ef4182cdb65225f07d\",\"name\":\"Miguel Herrada\",\"image\":{\"@type\":\"ImageObject\",\"inLanguage\":\"es\",\"@id\":\"https:\/\/www.celttv.com.ar\/#\/schema\/person\/image\/\",\"url\":\"https:\/\/secure.gravatar.com\/avatar\/67724d5b3c716623ffd76bec7e45841a442ac3b456e914dbba90b0fad2b8e0b1?s=96&d=mm&r=g\",\"contentUrl\":\"https:\/\/secure.gravatar.com\/avatar\/67724d5b3c716623ffd76bec7e45841a442ac3b456e914dbba90b0fad2b8e0b1?s=96&d=mm&r=g\",\"caption\":\"Miguel Herrada\"}}]}<\/script>\n<!-- \/ Yoast SEO plugin. -->","yoast_head_json":{"title":"Ignacio Bucchi: \"Estamos haciendo lo que est\u00e1 a nuestro alcance\" - CELTTV","description":"Sitio web de noticias de la localidad de Tornquist, provincia de Buenos Aires, Rep\u00fablica Argentina. Contenido propio originado por periodistas de CELTTV, el canal de TV local de la Cooperativa El\u00e9ctrica de Tornquist. Turismo, Pol\u00edtica, Sociedad, Deporte, Cultura y todo el contenido de inter\u00e9s general que la gente del pueblo y la regi\u00f3n debe conocer.","robots":{"index":"index","follow":"follow","max-snippet":"max-snippet:-1","max-image-preview":"max-image-preview:large","max-video-preview":"max-video-preview:-1"},"canonical":"https:\/\/www.celttv.com.ar\/index.php\/2024\/02\/14\/ignacio-bucchi-estamos-haciendo-lo-que-esta-a-nuestro-alcance\/","og_locale":"es_ES","og_type":"article","og_title":"Ignacio Bucchi: \"Estamos haciendo lo que est\u00e1 a nuestro alcance\" - CELTTV","og_description":"Sitio web de noticias de la localidad de Tornquist, provincia de Buenos Aires, Rep\u00fablica Argentina. Contenido propio originado por periodistas de CELTTV, el canal de TV local de la Cooperativa El\u00e9ctrica de Tornquist. Turismo, Pol\u00edtica, Sociedad, Deporte, Cultura y todo el contenido de inter\u00e9s general que la gente del pueblo y la regi\u00f3n debe conocer.","og_url":"https:\/\/www.celttv.com.ar\/index.php\/2024\/02\/14\/ignacio-bucchi-estamos-haciendo-lo-que-esta-a-nuestro-alcance\/","og_site_name":"CELTTV","article_publisher":"https:\/\/www.facebook.com\/celtTV\/","article_published_time":"2024-02-15T01:32:26+00:00","article_modified_time":"2024-02-15T01:52:35+00:00","og_image":[{"width":875,"height":605,"url":"https:\/\/www.celttv.com.ar\/wp-content\/uploads\/2024\/02\/BUCCHI.jpg","type":"image\/jpeg"}],"author":"Miguel Herrada","twitter_card":"summary_large_image","twitter_misc":{"Escrito por":"Miguel Herrada","Tiempo de lectura":"2 minutos"},"schema":{"@context":"https:\/\/schema.org","@graph":[{"@type":"NewsArticle","@id":"https:\/\/www.celttv.com.ar\/index.php\/2024\/02\/14\/ignacio-bucchi-estamos-haciendo-lo-que-esta-a-nuestro-alcance\/#article","isPartOf":{"@id":"https:\/\/www.celttv.com.ar\/index.php\/2024\/02\/14\/ignacio-bucchi-estamos-haciendo-lo-que-esta-a-nuestro-alcance\/"},"author":{"name":"Miguel Herrada","@id":"https:\/\/www.celttv.com.ar\/#\/schema\/person\/9059dc91dc7204ef4182cdb65225f07d"},"headline":"Ignacio Bucchi: &#8220;Estamos haciendo lo que est\u00e1 a nuestro alcance&#8221;","datePublished":"2024-02-15T01:32:26+00:00","dateModified":"2024-02-15T01:52:35+00:00","mainEntityOfPage":{"@id":"https:\/\/www.celttv.com.ar\/index.php\/2024\/02\/14\/ignacio-bucchi-estamos-haciendo-lo-que-esta-a-nuestro-alcance\/"},"wordCount":387,"publisher":{"@id":"https:\/\/www.celttv.com.ar\/#organization"},"articleSection":["Comunidad","Destacadas"],"inLanguage":"es"},{"@type":"WebPage","@id":"https:\/\/www.celttv.com.ar\/index.php\/2024\/02\/14\/ignacio-bucchi-estamos-haciendo-lo-que-esta-a-nuestro-alcance\/","url":"https:\/\/www.celttv.com.ar\/index.php\/2024\/02\/14\/ignacio-bucchi-estamos-haciendo-lo-que-esta-a-nuestro-alcance\/","name":"Ignacio Bucchi: \"Estamos haciendo lo que est\u00e1 a nuestro alcance\" - CELTTV","isPartOf":{"@id":"https:\/\/www.celttv.com.ar\/#website"},"datePublished":"2024-02-15T01:32:26+00:00","dateModified":"2024-02-15T01:52:35+00:00","description":"Sitio web de noticias de la localidad de Tornquist, provincia de Buenos Aires, Rep\u00fablica Argentina. Contenido propio originado por periodistas de CELTTV, el canal de TV local de la Cooperativa El\u00e9ctrica de Tornquist. Turismo, Pol\u00edtica, Sociedad, Deporte, Cultura y todo el contenido de inter\u00e9s general que la gente del pueblo y la regi\u00f3n debe conocer.","breadcrumb":{"@id":"https:\/\/www.celttv.com.ar\/index.php\/2024\/02\/14\/ignacio-bucchi-estamos-haciendo-lo-que-esta-a-nuestro-alcance\/#breadcrumb"},"inLanguage":"es","potentialAction":[{"@type":"ReadAction","target":["https:\/\/www.celttv.com.ar\/index.php\/2024\/02\/14\/ignacio-bucchi-estamos-haciendo-lo-que-esta-a-nuestro-alcance\/"]}]},{"@type":"BreadcrumbList","@id":"https:\/\/www.celttv.com.ar\/index.php\/2024\/02\/14\/ignacio-bucchi-estamos-haciendo-lo-que-esta-a-nuestro-alcance\/#breadcrumb","itemListElement":[{"@type":"ListItem","position":1,"name":"Inicio","item":"https:\/\/www.celttv.com.ar\/"},{"@type":"ListItem","position":2,"name":"Ignacio Bucchi: &#8220;Estamos haciendo lo que est\u00e1 a nuestro alcance&#8221;"}]},{"@type":"WebSite","@id":"https:\/\/www.celttv.com.ar\/#website","url":"https:\/\/www.celttv.com.ar\/","name":"CELTTV","description":"Cooperativa El\u00e9ctrica de Tornquist","publisher":{"@id":"https:\/\/www.celttv.com.ar\/#organization"},"potentialAction":[{"@type":"SearchAction","target":{"@type":"EntryPoint","urlTemplate":"https:\/\/www.celttv.com.ar\/?s={search_term_string}"},"query-input":"required name=search_term_string"}],"inLanguage":"es"},{"@type":"Organization","@id":"https:\/\/www.celttv.com.ar\/#organization","name":"CELTTV","url":"https:\/\/www.celttv.com.ar\/","sameAs":["https:\/\/www.youtube.com\/channel\/UCz_oIt8Hig64Ub-EmcNPIhg","https:\/\/www.facebook.com\/celtTV\/"],"logo":{"@type":"ImageObject","inLanguage":"es","@id":"https:\/\/www.celttv.com.ar\/#\/schema\/logo\/image\/","url":"http:\/\/www.celttv.com.ar\/wp-content\/uploads\/2022\/08\/logo-1.png","contentUrl":"http:\/\/www.celttv.com.ar\/wp-content\/uploads\/2022\/08\/logo-1.png","width":461,"height":159,"caption":"CELTTV"},"image":{"@id":"https:\/\/www.celttv.com.ar\/#\/schema\/logo\/image\/"}},{"@type":"Person","@id":"https:\/\/www.celttv.com.ar\/#\/schema\/person\/9059dc91dc7204ef4182cdb65225f07d","name":"Miguel Herrada","image":{"@type":"ImageObject","inLanguage":"es","@id":"https:\/\/www.celttv.com.ar\/#\/schema\/person\/image\/","url":"https:\/\/secure.gravatar.com\/avatar\/67724d5b3c716623ffd76bec7e45841a442ac3b456e914dbba90b0fad2b8e0b1?s=96&d=mm&r=g","contentUrl":"https:\/\/secure.gravatar.com\/avatar\/67724d5b3c716623ffd76bec7e45841a442ac3b456e914dbba90b0fad2b8e0b1?s=96&d=mm&r=g","caption":"Miguel Herrada"}}]}},"_links":{"self":[{"href":"https:\/\/www.celttv.com.ar\/index.php\/wp-json\/wp\/v2\/posts\/82036","targetHints":{"allow":["GET"]}}],"collection":[{"href":"https:\/\/www.celttv.com.ar\/index.php\/wp-json\/wp\/v2\/posts"}],"about":[{"href":"https:\/\/www.celttv.com.ar\/index.php\/wp-json\/wp\/v2\/types\/post"}],"author":[{"embeddable":true,"href":"https:\/\/www.celttv.com.ar\/index.php\/wp-json\/wp\/v2\/users\/5"}],"replies":[{"embeddable":true,"href":"https:\/\/www.celttv.com.ar\/index.php\/wp-json\/wp\/v2\/comments?post=82036"}],"version-history":[{"count":1,"href":"https:\/\/www.celttv.com.ar\/index.php\/wp-json\/wp\/v2\/posts\/82036\/revisions"}],"predecessor-version":[{"id":82037,"href":"https:\/\/www.celttv.com.ar\/index.php\/wp-json\/wp\/v2\/posts\/82036\/revisions\/82037"}],"wp:featuredmedia":[{"embeddable":true,"href":"https:\/\/www.celttv.com.ar\/index.php\/wp-json\/wp\/v2\/media\/82038"}],"wp:attachment":[{"href":"https:\/\/www.celttv.com.ar\/index.php\/wp-json\/wp\/v2\/media?parent=82036"}],"wp:term":[{"taxonomy":"category","embeddable":true,"href":"https:\/\/www.celttv.com.ar\/index.php\/wp-json\/wp\/v2\/categories?post=82036"},{"taxonomy":"post_tag","embeddable":true,"href":"https:\/\/www.celttv.com.ar\/index.php\/wp-json\/wp\/v2\/tags?post=82036"}],"curies":[{"name":"wp","href":"https:\/\/api.w.org\/{rel}","templated":true}]}}