{"id":82061,"date":"2024-02-19T17:18:06","date_gmt":"2024-02-19T20:18:06","guid":{"rendered":"https:\/\/www.celttv.com.ar\/?p=82061"},"modified":"2024-02-19T17:18:23","modified_gmt":"2024-02-19T20:18:23","slug":"los-bloques-de-juntos-y-ucr-presentaron-un-proyecto-para-adherir-al-boleto-especial-educativo","status":"publish","type":"post","link":"https:\/\/www.celttv.com.ar\/index.php\/2024\/02\/19\/los-bloques-de-juntos-y-ucr-presentaron-un-proyecto-para-adherir-al-boleto-especial-educativo\/","title":{"rendered":"Los bloques de Juntos y UCR. presentaron un proyecto para adherir al &#8220;Boleto Especial Educativo&#8221;"},"content":{"rendered":"<div>\n<div dir=\"auto\">BOLETO ESPECIAL EDUCATIVO\u00a0<img loading=\"lazy\" decoding=\"async\" class=\"CToWUd\" src=\"https:\/\/ci3.googleusercontent.com\/meips\/ADKq_Nb9_pK_6TOy_g1BsXZW4CihjJRR0wnjTIwy65C_qrWOTT9ryzGx_afj_0Z_5SWS0HqW13Cq50AQSDepwUS3CzH6Vc7DC7HKdGION9o7-s2lOk4FV3f398Fbvg=s0-d-e1-ft#https:\/\/static.xx.fbcdn.net\/images\/emoji.php\/v9\/t53\/1.5\/16\/1f68d.png\" alt=\"\ud83d\ude8d\" width=\"16\" height=\"16\" data-bit=\"iit\" \/><\/div>\n<\/div>\n<div>\n<div dir=\"auto\">Los bloques de Juntos y UCR. presentaron un Proyecto de Ordenanza adhiriendo a la Ley N\u00b0 14.735, mediante la cual se crea un r\u00e9gimen especial de Boleto Estudiantil.<\/div>\n<\/div>\n<div>\n<div dir=\"auto\">Dicho boleto est\u00e1 destinado a los usuarios del sistema de transporte provincial ferroviario, fluvial y colectivo de pasajeros en sus servicios urbanos, suburbanos e interurbanos, destinados a alumnos pertenecientes a instituciones educativas p\u00fablicas de gesti\u00f3n estatal y de gesti\u00f3n privada con aportes del Estado en\u00a0todos sus niveles, incluidos de formaci\u00f3n profesional y bachilleratos populares que tengan asiento en la Provincia de Buenos Aires.<\/div>\n<\/div>\n<div dir=\"auto\"><\/div>\n<div dir=\"auto\"><img loading=\"lazy\" decoding=\"async\" class=\"alignnone wp-image-82062 size-full\" src=\"https:\/\/www.celttv.com.ar\/wp-content\/uploads\/2024\/02\/proyecto-estudiantil.jpg\" alt=\"\" width=\"860\" height=\"1456\" srcset=\"https:\/\/www.celttv.com.ar\/wp-content\/uploads\/2024\/02\/proyecto-estudiantil.jpg 860w, https:\/\/www.celttv.com.ar\/wp-content\/uploads\/2024\/02\/proyecto-estudiantil-177x300.jpg 177w, https:\/\/www.celttv.com.ar\/wp-content\/uploads\/2024\/02\/proyecto-estudiantil-605x1024.jpg 605w, https:\/\/www.celttv.com.ar\/wp-content\/uploads\/2024\/02\/proyecto-estudiantil-768x1300.jpg 768w, https:\/\/www.celttv.com.ar\/wp-content\/uploads\/2024\/02\/proyecto-estudiantil-750x1270.jpg 750w\" sizes=\"auto, (max-width: 860px) 100vw, 860px\" \/><\/div>\n","protected":false},"excerpt":{"rendered":"<p>BOLETO ESPECIAL EDUCATIVO\u00a0 Los bloques de Juntos y UCR. presentaron un Proyecto de Ordenanza adhiriendo a la Ley N\u00b0 14.735, mediante la cual se crea un r\u00e9gimen especial de Boleto Estudiantil. Dicho boleto est\u00e1 destinado a los usuarios del sistema de transporte provincial ferroviario, fluvial y colectivo de pasajeros en sus servicios urbanos, suburbanos e [&hellip;]<\/p>\n","protected":false},"author":5,"featured_media":82063,"comment_status":"closed","ping_status":"closed","sticky":false,"template":"","format":"standard","meta":{"footnotes":""},"categories":[51,26,52],"tags":[],"class_list":["post-82061","post","type-post","status-publish","format-standard","has-post-thumbnail","hentry","category-comunidad","category-culture","category-destacadas"],"yoast_head":"<!-- This site is optimized with the Yoast SEO plugin v19.7.1 - https:\/\/yoast.com\/wordpress\/plugins\/seo\/ -->\n<title>Los bloques de Juntos y UCR. presentaron un proyecto para adherir al &quot;Boleto Especial Educativo&quot; - CELTTV<\/title>\n<meta name=\"description\" content=\"Sitio web de noticias de la localidad de Tornquist, provincia de Buenos Aires, Rep\u00fablica Argentina. Contenido propio originado por periodistas de CELTTV, el canal de TV local de la Cooperativa El\u00e9ctrica de Tornquist. Turismo, Pol\u00edtica, Sociedad, Deporte, Cultura y todo el contenido de inter\u00e9s general que la gente del pueblo y la regi\u00f3n debe conocer.\" \/>\n<meta name=\"robots\" content=\"index, follow, max-snippet:-1, max-image-preview:large, max-video-preview:-1\" \/>\n<link rel=\"canonical\" href=\"https:\/\/www.celttv.com.ar\/index.php\/2024\/02\/19\/los-bloques-de-juntos-y-ucr-presentaron-un-proyecto-para-adherir-al-boleto-especial-educativo\/\" \/>\n<meta property=\"og:locale\" content=\"es_ES\" \/>\n<meta property=\"og:type\" content=\"article\" \/>\n<meta property=\"og:title\" content=\"Los bloques de Juntos y UCR. presentaron un proyecto para adherir al &quot;Boleto Especial Educativo&quot; - CELTTV\" \/>\n<meta property=\"og:description\" content=\"Sitio web de noticias de la localidad de Tornquist, provincia de Buenos Aires, Rep\u00fablica Argentina. Contenido propio originado por periodistas de CELTTV, el canal de TV local de la Cooperativa El\u00e9ctrica de Tornquist. Turismo, Pol\u00edtica, Sociedad, Deporte, Cultura y todo el contenido de inter\u00e9s general que la gente del pueblo y la regi\u00f3n debe conocer.\" \/>\n<meta property=\"og:url\" content=\"https:\/\/www.celttv.com.ar\/index.php\/2024\/02\/19\/los-bloques-de-juntos-y-ucr-presentaron-un-proyecto-para-adherir-al-boleto-especial-educativo\/\" \/>\n<meta property=\"og:site_name\" content=\"CELTTV\" \/>\n<meta property=\"article:publisher\" content=\"https:\/\/www.facebook.com\/celtTV\/\" \/>\n<meta property=\"article:published_time\" content=\"2024-02-19T20:18:06+00:00\" \/>\n<meta property=\"article:modified_time\" content=\"2024-02-19T20:18:23+00:00\" \/>\n<meta property=\"og:image\" content=\"https:\/\/www.celttv.com.ar\/wp-content\/uploads\/2024\/02\/BOLETO-ESTUDIANTIL.png\" \/>\n\t<meta property=\"og:image:width\" content=\"940\" \/>\n\t<meta property=\"og:image:height\" content=\"788\" \/>\n\t<meta property=\"og:image:type\" content=\"image\/png\" \/>\n<meta name=\"author\" content=\"Miguel Herrada\" \/>\n<meta name=\"twitter:card\" content=\"summary_large_image\" \/>\n<meta name=\"twitter:label1\" content=\"Escrito por\" \/>\n\t<meta name=\"twitter:data1\" content=\"Miguel Herrada\" \/>\n<script type=\"application\/ld+json\" class=\"yoast-schema-graph\">{\"@context\":\"https:\/\/schema.org\",\"@graph\":[{\"@type\":\"NewsArticle\",\"@id\":\"https:\/\/www.celttv.com.ar\/index.php\/2024\/02\/19\/los-bloques-de-juntos-y-ucr-presentaron-un-proyecto-para-adherir-al-boleto-especial-educativo\/#article\",\"isPartOf\":{\"@id\":\"https:\/\/www.celttv.com.ar\/index.php\/2024\/02\/19\/los-bloques-de-juntos-y-ucr-presentaron-un-proyecto-para-adherir-al-boleto-especial-educativo\/\"},\"author\":{\"name\":\"Miguel Herrada\",\"@id\":\"https:\/\/www.celttv.com.ar\/#\/schema\/person\/9059dc91dc7204ef4182cdb65225f07d\"},\"headline\":\"Los bloques de Juntos y UCR. presentaron un proyecto para adherir al &#8220;Boleto Especial Educativo&#8221;\",\"datePublished\":\"2024-02-19T20:18:06+00:00\",\"dateModified\":\"2024-02-19T20:18:23+00:00\",\"mainEntityOfPage\":{\"@id\":\"https:\/\/www.celttv.com.ar\/index.php\/2024\/02\/19\/los-bloques-de-juntos-y-ucr-presentaron-un-proyecto-para-adherir-al-boleto-especial-educativo\/\"},\"wordCount\":114,\"publisher\":{\"@id\":\"https:\/\/www.celttv.com.ar\/#organization\"},\"articleSection\":[\"Comunidad\",\"Culture\",\"Destacadas\"],\"inLanguage\":\"es\"},{\"@type\":\"WebPage\",\"@id\":\"https:\/\/www.celttv.com.ar\/index.php\/2024\/02\/19\/los-bloques-de-juntos-y-ucr-presentaron-un-proyecto-para-adherir-al-boleto-especial-educativo\/\",\"url\":\"https:\/\/www.celttv.com.ar\/index.php\/2024\/02\/19\/los-bloques-de-juntos-y-ucr-presentaron-un-proyecto-para-adherir-al-boleto-especial-educativo\/\",\"name\":\"Los bloques de Juntos y UCR. presentaron un proyecto para adherir al \\\"Boleto Especial Educativo\\\" - CELTTV\",\"isPartOf\":{\"@id\":\"https:\/\/www.celttv.com.ar\/#website\"},\"datePublished\":\"2024-02-19T20:18:06+00:00\",\"dateModified\":\"2024-02-19T20:18:23+00:00\",\"description\":\"Sitio web de noticias de la localidad de Tornquist, provincia de Buenos Aires, Rep\u00fablica Argentina. Contenido propio originado por periodistas de CELTTV, el canal de TV local de la Cooperativa El\u00e9ctrica de Tornquist. Turismo, Pol\u00edtica, Sociedad, Deporte, Cultura y todo el contenido de inter\u00e9s general que la gente del pueblo y la regi\u00f3n debe conocer.\",\"breadcrumb\":{\"@id\":\"https:\/\/www.celttv.com.ar\/index.php\/2024\/02\/19\/los-bloques-de-juntos-y-ucr-presentaron-un-proyecto-para-adherir-al-boleto-especial-educativo\/#breadcrumb\"},\"inLanguage\":\"es\",\"potentialAction\":[{\"@type\":\"ReadAction\",\"target\":[\"https:\/\/www.celttv.com.ar\/index.php\/2024\/02\/19\/los-bloques-de-juntos-y-ucr-presentaron-un-proyecto-para-adherir-al-boleto-especial-educativo\/\"]}]},{\"@type\":\"BreadcrumbList\",\"@id\":\"https:\/\/www.celttv.com.ar\/index.php\/2024\/02\/19\/los-bloques-de-juntos-y-ucr-presentaron-un-proyecto-para-adherir-al-boleto-especial-educativo\/#breadcrumb\",\"itemListElement\":[{\"@type\":\"ListItem\",\"position\":1,\"name\":\"Inicio\",\"item\":\"https:\/\/www.celttv.com.ar\/\"},{\"@type\":\"ListItem\",\"position\":2,\"name\":\"Los bloques de Juntos y UCR. presentaron un proyecto para adherir al &#8220;Boleto Especial Educativo&#8221;\"}]},{\"@type\":\"WebSite\",\"@id\":\"https:\/\/www.celttv.com.ar\/#website\",\"url\":\"https:\/\/www.celttv.com.ar\/\",\"name\":\"CELTTV\",\"description\":\"Cooperativa El\u00e9ctrica de Tornquist\",\"publisher\":{\"@id\":\"https:\/\/www.celttv.com.ar\/#organization\"},\"potentialAction\":[{\"@type\":\"SearchAction\",\"target\":{\"@type\":\"EntryPoint\",\"urlTemplate\":\"https:\/\/www.celttv.com.ar\/?s={search_term_string}\"},\"query-input\":\"required name=search_term_string\"}],\"inLanguage\":\"es\"},{\"@type\":\"Organization\",\"@id\":\"https:\/\/www.celttv.com.ar\/#organization\",\"name\":\"CELTTV\",\"url\":\"https:\/\/www.celttv.com.ar\/\",\"sameAs\":[\"https:\/\/www.youtube.com\/channel\/UCz_oIt8Hig64Ub-EmcNPIhg\",\"https:\/\/www.facebook.com\/celtTV\/\"],\"logo\":{\"@type\":\"ImageObject\",\"inLanguage\":\"es\",\"@id\":\"https:\/\/www.celttv.com.ar\/#\/schema\/logo\/image\/\",\"url\":\"http:\/\/www.celttv.com.ar\/wp-content\/uploads\/2022\/08\/logo-1.png\",\"contentUrl\":\"http:\/\/www.celttv.com.ar\/wp-content\/uploads\/2022\/08\/logo-1.png\",\"width\":461,\"height\":159,\"caption\":\"CELTTV\"},\"image\":{\"@id\":\"https:\/\/www.celttv.com.ar\/#\/schema\/logo\/image\/\"}},{\"@type\":\"Person\",\"@id\":\"https:\/\/www.celttv.com.ar\/#\/schema\/person\/9059dc91dc7204ef4182cdb65225f07d\",\"name\":\"Miguel Herrada\",\"image\":{\"@type\":\"ImageObject\",\"inLanguage\":\"es\",\"@id\":\"https:\/\/www.celttv.com.ar\/#\/schema\/person\/image\/\",\"url\":\"https:\/\/secure.gravatar.com\/avatar\/67724d5b3c716623ffd76bec7e45841a442ac3b456e914dbba90b0fad2b8e0b1?s=96&d=mm&r=g\",\"contentUrl\":\"https:\/\/secure.gravatar.com\/avatar\/67724d5b3c716623ffd76bec7e45841a442ac3b456e914dbba90b0fad2b8e0b1?s=96&d=mm&r=g\",\"caption\":\"Miguel Herrada\"}}]}<\/script>\n<!-- \/ Yoast SEO plugin. -->","yoast_head_json":{"title":"Los bloques de Juntos y UCR. presentaron un proyecto para adherir al \"Boleto Especial Educativo\" - CELTTV","description":"Sitio web de noticias de la localidad de Tornquist, provincia de Buenos Aires, Rep\u00fablica Argentina. Contenido propio originado por periodistas de CELTTV, el canal de TV local de la Cooperativa El\u00e9ctrica de Tornquist. Turismo, Pol\u00edtica, Sociedad, Deporte, Cultura y todo el contenido de inter\u00e9s general que la gente del pueblo y la regi\u00f3n debe conocer.","robots":{"index":"index","follow":"follow","max-snippet":"max-snippet:-1","max-image-preview":"max-image-preview:large","max-video-preview":"max-video-preview:-1"},"canonical":"https:\/\/www.celttv.com.ar\/index.php\/2024\/02\/19\/los-bloques-de-juntos-y-ucr-presentaron-un-proyecto-para-adherir-al-boleto-especial-educativo\/","og_locale":"es_ES","og_type":"article","og_title":"Los bloques de Juntos y UCR. presentaron un proyecto para adherir al \"Boleto Especial Educativo\" - CELTTV","og_description":"Sitio web de noticias de la localidad de Tornquist, provincia de Buenos Aires, Rep\u00fablica Argentina. Contenido propio originado por periodistas de CELTTV, el canal de TV local de la Cooperativa El\u00e9ctrica de Tornquist. Turismo, Pol\u00edtica, Sociedad, Deporte, Cultura y todo el contenido de inter\u00e9s general que la gente del pueblo y la regi\u00f3n debe conocer.","og_url":"https:\/\/www.celttv.com.ar\/index.php\/2024\/02\/19\/los-bloques-de-juntos-y-ucr-presentaron-un-proyecto-para-adherir-al-boleto-especial-educativo\/","og_site_name":"CELTTV","article_publisher":"https:\/\/www.facebook.com\/celtTV\/","article_published_time":"2024-02-19T20:18:06+00:00","article_modified_time":"2024-02-19T20:18:23+00:00","og_image":[{"width":940,"height":788,"url":"https:\/\/www.celttv.com.ar\/wp-content\/uploads\/2024\/02\/BOLETO-ESTUDIANTIL.png","type":"image\/png"}],"author":"Miguel Herrada","twitter_card":"summary_large_image","twitter_misc":{"Escrito por":"Miguel Herrada"},"schema":{"@context":"https:\/\/schema.org","@graph":[{"@type":"NewsArticle","@id":"https:\/\/www.celttv.com.ar\/index.php\/2024\/02\/19\/los-bloques-de-juntos-y-ucr-presentaron-un-proyecto-para-adherir-al-boleto-especial-educativo\/#article","isPartOf":{"@id":"https:\/\/www.celttv.com.ar\/index.php\/2024\/02\/19\/los-bloques-de-juntos-y-ucr-presentaron-un-proyecto-para-adherir-al-boleto-especial-educativo\/"},"author":{"name":"Miguel Herrada","@id":"https:\/\/www.celttv.com.ar\/#\/schema\/person\/9059dc91dc7204ef4182cdb65225f07d"},"headline":"Los bloques de Juntos y UCR. presentaron un proyecto para adherir al &#8220;Boleto Especial Educativo&#8221;","datePublished":"2024-02-19T20:18:06+00:00","dateModified":"2024-02-19T20:18:23+00:00","mainEntityOfPage":{"@id":"https:\/\/www.celttv.com.ar\/index.php\/2024\/02\/19\/los-bloques-de-juntos-y-ucr-presentaron-un-proyecto-para-adherir-al-boleto-especial-educativo\/"},"wordCount":114,"publisher":{"@id":"https:\/\/www.celttv.com.ar\/#organization"},"articleSection":["Comunidad","Culture","Destacadas"],"inLanguage":"es"},{"@type":"WebPage","@id":"https:\/\/www.celttv.com.ar\/index.php\/2024\/02\/19\/los-bloques-de-juntos-y-ucr-presentaron-un-proyecto-para-adherir-al-boleto-especial-educativo\/","url":"https:\/\/www.celttv.com.ar\/index.php\/2024\/02\/19\/los-bloques-de-juntos-y-ucr-presentaron-un-proyecto-para-adherir-al-boleto-especial-educativo\/","name":"Los bloques de Juntos y UCR. presentaron un proyecto para adherir al \"Boleto Especial Educativo\" - CELTTV","isPartOf":{"@id":"https:\/\/www.celttv.com.ar\/#website"},"datePublished":"2024-02-19T20:18:06+00:00","dateModified":"2024-02-19T20:18:23+00:00","description":"Sitio web de noticias de la localidad de Tornquist, provincia de Buenos Aires, Rep\u00fablica Argentina. Contenido propio originado por periodistas de CELTTV, el canal de TV local de la Cooperativa El\u00e9ctrica de Tornquist. Turismo, Pol\u00edtica, Sociedad, Deporte, Cultura y todo el contenido de inter\u00e9s general que la gente del pueblo y la regi\u00f3n debe conocer.","breadcrumb":{"@id":"https:\/\/www.celttv.com.ar\/index.php\/2024\/02\/19\/los-bloques-de-juntos-y-ucr-presentaron-un-proyecto-para-adherir-al-boleto-especial-educativo\/#breadcrumb"},"inLanguage":"es","potentialAction":[{"@type":"ReadAction","target":["https:\/\/www.celttv.com.ar\/index.php\/2024\/02\/19\/los-bloques-de-juntos-y-ucr-presentaron-un-proyecto-para-adherir-al-boleto-especial-educativo\/"]}]},{"@type":"BreadcrumbList","@id":"https:\/\/www.celttv.com.ar\/index.php\/2024\/02\/19\/los-bloques-de-juntos-y-ucr-presentaron-un-proyecto-para-adherir-al-boleto-especial-educativo\/#breadcrumb","itemListElement":[{"@type":"ListItem","position":1,"name":"Inicio","item":"https:\/\/www.celttv.com.ar\/"},{"@type":"ListItem","position":2,"name":"Los bloques de Juntos y UCR. presentaron un proyecto para adherir al &#8220;Boleto Especial Educativo&#8221;"}]},{"@type":"WebSite","@id":"https:\/\/www.celttv.com.ar\/#website","url":"https:\/\/www.celttv.com.ar\/","name":"CELTTV","description":"Cooperativa El\u00e9ctrica de Tornquist","publisher":{"@id":"https:\/\/www.celttv.com.ar\/#organization"},"potentialAction":[{"@type":"SearchAction","target":{"@type":"EntryPoint","urlTemplate":"https:\/\/www.celttv.com.ar\/?s={search_term_string}"},"query-input":"required name=search_term_string"}],"inLanguage":"es"},{"@type":"Organization","@id":"https:\/\/www.celttv.com.ar\/#organization","name":"CELTTV","url":"https:\/\/www.celttv.com.ar\/","sameAs":["https:\/\/www.youtube.com\/channel\/UCz_oIt8Hig64Ub-EmcNPIhg","https:\/\/www.facebook.com\/celtTV\/"],"logo":{"@type":"ImageObject","inLanguage":"es","@id":"https:\/\/www.celttv.com.ar\/#\/schema\/logo\/image\/","url":"http:\/\/www.celttv.com.ar\/wp-content\/uploads\/2022\/08\/logo-1.png","contentUrl":"http:\/\/www.celttv.com.ar\/wp-content\/uploads\/2022\/08\/logo-1.png","width":461,"height":159,"caption":"CELTTV"},"image":{"@id":"https:\/\/www.celttv.com.ar\/#\/schema\/logo\/image\/"}},{"@type":"Person","@id":"https:\/\/www.celttv.com.ar\/#\/schema\/person\/9059dc91dc7204ef4182cdb65225f07d","name":"Miguel Herrada","image":{"@type":"ImageObject","inLanguage":"es","@id":"https:\/\/www.celttv.com.ar\/#\/schema\/person\/image\/","url":"https:\/\/secure.gravatar.com\/avatar\/67724d5b3c716623ffd76bec7e45841a442ac3b456e914dbba90b0fad2b8e0b1?s=96&d=mm&r=g","contentUrl":"https:\/\/secure.gravatar.com\/avatar\/67724d5b3c716623ffd76bec7e45841a442ac3b456e914dbba90b0fad2b8e0b1?s=96&d=mm&r=g","caption":"Miguel Herrada"}}]}},"_links":{"self":[{"href":"https:\/\/www.celttv.com.ar\/index.php\/wp-json\/wp\/v2\/posts\/82061","targetHints":{"allow":["GET"]}}],"collection":[{"href":"https:\/\/www.celttv.com.ar\/index.php\/wp-json\/wp\/v2\/posts"}],"about":[{"href":"https:\/\/www.celttv.com.ar\/index.php\/wp-json\/wp\/v2\/types\/post"}],"author":[{"embeddable":true,"href":"https:\/\/www.celttv.com.ar\/index.php\/wp-json\/wp\/v2\/users\/5"}],"replies":[{"embeddable":true,"href":"https:\/\/www.celttv.com.ar\/index.php\/wp-json\/wp\/v2\/comments?post=82061"}],"version-history":[{"count":2,"href":"https:\/\/www.celttv.com.ar\/index.php\/wp-json\/wp\/v2\/posts\/82061\/revisions"}],"predecessor-version":[{"id":82065,"href":"https:\/\/www.celttv.com.ar\/index.php\/wp-json\/wp\/v2\/posts\/82061\/revisions\/82065"}],"wp:featuredmedia":[{"embeddable":true,"href":"https:\/\/www.celttv.com.ar\/index.php\/wp-json\/wp\/v2\/media\/82063"}],"wp:attachment":[{"href":"https:\/\/www.celttv.com.ar\/index.php\/wp-json\/wp\/v2\/media?parent=82061"}],"wp:term":[{"taxonomy":"category","embeddable":true,"href":"https:\/\/www.celttv.com.ar\/index.php\/wp-json\/wp\/v2\/categories?post=82061"},{"taxonomy":"post_tag","embeddable":true,"href":"https:\/\/www.celttv.com.ar\/index.php\/wp-json\/wp\/v2\/tags?post=82061"}],"curies":[{"name":"wp","href":"https:\/\/api.w.org\/{rel}","templated":true}]}}