{"id":82066,"date":"2024-02-19T17:59:09","date_gmt":"2024-02-19T20:59:09","guid":{"rendered":"https:\/\/www.celttv.com.ar\/?p=82066"},"modified":"2024-02-19T17:59:09","modified_gmt":"2024-02-19T20:59:09","slug":"la-nueva-edicion-del-patio-cervecero-reunio-a-mas-de-700-personas-videos-y-notas","status":"publish","type":"post","link":"https:\/\/www.celttv.com.ar\/index.php\/2024\/02\/19\/la-nueva-edicion-del-patio-cervecero-reunio-a-mas-de-700-personas-videos-y-notas\/","title":{"rendered":"La nueva edici\u00f3n del Patio Cervecero reuni\u00f3 a mas de 700 personas  (videos y notas)"},"content":{"rendered":"<p>La Sociedad Germ\u00e1nica de Tornquist realiz\u00f3 con \u00e9xito el tradicional patio cervecero.<\/p>\n<p>La edici\u00f3n N\u00ba 11 de la ya tradicional fiesta reuni\u00f3 a mas de 700 personas, no solamente\u00a0 de Tornquist, sino que adem\u00e1s llegaron desde varios lugares de la regi\u00f3n, la provincia, el pa\u00eds incluso del exterior.<\/p>\n<p>Como siempre estuvieron presente los &#8220;manjares&#8221; de la habitual gastronom\u00eda alemana y, lo m\u00e1s convocante, la cerveza artesanal, cuyos propietarios charlaron con CELTTV Noticias-<\/p>\n<p>Mart\u00edn \u201cTato\u201d Keller y Ricardo Scharff tuvieron a su cargo las palabras de bienvenida.<\/p>\n<p>El desfile tradicional con las banderas de alemania, suiza y Austria que simboliza a la sociedad germ\u00e1nica, tuvo su presentaci\u00f3n acompa\u00f1ada por los m\u00fasicos de grupo Astral, con su gran repertorio.<\/p>\n<p>La tradicional \u201cPolonesa\u201d la bailaron los integrantes y allegados a la instituci\u00f3n.<\/p>\n<p>Y siguiendo con las tradiciones lleg\u00f3 el momento del &#8221; specher de la cerveza&#8221;.En el momento indicado\u00a0 el golpe de martillo al barril hizo que muchos pusieran sus vasos para compartir la cerveza helada.<\/p>\n<p>Otra estupenda noche con la 11\u00ba\u00a0 edici\u00f3n de la tradicional fiesta que, sin dudas, ocupa ya un lugar preponderante en el calendario de actividades sociales y tur\u00edsticas de nuestra comarca.<\/p>\n<p>&nbsp;<\/p>\n<p><iframe loading=\"lazy\" title=\"2024 02 19 PATIO CERVECERO 1   BANDERAS Y BIENVENIDA DE MARTIN KELLER Y RICARDO SCHARFF\" width=\"500\" height=\"281\" src=\"https:\/\/www.youtube.com\/embed\/SAfDKiSYJHU?feature=oembed\" frameborder=\"0\" allow=\"accelerometer; autoplay; clipboard-write; encrypted-media; gyroscope; picture-in-picture; web-share\" referrerpolicy=\"strict-origin-when-cross-origin\" allowfullscreen><\/iframe><\/p>\n<p><iframe loading=\"lazy\" title=\"2024 02 19 PATIO CERVECERO 2   NOTA A MART\u00cdN KELLER\" width=\"500\" height=\"281\" src=\"https:\/\/www.youtube.com\/embed\/wKQxKlpsXuM?feature=oembed\" frameborder=\"0\" allow=\"accelerometer; autoplay; clipboard-write; encrypted-media; gyroscope; picture-in-picture; web-share\" referrerpolicy=\"strict-origin-when-cross-origin\" allowfullscreen><\/iframe><\/p>\n<p><iframe loading=\"lazy\" title=\"2024 02 19 PATIO CERVECERO 3   NOTA A ARANZA KELLER\" width=\"500\" height=\"281\" src=\"https:\/\/www.youtube.com\/embed\/TQqN-ixtBYo?feature=oembed\" frameborder=\"0\" allow=\"accelerometer; autoplay; clipboard-write; encrypted-media; gyroscope; picture-in-picture; web-share\" referrerpolicy=\"strict-origin-when-cross-origin\" allowfullscreen><\/iframe><\/p>\n<p><iframe loading=\"lazy\" title=\"2024 02 19 PATIO CERVECERO 4   NOTA A GRACIELA DEL PO\" width=\"500\" height=\"281\" src=\"https:\/\/www.youtube.com\/embed\/nhPdw1QEB7Y?feature=oembed\" frameborder=\"0\" allow=\"accelerometer; autoplay; clipboard-write; encrypted-media; gyroscope; picture-in-picture; web-share\" referrerpolicy=\"strict-origin-when-cross-origin\" allowfullscreen><\/iframe><\/p>\n<p><iframe loading=\"lazy\" title=\"2024 02 19 PATIO CERVECERO 5   NOTA A DANIELA AGUILAR\" width=\"500\" height=\"281\" src=\"https:\/\/www.youtube.com\/embed\/55VTHioolaw?feature=oembed\" frameborder=\"0\" allow=\"accelerometer; autoplay; clipboard-write; encrypted-media; gyroscope; picture-in-picture; web-share\" referrerpolicy=\"strict-origin-when-cross-origin\" allowfullscreen><\/iframe><\/p>\n<p><iframe loading=\"lazy\" title=\"2024 02 19 PATIO CERVECERO 6   NOTA A ENRIQUE ALESSANDRINI\" width=\"500\" height=\"281\" src=\"https:\/\/www.youtube.com\/embed\/z_VkyxXC0rY?feature=oembed\" frameborder=\"0\" allow=\"accelerometer; autoplay; clipboard-write; encrypted-media; gyroscope; picture-in-picture; web-share\" referrerpolicy=\"strict-origin-when-cross-origin\" allowfullscreen><\/iframe><\/p>\n<p><iframe loading=\"lazy\" title=\"2024 02 19 PATIO CERVECERO 7   NOTA A VECINOS Y TURISTAS\" width=\"500\" height=\"281\" src=\"https:\/\/www.youtube.com\/embed\/r61ZUJNUGD0?feature=oembed\" frameborder=\"0\" allow=\"accelerometer; autoplay; clipboard-write; encrypted-media; gyroscope; picture-in-picture; web-share\" referrerpolicy=\"strict-origin-when-cross-origin\" allowfullscreen><\/iframe><\/p>\n<p><iframe loading=\"lazy\" title=\"2024 02 19 PATIO CERVECERO 8   NOTA A JOAQUIN SERAFINI CERVEZA SURE\u00d1A\" width=\"500\" height=\"281\" src=\"https:\/\/www.youtube.com\/embed\/C5prIIiqvJI?feature=oembed\" frameborder=\"0\" allow=\"accelerometer; autoplay; clipboard-write; encrypted-media; gyroscope; picture-in-picture; web-share\" referrerpolicy=\"strict-origin-when-cross-origin\" allowfullscreen><\/iframe><\/p>\n<p><iframe loading=\"lazy\" title=\"2024 02 19 PATIO CERVECERO 9   NOTA A MANUEL CONDE CERVEZA ELENA X\" width=\"500\" height=\"281\" src=\"https:\/\/www.youtube.com\/embed\/1xlvEiZ2iBA?feature=oembed\" frameborder=\"0\" allow=\"accelerometer; autoplay; clipboard-write; encrypted-media; gyroscope; picture-in-picture; web-share\" referrerpolicy=\"strict-origin-when-cross-origin\" allowfullscreen><\/iframe><\/p>\n<p><iframe loading=\"lazy\" title=\"2024 02 19 PATIO CERVECERO 10   NOTA A MARCELO CABODEVILLA CERVEZA MERIDIANO QUINTO\" width=\"500\" height=\"281\" src=\"https:\/\/www.youtube.com\/embed\/XqyDDbow474?feature=oembed\" frameborder=\"0\" allow=\"accelerometer; autoplay; clipboard-write; encrypted-media; gyroscope; picture-in-picture; web-share\" referrerpolicy=\"strict-origin-when-cross-origin\" allowfullscreen><\/iframe><\/p>\n<p><iframe loading=\"lazy\" title=\"2024 02 19 PATIO CERVECERO 11   INTEGRANTES DE LA SOCIEDAD GERM\u00c1NICA BAILAN LA POLONESA\" width=\"500\" height=\"281\" src=\"https:\/\/www.youtube.com\/embed\/T8tu-cxKXdc?feature=oembed\" frameborder=\"0\" allow=\"accelerometer; autoplay; clipboard-write; encrypted-media; gyroscope; picture-in-picture; web-share\" referrerpolicy=\"strict-origin-when-cross-origin\" allowfullscreen><\/iframe><\/p>\n<p><iframe loading=\"lazy\" title=\"2024 02 19 PATIO CERVECERO 12   ESPICHE DE LA CERVEZA\" width=\"500\" height=\"281\" src=\"https:\/\/www.youtube.com\/embed\/nS5nOZEsHOE?feature=oembed\" frameborder=\"0\" allow=\"accelerometer; autoplay; clipboard-write; encrypted-media; gyroscope; picture-in-picture; web-share\" referrerpolicy=\"strict-origin-when-cross-origin\" allowfullscreen><\/iframe><\/p>\n<p>Videos: CELTTV Noticias<\/p>\n<p>Fotos: Noticias Tornquist<\/p>\n","protected":false},"excerpt":{"rendered":"<p>La Sociedad Germ\u00e1nica de Tornquist realiz\u00f3 con \u00e9xito el tradicional patio cervecero. La edici\u00f3n N\u00ba 11 de la ya tradicional fiesta reuni\u00f3 a mas de 700 personas, no solamente\u00a0 de Tornquist, sino que adem\u00e1s llegaron desde varios lugares de la regi\u00f3n, la provincia, el pa\u00eds incluso del exterior. Como siempre estuvieron presente los &#8220;manjares&#8221; de [&hellip;]<\/p>\n","protected":false},"author":5,"featured_media":82067,"comment_status":"closed","ping_status":"closed","sticky":false,"template":"","format":"standard","meta":{"footnotes":""},"categories":[55,52],"tags":[],"class_list":["post-82066","post","type-post","status-publish","format-standard","has-post-thumbnail","hentry","category-celt-tv-noticias","category-destacadas"],"yoast_head":"<!-- This site is optimized with the Yoast SEO plugin v19.7.1 - https:\/\/yoast.com\/wordpress\/plugins\/seo\/ -->\n<title>La nueva edici\u00f3n del Patio Cervecero reuni\u00f3 a mas de 700 personas (videos y notas) - CELTTV<\/title>\n<meta name=\"description\" content=\"Sitio web de noticias de la localidad de Tornquist, provincia de Buenos Aires, Rep\u00fablica Argentina. Contenido propio originado por periodistas de CELTTV, el canal de TV local de la Cooperativa El\u00e9ctrica de Tornquist. Turismo, Pol\u00edtica, Sociedad, Deporte, Cultura y todo el contenido de inter\u00e9s general que la gente del pueblo y la regi\u00f3n debe conocer.\" \/>\n<meta name=\"robots\" content=\"index, follow, max-snippet:-1, max-image-preview:large, max-video-preview:-1\" \/>\n<link rel=\"canonical\" href=\"https:\/\/www.celttv.com.ar\/index.php\/2024\/02\/19\/la-nueva-edicion-del-patio-cervecero-reunio-a-mas-de-700-personas-videos-y-notas\/\" \/>\n<meta property=\"og:locale\" content=\"es_ES\" \/>\n<meta property=\"og:type\" content=\"article\" \/>\n<meta property=\"og:title\" content=\"La nueva edici\u00f3n del Patio Cervecero reuni\u00f3 a mas de 700 personas (videos y notas) - CELTTV\" \/>\n<meta property=\"og:description\" content=\"Sitio web de noticias de la localidad de Tornquist, provincia de Buenos Aires, Rep\u00fablica Argentina. Contenido propio originado por periodistas de CELTTV, el canal de TV local de la Cooperativa El\u00e9ctrica de Tornquist. Turismo, Pol\u00edtica, Sociedad, Deporte, Cultura y todo el contenido de inter\u00e9s general que la gente del pueblo y la regi\u00f3n debe conocer.\" \/>\n<meta property=\"og:url\" content=\"https:\/\/www.celttv.com.ar\/index.php\/2024\/02\/19\/la-nueva-edicion-del-patio-cervecero-reunio-a-mas-de-700-personas-videos-y-notas\/\" \/>\n<meta property=\"og:site_name\" content=\"CELTTV\" \/>\n<meta property=\"article:publisher\" content=\"https:\/\/www.facebook.com\/celtTV\/\" \/>\n<meta property=\"article:published_time\" content=\"2024-02-19T20:59:09+00:00\" \/>\n<meta property=\"og:image\" content=\"https:\/\/www.celttv.com.ar\/wp-content\/uploads\/2024\/02\/spicher-de-la-cerveza.jpg\" \/>\n\t<meta property=\"og:image:width\" content=\"1205\" \/>\n\t<meta property=\"og:image:height\" content=\"669\" \/>\n\t<meta property=\"og:image:type\" content=\"image\/jpeg\" \/>\n<meta name=\"author\" content=\"Miguel Herrada\" \/>\n<meta name=\"twitter:card\" content=\"summary_large_image\" \/>\n<meta name=\"twitter:label1\" content=\"Escrito por\" \/>\n\t<meta name=\"twitter:data1\" content=\"Miguel Herrada\" \/>\n\t<meta name=\"twitter:label2\" content=\"Tiempo de lectura\" \/>\n\t<meta name=\"twitter:data2\" content=\"1 minuto\" \/>\n<script type=\"application\/ld+json\" class=\"yoast-schema-graph\">{\"@context\":\"https:\/\/schema.org\",\"@graph\":[{\"@type\":\"NewsArticle\",\"@id\":\"https:\/\/www.celttv.com.ar\/index.php\/2024\/02\/19\/la-nueva-edicion-del-patio-cervecero-reunio-a-mas-de-700-personas-videos-y-notas\/#article\",\"isPartOf\":{\"@id\":\"https:\/\/www.celttv.com.ar\/index.php\/2024\/02\/19\/la-nueva-edicion-del-patio-cervecero-reunio-a-mas-de-700-personas-videos-y-notas\/\"},\"author\":{\"name\":\"Miguel Herrada\",\"@id\":\"https:\/\/www.celttv.com.ar\/#\/schema\/person\/9059dc91dc7204ef4182cdb65225f07d\"},\"headline\":\"La nueva edici\u00f3n del Patio Cervecero reuni\u00f3 a mas de 700 personas (videos y notas)\",\"datePublished\":\"2024-02-19T20:59:09+00:00\",\"dateModified\":\"2024-02-19T20:59:09+00:00\",\"mainEntityOfPage\":{\"@id\":\"https:\/\/www.celttv.com.ar\/index.php\/2024\/02\/19\/la-nueva-edicion-del-patio-cervecero-reunio-a-mas-de-700-personas-videos-y-notas\/\"},\"wordCount\":284,\"publisher\":{\"@id\":\"https:\/\/www.celttv.com.ar\/#organization\"},\"articleSection\":[\"Celt TV Noticias\",\"Destacadas\"],\"inLanguage\":\"es\"},{\"@type\":\"WebPage\",\"@id\":\"https:\/\/www.celttv.com.ar\/index.php\/2024\/02\/19\/la-nueva-edicion-del-patio-cervecero-reunio-a-mas-de-700-personas-videos-y-notas\/\",\"url\":\"https:\/\/www.celttv.com.ar\/index.php\/2024\/02\/19\/la-nueva-edicion-del-patio-cervecero-reunio-a-mas-de-700-personas-videos-y-notas\/\",\"name\":\"La nueva edici\u00f3n del Patio Cervecero reuni\u00f3 a mas de 700 personas (videos y notas) - CELTTV\",\"isPartOf\":{\"@id\":\"https:\/\/www.celttv.com.ar\/#website\"},\"datePublished\":\"2024-02-19T20:59:09+00:00\",\"dateModified\":\"2024-02-19T20:59:09+00:00\",\"description\":\"Sitio web de noticias de la localidad de Tornquist, provincia de Buenos Aires, Rep\u00fablica Argentina. Contenido propio originado por periodistas de CELTTV, el canal de TV local de la Cooperativa El\u00e9ctrica de Tornquist. Turismo, Pol\u00edtica, Sociedad, Deporte, Cultura y todo el contenido de inter\u00e9s general que la gente del pueblo y la regi\u00f3n debe conocer.\",\"breadcrumb\":{\"@id\":\"https:\/\/www.celttv.com.ar\/index.php\/2024\/02\/19\/la-nueva-edicion-del-patio-cervecero-reunio-a-mas-de-700-personas-videos-y-notas\/#breadcrumb\"},\"inLanguage\":\"es\",\"potentialAction\":[{\"@type\":\"ReadAction\",\"target\":[\"https:\/\/www.celttv.com.ar\/index.php\/2024\/02\/19\/la-nueva-edicion-del-patio-cervecero-reunio-a-mas-de-700-personas-videos-y-notas\/\"]}]},{\"@type\":\"BreadcrumbList\",\"@id\":\"https:\/\/www.celttv.com.ar\/index.php\/2024\/02\/19\/la-nueva-edicion-del-patio-cervecero-reunio-a-mas-de-700-personas-videos-y-notas\/#breadcrumb\",\"itemListElement\":[{\"@type\":\"ListItem\",\"position\":1,\"name\":\"Inicio\",\"item\":\"https:\/\/www.celttv.com.ar\/\"},{\"@type\":\"ListItem\",\"position\":2,\"name\":\"La nueva edici\u00f3n del Patio Cervecero reuni\u00f3 a mas de 700 personas (videos y notas)\"}]},{\"@type\":\"WebSite\",\"@id\":\"https:\/\/www.celttv.com.ar\/#website\",\"url\":\"https:\/\/www.celttv.com.ar\/\",\"name\":\"CELTTV\",\"description\":\"Cooperativa El\u00e9ctrica de Tornquist\",\"publisher\":{\"@id\":\"https:\/\/www.celttv.com.ar\/#organization\"},\"potentialAction\":[{\"@type\":\"SearchAction\",\"target\":{\"@type\":\"EntryPoint\",\"urlTemplate\":\"https:\/\/www.celttv.com.ar\/?s={search_term_string}\"},\"query-input\":\"required name=search_term_string\"}],\"inLanguage\":\"es\"},{\"@type\":\"Organization\",\"@id\":\"https:\/\/www.celttv.com.ar\/#organization\",\"name\":\"CELTTV\",\"url\":\"https:\/\/www.celttv.com.ar\/\",\"sameAs\":[\"https:\/\/www.youtube.com\/channel\/UCz_oIt8Hig64Ub-EmcNPIhg\",\"https:\/\/www.facebook.com\/celtTV\/\"],\"logo\":{\"@type\":\"ImageObject\",\"inLanguage\":\"es\",\"@id\":\"https:\/\/www.celttv.com.ar\/#\/schema\/logo\/image\/\",\"url\":\"http:\/\/www.celttv.com.ar\/wp-content\/uploads\/2022\/08\/logo-1.png\",\"contentUrl\":\"http:\/\/www.celttv.com.ar\/wp-content\/uploads\/2022\/08\/logo-1.png\",\"width\":461,\"height\":159,\"caption\":\"CELTTV\"},\"image\":{\"@id\":\"https:\/\/www.celttv.com.ar\/#\/schema\/logo\/image\/\"}},{\"@type\":\"Person\",\"@id\":\"https:\/\/www.celttv.com.ar\/#\/schema\/person\/9059dc91dc7204ef4182cdb65225f07d\",\"name\":\"Miguel Herrada\",\"image\":{\"@type\":\"ImageObject\",\"inLanguage\":\"es\",\"@id\":\"https:\/\/www.celttv.com.ar\/#\/schema\/person\/image\/\",\"url\":\"https:\/\/secure.gravatar.com\/avatar\/67724d5b3c716623ffd76bec7e45841a442ac3b456e914dbba90b0fad2b8e0b1?s=96&d=mm&r=g\",\"contentUrl\":\"https:\/\/secure.gravatar.com\/avatar\/67724d5b3c716623ffd76bec7e45841a442ac3b456e914dbba90b0fad2b8e0b1?s=96&d=mm&r=g\",\"caption\":\"Miguel Herrada\"}}]}<\/script>\n<!-- \/ Yoast SEO plugin. -->","yoast_head_json":{"title":"La nueva edici\u00f3n del Patio Cervecero reuni\u00f3 a mas de 700 personas (videos y notas) - CELTTV","description":"Sitio web de noticias de la localidad de Tornquist, provincia de Buenos Aires, Rep\u00fablica Argentina. Contenido propio originado por periodistas de CELTTV, el canal de TV local de la Cooperativa El\u00e9ctrica de Tornquist. Turismo, Pol\u00edtica, Sociedad, Deporte, Cultura y todo el contenido de inter\u00e9s general que la gente del pueblo y la regi\u00f3n debe conocer.","robots":{"index":"index","follow":"follow","max-snippet":"max-snippet:-1","max-image-preview":"max-image-preview:large","max-video-preview":"max-video-preview:-1"},"canonical":"https:\/\/www.celttv.com.ar\/index.php\/2024\/02\/19\/la-nueva-edicion-del-patio-cervecero-reunio-a-mas-de-700-personas-videos-y-notas\/","og_locale":"es_ES","og_type":"article","og_title":"La nueva edici\u00f3n del Patio Cervecero reuni\u00f3 a mas de 700 personas (videos y notas) - CELTTV","og_description":"Sitio web de noticias de la localidad de Tornquist, provincia de Buenos Aires, Rep\u00fablica Argentina. Contenido propio originado por periodistas de CELTTV, el canal de TV local de la Cooperativa El\u00e9ctrica de Tornquist. Turismo, Pol\u00edtica, Sociedad, Deporte, Cultura y todo el contenido de inter\u00e9s general que la gente del pueblo y la regi\u00f3n debe conocer.","og_url":"https:\/\/www.celttv.com.ar\/index.php\/2024\/02\/19\/la-nueva-edicion-del-patio-cervecero-reunio-a-mas-de-700-personas-videos-y-notas\/","og_site_name":"CELTTV","article_publisher":"https:\/\/www.facebook.com\/celtTV\/","article_published_time":"2024-02-19T20:59:09+00:00","og_image":[{"width":1205,"height":669,"url":"https:\/\/www.celttv.com.ar\/wp-content\/uploads\/2024\/02\/spicher-de-la-cerveza.jpg","type":"image\/jpeg"}],"author":"Miguel Herrada","twitter_card":"summary_large_image","twitter_misc":{"Escrito por":"Miguel Herrada","Tiempo de lectura":"1 minuto"},"schema":{"@context":"https:\/\/schema.org","@graph":[{"@type":"NewsArticle","@id":"https:\/\/www.celttv.com.ar\/index.php\/2024\/02\/19\/la-nueva-edicion-del-patio-cervecero-reunio-a-mas-de-700-personas-videos-y-notas\/#article","isPartOf":{"@id":"https:\/\/www.celttv.com.ar\/index.php\/2024\/02\/19\/la-nueva-edicion-del-patio-cervecero-reunio-a-mas-de-700-personas-videos-y-notas\/"},"author":{"name":"Miguel Herrada","@id":"https:\/\/www.celttv.com.ar\/#\/schema\/person\/9059dc91dc7204ef4182cdb65225f07d"},"headline":"La nueva edici\u00f3n del Patio Cervecero reuni\u00f3 a mas de 700 personas (videos y notas)","datePublished":"2024-02-19T20:59:09+00:00","dateModified":"2024-02-19T20:59:09+00:00","mainEntityOfPage":{"@id":"https:\/\/www.celttv.com.ar\/index.php\/2024\/02\/19\/la-nueva-edicion-del-patio-cervecero-reunio-a-mas-de-700-personas-videos-y-notas\/"},"wordCount":284,"publisher":{"@id":"https:\/\/www.celttv.com.ar\/#organization"},"articleSection":["Celt TV Noticias","Destacadas"],"inLanguage":"es"},{"@type":"WebPage","@id":"https:\/\/www.celttv.com.ar\/index.php\/2024\/02\/19\/la-nueva-edicion-del-patio-cervecero-reunio-a-mas-de-700-personas-videos-y-notas\/","url":"https:\/\/www.celttv.com.ar\/index.php\/2024\/02\/19\/la-nueva-edicion-del-patio-cervecero-reunio-a-mas-de-700-personas-videos-y-notas\/","name":"La nueva edici\u00f3n del Patio Cervecero reuni\u00f3 a mas de 700 personas (videos y notas) - CELTTV","isPartOf":{"@id":"https:\/\/www.celttv.com.ar\/#website"},"datePublished":"2024-02-19T20:59:09+00:00","dateModified":"2024-02-19T20:59:09+00:00","description":"Sitio web de noticias de la localidad de Tornquist, provincia de Buenos Aires, Rep\u00fablica Argentina. Contenido propio originado por periodistas de CELTTV, el canal de TV local de la Cooperativa El\u00e9ctrica de Tornquist. Turismo, Pol\u00edtica, Sociedad, Deporte, Cultura y todo el contenido de inter\u00e9s general que la gente del pueblo y la regi\u00f3n debe conocer.","breadcrumb":{"@id":"https:\/\/www.celttv.com.ar\/index.php\/2024\/02\/19\/la-nueva-edicion-del-patio-cervecero-reunio-a-mas-de-700-personas-videos-y-notas\/#breadcrumb"},"inLanguage":"es","potentialAction":[{"@type":"ReadAction","target":["https:\/\/www.celttv.com.ar\/index.php\/2024\/02\/19\/la-nueva-edicion-del-patio-cervecero-reunio-a-mas-de-700-personas-videos-y-notas\/"]}]},{"@type":"BreadcrumbList","@id":"https:\/\/www.celttv.com.ar\/index.php\/2024\/02\/19\/la-nueva-edicion-del-patio-cervecero-reunio-a-mas-de-700-personas-videos-y-notas\/#breadcrumb","itemListElement":[{"@type":"ListItem","position":1,"name":"Inicio","item":"https:\/\/www.celttv.com.ar\/"},{"@type":"ListItem","position":2,"name":"La nueva edici\u00f3n del Patio Cervecero reuni\u00f3 a mas de 700 personas (videos y notas)"}]},{"@type":"WebSite","@id":"https:\/\/www.celttv.com.ar\/#website","url":"https:\/\/www.celttv.com.ar\/","name":"CELTTV","description":"Cooperativa El\u00e9ctrica de Tornquist","publisher":{"@id":"https:\/\/www.celttv.com.ar\/#organization"},"potentialAction":[{"@type":"SearchAction","target":{"@type":"EntryPoint","urlTemplate":"https:\/\/www.celttv.com.ar\/?s={search_term_string}"},"query-input":"required name=search_term_string"}],"inLanguage":"es"},{"@type":"Organization","@id":"https:\/\/www.celttv.com.ar\/#organization","name":"CELTTV","url":"https:\/\/www.celttv.com.ar\/","sameAs":["https:\/\/www.youtube.com\/channel\/UCz_oIt8Hig64Ub-EmcNPIhg","https:\/\/www.facebook.com\/celtTV\/"],"logo":{"@type":"ImageObject","inLanguage":"es","@id":"https:\/\/www.celttv.com.ar\/#\/schema\/logo\/image\/","url":"http:\/\/www.celttv.com.ar\/wp-content\/uploads\/2022\/08\/logo-1.png","contentUrl":"http:\/\/www.celttv.com.ar\/wp-content\/uploads\/2022\/08\/logo-1.png","width":461,"height":159,"caption":"CELTTV"},"image":{"@id":"https:\/\/www.celttv.com.ar\/#\/schema\/logo\/image\/"}},{"@type":"Person","@id":"https:\/\/www.celttv.com.ar\/#\/schema\/person\/9059dc91dc7204ef4182cdb65225f07d","name":"Miguel Herrada","image":{"@type":"ImageObject","inLanguage":"es","@id":"https:\/\/www.celttv.com.ar\/#\/schema\/person\/image\/","url":"https:\/\/secure.gravatar.com\/avatar\/67724d5b3c716623ffd76bec7e45841a442ac3b456e914dbba90b0fad2b8e0b1?s=96&d=mm&r=g","contentUrl":"https:\/\/secure.gravatar.com\/avatar\/67724d5b3c716623ffd76bec7e45841a442ac3b456e914dbba90b0fad2b8e0b1?s=96&d=mm&r=g","caption":"Miguel Herrada"}}]}},"_links":{"self":[{"href":"https:\/\/www.celttv.com.ar\/index.php\/wp-json\/wp\/v2\/posts\/82066","targetHints":{"allow":["GET"]}}],"collection":[{"href":"https:\/\/www.celttv.com.ar\/index.php\/wp-json\/wp\/v2\/posts"}],"about":[{"href":"https:\/\/www.celttv.com.ar\/index.php\/wp-json\/wp\/v2\/types\/post"}],"author":[{"embeddable":true,"href":"https:\/\/www.celttv.com.ar\/index.php\/wp-json\/wp\/v2\/users\/5"}],"replies":[{"embeddable":true,"href":"https:\/\/www.celttv.com.ar\/index.php\/wp-json\/wp\/v2\/comments?post=82066"}],"version-history":[{"count":1,"href":"https:\/\/www.celttv.com.ar\/index.php\/wp-json\/wp\/v2\/posts\/82066\/revisions"}],"predecessor-version":[{"id":82068,"href":"https:\/\/www.celttv.com.ar\/index.php\/wp-json\/wp\/v2\/posts\/82066\/revisions\/82068"}],"wp:featuredmedia":[{"embeddable":true,"href":"https:\/\/www.celttv.com.ar\/index.php\/wp-json\/wp\/v2\/media\/82067"}],"wp:attachment":[{"href":"https:\/\/www.celttv.com.ar\/index.php\/wp-json\/wp\/v2\/media?parent=82066"}],"wp:term":[{"taxonomy":"category","embeddable":true,"href":"https:\/\/www.celttv.com.ar\/index.php\/wp-json\/wp\/v2\/categories?post=82066"},{"taxonomy":"post_tag","embeddable":true,"href":"https:\/\/www.celttv.com.ar\/index.php\/wp-json\/wp\/v2\/tags?post=82066"}],"curies":[{"name":"wp","href":"https:\/\/api.w.org\/{rel}","templated":true}]}}