{"id":82076,"date":"2024-02-21T00:29:33","date_gmt":"2024-02-21T03:29:33","guid":{"rendered":"https:\/\/www.celttv.com.ar\/?p=82076"},"modified":"2024-02-21T00:29:33","modified_gmt":"2024-02-21T03:29:33","slug":"estefania-bordoni-y-la-agitada-agenda-en-la-plata-y-buenos-aires","status":"publish","type":"post","link":"https:\/\/www.celttv.com.ar\/index.php\/2024\/02\/21\/estefania-bordoni-y-la-agitada-agenda-en-la-plata-y-buenos-aires\/","title":{"rendered":"Estefan\u00eda Bordoni y la agitada agenda en La Plata y Buenos Aires"},"content":{"rendered":"<p>Sobre la amplia agenda de trabajo realizada d\u00edas pasados, en la ciudad de La Plata y Buenos Aires, por la intendenta interina y miembros de su gabinete, Estefania Bordoni brind\u00f3 distintos detalles sobre las gestiones realizadas y la posibilidad de concretar alguno de los proyectos que est\u00e1n en agenda desde hace alg\u00fan tiempo.<\/p>\n<p>&#8220;La agenda fue bastante agitada, recorrimos 11 oficinas el primer d\u00eda y 3 el segundo, pero vinimos contentos&#8221; subray\u00f3 la intendente interina.<\/p>\n<p>&#8220;Estuvimos con el ministro Katopodis viendo como se reactiva la obra provincial, ya que Axel (Kicillof) quiere que eso suceda&#8221;<\/p>\n<p>Estefan\u00eda conf\u00eda poder darle continuidad a las gestiones para que se concreten los proyectos que ya est\u00e1n presentados-<\/p>\n<p>&#8220;Los proyectos los tenemos todos, como la pista de skey, la plaza de Villa Ventana y de Tornquist; cloacas para cubrir la totalidad de la ciudad de Tornquist, la incorporaci\u00f3n de bombas para la extracci\u00f3n de agua. Estamos esperando porque el presidente dijo que obra p\u00fablica no, pero nos dijeron que sigamos insistiendo&#8221; se\u00f1al\u00f3.<\/p>\n<p><strong>Los proyectos est\u00e1n, falta el financiamiento<\/strong><\/p>\n<p>La intendente interina y los integrantes del gabinete que la acompa\u00f1aron tambi\u00e9n se reunieron con N\u00e9stor Alvarez, subsecretario de Recursos H\u00eddricos de la provincia de Bs.As.<\/p>\n<p>&#8220;Planteamos las necesidades y se comprometi\u00f3 a que el a\u00f1o que viene tengamos mas cisternas y pozos de agua en Sierra de la Ventana. Viene un equipo de la DIPAC para hacer un an\u00e1lisis y que los vecinos de Villa y Sierra puedan tener agua. Tambi\u00e9n hablamos sobre el proyecto del Parque Industrial&#8221;<\/p>\n<p>&#8220;Hay muchas obras que nosotros tenemos armados los proyectos para cuando digan que hay plata, el Municipio de Tornquist tiene los proyectos listos para que se puedan financiar&#8221; indic\u00f3.<\/p>\n<p>&nbsp;<\/p>\n<p><strong>&#8220;Erradicaci\u00f3n de Basureros a Cielo Abierto&#8221;<\/strong><\/p>\n<p>&#8220;Estuvimos en Naci\u00f3n, en la Subsecretar\u00eda de Medio Ambiente, hablando del proyecto y de la posible financiaci\u00f3n y hay dos proyectos en la misma situaci\u00f3n que nosotros. El nuestro est\u00e1 listo y aguardando para que se pueda realizar cuando venga plata del financiamiento externo&#8221; agreg\u00f3 la intendente interina.<\/p>\n<p>&#8220;Nos reunimos con ellos y solicitamos maquinarias, pedido al cual accedieron y ahora estamos en el proceso del pedido y la realidad es que tenemos buen di\u00e1logo&#8221;<\/p>\n<p>&nbsp;<\/p>\n<p><strong>La situaci\u00f3n econ\u00f3mica y financiera del Municipio<\/strong><\/p>\n<p>&#8220;Antes de viajar estuvimos reunidos con el Gobernador Kicillof en Monte Hermoso y el manifest\u00f3 que la situaci\u00f3n era dificil; el ya viene planteando el tema de la coparticipaci\u00f3n y de los fondos de los que puede disponer la provincia y que cuidemos el recurso. Hay incertidumbre y se cree que no habr\u00e1 fondo educativo&#8221;<\/p>\n<p>La intendente interina se mostr\u00f3 preocupada por la situaci\u00f3n del fondo compensador y la incidencia que esto pueda tener en los trabajadores que necesitan desplazarse en la comarca para desarrollar sus actividades laborales.<\/p>\n<p>&#8220;Se habla que un pasaje de Tornquist a Saldungaray costar\u00eda $ 6000. $ 12.000 por d\u00eda de vi\u00e1tico nadie lo puede sostener. Eso se lo planteamos al Gobernador, y est\u00e1 en conocimiento, pero la realidad es que el fondo compensador depende de Naci\u00f3n. Veremos que podemos hacer desde el Municipio , por lo pronto hicimos todo para poder mantener la ayuda social y mas que nada por los jubilados que este a\u00f1o les ser\u00e1 muy dificil&#8221;<\/p>\n<p>&#8220;Diariamente estamos en contacto con econom\u00eda de provincia para saber si tenemos\u00a0 un mejor panorama de lo que venimos y venimos trabajando en que podamos generar recursos nuestros y que se pueda\u00a0 ahorrar lo mas que podamos&#8221;<\/p>\n<p><strong>La agenda que le espera a Sergio Bordoni a partir de marzo<\/strong><\/p>\n<p>&#8220;El 1ro. de marzo estariamos activando varias obras. Se reactiva la obra de la pileta de Saldungaray, tambi\u00e9n la climatizaci\u00f3n de la pileta de Sierra de la Ventana. Asimismo se est\u00e1 reactivando la obra de GLP de Villa Ventana y ya nos aprobaron los planos en Regi\u00f3n Sanitaria para el Geri\u00e1trico de Saldungaray&#8221;<\/p>\n<p>&#8220;Continuamos con el tema viviendas porque as\u00ed lo quiere el gobernador y es prioridad del Intendente&#8221; resumi\u00f3 Estefan\u00eda Bordoni haciendo un repaso de las unidades habitacionales ya concluidas en Saldungaray y la marcha de los distintos barrios en la ciudad cabecera.<\/p>\n<p><strong>NOTA COMPLETA DE CELTTV NOTICIAS CON LA INTENDENTE INTERINA ESTEFANIA BORDONI<\/strong><\/p>\n<p><iframe loading=\"lazy\" title=\"2024 02 20 ESTEFANIA BORDONI   GESTIONES EN LA PLATA Y BUENOS AIRES SOBRE DISTINTOS PROYECTOS\" width=\"500\" height=\"281\" src=\"https:\/\/www.youtube.com\/embed\/SqEuNcr0Tio?feature=oembed\" frameborder=\"0\" allow=\"accelerometer; autoplay; clipboard-write; encrypted-media; gyroscope; picture-in-picture; web-share\" referrerpolicy=\"strict-origin-when-cross-origin\" allowfullscreen><\/iframe><\/p>\n<p><iframe loading=\"lazy\" title=\"2024 02 20 ESTEFANIA BORDONI   LA SITUACION ECONOMICA Y FINANCIERA DEL MUNICIPIO\" width=\"500\" height=\"281\" src=\"https:\/\/www.youtube.com\/embed\/6xeVlOqq4Xs?feature=oembed\" frameborder=\"0\" allow=\"accelerometer; autoplay; clipboard-write; encrypted-media; gyroscope; picture-in-picture; web-share\" referrerpolicy=\"strict-origin-when-cross-origin\" allowfullscreen><\/iframe><\/p>\n<p><iframe loading=\"lazy\" title=\"2024 02 20 ESTEFANIA BORDONI   PARA EL REGRESO DEL INTENDENTE LE AGUARDA UNA AMPLIA AGENDA\" width=\"500\" height=\"281\" src=\"https:\/\/www.youtube.com\/embed\/fdLM37DDVks?feature=oembed\" frameborder=\"0\" allow=\"accelerometer; autoplay; clipboard-write; encrypted-media; gyroscope; picture-in-picture; web-share\" referrerpolicy=\"strict-origin-when-cross-origin\" allowfullscreen><\/iframe><\/p>\n<p>&nbsp;<\/p>\n<p>&nbsp;<\/p>\n<p>&nbsp;<\/p>\n","protected":false},"excerpt":{"rendered":"<p>Sobre la amplia agenda de trabajo realizada d\u00edas pasados, en la ciudad de La Plata y Buenos Aires, por la intendenta interina y miembros de su gabinete, Estefania Bordoni brind\u00f3 distintos detalles sobre las gestiones realizadas y la posibilidad de concretar alguno de los proyectos que est\u00e1n en agenda desde hace alg\u00fan tiempo. &#8220;La agenda [&hellip;]<\/p>\n","protected":false},"author":5,"featured_media":82077,"comment_status":"closed","ping_status":"closed","sticky":false,"template":"","format":"standard","meta":{"footnotes":""},"categories":[51,52,59],"tags":[],"class_list":["post-82076","post","type-post","status-publish","format-standard","has-post-thumbnail","hentry","category-comunidad","category-destacadas","category-municipales"],"yoast_head":"<!-- This site is optimized with the Yoast SEO plugin v19.7.1 - https:\/\/yoast.com\/wordpress\/plugins\/seo\/ -->\n<title>Estefan\u00eda Bordoni y la agitada agenda en La Plata y Buenos Aires - CELTTV<\/title>\n<meta name=\"description\" content=\"Sitio web de noticias de la localidad de Tornquist, provincia de Buenos Aires, Rep\u00fablica Argentina. Contenido propio originado por periodistas de CELTTV, el canal de TV local de la Cooperativa El\u00e9ctrica de Tornquist. Turismo, Pol\u00edtica, Sociedad, Deporte, Cultura y todo el contenido de inter\u00e9s general que la gente del pueblo y la regi\u00f3n debe conocer.\" \/>\n<meta name=\"robots\" content=\"index, follow, max-snippet:-1, max-image-preview:large, max-video-preview:-1\" \/>\n<link rel=\"canonical\" href=\"https:\/\/www.celttv.com.ar\/index.php\/2024\/02\/21\/estefania-bordoni-y-la-agitada-agenda-en-la-plata-y-buenos-aires\/\" \/>\n<meta property=\"og:locale\" content=\"es_ES\" \/>\n<meta property=\"og:type\" content=\"article\" \/>\n<meta property=\"og:title\" content=\"Estefan\u00eda Bordoni y la agitada agenda en La Plata y Buenos Aires - CELTTV\" \/>\n<meta property=\"og:description\" content=\"Sitio web de noticias de la localidad de Tornquist, provincia de Buenos Aires, Rep\u00fablica Argentina. Contenido propio originado por periodistas de CELTTV, el canal de TV local de la Cooperativa El\u00e9ctrica de Tornquist. Turismo, Pol\u00edtica, Sociedad, Deporte, Cultura y todo el contenido de inter\u00e9s general que la gente del pueblo y la regi\u00f3n debe conocer.\" \/>\n<meta property=\"og:url\" content=\"https:\/\/www.celttv.com.ar\/index.php\/2024\/02\/21\/estefania-bordoni-y-la-agitada-agenda-en-la-plata-y-buenos-aires\/\" \/>\n<meta property=\"og:site_name\" content=\"CELTTV\" \/>\n<meta property=\"article:publisher\" content=\"https:\/\/www.facebook.com\/celtTV\/\" \/>\n<meta property=\"article:published_time\" content=\"2024-02-21T03:29:33+00:00\" \/>\n<meta property=\"og:image\" content=\"https:\/\/www.celttv.com.ar\/wp-content\/uploads\/2024\/02\/IMG_1908-Medium.jpg\" \/>\n\t<meta property=\"og:image:width\" content=\"1152\" \/>\n\t<meta property=\"og:image:height\" content=\"768\" \/>\n\t<meta property=\"og:image:type\" content=\"image\/jpeg\" \/>\n<meta name=\"author\" content=\"Miguel Herrada\" \/>\n<meta name=\"twitter:card\" content=\"summary_large_image\" \/>\n<meta name=\"twitter:label1\" content=\"Escrito por\" \/>\n\t<meta name=\"twitter:data1\" content=\"Miguel Herrada\" \/>\n\t<meta name=\"twitter:label2\" content=\"Tiempo de lectura\" \/>\n\t<meta name=\"twitter:data2\" content=\"4 minutos\" \/>\n<script type=\"application\/ld+json\" class=\"yoast-schema-graph\">{\"@context\":\"https:\/\/schema.org\",\"@graph\":[{\"@type\":\"NewsArticle\",\"@id\":\"https:\/\/www.celttv.com.ar\/index.php\/2024\/02\/21\/estefania-bordoni-y-la-agitada-agenda-en-la-plata-y-buenos-aires\/#article\",\"isPartOf\":{\"@id\":\"https:\/\/www.celttv.com.ar\/index.php\/2024\/02\/21\/estefania-bordoni-y-la-agitada-agenda-en-la-plata-y-buenos-aires\/\"},\"author\":{\"name\":\"Miguel Herrada\",\"@id\":\"https:\/\/www.celttv.com.ar\/#\/schema\/person\/9059dc91dc7204ef4182cdb65225f07d\"},\"headline\":\"Estefan\u00eda Bordoni y la agitada agenda en La Plata y Buenos Aires\",\"datePublished\":\"2024-02-21T03:29:33+00:00\",\"dateModified\":\"2024-02-21T03:29:33+00:00\",\"mainEntityOfPage\":{\"@id\":\"https:\/\/www.celttv.com.ar\/index.php\/2024\/02\/21\/estefania-bordoni-y-la-agitada-agenda-en-la-plata-y-buenos-aires\/\"},\"wordCount\":755,\"publisher\":{\"@id\":\"https:\/\/www.celttv.com.ar\/#organization\"},\"articleSection\":[\"Comunidad\",\"Destacadas\",\"Municipales\"],\"inLanguage\":\"es\"},{\"@type\":\"WebPage\",\"@id\":\"https:\/\/www.celttv.com.ar\/index.php\/2024\/02\/21\/estefania-bordoni-y-la-agitada-agenda-en-la-plata-y-buenos-aires\/\",\"url\":\"https:\/\/www.celttv.com.ar\/index.php\/2024\/02\/21\/estefania-bordoni-y-la-agitada-agenda-en-la-plata-y-buenos-aires\/\",\"name\":\"Estefan\u00eda Bordoni y la agitada agenda en La Plata y Buenos Aires - CELTTV\",\"isPartOf\":{\"@id\":\"https:\/\/www.celttv.com.ar\/#website\"},\"datePublished\":\"2024-02-21T03:29:33+00:00\",\"dateModified\":\"2024-02-21T03:29:33+00:00\",\"description\":\"Sitio web de noticias de la localidad de Tornquist, provincia de Buenos Aires, Rep\u00fablica Argentina. Contenido propio originado por periodistas de CELTTV, el canal de TV local de la Cooperativa El\u00e9ctrica de Tornquist. Turismo, Pol\u00edtica, Sociedad, Deporte, Cultura y todo el contenido de inter\u00e9s general que la gente del pueblo y la regi\u00f3n debe conocer.\",\"breadcrumb\":{\"@id\":\"https:\/\/www.celttv.com.ar\/index.php\/2024\/02\/21\/estefania-bordoni-y-la-agitada-agenda-en-la-plata-y-buenos-aires\/#breadcrumb\"},\"inLanguage\":\"es\",\"potentialAction\":[{\"@type\":\"ReadAction\",\"target\":[\"https:\/\/www.celttv.com.ar\/index.php\/2024\/02\/21\/estefania-bordoni-y-la-agitada-agenda-en-la-plata-y-buenos-aires\/\"]}]},{\"@type\":\"BreadcrumbList\",\"@id\":\"https:\/\/www.celttv.com.ar\/index.php\/2024\/02\/21\/estefania-bordoni-y-la-agitada-agenda-en-la-plata-y-buenos-aires\/#breadcrumb\",\"itemListElement\":[{\"@type\":\"ListItem\",\"position\":1,\"name\":\"Inicio\",\"item\":\"https:\/\/www.celttv.com.ar\/\"},{\"@type\":\"ListItem\",\"position\":2,\"name\":\"Estefan\u00eda Bordoni y la agitada agenda en La Plata y Buenos Aires\"}]},{\"@type\":\"WebSite\",\"@id\":\"https:\/\/www.celttv.com.ar\/#website\",\"url\":\"https:\/\/www.celttv.com.ar\/\",\"name\":\"CELTTV\",\"description\":\"Cooperativa El\u00e9ctrica de Tornquist\",\"publisher\":{\"@id\":\"https:\/\/www.celttv.com.ar\/#organization\"},\"potentialAction\":[{\"@type\":\"SearchAction\",\"target\":{\"@type\":\"EntryPoint\",\"urlTemplate\":\"https:\/\/www.celttv.com.ar\/?s={search_term_string}\"},\"query-input\":\"required name=search_term_string\"}],\"inLanguage\":\"es\"},{\"@type\":\"Organization\",\"@id\":\"https:\/\/www.celttv.com.ar\/#organization\",\"name\":\"CELTTV\",\"url\":\"https:\/\/www.celttv.com.ar\/\",\"sameAs\":[\"https:\/\/www.youtube.com\/channel\/UCz_oIt8Hig64Ub-EmcNPIhg\",\"https:\/\/www.facebook.com\/celtTV\/\"],\"logo\":{\"@type\":\"ImageObject\",\"inLanguage\":\"es\",\"@id\":\"https:\/\/www.celttv.com.ar\/#\/schema\/logo\/image\/\",\"url\":\"http:\/\/www.celttv.com.ar\/wp-content\/uploads\/2022\/08\/logo-1.png\",\"contentUrl\":\"http:\/\/www.celttv.com.ar\/wp-content\/uploads\/2022\/08\/logo-1.png\",\"width\":461,\"height\":159,\"caption\":\"CELTTV\"},\"image\":{\"@id\":\"https:\/\/www.celttv.com.ar\/#\/schema\/logo\/image\/\"}},{\"@type\":\"Person\",\"@id\":\"https:\/\/www.celttv.com.ar\/#\/schema\/person\/9059dc91dc7204ef4182cdb65225f07d\",\"name\":\"Miguel Herrada\",\"image\":{\"@type\":\"ImageObject\",\"inLanguage\":\"es\",\"@id\":\"https:\/\/www.celttv.com.ar\/#\/schema\/person\/image\/\",\"url\":\"https:\/\/secure.gravatar.com\/avatar\/67724d5b3c716623ffd76bec7e45841a442ac3b456e914dbba90b0fad2b8e0b1?s=96&d=mm&r=g\",\"contentUrl\":\"https:\/\/secure.gravatar.com\/avatar\/67724d5b3c716623ffd76bec7e45841a442ac3b456e914dbba90b0fad2b8e0b1?s=96&d=mm&r=g\",\"caption\":\"Miguel Herrada\"}}]}<\/script>\n<!-- \/ Yoast SEO plugin. -->","yoast_head_json":{"title":"Estefan\u00eda Bordoni y la agitada agenda en La Plata y Buenos Aires - CELTTV","description":"Sitio web de noticias de la localidad de Tornquist, provincia de Buenos Aires, Rep\u00fablica Argentina. Contenido propio originado por periodistas de CELTTV, el canal de TV local de la Cooperativa El\u00e9ctrica de Tornquist. Turismo, Pol\u00edtica, Sociedad, Deporte, Cultura y todo el contenido de inter\u00e9s general que la gente del pueblo y la regi\u00f3n debe conocer.","robots":{"index":"index","follow":"follow","max-snippet":"max-snippet:-1","max-image-preview":"max-image-preview:large","max-video-preview":"max-video-preview:-1"},"canonical":"https:\/\/www.celttv.com.ar\/index.php\/2024\/02\/21\/estefania-bordoni-y-la-agitada-agenda-en-la-plata-y-buenos-aires\/","og_locale":"es_ES","og_type":"article","og_title":"Estefan\u00eda Bordoni y la agitada agenda en La Plata y Buenos Aires - CELTTV","og_description":"Sitio web de noticias de la localidad de Tornquist, provincia de Buenos Aires, Rep\u00fablica Argentina. Contenido propio originado por periodistas de CELTTV, el canal de TV local de la Cooperativa El\u00e9ctrica de Tornquist. Turismo, Pol\u00edtica, Sociedad, Deporte, Cultura y todo el contenido de inter\u00e9s general que la gente del pueblo y la regi\u00f3n debe conocer.","og_url":"https:\/\/www.celttv.com.ar\/index.php\/2024\/02\/21\/estefania-bordoni-y-la-agitada-agenda-en-la-plata-y-buenos-aires\/","og_site_name":"CELTTV","article_publisher":"https:\/\/www.facebook.com\/celtTV\/","article_published_time":"2024-02-21T03:29:33+00:00","og_image":[{"width":1152,"height":768,"url":"https:\/\/www.celttv.com.ar\/wp-content\/uploads\/2024\/02\/IMG_1908-Medium.jpg","type":"image\/jpeg"}],"author":"Miguel Herrada","twitter_card":"summary_large_image","twitter_misc":{"Escrito por":"Miguel Herrada","Tiempo de lectura":"4 minutos"},"schema":{"@context":"https:\/\/schema.org","@graph":[{"@type":"NewsArticle","@id":"https:\/\/www.celttv.com.ar\/index.php\/2024\/02\/21\/estefania-bordoni-y-la-agitada-agenda-en-la-plata-y-buenos-aires\/#article","isPartOf":{"@id":"https:\/\/www.celttv.com.ar\/index.php\/2024\/02\/21\/estefania-bordoni-y-la-agitada-agenda-en-la-plata-y-buenos-aires\/"},"author":{"name":"Miguel Herrada","@id":"https:\/\/www.celttv.com.ar\/#\/schema\/person\/9059dc91dc7204ef4182cdb65225f07d"},"headline":"Estefan\u00eda Bordoni y la agitada agenda en La Plata y Buenos Aires","datePublished":"2024-02-21T03:29:33+00:00","dateModified":"2024-02-21T03:29:33+00:00","mainEntityOfPage":{"@id":"https:\/\/www.celttv.com.ar\/index.php\/2024\/02\/21\/estefania-bordoni-y-la-agitada-agenda-en-la-plata-y-buenos-aires\/"},"wordCount":755,"publisher":{"@id":"https:\/\/www.celttv.com.ar\/#organization"},"articleSection":["Comunidad","Destacadas","Municipales"],"inLanguage":"es"},{"@type":"WebPage","@id":"https:\/\/www.celttv.com.ar\/index.php\/2024\/02\/21\/estefania-bordoni-y-la-agitada-agenda-en-la-plata-y-buenos-aires\/","url":"https:\/\/www.celttv.com.ar\/index.php\/2024\/02\/21\/estefania-bordoni-y-la-agitada-agenda-en-la-plata-y-buenos-aires\/","name":"Estefan\u00eda Bordoni y la agitada agenda en La Plata y Buenos Aires - CELTTV","isPartOf":{"@id":"https:\/\/www.celttv.com.ar\/#website"},"datePublished":"2024-02-21T03:29:33+00:00","dateModified":"2024-02-21T03:29:33+00:00","description":"Sitio web de noticias de la localidad de Tornquist, provincia de Buenos Aires, Rep\u00fablica Argentina. Contenido propio originado por periodistas de CELTTV, el canal de TV local de la Cooperativa El\u00e9ctrica de Tornquist. Turismo, Pol\u00edtica, Sociedad, Deporte, Cultura y todo el contenido de inter\u00e9s general que la gente del pueblo y la regi\u00f3n debe conocer.","breadcrumb":{"@id":"https:\/\/www.celttv.com.ar\/index.php\/2024\/02\/21\/estefania-bordoni-y-la-agitada-agenda-en-la-plata-y-buenos-aires\/#breadcrumb"},"inLanguage":"es","potentialAction":[{"@type":"ReadAction","target":["https:\/\/www.celttv.com.ar\/index.php\/2024\/02\/21\/estefania-bordoni-y-la-agitada-agenda-en-la-plata-y-buenos-aires\/"]}]},{"@type":"BreadcrumbList","@id":"https:\/\/www.celttv.com.ar\/index.php\/2024\/02\/21\/estefania-bordoni-y-la-agitada-agenda-en-la-plata-y-buenos-aires\/#breadcrumb","itemListElement":[{"@type":"ListItem","position":1,"name":"Inicio","item":"https:\/\/www.celttv.com.ar\/"},{"@type":"ListItem","position":2,"name":"Estefan\u00eda Bordoni y la agitada agenda en La Plata y Buenos Aires"}]},{"@type":"WebSite","@id":"https:\/\/www.celttv.com.ar\/#website","url":"https:\/\/www.celttv.com.ar\/","name":"CELTTV","description":"Cooperativa El\u00e9ctrica de Tornquist","publisher":{"@id":"https:\/\/www.celttv.com.ar\/#organization"},"potentialAction":[{"@type":"SearchAction","target":{"@type":"EntryPoint","urlTemplate":"https:\/\/www.celttv.com.ar\/?s={search_term_string}"},"query-input":"required name=search_term_string"}],"inLanguage":"es"},{"@type":"Organization","@id":"https:\/\/www.celttv.com.ar\/#organization","name":"CELTTV","url":"https:\/\/www.celttv.com.ar\/","sameAs":["https:\/\/www.youtube.com\/channel\/UCz_oIt8Hig64Ub-EmcNPIhg","https:\/\/www.facebook.com\/celtTV\/"],"logo":{"@type":"ImageObject","inLanguage":"es","@id":"https:\/\/www.celttv.com.ar\/#\/schema\/logo\/image\/","url":"http:\/\/www.celttv.com.ar\/wp-content\/uploads\/2022\/08\/logo-1.png","contentUrl":"http:\/\/www.celttv.com.ar\/wp-content\/uploads\/2022\/08\/logo-1.png","width":461,"height":159,"caption":"CELTTV"},"image":{"@id":"https:\/\/www.celttv.com.ar\/#\/schema\/logo\/image\/"}},{"@type":"Person","@id":"https:\/\/www.celttv.com.ar\/#\/schema\/person\/9059dc91dc7204ef4182cdb65225f07d","name":"Miguel Herrada","image":{"@type":"ImageObject","inLanguage":"es","@id":"https:\/\/www.celttv.com.ar\/#\/schema\/person\/image\/","url":"https:\/\/secure.gravatar.com\/avatar\/67724d5b3c716623ffd76bec7e45841a442ac3b456e914dbba90b0fad2b8e0b1?s=96&d=mm&r=g","contentUrl":"https:\/\/secure.gravatar.com\/avatar\/67724d5b3c716623ffd76bec7e45841a442ac3b456e914dbba90b0fad2b8e0b1?s=96&d=mm&r=g","caption":"Miguel Herrada"}}]}},"_links":{"self":[{"href":"https:\/\/www.celttv.com.ar\/index.php\/wp-json\/wp\/v2\/posts\/82076","targetHints":{"allow":["GET"]}}],"collection":[{"href":"https:\/\/www.celttv.com.ar\/index.php\/wp-json\/wp\/v2\/posts"}],"about":[{"href":"https:\/\/www.celttv.com.ar\/index.php\/wp-json\/wp\/v2\/types\/post"}],"author":[{"embeddable":true,"href":"https:\/\/www.celttv.com.ar\/index.php\/wp-json\/wp\/v2\/users\/5"}],"replies":[{"embeddable":true,"href":"https:\/\/www.celttv.com.ar\/index.php\/wp-json\/wp\/v2\/comments?post=82076"}],"version-history":[{"count":1,"href":"https:\/\/www.celttv.com.ar\/index.php\/wp-json\/wp\/v2\/posts\/82076\/revisions"}],"predecessor-version":[{"id":82078,"href":"https:\/\/www.celttv.com.ar\/index.php\/wp-json\/wp\/v2\/posts\/82076\/revisions\/82078"}],"wp:featuredmedia":[{"embeddable":true,"href":"https:\/\/www.celttv.com.ar\/index.php\/wp-json\/wp\/v2\/media\/82077"}],"wp:attachment":[{"href":"https:\/\/www.celttv.com.ar\/index.php\/wp-json\/wp\/v2\/media?parent=82076"}],"wp:term":[{"taxonomy":"category","embeddable":true,"href":"https:\/\/www.celttv.com.ar\/index.php\/wp-json\/wp\/v2\/categories?post=82076"},{"taxonomy":"post_tag","embeddable":true,"href":"https:\/\/www.celttv.com.ar\/index.php\/wp-json\/wp\/v2\/tags?post=82076"}],"curies":[{"name":"wp","href":"https:\/\/api.w.org\/{rel}","templated":true}]}}