{"id":82079,"date":"2024-02-21T21:11:09","date_gmt":"2024-02-22T00:11:09","guid":{"rendered":"https:\/\/www.celttv.com.ar\/?p=82079"},"modified":"2024-02-21T23:39:59","modified_gmt":"2024-02-22T02:39:59","slug":"informe-de-las-sesiones-extraordinarias-de-fecha-09-01-24","status":"publish","type":"post","link":"https:\/\/www.celttv.com.ar\/index.php\/2024\/02\/21\/informe-de-las-sesiones-extraordinarias-de-fecha-09-01-24\/","title":{"rendered":"INFORME DE LA\u00a0 SESI\u00d3N EXTRAORDINARIA DE FECHA 20-02-24"},"content":{"rendered":"<p>Convocados por el Decreto N\u00ba 08\/24, los Concejales se hacen presentes en el Recinto del H.C.D. para realizar la Sesi\u00f3n Extraordinaria, el d\u00eda 20 de febrero de 2024 a la hora 17:00 aproximadamente, con el objeto de tratar los siguientes temas:<\/p>\n<p>&nbsp;<\/p>\n<ul>\n<li><strong><u>#Expte. <\/u><\/strong><strong><u>N\u00ba 29\/24:<\/u><\/strong> &#8211; E. \u2013 Incremento salarial Ejercicio 2024.-<\/li>\n<li><strong><u>#<\/u><\/strong><strong><u> Bloques Juntos y Juntos por el Cambio:<\/u><\/strong> &#8211; Proyecto de Resoluci\u00f3n: Ref. problem\u00e1tica Instituto Obra M\u00e9dico Asistencial (IOMA).<\/li>\n<li><strong><u>#<\/u><\/strong><strong><u> Bloques Juntos y Juntos por el Cambio:<\/u><\/strong> &#8211; Minuta de Comunicaci\u00f3n: ref. \u201cFondo de Fortalecimiento Fiscal Municipal\u201d.-<\/li>\n<li><strong><u>#<\/u><\/strong><strong><u> Bloques Juntos y Juntos por el Cambio:<\/u><\/strong> &#8211; Proyecto de Ordenanza: Adherir a la Ley 14.735, r\u00e9gimen especial de boleto estudiantil.-<\/li>\n<li><strong><u>#<\/u><\/strong><strong><u> Bloques Juntos y Juntos por el Cambio:<\/u><\/strong> &#8211; Pedido de Informe: En ref. alquiler grupo electr\u00f3geno.-<\/li>\n<\/ul>\n<p>&nbsp;<\/p>\n<p><strong><u>#Expte. <\/u><\/strong><strong><u>N\u00ba 29\/24:<\/u><\/strong> &#8211; D.E. \u2013 Incremento salarial Ejercicio 2024.-<\/p>\n<p>Se aprueba por unanimidad la Ordenanza N\u00ba 3748\/24 por la que se otorga un incremento salarial del 20% (VEINTE por ciento) a partir del 1 de FEBRERO de 2024, para todas las categor\u00edas de los sueldos del personal municipal.-<\/p>\n<p>&nbsp;<\/p>\n<p><strong><u>Bloques Juntos y Juntos por el Cambio:<\/u><\/strong> &#8211; Proyecto de Resoluci\u00f3n: Ref. problem\u00e1tica Instituto Obra M\u00e9dico Asistencial (IOMA).<\/p>\n<p>Se forma el Expte N\u00ba\u00a0 7716\/24, y se aprueba por unanimidad la Resoluci\u00f3n N\u00ba 03\/24 por la que se manifiesta preocupaci\u00f3n ante los inconvenientes econ\u00f3micos y financieros que atraviesa el Instituto Obra M\u00e9dico Asistencial (IOMA) que repercuten directamente en la cobertura\u00a0en tiempo y forma de las necesidades sanitarias de sus afiliados.<\/p>\n<p>Se le advierte a la Presidencia del Instituto Obra M\u00e9dico Asistencial (IOMA) que de no normalizarse prontamente la situaci\u00f3n ser\u00e1 indefectible evaluar la libre elecci\u00f3n de Obra Social para los empleados municipales de este Distrito.<\/p>\n<p>Se adhiere y se solicita a la Legislatura de la Provincia pronta aprobaci\u00f3n del Proyecto de Ley D-3742\/2023 2024, mediante el cual se propone declarar la Emergencia Sanitaria, Econ\u00f3mica y Financiera el Instituto Obra M\u00e9dico Asistencial (IOMA) y en ese marco realizar distintas acciones tendientes a la normalizaci\u00f3n de la Obra Social de activos y pasivos del Estado Provincial y los 135 Municipios de la provincia de Buenos Aires.-<\/p>\n<p>&nbsp;<\/p>\n<p><strong><u>Bloques Juntos y Juntos por el Cambio:<\/u><\/strong> Minuta de Comunicaci\u00f3n: ref. \u201cFondo de Fortalecimiento Fiscal Municipal\u201d.-<\/p>\n<p>Visto la publicaci\u00f3n de la Resoluci\u00f3n N\u00b0 54 EX-2024-02956923-GDEBA-DPCMYPDMECONGP, por medio de la cual se dispone la reglamentaci\u00f3n del \u201cFondo de Fortalecimiento Fiscal Municipal\u201d creado por el Art\u00edculo 32\u00ba de la Ley N\u00ba 15.480 que garantiza recursos proporcionales extras para los 135 municipios de la Provincia de Buenos Aires, se solicita a la Intendente interina Municipal, Sra. Estefan\u00eda Bordoni, informe a este Honorable Cuerpo por escrito y con documentaci\u00f3n respaldatoria, la gesti\u00f3n realizada, seg\u00fan lo establecido por el Art\u00edculo 1\u00ba RESO-2024-54-GDEBA-MECONGP del Ministerio de Econom\u00eda de la Provincia de Buenos Aires.<\/p>\n<p>&nbsp;<\/p>\n<p>Con esta Minuta de Comunicaci\u00f3n se forma el Expte N\u00ba 7717\/24 \u00a0y se aprueba por unanimidad enviar el mismo al Departamento Ejecutivo para que se d\u00e9 respuesta a lo solicitado.-<\/p>\n<p>&nbsp;<\/p>\n<p><strong><u>Bloques Juntos y Juntos por el Cambio:<\/u><\/strong> Proyecto de Ordenanza: Adherir a la Ley 14.735, r\u00e9gimen especial de boleto estudiantil.-<\/p>\n<p>Se forma el Expte N\u00ba\u00a0 7718\/24 y se aprueba por unanimidad la Ordenanza N\u00ba 3749\/24 por la que se adhiere en el \u00e1mbito del Partido de Tornquist a lo dispuesto por la Ley N\u00b0 14735, mediante la cual se crea un r\u00e9gimen especial de Boleto Estudiantil.<\/p>\n<p>Se faculta al Departamento Ejecutivo Municipal a realizar las acciones pertinentes ante las Empresas de Transporte P\u00fablico de pasajeros que presten el servicio dentro del Partido de Tornquist y autoridades provinciales, para el cumplimiento de la Ley.<\/p>\n<p>&nbsp;<\/p>\n<p><strong><u>Bloques Juntos y Juntos por el Cambio:<\/u><\/strong> Pedido de Informe: En ref. alquiler grupo electr\u00f3geno.-<\/p>\n<p>Visto el Pedido N\u00ba 538, publicado en el R.A.F.A.M., por el que se alquila un grupo electr\u00f3geno, tipo port\u00e1til modelo SEG\/KAT 438, se solicita que se informe a la comunidad, a trav\u00e9s de este Cuerpo<strong>:<\/strong><\/p>\n<ul>\n<li>Si el pedido fue efectuado por la Sra. Delegada Municipal de la localidad de Sierra de la Ventana;<\/li>\n<li>Qu\u00e9 imprevisto justific\u00f3 la contrataci\u00f3n;<\/li>\n<li>Qu\u00e9 servicio presto espec\u00edficamente el equipo contratado y por cu\u00e1nto<\/li>\n<li>Si el beneficiario de esta contrataci\u00f3n es el \u00fanico proveedor de este tipo de servicios.<\/li>\n<\/ul>\n<p>Se solicita al Departamento Ejecutivo que, a trav\u00e9s del \u00e1rea que corresponda, env\u00ede a este Cuerpo, las actuaciones administrativas respaldatorias de lo solicitado en el Art. anterior y el contrato que especifique lo contemplado en el alquiler del mencionado equipo.<\/p>\n<p>&nbsp;<\/p>\n<p>Con este Pedido de Informe se forma el Expte N\u00ba 7719\/24 y se aprueba por unanimidad enviar el mismo al Departamento Ejecutivo para que se d\u00e9 respuesta a lo solicitado.-<\/p>\n<p>&nbsp;<\/p>\n<p>Concejal Luis Castro:<\/p>\n<p>\u201cSi, quer\u00eda hacer referencia al Pedido de Informe que presentamos hoy por la ma\u00f1ana que tiene que ver con el\u00a0 alquiler del grupo electr\u00f3geno para la localidad de Sierra de \u00a0la Ventana, \u00a0m\u00e1s espec\u00edficamente lo hace Aguas Corrientes \u00a0de Sierra de la Ventana, \u00a0para las bombas, suponemos que son las bombas de El Mirador en Sierra de la Ventana. Para marcar la situaci\u00f3n que se da, que ese alquiler se hace en el marco\u00a0 del Decreto 67\/24 que este Concejo Deliberante convalid\u00f3 por mayor\u00eda, que tiene que ver con la emergencia social, ambiental, educativa y de infraestructura \u00a0que el Ejecutivo dict\u00f3, y como dec\u00eda, este Concejo convalid\u00f3, y \u00a0que justamente los argumentos de esa emergencia que dura hasta fin de a\u00f1o, tienen que ver con la tormenta del 16 de diciembre del a\u00f1o pasado. Bueno, en principio eso, que la verdad que nosotros cuando notamos este gasto en el RAFAM no se encuadrar\u00eda dentro de ese Decreto porque la verdad, refuerzan el argumento que nosotros planteamos cuando no acompa\u00f1amos esa emergencia, que es hacer gastos discrecionales del presupuesto municipal. La informaci\u00f3n extraoficial que tenemos, hemos hablado con el Secretario de Gobierno, es que el alquiler no ser\u00edan 10 d\u00edas seguidos, sino que ser\u00eda una especie de, la verdad es raro, pero tenemos 10 d\u00edas disponibles el generador para usarlo, y que en realidad no se us\u00f3 nunca todav\u00eda para las bombas de Sierra, y no s\u00e9 si se us\u00f3 el generador creo que se us\u00f3 una vez para\u00a0 el hospital de Tornquist. Y despu\u00e9s hay cuestiones tambi\u00e9n que no est\u00e1n claras, o te dir\u00eda tirando a oscuras, que tiene que ver que con el pedido este que es una orden de pago que ya est\u00e1 paga de 2.245.000. La Delegada de la localidad de Sierra de la Ventana por lo que sabemos tampoco estaba enterada de este gasto, y todos sabemos que la Delegada cuando asumi\u00f3 en Sierra de la Ventana manifest\u00f3 que la situaci\u00f3n de la delegaci\u00f3n estaba complicada y hasta solicit\u00f3 ayuda a los privados para que ayuden a comprar o bombas para el sistema del agua, y hasta para arreglar un regador. Entonces creo que estas cuestiones no est\u00e1n claras y necesitamos tener una respuesta y r\u00e1pido y por escrito, porque la respuesta que no puede dar un funcionario nos pueden servir moment\u00e1neamente porque este tema lo vimos hace poquito, pero necesitamos que est\u00e9n por escrito la respuesta y bueno, y si no est\u00e1n por escrito tendremos que citar a los a los funcionarios. Pero partiendo que se hace \u00a0a trav\u00e9s del Decreto 67, de que se contrata para, supuestamente, para las bombas de agua de Sierra pero resulta que el municipio lo va a utilizar para cualquier otra cosa. La verdad es discrecional y poco claro, entonces la respuesta tiene que estar, y tambi\u00e9n espero que a trav\u00e9s de este Decreto no sigan haciendo este tipo de gastos, este que lo aclaren, y que no sigan haciendo este tipo de gasto porque si no es lo que marcamos cuando no acompa\u00f1amos, hacemos decreto de emergencia y ahora est\u00e1 en auge esto de emitir la emergencia de los gobiernos provinciales o nacionales que piden, y lo hacemos justamente para esquivar todos los procesos administrativos como puede ser, o un concurso de precio o una licitaci\u00f3n privada o p\u00fablica, y creo que no, que no corresponde y aparte est\u00e1 fuera de lo que todos creemos que est\u00e1 bien en la administraci\u00f3n municipal. Aparte se presta a creer, porque la verdad que nosotros tambi\u00e9n desconfiamos de esa situaci\u00f3n, \u00a0de que hay otra situaci\u00f3n de por medio por eso se hace este alquiler, y qu\u00e9 locura. Entonces la verdad, ojal\u00e1 ma\u00f1ana tengamos la respuesta, nosotros el viernes pasado pedimos por nota la respuesta al Contador, en realidad pedimos la copia del Expediente de la orden de pago 1279, hasta el d\u00eda de la fecha no la tuvimos, espero que ma\u00f1ana a la ma\u00f1ana tengamos la respuesta para empezar a esclarecer esta contrataci\u00f3n. Muchas gracias.\u201d<\/p>\n<p>&nbsp;<\/p>\n<p>Concejal Sandra Kifer:<\/p>\n<p>\u201cS\u00ed, bueno, buenas tardes a todos. Simplemente mencionar que en el d\u00eda de hoy se aprob\u00f3 el Proyecto de Ordenanza del Expediente 7718\/24 en el cual se adhiere a la Ley Provincial 14.735. Esa Ley, que es la Ley m\u00e1s conocida como la Ley de Boleto Estudiantil en el art\u00edculo s\u00e9ptimo solicita, invita a los municipios de la Provincia de Buenos Aires a adherirse. \u00a0M\u00e1s all\u00e1 de esta adhesi\u00f3n creo que es una herramienta m\u00e1s que va a tener el Ejecutivo Municipal para poder utilizar y hacer las gestiones necesarias para que los alumnos del Distrito de Tornquist puedan hacer uso de ese beneficio al igual que el resto de los alumnos de la Provincia de Buenos Aires. Simplemente eso, espero que las gestiones se hagan lo antes posible porque sobre todo en el marco de crisis econ\u00f3mica que hay en la Argentina en el d\u00eda de hoy, es absolutamente necesario para que los chicos puedan acceder a las instituciones educativas, los chicos, aquellos ni\u00f1os y adolescentes y j\u00f3venes que deben trasladarse dentro del Distrito de Tornquist, para poder acceder a ese beneficio. As\u00ed que sin m\u00e1s espero que prontamente tengamos la buena noticia de que el Distrito de Tornquist ha sido incorporado dentro de los distritos que cuentan con ese beneficio. Nada m\u00e1s\u201d.<\/p>\n<p>HONORABLE CONCEJO DELIBERANTE.<\/p>\n<p>&nbsp;<\/p>\n<p><img loading=\"lazy\" decoding=\"async\" class=\"alignnone size-medium wp-image-82080\" src=\"https:\/\/www.celttv.com.ar\/wp-content\/uploads\/2024\/02\/WhatsApp-Image-2024-02-20-at-20.33.09-1-300x225.jpeg\" alt=\"\" width=\"300\" height=\"225\" srcset=\"https:\/\/www.celttv.com.ar\/wp-content\/uploads\/2024\/02\/WhatsApp-Image-2024-02-20-at-20.33.09-1-300x225.jpeg 300w, https:\/\/www.celttv.com.ar\/wp-content\/uploads\/2024\/02\/WhatsApp-Image-2024-02-20-at-20.33.09-1-1024x768.jpeg 1024w, https:\/\/www.celttv.com.ar\/wp-content\/uploads\/2024\/02\/WhatsApp-Image-2024-02-20-at-20.33.09-1-768x576.jpeg 768w, https:\/\/www.celttv.com.ar\/wp-content\/uploads\/2024\/02\/WhatsApp-Image-2024-02-20-at-20.33.09-1-1536x1152.jpeg 1536w, https:\/\/www.celttv.com.ar\/wp-content\/uploads\/2024\/02\/WhatsApp-Image-2024-02-20-at-20.33.09-1-750x563.jpeg 750w, https:\/\/www.celttv.com.ar\/wp-content\/uploads\/2024\/02\/WhatsApp-Image-2024-02-20-at-20.33.09-1-1140x855.jpeg 1140w, https:\/\/www.celttv.com.ar\/wp-content\/uploads\/2024\/02\/WhatsApp-Image-2024-02-20-at-20.33.09-1.jpeg 1600w\" sizes=\"auto, (max-width: 300px) 100vw, 300px\" \/> <img loading=\"lazy\" decoding=\"async\" class=\"alignnone size-medium wp-image-82081\" src=\"https:\/\/www.celttv.com.ar\/wp-content\/uploads\/2024\/02\/WhatsApp-Image-2024-02-20-at-20.33.09-2-300x225.jpeg\" alt=\"\" width=\"300\" height=\"225\" srcset=\"https:\/\/www.celttv.com.ar\/wp-content\/uploads\/2024\/02\/WhatsApp-Image-2024-02-20-at-20.33.09-2-300x225.jpeg 300w, https:\/\/www.celttv.com.ar\/wp-content\/uploads\/2024\/02\/WhatsApp-Image-2024-02-20-at-20.33.09-2-1024x768.jpeg 1024w, https:\/\/www.celttv.com.ar\/wp-content\/uploads\/2024\/02\/WhatsApp-Image-2024-02-20-at-20.33.09-2-768x576.jpeg 768w, https:\/\/www.celttv.com.ar\/wp-content\/uploads\/2024\/02\/WhatsApp-Image-2024-02-20-at-20.33.09-2-1536x1152.jpeg 1536w, https:\/\/www.celttv.com.ar\/wp-content\/uploads\/2024\/02\/WhatsApp-Image-2024-02-20-at-20.33.09-2-750x563.jpeg 750w, https:\/\/www.celttv.com.ar\/wp-content\/uploads\/2024\/02\/WhatsApp-Image-2024-02-20-at-20.33.09-2-1140x855.jpeg 1140w, https:\/\/www.celttv.com.ar\/wp-content\/uploads\/2024\/02\/WhatsApp-Image-2024-02-20-at-20.33.09-2.jpeg 1600w\" sizes=\"auto, (max-width: 300px) 100vw, 300px\" \/> <img loading=\"lazy\" decoding=\"async\" class=\"alignnone size-medium wp-image-82082\" src=\"https:\/\/www.celttv.com.ar\/wp-content\/uploads\/2024\/02\/WhatsApp-Image-2024-02-20-at-20.33.09-3-225x300.jpeg\" alt=\"\" width=\"225\" height=\"300\" srcset=\"https:\/\/www.celttv.com.ar\/wp-content\/uploads\/2024\/02\/WhatsApp-Image-2024-02-20-at-20.33.09-3-225x300.jpeg 225w, https:\/\/www.celttv.com.ar\/wp-content\/uploads\/2024\/02\/WhatsApp-Image-2024-02-20-at-20.33.09-3-768x1024.jpeg 768w, https:\/\/www.celttv.com.ar\/wp-content\/uploads\/2024\/02\/WhatsApp-Image-2024-02-20-at-20.33.09-3-1152x1536.jpeg 1152w, https:\/\/www.celttv.com.ar\/wp-content\/uploads\/2024\/02\/WhatsApp-Image-2024-02-20-at-20.33.09-3-750x1000.jpeg 750w, https:\/\/www.celttv.com.ar\/wp-content\/uploads\/2024\/02\/WhatsApp-Image-2024-02-20-at-20.33.09-3-1140x1520.jpeg 1140w, https:\/\/www.celttv.com.ar\/wp-content\/uploads\/2024\/02\/WhatsApp-Image-2024-02-20-at-20.33.09-3.jpeg 1200w\" sizes=\"auto, (max-width: 225px) 100vw, 225px\" \/> <img loading=\"lazy\" decoding=\"async\" class=\"alignnone size-medium wp-image-82083\" src=\"https:\/\/www.celttv.com.ar\/wp-content\/uploads\/2024\/02\/WhatsApp-Image-2024-02-20-at-20.33.09-4-225x300.jpeg\" alt=\"\" width=\"225\" height=\"300\" srcset=\"https:\/\/www.celttv.com.ar\/wp-content\/uploads\/2024\/02\/WhatsApp-Image-2024-02-20-at-20.33.09-4-225x300.jpeg 225w, https:\/\/www.celttv.com.ar\/wp-content\/uploads\/2024\/02\/WhatsApp-Image-2024-02-20-at-20.33.09-4-768x1024.jpeg 768w, https:\/\/www.celttv.com.ar\/wp-content\/uploads\/2024\/02\/WhatsApp-Image-2024-02-20-at-20.33.09-4-1152x1536.jpeg 1152w, https:\/\/www.celttv.com.ar\/wp-content\/uploads\/2024\/02\/WhatsApp-Image-2024-02-20-at-20.33.09-4-750x1000.jpeg 750w, https:\/\/www.celttv.com.ar\/wp-content\/uploads\/2024\/02\/WhatsApp-Image-2024-02-20-at-20.33.09-4-1140x1520.jpeg 1140w, https:\/\/www.celttv.com.ar\/wp-content\/uploads\/2024\/02\/WhatsApp-Image-2024-02-20-at-20.33.09-4.jpeg 1200w\" sizes=\"auto, (max-width: 225px) 100vw, 225px\" \/> <img loading=\"lazy\" decoding=\"async\" class=\"alignnone size-medium wp-image-82084\" src=\"https:\/\/www.celttv.com.ar\/wp-content\/uploads\/2024\/02\/WhatsApp-Image-2024-02-20-at-20.33.09-300x225.jpeg\" alt=\"\" width=\"300\" height=\"225\" srcset=\"https:\/\/www.celttv.com.ar\/wp-content\/uploads\/2024\/02\/WhatsApp-Image-2024-02-20-at-20.33.09-300x225.jpeg 300w, https:\/\/www.celttv.com.ar\/wp-content\/uploads\/2024\/02\/WhatsApp-Image-2024-02-20-at-20.33.09-1024x768.jpeg 1024w, https:\/\/www.celttv.com.ar\/wp-content\/uploads\/2024\/02\/WhatsApp-Image-2024-02-20-at-20.33.09-768x576.jpeg 768w, https:\/\/www.celttv.com.ar\/wp-content\/uploads\/2024\/02\/WhatsApp-Image-2024-02-20-at-20.33.09-1536x1152.jpeg 1536w, https:\/\/www.celttv.com.ar\/wp-content\/uploads\/2024\/02\/WhatsApp-Image-2024-02-20-at-20.33.09-750x563.jpeg 750w, https:\/\/www.celttv.com.ar\/wp-content\/uploads\/2024\/02\/WhatsApp-Image-2024-02-20-at-20.33.09-1140x855.jpeg 1140w, https:\/\/www.celttv.com.ar\/wp-content\/uploads\/2024\/02\/WhatsApp-Image-2024-02-20-at-20.33.09.jpeg 1600w\" sizes=\"auto, (max-width: 300px) 100vw, 300px\" \/> <img loading=\"lazy\" decoding=\"async\" class=\"alignnone size-medium wp-image-82085\" src=\"https:\/\/www.celttv.com.ar\/wp-content\/uploads\/2024\/02\/WhatsApp-Image-2024-02-20-at-20.33.10-225x300.jpeg\" alt=\"\" width=\"225\" height=\"300\" srcset=\"https:\/\/www.celttv.com.ar\/wp-content\/uploads\/2024\/02\/WhatsApp-Image-2024-02-20-at-20.33.10-225x300.jpeg 225w, https:\/\/www.celttv.com.ar\/wp-content\/uploads\/2024\/02\/WhatsApp-Image-2024-02-20-at-20.33.10-768x1024.jpeg 768w, https:\/\/www.celttv.com.ar\/wp-content\/uploads\/2024\/02\/WhatsApp-Image-2024-02-20-at-20.33.10-1152x1536.jpeg 1152w, https:\/\/www.celttv.com.ar\/wp-content\/uploads\/2024\/02\/WhatsApp-Image-2024-02-20-at-20.33.10-750x1000.jpeg 750w, https:\/\/www.celttv.com.ar\/wp-content\/uploads\/2024\/02\/WhatsApp-Image-2024-02-20-at-20.33.10-1140x1520.jpeg 1140w, https:\/\/www.celttv.com.ar\/wp-content\/uploads\/2024\/02\/WhatsApp-Image-2024-02-20-at-20.33.10.jpeg 1200w\" sizes=\"auto, (max-width: 225px) 100vw, 225px\" \/><\/p>\n","protected":false},"excerpt":{"rendered":"<p>Convocados por el Decreto N\u00ba 08\/24, los Concejales se hacen presentes en el Recinto del H.C.D. para realizar la Sesi\u00f3n Extraordinaria, el d\u00eda 20 de febrero de 2024 a la hora 17:00 aproximadamente, con el objeto de tratar los siguientes temas: &nbsp; #Expte. N\u00ba 29\/24: &#8211; E. \u2013 Incremento salarial Ejercicio 2024.- # Bloques Juntos [&hellip;]<\/p>\n","protected":false},"author":5,"featured_media":82082,"comment_status":"closed","ping_status":"closed","sticky":false,"template":"","format":"standard","meta":{"footnotes":""},"categories":[51,52,59],"tags":[],"class_list":["post-82079","post","type-post","status-publish","format-standard","has-post-thumbnail","hentry","category-comunidad","category-destacadas","category-municipales"],"yoast_head":"<!-- This site is optimized with the Yoast SEO plugin v19.7.1 - https:\/\/yoast.com\/wordpress\/plugins\/seo\/ -->\n<title>INFORME DE LA\u00a0 SESI\u00d3N EXTRAORDINARIA DE FECHA 20-02-24 - CELTTV<\/title>\n<meta name=\"description\" content=\"Sitio web de noticias de la localidad de Tornquist, provincia de Buenos Aires, Rep\u00fablica Argentina. Contenido propio originado por periodistas de CELTTV, el canal de TV local de la Cooperativa El\u00e9ctrica de Tornquist. Turismo, Pol\u00edtica, Sociedad, Deporte, Cultura y todo el contenido de inter\u00e9s general que la gente del pueblo y la regi\u00f3n debe conocer.\" \/>\n<meta name=\"robots\" content=\"index, follow, max-snippet:-1, max-image-preview:large, max-video-preview:-1\" \/>\n<link rel=\"canonical\" href=\"https:\/\/www.celttv.com.ar\/index.php\/2024\/02\/21\/informe-de-las-sesiones-extraordinarias-de-fecha-09-01-24\/\" \/>\n<meta property=\"og:locale\" content=\"es_ES\" \/>\n<meta property=\"og:type\" content=\"article\" \/>\n<meta property=\"og:title\" content=\"INFORME DE LA\u00a0 SESI\u00d3N EXTRAORDINARIA DE FECHA 20-02-24 - CELTTV\" \/>\n<meta property=\"og:description\" content=\"Sitio web de noticias de la localidad de Tornquist, provincia de Buenos Aires, Rep\u00fablica Argentina. Contenido propio originado por periodistas de CELTTV, el canal de TV local de la Cooperativa El\u00e9ctrica de Tornquist. Turismo, Pol\u00edtica, Sociedad, Deporte, Cultura y todo el contenido de inter\u00e9s general que la gente del pueblo y la regi\u00f3n debe conocer.\" \/>\n<meta property=\"og:url\" content=\"https:\/\/www.celttv.com.ar\/index.php\/2024\/02\/21\/informe-de-las-sesiones-extraordinarias-de-fecha-09-01-24\/\" \/>\n<meta property=\"og:site_name\" content=\"CELTTV\" \/>\n<meta property=\"article:publisher\" content=\"https:\/\/www.facebook.com\/celtTV\/\" \/>\n<meta property=\"article:published_time\" content=\"2024-02-22T00:11:09+00:00\" \/>\n<meta property=\"article:modified_time\" content=\"2024-02-22T02:39:59+00:00\" \/>\n<meta property=\"og:image\" content=\"https:\/\/www.celttv.com.ar\/wp-content\/uploads\/2024\/02\/WhatsApp-Image-2024-02-20-at-20.33.09-3.jpeg\" \/>\n\t<meta property=\"og:image:width\" content=\"1200\" \/>\n\t<meta property=\"og:image:height\" content=\"1600\" \/>\n\t<meta property=\"og:image:type\" content=\"image\/jpeg\" \/>\n<meta name=\"author\" content=\"Miguel Herrada\" \/>\n<meta name=\"twitter:card\" content=\"summary_large_image\" \/>\n<meta name=\"twitter:label1\" content=\"Escrito por\" \/>\n\t<meta name=\"twitter:data1\" content=\"Miguel Herrada\" \/>\n\t<meta name=\"twitter:label2\" content=\"Tiempo de lectura\" \/>\n\t<meta name=\"twitter:data2\" content=\"9 minutos\" \/>\n<script type=\"application\/ld+json\" class=\"yoast-schema-graph\">{\"@context\":\"https:\/\/schema.org\",\"@graph\":[{\"@type\":\"NewsArticle\",\"@id\":\"https:\/\/www.celttv.com.ar\/index.php\/2024\/02\/21\/informe-de-las-sesiones-extraordinarias-de-fecha-09-01-24\/#article\",\"isPartOf\":{\"@id\":\"https:\/\/www.celttv.com.ar\/index.php\/2024\/02\/21\/informe-de-las-sesiones-extraordinarias-de-fecha-09-01-24\/\"},\"author\":{\"name\":\"Miguel Herrada\",\"@id\":\"https:\/\/www.celttv.com.ar\/#\/schema\/person\/9059dc91dc7204ef4182cdb65225f07d\"},\"headline\":\"INFORME DE LA\u00a0 SESI\u00d3N EXTRAORDINARIA DE FECHA 20-02-24\",\"datePublished\":\"2024-02-22T00:11:09+00:00\",\"dateModified\":\"2024-02-22T02:39:59+00:00\",\"mainEntityOfPage\":{\"@id\":\"https:\/\/www.celttv.com.ar\/index.php\/2024\/02\/21\/informe-de-las-sesiones-extraordinarias-de-fecha-09-01-24\/\"},\"wordCount\":1750,\"publisher\":{\"@id\":\"https:\/\/www.celttv.com.ar\/#organization\"},\"articleSection\":[\"Comunidad\",\"Destacadas\",\"Municipales\"],\"inLanguage\":\"es\"},{\"@type\":\"WebPage\",\"@id\":\"https:\/\/www.celttv.com.ar\/index.php\/2024\/02\/21\/informe-de-las-sesiones-extraordinarias-de-fecha-09-01-24\/\",\"url\":\"https:\/\/www.celttv.com.ar\/index.php\/2024\/02\/21\/informe-de-las-sesiones-extraordinarias-de-fecha-09-01-24\/\",\"name\":\"INFORME DE LA\u00a0 SESI\u00d3N EXTRAORDINARIA DE FECHA 20-02-24 - CELTTV\",\"isPartOf\":{\"@id\":\"https:\/\/www.celttv.com.ar\/#website\"},\"datePublished\":\"2024-02-22T00:11:09+00:00\",\"dateModified\":\"2024-02-22T02:39:59+00:00\",\"description\":\"Sitio web de noticias de la localidad de Tornquist, provincia de Buenos Aires, Rep\u00fablica Argentina. Contenido propio originado por periodistas de CELTTV, el canal de TV local de la Cooperativa El\u00e9ctrica de Tornquist. Turismo, Pol\u00edtica, Sociedad, Deporte, Cultura y todo el contenido de inter\u00e9s general que la gente del pueblo y la regi\u00f3n debe conocer.\",\"breadcrumb\":{\"@id\":\"https:\/\/www.celttv.com.ar\/index.php\/2024\/02\/21\/informe-de-las-sesiones-extraordinarias-de-fecha-09-01-24\/#breadcrumb\"},\"inLanguage\":\"es\",\"potentialAction\":[{\"@type\":\"ReadAction\",\"target\":[\"https:\/\/www.celttv.com.ar\/index.php\/2024\/02\/21\/informe-de-las-sesiones-extraordinarias-de-fecha-09-01-24\/\"]}]},{\"@type\":\"BreadcrumbList\",\"@id\":\"https:\/\/www.celttv.com.ar\/index.php\/2024\/02\/21\/informe-de-las-sesiones-extraordinarias-de-fecha-09-01-24\/#breadcrumb\",\"itemListElement\":[{\"@type\":\"ListItem\",\"position\":1,\"name\":\"Inicio\",\"item\":\"https:\/\/www.celttv.com.ar\/\"},{\"@type\":\"ListItem\",\"position\":2,\"name\":\"INFORME DE LA\u00a0 SESI\u00d3N EXTRAORDINARIA DE FECHA 20-02-24\"}]},{\"@type\":\"WebSite\",\"@id\":\"https:\/\/www.celttv.com.ar\/#website\",\"url\":\"https:\/\/www.celttv.com.ar\/\",\"name\":\"CELTTV\",\"description\":\"Cooperativa El\u00e9ctrica de Tornquist\",\"publisher\":{\"@id\":\"https:\/\/www.celttv.com.ar\/#organization\"},\"potentialAction\":[{\"@type\":\"SearchAction\",\"target\":{\"@type\":\"EntryPoint\",\"urlTemplate\":\"https:\/\/www.celttv.com.ar\/?s={search_term_string}\"},\"query-input\":\"required name=search_term_string\"}],\"inLanguage\":\"es\"},{\"@type\":\"Organization\",\"@id\":\"https:\/\/www.celttv.com.ar\/#organization\",\"name\":\"CELTTV\",\"url\":\"https:\/\/www.celttv.com.ar\/\",\"sameAs\":[\"https:\/\/www.youtube.com\/channel\/UCz_oIt8Hig64Ub-EmcNPIhg\",\"https:\/\/www.facebook.com\/celtTV\/\"],\"logo\":{\"@type\":\"ImageObject\",\"inLanguage\":\"es\",\"@id\":\"https:\/\/www.celttv.com.ar\/#\/schema\/logo\/image\/\",\"url\":\"http:\/\/www.celttv.com.ar\/wp-content\/uploads\/2022\/08\/logo-1.png\",\"contentUrl\":\"http:\/\/www.celttv.com.ar\/wp-content\/uploads\/2022\/08\/logo-1.png\",\"width\":461,\"height\":159,\"caption\":\"CELTTV\"},\"image\":{\"@id\":\"https:\/\/www.celttv.com.ar\/#\/schema\/logo\/image\/\"}},{\"@type\":\"Person\",\"@id\":\"https:\/\/www.celttv.com.ar\/#\/schema\/person\/9059dc91dc7204ef4182cdb65225f07d\",\"name\":\"Miguel Herrada\",\"image\":{\"@type\":\"ImageObject\",\"inLanguage\":\"es\",\"@id\":\"https:\/\/www.celttv.com.ar\/#\/schema\/person\/image\/\",\"url\":\"https:\/\/secure.gravatar.com\/avatar\/67724d5b3c716623ffd76bec7e45841a442ac3b456e914dbba90b0fad2b8e0b1?s=96&d=mm&r=g\",\"contentUrl\":\"https:\/\/secure.gravatar.com\/avatar\/67724d5b3c716623ffd76bec7e45841a442ac3b456e914dbba90b0fad2b8e0b1?s=96&d=mm&r=g\",\"caption\":\"Miguel Herrada\"}}]}<\/script>\n<!-- \/ Yoast SEO plugin. -->","yoast_head_json":{"title":"INFORME DE LA\u00a0 SESI\u00d3N EXTRAORDINARIA DE FECHA 20-02-24 - CELTTV","description":"Sitio web de noticias de la localidad de Tornquist, provincia de Buenos Aires, Rep\u00fablica Argentina. Contenido propio originado por periodistas de CELTTV, el canal de TV local de la Cooperativa El\u00e9ctrica de Tornquist. Turismo, Pol\u00edtica, Sociedad, Deporte, Cultura y todo el contenido de inter\u00e9s general que la gente del pueblo y la regi\u00f3n debe conocer.","robots":{"index":"index","follow":"follow","max-snippet":"max-snippet:-1","max-image-preview":"max-image-preview:large","max-video-preview":"max-video-preview:-1"},"canonical":"https:\/\/www.celttv.com.ar\/index.php\/2024\/02\/21\/informe-de-las-sesiones-extraordinarias-de-fecha-09-01-24\/","og_locale":"es_ES","og_type":"article","og_title":"INFORME DE LA\u00a0 SESI\u00d3N EXTRAORDINARIA DE FECHA 20-02-24 - CELTTV","og_description":"Sitio web de noticias de la localidad de Tornquist, provincia de Buenos Aires, Rep\u00fablica Argentina. Contenido propio originado por periodistas de CELTTV, el canal de TV local de la Cooperativa El\u00e9ctrica de Tornquist. Turismo, Pol\u00edtica, Sociedad, Deporte, Cultura y todo el contenido de inter\u00e9s general que la gente del pueblo y la regi\u00f3n debe conocer.","og_url":"https:\/\/www.celttv.com.ar\/index.php\/2024\/02\/21\/informe-de-las-sesiones-extraordinarias-de-fecha-09-01-24\/","og_site_name":"CELTTV","article_publisher":"https:\/\/www.facebook.com\/celtTV\/","article_published_time":"2024-02-22T00:11:09+00:00","article_modified_time":"2024-02-22T02:39:59+00:00","og_image":[{"width":1200,"height":1600,"url":"https:\/\/www.celttv.com.ar\/wp-content\/uploads\/2024\/02\/WhatsApp-Image-2024-02-20-at-20.33.09-3.jpeg","type":"image\/jpeg"}],"author":"Miguel Herrada","twitter_card":"summary_large_image","twitter_misc":{"Escrito por":"Miguel Herrada","Tiempo de lectura":"9 minutos"},"schema":{"@context":"https:\/\/schema.org","@graph":[{"@type":"NewsArticle","@id":"https:\/\/www.celttv.com.ar\/index.php\/2024\/02\/21\/informe-de-las-sesiones-extraordinarias-de-fecha-09-01-24\/#article","isPartOf":{"@id":"https:\/\/www.celttv.com.ar\/index.php\/2024\/02\/21\/informe-de-las-sesiones-extraordinarias-de-fecha-09-01-24\/"},"author":{"name":"Miguel Herrada","@id":"https:\/\/www.celttv.com.ar\/#\/schema\/person\/9059dc91dc7204ef4182cdb65225f07d"},"headline":"INFORME DE LA\u00a0 SESI\u00d3N EXTRAORDINARIA DE FECHA 20-02-24","datePublished":"2024-02-22T00:11:09+00:00","dateModified":"2024-02-22T02:39:59+00:00","mainEntityOfPage":{"@id":"https:\/\/www.celttv.com.ar\/index.php\/2024\/02\/21\/informe-de-las-sesiones-extraordinarias-de-fecha-09-01-24\/"},"wordCount":1750,"publisher":{"@id":"https:\/\/www.celttv.com.ar\/#organization"},"articleSection":["Comunidad","Destacadas","Municipales"],"inLanguage":"es"},{"@type":"WebPage","@id":"https:\/\/www.celttv.com.ar\/index.php\/2024\/02\/21\/informe-de-las-sesiones-extraordinarias-de-fecha-09-01-24\/","url":"https:\/\/www.celttv.com.ar\/index.php\/2024\/02\/21\/informe-de-las-sesiones-extraordinarias-de-fecha-09-01-24\/","name":"INFORME DE LA\u00a0 SESI\u00d3N EXTRAORDINARIA DE FECHA 20-02-24 - CELTTV","isPartOf":{"@id":"https:\/\/www.celttv.com.ar\/#website"},"datePublished":"2024-02-22T00:11:09+00:00","dateModified":"2024-02-22T02:39:59+00:00","description":"Sitio web de noticias de la localidad de Tornquist, provincia de Buenos Aires, Rep\u00fablica Argentina. Contenido propio originado por periodistas de CELTTV, el canal de TV local de la Cooperativa El\u00e9ctrica de Tornquist. Turismo, Pol\u00edtica, Sociedad, Deporte, Cultura y todo el contenido de inter\u00e9s general que la gente del pueblo y la regi\u00f3n debe conocer.","breadcrumb":{"@id":"https:\/\/www.celttv.com.ar\/index.php\/2024\/02\/21\/informe-de-las-sesiones-extraordinarias-de-fecha-09-01-24\/#breadcrumb"},"inLanguage":"es","potentialAction":[{"@type":"ReadAction","target":["https:\/\/www.celttv.com.ar\/index.php\/2024\/02\/21\/informe-de-las-sesiones-extraordinarias-de-fecha-09-01-24\/"]}]},{"@type":"BreadcrumbList","@id":"https:\/\/www.celttv.com.ar\/index.php\/2024\/02\/21\/informe-de-las-sesiones-extraordinarias-de-fecha-09-01-24\/#breadcrumb","itemListElement":[{"@type":"ListItem","position":1,"name":"Inicio","item":"https:\/\/www.celttv.com.ar\/"},{"@type":"ListItem","position":2,"name":"INFORME DE LA\u00a0 SESI\u00d3N EXTRAORDINARIA DE FECHA 20-02-24"}]},{"@type":"WebSite","@id":"https:\/\/www.celttv.com.ar\/#website","url":"https:\/\/www.celttv.com.ar\/","name":"CELTTV","description":"Cooperativa El\u00e9ctrica de Tornquist","publisher":{"@id":"https:\/\/www.celttv.com.ar\/#organization"},"potentialAction":[{"@type":"SearchAction","target":{"@type":"EntryPoint","urlTemplate":"https:\/\/www.celttv.com.ar\/?s={search_term_string}"},"query-input":"required name=search_term_string"}],"inLanguage":"es"},{"@type":"Organization","@id":"https:\/\/www.celttv.com.ar\/#organization","name":"CELTTV","url":"https:\/\/www.celttv.com.ar\/","sameAs":["https:\/\/www.youtube.com\/channel\/UCz_oIt8Hig64Ub-EmcNPIhg","https:\/\/www.facebook.com\/celtTV\/"],"logo":{"@type":"ImageObject","inLanguage":"es","@id":"https:\/\/www.celttv.com.ar\/#\/schema\/logo\/image\/","url":"http:\/\/www.celttv.com.ar\/wp-content\/uploads\/2022\/08\/logo-1.png","contentUrl":"http:\/\/www.celttv.com.ar\/wp-content\/uploads\/2022\/08\/logo-1.png","width":461,"height":159,"caption":"CELTTV"},"image":{"@id":"https:\/\/www.celttv.com.ar\/#\/schema\/logo\/image\/"}},{"@type":"Person","@id":"https:\/\/www.celttv.com.ar\/#\/schema\/person\/9059dc91dc7204ef4182cdb65225f07d","name":"Miguel Herrada","image":{"@type":"ImageObject","inLanguage":"es","@id":"https:\/\/www.celttv.com.ar\/#\/schema\/person\/image\/","url":"https:\/\/secure.gravatar.com\/avatar\/67724d5b3c716623ffd76bec7e45841a442ac3b456e914dbba90b0fad2b8e0b1?s=96&d=mm&r=g","contentUrl":"https:\/\/secure.gravatar.com\/avatar\/67724d5b3c716623ffd76bec7e45841a442ac3b456e914dbba90b0fad2b8e0b1?s=96&d=mm&r=g","caption":"Miguel Herrada"}}]}},"_links":{"self":[{"href":"https:\/\/www.celttv.com.ar\/index.php\/wp-json\/wp\/v2\/posts\/82079","targetHints":{"allow":["GET"]}}],"collection":[{"href":"https:\/\/www.celttv.com.ar\/index.php\/wp-json\/wp\/v2\/posts"}],"about":[{"href":"https:\/\/www.celttv.com.ar\/index.php\/wp-json\/wp\/v2\/types\/post"}],"author":[{"embeddable":true,"href":"https:\/\/www.celttv.com.ar\/index.php\/wp-json\/wp\/v2\/users\/5"}],"replies":[{"embeddable":true,"href":"https:\/\/www.celttv.com.ar\/index.php\/wp-json\/wp\/v2\/comments?post=82079"}],"version-history":[{"count":3,"href":"https:\/\/www.celttv.com.ar\/index.php\/wp-json\/wp\/v2\/posts\/82079\/revisions"}],"predecessor-version":[{"id":82093,"href":"https:\/\/www.celttv.com.ar\/index.php\/wp-json\/wp\/v2\/posts\/82079\/revisions\/82093"}],"wp:featuredmedia":[{"embeddable":true,"href":"https:\/\/www.celttv.com.ar\/index.php\/wp-json\/wp\/v2\/media\/82082"}],"wp:attachment":[{"href":"https:\/\/www.celttv.com.ar\/index.php\/wp-json\/wp\/v2\/media?parent=82079"}],"wp:term":[{"taxonomy":"category","embeddable":true,"href":"https:\/\/www.celttv.com.ar\/index.php\/wp-json\/wp\/v2\/categories?post=82079"},{"taxonomy":"post_tag","embeddable":true,"href":"https:\/\/www.celttv.com.ar\/index.php\/wp-json\/wp\/v2\/tags?post=82079"}],"curies":[{"name":"wp","href":"https:\/\/api.w.org\/{rel}","templated":true}]}}