{"id":82094,"date":"2024-02-22T09:09:02","date_gmt":"2024-02-22T12:09:02","guid":{"rendered":"https:\/\/www.celttv.com.ar\/?p=82094"},"modified":"2024-02-22T09:09:02","modified_gmt":"2024-02-22T12:09:02","slug":"alerta-meteorologico-por-tormentas-fuertes-con-lluvias-intensas-y-ocasional-caida-de-granizo","status":"publish","type":"post","link":"https:\/\/www.celttv.com.ar\/index.php\/2024\/02\/22\/alerta-meteorologico-por-tormentas-fuertes-con-lluvias-intensas-y-ocasional-caida-de-granizo\/","title":{"rendered":"Alerta Meteorol\u00f3gico por tormentas fuertes con lluvias intensas y ocasional ca\u00edda de granizo"},"content":{"rendered":"<p>AVISO METEOROLOGICO A MUY CORTO PLAZO N\u00b01371 PARA ADOLFO ALSINA &#8211; BAHIA BLANCA &#8211; PUAN &#8211; SAAVEDRA &#8211; TORNQUIST \u2013 VILLARINO POR TORMENTAS FUERTES CON LLUVIAS INTENSAS Y OCASIONAL CAIDA DE GRANIZO<\/p>\n<p>VALIDEZ: TRES (3) HORAS POSTERIORES A LA EMISI\u00d3N<\/p>\n<p>FUENTE: SMN.<\/p>\n<p><img loading=\"lazy\" decoding=\"async\" class=\"alignnone wp-image-82095 size-full\" src=\"https:\/\/www.celttv.com.ar\/wp-content\/uploads\/2024\/02\/a-1.jpg\" alt=\"\" width=\"1100\" height=\"1120\" srcset=\"https:\/\/www.celttv.com.ar\/wp-content\/uploads\/2024\/02\/a-1.jpg 1100w, https:\/\/www.celttv.com.ar\/wp-content\/uploads\/2024\/02\/a-1-295x300.jpg 295w, https:\/\/www.celttv.com.ar\/wp-content\/uploads\/2024\/02\/a-1-1006x1024.jpg 1006w, https:\/\/www.celttv.com.ar\/wp-content\/uploads\/2024\/02\/a-1-768x782.jpg 768w, https:\/\/www.celttv.com.ar\/wp-content\/uploads\/2024\/02\/a-1-75x75.jpg 75w, https:\/\/www.celttv.com.ar\/wp-content\/uploads\/2024\/02\/a-1-750x764.jpg 750w\" sizes=\"auto, (max-width: 1100px) 100vw, 1100px\" \/> <img loading=\"lazy\" decoding=\"async\" class=\"alignnone wp-image-82096 size-full\" src=\"https:\/\/www.celttv.com.ar\/wp-content\/uploads\/2024\/02\/a-2.jpg\" alt=\"\" width=\"1142\" height=\"1600\" srcset=\"https:\/\/www.celttv.com.ar\/wp-content\/uploads\/2024\/02\/a-2.jpg 1142w, https:\/\/www.celttv.com.ar\/wp-content\/uploads\/2024\/02\/a-2-214x300.jpg 214w, https:\/\/www.celttv.com.ar\/wp-content\/uploads\/2024\/02\/a-2-731x1024.jpg 731w, https:\/\/www.celttv.com.ar\/wp-content\/uploads\/2024\/02\/a-2-768x1076.jpg 768w, https:\/\/www.celttv.com.ar\/wp-content\/uploads\/2024\/02\/a-2-1096x1536.jpg 1096w, https:\/\/www.celttv.com.ar\/wp-content\/uploads\/2024\/02\/a-2-360x504.jpg 360w, https:\/\/www.celttv.com.ar\/wp-content\/uploads\/2024\/02\/a-2-750x1051.jpg 750w, https:\/\/www.celttv.com.ar\/wp-content\/uploads\/2024\/02\/a-2-1140x1597.jpg 1140w\" sizes=\"auto, (max-width: 1142px) 100vw, 1142px\" \/><\/p>\n","protected":false},"excerpt":{"rendered":"<p>AVISO METEOROLOGICO A MUY CORTO PLAZO N\u00b01371 PARA ADOLFO ALSINA &#8211; BAHIA BLANCA &#8211; PUAN &#8211; SAAVEDRA &#8211; TORNQUIST \u2013 VILLARINO POR TORMENTAS FUERTES CON LLUVIAS INTENSAS Y OCASIONAL CAIDA DE GRANIZO VALIDEZ: TRES (3) HORAS POSTERIORES A LA EMISI\u00d3N FUENTE: SMN.<\/p>\n","protected":false},"author":5,"featured_media":82096,"comment_status":"closed","ping_status":"closed","sticky":false,"template":"","format":"standard","meta":{"footnotes":""},"categories":[51,52],"tags":[],"class_list":["post-82094","post","type-post","status-publish","format-standard","has-post-thumbnail","hentry","category-comunidad","category-destacadas"],"yoast_head":"<!-- This site is optimized with the Yoast SEO plugin v19.7.1 - https:\/\/yoast.com\/wordpress\/plugins\/seo\/ -->\n<title>Alerta Meteorol\u00f3gico por tormentas fuertes con lluvias intensas y ocasional ca\u00edda de granizo - CELTTV<\/title>\n<meta name=\"description\" content=\"Sitio web de noticias de la localidad de Tornquist, provincia de Buenos Aires, Rep\u00fablica Argentina. Contenido propio originado por periodistas de CELTTV, el canal de TV local de la Cooperativa El\u00e9ctrica de Tornquist. Turismo, Pol\u00edtica, Sociedad, Deporte, Cultura y todo el contenido de inter\u00e9s general que la gente del pueblo y la regi\u00f3n debe conocer.\" \/>\n<meta name=\"robots\" content=\"index, follow, max-snippet:-1, max-image-preview:large, max-video-preview:-1\" \/>\n<link rel=\"canonical\" href=\"https:\/\/www.celttv.com.ar\/index.php\/2024\/02\/22\/alerta-meteorologico-por-tormentas-fuertes-con-lluvias-intensas-y-ocasional-caida-de-granizo\/\" \/>\n<meta property=\"og:locale\" content=\"es_ES\" \/>\n<meta property=\"og:type\" content=\"article\" \/>\n<meta property=\"og:title\" content=\"Alerta Meteorol\u00f3gico por tormentas fuertes con lluvias intensas y ocasional ca\u00edda de granizo - CELTTV\" \/>\n<meta property=\"og:description\" content=\"Sitio web de noticias de la localidad de Tornquist, provincia de Buenos Aires, Rep\u00fablica Argentina. Contenido propio originado por periodistas de CELTTV, el canal de TV local de la Cooperativa El\u00e9ctrica de Tornquist. Turismo, Pol\u00edtica, Sociedad, Deporte, Cultura y todo el contenido de inter\u00e9s general que la gente del pueblo y la regi\u00f3n debe conocer.\" \/>\n<meta property=\"og:url\" content=\"https:\/\/www.celttv.com.ar\/index.php\/2024\/02\/22\/alerta-meteorologico-por-tormentas-fuertes-con-lluvias-intensas-y-ocasional-caida-de-granizo\/\" \/>\n<meta property=\"og:site_name\" content=\"CELTTV\" \/>\n<meta property=\"article:publisher\" content=\"https:\/\/www.facebook.com\/celtTV\/\" \/>\n<meta property=\"article:published_time\" content=\"2024-02-22T12:09:02+00:00\" \/>\n<meta property=\"og:image\" content=\"https:\/\/www.celttv.com.ar\/wp-content\/uploads\/2024\/02\/a-2.jpg\" \/>\n\t<meta property=\"og:image:width\" content=\"1142\" \/>\n\t<meta property=\"og:image:height\" content=\"1600\" \/>\n\t<meta property=\"og:image:type\" content=\"image\/jpeg\" \/>\n<meta name=\"author\" content=\"Miguel Herrada\" \/>\n<meta name=\"twitter:card\" content=\"summary_large_image\" \/>\n<meta name=\"twitter:label1\" content=\"Escrito por\" \/>\n\t<meta name=\"twitter:data1\" content=\"Miguel Herrada\" \/>\n<script type=\"application\/ld+json\" class=\"yoast-schema-graph\">{\"@context\":\"https:\/\/schema.org\",\"@graph\":[{\"@type\":\"NewsArticle\",\"@id\":\"https:\/\/www.celttv.com.ar\/index.php\/2024\/02\/22\/alerta-meteorologico-por-tormentas-fuertes-con-lluvias-intensas-y-ocasional-caida-de-granizo\/#article\",\"isPartOf\":{\"@id\":\"https:\/\/www.celttv.com.ar\/index.php\/2024\/02\/22\/alerta-meteorologico-por-tormentas-fuertes-con-lluvias-intensas-y-ocasional-caida-de-granizo\/\"},\"author\":{\"name\":\"Miguel Herrada\",\"@id\":\"https:\/\/www.celttv.com.ar\/#\/schema\/person\/9059dc91dc7204ef4182cdb65225f07d\"},\"headline\":\"Alerta Meteorol\u00f3gico por tormentas fuertes con lluvias intensas y ocasional ca\u00edda de granizo\",\"datePublished\":\"2024-02-22T12:09:02+00:00\",\"dateModified\":\"2024-02-22T12:09:02+00:00\",\"mainEntityOfPage\":{\"@id\":\"https:\/\/www.celttv.com.ar\/index.php\/2024\/02\/22\/alerta-meteorologico-por-tormentas-fuertes-con-lluvias-intensas-y-ocasional-caida-de-granizo\/\"},\"wordCount\":56,\"publisher\":{\"@id\":\"https:\/\/www.celttv.com.ar\/#organization\"},\"articleSection\":[\"Comunidad\",\"Destacadas\"],\"inLanguage\":\"es\"},{\"@type\":\"WebPage\",\"@id\":\"https:\/\/www.celttv.com.ar\/index.php\/2024\/02\/22\/alerta-meteorologico-por-tormentas-fuertes-con-lluvias-intensas-y-ocasional-caida-de-granizo\/\",\"url\":\"https:\/\/www.celttv.com.ar\/index.php\/2024\/02\/22\/alerta-meteorologico-por-tormentas-fuertes-con-lluvias-intensas-y-ocasional-caida-de-granizo\/\",\"name\":\"Alerta Meteorol\u00f3gico por tormentas fuertes con lluvias intensas y ocasional ca\u00edda de granizo - CELTTV\",\"isPartOf\":{\"@id\":\"https:\/\/www.celttv.com.ar\/#website\"},\"datePublished\":\"2024-02-22T12:09:02+00:00\",\"dateModified\":\"2024-02-22T12:09:02+00:00\",\"description\":\"Sitio web de noticias de la localidad de Tornquist, provincia de Buenos Aires, Rep\u00fablica Argentina. Contenido propio originado por periodistas de CELTTV, el canal de TV local de la Cooperativa El\u00e9ctrica de Tornquist. Turismo, Pol\u00edtica, Sociedad, Deporte, Cultura y todo el contenido de inter\u00e9s general que la gente del pueblo y la regi\u00f3n debe conocer.\",\"breadcrumb\":{\"@id\":\"https:\/\/www.celttv.com.ar\/index.php\/2024\/02\/22\/alerta-meteorologico-por-tormentas-fuertes-con-lluvias-intensas-y-ocasional-caida-de-granizo\/#breadcrumb\"},\"inLanguage\":\"es\",\"potentialAction\":[{\"@type\":\"ReadAction\",\"target\":[\"https:\/\/www.celttv.com.ar\/index.php\/2024\/02\/22\/alerta-meteorologico-por-tormentas-fuertes-con-lluvias-intensas-y-ocasional-caida-de-granizo\/\"]}]},{\"@type\":\"BreadcrumbList\",\"@id\":\"https:\/\/www.celttv.com.ar\/index.php\/2024\/02\/22\/alerta-meteorologico-por-tormentas-fuertes-con-lluvias-intensas-y-ocasional-caida-de-granizo\/#breadcrumb\",\"itemListElement\":[{\"@type\":\"ListItem\",\"position\":1,\"name\":\"Inicio\",\"item\":\"https:\/\/www.celttv.com.ar\/\"},{\"@type\":\"ListItem\",\"position\":2,\"name\":\"Alerta Meteorol\u00f3gico por tormentas fuertes con lluvias intensas y ocasional ca\u00edda de granizo\"}]},{\"@type\":\"WebSite\",\"@id\":\"https:\/\/www.celttv.com.ar\/#website\",\"url\":\"https:\/\/www.celttv.com.ar\/\",\"name\":\"CELTTV\",\"description\":\"Cooperativa El\u00e9ctrica de Tornquist\",\"publisher\":{\"@id\":\"https:\/\/www.celttv.com.ar\/#organization\"},\"potentialAction\":[{\"@type\":\"SearchAction\",\"target\":{\"@type\":\"EntryPoint\",\"urlTemplate\":\"https:\/\/www.celttv.com.ar\/?s={search_term_string}\"},\"query-input\":\"required name=search_term_string\"}],\"inLanguage\":\"es\"},{\"@type\":\"Organization\",\"@id\":\"https:\/\/www.celttv.com.ar\/#organization\",\"name\":\"CELTTV\",\"url\":\"https:\/\/www.celttv.com.ar\/\",\"sameAs\":[\"https:\/\/www.youtube.com\/channel\/UCz_oIt8Hig64Ub-EmcNPIhg\",\"https:\/\/www.facebook.com\/celtTV\/\"],\"logo\":{\"@type\":\"ImageObject\",\"inLanguage\":\"es\",\"@id\":\"https:\/\/www.celttv.com.ar\/#\/schema\/logo\/image\/\",\"url\":\"http:\/\/www.celttv.com.ar\/wp-content\/uploads\/2022\/08\/logo-1.png\",\"contentUrl\":\"http:\/\/www.celttv.com.ar\/wp-content\/uploads\/2022\/08\/logo-1.png\",\"width\":461,\"height\":159,\"caption\":\"CELTTV\"},\"image\":{\"@id\":\"https:\/\/www.celttv.com.ar\/#\/schema\/logo\/image\/\"}},{\"@type\":\"Person\",\"@id\":\"https:\/\/www.celttv.com.ar\/#\/schema\/person\/9059dc91dc7204ef4182cdb65225f07d\",\"name\":\"Miguel Herrada\",\"image\":{\"@type\":\"ImageObject\",\"inLanguage\":\"es\",\"@id\":\"https:\/\/www.celttv.com.ar\/#\/schema\/person\/image\/\",\"url\":\"https:\/\/secure.gravatar.com\/avatar\/67724d5b3c716623ffd76bec7e45841a442ac3b456e914dbba90b0fad2b8e0b1?s=96&d=mm&r=g\",\"contentUrl\":\"https:\/\/secure.gravatar.com\/avatar\/67724d5b3c716623ffd76bec7e45841a442ac3b456e914dbba90b0fad2b8e0b1?s=96&d=mm&r=g\",\"caption\":\"Miguel Herrada\"}}]}<\/script>\n<!-- \/ Yoast SEO plugin. -->","yoast_head_json":{"title":"Alerta Meteorol\u00f3gico por tormentas fuertes con lluvias intensas y ocasional ca\u00edda de granizo - CELTTV","description":"Sitio web de noticias de la localidad de Tornquist, provincia de Buenos Aires, Rep\u00fablica Argentina. Contenido propio originado por periodistas de CELTTV, el canal de TV local de la Cooperativa El\u00e9ctrica de Tornquist. Turismo, Pol\u00edtica, Sociedad, Deporte, Cultura y todo el contenido de inter\u00e9s general que la gente del pueblo y la regi\u00f3n debe conocer.","robots":{"index":"index","follow":"follow","max-snippet":"max-snippet:-1","max-image-preview":"max-image-preview:large","max-video-preview":"max-video-preview:-1"},"canonical":"https:\/\/www.celttv.com.ar\/index.php\/2024\/02\/22\/alerta-meteorologico-por-tormentas-fuertes-con-lluvias-intensas-y-ocasional-caida-de-granizo\/","og_locale":"es_ES","og_type":"article","og_title":"Alerta Meteorol\u00f3gico por tormentas fuertes con lluvias intensas y ocasional ca\u00edda de granizo - CELTTV","og_description":"Sitio web de noticias de la localidad de Tornquist, provincia de Buenos Aires, Rep\u00fablica Argentina. Contenido propio originado por periodistas de CELTTV, el canal de TV local de la Cooperativa El\u00e9ctrica de Tornquist. Turismo, Pol\u00edtica, Sociedad, Deporte, Cultura y todo el contenido de inter\u00e9s general que la gente del pueblo y la regi\u00f3n debe conocer.","og_url":"https:\/\/www.celttv.com.ar\/index.php\/2024\/02\/22\/alerta-meteorologico-por-tormentas-fuertes-con-lluvias-intensas-y-ocasional-caida-de-granizo\/","og_site_name":"CELTTV","article_publisher":"https:\/\/www.facebook.com\/celtTV\/","article_published_time":"2024-02-22T12:09:02+00:00","og_image":[{"width":1142,"height":1600,"url":"https:\/\/www.celttv.com.ar\/wp-content\/uploads\/2024\/02\/a-2.jpg","type":"image\/jpeg"}],"author":"Miguel Herrada","twitter_card":"summary_large_image","twitter_misc":{"Escrito por":"Miguel Herrada"},"schema":{"@context":"https:\/\/schema.org","@graph":[{"@type":"NewsArticle","@id":"https:\/\/www.celttv.com.ar\/index.php\/2024\/02\/22\/alerta-meteorologico-por-tormentas-fuertes-con-lluvias-intensas-y-ocasional-caida-de-granizo\/#article","isPartOf":{"@id":"https:\/\/www.celttv.com.ar\/index.php\/2024\/02\/22\/alerta-meteorologico-por-tormentas-fuertes-con-lluvias-intensas-y-ocasional-caida-de-granizo\/"},"author":{"name":"Miguel Herrada","@id":"https:\/\/www.celttv.com.ar\/#\/schema\/person\/9059dc91dc7204ef4182cdb65225f07d"},"headline":"Alerta Meteorol\u00f3gico por tormentas fuertes con lluvias intensas y ocasional ca\u00edda de granizo","datePublished":"2024-02-22T12:09:02+00:00","dateModified":"2024-02-22T12:09:02+00:00","mainEntityOfPage":{"@id":"https:\/\/www.celttv.com.ar\/index.php\/2024\/02\/22\/alerta-meteorologico-por-tormentas-fuertes-con-lluvias-intensas-y-ocasional-caida-de-granizo\/"},"wordCount":56,"publisher":{"@id":"https:\/\/www.celttv.com.ar\/#organization"},"articleSection":["Comunidad","Destacadas"],"inLanguage":"es"},{"@type":"WebPage","@id":"https:\/\/www.celttv.com.ar\/index.php\/2024\/02\/22\/alerta-meteorologico-por-tormentas-fuertes-con-lluvias-intensas-y-ocasional-caida-de-granizo\/","url":"https:\/\/www.celttv.com.ar\/index.php\/2024\/02\/22\/alerta-meteorologico-por-tormentas-fuertes-con-lluvias-intensas-y-ocasional-caida-de-granizo\/","name":"Alerta Meteorol\u00f3gico por tormentas fuertes con lluvias intensas y ocasional ca\u00edda de granizo - CELTTV","isPartOf":{"@id":"https:\/\/www.celttv.com.ar\/#website"},"datePublished":"2024-02-22T12:09:02+00:00","dateModified":"2024-02-22T12:09:02+00:00","description":"Sitio web de noticias de la localidad de Tornquist, provincia de Buenos Aires, Rep\u00fablica Argentina. Contenido propio originado por periodistas de CELTTV, el canal de TV local de la Cooperativa El\u00e9ctrica de Tornquist. Turismo, Pol\u00edtica, Sociedad, Deporte, Cultura y todo el contenido de inter\u00e9s general que la gente del pueblo y la regi\u00f3n debe conocer.","breadcrumb":{"@id":"https:\/\/www.celttv.com.ar\/index.php\/2024\/02\/22\/alerta-meteorologico-por-tormentas-fuertes-con-lluvias-intensas-y-ocasional-caida-de-granizo\/#breadcrumb"},"inLanguage":"es","potentialAction":[{"@type":"ReadAction","target":["https:\/\/www.celttv.com.ar\/index.php\/2024\/02\/22\/alerta-meteorologico-por-tormentas-fuertes-con-lluvias-intensas-y-ocasional-caida-de-granizo\/"]}]},{"@type":"BreadcrumbList","@id":"https:\/\/www.celttv.com.ar\/index.php\/2024\/02\/22\/alerta-meteorologico-por-tormentas-fuertes-con-lluvias-intensas-y-ocasional-caida-de-granizo\/#breadcrumb","itemListElement":[{"@type":"ListItem","position":1,"name":"Inicio","item":"https:\/\/www.celttv.com.ar\/"},{"@type":"ListItem","position":2,"name":"Alerta Meteorol\u00f3gico por tormentas fuertes con lluvias intensas y ocasional ca\u00edda de granizo"}]},{"@type":"WebSite","@id":"https:\/\/www.celttv.com.ar\/#website","url":"https:\/\/www.celttv.com.ar\/","name":"CELTTV","description":"Cooperativa El\u00e9ctrica de Tornquist","publisher":{"@id":"https:\/\/www.celttv.com.ar\/#organization"},"potentialAction":[{"@type":"SearchAction","target":{"@type":"EntryPoint","urlTemplate":"https:\/\/www.celttv.com.ar\/?s={search_term_string}"},"query-input":"required name=search_term_string"}],"inLanguage":"es"},{"@type":"Organization","@id":"https:\/\/www.celttv.com.ar\/#organization","name":"CELTTV","url":"https:\/\/www.celttv.com.ar\/","sameAs":["https:\/\/www.youtube.com\/channel\/UCz_oIt8Hig64Ub-EmcNPIhg","https:\/\/www.facebook.com\/celtTV\/"],"logo":{"@type":"ImageObject","inLanguage":"es","@id":"https:\/\/www.celttv.com.ar\/#\/schema\/logo\/image\/","url":"http:\/\/www.celttv.com.ar\/wp-content\/uploads\/2022\/08\/logo-1.png","contentUrl":"http:\/\/www.celttv.com.ar\/wp-content\/uploads\/2022\/08\/logo-1.png","width":461,"height":159,"caption":"CELTTV"},"image":{"@id":"https:\/\/www.celttv.com.ar\/#\/schema\/logo\/image\/"}},{"@type":"Person","@id":"https:\/\/www.celttv.com.ar\/#\/schema\/person\/9059dc91dc7204ef4182cdb65225f07d","name":"Miguel Herrada","image":{"@type":"ImageObject","inLanguage":"es","@id":"https:\/\/www.celttv.com.ar\/#\/schema\/person\/image\/","url":"https:\/\/secure.gravatar.com\/avatar\/67724d5b3c716623ffd76bec7e45841a442ac3b456e914dbba90b0fad2b8e0b1?s=96&d=mm&r=g","contentUrl":"https:\/\/secure.gravatar.com\/avatar\/67724d5b3c716623ffd76bec7e45841a442ac3b456e914dbba90b0fad2b8e0b1?s=96&d=mm&r=g","caption":"Miguel Herrada"}}]}},"_links":{"self":[{"href":"https:\/\/www.celttv.com.ar\/index.php\/wp-json\/wp\/v2\/posts\/82094","targetHints":{"allow":["GET"]}}],"collection":[{"href":"https:\/\/www.celttv.com.ar\/index.php\/wp-json\/wp\/v2\/posts"}],"about":[{"href":"https:\/\/www.celttv.com.ar\/index.php\/wp-json\/wp\/v2\/types\/post"}],"author":[{"embeddable":true,"href":"https:\/\/www.celttv.com.ar\/index.php\/wp-json\/wp\/v2\/users\/5"}],"replies":[{"embeddable":true,"href":"https:\/\/www.celttv.com.ar\/index.php\/wp-json\/wp\/v2\/comments?post=82094"}],"version-history":[{"count":1,"href":"https:\/\/www.celttv.com.ar\/index.php\/wp-json\/wp\/v2\/posts\/82094\/revisions"}],"predecessor-version":[{"id":82097,"href":"https:\/\/www.celttv.com.ar\/index.php\/wp-json\/wp\/v2\/posts\/82094\/revisions\/82097"}],"wp:featuredmedia":[{"embeddable":true,"href":"https:\/\/www.celttv.com.ar\/index.php\/wp-json\/wp\/v2\/media\/82096"}],"wp:attachment":[{"href":"https:\/\/www.celttv.com.ar\/index.php\/wp-json\/wp\/v2\/media?parent=82094"}],"wp:term":[{"taxonomy":"category","embeddable":true,"href":"https:\/\/www.celttv.com.ar\/index.php\/wp-json\/wp\/v2\/categories?post=82094"},{"taxonomy":"post_tag","embeddable":true,"href":"https:\/\/www.celttv.com.ar\/index.php\/wp-json\/wp\/v2\/tags?post=82094"}],"curies":[{"name":"wp","href":"https:\/\/api.w.org\/{rel}","templated":true}]}}