{"id":82102,"date":"2024-02-22T16:43:27","date_gmt":"2024-02-22T19:43:27","guid":{"rendered":"https:\/\/www.celttv.com.ar\/?p=82102"},"modified":"2024-02-22T16:43:27","modified_gmt":"2024-02-22T19:43:27","slug":"vuelve-el-taller-de-huerta-agroecologica-al-distrito","status":"publish","type":"post","link":"https:\/\/www.celttv.com.ar\/index.php\/2024\/02\/22\/vuelve-el-taller-de-huerta-agroecologica-al-distrito\/","title":{"rendered":"Vuelve el taller de Huerta Agroecol\u00f3gica al distrito"},"content":{"rendered":"<p class=\"Gotham\" style=\"text-align: justify;\"><b><span style=\"font-size: 11.0pt; line-height: 107%; font-family: 'Arial','sans-serif';\">Vuelve el taller de Huerta Agroecol\u00f3gica al distrito <\/span><\/b><\/p>\n<p class=\"Gotham\" style=\"text-align: justify; line-height: 150%;\"><span style=\"font-size: 11.0pt; line-height: 150%; font-family: 'Arial','sans-serif';\">Continuando con el objetivo de consolidar una Red de Huertas de la Comarca Serrana, la Secretaria de Ambiente y Desarrollo Productivo, brindar\u00e1 una charla informativa, sobre la segunda edici\u00f3n del Taller de Huerta Agroecol\u00f3gica, que se dictar\u00e1 en el distrito.<a name=\"_GoBack\"><\/a><\/span><\/p>\n<p class=\"Gotham\" style=\"text-align: justify; line-height: 150%;\"><span style=\"font-size: 11.0pt; line-height: 150%; font-family: 'Arial','sans-serif';\">El encuentro se desarrollar\u00e1 en la Biblioteca Popular de Saldungaray, el pr\u00f3ximo lunes 26 a las 18,30 hsy estar\u00e1 a cargo de Mar\u00eda Eva Ormazabal, t\u00e9cnica del Ministerio de Ambiente de la Provincia de Buenos Aires. <\/span><\/p>\n<p class=\"Gotham\" style=\"text-align: justify; line-height: 150%;\"><span style=\"font-size: 11.0pt; line-height: 150%; font-family: 'Arial','sans-serif';\">La cartera ambiental y productiva, contin\u00faa fomentando acciones para garantizar la soberan\u00eda alimentaria, y acompa\u00f1ar el desarrollo horticultor familiar del distrito. <\/span><\/p>\n<p class=\"Gotham\" style=\"text-align: justify; line-height: 150%;\"><span style=\"font-size: 11.0pt; line-height: 150%; font-family: 'Arial','sans-serif';\">Los talleres ser\u00e1n con modalidad te\u00f3ricos\/pr\u00e1cticos, al igual que el a\u00f1o pasado, y est\u00e1n dirigidos a la comunidad en general, integrando todas las edades y la posibilidad de aprender en familia. <\/span><\/p>\n<p class=\"Gotham\" style=\"text-align: justify; line-height: 150%;\"><span style=\"font-size: 11.0pt; line-height: 150%; font-family: 'Arial','sans-serif';\">Durante la primera charla, se brindar\u00e1n los lineamientos te\u00f3ricos de como dise\u00f1ar una huerta.<\/span><\/p>\n<p class=\"Gotham\" style=\"text-align: justify; line-height: 150%;\"><span style=\"font-size: 11.0pt; line-height: 150%; font-family: 'Arial','sans-serif';\">Recordamos, que la actividad se desarrollar\u00e1 de forma itinerante cada mi\u00e9rcoles de 14 a 17hs, por el lapso de tres meses en cada una de las localidades. <\/span><\/p>\n<p class=\"Gotham\" style=\"text-align: justify; line-height: 150%;\"><span style=\"font-size: 11.0pt; line-height: 150%; font-family: 'Arial','sans-serif';\">La propuesta busca desarrollar una mirada sist\u00e9mica del trabajo de la huerta agroecol\u00f3gica, integrando los conceptos de dise\u00f1o que aporta la Permacultura.<\/span><\/p>\n<p class=\"Gotham\" style=\"text-align: justify; line-height: 150%;\"><span style=\"font-size: 11.0pt; line-height: 150%; font-family: 'Arial','sans-serif';\">Durante las distintas jornadas se abordan las siguientes tem\u00e1ticas: dise\u00f1o de huerta agroecol\u00f3gica, huerto medicinal, sistemas de captaci\u00f3n, almacenamiento y circulaci\u00f3n del agua, estanques, bancales, tipos de siembra, plantines, restauraci\u00f3n de suelo, mulchings, abonos verdes, compostaje, huerta en espiral, banco de semillas, sistemas de producci\u00f3n y almacenamiento de semillas, sistemas de control biol\u00f3gico de plagas, entre otros. <\/span><\/p>\n<p class=\"Gotham\" style=\"text-align: justify; line-height: 150%;\"><span style=\"font-size: 11.0pt; line-height: 150%; font-family: 'Arial','sans-serif';\">Los interesados en sumarse, podr\u00e1n inscribirse comunic\u00e1ndose al 2284.203290, o v\u00eda mail a producci\u00f3n@tornquist.gob.ar<\/span><\/p>\n<p><img loading=\"lazy\" decoding=\"async\" class=\"alignnone wp-image-82103 size-full\" src=\"https:\/\/www.celttv.com.ar\/wp-content\/uploads\/2024\/02\/Tallerhuerta.jpeg\" alt=\"\" width=\"1080\" height=\"1350\" srcset=\"https:\/\/www.celttv.com.ar\/wp-content\/uploads\/2024\/02\/Tallerhuerta.jpeg 1080w, https:\/\/www.celttv.com.ar\/wp-content\/uploads\/2024\/02\/Tallerhuerta-240x300.jpeg 240w, https:\/\/www.celttv.com.ar\/wp-content\/uploads\/2024\/02\/Tallerhuerta-819x1024.jpeg 819w, https:\/\/www.celttv.com.ar\/wp-content\/uploads\/2024\/02\/Tallerhuerta-768x960.jpeg 768w, https:\/\/www.celttv.com.ar\/wp-content\/uploads\/2024\/02\/Tallerhuerta-750x938.jpeg 750w\" sizes=\"auto, (max-width: 1080px) 100vw, 1080px\" \/><\/p>\n","protected":false},"excerpt":{"rendered":"<p>Vuelve el taller de Huerta Agroecol\u00f3gica al distrito Continuando con el objetivo de consolidar una Red de Huertas de la Comarca Serrana, la Secretaria de Ambiente y Desarrollo Productivo, brindar\u00e1 una charla informativa, sobre la segunda edici\u00f3n del Taller de Huerta Agroecol\u00f3gica, que se dictar\u00e1 en el distrito. El encuentro se desarrollar\u00e1 en la Biblioteca [&hellip;]<\/p>\n","protected":false},"author":5,"featured_media":82103,"comment_status":"closed","ping_status":"closed","sticky":false,"template":"","format":"standard","meta":{"footnotes":""},"categories":[51,52,59],"tags":[],"class_list":["post-82102","post","type-post","status-publish","format-standard","has-post-thumbnail","hentry","category-comunidad","category-destacadas","category-municipales"],"yoast_head":"<!-- This site is optimized with the Yoast SEO plugin v19.7.1 - https:\/\/yoast.com\/wordpress\/plugins\/seo\/ -->\n<title>Vuelve el taller de Huerta Agroecol\u00f3gica al distrito - CELTTV<\/title>\n<meta name=\"description\" content=\"Sitio web de noticias de la localidad de Tornquist, provincia de Buenos Aires, Rep\u00fablica Argentina. Contenido propio originado por periodistas de CELTTV, el canal de TV local de la Cooperativa El\u00e9ctrica de Tornquist. Turismo, Pol\u00edtica, Sociedad, Deporte, Cultura y todo el contenido de inter\u00e9s general que la gente del pueblo y la regi\u00f3n debe conocer.\" \/>\n<meta name=\"robots\" content=\"index, follow, max-snippet:-1, max-image-preview:large, max-video-preview:-1\" \/>\n<link rel=\"canonical\" href=\"https:\/\/www.celttv.com.ar\/index.php\/2024\/02\/22\/vuelve-el-taller-de-huerta-agroecologica-al-distrito\/\" \/>\n<meta property=\"og:locale\" content=\"es_ES\" \/>\n<meta property=\"og:type\" content=\"article\" \/>\n<meta property=\"og:title\" content=\"Vuelve el taller de Huerta Agroecol\u00f3gica al distrito - CELTTV\" \/>\n<meta property=\"og:description\" content=\"Sitio web de noticias de la localidad de Tornquist, provincia de Buenos Aires, Rep\u00fablica Argentina. Contenido propio originado por periodistas de CELTTV, el canal de TV local de la Cooperativa El\u00e9ctrica de Tornquist. Turismo, Pol\u00edtica, Sociedad, Deporte, Cultura y todo el contenido de inter\u00e9s general que la gente del pueblo y la regi\u00f3n debe conocer.\" \/>\n<meta property=\"og:url\" content=\"https:\/\/www.celttv.com.ar\/index.php\/2024\/02\/22\/vuelve-el-taller-de-huerta-agroecologica-al-distrito\/\" \/>\n<meta property=\"og:site_name\" content=\"CELTTV\" \/>\n<meta property=\"article:publisher\" content=\"https:\/\/www.facebook.com\/celtTV\/\" \/>\n<meta property=\"article:published_time\" content=\"2024-02-22T19:43:27+00:00\" \/>\n<meta property=\"og:image\" content=\"https:\/\/www.celttv.com.ar\/wp-content\/uploads\/2024\/02\/Tallerhuerta.jpeg\" \/>\n\t<meta property=\"og:image:width\" content=\"1080\" \/>\n\t<meta property=\"og:image:height\" content=\"1350\" \/>\n\t<meta property=\"og:image:type\" content=\"image\/jpeg\" \/>\n<meta name=\"author\" content=\"Miguel Herrada\" \/>\n<meta name=\"twitter:card\" content=\"summary_large_image\" \/>\n<meta name=\"twitter:label1\" content=\"Escrito por\" \/>\n\t<meta name=\"twitter:data1\" content=\"Miguel Herrada\" \/>\n\t<meta name=\"twitter:label2\" content=\"Tiempo de lectura\" \/>\n\t<meta name=\"twitter:data2\" content=\"2 minutos\" \/>\n<script type=\"application\/ld+json\" class=\"yoast-schema-graph\">{\"@context\":\"https:\/\/schema.org\",\"@graph\":[{\"@type\":\"NewsArticle\",\"@id\":\"https:\/\/www.celttv.com.ar\/index.php\/2024\/02\/22\/vuelve-el-taller-de-huerta-agroecologica-al-distrito\/#article\",\"isPartOf\":{\"@id\":\"https:\/\/www.celttv.com.ar\/index.php\/2024\/02\/22\/vuelve-el-taller-de-huerta-agroecologica-al-distrito\/\"},\"author\":{\"name\":\"Miguel Herrada\",\"@id\":\"https:\/\/www.celttv.com.ar\/#\/schema\/person\/9059dc91dc7204ef4182cdb65225f07d\"},\"headline\":\"Vuelve el taller de Huerta Agroecol\u00f3gica al distrito\",\"datePublished\":\"2024-02-22T19:43:27+00:00\",\"dateModified\":\"2024-02-22T19:43:27+00:00\",\"mainEntityOfPage\":{\"@id\":\"https:\/\/www.celttv.com.ar\/index.php\/2024\/02\/22\/vuelve-el-taller-de-huerta-agroecologica-al-distrito\/\"},\"wordCount\":312,\"publisher\":{\"@id\":\"https:\/\/www.celttv.com.ar\/#organization\"},\"articleSection\":[\"Comunidad\",\"Destacadas\",\"Municipales\"],\"inLanguage\":\"es\"},{\"@type\":\"WebPage\",\"@id\":\"https:\/\/www.celttv.com.ar\/index.php\/2024\/02\/22\/vuelve-el-taller-de-huerta-agroecologica-al-distrito\/\",\"url\":\"https:\/\/www.celttv.com.ar\/index.php\/2024\/02\/22\/vuelve-el-taller-de-huerta-agroecologica-al-distrito\/\",\"name\":\"Vuelve el taller de Huerta Agroecol\u00f3gica al distrito - CELTTV\",\"isPartOf\":{\"@id\":\"https:\/\/www.celttv.com.ar\/#website\"},\"datePublished\":\"2024-02-22T19:43:27+00:00\",\"dateModified\":\"2024-02-22T19:43:27+00:00\",\"description\":\"Sitio web de noticias de la localidad de Tornquist, provincia de Buenos Aires, Rep\u00fablica Argentina. Contenido propio originado por periodistas de CELTTV, el canal de TV local de la Cooperativa El\u00e9ctrica de Tornquist. Turismo, Pol\u00edtica, Sociedad, Deporte, Cultura y todo el contenido de inter\u00e9s general que la gente del pueblo y la regi\u00f3n debe conocer.\",\"breadcrumb\":{\"@id\":\"https:\/\/www.celttv.com.ar\/index.php\/2024\/02\/22\/vuelve-el-taller-de-huerta-agroecologica-al-distrito\/#breadcrumb\"},\"inLanguage\":\"es\",\"potentialAction\":[{\"@type\":\"ReadAction\",\"target\":[\"https:\/\/www.celttv.com.ar\/index.php\/2024\/02\/22\/vuelve-el-taller-de-huerta-agroecologica-al-distrito\/\"]}]},{\"@type\":\"BreadcrumbList\",\"@id\":\"https:\/\/www.celttv.com.ar\/index.php\/2024\/02\/22\/vuelve-el-taller-de-huerta-agroecologica-al-distrito\/#breadcrumb\",\"itemListElement\":[{\"@type\":\"ListItem\",\"position\":1,\"name\":\"Inicio\",\"item\":\"https:\/\/www.celttv.com.ar\/\"},{\"@type\":\"ListItem\",\"position\":2,\"name\":\"Vuelve el taller de Huerta Agroecol\u00f3gica al distrito\"}]},{\"@type\":\"WebSite\",\"@id\":\"https:\/\/www.celttv.com.ar\/#website\",\"url\":\"https:\/\/www.celttv.com.ar\/\",\"name\":\"CELTTV\",\"description\":\"Cooperativa El\u00e9ctrica de Tornquist\",\"publisher\":{\"@id\":\"https:\/\/www.celttv.com.ar\/#organization\"},\"potentialAction\":[{\"@type\":\"SearchAction\",\"target\":{\"@type\":\"EntryPoint\",\"urlTemplate\":\"https:\/\/www.celttv.com.ar\/?s={search_term_string}\"},\"query-input\":\"required name=search_term_string\"}],\"inLanguage\":\"es\"},{\"@type\":\"Organization\",\"@id\":\"https:\/\/www.celttv.com.ar\/#organization\",\"name\":\"CELTTV\",\"url\":\"https:\/\/www.celttv.com.ar\/\",\"sameAs\":[\"https:\/\/www.youtube.com\/channel\/UCz_oIt8Hig64Ub-EmcNPIhg\",\"https:\/\/www.facebook.com\/celtTV\/\"],\"logo\":{\"@type\":\"ImageObject\",\"inLanguage\":\"es\",\"@id\":\"https:\/\/www.celttv.com.ar\/#\/schema\/logo\/image\/\",\"url\":\"http:\/\/www.celttv.com.ar\/wp-content\/uploads\/2022\/08\/logo-1.png\",\"contentUrl\":\"http:\/\/www.celttv.com.ar\/wp-content\/uploads\/2022\/08\/logo-1.png\",\"width\":461,\"height\":159,\"caption\":\"CELTTV\"},\"image\":{\"@id\":\"https:\/\/www.celttv.com.ar\/#\/schema\/logo\/image\/\"}},{\"@type\":\"Person\",\"@id\":\"https:\/\/www.celttv.com.ar\/#\/schema\/person\/9059dc91dc7204ef4182cdb65225f07d\",\"name\":\"Miguel Herrada\",\"image\":{\"@type\":\"ImageObject\",\"inLanguage\":\"es\",\"@id\":\"https:\/\/www.celttv.com.ar\/#\/schema\/person\/image\/\",\"url\":\"https:\/\/secure.gravatar.com\/avatar\/67724d5b3c716623ffd76bec7e45841a442ac3b456e914dbba90b0fad2b8e0b1?s=96&d=mm&r=g\",\"contentUrl\":\"https:\/\/secure.gravatar.com\/avatar\/67724d5b3c716623ffd76bec7e45841a442ac3b456e914dbba90b0fad2b8e0b1?s=96&d=mm&r=g\",\"caption\":\"Miguel Herrada\"}}]}<\/script>\n<!-- \/ Yoast SEO plugin. -->","yoast_head_json":{"title":"Vuelve el taller de Huerta Agroecol\u00f3gica al distrito - CELTTV","description":"Sitio web de noticias de la localidad de Tornquist, provincia de Buenos Aires, Rep\u00fablica Argentina. Contenido propio originado por periodistas de CELTTV, el canal de TV local de la Cooperativa El\u00e9ctrica de Tornquist. Turismo, Pol\u00edtica, Sociedad, Deporte, Cultura y todo el contenido de inter\u00e9s general que la gente del pueblo y la regi\u00f3n debe conocer.","robots":{"index":"index","follow":"follow","max-snippet":"max-snippet:-1","max-image-preview":"max-image-preview:large","max-video-preview":"max-video-preview:-1"},"canonical":"https:\/\/www.celttv.com.ar\/index.php\/2024\/02\/22\/vuelve-el-taller-de-huerta-agroecologica-al-distrito\/","og_locale":"es_ES","og_type":"article","og_title":"Vuelve el taller de Huerta Agroecol\u00f3gica al distrito - CELTTV","og_description":"Sitio web de noticias de la localidad de Tornquist, provincia de Buenos Aires, Rep\u00fablica Argentina. Contenido propio originado por periodistas de CELTTV, el canal de TV local de la Cooperativa El\u00e9ctrica de Tornquist. Turismo, Pol\u00edtica, Sociedad, Deporte, Cultura y todo el contenido de inter\u00e9s general que la gente del pueblo y la regi\u00f3n debe conocer.","og_url":"https:\/\/www.celttv.com.ar\/index.php\/2024\/02\/22\/vuelve-el-taller-de-huerta-agroecologica-al-distrito\/","og_site_name":"CELTTV","article_publisher":"https:\/\/www.facebook.com\/celtTV\/","article_published_time":"2024-02-22T19:43:27+00:00","og_image":[{"width":1080,"height":1350,"url":"https:\/\/www.celttv.com.ar\/wp-content\/uploads\/2024\/02\/Tallerhuerta.jpeg","type":"image\/jpeg"}],"author":"Miguel Herrada","twitter_card":"summary_large_image","twitter_misc":{"Escrito por":"Miguel Herrada","Tiempo de lectura":"2 minutos"},"schema":{"@context":"https:\/\/schema.org","@graph":[{"@type":"NewsArticle","@id":"https:\/\/www.celttv.com.ar\/index.php\/2024\/02\/22\/vuelve-el-taller-de-huerta-agroecologica-al-distrito\/#article","isPartOf":{"@id":"https:\/\/www.celttv.com.ar\/index.php\/2024\/02\/22\/vuelve-el-taller-de-huerta-agroecologica-al-distrito\/"},"author":{"name":"Miguel Herrada","@id":"https:\/\/www.celttv.com.ar\/#\/schema\/person\/9059dc91dc7204ef4182cdb65225f07d"},"headline":"Vuelve el taller de Huerta Agroecol\u00f3gica al distrito","datePublished":"2024-02-22T19:43:27+00:00","dateModified":"2024-02-22T19:43:27+00:00","mainEntityOfPage":{"@id":"https:\/\/www.celttv.com.ar\/index.php\/2024\/02\/22\/vuelve-el-taller-de-huerta-agroecologica-al-distrito\/"},"wordCount":312,"publisher":{"@id":"https:\/\/www.celttv.com.ar\/#organization"},"articleSection":["Comunidad","Destacadas","Municipales"],"inLanguage":"es"},{"@type":"WebPage","@id":"https:\/\/www.celttv.com.ar\/index.php\/2024\/02\/22\/vuelve-el-taller-de-huerta-agroecologica-al-distrito\/","url":"https:\/\/www.celttv.com.ar\/index.php\/2024\/02\/22\/vuelve-el-taller-de-huerta-agroecologica-al-distrito\/","name":"Vuelve el taller de Huerta Agroecol\u00f3gica al distrito - CELTTV","isPartOf":{"@id":"https:\/\/www.celttv.com.ar\/#website"},"datePublished":"2024-02-22T19:43:27+00:00","dateModified":"2024-02-22T19:43:27+00:00","description":"Sitio web de noticias de la localidad de Tornquist, provincia de Buenos Aires, Rep\u00fablica Argentina. Contenido propio originado por periodistas de CELTTV, el canal de TV local de la Cooperativa El\u00e9ctrica de Tornquist. Turismo, Pol\u00edtica, Sociedad, Deporte, Cultura y todo el contenido de inter\u00e9s general que la gente del pueblo y la regi\u00f3n debe conocer.","breadcrumb":{"@id":"https:\/\/www.celttv.com.ar\/index.php\/2024\/02\/22\/vuelve-el-taller-de-huerta-agroecologica-al-distrito\/#breadcrumb"},"inLanguage":"es","potentialAction":[{"@type":"ReadAction","target":["https:\/\/www.celttv.com.ar\/index.php\/2024\/02\/22\/vuelve-el-taller-de-huerta-agroecologica-al-distrito\/"]}]},{"@type":"BreadcrumbList","@id":"https:\/\/www.celttv.com.ar\/index.php\/2024\/02\/22\/vuelve-el-taller-de-huerta-agroecologica-al-distrito\/#breadcrumb","itemListElement":[{"@type":"ListItem","position":1,"name":"Inicio","item":"https:\/\/www.celttv.com.ar\/"},{"@type":"ListItem","position":2,"name":"Vuelve el taller de Huerta Agroecol\u00f3gica al distrito"}]},{"@type":"WebSite","@id":"https:\/\/www.celttv.com.ar\/#website","url":"https:\/\/www.celttv.com.ar\/","name":"CELTTV","description":"Cooperativa El\u00e9ctrica de Tornquist","publisher":{"@id":"https:\/\/www.celttv.com.ar\/#organization"},"potentialAction":[{"@type":"SearchAction","target":{"@type":"EntryPoint","urlTemplate":"https:\/\/www.celttv.com.ar\/?s={search_term_string}"},"query-input":"required name=search_term_string"}],"inLanguage":"es"},{"@type":"Organization","@id":"https:\/\/www.celttv.com.ar\/#organization","name":"CELTTV","url":"https:\/\/www.celttv.com.ar\/","sameAs":["https:\/\/www.youtube.com\/channel\/UCz_oIt8Hig64Ub-EmcNPIhg","https:\/\/www.facebook.com\/celtTV\/"],"logo":{"@type":"ImageObject","inLanguage":"es","@id":"https:\/\/www.celttv.com.ar\/#\/schema\/logo\/image\/","url":"http:\/\/www.celttv.com.ar\/wp-content\/uploads\/2022\/08\/logo-1.png","contentUrl":"http:\/\/www.celttv.com.ar\/wp-content\/uploads\/2022\/08\/logo-1.png","width":461,"height":159,"caption":"CELTTV"},"image":{"@id":"https:\/\/www.celttv.com.ar\/#\/schema\/logo\/image\/"}},{"@type":"Person","@id":"https:\/\/www.celttv.com.ar\/#\/schema\/person\/9059dc91dc7204ef4182cdb65225f07d","name":"Miguel Herrada","image":{"@type":"ImageObject","inLanguage":"es","@id":"https:\/\/www.celttv.com.ar\/#\/schema\/person\/image\/","url":"https:\/\/secure.gravatar.com\/avatar\/67724d5b3c716623ffd76bec7e45841a442ac3b456e914dbba90b0fad2b8e0b1?s=96&d=mm&r=g","contentUrl":"https:\/\/secure.gravatar.com\/avatar\/67724d5b3c716623ffd76bec7e45841a442ac3b456e914dbba90b0fad2b8e0b1?s=96&d=mm&r=g","caption":"Miguel Herrada"}}]}},"_links":{"self":[{"href":"https:\/\/www.celttv.com.ar\/index.php\/wp-json\/wp\/v2\/posts\/82102","targetHints":{"allow":["GET"]}}],"collection":[{"href":"https:\/\/www.celttv.com.ar\/index.php\/wp-json\/wp\/v2\/posts"}],"about":[{"href":"https:\/\/www.celttv.com.ar\/index.php\/wp-json\/wp\/v2\/types\/post"}],"author":[{"embeddable":true,"href":"https:\/\/www.celttv.com.ar\/index.php\/wp-json\/wp\/v2\/users\/5"}],"replies":[{"embeddable":true,"href":"https:\/\/www.celttv.com.ar\/index.php\/wp-json\/wp\/v2\/comments?post=82102"}],"version-history":[{"count":1,"href":"https:\/\/www.celttv.com.ar\/index.php\/wp-json\/wp\/v2\/posts\/82102\/revisions"}],"predecessor-version":[{"id":82104,"href":"https:\/\/www.celttv.com.ar\/index.php\/wp-json\/wp\/v2\/posts\/82102\/revisions\/82104"}],"wp:featuredmedia":[{"embeddable":true,"href":"https:\/\/www.celttv.com.ar\/index.php\/wp-json\/wp\/v2\/media\/82103"}],"wp:attachment":[{"href":"https:\/\/www.celttv.com.ar\/index.php\/wp-json\/wp\/v2\/media?parent=82102"}],"wp:term":[{"taxonomy":"category","embeddable":true,"href":"https:\/\/www.celttv.com.ar\/index.php\/wp-json\/wp\/v2\/categories?post=82102"},{"taxonomy":"post_tag","embeddable":true,"href":"https:\/\/www.celttv.com.ar\/index.php\/wp-json\/wp\/v2\/tags?post=82102"}],"curies":[{"name":"wp","href":"https:\/\/api.w.org\/{rel}","templated":true}]}}