{"id":82106,"date":"2024-02-23T17:14:54","date_gmt":"2024-02-23T20:14:54","guid":{"rendered":"https:\/\/www.celttv.com.ar\/?p=82106"},"modified":"2024-02-23T17:14:54","modified_gmt":"2024-02-23T20:14:54","slug":"fedecoba-alerta-sobre-situacion-asfixiante-de-sus-cooperativas-electricas-asociadas","status":"publish","type":"post","link":"https:\/\/www.celttv.com.ar\/index.php\/2024\/02\/23\/fedecoba-alerta-sobre-situacion-asfixiante-de-sus-cooperativas-electricas-asociadas\/","title":{"rendered":"FEDECOBA ALERTA SOBRE SITUACI\u00d3N ASFIXIANTE DE SUS COOPERATIVAS EL\u00c9CTRICAS ASOCIADAS"},"content":{"rendered":"<h3><a title=\"Permanent Link to FEDECOBA ALERTA SOBRE SITUACI\u00d3N ASFIXIANTE DE SUS COOPERATIVAS EL\u00c9CTRICAS ASOCIADAS\" href=\"https:\/\/fedecoba.com.ar\/blogdeprensa\/2024\/02\/20\/fedecoba-alerta-sobre-situacion-asfixiante-de-sus-cooperativas-electricas-asociadas-2\/\" rel=\"bookmark\">FEDECOBA ALERTA SOBRE SITUACI\u00d3N ASFIXIANTE DE SUS COOPERATIVAS EL\u00c9CTRICAS ASOCIADAS<\/a><\/h3>\n<p class=\"posted\">\n<div class=\"entry\">\n<h4>En un contexto de alto nivel inflacionario -254,2% anualizado de acuerdo a la \u00faltima medici\u00f3n del INDEC- desde la Federaci\u00f3n de Cooperativas de Electricidad y Servicios P\u00fablicos de la Provincia de Buenos Aires (FEDECOBA), entidad que integra a 143 cooperativas (entre ellas 128 prestadoras de electricidad), alertamos sobre la imposibilidad material de cumplir con las obligaciones para la prestaci\u00f3n del servicio p\u00fablico de distribuci\u00f3n de energ\u00eda el\u00e9ctrica por parte de nuestras asociadas que tambi\u00e9n resultan v\u00edctimas de esta realidad asfixiante.<\/h4>\n<p>En el caso de las distribuidoras el\u00e9ctricas en general y de nuestras asociadas en lo que a la federaci\u00f3n respecta, la gravedad de la situaci\u00f3n econ\u00f3mica y financiera est\u00e1 dada por los\u00a0<strong>insuficientes ingresos del componente conocido como Valor Agregado de Distribuci\u00f3n (VAD)<\/strong>, cuyo destino es afrontar los costos de construir, operar y mantener la infraestructura de la red el\u00e9ctrica (el \u00faltimo incremento percibido data de abril de 2023).<\/p>\n<p>Por lo tanto,\u00a0<strong>el panorama es apremiante<\/strong>\u00a0para un gran n\u00famero de nuestras asociadas que ya se encuentran ante la imposibilidad de cubrir la totalidad de sus principales costos operativos, tanto sea la adquisici\u00f3n de energ\u00eda, la compra de los insumos necesarios para prestar el servicio o el propio pago de los salarios a sus trabajadores con el grave conflicto econ\u00f3mico y social que ello significar\u00e1 en las comunidades en donde est\u00e1n presentes.<\/p>\n<p>Esta situaci\u00f3n ya ha sido expuesta a las autoridades provinciales tanto en forma personal en las distintas mesas de trabajo conjunto y mediante notas junto a las dem\u00e1s federaciones integradas en la Mesa Interfederativa.<\/p>\n<\/div>\n<p><img loading=\"lazy\" decoding=\"async\" class=\"alignnone wp-image-82107 size-full\" src=\"https:\/\/www.celttv.com.ar\/wp-content\/uploads\/2024\/02\/fedecoba.jpg\" alt=\"\" width=\"1013\" height=\"714\" srcset=\"https:\/\/www.celttv.com.ar\/wp-content\/uploads\/2024\/02\/fedecoba.jpg 1013w, https:\/\/www.celttv.com.ar\/wp-content\/uploads\/2024\/02\/fedecoba-300x211.jpg 300w, https:\/\/www.celttv.com.ar\/wp-content\/uploads\/2024\/02\/fedecoba-768x541.jpg 768w, https:\/\/www.celttv.com.ar\/wp-content\/uploads\/2024\/02\/fedecoba-120x86.jpg 120w, https:\/\/www.celttv.com.ar\/wp-content\/uploads\/2024\/02\/fedecoba-750x529.jpg 750w\" sizes=\"auto, (max-width: 1013px) 100vw, 1013px\" \/><\/p>\n","protected":false},"excerpt":{"rendered":"<p>FEDECOBA ALERTA SOBRE SITUACI\u00d3N ASFIXIANTE DE SUS COOPERATIVAS EL\u00c9CTRICAS ASOCIADAS En un contexto de alto nivel inflacionario -254,2% anualizado de acuerdo a la \u00faltima medici\u00f3n del INDEC- desde la Federaci\u00f3n de Cooperativas de Electricidad y Servicios P\u00fablicos de la Provincia de Buenos Aires (FEDECOBA), entidad que integra a 143 cooperativas (entre ellas 128 prestadoras de [&hellip;]<\/p>\n","protected":false},"author":5,"featured_media":82107,"comment_status":"closed","ping_status":"closed","sticky":false,"template":"","format":"standard","meta":{"footnotes":""},"categories":[51,52],"tags":[],"class_list":["post-82106","post","type-post","status-publish","format-standard","has-post-thumbnail","hentry","category-comunidad","category-destacadas"],"yoast_head":"<!-- This site is optimized with the Yoast SEO plugin v19.7.1 - https:\/\/yoast.com\/wordpress\/plugins\/seo\/ -->\n<title>FEDECOBA ALERTA SOBRE SITUACI\u00d3N ASFIXIANTE DE SUS COOPERATIVAS EL\u00c9CTRICAS ASOCIADAS - CELTTV<\/title>\n<meta name=\"description\" content=\"Sitio web de noticias de la localidad de Tornquist, provincia de Buenos Aires, Rep\u00fablica Argentina. Contenido propio originado por periodistas de CELTTV, el canal de TV local de la Cooperativa El\u00e9ctrica de Tornquist. Turismo, Pol\u00edtica, Sociedad, Deporte, Cultura y todo el contenido de inter\u00e9s general que la gente del pueblo y la regi\u00f3n debe conocer.\" \/>\n<meta name=\"robots\" content=\"index, follow, max-snippet:-1, max-image-preview:large, max-video-preview:-1\" \/>\n<link rel=\"canonical\" href=\"https:\/\/www.celttv.com.ar\/index.php\/2024\/02\/23\/fedecoba-alerta-sobre-situacion-asfixiante-de-sus-cooperativas-electricas-asociadas\/\" \/>\n<meta property=\"og:locale\" content=\"es_ES\" \/>\n<meta property=\"og:type\" content=\"article\" \/>\n<meta property=\"og:title\" content=\"FEDECOBA ALERTA SOBRE SITUACI\u00d3N ASFIXIANTE DE SUS COOPERATIVAS EL\u00c9CTRICAS ASOCIADAS - CELTTV\" \/>\n<meta property=\"og:description\" content=\"Sitio web de noticias de la localidad de Tornquist, provincia de Buenos Aires, Rep\u00fablica Argentina. Contenido propio originado por periodistas de CELTTV, el canal de TV local de la Cooperativa El\u00e9ctrica de Tornquist. Turismo, Pol\u00edtica, Sociedad, Deporte, Cultura y todo el contenido de inter\u00e9s general que la gente del pueblo y la regi\u00f3n debe conocer.\" \/>\n<meta property=\"og:url\" content=\"https:\/\/www.celttv.com.ar\/index.php\/2024\/02\/23\/fedecoba-alerta-sobre-situacion-asfixiante-de-sus-cooperativas-electricas-asociadas\/\" \/>\n<meta property=\"og:site_name\" content=\"CELTTV\" \/>\n<meta property=\"article:publisher\" content=\"https:\/\/www.facebook.com\/celtTV\/\" \/>\n<meta property=\"article:published_time\" content=\"2024-02-23T20:14:54+00:00\" \/>\n<meta property=\"og:image\" content=\"https:\/\/www.celttv.com.ar\/wp-content\/uploads\/2024\/02\/fedecoba.jpg\" \/>\n\t<meta property=\"og:image:width\" content=\"1013\" \/>\n\t<meta property=\"og:image:height\" content=\"714\" \/>\n\t<meta property=\"og:image:type\" content=\"image\/jpeg\" \/>\n<meta name=\"author\" content=\"Miguel Herrada\" \/>\n<meta name=\"twitter:card\" content=\"summary_large_image\" \/>\n<meta name=\"twitter:label1\" content=\"Escrito por\" \/>\n\t<meta name=\"twitter:data1\" content=\"Miguel Herrada\" \/>\n\t<meta name=\"twitter:label2\" content=\"Tiempo de lectura\" \/>\n\t<meta name=\"twitter:data2\" content=\"1 minuto\" \/>\n<script type=\"application\/ld+json\" class=\"yoast-schema-graph\">{\"@context\":\"https:\/\/schema.org\",\"@graph\":[{\"@type\":\"NewsArticle\",\"@id\":\"https:\/\/www.celttv.com.ar\/index.php\/2024\/02\/23\/fedecoba-alerta-sobre-situacion-asfixiante-de-sus-cooperativas-electricas-asociadas\/#article\",\"isPartOf\":{\"@id\":\"https:\/\/www.celttv.com.ar\/index.php\/2024\/02\/23\/fedecoba-alerta-sobre-situacion-asfixiante-de-sus-cooperativas-electricas-asociadas\/\"},\"author\":{\"name\":\"Miguel Herrada\",\"@id\":\"https:\/\/www.celttv.com.ar\/#\/schema\/person\/9059dc91dc7204ef4182cdb65225f07d\"},\"headline\":\"FEDECOBA ALERTA SOBRE SITUACI\u00d3N ASFIXIANTE DE SUS COOPERATIVAS EL\u00c9CTRICAS ASOCIADAS\",\"datePublished\":\"2024-02-23T20:14:54+00:00\",\"dateModified\":\"2024-02-23T20:14:54+00:00\",\"mainEntityOfPage\":{\"@id\":\"https:\/\/www.celttv.com.ar\/index.php\/2024\/02\/23\/fedecoba-alerta-sobre-situacion-asfixiante-de-sus-cooperativas-electricas-asociadas\/\"},\"wordCount\":300,\"publisher\":{\"@id\":\"https:\/\/www.celttv.com.ar\/#organization\"},\"articleSection\":[\"Comunidad\",\"Destacadas\"],\"inLanguage\":\"es\"},{\"@type\":\"WebPage\",\"@id\":\"https:\/\/www.celttv.com.ar\/index.php\/2024\/02\/23\/fedecoba-alerta-sobre-situacion-asfixiante-de-sus-cooperativas-electricas-asociadas\/\",\"url\":\"https:\/\/www.celttv.com.ar\/index.php\/2024\/02\/23\/fedecoba-alerta-sobre-situacion-asfixiante-de-sus-cooperativas-electricas-asociadas\/\",\"name\":\"FEDECOBA ALERTA SOBRE SITUACI\u00d3N ASFIXIANTE DE SUS COOPERATIVAS EL\u00c9CTRICAS ASOCIADAS - CELTTV\",\"isPartOf\":{\"@id\":\"https:\/\/www.celttv.com.ar\/#website\"},\"datePublished\":\"2024-02-23T20:14:54+00:00\",\"dateModified\":\"2024-02-23T20:14:54+00:00\",\"description\":\"Sitio web de noticias de la localidad de Tornquist, provincia de Buenos Aires, Rep\u00fablica Argentina. Contenido propio originado por periodistas de CELTTV, el canal de TV local de la Cooperativa El\u00e9ctrica de Tornquist. Turismo, Pol\u00edtica, Sociedad, Deporte, Cultura y todo el contenido de inter\u00e9s general que la gente del pueblo y la regi\u00f3n debe conocer.\",\"breadcrumb\":{\"@id\":\"https:\/\/www.celttv.com.ar\/index.php\/2024\/02\/23\/fedecoba-alerta-sobre-situacion-asfixiante-de-sus-cooperativas-electricas-asociadas\/#breadcrumb\"},\"inLanguage\":\"es\",\"potentialAction\":[{\"@type\":\"ReadAction\",\"target\":[\"https:\/\/www.celttv.com.ar\/index.php\/2024\/02\/23\/fedecoba-alerta-sobre-situacion-asfixiante-de-sus-cooperativas-electricas-asociadas\/\"]}]},{\"@type\":\"BreadcrumbList\",\"@id\":\"https:\/\/www.celttv.com.ar\/index.php\/2024\/02\/23\/fedecoba-alerta-sobre-situacion-asfixiante-de-sus-cooperativas-electricas-asociadas\/#breadcrumb\",\"itemListElement\":[{\"@type\":\"ListItem\",\"position\":1,\"name\":\"Inicio\",\"item\":\"https:\/\/www.celttv.com.ar\/\"},{\"@type\":\"ListItem\",\"position\":2,\"name\":\"FEDECOBA ALERTA SOBRE SITUACI\u00d3N ASFIXIANTE DE SUS COOPERATIVAS EL\u00c9CTRICAS ASOCIADAS\"}]},{\"@type\":\"WebSite\",\"@id\":\"https:\/\/www.celttv.com.ar\/#website\",\"url\":\"https:\/\/www.celttv.com.ar\/\",\"name\":\"CELTTV\",\"description\":\"Cooperativa El\u00e9ctrica de Tornquist\",\"publisher\":{\"@id\":\"https:\/\/www.celttv.com.ar\/#organization\"},\"potentialAction\":[{\"@type\":\"SearchAction\",\"target\":{\"@type\":\"EntryPoint\",\"urlTemplate\":\"https:\/\/www.celttv.com.ar\/?s={search_term_string}\"},\"query-input\":\"required name=search_term_string\"}],\"inLanguage\":\"es\"},{\"@type\":\"Organization\",\"@id\":\"https:\/\/www.celttv.com.ar\/#organization\",\"name\":\"CELTTV\",\"url\":\"https:\/\/www.celttv.com.ar\/\",\"sameAs\":[\"https:\/\/www.youtube.com\/channel\/UCz_oIt8Hig64Ub-EmcNPIhg\",\"https:\/\/www.facebook.com\/celtTV\/\"],\"logo\":{\"@type\":\"ImageObject\",\"inLanguage\":\"es\",\"@id\":\"https:\/\/www.celttv.com.ar\/#\/schema\/logo\/image\/\",\"url\":\"http:\/\/www.celttv.com.ar\/wp-content\/uploads\/2022\/08\/logo-1.png\",\"contentUrl\":\"http:\/\/www.celttv.com.ar\/wp-content\/uploads\/2022\/08\/logo-1.png\",\"width\":461,\"height\":159,\"caption\":\"CELTTV\"},\"image\":{\"@id\":\"https:\/\/www.celttv.com.ar\/#\/schema\/logo\/image\/\"}},{\"@type\":\"Person\",\"@id\":\"https:\/\/www.celttv.com.ar\/#\/schema\/person\/9059dc91dc7204ef4182cdb65225f07d\",\"name\":\"Miguel Herrada\",\"image\":{\"@type\":\"ImageObject\",\"inLanguage\":\"es\",\"@id\":\"https:\/\/www.celttv.com.ar\/#\/schema\/person\/image\/\",\"url\":\"https:\/\/secure.gravatar.com\/avatar\/67724d5b3c716623ffd76bec7e45841a442ac3b456e914dbba90b0fad2b8e0b1?s=96&d=mm&r=g\",\"contentUrl\":\"https:\/\/secure.gravatar.com\/avatar\/67724d5b3c716623ffd76bec7e45841a442ac3b456e914dbba90b0fad2b8e0b1?s=96&d=mm&r=g\",\"caption\":\"Miguel Herrada\"}}]}<\/script>\n<!-- \/ Yoast SEO plugin. -->","yoast_head_json":{"title":"FEDECOBA ALERTA SOBRE SITUACI\u00d3N ASFIXIANTE DE SUS COOPERATIVAS EL\u00c9CTRICAS ASOCIADAS - CELTTV","description":"Sitio web de noticias de la localidad de Tornquist, provincia de Buenos Aires, Rep\u00fablica Argentina. Contenido propio originado por periodistas de CELTTV, el canal de TV local de la Cooperativa El\u00e9ctrica de Tornquist. Turismo, Pol\u00edtica, Sociedad, Deporte, Cultura y todo el contenido de inter\u00e9s general que la gente del pueblo y la regi\u00f3n debe conocer.","robots":{"index":"index","follow":"follow","max-snippet":"max-snippet:-1","max-image-preview":"max-image-preview:large","max-video-preview":"max-video-preview:-1"},"canonical":"https:\/\/www.celttv.com.ar\/index.php\/2024\/02\/23\/fedecoba-alerta-sobre-situacion-asfixiante-de-sus-cooperativas-electricas-asociadas\/","og_locale":"es_ES","og_type":"article","og_title":"FEDECOBA ALERTA SOBRE SITUACI\u00d3N ASFIXIANTE DE SUS COOPERATIVAS EL\u00c9CTRICAS ASOCIADAS - CELTTV","og_description":"Sitio web de noticias de la localidad de Tornquist, provincia de Buenos Aires, Rep\u00fablica Argentina. Contenido propio originado por periodistas de CELTTV, el canal de TV local de la Cooperativa El\u00e9ctrica de Tornquist. Turismo, Pol\u00edtica, Sociedad, Deporte, Cultura y todo el contenido de inter\u00e9s general que la gente del pueblo y la regi\u00f3n debe conocer.","og_url":"https:\/\/www.celttv.com.ar\/index.php\/2024\/02\/23\/fedecoba-alerta-sobre-situacion-asfixiante-de-sus-cooperativas-electricas-asociadas\/","og_site_name":"CELTTV","article_publisher":"https:\/\/www.facebook.com\/celtTV\/","article_published_time":"2024-02-23T20:14:54+00:00","og_image":[{"width":1013,"height":714,"url":"https:\/\/www.celttv.com.ar\/wp-content\/uploads\/2024\/02\/fedecoba.jpg","type":"image\/jpeg"}],"author":"Miguel Herrada","twitter_card":"summary_large_image","twitter_misc":{"Escrito por":"Miguel Herrada","Tiempo de lectura":"1 minuto"},"schema":{"@context":"https:\/\/schema.org","@graph":[{"@type":"NewsArticle","@id":"https:\/\/www.celttv.com.ar\/index.php\/2024\/02\/23\/fedecoba-alerta-sobre-situacion-asfixiante-de-sus-cooperativas-electricas-asociadas\/#article","isPartOf":{"@id":"https:\/\/www.celttv.com.ar\/index.php\/2024\/02\/23\/fedecoba-alerta-sobre-situacion-asfixiante-de-sus-cooperativas-electricas-asociadas\/"},"author":{"name":"Miguel Herrada","@id":"https:\/\/www.celttv.com.ar\/#\/schema\/person\/9059dc91dc7204ef4182cdb65225f07d"},"headline":"FEDECOBA ALERTA SOBRE SITUACI\u00d3N ASFIXIANTE DE SUS COOPERATIVAS EL\u00c9CTRICAS ASOCIADAS","datePublished":"2024-02-23T20:14:54+00:00","dateModified":"2024-02-23T20:14:54+00:00","mainEntityOfPage":{"@id":"https:\/\/www.celttv.com.ar\/index.php\/2024\/02\/23\/fedecoba-alerta-sobre-situacion-asfixiante-de-sus-cooperativas-electricas-asociadas\/"},"wordCount":300,"publisher":{"@id":"https:\/\/www.celttv.com.ar\/#organization"},"articleSection":["Comunidad","Destacadas"],"inLanguage":"es"},{"@type":"WebPage","@id":"https:\/\/www.celttv.com.ar\/index.php\/2024\/02\/23\/fedecoba-alerta-sobre-situacion-asfixiante-de-sus-cooperativas-electricas-asociadas\/","url":"https:\/\/www.celttv.com.ar\/index.php\/2024\/02\/23\/fedecoba-alerta-sobre-situacion-asfixiante-de-sus-cooperativas-electricas-asociadas\/","name":"FEDECOBA ALERTA SOBRE SITUACI\u00d3N ASFIXIANTE DE SUS COOPERATIVAS EL\u00c9CTRICAS ASOCIADAS - CELTTV","isPartOf":{"@id":"https:\/\/www.celttv.com.ar\/#website"},"datePublished":"2024-02-23T20:14:54+00:00","dateModified":"2024-02-23T20:14:54+00:00","description":"Sitio web de noticias de la localidad de Tornquist, provincia de Buenos Aires, Rep\u00fablica Argentina. Contenido propio originado por periodistas de CELTTV, el canal de TV local de la Cooperativa El\u00e9ctrica de Tornquist. Turismo, Pol\u00edtica, Sociedad, Deporte, Cultura y todo el contenido de inter\u00e9s general que la gente del pueblo y la regi\u00f3n debe conocer.","breadcrumb":{"@id":"https:\/\/www.celttv.com.ar\/index.php\/2024\/02\/23\/fedecoba-alerta-sobre-situacion-asfixiante-de-sus-cooperativas-electricas-asociadas\/#breadcrumb"},"inLanguage":"es","potentialAction":[{"@type":"ReadAction","target":["https:\/\/www.celttv.com.ar\/index.php\/2024\/02\/23\/fedecoba-alerta-sobre-situacion-asfixiante-de-sus-cooperativas-electricas-asociadas\/"]}]},{"@type":"BreadcrumbList","@id":"https:\/\/www.celttv.com.ar\/index.php\/2024\/02\/23\/fedecoba-alerta-sobre-situacion-asfixiante-de-sus-cooperativas-electricas-asociadas\/#breadcrumb","itemListElement":[{"@type":"ListItem","position":1,"name":"Inicio","item":"https:\/\/www.celttv.com.ar\/"},{"@type":"ListItem","position":2,"name":"FEDECOBA ALERTA SOBRE SITUACI\u00d3N ASFIXIANTE DE SUS COOPERATIVAS EL\u00c9CTRICAS ASOCIADAS"}]},{"@type":"WebSite","@id":"https:\/\/www.celttv.com.ar\/#website","url":"https:\/\/www.celttv.com.ar\/","name":"CELTTV","description":"Cooperativa El\u00e9ctrica de Tornquist","publisher":{"@id":"https:\/\/www.celttv.com.ar\/#organization"},"potentialAction":[{"@type":"SearchAction","target":{"@type":"EntryPoint","urlTemplate":"https:\/\/www.celttv.com.ar\/?s={search_term_string}"},"query-input":"required name=search_term_string"}],"inLanguage":"es"},{"@type":"Organization","@id":"https:\/\/www.celttv.com.ar\/#organization","name":"CELTTV","url":"https:\/\/www.celttv.com.ar\/","sameAs":["https:\/\/www.youtube.com\/channel\/UCz_oIt8Hig64Ub-EmcNPIhg","https:\/\/www.facebook.com\/celtTV\/"],"logo":{"@type":"ImageObject","inLanguage":"es","@id":"https:\/\/www.celttv.com.ar\/#\/schema\/logo\/image\/","url":"http:\/\/www.celttv.com.ar\/wp-content\/uploads\/2022\/08\/logo-1.png","contentUrl":"http:\/\/www.celttv.com.ar\/wp-content\/uploads\/2022\/08\/logo-1.png","width":461,"height":159,"caption":"CELTTV"},"image":{"@id":"https:\/\/www.celttv.com.ar\/#\/schema\/logo\/image\/"}},{"@type":"Person","@id":"https:\/\/www.celttv.com.ar\/#\/schema\/person\/9059dc91dc7204ef4182cdb65225f07d","name":"Miguel Herrada","image":{"@type":"ImageObject","inLanguage":"es","@id":"https:\/\/www.celttv.com.ar\/#\/schema\/person\/image\/","url":"https:\/\/secure.gravatar.com\/avatar\/67724d5b3c716623ffd76bec7e45841a442ac3b456e914dbba90b0fad2b8e0b1?s=96&d=mm&r=g","contentUrl":"https:\/\/secure.gravatar.com\/avatar\/67724d5b3c716623ffd76bec7e45841a442ac3b456e914dbba90b0fad2b8e0b1?s=96&d=mm&r=g","caption":"Miguel Herrada"}}]}},"_links":{"self":[{"href":"https:\/\/www.celttv.com.ar\/index.php\/wp-json\/wp\/v2\/posts\/82106","targetHints":{"allow":["GET"]}}],"collection":[{"href":"https:\/\/www.celttv.com.ar\/index.php\/wp-json\/wp\/v2\/posts"}],"about":[{"href":"https:\/\/www.celttv.com.ar\/index.php\/wp-json\/wp\/v2\/types\/post"}],"author":[{"embeddable":true,"href":"https:\/\/www.celttv.com.ar\/index.php\/wp-json\/wp\/v2\/users\/5"}],"replies":[{"embeddable":true,"href":"https:\/\/www.celttv.com.ar\/index.php\/wp-json\/wp\/v2\/comments?post=82106"}],"version-history":[{"count":1,"href":"https:\/\/www.celttv.com.ar\/index.php\/wp-json\/wp\/v2\/posts\/82106\/revisions"}],"predecessor-version":[{"id":82108,"href":"https:\/\/www.celttv.com.ar\/index.php\/wp-json\/wp\/v2\/posts\/82106\/revisions\/82108"}],"wp:featuredmedia":[{"embeddable":true,"href":"https:\/\/www.celttv.com.ar\/index.php\/wp-json\/wp\/v2\/media\/82107"}],"wp:attachment":[{"href":"https:\/\/www.celttv.com.ar\/index.php\/wp-json\/wp\/v2\/media?parent=82106"}],"wp:term":[{"taxonomy":"category","embeddable":true,"href":"https:\/\/www.celttv.com.ar\/index.php\/wp-json\/wp\/v2\/categories?post=82106"},{"taxonomy":"post_tag","embeddable":true,"href":"https:\/\/www.celttv.com.ar\/index.php\/wp-json\/wp\/v2\/tags?post=82106"}],"curies":[{"name":"wp","href":"https:\/\/api.w.org\/{rel}","templated":true}]}}