{"id":82109,"date":"2024-02-23T17:50:33","date_gmt":"2024-02-23T20:50:33","guid":{"rendered":"https:\/\/www.celttv.com.ar\/?p=82109"},"modified":"2024-02-23T17:50:33","modified_gmt":"2024-02-23T20:50:33","slug":"comunicado-sobre-la-presencia-de-caballos-en-espacios-publicos","status":"publish","type":"post","link":"https:\/\/www.celttv.com.ar\/index.php\/2024\/02\/23\/comunicado-sobre-la-presencia-de-caballos-en-espacios-publicos\/","title":{"rendered":"Comunicado sobre la presencia de caballos en espacios p\u00fablicos"},"content":{"rendered":"<p class=\"Gotham\" style=\"text-align: justify;\"><span style=\"font-size: 11.0pt; line-height: 150%; font-family: 'Arial','sans-serif';\">Tornquist Municipio informa que, en un esfuerzo continuo por mantener la seguridad y limpieza de los espacios p\u00fablicos del distrito, la Secretaria de Seguridad, comenzar\u00e1 a aplicar multas y secuestrar los animales de granja que se encuentran en los mismos. <\/span><\/p>\n<p class=\"Gotham\" style=\"text-align: justify; line-height: 150%;\"><span style=\"font-size: 11.0pt; line-height: 150%; font-family: 'Arial','sans-serif';\">Con el fin de regular, y resguardar las distintas plazas y parques del distrito, la medida impondr\u00e1 el secuestro y multas a los propietarios de caballos que dejen sus animales en los espacios p\u00fablicos. <\/span><\/p>\n<p class=\"Gotham\" style=\"text-align: justify; line-height: 150%;\"><span style=\"font-size: 11.0pt; line-height: 150%; font-family: 'Arial','sans-serif';\">En los \u00faltimos d\u00edas, se han reportado incidentes que incluyen da\u00f1os a la propiedad p\u00fablica, donde en este momento se encuentra en desarrollo una obra que podr\u00e1 en valor, y dar\u00e1 lugar a un nuevo espacio<a name=\"_GoBack\"><\/a> educativo y recreativo. <\/span><\/p>\n<p class=\"Gotham\" style=\"text-align: justify; line-height: 150%;\"><span style=\"font-size: 11.0pt; line-height: 150%; font-family: 'Arial','sans-serif';\">Por tal motivo, se solicita a comunidad la tenencia responsable de los animales, y garantizar la seguridad e higiene de los espacios comunes.<\/span><\/p>\n<p><img loading=\"lazy\" decoding=\"async\" class=\"alignnone wp-image-82110 size-full\" src=\"https:\/\/www.celttv.com.ar\/wp-content\/uploads\/2024\/02\/caballos.jpeg\" alt=\"\" width=\"1599\" height=\"899\" srcset=\"https:\/\/www.celttv.com.ar\/wp-content\/uploads\/2024\/02\/caballos.jpeg 1599w, https:\/\/www.celttv.com.ar\/wp-content\/uploads\/2024\/02\/caballos-300x169.jpeg 300w, https:\/\/www.celttv.com.ar\/wp-content\/uploads\/2024\/02\/caballos-1024x576.jpeg 1024w, https:\/\/www.celttv.com.ar\/wp-content\/uploads\/2024\/02\/caballos-768x432.jpeg 768w, https:\/\/www.celttv.com.ar\/wp-content\/uploads\/2024\/02\/caballos-1536x864.jpeg 1536w, https:\/\/www.celttv.com.ar\/wp-content\/uploads\/2024\/02\/caballos-750x422.jpeg 750w, https:\/\/www.celttv.com.ar\/wp-content\/uploads\/2024\/02\/caballos-1140x641.jpeg 1140w\" sizes=\"auto, (max-width: 1599px) 100vw, 1599px\" \/> <img loading=\"lazy\" decoding=\"async\" class=\"alignnone wp-image-82111 size-full\" src=\"https:\/\/www.celttv.com.ar\/wp-content\/uploads\/2024\/02\/caballos2.jpeg\" alt=\"\" width=\"1599\" height=\"899\" srcset=\"https:\/\/www.celttv.com.ar\/wp-content\/uploads\/2024\/02\/caballos2.jpeg 1599w, https:\/\/www.celttv.com.ar\/wp-content\/uploads\/2024\/02\/caballos2-300x169.jpeg 300w, https:\/\/www.celttv.com.ar\/wp-content\/uploads\/2024\/02\/caballos2-1024x576.jpeg 1024w, https:\/\/www.celttv.com.ar\/wp-content\/uploads\/2024\/02\/caballos2-768x432.jpeg 768w, https:\/\/www.celttv.com.ar\/wp-content\/uploads\/2024\/02\/caballos2-1536x864.jpeg 1536w, https:\/\/www.celttv.com.ar\/wp-content\/uploads\/2024\/02\/caballos2-750x422.jpeg 750w, https:\/\/www.celttv.com.ar\/wp-content\/uploads\/2024\/02\/caballos2-1140x641.jpeg 1140w\" sizes=\"auto, (max-width: 1599px) 100vw, 1599px\" \/> <img loading=\"lazy\" decoding=\"async\" class=\"alignnone wp-image-82112 size-large\" src=\"https:\/\/www.celttv.com.ar\/wp-content\/uploads\/2024\/02\/caballos3-1024x576.jpeg\" alt=\"\" width=\"1024\" height=\"576\" srcset=\"https:\/\/www.celttv.com.ar\/wp-content\/uploads\/2024\/02\/caballos3-1024x576.jpeg 1024w, https:\/\/www.celttv.com.ar\/wp-content\/uploads\/2024\/02\/caballos3-300x169.jpeg 300w, https:\/\/www.celttv.com.ar\/wp-content\/uploads\/2024\/02\/caballos3-768x432.jpeg 768w, https:\/\/www.celttv.com.ar\/wp-content\/uploads\/2024\/02\/caballos3-1536x864.jpeg 1536w, https:\/\/www.celttv.com.ar\/wp-content\/uploads\/2024\/02\/caballos3-750x422.jpeg 750w, https:\/\/www.celttv.com.ar\/wp-content\/uploads\/2024\/02\/caballos3-1140x641.jpeg 1140w, https:\/\/www.celttv.com.ar\/wp-content\/uploads\/2024\/02\/caballos3.jpeg 1599w\" sizes=\"auto, (max-width: 1024px) 100vw, 1024px\" \/> <img loading=\"lazy\" decoding=\"async\" class=\"alignnone wp-image-82113 size-full\" src=\"https:\/\/www.celttv.com.ar\/wp-content\/uploads\/2024\/02\/caballos4.jpeg\" alt=\"\" width=\"899\" height=\"1599\" srcset=\"https:\/\/www.celttv.com.ar\/wp-content\/uploads\/2024\/02\/caballos4.jpeg 899w, https:\/\/www.celttv.com.ar\/wp-content\/uploads\/2024\/02\/caballos4-169x300.jpeg 169w, https:\/\/www.celttv.com.ar\/wp-content\/uploads\/2024\/02\/caballos4-576x1024.jpeg 576w, https:\/\/www.celttv.com.ar\/wp-content\/uploads\/2024\/02\/caballos4-768x1366.jpeg 768w, https:\/\/www.celttv.com.ar\/wp-content\/uploads\/2024\/02\/caballos4-864x1536.jpeg 864w, https:\/\/www.celttv.com.ar\/wp-content\/uploads\/2024\/02\/caballos4-750x1334.jpeg 750w\" sizes=\"auto, (max-width: 899px) 100vw, 899px\" \/><\/p>\n<p class=\"Gotham\" style=\"text-align: justify; line-height: 150%;\"><span style=\"font-size: 11.0pt; line-height: 150%; font-family: 'Arial','sans-serif';\">\u00a0<\/span><\/p>\n<p class=\"Gotham\" style=\"text-align: justify;\"><span style=\"font-size: 11.0pt; line-height: 107%; font-family: 'Arial','sans-serif';\">\u00a0<\/span><\/p>\n<p class=\"Gotham\" style=\"text-align: justify;\"><span style=\"font-size: 11.0pt; line-height: 107%; font-family: 'Arial','sans-serif';\">\u00a0<\/span><\/p>\n","protected":false},"excerpt":{"rendered":"<p>Tornquist Municipio informa que, en un esfuerzo continuo por mantener la seguridad y limpieza de los espacios p\u00fablicos del distrito, la Secretaria de Seguridad, comenzar\u00e1 a aplicar multas y secuestrar los animales de granja que se encuentran en los mismos. Con el fin de regular, y resguardar las distintas plazas y parques del distrito, la [&hellip;]<\/p>\n","protected":false},"author":5,"featured_media":82112,"comment_status":"closed","ping_status":"closed","sticky":false,"template":"","format":"standard","meta":{"footnotes":""},"categories":[51,52],"tags":[],"class_list":["post-82109","post","type-post","status-publish","format-standard","has-post-thumbnail","hentry","category-comunidad","category-destacadas"],"yoast_head":"<!-- This site is optimized with the Yoast SEO plugin v19.7.1 - https:\/\/yoast.com\/wordpress\/plugins\/seo\/ -->\n<title>Comunicado sobre la presencia de caballos en espacios p\u00fablicos - CELTTV<\/title>\n<meta name=\"description\" content=\"Sitio web de noticias de la localidad de Tornquist, provincia de Buenos Aires, Rep\u00fablica Argentina. Contenido propio originado por periodistas de CELTTV, el canal de TV local de la Cooperativa El\u00e9ctrica de Tornquist. Turismo, Pol\u00edtica, Sociedad, Deporte, Cultura y todo el contenido de inter\u00e9s general que la gente del pueblo y la regi\u00f3n debe conocer.\" \/>\n<meta name=\"robots\" content=\"index, follow, max-snippet:-1, max-image-preview:large, max-video-preview:-1\" \/>\n<link rel=\"canonical\" href=\"https:\/\/www.celttv.com.ar\/index.php\/2024\/02\/23\/comunicado-sobre-la-presencia-de-caballos-en-espacios-publicos\/\" \/>\n<meta property=\"og:locale\" content=\"es_ES\" \/>\n<meta property=\"og:type\" content=\"article\" \/>\n<meta property=\"og:title\" content=\"Comunicado sobre la presencia de caballos en espacios p\u00fablicos - CELTTV\" \/>\n<meta property=\"og:description\" content=\"Sitio web de noticias de la localidad de Tornquist, provincia de Buenos Aires, Rep\u00fablica Argentina. Contenido propio originado por periodistas de CELTTV, el canal de TV local de la Cooperativa El\u00e9ctrica de Tornquist. Turismo, Pol\u00edtica, Sociedad, Deporte, Cultura y todo el contenido de inter\u00e9s general que la gente del pueblo y la regi\u00f3n debe conocer.\" \/>\n<meta property=\"og:url\" content=\"https:\/\/www.celttv.com.ar\/index.php\/2024\/02\/23\/comunicado-sobre-la-presencia-de-caballos-en-espacios-publicos\/\" \/>\n<meta property=\"og:site_name\" content=\"CELTTV\" \/>\n<meta property=\"article:publisher\" content=\"https:\/\/www.facebook.com\/celtTV\/\" \/>\n<meta property=\"article:published_time\" content=\"2024-02-23T20:50:33+00:00\" \/>\n<meta property=\"og:image\" content=\"https:\/\/www.celttv.com.ar\/wp-content\/uploads\/2024\/02\/caballos3.jpeg\" \/>\n\t<meta property=\"og:image:width\" content=\"1599\" \/>\n\t<meta property=\"og:image:height\" content=\"899\" \/>\n\t<meta property=\"og:image:type\" content=\"image\/jpeg\" \/>\n<meta name=\"author\" content=\"Miguel Herrada\" \/>\n<meta name=\"twitter:card\" content=\"summary_large_image\" \/>\n<meta name=\"twitter:label1\" content=\"Escrito por\" \/>\n\t<meta name=\"twitter:data1\" content=\"Miguel Herrada\" \/>\n\t<meta name=\"twitter:label2\" content=\"Tiempo de lectura\" \/>\n\t<meta name=\"twitter:data2\" content=\"1 minuto\" \/>\n<script type=\"application\/ld+json\" class=\"yoast-schema-graph\">{\"@context\":\"https:\/\/schema.org\",\"@graph\":[{\"@type\":\"NewsArticle\",\"@id\":\"https:\/\/www.celttv.com.ar\/index.php\/2024\/02\/23\/comunicado-sobre-la-presencia-de-caballos-en-espacios-publicos\/#article\",\"isPartOf\":{\"@id\":\"https:\/\/www.celttv.com.ar\/index.php\/2024\/02\/23\/comunicado-sobre-la-presencia-de-caballos-en-espacios-publicos\/\"},\"author\":{\"name\":\"Miguel Herrada\",\"@id\":\"https:\/\/www.celttv.com.ar\/#\/schema\/person\/9059dc91dc7204ef4182cdb65225f07d\"},\"headline\":\"Comunicado sobre la presencia de caballos en espacios p\u00fablicos\",\"datePublished\":\"2024-02-23T20:50:33+00:00\",\"dateModified\":\"2024-02-23T20:50:33+00:00\",\"mainEntityOfPage\":{\"@id\":\"https:\/\/www.celttv.com.ar\/index.php\/2024\/02\/23\/comunicado-sobre-la-presencia-de-caballos-en-espacios-publicos\/\"},\"wordCount\":151,\"publisher\":{\"@id\":\"https:\/\/www.celttv.com.ar\/#organization\"},\"articleSection\":[\"Comunidad\",\"Destacadas\"],\"inLanguage\":\"es\"},{\"@type\":\"WebPage\",\"@id\":\"https:\/\/www.celttv.com.ar\/index.php\/2024\/02\/23\/comunicado-sobre-la-presencia-de-caballos-en-espacios-publicos\/\",\"url\":\"https:\/\/www.celttv.com.ar\/index.php\/2024\/02\/23\/comunicado-sobre-la-presencia-de-caballos-en-espacios-publicos\/\",\"name\":\"Comunicado sobre la presencia de caballos en espacios p\u00fablicos - CELTTV\",\"isPartOf\":{\"@id\":\"https:\/\/www.celttv.com.ar\/#website\"},\"datePublished\":\"2024-02-23T20:50:33+00:00\",\"dateModified\":\"2024-02-23T20:50:33+00:00\",\"description\":\"Sitio web de noticias de la localidad de Tornquist, provincia de Buenos Aires, Rep\u00fablica Argentina. Contenido propio originado por periodistas de CELTTV, el canal de TV local de la Cooperativa El\u00e9ctrica de Tornquist. Turismo, Pol\u00edtica, Sociedad, Deporte, Cultura y todo el contenido de inter\u00e9s general que la gente del pueblo y la regi\u00f3n debe conocer.\",\"breadcrumb\":{\"@id\":\"https:\/\/www.celttv.com.ar\/index.php\/2024\/02\/23\/comunicado-sobre-la-presencia-de-caballos-en-espacios-publicos\/#breadcrumb\"},\"inLanguage\":\"es\",\"potentialAction\":[{\"@type\":\"ReadAction\",\"target\":[\"https:\/\/www.celttv.com.ar\/index.php\/2024\/02\/23\/comunicado-sobre-la-presencia-de-caballos-en-espacios-publicos\/\"]}]},{\"@type\":\"BreadcrumbList\",\"@id\":\"https:\/\/www.celttv.com.ar\/index.php\/2024\/02\/23\/comunicado-sobre-la-presencia-de-caballos-en-espacios-publicos\/#breadcrumb\",\"itemListElement\":[{\"@type\":\"ListItem\",\"position\":1,\"name\":\"Inicio\",\"item\":\"https:\/\/www.celttv.com.ar\/\"},{\"@type\":\"ListItem\",\"position\":2,\"name\":\"Comunicado sobre la presencia de caballos en espacios p\u00fablicos\"}]},{\"@type\":\"WebSite\",\"@id\":\"https:\/\/www.celttv.com.ar\/#website\",\"url\":\"https:\/\/www.celttv.com.ar\/\",\"name\":\"CELTTV\",\"description\":\"Cooperativa El\u00e9ctrica de Tornquist\",\"publisher\":{\"@id\":\"https:\/\/www.celttv.com.ar\/#organization\"},\"potentialAction\":[{\"@type\":\"SearchAction\",\"target\":{\"@type\":\"EntryPoint\",\"urlTemplate\":\"https:\/\/www.celttv.com.ar\/?s={search_term_string}\"},\"query-input\":\"required name=search_term_string\"}],\"inLanguage\":\"es\"},{\"@type\":\"Organization\",\"@id\":\"https:\/\/www.celttv.com.ar\/#organization\",\"name\":\"CELTTV\",\"url\":\"https:\/\/www.celttv.com.ar\/\",\"sameAs\":[\"https:\/\/www.youtube.com\/channel\/UCz_oIt8Hig64Ub-EmcNPIhg\",\"https:\/\/www.facebook.com\/celtTV\/\"],\"logo\":{\"@type\":\"ImageObject\",\"inLanguage\":\"es\",\"@id\":\"https:\/\/www.celttv.com.ar\/#\/schema\/logo\/image\/\",\"url\":\"http:\/\/www.celttv.com.ar\/wp-content\/uploads\/2022\/08\/logo-1.png\",\"contentUrl\":\"http:\/\/www.celttv.com.ar\/wp-content\/uploads\/2022\/08\/logo-1.png\",\"width\":461,\"height\":159,\"caption\":\"CELTTV\"},\"image\":{\"@id\":\"https:\/\/www.celttv.com.ar\/#\/schema\/logo\/image\/\"}},{\"@type\":\"Person\",\"@id\":\"https:\/\/www.celttv.com.ar\/#\/schema\/person\/9059dc91dc7204ef4182cdb65225f07d\",\"name\":\"Miguel Herrada\",\"image\":{\"@type\":\"ImageObject\",\"inLanguage\":\"es\",\"@id\":\"https:\/\/www.celttv.com.ar\/#\/schema\/person\/image\/\",\"url\":\"https:\/\/secure.gravatar.com\/avatar\/67724d5b3c716623ffd76bec7e45841a442ac3b456e914dbba90b0fad2b8e0b1?s=96&d=mm&r=g\",\"contentUrl\":\"https:\/\/secure.gravatar.com\/avatar\/67724d5b3c716623ffd76bec7e45841a442ac3b456e914dbba90b0fad2b8e0b1?s=96&d=mm&r=g\",\"caption\":\"Miguel Herrada\"}}]}<\/script>\n<!-- \/ Yoast SEO plugin. -->","yoast_head_json":{"title":"Comunicado sobre la presencia de caballos en espacios p\u00fablicos - CELTTV","description":"Sitio web de noticias de la localidad de Tornquist, provincia de Buenos Aires, Rep\u00fablica Argentina. Contenido propio originado por periodistas de CELTTV, el canal de TV local de la Cooperativa El\u00e9ctrica de Tornquist. Turismo, Pol\u00edtica, Sociedad, Deporte, Cultura y todo el contenido de inter\u00e9s general que la gente del pueblo y la regi\u00f3n debe conocer.","robots":{"index":"index","follow":"follow","max-snippet":"max-snippet:-1","max-image-preview":"max-image-preview:large","max-video-preview":"max-video-preview:-1"},"canonical":"https:\/\/www.celttv.com.ar\/index.php\/2024\/02\/23\/comunicado-sobre-la-presencia-de-caballos-en-espacios-publicos\/","og_locale":"es_ES","og_type":"article","og_title":"Comunicado sobre la presencia de caballos en espacios p\u00fablicos - CELTTV","og_description":"Sitio web de noticias de la localidad de Tornquist, provincia de Buenos Aires, Rep\u00fablica Argentina. Contenido propio originado por periodistas de CELTTV, el canal de TV local de la Cooperativa El\u00e9ctrica de Tornquist. Turismo, Pol\u00edtica, Sociedad, Deporte, Cultura y todo el contenido de inter\u00e9s general que la gente del pueblo y la regi\u00f3n debe conocer.","og_url":"https:\/\/www.celttv.com.ar\/index.php\/2024\/02\/23\/comunicado-sobre-la-presencia-de-caballos-en-espacios-publicos\/","og_site_name":"CELTTV","article_publisher":"https:\/\/www.facebook.com\/celtTV\/","article_published_time":"2024-02-23T20:50:33+00:00","og_image":[{"width":1599,"height":899,"url":"https:\/\/www.celttv.com.ar\/wp-content\/uploads\/2024\/02\/caballos3.jpeg","type":"image\/jpeg"}],"author":"Miguel Herrada","twitter_card":"summary_large_image","twitter_misc":{"Escrito por":"Miguel Herrada","Tiempo de lectura":"1 minuto"},"schema":{"@context":"https:\/\/schema.org","@graph":[{"@type":"NewsArticle","@id":"https:\/\/www.celttv.com.ar\/index.php\/2024\/02\/23\/comunicado-sobre-la-presencia-de-caballos-en-espacios-publicos\/#article","isPartOf":{"@id":"https:\/\/www.celttv.com.ar\/index.php\/2024\/02\/23\/comunicado-sobre-la-presencia-de-caballos-en-espacios-publicos\/"},"author":{"name":"Miguel Herrada","@id":"https:\/\/www.celttv.com.ar\/#\/schema\/person\/9059dc91dc7204ef4182cdb65225f07d"},"headline":"Comunicado sobre la presencia de caballos en espacios p\u00fablicos","datePublished":"2024-02-23T20:50:33+00:00","dateModified":"2024-02-23T20:50:33+00:00","mainEntityOfPage":{"@id":"https:\/\/www.celttv.com.ar\/index.php\/2024\/02\/23\/comunicado-sobre-la-presencia-de-caballos-en-espacios-publicos\/"},"wordCount":151,"publisher":{"@id":"https:\/\/www.celttv.com.ar\/#organization"},"articleSection":["Comunidad","Destacadas"],"inLanguage":"es"},{"@type":"WebPage","@id":"https:\/\/www.celttv.com.ar\/index.php\/2024\/02\/23\/comunicado-sobre-la-presencia-de-caballos-en-espacios-publicos\/","url":"https:\/\/www.celttv.com.ar\/index.php\/2024\/02\/23\/comunicado-sobre-la-presencia-de-caballos-en-espacios-publicos\/","name":"Comunicado sobre la presencia de caballos en espacios p\u00fablicos - CELTTV","isPartOf":{"@id":"https:\/\/www.celttv.com.ar\/#website"},"datePublished":"2024-02-23T20:50:33+00:00","dateModified":"2024-02-23T20:50:33+00:00","description":"Sitio web de noticias de la localidad de Tornquist, provincia de Buenos Aires, Rep\u00fablica Argentina. Contenido propio originado por periodistas de CELTTV, el canal de TV local de la Cooperativa El\u00e9ctrica de Tornquist. Turismo, Pol\u00edtica, Sociedad, Deporte, Cultura y todo el contenido de inter\u00e9s general que la gente del pueblo y la regi\u00f3n debe conocer.","breadcrumb":{"@id":"https:\/\/www.celttv.com.ar\/index.php\/2024\/02\/23\/comunicado-sobre-la-presencia-de-caballos-en-espacios-publicos\/#breadcrumb"},"inLanguage":"es","potentialAction":[{"@type":"ReadAction","target":["https:\/\/www.celttv.com.ar\/index.php\/2024\/02\/23\/comunicado-sobre-la-presencia-de-caballos-en-espacios-publicos\/"]}]},{"@type":"BreadcrumbList","@id":"https:\/\/www.celttv.com.ar\/index.php\/2024\/02\/23\/comunicado-sobre-la-presencia-de-caballos-en-espacios-publicos\/#breadcrumb","itemListElement":[{"@type":"ListItem","position":1,"name":"Inicio","item":"https:\/\/www.celttv.com.ar\/"},{"@type":"ListItem","position":2,"name":"Comunicado sobre la presencia de caballos en espacios p\u00fablicos"}]},{"@type":"WebSite","@id":"https:\/\/www.celttv.com.ar\/#website","url":"https:\/\/www.celttv.com.ar\/","name":"CELTTV","description":"Cooperativa El\u00e9ctrica de Tornquist","publisher":{"@id":"https:\/\/www.celttv.com.ar\/#organization"},"potentialAction":[{"@type":"SearchAction","target":{"@type":"EntryPoint","urlTemplate":"https:\/\/www.celttv.com.ar\/?s={search_term_string}"},"query-input":"required name=search_term_string"}],"inLanguage":"es"},{"@type":"Organization","@id":"https:\/\/www.celttv.com.ar\/#organization","name":"CELTTV","url":"https:\/\/www.celttv.com.ar\/","sameAs":["https:\/\/www.youtube.com\/channel\/UCz_oIt8Hig64Ub-EmcNPIhg","https:\/\/www.facebook.com\/celtTV\/"],"logo":{"@type":"ImageObject","inLanguage":"es","@id":"https:\/\/www.celttv.com.ar\/#\/schema\/logo\/image\/","url":"http:\/\/www.celttv.com.ar\/wp-content\/uploads\/2022\/08\/logo-1.png","contentUrl":"http:\/\/www.celttv.com.ar\/wp-content\/uploads\/2022\/08\/logo-1.png","width":461,"height":159,"caption":"CELTTV"},"image":{"@id":"https:\/\/www.celttv.com.ar\/#\/schema\/logo\/image\/"}},{"@type":"Person","@id":"https:\/\/www.celttv.com.ar\/#\/schema\/person\/9059dc91dc7204ef4182cdb65225f07d","name":"Miguel Herrada","image":{"@type":"ImageObject","inLanguage":"es","@id":"https:\/\/www.celttv.com.ar\/#\/schema\/person\/image\/","url":"https:\/\/secure.gravatar.com\/avatar\/67724d5b3c716623ffd76bec7e45841a442ac3b456e914dbba90b0fad2b8e0b1?s=96&d=mm&r=g","contentUrl":"https:\/\/secure.gravatar.com\/avatar\/67724d5b3c716623ffd76bec7e45841a442ac3b456e914dbba90b0fad2b8e0b1?s=96&d=mm&r=g","caption":"Miguel Herrada"}}]}},"_links":{"self":[{"href":"https:\/\/www.celttv.com.ar\/index.php\/wp-json\/wp\/v2\/posts\/82109","targetHints":{"allow":["GET"]}}],"collection":[{"href":"https:\/\/www.celttv.com.ar\/index.php\/wp-json\/wp\/v2\/posts"}],"about":[{"href":"https:\/\/www.celttv.com.ar\/index.php\/wp-json\/wp\/v2\/types\/post"}],"author":[{"embeddable":true,"href":"https:\/\/www.celttv.com.ar\/index.php\/wp-json\/wp\/v2\/users\/5"}],"replies":[{"embeddable":true,"href":"https:\/\/www.celttv.com.ar\/index.php\/wp-json\/wp\/v2\/comments?post=82109"}],"version-history":[{"count":1,"href":"https:\/\/www.celttv.com.ar\/index.php\/wp-json\/wp\/v2\/posts\/82109\/revisions"}],"predecessor-version":[{"id":82114,"href":"https:\/\/www.celttv.com.ar\/index.php\/wp-json\/wp\/v2\/posts\/82109\/revisions\/82114"}],"wp:featuredmedia":[{"embeddable":true,"href":"https:\/\/www.celttv.com.ar\/index.php\/wp-json\/wp\/v2\/media\/82112"}],"wp:attachment":[{"href":"https:\/\/www.celttv.com.ar\/index.php\/wp-json\/wp\/v2\/media?parent=82109"}],"wp:term":[{"taxonomy":"category","embeddable":true,"href":"https:\/\/www.celttv.com.ar\/index.php\/wp-json\/wp\/v2\/categories?post=82109"},{"taxonomy":"post_tag","embeddable":true,"href":"https:\/\/www.celttv.com.ar\/index.php\/wp-json\/wp\/v2\/tags?post=82109"}],"curies":[{"name":"wp","href":"https:\/\/api.w.org\/{rel}","templated":true}]}}