{"id":82261,"date":"2024-02-29T12:09:58","date_gmt":"2024-02-29T15:09:58","guid":{"rendered":"https:\/\/www.celttv.com.ar\/?p=82261"},"modified":"2024-02-29T12:09:58","modified_gmt":"2024-02-29T15:09:58","slug":"decreto-de-convocatoria-a-la-sesion-inaugural-del-viernes-1-de-marzo","status":"publish","type":"post","link":"https:\/\/www.celttv.com.ar\/index.php\/2024\/02\/29\/decreto-de-convocatoria-a-la-sesion-inaugural-del-viernes-1-de-marzo\/","title":{"rendered":"Decreto de convocatoria a la sesi\u00f3n inaugural del viernes 1 de Marzo"},"content":{"rendered":"<p align=\"CENTER\"><span style=\"font-family: Arial, sans-serif;\"><u><b>DECRETO N\u00ba 09\/24<\/b><\/u><\/span><\/p>\n<p lang=\"es-AR\"><span style=\"font-family: Arial, sans-serif;\"><u><b>VISTO:<\/b><\/u><\/span><\/p>\n<p>&nbsp;<\/p>\n<p><span style=\"font-family: Arial, sans-serif;\">Que el 1 de Marzo es el primer d\u00eda h\u00e1bil del mes, y;<\/span><\/p>\n<p lang=\"es-AR\"><span style=\"font-family: Arial, sans-serif;\"><u><b>CONSIDERANDO: <\/b><\/u><\/span><\/p>\n<p align=\"JUSTIFY\"><span style=\"font-family: Arial, sans-serif;\"><span lang=\"es-AR\">Que la Sesi\u00f3n Ordinaria Inaugural del Cuerpo Deliberativo, debe celebrarse el 1\u00ba d\u00eda del mes de Marzo de cada a\u00f1o conforme a lo dispuesto por la Ley Org\u00e1nica de las Municipalidades en su Art\u00edculo 68\u00ba inciso 2\u00ba (modificado por Ley Provincial N\u00ba 15.103, sancionada el 03\/12\/18, y promulgada el 27\/12\/18), y en su Art\u00edculo 76\u00ba, como asimismo en nuestro Reglamento Interno, en los art\u00edculos 6\u00ba y 30\u00ba; <\/span><\/span><\/p>\n<p align=\"JUSTIFY\"><span style=\"font-family: Arial, sans-serif;\"><span lang=\"es-AR\">Que adem\u00e1s de lo antes mencionado, el Cuerpo debe fijar en tal oportunidad, los d\u00edas y el horario para la realizaci\u00f3n de las Sesiones Ordinarias (Art\u00edculo 6\u00ba del Reglamento Interno);<\/span><\/span><\/p>\n<p lang=\"es-AR\"><span style=\"font-family: Arial, sans-serif;\"><u><b>POR ELLO:<\/b><\/u><\/span><\/p>\n<p align=\"CENTER\"><span style=\"font-family: Arial, sans-serif;\"><span lang=\"es-AR\"><b>LA PRESIDENTE del HONORABLE CONCEJO DELIBERANTE<\/b><\/span><\/span><\/p>\n<p align=\"CENTER\"><span style=\"font-family: Arial, sans-serif;\"><span lang=\"es-AR\"><b>en uso de sus facultades,<\/b><\/span><\/span><\/p>\n<p lang=\"es-AR\" align=\"CENTER\"><span style=\"font-family: Arial, sans-serif;\"><u><b>D E C R E T A<\/b><\/u><\/span><\/p>\n<p align=\"JUSTIFY\"><span style=\"font-family: Arial, sans-serif;\"><span lang=\"es-AR\"><u><b>ART\u00cdCULO 1\u00ba:<\/b><\/u><\/span><\/span><b> <\/b><span style=\"font-family: Arial, sans-serif;\"><span lang=\"es-AR\">Conv\u00f3quese a los miembros que componen el Honorable Concejo Deliberante, a la Sesi\u00f3n ORDINARIA INAUGURAL del per\u00edodo 2024, la que se llevar\u00e1 a cabo el d\u00eda viernes 1 de MARZO, a la hora 20:00; en cuyo transcurso deber\u00e1 tratarse lo siguiente: <\/span><\/span><\/p>\n<ul>\n<li>\n<p lang=\"es-AR\" align=\"JUSTIFY\"><span style=\"font-family: Arial, sans-serif;\">Determinaci\u00f3n de los d\u00edas y el horario de las Sesiones Ordinarias, como as\u00ed tambi\u00e9n de las Reuniones de Trabajo, sin perjuicio de lo establecido en el Art\u00edculo 48\u00ba del Reglamento Interno. <\/span><\/p>\n<\/li>\n<li>\n<p align=\"JUSTIFY\"><span style=\"font-family: Arial, sans-serif;\"><span lang=\"es-AR\">Designaci\u00f3n de las Comisiones Permanentes Internas de este Cuerpo Deliberativo, de conformidad con el Art\u00edculo 30\u00ba del Reglamento Interno, a saber: ECOLOGIA y MEDIO AMBIENTE; TURISMO y DESARROLLO; PRODUCCION, COMERCIO e INDUSTRIA; OBRAS PUBLICAS; PRESUPUESTO y HACIENDA; INTERPRETACION y REGLAMENTO; ASUNTOS MUNICIPALES; SALUD PUBLICA y CULTURA, EDUCACI\u00d3N, CIENCIA Y TECNOLOG\u00cdA. <\/span><\/span><\/p>\n<\/li>\n<\/ul>\n<p align=\"JUSTIFY\"><span style=\"font-family: Arial, sans-serif;\"><span lang=\"es-AR\"><u><b>ART\u00cdCULO 2\u00ba:<\/b><\/u><\/span><\/span><span style=\"font-family: Arial, sans-serif;\"><span lang=\"es-AR\"> Comun\u00edquese a los Sres. Concejales y al Departamento Ejecutivo, Publ\u00edquese, Reg\u00edstrese y Cumplido: ARCHIVESE.- <\/span><\/span><\/p>\n<p align=\"RIGHT\"><span style=\"font-family: Arial, sans-serif;\"><span lang=\"es-AR\">Tornquist, 22 de febrero de 2024.<\/span><\/span><\/p>\n<p><span style=\"font-family: Arial, sans-serif;\"><b>Juliana C. Sgammini\u00a0 \u00a0 \u00a0 \u00a0 \u00a0 \u00a0 \u00a0 \u00a0 \u00a0 \u00a0 \u00a0 \u00a0 \u00a0 \u00a0 Carmen B. Soverchia <\/b><\/span><\/p>\n<p><span style=\"font-family: Arial, sans-serif;\"><b>Secretaria\u00a0 \u00a0 \u00a0 \u00a0 \u00a0 \u00a0 \u00a0 \u00a0 \u00a0 \u00a0 \u00a0 \u00a0 \u00a0 \u00a0 \u00a0 \u00a0 \u00a0 \u00a0 \u00a0 \u00a0 \u00a0 \u00a0 \u00a0 \u00a0 \u00a0 \u00a0 \u00a0Presidente <\/b><\/span><\/p>\n<p><span style=\"font-family: Arial, sans-serif;\"><b>H.C.D.\u00a0 \u00a0 \u00a0 \u00a0 \u00a0 \u00a0 \u00a0 \u00a0 \u00a0 \u00a0 \u00a0 \u00a0 \u00a0 \u00a0 \u00a0 \u00a0 \u00a0 \u00a0 \u00a0 \u00a0 \u00a0 \u00a0 \u00a0 \u00a0 \u00a0 \u00a0 \u00a0 \u00a0 \u00a0 \u00a0 \u00a0 \u00a0 \u00a0 H.C.D.<\/b><\/span><\/p>\n","protected":false},"excerpt":{"rendered":"<p>DECRETO N\u00ba 09\/24 VISTO: &nbsp; Que el 1 de Marzo es el primer d\u00eda h\u00e1bil del mes, y; CONSIDERANDO: Que la Sesi\u00f3n Ordinaria Inaugural del Cuerpo Deliberativo, debe celebrarse el 1\u00ba d\u00eda del mes de Marzo de cada a\u00f1o conforme a lo dispuesto por la Ley Org\u00e1nica de las Municipalidades en su Art\u00edculo 68\u00ba inciso [&hellip;]<\/p>\n","protected":false},"author":5,"featured_media":82262,"comment_status":"closed","ping_status":"closed","sticky":false,"template":"","format":"standard","meta":{"footnotes":""},"categories":[1],"tags":[],"class_list":["post-82261","post","type-post","status-publish","format-standard","has-post-thumbnail","hentry","category-sin-categoria"],"yoast_head":"<!-- This site is optimized with the Yoast SEO plugin v19.7.1 - https:\/\/yoast.com\/wordpress\/plugins\/seo\/ -->\n<title>Decreto de convocatoria a la sesi\u00f3n inaugural del viernes 1 de Marzo - CELTTV<\/title>\n<meta name=\"description\" content=\"Sitio web de noticias de la localidad de Tornquist, provincia de Buenos Aires, Rep\u00fablica Argentina. Contenido propio originado por periodistas de CELTTV, el canal de TV local de la Cooperativa El\u00e9ctrica de Tornquist. Turismo, Pol\u00edtica, Sociedad, Deporte, Cultura y todo el contenido de inter\u00e9s general que la gente del pueblo y la regi\u00f3n debe conocer.\" \/>\n<meta name=\"robots\" content=\"index, follow, max-snippet:-1, max-image-preview:large, max-video-preview:-1\" \/>\n<link rel=\"canonical\" href=\"https:\/\/www.celttv.com.ar\/index.php\/2024\/02\/29\/decreto-de-convocatoria-a-la-sesion-inaugural-del-viernes-1-de-marzo\/\" \/>\n<meta property=\"og:locale\" content=\"es_ES\" \/>\n<meta property=\"og:type\" content=\"article\" \/>\n<meta property=\"og:title\" content=\"Decreto de convocatoria a la sesi\u00f3n inaugural del viernes 1 de Marzo - CELTTV\" \/>\n<meta property=\"og:description\" content=\"Sitio web de noticias de la localidad de Tornquist, provincia de Buenos Aires, Rep\u00fablica Argentina. Contenido propio originado por periodistas de CELTTV, el canal de TV local de la Cooperativa El\u00e9ctrica de Tornquist. Turismo, Pol\u00edtica, Sociedad, Deporte, Cultura y todo el contenido de inter\u00e9s general que la gente del pueblo y la regi\u00f3n debe conocer.\" \/>\n<meta property=\"og:url\" content=\"https:\/\/www.celttv.com.ar\/index.php\/2024\/02\/29\/decreto-de-convocatoria-a-la-sesion-inaugural-del-viernes-1-de-marzo\/\" \/>\n<meta property=\"og:site_name\" content=\"CELTTV\" \/>\n<meta property=\"article:publisher\" content=\"https:\/\/www.facebook.com\/celtTV\/\" \/>\n<meta property=\"article:published_time\" content=\"2024-02-29T15:09:58+00:00\" \/>\n<meta property=\"og:image\" content=\"https:\/\/www.celttv.com.ar\/wp-content\/uploads\/2024\/02\/272977977_510181767444770_2654556856463420293_n.png\" \/>\n\t<meta property=\"og:image:width\" content=\"960\" \/>\n\t<meta property=\"og:image:height\" content=\"541\" \/>\n\t<meta property=\"og:image:type\" content=\"image\/png\" \/>\n<meta name=\"author\" content=\"Miguel Herrada\" \/>\n<meta name=\"twitter:card\" content=\"summary_large_image\" \/>\n<meta name=\"twitter:label1\" content=\"Escrito por\" \/>\n\t<meta name=\"twitter:data1\" content=\"Miguel Herrada\" \/>\n\t<meta name=\"twitter:label2\" content=\"Tiempo de lectura\" \/>\n\t<meta name=\"twitter:data2\" content=\"2 minutos\" \/>\n<script type=\"application\/ld+json\" class=\"yoast-schema-graph\">{\"@context\":\"https:\/\/schema.org\",\"@graph\":[{\"@type\":\"NewsArticle\",\"@id\":\"https:\/\/www.celttv.com.ar\/index.php\/2024\/02\/29\/decreto-de-convocatoria-a-la-sesion-inaugural-del-viernes-1-de-marzo\/#article\",\"isPartOf\":{\"@id\":\"https:\/\/www.celttv.com.ar\/index.php\/2024\/02\/29\/decreto-de-convocatoria-a-la-sesion-inaugural-del-viernes-1-de-marzo\/\"},\"author\":{\"name\":\"Miguel Herrada\",\"@id\":\"https:\/\/www.celttv.com.ar\/#\/schema\/person\/9059dc91dc7204ef4182cdb65225f07d\"},\"headline\":\"Decreto de convocatoria a la sesi\u00f3n inaugural del viernes 1 de Marzo\",\"datePublished\":\"2024-02-29T15:09:58+00:00\",\"dateModified\":\"2024-02-29T15:09:58+00:00\",\"mainEntityOfPage\":{\"@id\":\"https:\/\/www.celttv.com.ar\/index.php\/2024\/02\/29\/decreto-de-convocatoria-a-la-sesion-inaugural-del-viernes-1-de-marzo\/\"},\"wordCount\":318,\"publisher\":{\"@id\":\"https:\/\/www.celttv.com.ar\/#organization\"},\"inLanguage\":\"es\"},{\"@type\":\"WebPage\",\"@id\":\"https:\/\/www.celttv.com.ar\/index.php\/2024\/02\/29\/decreto-de-convocatoria-a-la-sesion-inaugural-del-viernes-1-de-marzo\/\",\"url\":\"https:\/\/www.celttv.com.ar\/index.php\/2024\/02\/29\/decreto-de-convocatoria-a-la-sesion-inaugural-del-viernes-1-de-marzo\/\",\"name\":\"Decreto de convocatoria a la sesi\u00f3n inaugural del viernes 1 de Marzo - CELTTV\",\"isPartOf\":{\"@id\":\"https:\/\/www.celttv.com.ar\/#website\"},\"datePublished\":\"2024-02-29T15:09:58+00:00\",\"dateModified\":\"2024-02-29T15:09:58+00:00\",\"description\":\"Sitio web de noticias de la localidad de Tornquist, provincia de Buenos Aires, Rep\u00fablica Argentina. Contenido propio originado por periodistas de CELTTV, el canal de TV local de la Cooperativa El\u00e9ctrica de Tornquist. Turismo, Pol\u00edtica, Sociedad, Deporte, Cultura y todo el contenido de inter\u00e9s general que la gente del pueblo y la regi\u00f3n debe conocer.\",\"breadcrumb\":{\"@id\":\"https:\/\/www.celttv.com.ar\/index.php\/2024\/02\/29\/decreto-de-convocatoria-a-la-sesion-inaugural-del-viernes-1-de-marzo\/#breadcrumb\"},\"inLanguage\":\"es\",\"potentialAction\":[{\"@type\":\"ReadAction\",\"target\":[\"https:\/\/www.celttv.com.ar\/index.php\/2024\/02\/29\/decreto-de-convocatoria-a-la-sesion-inaugural-del-viernes-1-de-marzo\/\"]}]},{\"@type\":\"BreadcrumbList\",\"@id\":\"https:\/\/www.celttv.com.ar\/index.php\/2024\/02\/29\/decreto-de-convocatoria-a-la-sesion-inaugural-del-viernes-1-de-marzo\/#breadcrumb\",\"itemListElement\":[{\"@type\":\"ListItem\",\"position\":1,\"name\":\"Inicio\",\"item\":\"https:\/\/www.celttv.com.ar\/\"},{\"@type\":\"ListItem\",\"position\":2,\"name\":\"Decreto de convocatoria a la sesi\u00f3n inaugural del viernes 1 de Marzo\"}]},{\"@type\":\"WebSite\",\"@id\":\"https:\/\/www.celttv.com.ar\/#website\",\"url\":\"https:\/\/www.celttv.com.ar\/\",\"name\":\"CELTTV\",\"description\":\"Cooperativa El\u00e9ctrica de Tornquist\",\"publisher\":{\"@id\":\"https:\/\/www.celttv.com.ar\/#organization\"},\"potentialAction\":[{\"@type\":\"SearchAction\",\"target\":{\"@type\":\"EntryPoint\",\"urlTemplate\":\"https:\/\/www.celttv.com.ar\/?s={search_term_string}\"},\"query-input\":\"required name=search_term_string\"}],\"inLanguage\":\"es\"},{\"@type\":\"Organization\",\"@id\":\"https:\/\/www.celttv.com.ar\/#organization\",\"name\":\"CELTTV\",\"url\":\"https:\/\/www.celttv.com.ar\/\",\"sameAs\":[\"https:\/\/www.youtube.com\/channel\/UCz_oIt8Hig64Ub-EmcNPIhg\",\"https:\/\/www.facebook.com\/celtTV\/\"],\"logo\":{\"@type\":\"ImageObject\",\"inLanguage\":\"es\",\"@id\":\"https:\/\/www.celttv.com.ar\/#\/schema\/logo\/image\/\",\"url\":\"http:\/\/www.celttv.com.ar\/wp-content\/uploads\/2022\/08\/logo-1.png\",\"contentUrl\":\"http:\/\/www.celttv.com.ar\/wp-content\/uploads\/2022\/08\/logo-1.png\",\"width\":461,\"height\":159,\"caption\":\"CELTTV\"},\"image\":{\"@id\":\"https:\/\/www.celttv.com.ar\/#\/schema\/logo\/image\/\"}},{\"@type\":\"Person\",\"@id\":\"https:\/\/www.celttv.com.ar\/#\/schema\/person\/9059dc91dc7204ef4182cdb65225f07d\",\"name\":\"Miguel Herrada\",\"image\":{\"@type\":\"ImageObject\",\"inLanguage\":\"es\",\"@id\":\"https:\/\/www.celttv.com.ar\/#\/schema\/person\/image\/\",\"url\":\"https:\/\/secure.gravatar.com\/avatar\/67724d5b3c716623ffd76bec7e45841a442ac3b456e914dbba90b0fad2b8e0b1?s=96&d=mm&r=g\",\"contentUrl\":\"https:\/\/secure.gravatar.com\/avatar\/67724d5b3c716623ffd76bec7e45841a442ac3b456e914dbba90b0fad2b8e0b1?s=96&d=mm&r=g\",\"caption\":\"Miguel Herrada\"}}]}<\/script>\n<!-- \/ Yoast SEO plugin. -->","yoast_head_json":{"title":"Decreto de convocatoria a la sesi\u00f3n inaugural del viernes 1 de Marzo - CELTTV","description":"Sitio web de noticias de la localidad de Tornquist, provincia de Buenos Aires, Rep\u00fablica Argentina. Contenido propio originado por periodistas de CELTTV, el canal de TV local de la Cooperativa El\u00e9ctrica de Tornquist. Turismo, Pol\u00edtica, Sociedad, Deporte, Cultura y todo el contenido de inter\u00e9s general que la gente del pueblo y la regi\u00f3n debe conocer.","robots":{"index":"index","follow":"follow","max-snippet":"max-snippet:-1","max-image-preview":"max-image-preview:large","max-video-preview":"max-video-preview:-1"},"canonical":"https:\/\/www.celttv.com.ar\/index.php\/2024\/02\/29\/decreto-de-convocatoria-a-la-sesion-inaugural-del-viernes-1-de-marzo\/","og_locale":"es_ES","og_type":"article","og_title":"Decreto de convocatoria a la sesi\u00f3n inaugural del viernes 1 de Marzo - CELTTV","og_description":"Sitio web de noticias de la localidad de Tornquist, provincia de Buenos Aires, Rep\u00fablica Argentina. Contenido propio originado por periodistas de CELTTV, el canal de TV local de la Cooperativa El\u00e9ctrica de Tornquist. Turismo, Pol\u00edtica, Sociedad, Deporte, Cultura y todo el contenido de inter\u00e9s general que la gente del pueblo y la regi\u00f3n debe conocer.","og_url":"https:\/\/www.celttv.com.ar\/index.php\/2024\/02\/29\/decreto-de-convocatoria-a-la-sesion-inaugural-del-viernes-1-de-marzo\/","og_site_name":"CELTTV","article_publisher":"https:\/\/www.facebook.com\/celtTV\/","article_published_time":"2024-02-29T15:09:58+00:00","og_image":[{"width":960,"height":541,"url":"https:\/\/www.celttv.com.ar\/wp-content\/uploads\/2024\/02\/272977977_510181767444770_2654556856463420293_n.png","type":"image\/png"}],"author":"Miguel Herrada","twitter_card":"summary_large_image","twitter_misc":{"Escrito por":"Miguel Herrada","Tiempo de lectura":"2 minutos"},"schema":{"@context":"https:\/\/schema.org","@graph":[{"@type":"NewsArticle","@id":"https:\/\/www.celttv.com.ar\/index.php\/2024\/02\/29\/decreto-de-convocatoria-a-la-sesion-inaugural-del-viernes-1-de-marzo\/#article","isPartOf":{"@id":"https:\/\/www.celttv.com.ar\/index.php\/2024\/02\/29\/decreto-de-convocatoria-a-la-sesion-inaugural-del-viernes-1-de-marzo\/"},"author":{"name":"Miguel Herrada","@id":"https:\/\/www.celttv.com.ar\/#\/schema\/person\/9059dc91dc7204ef4182cdb65225f07d"},"headline":"Decreto de convocatoria a la sesi\u00f3n inaugural del viernes 1 de Marzo","datePublished":"2024-02-29T15:09:58+00:00","dateModified":"2024-02-29T15:09:58+00:00","mainEntityOfPage":{"@id":"https:\/\/www.celttv.com.ar\/index.php\/2024\/02\/29\/decreto-de-convocatoria-a-la-sesion-inaugural-del-viernes-1-de-marzo\/"},"wordCount":318,"publisher":{"@id":"https:\/\/www.celttv.com.ar\/#organization"},"inLanguage":"es"},{"@type":"WebPage","@id":"https:\/\/www.celttv.com.ar\/index.php\/2024\/02\/29\/decreto-de-convocatoria-a-la-sesion-inaugural-del-viernes-1-de-marzo\/","url":"https:\/\/www.celttv.com.ar\/index.php\/2024\/02\/29\/decreto-de-convocatoria-a-la-sesion-inaugural-del-viernes-1-de-marzo\/","name":"Decreto de convocatoria a la sesi\u00f3n inaugural del viernes 1 de Marzo - CELTTV","isPartOf":{"@id":"https:\/\/www.celttv.com.ar\/#website"},"datePublished":"2024-02-29T15:09:58+00:00","dateModified":"2024-02-29T15:09:58+00:00","description":"Sitio web de noticias de la localidad de Tornquist, provincia de Buenos Aires, Rep\u00fablica Argentina. Contenido propio originado por periodistas de CELTTV, el canal de TV local de la Cooperativa El\u00e9ctrica de Tornquist. Turismo, Pol\u00edtica, Sociedad, Deporte, Cultura y todo el contenido de inter\u00e9s general que la gente del pueblo y la regi\u00f3n debe conocer.","breadcrumb":{"@id":"https:\/\/www.celttv.com.ar\/index.php\/2024\/02\/29\/decreto-de-convocatoria-a-la-sesion-inaugural-del-viernes-1-de-marzo\/#breadcrumb"},"inLanguage":"es","potentialAction":[{"@type":"ReadAction","target":["https:\/\/www.celttv.com.ar\/index.php\/2024\/02\/29\/decreto-de-convocatoria-a-la-sesion-inaugural-del-viernes-1-de-marzo\/"]}]},{"@type":"BreadcrumbList","@id":"https:\/\/www.celttv.com.ar\/index.php\/2024\/02\/29\/decreto-de-convocatoria-a-la-sesion-inaugural-del-viernes-1-de-marzo\/#breadcrumb","itemListElement":[{"@type":"ListItem","position":1,"name":"Inicio","item":"https:\/\/www.celttv.com.ar\/"},{"@type":"ListItem","position":2,"name":"Decreto de convocatoria a la sesi\u00f3n inaugural del viernes 1 de Marzo"}]},{"@type":"WebSite","@id":"https:\/\/www.celttv.com.ar\/#website","url":"https:\/\/www.celttv.com.ar\/","name":"CELTTV","description":"Cooperativa El\u00e9ctrica de Tornquist","publisher":{"@id":"https:\/\/www.celttv.com.ar\/#organization"},"potentialAction":[{"@type":"SearchAction","target":{"@type":"EntryPoint","urlTemplate":"https:\/\/www.celttv.com.ar\/?s={search_term_string}"},"query-input":"required name=search_term_string"}],"inLanguage":"es"},{"@type":"Organization","@id":"https:\/\/www.celttv.com.ar\/#organization","name":"CELTTV","url":"https:\/\/www.celttv.com.ar\/","sameAs":["https:\/\/www.youtube.com\/channel\/UCz_oIt8Hig64Ub-EmcNPIhg","https:\/\/www.facebook.com\/celtTV\/"],"logo":{"@type":"ImageObject","inLanguage":"es","@id":"https:\/\/www.celttv.com.ar\/#\/schema\/logo\/image\/","url":"http:\/\/www.celttv.com.ar\/wp-content\/uploads\/2022\/08\/logo-1.png","contentUrl":"http:\/\/www.celttv.com.ar\/wp-content\/uploads\/2022\/08\/logo-1.png","width":461,"height":159,"caption":"CELTTV"},"image":{"@id":"https:\/\/www.celttv.com.ar\/#\/schema\/logo\/image\/"}},{"@type":"Person","@id":"https:\/\/www.celttv.com.ar\/#\/schema\/person\/9059dc91dc7204ef4182cdb65225f07d","name":"Miguel Herrada","image":{"@type":"ImageObject","inLanguage":"es","@id":"https:\/\/www.celttv.com.ar\/#\/schema\/person\/image\/","url":"https:\/\/secure.gravatar.com\/avatar\/67724d5b3c716623ffd76bec7e45841a442ac3b456e914dbba90b0fad2b8e0b1?s=96&d=mm&r=g","contentUrl":"https:\/\/secure.gravatar.com\/avatar\/67724d5b3c716623ffd76bec7e45841a442ac3b456e914dbba90b0fad2b8e0b1?s=96&d=mm&r=g","caption":"Miguel Herrada"}}]}},"_links":{"self":[{"href":"https:\/\/www.celttv.com.ar\/index.php\/wp-json\/wp\/v2\/posts\/82261","targetHints":{"allow":["GET"]}}],"collection":[{"href":"https:\/\/www.celttv.com.ar\/index.php\/wp-json\/wp\/v2\/posts"}],"about":[{"href":"https:\/\/www.celttv.com.ar\/index.php\/wp-json\/wp\/v2\/types\/post"}],"author":[{"embeddable":true,"href":"https:\/\/www.celttv.com.ar\/index.php\/wp-json\/wp\/v2\/users\/5"}],"replies":[{"embeddable":true,"href":"https:\/\/www.celttv.com.ar\/index.php\/wp-json\/wp\/v2\/comments?post=82261"}],"version-history":[{"count":1,"href":"https:\/\/www.celttv.com.ar\/index.php\/wp-json\/wp\/v2\/posts\/82261\/revisions"}],"predecessor-version":[{"id":82263,"href":"https:\/\/www.celttv.com.ar\/index.php\/wp-json\/wp\/v2\/posts\/82261\/revisions\/82263"}],"wp:featuredmedia":[{"embeddable":true,"href":"https:\/\/www.celttv.com.ar\/index.php\/wp-json\/wp\/v2\/media\/82262"}],"wp:attachment":[{"href":"https:\/\/www.celttv.com.ar\/index.php\/wp-json\/wp\/v2\/media?parent=82261"}],"wp:term":[{"taxonomy":"category","embeddable":true,"href":"https:\/\/www.celttv.com.ar\/index.php\/wp-json\/wp\/v2\/categories?post=82261"},{"taxonomy":"post_tag","embeddable":true,"href":"https:\/\/www.celttv.com.ar\/index.php\/wp-json\/wp\/v2\/tags?post=82261"}],"curies":[{"name":"wp","href":"https:\/\/api.w.org\/{rel}","templated":true}]}}